{"id":281605,"date":"2025-12-14T20:16:45","date_gmt":"2025-12-14T23:16:45","guid":{"rendered":"https:\/\/www.gaveanews.com\/?p=281605"},"modified":"2025-12-14T20:16:52","modified_gmt":"2025-12-14T23:16:52","slug":"a-declaracao-de-rossi-do-flamengo-direcionada-ao-psg-ninguem-tira-nosso-sono","status":"publish","type":"post","link":"https:\/\/www.gaveanews.com\/index.php\/2025\/12\/14\/a-declaracao-de-rossi-do-flamengo-direcionada-ao-psg-ninguem-tira-nosso-sono\/","title":{"rendered":"A declara\u00e7\u00e3o de Rossi, do Flamengo, direcionada ao PSG: &#8220;Ningu\u00e9m tira nosso sono&#8230;&#8221;"},"content":{"rendered":"\n<p>A classifica\u00e7\u00e3o do Flamengo para a final da Copa Intercontinental foi marcada por uma atua\u00e7\u00e3o decisiva de Agust\u00edn Rossi. O goleiro argentino, que assumiu papel de destaque nas fases anteriores, foi fundamental novamente na vit\u00f3ria por 2 a 0 sobre o Pyramids, no s\u00e1bado (13), ao impedir o empate eg\u00edpcio no fim do primeiro tempo, em lance que poderia mudar o rumo da partida.<\/p>\n\n\n\n<p>Revelando detalhes daquele momento, Rossi afirmou que relembrou situa\u00e7\u00f5es similares vividas na Copa do Mundo de Clubes, disputada no meio do ano. Na ocasi\u00e3o, o Flamengo sofreu gols parecidos contra Chelsea e Los Angeles, ambos em jogadas de mano a mano. \u201cNa minha cabe\u00e7a, vieram os dois gols que tomamos no Mundial. Contra o Chelsea e um gol contra o Los Angeles, que tamb\u00e9m foi no um contra um. Na cabe\u00e7a, vieram os momentos que sofri o gol e hoje consegui defender e ajudar o Flamengo a conseguir mais uma vit\u00f3ria e um t\u00edtulo\u201d.<\/p>\n\n\n\n<p>Ali\u00e1s, o lance em quest\u00e3o aconteceu aos 45 minutos da etapa inicial, quando Fiston Mayele superou Danilo na velocidade e finalizou cara a cara com Rossi. O goleiro do Flamengo, bem posicionado, fez a defesa com o bra\u00e7o, evitando o que seria o empate do time eg\u00edpcio.<\/p>\n\n\n\n<p>Posteriormente, o goleiro projetou a decis\u00e3o contra o Paris Saint-Germain, que ser\u00e1 disputada na quarta-feira (17), \u00e0s 14h (hor\u00e1rio de Bras\u00edlia), no Catar. Mesmo reconhecendo a for\u00e7a do advers\u00e1rio europeu, Rossi demonstrou confian\u00e7a no elenco rubro-negro. <strong>\u201cVai ser um jogo dif\u00edcil. Obviamente n\u00e3o tem jogo f\u00e1cil. Dentro de campo somos onze contra onze. A gente teve experi\u00eancia no Mundial de enfrentar duas grandes equipes do mundo, que foram o Chelsea e o Bayern, e a gente jogou de igual para igual\u201d<\/strong>.<\/p>\n\n\n\n<p>Ainda sobre o confronto decisivo, Rossi refor\u00e7ou o foco do time e garantiu que nada abala o grupo neste momento. <strong>\u201cA gente tem um grande aprendizado do Mundial, e esperamos que seja da melhor forma. A gente vai tentar. Ningu\u00e9m nos tira o sono. E vamos tentar deixar o Flamengo no lugar mais alto poss\u00edvel\u201d.<\/strong><\/p>\n\n\n\n<p>Apesar da confian\u00e7a expressa, a equipe carioca ter\u00e1 pela frente um PSG refor\u00e7ado, com jogadores como Demb\u00e9l\u00e9 e Marquinhos, al\u00e9m da experi\u00eancia do t\u00e9cnico Luis Enrique. Entretanto, o ambiente no Flamengo segue positivo ap\u00f3s superar advers\u00e1rios dif\u00edceis at\u00e9 a final, incluindo uma virada sobre o Chelsea e empate diante do Los Angeles, ainda na fase de grupos do Mundial.<\/p>\n\n\n\n<p>A decis\u00e3o desta quarta-feira, al\u00e9m do t\u00edtulo intercontinental, representa a oportunidade de consolidar uma temporada vitoriosa. O Flamengo busca agora seu segundo t\u00edtulo mundial, enquanto Rossi, seguro em suas falas e atua\u00e7\u00f5es, mant\u00e9m a expectativa de repetir o desempenho que garantiu a vaga na final.<\/p>\n","protected":false},"excerpt":{"rendered":"<p>A classifica\u00e7\u00e3o do Flamengo para a final da Copa Intercontinental foi marcada por uma atua\u00e7\u00e3o decisiva de Agust\u00edn Rossi. O goleiro argentino, que assumiu papel de destaque nas fases anteriores, foi fundamental novamente na vit\u00f3ria por 2 a 0 sobre o Pyramids, no s\u00e1bado (13), ao impedir o empate eg\u00edpcio no fim do primeiro tempo, [&hellip;]<\/p>\n","protected":false},"author":18,"featured_media":281483,"comment_status":"open","ping_status":"closed","sticky":false,"template":"","format":"standard","meta":{"footnotes":""},"categories":[1],"tags":[],"class_list":["post-281605","post","type-post","status-publish","format-standard","has-post-thumbnail","hentry","category-flamengo"],"yoast_head":"<!-- This site is optimized with the Yoast SEO Premium plugin v24.2 (Yoast SEO v26.9) - https:\/\/yoast.com\/product\/yoast-seo-premium-wordpress\/ -->\n<title>A declara\u00e7\u00e3o de Rossi, do Flamengo, direcionada ao PSG: &quot;Ningu\u00e9m tira nosso sono...&quot;<\/title>\n<meta name=\"robots\" content=\"index, follow, max-snippet:-1, max-image-preview:large, max-video-preview:-1\" \/>\n<link rel=\"canonical\" href=\"https:\/\/www.gaveanews.com\/index.php\/2025\/12\/14\/a-declaracao-de-rossi-do-flamengo-direcionada-ao-psg-ninguem-tira-nosso-sono\/\" \/>\n<meta property=\"og:locale\" content=\"pt_BR\" \/>\n<meta property=\"og:type\" content=\"article\" \/>\n<meta property=\"og:title\" content=\"A declara\u00e7\u00e3o de Rossi, do Flamengo, direcionada ao PSG: &quot;Ningu\u00e9m tira nosso sono...&quot;\" \/>\n<meta property=\"og:description\" content=\"A classifica\u00e7\u00e3o do Flamengo para a final da Copa Intercontinental foi marcada por uma atua\u00e7\u00e3o decisiva de Agust\u00edn Rossi. O goleiro argentino, que assumiu papel de destaque nas fases anteriores, foi fundamental novamente na vit\u00f3ria por 2 a 0 sobre o Pyramids, no s\u00e1bado (13), ao impedir o empate eg\u00edpcio no fim do primeiro tempo, [&hellip;]\" \/>\n<meta property=\"og:url\" content=\"https:\/\/www.gaveanews.com\/index.php\/2025\/12\/14\/a-declaracao-de-rossi-do-flamengo-direcionada-ao-psg-ninguem-tira-nosso-sono\/\" \/>\n<meta property=\"og:site_name\" content=\"G\u00e1vea News\" \/>\n<meta property=\"article:publisher\" content=\"https:\/\/facebook.com\/gaveaNews\/\" \/>\n<meta property=\"article:published_time\" content=\"2025-12-14T23:16:45+00:00\" \/>\n<meta property=\"article:modified_time\" content=\"2025-12-14T23:16:52+00:00\" \/>\n<meta property=\"og:image\" content=\"http:\/\/www.gaveanews.com\/wp-content\/uploads\/Rossi-pelo-Flamengo-1.png\" \/>\n\t<meta property=\"og:image:width\" content=\"1200\" \/>\n\t<meta property=\"og:image:height\" content=\"900\" \/>\n\t<meta property=\"og:image:type\" content=\"image\/png\" \/>\n<meta name=\"author\" content=\"Paula Silva\" \/>\n<meta name=\"twitter:card\" content=\"summary_large_image\" \/>\n<meta name=\"twitter:label1\" content=\"Escrito por\" \/>\n\t<meta name=\"twitter:data1\" content=\"Paula Silva\" \/>\n\t<meta name=\"twitter:label2\" content=\"Est. tempo de leitura\" \/>\n\t<meta name=\"twitter:data2\" content=\"3 minutos\" \/>\n<script type=\"application\/ld+json\" class=\"yoast-schema-graph\">{\"@context\":\"https:\/\/schema.org\",\"@graph\":[{\"@type\":\"NewsArticle\",\"@id\":\"https:\/\/www.gaveanews.com\/index.php\/2025\/12\/14\/a-declaracao-de-rossi-do-flamengo-direcionada-ao-psg-ninguem-tira-nosso-sono\/#article\",\"isPartOf\":{\"@id\":\"https:\/\/www.gaveanews.com\/index.php\/2025\/12\/14\/a-declaracao-de-rossi-do-flamengo-direcionada-ao-psg-ninguem-tira-nosso-sono\/\"},\"author\":{\"name\":\"Paula Silva\",\"@id\":\"https:\/\/www.gaveanews.com\/#\/schema\/person\/daf63eec72e1164eb13dc35096c2b8da\"},\"headline\":\"A declara\u00e7\u00e3o de Rossi, do Flamengo, direcionada ao PSG: &#8220;Ningu\u00e9m tira nosso sono&#8230;&#8221;\",\"datePublished\":\"2025-12-14T23:16:45+00:00\",\"dateModified\":\"2025-12-14T23:16:52+00:00\",\"mainEntityOfPage\":{\"@id\":\"https:\/\/www.gaveanews.com\/index.php\/2025\/12\/14\/a-declaracao-de-rossi-do-flamengo-direcionada-ao-psg-ninguem-tira-nosso-sono\/\"},\"wordCount\":500,\"commentCount\":0,\"image\":{\"@id\":\"https:\/\/www.gaveanews.com\/index.php\/2025\/12\/14\/a-declaracao-de-rossi-do-flamengo-direcionada-ao-psg-ninguem-tira-nosso-sono\/#primaryimage\"},\"thumbnailUrl\":\"https:\/\/www.gaveanews.com\/wp-content\/uploads\/Rossi-pelo-Flamengo-1.png\",\"articleSection\":[\"Flamengo\"],\"inLanguage\":\"pt-BR\",\"potentialAction\":[{\"@type\":\"CommentAction\",\"name\":\"Comment\",\"target\":[\"https:\/\/www.gaveanews.com\/index.php\/2025\/12\/14\/a-declaracao-de-rossi-do-flamengo-direcionada-ao-psg-ninguem-tira-nosso-sono\/#respond\"]}],\"copyrightYear\":\"2025\",\"copyrightHolder\":{\"@id\":\"https:\/\/www.gaveanews.com\/#organization\"}},{\"@type\":\"WebPage\",\"@id\":\"https:\/\/www.gaveanews.com\/index.php\/2025\/12\/14\/a-declaracao-de-rossi-do-flamengo-direcionada-ao-psg-ninguem-tira-nosso-sono\/\",\"url\":\"https:\/\/www.gaveanews.com\/index.php\/2025\/12\/14\/a-declaracao-de-rossi-do-flamengo-direcionada-ao-psg-ninguem-tira-nosso-sono\/\",\"name\":\"A declara\u00e7\u00e3o de Rossi, do Flamengo, direcionada ao PSG: \\\"Ningu\u00e9m tira nosso sono...\\\"\",\"isPartOf\":{\"@id\":\"https:\/\/www.gaveanews.com\/#website\"},\"primaryImageOfPage\":{\"@id\":\"https:\/\/www.gaveanews.com\/index.php\/2025\/12\/14\/a-declaracao-de-rossi-do-flamengo-direcionada-ao-psg-ninguem-tira-nosso-sono\/#primaryimage\"},\"image\":{\"@id\":\"https:\/\/www.gaveanews.com\/index.php\/2025\/12\/14\/a-declaracao-de-rossi-do-flamengo-direcionada-ao-psg-ninguem-tira-nosso-sono\/#primaryimage\"},\"thumbnailUrl\":\"https:\/\/www.gaveanews.com\/wp-content\/uploads\/Rossi-pelo-Flamengo-1.png\",\"datePublished\":\"2025-12-14T23:16:45+00:00\",\"dateModified\":\"2025-12-14T23:16:52+00:00\",\"author\":{\"@id\":\"https:\/\/www.gaveanews.com\/#\/schema\/person\/daf63eec72e1164eb13dc35096c2b8da\"},\"breadcrumb\":{\"@id\":\"https:\/\/www.gaveanews.com\/index.php\/2025\/12\/14\/a-declaracao-de-rossi-do-flamengo-direcionada-ao-psg-ninguem-tira-nosso-sono\/#breadcrumb\"},\"inLanguage\":\"pt-BR\",\"potentialAction\":[{\"@type\":\"ReadAction\",\"target\":[\"https:\/\/www.gaveanews.com\/index.php\/2025\/12\/14\/a-declaracao-de-rossi-do-flamengo-direcionada-ao-psg-ninguem-tira-nosso-sono\/\"]}]},{\"@type\":\"ImageObject\",\"inLanguage\":\"pt-BR\",\"@id\":\"https:\/\/www.gaveanews.com\/index.php\/2025\/12\/14\/a-declaracao-de-rossi-do-flamengo-direcionada-ao-psg-ninguem-tira-nosso-sono\/#primaryimage\",\"url\":\"https:\/\/www.gaveanews.com\/wp-content\/uploads\/Rossi-pelo-Flamengo-1.png\",\"contentUrl\":\"https:\/\/www.gaveanews.com\/wp-content\/uploads\/Rossi-pelo-Flamengo-1.png\",\"width\":1200,\"height\":900,\"caption\":\"Foto:Adriano Fontes\/Flamengo\"},{\"@type\":\"BreadcrumbList\",\"@id\":\"https:\/\/www.gaveanews.com\/index.php\/2025\/12\/14\/a-declaracao-de-rossi-do-flamengo-direcionada-ao-psg-ninguem-tira-nosso-sono\/#breadcrumb\",\"itemListElement\":[{\"@type\":\"ListItem\",\"position\":1,\"name\":\"Home\",\"item\":\"https:\/\/www.gaveanews.com\/\"},{\"@type\":\"ListItem\",\"position\":2,\"name\":\"A declara\u00e7\u00e3o de Rossi, do Flamengo, direcionada ao PSG: &#8220;Ningu\u00e9m tira nosso sono&#8230;&#8221;\"}]},{\"@type\":\"WebSite\",\"@id\":\"https:\/\/www.gaveanews.com\/#website\",\"url\":\"https:\/\/www.gaveanews.com\/\",\"name\":\"G\u00e1vea News\",\"description\":\"Veja todas as not\u00edcias sobre o Flamengo: Contrata\u00e7\u00f5es, categorias de base, resultados das partidas, tabela de classifica\u00e7\u00e3o, pr\u00f3ximos jogos!\",\"potentialAction\":[{\"@type\":\"SearchAction\",\"target\":{\"@type\":\"EntryPoint\",\"urlTemplate\":\"https:\/\/www.gaveanews.com\/?s={search_term_string}\"},\"query-input\":{\"@type\":\"PropertyValueSpecification\",\"valueRequired\":true,\"valueName\":\"search_term_string\"}}],\"inLanguage\":\"pt-BR\"},{\"@type\":\"Person\",\"@id\":\"https:\/\/www.gaveanews.com\/#\/schema\/person\/daf63eec72e1164eb13dc35096c2b8da\",\"name\":\"Paula Silva\",\"image\":{\"@type\":\"ImageObject\",\"inLanguage\":\"pt-BR\",\"@id\":\"https:\/\/www.gaveanews.com\/#\/schema\/person\/image\/\",\"url\":\"https:\/\/secure.gravatar.com\/avatar\/eda381c845527cc5d64c13b901833cda29d97500ba040d3e6461f76f51d163bb?s=96&d=mm&r=g\",\"contentUrl\":\"https:\/\/secure.gravatar.com\/avatar\/eda381c845527cc5d64c13b901833cda29d97500ba040d3e6461f76f51d163bb?s=96&d=mm&r=g\",\"caption\":\"Paula Silva\"}}]}<\/script>\n<!-- \/ Yoast SEO Premium plugin. -->","yoast_head_json":{"title":"A declara\u00e7\u00e3o de Rossi, do Flamengo, direcionada ao PSG: \"Ningu\u00e9m tira nosso sono...\"","robots":{"index":"index","follow":"follow","max-snippet":"max-snippet:-1","max-image-preview":"max-image-preview:large","max-video-preview":"max-video-preview:-1"},"canonical":"https:\/\/www.gaveanews.com\/index.php\/2025\/12\/14\/a-declaracao-de-rossi-do-flamengo-direcionada-ao-psg-ninguem-tira-nosso-sono\/","og_locale":"pt_BR","og_type":"article","og_title":"A declara\u00e7\u00e3o de Rossi, do Flamengo, direcionada ao PSG: \"Ningu\u00e9m tira nosso sono...\"","og_description":"A classifica\u00e7\u00e3o do Flamengo para a final da Copa Intercontinental foi marcada por uma atua\u00e7\u00e3o decisiva de Agust\u00edn Rossi. O goleiro argentino, que assumiu papel de destaque nas fases anteriores, foi fundamental novamente na vit\u00f3ria por 2 a 0 sobre o Pyramids, no s\u00e1bado (13), ao impedir o empate eg\u00edpcio no fim do primeiro tempo, [&hellip;]","og_url":"https:\/\/www.gaveanews.com\/index.php\/2025\/12\/14\/a-declaracao-de-rossi-do-flamengo-direcionada-ao-psg-ninguem-tira-nosso-sono\/","og_site_name":"G\u00e1vea News","article_publisher":"https:\/\/facebook.com\/gaveaNews\/","article_published_time":"2025-12-14T23:16:45+00:00","article_modified_time":"2025-12-14T23:16:52+00:00","og_image":[{"width":1200,"height":900,"url":"http:\/\/www.gaveanews.com\/wp-content\/uploads\/Rossi-pelo-Flamengo-1.png","type":"image\/png"}],"author":"Paula Silva","twitter_card":"summary_large_image","twitter_misc":{"Escrito por":"Paula Silva","Est. tempo de leitura":"3 minutos"},"schema":{"@context":"https:\/\/schema.org","@graph":[{"@type":"NewsArticle","@id":"https:\/\/www.gaveanews.com\/index.php\/2025\/12\/14\/a-declaracao-de-rossi-do-flamengo-direcionada-ao-psg-ninguem-tira-nosso-sono\/#article","isPartOf":{"@id":"https:\/\/www.gaveanews.com\/index.php\/2025\/12\/14\/a-declaracao-de-rossi-do-flamengo-direcionada-ao-psg-ninguem-tira-nosso-sono\/"},"author":{"name":"Paula Silva","@id":"https:\/\/www.gaveanews.com\/#\/schema\/person\/daf63eec72e1164eb13dc35096c2b8da"},"headline":"A declara\u00e7\u00e3o de Rossi, do Flamengo, direcionada ao PSG: &#8220;Ningu\u00e9m tira nosso sono&#8230;&#8221;","datePublished":"2025-12-14T23:16:45+00:00","dateModified":"2025-12-14T23:16:52+00:00","mainEntityOfPage":{"@id":"https:\/\/www.gaveanews.com\/index.php\/2025\/12\/14\/a-declaracao-de-rossi-do-flamengo-direcionada-ao-psg-ninguem-tira-nosso-sono\/"},"wordCount":500,"commentCount":0,"image":{"@id":"https:\/\/www.gaveanews.com\/index.php\/2025\/12\/14\/a-declaracao-de-rossi-do-flamengo-direcionada-ao-psg-ninguem-tira-nosso-sono\/#primaryimage"},"thumbnailUrl":"https:\/\/www.gaveanews.com\/wp-content\/uploads\/Rossi-pelo-Flamengo-1.png","articleSection":["Flamengo"],"inLanguage":"pt-BR","potentialAction":[{"@type":"CommentAction","name":"Comment","target":["https:\/\/www.gaveanews.com\/index.php\/2025\/12\/14\/a-declaracao-de-rossi-do-flamengo-direcionada-ao-psg-ninguem-tira-nosso-sono\/#respond"]}],"copyrightYear":"2025","copyrightHolder":{"@id":"https:\/\/www.gaveanews.com\/#organization"}},{"@type":"WebPage","@id":"https:\/\/www.gaveanews.com\/index.php\/2025\/12\/14\/a-declaracao-de-rossi-do-flamengo-direcionada-ao-psg-ninguem-tira-nosso-sono\/","url":"https:\/\/www.gaveanews.com\/index.php\/2025\/12\/14\/a-declaracao-de-rossi-do-flamengo-direcionada-ao-psg-ninguem-tira-nosso-sono\/","name":"A declara\u00e7\u00e3o de Rossi, do Flamengo, direcionada ao PSG: \"Ningu\u00e9m tira nosso sono...\"","isPartOf":{"@id":"https:\/\/www.gaveanews.com\/#website"},"primaryImageOfPage":{"@id":"https:\/\/www.gaveanews.com\/index.php\/2025\/12\/14\/a-declaracao-de-rossi-do-flamengo-direcionada-ao-psg-ninguem-tira-nosso-sono\/#primaryimage"},"image":{"@id":"https:\/\/www.gaveanews.com\/index.php\/2025\/12\/14\/a-declaracao-de-rossi-do-flamengo-direcionada-ao-psg-ninguem-tira-nosso-sono\/#primaryimage"},"thumbnailUrl":"https:\/\/www.gaveanews.com\/wp-content\/uploads\/Rossi-pelo-Flamengo-1.png","datePublished":"2025-12-14T23:16:45+00:00","dateModified":"2025-12-14T23:16:52+00:00","author":{"@id":"https:\/\/www.gaveanews.com\/#\/schema\/person\/daf63eec72e1164eb13dc35096c2b8da"},"breadcrumb":{"@id":"https:\/\/www.gaveanews.com\/index.php\/2025\/12\/14\/a-declaracao-de-rossi-do-flamengo-direcionada-ao-psg-ninguem-tira-nosso-sono\/#breadcrumb"},"inLanguage":"pt-BR","potentialAction":[{"@type":"ReadAction","target":["https:\/\/www.gaveanews.com\/index.php\/2025\/12\/14\/a-declaracao-de-rossi-do-flamengo-direcionada-ao-psg-ninguem-tira-nosso-sono\/"]}]},{"@type":"ImageObject","inLanguage":"pt-BR","@id":"https:\/\/www.gaveanews.com\/index.php\/2025\/12\/14\/a-declaracao-de-rossi-do-flamengo-direcionada-ao-psg-ninguem-tira-nosso-sono\/#primaryimage","url":"https:\/\/www.gaveanews.com\/wp-content\/uploads\/Rossi-pelo-Flamengo-1.png","contentUrl":"https:\/\/www.gaveanews.com\/wp-content\/uploads\/Rossi-pelo-Flamengo-1.png","width":1200,"height":900,"caption":"Foto:Adriano Fontes\/Flamengo"},{"@type":"BreadcrumbList","@id":"https:\/\/www.gaveanews.com\/index.php\/2025\/12\/14\/a-declaracao-de-rossi-do-flamengo-direcionada-ao-psg-ninguem-tira-nosso-sono\/#breadcrumb","itemListElement":[{"@type":"ListItem","position":1,"name":"Home","item":"https:\/\/www.gaveanews.com\/"},{"@type":"ListItem","position":2,"name":"A declara\u00e7\u00e3o de Rossi, do Flamengo, direcionada ao PSG: &#8220;Ningu\u00e9m tira nosso sono&#8230;&#8221;"}]},{"@type":"WebSite","@id":"https:\/\/www.gaveanews.com\/#website","url":"https:\/\/www.gaveanews.com\/","name":"G\u00e1vea News","description":"Veja todas as not\u00edcias sobre o Flamengo: Contrata\u00e7\u00f5es, categorias de base, resultados das partidas, tabela de classifica\u00e7\u00e3o, pr\u00f3ximos jogos!","potentialAction":[{"@type":"SearchAction","target":{"@type":"EntryPoint","urlTemplate":"https:\/\/www.gaveanews.com\/?s={search_term_string}"},"query-input":{"@type":"PropertyValueSpecification","valueRequired":true,"valueName":"search_term_string"}}],"inLanguage":"pt-BR"},{"@type":"Person","@id":"https:\/\/www.gaveanews.com\/#\/schema\/person\/daf63eec72e1164eb13dc35096c2b8da","name":"Paula Silva","image":{"@type":"ImageObject","inLanguage":"pt-BR","@id":"https:\/\/www.gaveanews.com\/#\/schema\/person\/image\/","url":"https:\/\/secure.gravatar.com\/avatar\/eda381c845527cc5d64c13b901833cda29d97500ba040d3e6461f76f51d163bb?s=96&d=mm&r=g","contentUrl":"https:\/\/secure.gravatar.com\/avatar\/eda381c845527cc5d64c13b901833cda29d97500ba040d3e6461f76f51d163bb?s=96&d=mm&r=g","caption":"Paula Silva"}}]}},"_links":{"self":[{"href":"https:\/\/www.gaveanews.com\/index.php\/wp-json\/wp\/v2\/posts\/281605","targetHints":{"allow":["GET"]}}],"collection":[{"href":"https:\/\/www.gaveanews.com\/index.php\/wp-json\/wp\/v2\/posts"}],"about":[{"href":"https:\/\/www.gaveanews.com\/index.php\/wp-json\/wp\/v2\/types\/post"}],"author":[{"embeddable":true,"href":"https:\/\/www.gaveanews.com\/index.php\/wp-json\/wp\/v2\/users\/18"}],"replies":[{"embeddable":true,"href":"https:\/\/www.gaveanews.com\/index.php\/wp-json\/wp\/v2\/comments?post=281605"}],"version-history":[{"count":1,"href":"https:\/\/www.gaveanews.com\/index.php\/wp-json\/wp\/v2\/posts\/281605\/revisions"}],"predecessor-version":[{"id":281606,"href":"https:\/\/www.gaveanews.com\/index.php\/wp-json\/wp\/v2\/posts\/281605\/revisions\/281606"}],"wp:featuredmedia":[{"embeddable":true,"href":"https:\/\/www.gaveanews.com\/index.php\/wp-json\/wp\/v2\/media\/281483"}],"wp:attachment":[{"href":"https:\/\/www.gaveanews.com\/index.php\/wp-json\/wp\/v2\/media?parent=281605"}],"wp:term":[{"taxonomy":"category","embeddable":true,"href":"https:\/\/www.gaveanews.com\/index.php\/wp-json\/wp\/v2\/categories?post=281605"},{"taxonomy":"post_tag","embeddable":true,"href":"https:\/\/www.gaveanews.com\/index.php\/wp-json\/wp\/v2\/tags?post=281605"}],"curies":[{"name":"wp","href":"https:\/\/api.w.org\/{rel}","templated":true}]}}