{"id":281611,"date":"2025-12-14T20:39:34","date_gmt":"2025-12-14T23:39:34","guid":{"rendered":"https:\/\/www.gaveanews.com\/?p=281611"},"modified":"2025-12-14T20:39:44","modified_gmt":"2025-12-14T23:39:44","slug":"ex-flamengo-decide-e-corinthians-se-classifica-para-final-da-copa-do-brasil","status":"publish","type":"post","link":"https:\/\/www.gaveanews.com\/index.php\/2025\/12\/14\/ex-flamengo-decide-e-corinthians-se-classifica-para-final-da-copa-do-brasil\/","title":{"rendered":"Ex-Flamengo decide, e Corinthians se classifica para final da Copa do Brasil"},"content":{"rendered":"\n<p>O Corinthians garantiu presen\u00e7a na final da Copa do Brasil ap\u00f3s uma noite de fortes emo\u00e7\u00f5es diante do Cruzeiro, na Neo Qu\u00edmica Arena. Depois de perder por 2 a 1 no tempo regulamentar, o time paulista assegurou a classifica\u00e7\u00e3o nos p\u00eanaltis, contando com uma atua\u00e7\u00e3o decisiva do goleiro Hugo Souza, cria do Flamengo.<\/p>\n\n\n\n<p>A equipe comandada por Dorival J\u00fanior, que n\u00e3o disputava a final do torneio desde 2022, ter\u00e1 agora pela frente o vencedor do confronto entre Fluminense e Vasco. A vaga veio ap\u00f3s vit\u00f3ria por 5 a 4 nas penalidades, ap\u00f3s igualdade no placar agregado, j\u00e1 que o Corinthians havia vencido o jogo de ida por 1 a 0.<\/p>\n\n\n\n<p>O jogo foi marcado por altern\u00e2ncia de dom\u00ednio e chances para os dois lados. O Cruzeiro, precisando reverter a desvantagem, pressionou desde o in\u00edcio e abriu o placar aos 39 minutos do primeiro tempo, com Arroyo, que se antecipou \u00e0 defesa ap\u00f3s cruzamento de Christian. No segundo tempo, o pr\u00f3prio Arroyo ampliou, aproveitando jogada de Kaio Jorge validada ap\u00f3s revis\u00e3o do VAR.<\/p>\n\n\n\n<p>Contudo, o Corinthians reagiu rapidamente. Aos 9 minutos da etapa final, Bidu aproveitou confus\u00e3o na \u00e1rea e descontou, igualando o confronto no agregado. A partir de ent\u00e3o, o jogo ficou aberto. Memphis Depay e Bidon chegaram a acertar a trave, e C\u00e1ssio evitou o empate no tempo normal com boas defesas.<\/p>\n\n\n\n<figure class=\"wp-block-image size-full\"><img loading=\"lazy\" decoding=\"async\" width=\"768\" height=\"458\" src=\"http:\/\/www.gaveanews.com\/wp-content\/uploads\/IMG_0346-768x458-1.webp\" alt=\"\" class=\"wp-image-155879\" srcset=\"https:\/\/www.gaveanews.com\/wp-content\/uploads\/IMG_0346-768x458-1.webp 768w, https:\/\/www.gaveanews.com\/wp-content\/uploads\/IMG_0346-768x458-1-300x179.webp 300w, https:\/\/www.gaveanews.com\/wp-content\/uploads\/IMG_0346-768x458-1-704x420.webp 704w, https:\/\/www.gaveanews.com\/wp-content\/uploads\/IMG_0346-768x458-1-640x382.webp 640w, https:\/\/www.gaveanews.com\/wp-content\/uploads\/IMG_0346-768x458-1-681x406.webp 681w, https:\/\/www.gaveanews.com\/wp-content\/uploads\/IMG_0346-768x458-1-100x60.webp 100w\" sizes=\"auto, (max-width: 768px) 100vw, 768px\" \/><figcaption class=\"wp-element-caption\">Hugo Souza, goleiro do Corinthians &#8211; Instagram \/ @hugosouza<br><\/figcaption><\/figure>\n\n\n\n<p>Nas cobran\u00e7as de p\u00eanaltis, Hugo Souza foi o nome da classifica\u00e7\u00e3o alvinegra. O goleiro defendeu as batidas de Gabigol e Walace, enquanto seus companheiros converteram quatro das cinco cobran\u00e7as, com Bidon finalizando a s\u00e9rie. Apesar de C\u00e1ssio tamb\u00e9m ter defendido a cobran\u00e7a inicial de Yuri Alberto, o arqueiro cruzeirense n\u00e3o conseguiu impedir a elimina\u00e7\u00e3o.<\/p>\n\n\n\n<p>A atua\u00e7\u00e3o de Hugo foi prec\u00edpua para o resultado final. O goleiro se destacou ainda durante os 90 minutos com interven\u00e7\u00f5es importantes, como no voleio de Matheus Pereira no primeiro tempo. Seu desempenho nas penalidades consolidou a classifica\u00e7\u00e3o corintiana de forma dram\u00e1tica e emocionante<\/p>\n\n\n\n<p>Com a vaga na decis\u00e3o, o Corinthians refor\u00e7a seu planejamento para a temporada e segue em busca de mais um t\u00edtulo nacional. A primeira partida da final ser\u00e1 disputada na quarta-feira (17 de dezembro), com local e hor\u00e1rio a serem definidos pela CBF (hor\u00e1rio de Bras\u00edlia).<\/p>\n","protected":false},"excerpt":{"rendered":"<p>O Corinthians garantiu presen\u00e7a na final da Copa do Brasil ap\u00f3s uma noite de fortes emo\u00e7\u00f5es diante do Cruzeiro, na Neo Qu\u00edmica Arena. Depois de perder por 2 a 1 no tempo regulamentar, o time paulista assegurou a classifica\u00e7\u00e3o nos p\u00eanaltis, contando com uma atua\u00e7\u00e3o decisiva do goleiro Hugo Souza, cria do Flamengo. A equipe [&hellip;]<\/p>\n","protected":false},"author":18,"featured_media":280259,"comment_status":"open","ping_status":"closed","sticky":false,"template":"","format":"standard","meta":{"footnotes":""},"categories":[1],"tags":[],"class_list":["post-281611","post","type-post","status-publish","format-standard","has-post-thumbnail","hentry","category-flamengo"],"yoast_head":"<!-- This site is optimized with the Yoast SEO Premium plugin v24.2 (Yoast SEO v26.9) - https:\/\/yoast.com\/product\/yoast-seo-premium-wordpress\/ -->\n<title>Ex-Flamengo decide, e Corinthians se classifica para final da Copa do Brasil<\/title>\n<meta name=\"robots\" content=\"index, follow, max-snippet:-1, max-image-preview:large, max-video-preview:-1\" \/>\n<link rel=\"canonical\" href=\"https:\/\/www.gaveanews.com\/index.php\/2025\/12\/14\/ex-flamengo-decide-e-corinthians-se-classifica-para-final-da-copa-do-brasil\/\" \/>\n<meta property=\"og:locale\" content=\"pt_BR\" \/>\n<meta property=\"og:type\" content=\"article\" \/>\n<meta property=\"og:title\" content=\"Ex-Flamengo decide, e Corinthians se classifica para final da Copa do Brasil\" \/>\n<meta property=\"og:description\" content=\"O Corinthians garantiu presen\u00e7a na final da Copa do Brasil ap\u00f3s uma noite de fortes emo\u00e7\u00f5es diante do Cruzeiro, na Neo Qu\u00edmica Arena. Depois de perder por 2 a 1 no tempo regulamentar, o time paulista assegurou a classifica\u00e7\u00e3o nos p\u00eanaltis, contando com uma atua\u00e7\u00e3o decisiva do goleiro Hugo Souza, cria do Flamengo. A equipe [&hellip;]\" \/>\n<meta property=\"og:url\" content=\"https:\/\/www.gaveanews.com\/index.php\/2025\/12\/14\/ex-flamengo-decide-e-corinthians-se-classifica-para-final-da-copa-do-brasil\/\" \/>\n<meta property=\"og:site_name\" content=\"G\u00e1vea News\" \/>\n<meta property=\"article:publisher\" content=\"https:\/\/facebook.com\/gaveaNews\/\" \/>\n<meta property=\"article:published_time\" content=\"2025-12-14T23:39:34+00:00\" \/>\n<meta property=\"article:modified_time\" content=\"2025-12-14T23:39:44+00:00\" \/>\n<meta property=\"og:image\" content=\"http:\/\/www.gaveanews.com\/wp-content\/uploads\/Camisa-do-Flamengo-com-homenagem-aos-130-anos.jpg\" \/>\n\t<meta property=\"og:image:width\" content=\"1280\" \/>\n\t<meta property=\"og:image:height\" content=\"960\" \/>\n\t<meta property=\"og:image:type\" content=\"image\/jpeg\" \/>\n<meta name=\"author\" content=\"Paula Silva\" \/>\n<meta name=\"twitter:card\" content=\"summary_large_image\" \/>\n<meta name=\"twitter:label1\" content=\"Escrito por\" \/>\n\t<meta name=\"twitter:data1\" content=\"Paula Silva\" \/>\n\t<meta name=\"twitter:label2\" content=\"Est. tempo de leitura\" \/>\n\t<meta name=\"twitter:data2\" content=\"3 minutos\" \/>\n<script type=\"application\/ld+json\" class=\"yoast-schema-graph\">{\"@context\":\"https:\/\/schema.org\",\"@graph\":[{\"@type\":\"NewsArticle\",\"@id\":\"https:\/\/www.gaveanews.com\/index.php\/2025\/12\/14\/ex-flamengo-decide-e-corinthians-se-classifica-para-final-da-copa-do-brasil\/#article\",\"isPartOf\":{\"@id\":\"https:\/\/www.gaveanews.com\/index.php\/2025\/12\/14\/ex-flamengo-decide-e-corinthians-se-classifica-para-final-da-copa-do-brasil\/\"},\"author\":{\"name\":\"Paula Silva\",\"@id\":\"https:\/\/www.gaveanews.com\/#\/schema\/person\/daf63eec72e1164eb13dc35096c2b8da\"},\"headline\":\"Ex-Flamengo decide, e Corinthians se classifica para final da Copa do Brasil\",\"datePublished\":\"2025-12-14T23:39:34+00:00\",\"dateModified\":\"2025-12-14T23:39:44+00:00\",\"mainEntityOfPage\":{\"@id\":\"https:\/\/www.gaveanews.com\/index.php\/2025\/12\/14\/ex-flamengo-decide-e-corinthians-se-classifica-para-final-da-copa-do-brasil\/\"},\"wordCount\":418,\"commentCount\":0,\"image\":{\"@id\":\"https:\/\/www.gaveanews.com\/index.php\/2025\/12\/14\/ex-flamengo-decide-e-corinthians-se-classifica-para-final-da-copa-do-brasil\/#primaryimage\"},\"thumbnailUrl\":\"https:\/\/www.gaveanews.com\/wp-content\/uploads\/Camisa-do-Flamengo-com-homenagem-aos-130-anos.jpg\",\"articleSection\":[\"Flamengo\"],\"inLanguage\":\"pt-BR\",\"potentialAction\":[{\"@type\":\"CommentAction\",\"name\":\"Comment\",\"target\":[\"https:\/\/www.gaveanews.com\/index.php\/2025\/12\/14\/ex-flamengo-decide-e-corinthians-se-classifica-para-final-da-copa-do-brasil\/#respond\"]}],\"copyrightYear\":\"2025\",\"copyrightHolder\":{\"@id\":\"https:\/\/www.gaveanews.com\/#organization\"}},{\"@type\":\"WebPage\",\"@id\":\"https:\/\/www.gaveanews.com\/index.php\/2025\/12\/14\/ex-flamengo-decide-e-corinthians-se-classifica-para-final-da-copa-do-brasil\/\",\"url\":\"https:\/\/www.gaveanews.com\/index.php\/2025\/12\/14\/ex-flamengo-decide-e-corinthians-se-classifica-para-final-da-copa-do-brasil\/\",\"name\":\"Ex-Flamengo decide, e Corinthians se classifica para final da Copa do Brasil\",\"isPartOf\":{\"@id\":\"https:\/\/www.gaveanews.com\/#website\"},\"primaryImageOfPage\":{\"@id\":\"https:\/\/www.gaveanews.com\/index.php\/2025\/12\/14\/ex-flamengo-decide-e-corinthians-se-classifica-para-final-da-copa-do-brasil\/#primaryimage\"},\"image\":{\"@id\":\"https:\/\/www.gaveanews.com\/index.php\/2025\/12\/14\/ex-flamengo-decide-e-corinthians-se-classifica-para-final-da-copa-do-brasil\/#primaryimage\"},\"thumbnailUrl\":\"https:\/\/www.gaveanews.com\/wp-content\/uploads\/Camisa-do-Flamengo-com-homenagem-aos-130-anos.jpg\",\"datePublished\":\"2025-12-14T23:39:34+00:00\",\"dateModified\":\"2025-12-14T23:39:44+00:00\",\"author\":{\"@id\":\"https:\/\/www.gaveanews.com\/#\/schema\/person\/daf63eec72e1164eb13dc35096c2b8da\"},\"breadcrumb\":{\"@id\":\"https:\/\/www.gaveanews.com\/index.php\/2025\/12\/14\/ex-flamengo-decide-e-corinthians-se-classifica-para-final-da-copa-do-brasil\/#breadcrumb\"},\"inLanguage\":\"pt-BR\",\"potentialAction\":[{\"@type\":\"ReadAction\",\"target\":[\"https:\/\/www.gaveanews.com\/index.php\/2025\/12\/14\/ex-flamengo-decide-e-corinthians-se-classifica-para-final-da-copa-do-brasil\/\"]}]},{\"@type\":\"ImageObject\",\"inLanguage\":\"pt-BR\",\"@id\":\"https:\/\/www.gaveanews.com\/index.php\/2025\/12\/14\/ex-flamengo-decide-e-corinthians-se-classifica-para-final-da-copa-do-brasil\/#primaryimage\",\"url\":\"https:\/\/www.gaveanews.com\/wp-content\/uploads\/Camisa-do-Flamengo-com-homenagem-aos-130-anos.jpg\",\"contentUrl\":\"https:\/\/www.gaveanews.com\/wp-content\/uploads\/Camisa-do-Flamengo-com-homenagem-aos-130-anos.jpg\",\"width\":1280,\"height\":960,\"caption\":\"Camisa do Flamengo com homenagem aos 130 anos (Foto: Flickr\/Flamengo)\"},{\"@type\":\"BreadcrumbList\",\"@id\":\"https:\/\/www.gaveanews.com\/index.php\/2025\/12\/14\/ex-flamengo-decide-e-corinthians-se-classifica-para-final-da-copa-do-brasil\/#breadcrumb\",\"itemListElement\":[{\"@type\":\"ListItem\",\"position\":1,\"name\":\"Home\",\"item\":\"https:\/\/www.gaveanews.com\/\"},{\"@type\":\"ListItem\",\"position\":2,\"name\":\"Ex-Flamengo decide, e Corinthians se classifica para final da Copa do Brasil\"}]},{\"@type\":\"WebSite\",\"@id\":\"https:\/\/www.gaveanews.com\/#website\",\"url\":\"https:\/\/www.gaveanews.com\/\",\"name\":\"G\u00e1vea News\",\"description\":\"Veja todas as not\u00edcias sobre o Flamengo: Contrata\u00e7\u00f5es, categorias de base, resultados das partidas, tabela de classifica\u00e7\u00e3o, pr\u00f3ximos jogos!\",\"potentialAction\":[{\"@type\":\"SearchAction\",\"target\":{\"@type\":\"EntryPoint\",\"urlTemplate\":\"https:\/\/www.gaveanews.com\/?s={search_term_string}\"},\"query-input\":{\"@type\":\"PropertyValueSpecification\",\"valueRequired\":true,\"valueName\":\"search_term_string\"}}],\"inLanguage\":\"pt-BR\"},{\"@type\":\"Person\",\"@id\":\"https:\/\/www.gaveanews.com\/#\/schema\/person\/daf63eec72e1164eb13dc35096c2b8da\",\"name\":\"Paula Silva\",\"image\":{\"@type\":\"ImageObject\",\"inLanguage\":\"pt-BR\",\"@id\":\"https:\/\/www.gaveanews.com\/#\/schema\/person\/image\/\",\"url\":\"https:\/\/secure.gravatar.com\/avatar\/eda381c845527cc5d64c13b901833cda29d97500ba040d3e6461f76f51d163bb?s=96&d=mm&r=g\",\"contentUrl\":\"https:\/\/secure.gravatar.com\/avatar\/eda381c845527cc5d64c13b901833cda29d97500ba040d3e6461f76f51d163bb?s=96&d=mm&r=g\",\"caption\":\"Paula Silva\"}}]}<\/script>\n<!-- \/ Yoast SEO Premium plugin. -->","yoast_head_json":{"title":"Ex-Flamengo decide, e Corinthians se classifica para final da Copa do Brasil","robots":{"index":"index","follow":"follow","max-snippet":"max-snippet:-1","max-image-preview":"max-image-preview:large","max-video-preview":"max-video-preview:-1"},"canonical":"https:\/\/www.gaveanews.com\/index.php\/2025\/12\/14\/ex-flamengo-decide-e-corinthians-se-classifica-para-final-da-copa-do-brasil\/","og_locale":"pt_BR","og_type":"article","og_title":"Ex-Flamengo decide, e Corinthians se classifica para final da Copa do Brasil","og_description":"O Corinthians garantiu presen\u00e7a na final da Copa do Brasil ap\u00f3s uma noite de fortes emo\u00e7\u00f5es diante do Cruzeiro, na Neo Qu\u00edmica Arena. Depois de perder por 2 a 1 no tempo regulamentar, o time paulista assegurou a classifica\u00e7\u00e3o nos p\u00eanaltis, contando com uma atua\u00e7\u00e3o decisiva do goleiro Hugo Souza, cria do Flamengo. A equipe [&hellip;]","og_url":"https:\/\/www.gaveanews.com\/index.php\/2025\/12\/14\/ex-flamengo-decide-e-corinthians-se-classifica-para-final-da-copa-do-brasil\/","og_site_name":"G\u00e1vea News","article_publisher":"https:\/\/facebook.com\/gaveaNews\/","article_published_time":"2025-12-14T23:39:34+00:00","article_modified_time":"2025-12-14T23:39:44+00:00","og_image":[{"width":1280,"height":960,"url":"http:\/\/www.gaveanews.com\/wp-content\/uploads\/Camisa-do-Flamengo-com-homenagem-aos-130-anos.jpg","type":"image\/jpeg"}],"author":"Paula Silva","twitter_card":"summary_large_image","twitter_misc":{"Escrito por":"Paula Silva","Est. tempo de leitura":"3 minutos"},"schema":{"@context":"https:\/\/schema.org","@graph":[{"@type":"NewsArticle","@id":"https:\/\/www.gaveanews.com\/index.php\/2025\/12\/14\/ex-flamengo-decide-e-corinthians-se-classifica-para-final-da-copa-do-brasil\/#article","isPartOf":{"@id":"https:\/\/www.gaveanews.com\/index.php\/2025\/12\/14\/ex-flamengo-decide-e-corinthians-se-classifica-para-final-da-copa-do-brasil\/"},"author":{"name":"Paula Silva","@id":"https:\/\/www.gaveanews.com\/#\/schema\/person\/daf63eec72e1164eb13dc35096c2b8da"},"headline":"Ex-Flamengo decide, e Corinthians se classifica para final da Copa do Brasil","datePublished":"2025-12-14T23:39:34+00:00","dateModified":"2025-12-14T23:39:44+00:00","mainEntityOfPage":{"@id":"https:\/\/www.gaveanews.com\/index.php\/2025\/12\/14\/ex-flamengo-decide-e-corinthians-se-classifica-para-final-da-copa-do-brasil\/"},"wordCount":418,"commentCount":0,"image":{"@id":"https:\/\/www.gaveanews.com\/index.php\/2025\/12\/14\/ex-flamengo-decide-e-corinthians-se-classifica-para-final-da-copa-do-brasil\/#primaryimage"},"thumbnailUrl":"https:\/\/www.gaveanews.com\/wp-content\/uploads\/Camisa-do-Flamengo-com-homenagem-aos-130-anos.jpg","articleSection":["Flamengo"],"inLanguage":"pt-BR","potentialAction":[{"@type":"CommentAction","name":"Comment","target":["https:\/\/www.gaveanews.com\/index.php\/2025\/12\/14\/ex-flamengo-decide-e-corinthians-se-classifica-para-final-da-copa-do-brasil\/#respond"]}],"copyrightYear":"2025","copyrightHolder":{"@id":"https:\/\/www.gaveanews.com\/#organization"}},{"@type":"WebPage","@id":"https:\/\/www.gaveanews.com\/index.php\/2025\/12\/14\/ex-flamengo-decide-e-corinthians-se-classifica-para-final-da-copa-do-brasil\/","url":"https:\/\/www.gaveanews.com\/index.php\/2025\/12\/14\/ex-flamengo-decide-e-corinthians-se-classifica-para-final-da-copa-do-brasil\/","name":"Ex-Flamengo decide, e Corinthians se classifica para final da Copa do Brasil","isPartOf":{"@id":"https:\/\/www.gaveanews.com\/#website"},"primaryImageOfPage":{"@id":"https:\/\/www.gaveanews.com\/index.php\/2025\/12\/14\/ex-flamengo-decide-e-corinthians-se-classifica-para-final-da-copa-do-brasil\/#primaryimage"},"image":{"@id":"https:\/\/www.gaveanews.com\/index.php\/2025\/12\/14\/ex-flamengo-decide-e-corinthians-se-classifica-para-final-da-copa-do-brasil\/#primaryimage"},"thumbnailUrl":"https:\/\/www.gaveanews.com\/wp-content\/uploads\/Camisa-do-Flamengo-com-homenagem-aos-130-anos.jpg","datePublished":"2025-12-14T23:39:34+00:00","dateModified":"2025-12-14T23:39:44+00:00","author":{"@id":"https:\/\/www.gaveanews.com\/#\/schema\/person\/daf63eec72e1164eb13dc35096c2b8da"},"breadcrumb":{"@id":"https:\/\/www.gaveanews.com\/index.php\/2025\/12\/14\/ex-flamengo-decide-e-corinthians-se-classifica-para-final-da-copa-do-brasil\/#breadcrumb"},"inLanguage":"pt-BR","potentialAction":[{"@type":"ReadAction","target":["https:\/\/www.gaveanews.com\/index.php\/2025\/12\/14\/ex-flamengo-decide-e-corinthians-se-classifica-para-final-da-copa-do-brasil\/"]}]},{"@type":"ImageObject","inLanguage":"pt-BR","@id":"https:\/\/www.gaveanews.com\/index.php\/2025\/12\/14\/ex-flamengo-decide-e-corinthians-se-classifica-para-final-da-copa-do-brasil\/#primaryimage","url":"https:\/\/www.gaveanews.com\/wp-content\/uploads\/Camisa-do-Flamengo-com-homenagem-aos-130-anos.jpg","contentUrl":"https:\/\/www.gaveanews.com\/wp-content\/uploads\/Camisa-do-Flamengo-com-homenagem-aos-130-anos.jpg","width":1280,"height":960,"caption":"Camisa do Flamengo com homenagem aos 130 anos (Foto: Flickr\/Flamengo)"},{"@type":"BreadcrumbList","@id":"https:\/\/www.gaveanews.com\/index.php\/2025\/12\/14\/ex-flamengo-decide-e-corinthians-se-classifica-para-final-da-copa-do-brasil\/#breadcrumb","itemListElement":[{"@type":"ListItem","position":1,"name":"Home","item":"https:\/\/www.gaveanews.com\/"},{"@type":"ListItem","position":2,"name":"Ex-Flamengo decide, e Corinthians se classifica para final da Copa do Brasil"}]},{"@type":"WebSite","@id":"https:\/\/www.gaveanews.com\/#website","url":"https:\/\/www.gaveanews.com\/","name":"G\u00e1vea News","description":"Veja todas as not\u00edcias sobre o Flamengo: Contrata\u00e7\u00f5es, categorias de base, resultados das partidas, tabela de classifica\u00e7\u00e3o, pr\u00f3ximos jogos!","potentialAction":[{"@type":"SearchAction","target":{"@type":"EntryPoint","urlTemplate":"https:\/\/www.gaveanews.com\/?s={search_term_string}"},"query-input":{"@type":"PropertyValueSpecification","valueRequired":true,"valueName":"search_term_string"}}],"inLanguage":"pt-BR"},{"@type":"Person","@id":"https:\/\/www.gaveanews.com\/#\/schema\/person\/daf63eec72e1164eb13dc35096c2b8da","name":"Paula Silva","image":{"@type":"ImageObject","inLanguage":"pt-BR","@id":"https:\/\/www.gaveanews.com\/#\/schema\/person\/image\/","url":"https:\/\/secure.gravatar.com\/avatar\/eda381c845527cc5d64c13b901833cda29d97500ba040d3e6461f76f51d163bb?s=96&d=mm&r=g","contentUrl":"https:\/\/secure.gravatar.com\/avatar\/eda381c845527cc5d64c13b901833cda29d97500ba040d3e6461f76f51d163bb?s=96&d=mm&r=g","caption":"Paula Silva"}}]}},"_links":{"self":[{"href":"https:\/\/www.gaveanews.com\/index.php\/wp-json\/wp\/v2\/posts\/281611","targetHints":{"allow":["GET"]}}],"collection":[{"href":"https:\/\/www.gaveanews.com\/index.php\/wp-json\/wp\/v2\/posts"}],"about":[{"href":"https:\/\/www.gaveanews.com\/index.php\/wp-json\/wp\/v2\/types\/post"}],"author":[{"embeddable":true,"href":"https:\/\/www.gaveanews.com\/index.php\/wp-json\/wp\/v2\/users\/18"}],"replies":[{"embeddable":true,"href":"https:\/\/www.gaveanews.com\/index.php\/wp-json\/wp\/v2\/comments?post=281611"}],"version-history":[{"count":1,"href":"https:\/\/www.gaveanews.com\/index.php\/wp-json\/wp\/v2\/posts\/281611\/revisions"}],"predecessor-version":[{"id":281612,"href":"https:\/\/www.gaveanews.com\/index.php\/wp-json\/wp\/v2\/posts\/281611\/revisions\/281612"}],"wp:featuredmedia":[{"embeddable":true,"href":"https:\/\/www.gaveanews.com\/index.php\/wp-json\/wp\/v2\/media\/280259"}],"wp:attachment":[{"href":"https:\/\/www.gaveanews.com\/index.php\/wp-json\/wp\/v2\/media?parent=281611"}],"wp:term":[{"taxonomy":"category","embeddable":true,"href":"https:\/\/www.gaveanews.com\/index.php\/wp-json\/wp\/v2\/categories?post=281611"},{"taxonomy":"post_tag","embeddable":true,"href":"https:\/\/www.gaveanews.com\/index.php\/wp-json\/wp\/v2\/tags?post=281611"}],"curies":[{"name":"wp","href":"https:\/\/api.w.org\/{rel}","templated":true}]}}