{"id":281615,"date":"2025-12-14T20:48:52","date_gmt":"2025-12-14T23:48:52","guid":{"rendered":"https:\/\/www.gaveanews.com\/?p=281615"},"modified":"2025-12-14T20:49:00","modified_gmt":"2025-12-14T23:49:00","slug":"a-declaracao-de-filipe-luis-sobre-final-entre-flamengo-x-psg-tentar-fazer-historia","status":"publish","type":"post","link":"https:\/\/www.gaveanews.com\/index.php\/2025\/12\/14\/a-declaracao-de-filipe-luis-sobre-final-entre-flamengo-x-psg-tentar-fazer-historia\/","title":{"rendered":"A declara\u00e7\u00e3o de Filipe Lu\u00eds sobre final entre Flamengo x PSG: &#8220;Tentar fazer hist\u00f3ria&#8230;&#8221;"},"content":{"rendered":"\n<p>A classifica\u00e7\u00e3o do Flamengo para a final da Copa Intercontinental representou n\u00e3o apenas mais uma conquista sob o comando de Filipe Lu\u00eds, mas tamb\u00e9m a chance de enfrentar o Paris Saint-Germain em um duelo de peso. O t\u00e9cnico, que j\u00e1 levantou cinco ta\u00e7as \u00e0 frente do clube, celebrou a vit\u00f3ria por 2 a 0 sobre o Pyramids, no Catar, e destacou a consist\u00eancia defensiva da equipe como fator determinante no resultado.<\/p>\n\n\n\n<p>A decis\u00e3o ser\u00e1 realizada na pr\u00f3xima quarta-feira (17), \u00e0s 14h (hor\u00e1rio de Bras\u00edlia), no Est\u00e1dio Ahmad bin Ali, em Al Rayyan, repetindo o palco das fases anteriores da competi\u00e7\u00e3o. Enquanto o Flamengo precisou eliminar Cruz Azul e Pyramids para chegar \u00e0 final, o PSG, campe\u00e3o europeu, j\u00e1 estava garantido no confronto decisivo.<\/p>\n\n\n\n<p>Embora tenha reconhecido o favoritismo do advers\u00e1rio, Filipe Lu\u00eds refor\u00e7ou o esp\u00edrito combativo do elenco rubro-negro. Para ele, o desafio \u00e9 enorme, mas n\u00e3o imposs\u00edvel. <strong>\u201cTodos os advers\u00e1rios s\u00e3o diferentes, mas o PSG \u00e9 o melhor time do mundo. Demonstrou, ganhou a Champions, est\u00e1 aqui nesse torneio por ser o melhor e n\u00f3s, com toda humildade do mundo, vamos tentar ganhar para fazer hist\u00f3ria\u201d.<\/strong><\/p>\n\n\n\n<p>O treinador tamb\u00e9m refletiu sobre o processo de amadurecimento do time ao longo da temporada. Apesar das dificuldades enfrentadas em outras competi\u00e7\u00f5es, destacou a persist\u00eancia do grupo. \u201c<strong>Foi um ano muito dif\u00edcil, sofremos derrotas, tivemos cr\u00edticas, fomos cobrados&#8230; Eu desfruto muito dessa parte do processo porque estou no clube que eu amo\u201d<\/strong>, disse Filipe, que agora almeja o sexto t\u00edtulo \u00e0 frente do Flamengo.<\/p>\n\n\n\n<p>A partida, al\u00e9m do valor simb\u00f3lico, tamb\u00e9m envolver\u00e1 uma premia\u00e7\u00e3o significativa. O vencedor da competi\u00e7\u00e3o receber\u00e1 US$ 5 milh\u00f5es (cerca de R$ 27 milh\u00f5es), enquanto o vice-campe\u00e3o ser\u00e1 contemplado com US$ 4 milh\u00f5es (em torno de R$ 21,6 milh\u00f5es).<\/p>\n\n\n\n<p>Durante a entrevista, Filipe Lu\u00eds destacou a qualidade do elenco franc\u00eas e a admira\u00e7\u00e3o pelo t\u00e9cnico Luis Enrique, com quem j\u00e1 teve confrontos intensos nos tempos de jogador. <strong>\u201cVamos enfrentar campe\u00e3o da Champions com o melhor treinador do mundo, melhor equipe do mundo. Vamos tentar fazer um jogo perfeito. \u00c9 a \u00fanica chance de vencermos o advers\u00e1rio\u201d<\/strong>.<\/p>\n\n\n\n<p>A prepara\u00e7\u00e3o da equipe segue intensa no Catar, onde o Flamengo permanece desde o in\u00edcio da competi\u00e7\u00e3o. O clube busca encerrar o ano com mais uma conquista de peso diante de um advers\u00e1rio de elite no cen\u00e1rio internacional.<\/p>\n\n\n\n<p><br><\/p>\n","protected":false},"excerpt":{"rendered":"<p>A classifica\u00e7\u00e3o do Flamengo para a final da Copa Intercontinental representou n\u00e3o apenas mais uma conquista sob o comando de Filipe Lu\u00eds, mas tamb\u00e9m a chance de enfrentar o Paris Saint-Germain em um duelo de peso. O t\u00e9cnico, que j\u00e1 levantou cinco ta\u00e7as \u00e0 frente do clube, celebrou a vit\u00f3ria por 2 a 0 sobre [&hellip;]<\/p>\n","protected":false},"author":18,"featured_media":281593,"comment_status":"open","ping_status":"closed","sticky":false,"template":"","format":"standard","meta":{"footnotes":""},"categories":[1],"tags":[],"class_list":["post-281615","post","type-post","status-publish","format-standard","has-post-thumbnail","hentry","category-flamengo"],"yoast_head":"<!-- This site is optimized with the Yoast SEO Premium plugin v24.2 (Yoast SEO v26.9) - https:\/\/yoast.com\/product\/yoast-seo-premium-wordpress\/ -->\n<title>A declara\u00e7\u00e3o de Filipe Lu\u00eds sobre final entre Flamengo x PSG: &quot;Tentar fazer hist\u00f3ria...&quot;<\/title>\n<meta name=\"robots\" content=\"index, follow, max-snippet:-1, max-image-preview:large, max-video-preview:-1\" \/>\n<link rel=\"canonical\" href=\"https:\/\/www.gaveanews.com\/index.php\/2025\/12\/14\/a-declaracao-de-filipe-luis-sobre-final-entre-flamengo-x-psg-tentar-fazer-historia\/\" \/>\n<meta property=\"og:locale\" content=\"pt_BR\" \/>\n<meta property=\"og:type\" content=\"article\" \/>\n<meta property=\"og:title\" content=\"A declara\u00e7\u00e3o de Filipe Lu\u00eds sobre final entre Flamengo x PSG: &quot;Tentar fazer hist\u00f3ria...&quot;\" \/>\n<meta property=\"og:description\" content=\"A classifica\u00e7\u00e3o do Flamengo para a final da Copa Intercontinental representou n\u00e3o apenas mais uma conquista sob o comando de Filipe Lu\u00eds, mas tamb\u00e9m a chance de enfrentar o Paris Saint-Germain em um duelo de peso. O t\u00e9cnico, que j\u00e1 levantou cinco ta\u00e7as \u00e0 frente do clube, celebrou a vit\u00f3ria por 2 a 0 sobre [&hellip;]\" \/>\n<meta property=\"og:url\" content=\"https:\/\/www.gaveanews.com\/index.php\/2025\/12\/14\/a-declaracao-de-filipe-luis-sobre-final-entre-flamengo-x-psg-tentar-fazer-historia\/\" \/>\n<meta property=\"og:site_name\" content=\"G\u00e1vea News\" \/>\n<meta property=\"article:publisher\" content=\"https:\/\/facebook.com\/gaveaNews\/\" \/>\n<meta property=\"article:published_time\" content=\"2025-12-14T23:48:52+00:00\" \/>\n<meta property=\"article:modified_time\" content=\"2025-12-14T23:49:00+00:00\" \/>\n<meta property=\"og:image\" content=\"http:\/\/www.gaveanews.com\/wp-content\/uploads\/Filipe-Luis-em-coletiva-pos-classificacao-a-final-do-Intercontinental.jpg\" \/>\n\t<meta property=\"og:image:width\" content=\"1280\" \/>\n\t<meta property=\"og:image:height\" content=\"853\" \/>\n\t<meta property=\"og:image:type\" content=\"image\/jpeg\" \/>\n<meta name=\"author\" content=\"Paula Silva\" \/>\n<meta name=\"twitter:card\" content=\"summary_large_image\" \/>\n<meta name=\"twitter:label1\" content=\"Escrito por\" \/>\n\t<meta name=\"twitter:data1\" content=\"Paula Silva\" \/>\n\t<meta name=\"twitter:label2\" content=\"Est. tempo de leitura\" \/>\n\t<meta name=\"twitter:data2\" content=\"3 minutos\" \/>\n<script type=\"application\/ld+json\" class=\"yoast-schema-graph\">{\"@context\":\"https:\/\/schema.org\",\"@graph\":[{\"@type\":\"NewsArticle\",\"@id\":\"https:\/\/www.gaveanews.com\/index.php\/2025\/12\/14\/a-declaracao-de-filipe-luis-sobre-final-entre-flamengo-x-psg-tentar-fazer-historia\/#article\",\"isPartOf\":{\"@id\":\"https:\/\/www.gaveanews.com\/index.php\/2025\/12\/14\/a-declaracao-de-filipe-luis-sobre-final-entre-flamengo-x-psg-tentar-fazer-historia\/\"},\"author\":{\"name\":\"Paula Silva\",\"@id\":\"https:\/\/www.gaveanews.com\/#\/schema\/person\/daf63eec72e1164eb13dc35096c2b8da\"},\"headline\":\"A declara\u00e7\u00e3o de Filipe Lu\u00eds sobre final entre Flamengo x PSG: &#8220;Tentar fazer hist\u00f3ria&#8230;&#8221;\",\"datePublished\":\"2025-12-14T23:48:52+00:00\",\"dateModified\":\"2025-12-14T23:49:00+00:00\",\"mainEntityOfPage\":{\"@id\":\"https:\/\/www.gaveanews.com\/index.php\/2025\/12\/14\/a-declaracao-de-filipe-luis-sobre-final-entre-flamengo-x-psg-tentar-fazer-historia\/\"},\"wordCount\":441,\"commentCount\":0,\"image\":{\"@id\":\"https:\/\/www.gaveanews.com\/index.php\/2025\/12\/14\/a-declaracao-de-filipe-luis-sobre-final-entre-flamengo-x-psg-tentar-fazer-historia\/#primaryimage\"},\"thumbnailUrl\":\"https:\/\/www.gaveanews.com\/wp-content\/uploads\/Filipe-Luis-em-coletiva-pos-classificacao-a-final-do-Intercontinental.jpg\",\"articleSection\":[\"Flamengo\"],\"inLanguage\":\"pt-BR\",\"potentialAction\":[{\"@type\":\"CommentAction\",\"name\":\"Comment\",\"target\":[\"https:\/\/www.gaveanews.com\/index.php\/2025\/12\/14\/a-declaracao-de-filipe-luis-sobre-final-entre-flamengo-x-psg-tentar-fazer-historia\/#respond\"]}],\"copyrightYear\":\"2025\",\"copyrightHolder\":{\"@id\":\"https:\/\/www.gaveanews.com\/#organization\"}},{\"@type\":\"WebPage\",\"@id\":\"https:\/\/www.gaveanews.com\/index.php\/2025\/12\/14\/a-declaracao-de-filipe-luis-sobre-final-entre-flamengo-x-psg-tentar-fazer-historia\/\",\"url\":\"https:\/\/www.gaveanews.com\/index.php\/2025\/12\/14\/a-declaracao-de-filipe-luis-sobre-final-entre-flamengo-x-psg-tentar-fazer-historia\/\",\"name\":\"A declara\u00e7\u00e3o de Filipe Lu\u00eds sobre final entre Flamengo x PSG: \\\"Tentar fazer hist\u00f3ria...\\\"\",\"isPartOf\":{\"@id\":\"https:\/\/www.gaveanews.com\/#website\"},\"primaryImageOfPage\":{\"@id\":\"https:\/\/www.gaveanews.com\/index.php\/2025\/12\/14\/a-declaracao-de-filipe-luis-sobre-final-entre-flamengo-x-psg-tentar-fazer-historia\/#primaryimage\"},\"image\":{\"@id\":\"https:\/\/www.gaveanews.com\/index.php\/2025\/12\/14\/a-declaracao-de-filipe-luis-sobre-final-entre-flamengo-x-psg-tentar-fazer-historia\/#primaryimage\"},\"thumbnailUrl\":\"https:\/\/www.gaveanews.com\/wp-content\/uploads\/Filipe-Luis-em-coletiva-pos-classificacao-a-final-do-Intercontinental.jpg\",\"datePublished\":\"2025-12-14T23:48:52+00:00\",\"dateModified\":\"2025-12-14T23:49:00+00:00\",\"author\":{\"@id\":\"https:\/\/www.gaveanews.com\/#\/schema\/person\/daf63eec72e1164eb13dc35096c2b8da\"},\"breadcrumb\":{\"@id\":\"https:\/\/www.gaveanews.com\/index.php\/2025\/12\/14\/a-declaracao-de-filipe-luis-sobre-final-entre-flamengo-x-psg-tentar-fazer-historia\/#breadcrumb\"},\"inLanguage\":\"pt-BR\",\"potentialAction\":[{\"@type\":\"ReadAction\",\"target\":[\"https:\/\/www.gaveanews.com\/index.php\/2025\/12\/14\/a-declaracao-de-filipe-luis-sobre-final-entre-flamengo-x-psg-tentar-fazer-historia\/\"]}]},{\"@type\":\"ImageObject\",\"inLanguage\":\"pt-BR\",\"@id\":\"https:\/\/www.gaveanews.com\/index.php\/2025\/12\/14\/a-declaracao-de-filipe-luis-sobre-final-entre-flamengo-x-psg-tentar-fazer-historia\/#primaryimage\",\"url\":\"https:\/\/www.gaveanews.com\/wp-content\/uploads\/Filipe-Luis-em-coletiva-pos-classificacao-a-final-do-Intercontinental.jpg\",\"contentUrl\":\"https:\/\/www.gaveanews.com\/wp-content\/uploads\/Filipe-Luis-em-coletiva-pos-classificacao-a-final-do-Intercontinental.jpg\",\"width\":1280,\"height\":853,\"caption\":\"Filipe Lu\u00eds em coletiva de imprensa em Doha (Foto: Reprodu\u00e7\u00e3o\/FlamengoTV)\"},{\"@type\":\"BreadcrumbList\",\"@id\":\"https:\/\/www.gaveanews.com\/index.php\/2025\/12\/14\/a-declaracao-de-filipe-luis-sobre-final-entre-flamengo-x-psg-tentar-fazer-historia\/#breadcrumb\",\"itemListElement\":[{\"@type\":\"ListItem\",\"position\":1,\"name\":\"Home\",\"item\":\"https:\/\/www.gaveanews.com\/\"},{\"@type\":\"ListItem\",\"position\":2,\"name\":\"A declara\u00e7\u00e3o de Filipe Lu\u00eds sobre final entre Flamengo x PSG: &#8220;Tentar fazer hist\u00f3ria&#8230;&#8221;\"}]},{\"@type\":\"WebSite\",\"@id\":\"https:\/\/www.gaveanews.com\/#website\",\"url\":\"https:\/\/www.gaveanews.com\/\",\"name\":\"G\u00e1vea News\",\"description\":\"Veja todas as not\u00edcias sobre o Flamengo: Contrata\u00e7\u00f5es, categorias de base, resultados das partidas, tabela de classifica\u00e7\u00e3o, pr\u00f3ximos jogos!\",\"potentialAction\":[{\"@type\":\"SearchAction\",\"target\":{\"@type\":\"EntryPoint\",\"urlTemplate\":\"https:\/\/www.gaveanews.com\/?s={search_term_string}\"},\"query-input\":{\"@type\":\"PropertyValueSpecification\",\"valueRequired\":true,\"valueName\":\"search_term_string\"}}],\"inLanguage\":\"pt-BR\"},{\"@type\":\"Person\",\"@id\":\"https:\/\/www.gaveanews.com\/#\/schema\/person\/daf63eec72e1164eb13dc35096c2b8da\",\"name\":\"Paula Silva\",\"image\":{\"@type\":\"ImageObject\",\"inLanguage\":\"pt-BR\",\"@id\":\"https:\/\/www.gaveanews.com\/#\/schema\/person\/image\/\",\"url\":\"https:\/\/secure.gravatar.com\/avatar\/eda381c845527cc5d64c13b901833cda29d97500ba040d3e6461f76f51d163bb?s=96&d=mm&r=g\",\"contentUrl\":\"https:\/\/secure.gravatar.com\/avatar\/eda381c845527cc5d64c13b901833cda29d97500ba040d3e6461f76f51d163bb?s=96&d=mm&r=g\",\"caption\":\"Paula Silva\"}}]}<\/script>\n<!-- \/ Yoast SEO Premium plugin. -->","yoast_head_json":{"title":"A declara\u00e7\u00e3o de Filipe Lu\u00eds sobre final entre Flamengo x PSG: \"Tentar fazer hist\u00f3ria...\"","robots":{"index":"index","follow":"follow","max-snippet":"max-snippet:-1","max-image-preview":"max-image-preview:large","max-video-preview":"max-video-preview:-1"},"canonical":"https:\/\/www.gaveanews.com\/index.php\/2025\/12\/14\/a-declaracao-de-filipe-luis-sobre-final-entre-flamengo-x-psg-tentar-fazer-historia\/","og_locale":"pt_BR","og_type":"article","og_title":"A declara\u00e7\u00e3o de Filipe Lu\u00eds sobre final entre Flamengo x PSG: \"Tentar fazer hist\u00f3ria...\"","og_description":"A classifica\u00e7\u00e3o do Flamengo para a final da Copa Intercontinental representou n\u00e3o apenas mais uma conquista sob o comando de Filipe Lu\u00eds, mas tamb\u00e9m a chance de enfrentar o Paris Saint-Germain em um duelo de peso. O t\u00e9cnico, que j\u00e1 levantou cinco ta\u00e7as \u00e0 frente do clube, celebrou a vit\u00f3ria por 2 a 0 sobre [&hellip;]","og_url":"https:\/\/www.gaveanews.com\/index.php\/2025\/12\/14\/a-declaracao-de-filipe-luis-sobre-final-entre-flamengo-x-psg-tentar-fazer-historia\/","og_site_name":"G\u00e1vea News","article_publisher":"https:\/\/facebook.com\/gaveaNews\/","article_published_time":"2025-12-14T23:48:52+00:00","article_modified_time":"2025-12-14T23:49:00+00:00","og_image":[{"width":1280,"height":853,"url":"http:\/\/www.gaveanews.com\/wp-content\/uploads\/Filipe-Luis-em-coletiva-pos-classificacao-a-final-do-Intercontinental.jpg","type":"image\/jpeg"}],"author":"Paula Silva","twitter_card":"summary_large_image","twitter_misc":{"Escrito por":"Paula Silva","Est. tempo de leitura":"3 minutos"},"schema":{"@context":"https:\/\/schema.org","@graph":[{"@type":"NewsArticle","@id":"https:\/\/www.gaveanews.com\/index.php\/2025\/12\/14\/a-declaracao-de-filipe-luis-sobre-final-entre-flamengo-x-psg-tentar-fazer-historia\/#article","isPartOf":{"@id":"https:\/\/www.gaveanews.com\/index.php\/2025\/12\/14\/a-declaracao-de-filipe-luis-sobre-final-entre-flamengo-x-psg-tentar-fazer-historia\/"},"author":{"name":"Paula Silva","@id":"https:\/\/www.gaveanews.com\/#\/schema\/person\/daf63eec72e1164eb13dc35096c2b8da"},"headline":"A declara\u00e7\u00e3o de Filipe Lu\u00eds sobre final entre Flamengo x PSG: &#8220;Tentar fazer hist\u00f3ria&#8230;&#8221;","datePublished":"2025-12-14T23:48:52+00:00","dateModified":"2025-12-14T23:49:00+00:00","mainEntityOfPage":{"@id":"https:\/\/www.gaveanews.com\/index.php\/2025\/12\/14\/a-declaracao-de-filipe-luis-sobre-final-entre-flamengo-x-psg-tentar-fazer-historia\/"},"wordCount":441,"commentCount":0,"image":{"@id":"https:\/\/www.gaveanews.com\/index.php\/2025\/12\/14\/a-declaracao-de-filipe-luis-sobre-final-entre-flamengo-x-psg-tentar-fazer-historia\/#primaryimage"},"thumbnailUrl":"https:\/\/www.gaveanews.com\/wp-content\/uploads\/Filipe-Luis-em-coletiva-pos-classificacao-a-final-do-Intercontinental.jpg","articleSection":["Flamengo"],"inLanguage":"pt-BR","potentialAction":[{"@type":"CommentAction","name":"Comment","target":["https:\/\/www.gaveanews.com\/index.php\/2025\/12\/14\/a-declaracao-de-filipe-luis-sobre-final-entre-flamengo-x-psg-tentar-fazer-historia\/#respond"]}],"copyrightYear":"2025","copyrightHolder":{"@id":"https:\/\/www.gaveanews.com\/#organization"}},{"@type":"WebPage","@id":"https:\/\/www.gaveanews.com\/index.php\/2025\/12\/14\/a-declaracao-de-filipe-luis-sobre-final-entre-flamengo-x-psg-tentar-fazer-historia\/","url":"https:\/\/www.gaveanews.com\/index.php\/2025\/12\/14\/a-declaracao-de-filipe-luis-sobre-final-entre-flamengo-x-psg-tentar-fazer-historia\/","name":"A declara\u00e7\u00e3o de Filipe Lu\u00eds sobre final entre Flamengo x PSG: \"Tentar fazer hist\u00f3ria...\"","isPartOf":{"@id":"https:\/\/www.gaveanews.com\/#website"},"primaryImageOfPage":{"@id":"https:\/\/www.gaveanews.com\/index.php\/2025\/12\/14\/a-declaracao-de-filipe-luis-sobre-final-entre-flamengo-x-psg-tentar-fazer-historia\/#primaryimage"},"image":{"@id":"https:\/\/www.gaveanews.com\/index.php\/2025\/12\/14\/a-declaracao-de-filipe-luis-sobre-final-entre-flamengo-x-psg-tentar-fazer-historia\/#primaryimage"},"thumbnailUrl":"https:\/\/www.gaveanews.com\/wp-content\/uploads\/Filipe-Luis-em-coletiva-pos-classificacao-a-final-do-Intercontinental.jpg","datePublished":"2025-12-14T23:48:52+00:00","dateModified":"2025-12-14T23:49:00+00:00","author":{"@id":"https:\/\/www.gaveanews.com\/#\/schema\/person\/daf63eec72e1164eb13dc35096c2b8da"},"breadcrumb":{"@id":"https:\/\/www.gaveanews.com\/index.php\/2025\/12\/14\/a-declaracao-de-filipe-luis-sobre-final-entre-flamengo-x-psg-tentar-fazer-historia\/#breadcrumb"},"inLanguage":"pt-BR","potentialAction":[{"@type":"ReadAction","target":["https:\/\/www.gaveanews.com\/index.php\/2025\/12\/14\/a-declaracao-de-filipe-luis-sobre-final-entre-flamengo-x-psg-tentar-fazer-historia\/"]}]},{"@type":"ImageObject","inLanguage":"pt-BR","@id":"https:\/\/www.gaveanews.com\/index.php\/2025\/12\/14\/a-declaracao-de-filipe-luis-sobre-final-entre-flamengo-x-psg-tentar-fazer-historia\/#primaryimage","url":"https:\/\/www.gaveanews.com\/wp-content\/uploads\/Filipe-Luis-em-coletiva-pos-classificacao-a-final-do-Intercontinental.jpg","contentUrl":"https:\/\/www.gaveanews.com\/wp-content\/uploads\/Filipe-Luis-em-coletiva-pos-classificacao-a-final-do-Intercontinental.jpg","width":1280,"height":853,"caption":"Filipe Lu\u00eds em coletiva de imprensa em Doha (Foto: Reprodu\u00e7\u00e3o\/FlamengoTV)"},{"@type":"BreadcrumbList","@id":"https:\/\/www.gaveanews.com\/index.php\/2025\/12\/14\/a-declaracao-de-filipe-luis-sobre-final-entre-flamengo-x-psg-tentar-fazer-historia\/#breadcrumb","itemListElement":[{"@type":"ListItem","position":1,"name":"Home","item":"https:\/\/www.gaveanews.com\/"},{"@type":"ListItem","position":2,"name":"A declara\u00e7\u00e3o de Filipe Lu\u00eds sobre final entre Flamengo x PSG: &#8220;Tentar fazer hist\u00f3ria&#8230;&#8221;"}]},{"@type":"WebSite","@id":"https:\/\/www.gaveanews.com\/#website","url":"https:\/\/www.gaveanews.com\/","name":"G\u00e1vea News","description":"Veja todas as not\u00edcias sobre o Flamengo: Contrata\u00e7\u00f5es, categorias de base, resultados das partidas, tabela de classifica\u00e7\u00e3o, pr\u00f3ximos jogos!","potentialAction":[{"@type":"SearchAction","target":{"@type":"EntryPoint","urlTemplate":"https:\/\/www.gaveanews.com\/?s={search_term_string}"},"query-input":{"@type":"PropertyValueSpecification","valueRequired":true,"valueName":"search_term_string"}}],"inLanguage":"pt-BR"},{"@type":"Person","@id":"https:\/\/www.gaveanews.com\/#\/schema\/person\/daf63eec72e1164eb13dc35096c2b8da","name":"Paula Silva","image":{"@type":"ImageObject","inLanguage":"pt-BR","@id":"https:\/\/www.gaveanews.com\/#\/schema\/person\/image\/","url":"https:\/\/secure.gravatar.com\/avatar\/eda381c845527cc5d64c13b901833cda29d97500ba040d3e6461f76f51d163bb?s=96&d=mm&r=g","contentUrl":"https:\/\/secure.gravatar.com\/avatar\/eda381c845527cc5d64c13b901833cda29d97500ba040d3e6461f76f51d163bb?s=96&d=mm&r=g","caption":"Paula Silva"}}]}},"_links":{"self":[{"href":"https:\/\/www.gaveanews.com\/index.php\/wp-json\/wp\/v2\/posts\/281615","targetHints":{"allow":["GET"]}}],"collection":[{"href":"https:\/\/www.gaveanews.com\/index.php\/wp-json\/wp\/v2\/posts"}],"about":[{"href":"https:\/\/www.gaveanews.com\/index.php\/wp-json\/wp\/v2\/types\/post"}],"author":[{"embeddable":true,"href":"https:\/\/www.gaveanews.com\/index.php\/wp-json\/wp\/v2\/users\/18"}],"replies":[{"embeddable":true,"href":"https:\/\/www.gaveanews.com\/index.php\/wp-json\/wp\/v2\/comments?post=281615"}],"version-history":[{"count":1,"href":"https:\/\/www.gaveanews.com\/index.php\/wp-json\/wp\/v2\/posts\/281615\/revisions"}],"predecessor-version":[{"id":281616,"href":"https:\/\/www.gaveanews.com\/index.php\/wp-json\/wp\/v2\/posts\/281615\/revisions\/281616"}],"wp:featuredmedia":[{"embeddable":true,"href":"https:\/\/www.gaveanews.com\/index.php\/wp-json\/wp\/v2\/media\/281593"}],"wp:attachment":[{"href":"https:\/\/www.gaveanews.com\/index.php\/wp-json\/wp\/v2\/media?parent=281615"}],"wp:term":[{"taxonomy":"category","embeddable":true,"href":"https:\/\/www.gaveanews.com\/index.php\/wp-json\/wp\/v2\/categories?post=281615"},{"taxonomy":"post_tag","embeddable":true,"href":"https:\/\/www.gaveanews.com\/index.php\/wp-json\/wp\/v2\/tags?post=281615"}],"curies":[{"name":"wp","href":"https:\/\/api.w.org\/{rel}","templated":true}]}}