{"id":281665,"date":"2025-12-17T09:30:00","date_gmt":"2025-12-17T12:30:00","guid":{"rendered":"https:\/\/www.gaveanews.com\/?p=281665"},"modified":"2025-12-17T09:49:13","modified_gmt":"2025-12-17T12:49:13","slug":"oficial-veja-contra-quem-o-flamengo-estreia-no-brasileirao-2026","status":"publish","type":"post","link":"https:\/\/www.gaveanews.com\/index.php\/2025\/12\/17\/oficial-veja-contra-quem-o-flamengo-estreia-no-brasileirao-2026\/","title":{"rendered":"Oficial! Veja contra quem o Flamengo estreia no Brasileir\u00e3o 2026"},"content":{"rendered":"\n<p>A Confedera\u00e7\u00e3o Brasileira de Futebol divulgou a tabela base do Campeonato Brasileiro de 2026, al\u00e9m do Regulamento Espec\u00edfico da Competi\u00e7\u00e3o e do Plano Geral de A\u00e7\u00f5es. Os documentos definem datas, jogos e mudan\u00e7as relevantes nas regras da S\u00e9rie A, com in\u00edcio previsto para os dias 28 e 29 de janeiro.<\/p>\n\n\n\n<p>Na abertura da competi\u00e7\u00e3o, o <a href=\"https:\/\/www.gaveanews.com\/index.php\/category\/brasileirao\/flamengo\/\" target=\"_blank\" rel=\"noreferrer noopener\">Flamengo<\/a> enfrentar\u00e1 o S\u00e3o Paulo fora de casa. A estreia no Maracan\u00e3 ser\u00e1 na segunda rodada, diante do Internacional, no dia 4 de fevereiro. <\/p>\n\n\n\n<p>Na sequ\u00eancia, o atual campe\u00e3o nacional enfrentar\u00e1 o Vit\u00f3ria, em Salvador. O calend\u00e1rio das 38 rodadas j\u00e1 est\u00e1 previamente estabelecido pela entidade.<\/p>\n\n\n\n<h3 class=\"wp-block-heading\" id=\"h-mudancas-no-brasileirao-para-2026\">Mudan\u00e7as no Brasileir\u00e3o para 2026<\/h3>\n\n\n\n<p>Entre as altera\u00e7\u00f5es confirmadas, est\u00e1 o novo limite de partidas disputadas por um jogador antes de trocar de clube na mesma edi\u00e7\u00e3o. A partir de 2026, atletas poder\u00e3o atuar por at\u00e9 12 jogos, ou seja, o dobro do permitido at\u00e9 2025. Essa mudan\u00e7a amplia as possibilidades de movimenta\u00e7\u00f5es durante a janela nacional.<\/p>\n\n\n\n<figure class=\"wp-block-image size-full\"><img loading=\"lazy\" decoding=\"async\" width=\"984\" height=\"656\" src=\"http:\/\/www.gaveanews.com\/wp-content\/uploads\/trofeu-brasileirao.webp\" alt=\"\" class=\"wp-image-110475\" srcset=\"https:\/\/www.gaveanews.com\/wp-content\/uploads\/trofeu-brasileirao.webp 984w, https:\/\/www.gaveanews.com\/wp-content\/uploads\/trofeu-brasileirao-300x200.webp 300w, https:\/\/www.gaveanews.com\/wp-content\/uploads\/trofeu-brasileirao-768x512.webp 768w, https:\/\/www.gaveanews.com\/wp-content\/uploads\/trofeu-brasileirao-630x420.webp 630w, https:\/\/www.gaveanews.com\/wp-content\/uploads\/trofeu-brasileirao-640x427.webp 640w, https:\/\/www.gaveanews.com\/wp-content\/uploads\/trofeu-brasileirao-681x454.webp 681w, https:\/\/www.gaveanews.com\/wp-content\/uploads\/trofeu-brasileirao-100x67.webp 100w\" sizes=\"auto, (max-width: 984px) 100vw, 984px\" \/><figcaption class=\"wp-element-caption\">Trof\u00e9u do Brasileir\u00e3o (Foto: Lucas Figueiredo\/ CBF)<\/figcaption><\/figure>\n\n\n\n<p>Houve ainda uma reformula\u00e7\u00e3o no crit\u00e9rio de classifica\u00e7\u00e3o para a Libertadores. O Brasileiro seguir\u00e1 concedendo quatro vagas diretas para a fase de grupos, mas a novidade \u00e9 que o quinto colocado ter\u00e1 acesso apenas \u00e0 fase preliminar. <\/p>\n\n\n\n<p>J\u00e1 a Copa do Brasil passar\u00e1 a classificar dois clubes: o campe\u00e3o diretamente \u00e0 fase de grupos e o vice \u00e0 etapa anterior. Com isso, os crit\u00e9rios oficiais para a Libertadores de 2027 passam a ser: os quatro primeiros do Brasileir\u00e3o garantem acesso \u00e0 fase de grupos; o quinto colocado segue para a fase preliminar. <\/p>\n\n\n\n<p>Caso os finalistas da Copa do Brasil j\u00e1 estejam classificados, as vagas voltam ao Campeonato Brasileiro.<\/p>\n","protected":false},"excerpt":{"rendered":"<p>A Confedera\u00e7\u00e3o Brasileira de Futebol divulgou a tabela base do Campeonato Brasileiro de 2026, al\u00e9m do Regulamento Espec\u00edfico da Competi\u00e7\u00e3o e do Plano Geral de A\u00e7\u00f5es. Os documentos definem datas, jogos e mudan\u00e7as relevantes nas regras da S\u00e9rie A, com in\u00edcio previsto para os dias 28 e 29 de janeiro. Na abertura da competi\u00e7\u00e3o, o [&hellip;]<\/p>\n","protected":false},"author":39,"featured_media":281385,"comment_status":"open","ping_status":"closed","sticky":false,"template":"","format":"standard","meta":{"footnotes":""},"categories":[133,1],"tags":[650,649,541,653,250,279,652,464,236,651,623],"class_list":["post-281665","post","type-post","status-publish","format-standard","has-post-thumbnail","hentry","category-brasileirao","category-flamengo","tag-brasileirao-2026","tag-campeonato-brasileiro-2026","tag-cbf","tag-datas","tag-flamengo","tag-internacional","tag-jogos","tag-libertadores","tag-sao-paulo","tag-tabela","tag-vitoria"],"yoast_head":"<!-- This site is optimized with the Yoast SEO Premium plugin v24.2 (Yoast SEO v26.9) - https:\/\/yoast.com\/product\/yoast-seo-premium-wordpress\/ -->\n<title>Oficial! Veja contra quem o Flamengo estreia no Brasileir\u00e3o 2026<\/title>\n<meta name=\"description\" content=\"A estreia do Flamengo no Maracan\u00e3 ser\u00e1 na segunda rodada, diante do Internacional, previsto para o dia 4 de fevereiro de 2026\" \/>\n<meta name=\"robots\" content=\"index, follow, max-snippet:-1, max-image-preview:large, max-video-preview:-1\" \/>\n<link rel=\"canonical\" href=\"https:\/\/www.gaveanews.com\/index.php\/2025\/12\/17\/oficial-veja-contra-quem-o-flamengo-estreia-no-brasileirao-2026\/\" \/>\n<meta property=\"og:locale\" content=\"pt_BR\" \/>\n<meta property=\"og:type\" content=\"article\" \/>\n<meta property=\"og:title\" content=\"Oficial! Veja contra quem o Flamengo estreia no Brasileir\u00e3o 2026\" \/>\n<meta property=\"og:description\" content=\"A estreia do Flamengo no Maracan\u00e3 ser\u00e1 na segunda rodada, diante do Internacional, previsto para o dia 4 de fevereiro de 2026\" \/>\n<meta property=\"og:url\" content=\"https:\/\/www.gaveanews.com\/index.php\/2025\/12\/17\/oficial-veja-contra-quem-o-flamengo-estreia-no-brasileirao-2026\/\" \/>\n<meta property=\"og:site_name\" content=\"G\u00e1vea News\" \/>\n<meta property=\"article:publisher\" content=\"https:\/\/facebook.com\/gaveaNews\/\" \/>\n<meta property=\"article:published_time\" content=\"2025-12-17T12:30:00+00:00\" \/>\n<meta property=\"article:modified_time\" content=\"2025-12-17T12:49:13+00:00\" \/>\n<meta property=\"og:image\" content=\"http:\/\/www.gaveanews.com\/wp-content\/uploads\/Flamengo-pelo-Brasileirao-2025.png\" \/>\n\t<meta property=\"og:image:width\" content=\"1200\" \/>\n\t<meta property=\"og:image:height\" content=\"900\" \/>\n\t<meta property=\"og:image:type\" content=\"image\/png\" \/>\n<meta name=\"author\" content=\"Reda\u00e7\u00e3o\" \/>\n<meta name=\"twitter:card\" content=\"summary_large_image\" \/>\n<meta name=\"twitter:label1\" content=\"Escrito por\" \/>\n\t<meta name=\"twitter:data1\" content=\"Reda\u00e7\u00e3o\" \/>\n\t<meta name=\"twitter:label2\" content=\"Est. tempo de leitura\" \/>\n\t<meta name=\"twitter:data2\" content=\"2 minutos\" \/>\n<script type=\"application\/ld+json\" class=\"yoast-schema-graph\">{\"@context\":\"https:\/\/schema.org\",\"@graph\":[{\"@type\":\"NewsArticle\",\"@id\":\"https:\/\/www.gaveanews.com\/index.php\/2025\/12\/17\/oficial-veja-contra-quem-o-flamengo-estreia-no-brasileirao-2026\/#article\",\"isPartOf\":{\"@id\":\"https:\/\/www.gaveanews.com\/index.php\/2025\/12\/17\/oficial-veja-contra-quem-o-flamengo-estreia-no-brasileirao-2026\/\"},\"author\":{\"name\":\"Reda\u00e7\u00e3o\",\"@id\":\"https:\/\/www.gaveanews.com\/#\/schema\/person\/c88645e3d550d0b6574305e67dd5a716\"},\"headline\":\"Oficial! Veja contra quem o Flamengo estreia no Brasileir\u00e3o 2026\",\"datePublished\":\"2025-12-17T12:30:00+00:00\",\"dateModified\":\"2025-12-17T12:49:13+00:00\",\"mainEntityOfPage\":{\"@id\":\"https:\/\/www.gaveanews.com\/index.php\/2025\/12\/17\/oficial-veja-contra-quem-o-flamengo-estreia-no-brasileirao-2026\/\"},\"wordCount\":297,\"commentCount\":0,\"image\":{\"@id\":\"https:\/\/www.gaveanews.com\/index.php\/2025\/12\/17\/oficial-veja-contra-quem-o-flamengo-estreia-no-brasileirao-2026\/#primaryimage\"},\"thumbnailUrl\":\"https:\/\/www.gaveanews.com\/wp-content\/uploads\/Flamengo-pelo-Brasileirao-2025.png\",\"keywords\":[\"Brasileir\u00e3o 2026\",\"Campeonato Brasileiro 2026\",\"CBF\",\"datas\",\"Flamengo\",\"Internacional\",\"jogos\",\"libertadores\",\"S\u00e3o Paulo\",\"tabela\",\"Vit\u00f3ria\"],\"articleSection\":[\"Brasileir\u00e3o\",\"Flamengo\"],\"inLanguage\":\"pt-BR\",\"potentialAction\":[{\"@type\":\"CommentAction\",\"name\":\"Comment\",\"target\":[\"https:\/\/www.gaveanews.com\/index.php\/2025\/12\/17\/oficial-veja-contra-quem-o-flamengo-estreia-no-brasileirao-2026\/#respond\"]}],\"copyrightYear\":\"2025\",\"copyrightHolder\":{\"@id\":\"https:\/\/www.gaveanews.com\/#organization\"}},{\"@type\":\"WebPage\",\"@id\":\"https:\/\/www.gaveanews.com\/index.php\/2025\/12\/17\/oficial-veja-contra-quem-o-flamengo-estreia-no-brasileirao-2026\/\",\"url\":\"https:\/\/www.gaveanews.com\/index.php\/2025\/12\/17\/oficial-veja-contra-quem-o-flamengo-estreia-no-brasileirao-2026\/\",\"name\":\"Oficial! Veja contra quem o Flamengo estreia no Brasileir\u00e3o 2026\",\"isPartOf\":{\"@id\":\"https:\/\/www.gaveanews.com\/#website\"},\"primaryImageOfPage\":{\"@id\":\"https:\/\/www.gaveanews.com\/index.php\/2025\/12\/17\/oficial-veja-contra-quem-o-flamengo-estreia-no-brasileirao-2026\/#primaryimage\"},\"image\":{\"@id\":\"https:\/\/www.gaveanews.com\/index.php\/2025\/12\/17\/oficial-veja-contra-quem-o-flamengo-estreia-no-brasileirao-2026\/#primaryimage\"},\"thumbnailUrl\":\"https:\/\/www.gaveanews.com\/wp-content\/uploads\/Flamengo-pelo-Brasileirao-2025.png\",\"datePublished\":\"2025-12-17T12:30:00+00:00\",\"dateModified\":\"2025-12-17T12:49:13+00:00\",\"author\":{\"@id\":\"https:\/\/www.gaveanews.com\/#\/schema\/person\/c88645e3d550d0b6574305e67dd5a716\"},\"description\":\"A estreia do Flamengo no Maracan\u00e3 ser\u00e1 na segunda rodada, diante do Internacional, previsto para o dia 4 de fevereiro de 2026\",\"breadcrumb\":{\"@id\":\"https:\/\/www.gaveanews.com\/index.php\/2025\/12\/17\/oficial-veja-contra-quem-o-flamengo-estreia-no-brasileirao-2026\/#breadcrumb\"},\"inLanguage\":\"pt-BR\",\"potentialAction\":[{\"@type\":\"ReadAction\",\"target\":[\"https:\/\/www.gaveanews.com\/index.php\/2025\/12\/17\/oficial-veja-contra-quem-o-flamengo-estreia-no-brasileirao-2026\/\"]}]},{\"@type\":\"ImageObject\",\"inLanguage\":\"pt-BR\",\"@id\":\"https:\/\/www.gaveanews.com\/index.php\/2025\/12\/17\/oficial-veja-contra-quem-o-flamengo-estreia-no-brasileirao-2026\/#primaryimage\",\"url\":\"https:\/\/www.gaveanews.com\/wp-content\/uploads\/Flamengo-pelo-Brasileirao-2025.png\",\"contentUrl\":\"https:\/\/www.gaveanews.com\/wp-content\/uploads\/Flamengo-pelo-Brasileirao-2025.png\",\"width\":1200,\"height\":900,\"caption\":\"Foto: Gilvan de Souza\/Flamengo\"},{\"@type\":\"BreadcrumbList\",\"@id\":\"https:\/\/www.gaveanews.com\/index.php\/2025\/12\/17\/oficial-veja-contra-quem-o-flamengo-estreia-no-brasileirao-2026\/#breadcrumb\",\"itemListElement\":[{\"@type\":\"ListItem\",\"position\":1,\"name\":\"Home\",\"item\":\"https:\/\/www.gaveanews.com\/\"},{\"@type\":\"ListItem\",\"position\":2,\"name\":\"Oficial! Veja contra quem o Flamengo estreia no Brasileir\u00e3o 2026\"}]},{\"@type\":\"WebSite\",\"@id\":\"https:\/\/www.gaveanews.com\/#website\",\"url\":\"https:\/\/www.gaveanews.com\/\",\"name\":\"G\u00e1vea News\",\"description\":\"Veja todas as not\u00edcias sobre o Flamengo: Contrata\u00e7\u00f5es, categorias de base, resultados das partidas, tabela de classifica\u00e7\u00e3o, pr\u00f3ximos jogos!\",\"potentialAction\":[{\"@type\":\"SearchAction\",\"target\":{\"@type\":\"EntryPoint\",\"urlTemplate\":\"https:\/\/www.gaveanews.com\/?s={search_term_string}\"},\"query-input\":{\"@type\":\"PropertyValueSpecification\",\"valueRequired\":true,\"valueName\":\"search_term_string\"}}],\"inLanguage\":\"pt-BR\"},{\"@type\":\"Person\",\"@id\":\"https:\/\/www.gaveanews.com\/#\/schema\/person\/c88645e3d550d0b6574305e67dd5a716\",\"name\":\"Reda\u00e7\u00e3o\",\"image\":{\"@type\":\"ImageObject\",\"inLanguage\":\"pt-BR\",\"@id\":\"https:\/\/www.gaveanews.com\/#\/schema\/person\/image\/\",\"url\":\"https:\/\/secure.gravatar.com\/avatar\/434098fd823f0dc1b062d14ca22bacaa6e38de28d8c816bbef6fc2f8c44d8ba3?s=96&d=mm&r=g\",\"contentUrl\":\"https:\/\/secure.gravatar.com\/avatar\/434098fd823f0dc1b062d14ca22bacaa6e38de28d8c816bbef6fc2f8c44d8ba3?s=96&d=mm&r=g\",\"caption\":\"Reda\u00e7\u00e3o\"}}]}<\/script>\n<!-- \/ Yoast SEO Premium plugin. -->","yoast_head_json":{"title":"Oficial! Veja contra quem o Flamengo estreia no Brasileir\u00e3o 2026","description":"A estreia do Flamengo no Maracan\u00e3 ser\u00e1 na segunda rodada, diante do Internacional, previsto para o dia 4 de fevereiro de 2026","robots":{"index":"index","follow":"follow","max-snippet":"max-snippet:-1","max-image-preview":"max-image-preview:large","max-video-preview":"max-video-preview:-1"},"canonical":"https:\/\/www.gaveanews.com\/index.php\/2025\/12\/17\/oficial-veja-contra-quem-o-flamengo-estreia-no-brasileirao-2026\/","og_locale":"pt_BR","og_type":"article","og_title":"Oficial! Veja contra quem o Flamengo estreia no Brasileir\u00e3o 2026","og_description":"A estreia do Flamengo no Maracan\u00e3 ser\u00e1 na segunda rodada, diante do Internacional, previsto para o dia 4 de fevereiro de 2026","og_url":"https:\/\/www.gaveanews.com\/index.php\/2025\/12\/17\/oficial-veja-contra-quem-o-flamengo-estreia-no-brasileirao-2026\/","og_site_name":"G\u00e1vea News","article_publisher":"https:\/\/facebook.com\/gaveaNews\/","article_published_time":"2025-12-17T12:30:00+00:00","article_modified_time":"2025-12-17T12:49:13+00:00","og_image":[{"width":1200,"height":900,"url":"http:\/\/www.gaveanews.com\/wp-content\/uploads\/Flamengo-pelo-Brasileirao-2025.png","type":"image\/png"}],"author":"Reda\u00e7\u00e3o","twitter_card":"summary_large_image","twitter_misc":{"Escrito por":"Reda\u00e7\u00e3o","Est. tempo de leitura":"2 minutos"},"schema":{"@context":"https:\/\/schema.org","@graph":[{"@type":"NewsArticle","@id":"https:\/\/www.gaveanews.com\/index.php\/2025\/12\/17\/oficial-veja-contra-quem-o-flamengo-estreia-no-brasileirao-2026\/#article","isPartOf":{"@id":"https:\/\/www.gaveanews.com\/index.php\/2025\/12\/17\/oficial-veja-contra-quem-o-flamengo-estreia-no-brasileirao-2026\/"},"author":{"name":"Reda\u00e7\u00e3o","@id":"https:\/\/www.gaveanews.com\/#\/schema\/person\/c88645e3d550d0b6574305e67dd5a716"},"headline":"Oficial! Veja contra quem o Flamengo estreia no Brasileir\u00e3o 2026","datePublished":"2025-12-17T12:30:00+00:00","dateModified":"2025-12-17T12:49:13+00:00","mainEntityOfPage":{"@id":"https:\/\/www.gaveanews.com\/index.php\/2025\/12\/17\/oficial-veja-contra-quem-o-flamengo-estreia-no-brasileirao-2026\/"},"wordCount":297,"commentCount":0,"image":{"@id":"https:\/\/www.gaveanews.com\/index.php\/2025\/12\/17\/oficial-veja-contra-quem-o-flamengo-estreia-no-brasileirao-2026\/#primaryimage"},"thumbnailUrl":"https:\/\/www.gaveanews.com\/wp-content\/uploads\/Flamengo-pelo-Brasileirao-2025.png","keywords":["Brasileir\u00e3o 2026","Campeonato Brasileiro 2026","CBF","datas","Flamengo","Internacional","jogos","libertadores","S\u00e3o Paulo","tabela","Vit\u00f3ria"],"articleSection":["Brasileir\u00e3o","Flamengo"],"inLanguage":"pt-BR","potentialAction":[{"@type":"CommentAction","name":"Comment","target":["https:\/\/www.gaveanews.com\/index.php\/2025\/12\/17\/oficial-veja-contra-quem-o-flamengo-estreia-no-brasileirao-2026\/#respond"]}],"copyrightYear":"2025","copyrightHolder":{"@id":"https:\/\/www.gaveanews.com\/#organization"}},{"@type":"WebPage","@id":"https:\/\/www.gaveanews.com\/index.php\/2025\/12\/17\/oficial-veja-contra-quem-o-flamengo-estreia-no-brasileirao-2026\/","url":"https:\/\/www.gaveanews.com\/index.php\/2025\/12\/17\/oficial-veja-contra-quem-o-flamengo-estreia-no-brasileirao-2026\/","name":"Oficial! Veja contra quem o Flamengo estreia no Brasileir\u00e3o 2026","isPartOf":{"@id":"https:\/\/www.gaveanews.com\/#website"},"primaryImageOfPage":{"@id":"https:\/\/www.gaveanews.com\/index.php\/2025\/12\/17\/oficial-veja-contra-quem-o-flamengo-estreia-no-brasileirao-2026\/#primaryimage"},"image":{"@id":"https:\/\/www.gaveanews.com\/index.php\/2025\/12\/17\/oficial-veja-contra-quem-o-flamengo-estreia-no-brasileirao-2026\/#primaryimage"},"thumbnailUrl":"https:\/\/www.gaveanews.com\/wp-content\/uploads\/Flamengo-pelo-Brasileirao-2025.png","datePublished":"2025-12-17T12:30:00+00:00","dateModified":"2025-12-17T12:49:13+00:00","author":{"@id":"https:\/\/www.gaveanews.com\/#\/schema\/person\/c88645e3d550d0b6574305e67dd5a716"},"description":"A estreia do Flamengo no Maracan\u00e3 ser\u00e1 na segunda rodada, diante do Internacional, previsto para o dia 4 de fevereiro de 2026","breadcrumb":{"@id":"https:\/\/www.gaveanews.com\/index.php\/2025\/12\/17\/oficial-veja-contra-quem-o-flamengo-estreia-no-brasileirao-2026\/#breadcrumb"},"inLanguage":"pt-BR","potentialAction":[{"@type":"ReadAction","target":["https:\/\/www.gaveanews.com\/index.php\/2025\/12\/17\/oficial-veja-contra-quem-o-flamengo-estreia-no-brasileirao-2026\/"]}]},{"@type":"ImageObject","inLanguage":"pt-BR","@id":"https:\/\/www.gaveanews.com\/index.php\/2025\/12\/17\/oficial-veja-contra-quem-o-flamengo-estreia-no-brasileirao-2026\/#primaryimage","url":"https:\/\/www.gaveanews.com\/wp-content\/uploads\/Flamengo-pelo-Brasileirao-2025.png","contentUrl":"https:\/\/www.gaveanews.com\/wp-content\/uploads\/Flamengo-pelo-Brasileirao-2025.png","width":1200,"height":900,"caption":"Foto: Gilvan de Souza\/Flamengo"},{"@type":"BreadcrumbList","@id":"https:\/\/www.gaveanews.com\/index.php\/2025\/12\/17\/oficial-veja-contra-quem-o-flamengo-estreia-no-brasileirao-2026\/#breadcrumb","itemListElement":[{"@type":"ListItem","position":1,"name":"Home","item":"https:\/\/www.gaveanews.com\/"},{"@type":"ListItem","position":2,"name":"Oficial! Veja contra quem o Flamengo estreia no Brasileir\u00e3o 2026"}]},{"@type":"WebSite","@id":"https:\/\/www.gaveanews.com\/#website","url":"https:\/\/www.gaveanews.com\/","name":"G\u00e1vea News","description":"Veja todas as not\u00edcias sobre o Flamengo: Contrata\u00e7\u00f5es, categorias de base, resultados das partidas, tabela de classifica\u00e7\u00e3o, pr\u00f3ximos jogos!","potentialAction":[{"@type":"SearchAction","target":{"@type":"EntryPoint","urlTemplate":"https:\/\/www.gaveanews.com\/?s={search_term_string}"},"query-input":{"@type":"PropertyValueSpecification","valueRequired":true,"valueName":"search_term_string"}}],"inLanguage":"pt-BR"},{"@type":"Person","@id":"https:\/\/www.gaveanews.com\/#\/schema\/person\/c88645e3d550d0b6574305e67dd5a716","name":"Reda\u00e7\u00e3o","image":{"@type":"ImageObject","inLanguage":"pt-BR","@id":"https:\/\/www.gaveanews.com\/#\/schema\/person\/image\/","url":"https:\/\/secure.gravatar.com\/avatar\/434098fd823f0dc1b062d14ca22bacaa6e38de28d8c816bbef6fc2f8c44d8ba3?s=96&d=mm&r=g","contentUrl":"https:\/\/secure.gravatar.com\/avatar\/434098fd823f0dc1b062d14ca22bacaa6e38de28d8c816bbef6fc2f8c44d8ba3?s=96&d=mm&r=g","caption":"Reda\u00e7\u00e3o"}}]}},"_links":{"self":[{"href":"https:\/\/www.gaveanews.com\/index.php\/wp-json\/wp\/v2\/posts\/281665","targetHints":{"allow":["GET"]}}],"collection":[{"href":"https:\/\/www.gaveanews.com\/index.php\/wp-json\/wp\/v2\/posts"}],"about":[{"href":"https:\/\/www.gaveanews.com\/index.php\/wp-json\/wp\/v2\/types\/post"}],"author":[{"embeddable":true,"href":"https:\/\/www.gaveanews.com\/index.php\/wp-json\/wp\/v2\/users\/39"}],"replies":[{"embeddable":true,"href":"https:\/\/www.gaveanews.com\/index.php\/wp-json\/wp\/v2\/comments?post=281665"}],"version-history":[{"count":2,"href":"https:\/\/www.gaveanews.com\/index.php\/wp-json\/wp\/v2\/posts\/281665\/revisions"}],"predecessor-version":[{"id":281669,"href":"https:\/\/www.gaveanews.com\/index.php\/wp-json\/wp\/v2\/posts\/281665\/revisions\/281669"}],"wp:featuredmedia":[{"embeddable":true,"href":"https:\/\/www.gaveanews.com\/index.php\/wp-json\/wp\/v2\/media\/281385"}],"wp:attachment":[{"href":"https:\/\/www.gaveanews.com\/index.php\/wp-json\/wp\/v2\/media?parent=281665"}],"wp:term":[{"taxonomy":"category","embeddable":true,"href":"https:\/\/www.gaveanews.com\/index.php\/wp-json\/wp\/v2\/categories?post=281665"},{"taxonomy":"post_tag","embeddable":true,"href":"https:\/\/www.gaveanews.com\/index.php\/wp-json\/wp\/v2\/tags?post=281665"}],"curies":[{"name":"wp","href":"https:\/\/api.w.org\/{rel}","templated":true}]}}