{"id":281666,"date":"2025-12-17T09:20:00","date_gmt":"2025-12-17T12:20:00","guid":{"rendered":"https:\/\/www.gaveanews.com\/?p=281666"},"modified":"2025-12-17T09:47:48","modified_gmt":"2025-12-17T12:47:48","slug":"ele-fica-nome-forte-do-flamengo-revela-que-vai-permanecer-no-clube","status":"publish","type":"post","link":"https:\/\/www.gaveanews.com\/index.php\/2025\/12\/17\/ele-fica-nome-forte-do-flamengo-revela-que-vai-permanecer-no-clube\/","title":{"rendered":"Ele fica! Nome forte do Flamengo revela que vai permanecer no clube"},"content":{"rendered":"\n<p>Enquanto o <a href=\"https:\/\/www.gaveanews.com\/index.php\/category\/brasileirao\/flamengo\/\" target=\"_blank\" rel=\"noreferrer noopener\">Flamengo<\/a> concentra suas aten\u00e7\u00f5es na final da Copa Intercontinental contra o PSG, nesta quarta-feira (17) no Qatar, o departamento de futebol j\u00e1 avan\u00e7a com o planejamento para a temporada de 2026. <\/p>\n\n\n\n<p>Respons\u00e1vel por conduzir as decis\u00f5es estrat\u00e9gicas, o diretor Jos\u00e9 Boto garantiu sua perman\u00eancia no clube e confirmou negocia\u00e7\u00f5es em andamento. Em entrevista ao <em>Flazoeiro<\/em>, o portugu\u00eas afirmou que o v\u00ednculo com o Rubro-Negro segue at\u00e9 o fim de 2026 e que n\u00e3o h\u00e1 defini\u00e7\u00e3o pendente quanto \u00e0 sua continuidade. <\/p>\n\n\n\n<p>Ele reconheceu que seu nome circula em clubes europeus, mas reiterou que seu foco est\u00e1 no projeto do clube. \u201cEst\u00e1 tudo encaminhado para fazer. S\u00f3 n\u00e3o fizemos ainda pois estamos no Qatar\u201d, declarou.<\/p>\n\n\n\n<p>Segundo Boto, o clube j\u00e1 discute poss\u00edveis movimenta\u00e7\u00f5es no elenco. Ele revelou que algumas sa\u00eddas est\u00e3o em est\u00e1gio mais avan\u00e7ado do que as chegadas, com tratativas abertas envolvendo atletas que n\u00e3o comprometem o equil\u00edbrio da equipe. <\/p>\n\n\n\n<figure class=\"wp-block-image size-full\"><img loading=\"lazy\" decoding=\"async\" width=\"805\" height=\"538\" src=\"http:\/\/www.gaveanews.com\/wp-content\/uploads\/Filipe-Luis-e-Jose-Boto-pelo-Flamengo.webp\" alt=\"\" class=\"wp-image-249228\"\/><figcaption class=\"wp-element-caption\">Filipe Lu\u00eds e Jos\u00e9 Boto se alinham por planejamento (Foto: divulga\u00e7\u00e3o\/CRF)<\/figcaption><\/figure>\n\n\n\n<p>\u201cH\u00e1 negocia\u00e7\u00f5es j\u00e1 avan\u00e7adas, mais avan\u00e7adas do que as entradas, de algumas sa\u00eddas. N\u00e3o vou dizer nomes, mas h\u00e1 negocia\u00e7\u00f5es avan\u00e7adas de jogadores que n\u00f3s entendemos que podem sair. Os que n\u00e3o v\u00e3o p\u00f4r em causa o equil\u00edbrio da equipe, nem aquilo que n\u00f3s pensamos para 2026\u201d, explicou o dirigente.<\/p>\n\n\n\n<p>Boto ainda comentou que alguns jogadores manifestaram o desejo de sair por perceberem a falta de espa\u00e7o no elenco, como \u00e9 o caso de Everton Cebolinha. \u201cAgora tamb\u00e9m, n\u00e3o os vamos liberar por zero, n\u00e3o \u00e9 por nada. Vamos querer tamb\u00e9m, ou seja, garantir tamb\u00e9m os interesses do Flamengo\u201d, concluiu.<\/p>\n","protected":false},"excerpt":{"rendered":"<p>Enquanto o Flamengo concentra suas aten\u00e7\u00f5es na final da Copa Intercontinental contra o PSG, nesta quarta-feira (17) no Qatar, o departamento de futebol j\u00e1 avan\u00e7a com o planejamento para a temporada de 2026. Respons\u00e1vel por conduzir as decis\u00f5es estrat\u00e9gicas, o diretor Jos\u00e9 Boto garantiu sua perman\u00eancia no clube e confirmou negocia\u00e7\u00f5es em andamento. Em entrevista [&hellip;]<\/p>\n","protected":false},"author":39,"featured_media":0,"comment_status":"open","ping_status":"closed","sticky":false,"template":"","format":"standard","meta":{"footnotes":""},"categories":[1],"tags":[588,532,250,655,531,654],"class_list":["post-281666","post","type-post","status-publish","format-standard","hentry","category-flamengo","tag-everton-cebolinha","tag-filipe-luis","tag-flamengo","tag-flazoeiro","tag-jose-boto","tag-temporada-2026"],"yoast_head":"<!-- This site is optimized with the Yoast SEO Premium plugin v24.2 (Yoast SEO v26.9) - https:\/\/yoast.com\/product\/yoast-seo-premium-wordpress\/ -->\n<title>Ele fica! Nome forte do Flamengo revela que vai permanecer no clube<\/title>\n<meta name=\"description\" content=\"Antes de oficializar, por\u00e9m, o Flamengo foca suas aten\u00e7\u00f5es na decis\u00e3o do Intercontinental de Clubes contra o PSG, nesta quarta-feira\" \/>\n<meta name=\"robots\" content=\"index, follow, max-snippet:-1, max-image-preview:large, max-video-preview:-1\" \/>\n<link rel=\"canonical\" href=\"https:\/\/www.gaveanews.com\/index.php\/2025\/12\/17\/ele-fica-nome-forte-do-flamengo-revela-que-vai-permanecer-no-clube\/\" \/>\n<meta property=\"og:locale\" content=\"pt_BR\" \/>\n<meta property=\"og:type\" content=\"article\" \/>\n<meta property=\"og:title\" content=\"Ele fica! Nome forte do Flamengo revela que vai permanecer no clube\" \/>\n<meta property=\"og:description\" content=\"Antes de oficializar, por\u00e9m, o Flamengo foca suas aten\u00e7\u00f5es na decis\u00e3o do Intercontinental de Clubes contra o PSG, nesta quarta-feira\" \/>\n<meta property=\"og:url\" content=\"https:\/\/www.gaveanews.com\/index.php\/2025\/12\/17\/ele-fica-nome-forte-do-flamengo-revela-que-vai-permanecer-no-clube\/\" \/>\n<meta property=\"og:site_name\" content=\"G\u00e1vea News\" \/>\n<meta property=\"article:publisher\" content=\"https:\/\/facebook.com\/gaveaNews\/\" \/>\n<meta property=\"article:published_time\" content=\"2025-12-17T12:20:00+00:00\" \/>\n<meta property=\"article:modified_time\" content=\"2025-12-17T12:47:48+00:00\" \/>\n<meta property=\"og:image\" content=\"https:\/\/www.gaveanews.com\/wp-content\/uploads\/Filipe-Luis-e-Jose-Boto-pelo-Flamengo.webp\" \/>\n\t<meta property=\"og:image:width\" content=\"805\" \/>\n\t<meta property=\"og:image:height\" content=\"538\" \/>\n\t<meta property=\"og:image:type\" content=\"image\/jpeg\" \/>\n<meta name=\"author\" content=\"Reda\u00e7\u00e3o\" \/>\n<meta name=\"twitter:card\" content=\"summary_large_image\" \/>\n<meta name=\"twitter:label1\" content=\"Escrito por\" \/>\n\t<meta name=\"twitter:data1\" content=\"Reda\u00e7\u00e3o\" \/>\n\t<meta name=\"twitter:label2\" content=\"Est. tempo de leitura\" \/>\n\t<meta name=\"twitter:data2\" content=\"2 minutos\" \/>\n<script type=\"application\/ld+json\" class=\"yoast-schema-graph\">{\"@context\":\"https:\/\/schema.org\",\"@graph\":[{\"@type\":\"NewsArticle\",\"@id\":\"https:\/\/www.gaveanews.com\/index.php\/2025\/12\/17\/ele-fica-nome-forte-do-flamengo-revela-que-vai-permanecer-no-clube\/#article\",\"isPartOf\":{\"@id\":\"https:\/\/www.gaveanews.com\/index.php\/2025\/12\/17\/ele-fica-nome-forte-do-flamengo-revela-que-vai-permanecer-no-clube\/\"},\"author\":{\"name\":\"Reda\u00e7\u00e3o\",\"@id\":\"https:\/\/www.gaveanews.com\/#\/schema\/person\/c88645e3d550d0b6574305e67dd5a716\"},\"headline\":\"Ele fica! Nome forte do Flamengo revela que vai permanecer no clube\",\"datePublished\":\"2025-12-17T12:20:00+00:00\",\"dateModified\":\"2025-12-17T12:47:48+00:00\",\"mainEntityOfPage\":{\"@id\":\"https:\/\/www.gaveanews.com\/index.php\/2025\/12\/17\/ele-fica-nome-forte-do-flamengo-revela-que-vai-permanecer-no-clube\/\"},\"wordCount\":309,\"commentCount\":0,\"image\":{\"@id\":\"https:\/\/www.gaveanews.com\/index.php\/2025\/12\/17\/ele-fica-nome-forte-do-flamengo-revela-que-vai-permanecer-no-clube\/#primaryimage\"},\"thumbnailUrl\":\"http:\/\/www.gaveanews.com\/wp-content\/uploads\/Filipe-Luis-e-Jose-Boto-pelo-Flamengo.webp\",\"keywords\":[\"Everton Cebolinha\",\"Filipe Lu\u00eds\",\"Flamengo\",\"Flazoeiro\",\"Jos\u00e9 Boto\",\"temporada 2026\"],\"articleSection\":[\"Flamengo\"],\"inLanguage\":\"pt-BR\",\"potentialAction\":[{\"@type\":\"CommentAction\",\"name\":\"Comment\",\"target\":[\"https:\/\/www.gaveanews.com\/index.php\/2025\/12\/17\/ele-fica-nome-forte-do-flamengo-revela-que-vai-permanecer-no-clube\/#respond\"]}],\"copyrightYear\":\"2025\",\"copyrightHolder\":{\"@id\":\"https:\/\/www.gaveanews.com\/#organization\"}},{\"@type\":\"WebPage\",\"@id\":\"https:\/\/www.gaveanews.com\/index.php\/2025\/12\/17\/ele-fica-nome-forte-do-flamengo-revela-que-vai-permanecer-no-clube\/\",\"url\":\"https:\/\/www.gaveanews.com\/index.php\/2025\/12\/17\/ele-fica-nome-forte-do-flamengo-revela-que-vai-permanecer-no-clube\/\",\"name\":\"Ele fica! Nome forte do Flamengo revela que vai permanecer no clube\",\"isPartOf\":{\"@id\":\"https:\/\/www.gaveanews.com\/#website\"},\"primaryImageOfPage\":{\"@id\":\"https:\/\/www.gaveanews.com\/index.php\/2025\/12\/17\/ele-fica-nome-forte-do-flamengo-revela-que-vai-permanecer-no-clube\/#primaryimage\"},\"image\":{\"@id\":\"https:\/\/www.gaveanews.com\/index.php\/2025\/12\/17\/ele-fica-nome-forte-do-flamengo-revela-que-vai-permanecer-no-clube\/#primaryimage\"},\"thumbnailUrl\":\"http:\/\/www.gaveanews.com\/wp-content\/uploads\/Filipe-Luis-e-Jose-Boto-pelo-Flamengo.webp\",\"datePublished\":\"2025-12-17T12:20:00+00:00\",\"dateModified\":\"2025-12-17T12:47:48+00:00\",\"author\":{\"@id\":\"https:\/\/www.gaveanews.com\/#\/schema\/person\/c88645e3d550d0b6574305e67dd5a716\"},\"description\":\"Antes de oficializar, por\u00e9m, o Flamengo foca suas aten\u00e7\u00f5es na decis\u00e3o do Intercontinental de Clubes contra o PSG, nesta quarta-feira\",\"breadcrumb\":{\"@id\":\"https:\/\/www.gaveanews.com\/index.php\/2025\/12\/17\/ele-fica-nome-forte-do-flamengo-revela-que-vai-permanecer-no-clube\/#breadcrumb\"},\"inLanguage\":\"pt-BR\",\"potentialAction\":[{\"@type\":\"ReadAction\",\"target\":[\"https:\/\/www.gaveanews.com\/index.php\/2025\/12\/17\/ele-fica-nome-forte-do-flamengo-revela-que-vai-permanecer-no-clube\/\"]}]},{\"@type\":\"ImageObject\",\"inLanguage\":\"pt-BR\",\"@id\":\"https:\/\/www.gaveanews.com\/index.php\/2025\/12\/17\/ele-fica-nome-forte-do-flamengo-revela-que-vai-permanecer-no-clube\/#primaryimage\",\"url\":\"https:\/\/www.gaveanews.com\/wp-content\/uploads\/Filipe-Luis-e-Jose-Boto-pelo-Flamengo.webp\",\"contentUrl\":\"https:\/\/www.gaveanews.com\/wp-content\/uploads\/Filipe-Luis-e-Jose-Boto-pelo-Flamengo.webp\",\"width\":805,\"height\":538,\"caption\":\"Filipe Lu\u00eds e Jos\u00e9 Boto pelo Flamengo (Foto: divulga\u00e7\u00e3o\/Flamengo)\"},{\"@type\":\"BreadcrumbList\",\"@id\":\"https:\/\/www.gaveanews.com\/index.php\/2025\/12\/17\/ele-fica-nome-forte-do-flamengo-revela-que-vai-permanecer-no-clube\/#breadcrumb\",\"itemListElement\":[{\"@type\":\"ListItem\",\"position\":1,\"name\":\"Home\",\"item\":\"https:\/\/www.gaveanews.com\/\"},{\"@type\":\"ListItem\",\"position\":2,\"name\":\"Ele fica! Nome forte do Flamengo revela que vai permanecer no clube\"}]},{\"@type\":\"WebSite\",\"@id\":\"https:\/\/www.gaveanews.com\/#website\",\"url\":\"https:\/\/www.gaveanews.com\/\",\"name\":\"G\u00e1vea News\",\"description\":\"Veja todas as not\u00edcias sobre o Flamengo: Contrata\u00e7\u00f5es, categorias de base, resultados das partidas, tabela de classifica\u00e7\u00e3o, pr\u00f3ximos jogos!\",\"potentialAction\":[{\"@type\":\"SearchAction\",\"target\":{\"@type\":\"EntryPoint\",\"urlTemplate\":\"https:\/\/www.gaveanews.com\/?s={search_term_string}\"},\"query-input\":{\"@type\":\"PropertyValueSpecification\",\"valueRequired\":true,\"valueName\":\"search_term_string\"}}],\"inLanguage\":\"pt-BR\"},{\"@type\":\"Person\",\"@id\":\"https:\/\/www.gaveanews.com\/#\/schema\/person\/c88645e3d550d0b6574305e67dd5a716\",\"name\":\"Reda\u00e7\u00e3o\",\"image\":{\"@type\":\"ImageObject\",\"inLanguage\":\"pt-BR\",\"@id\":\"https:\/\/www.gaveanews.com\/#\/schema\/person\/image\/\",\"url\":\"https:\/\/secure.gravatar.com\/avatar\/434098fd823f0dc1b062d14ca22bacaa6e38de28d8c816bbef6fc2f8c44d8ba3?s=96&d=mm&r=g\",\"contentUrl\":\"https:\/\/secure.gravatar.com\/avatar\/434098fd823f0dc1b062d14ca22bacaa6e38de28d8c816bbef6fc2f8c44d8ba3?s=96&d=mm&r=g\",\"caption\":\"Reda\u00e7\u00e3o\"}}]}<\/script>\n<!-- \/ Yoast SEO Premium plugin. -->","yoast_head_json":{"title":"Ele fica! Nome forte do Flamengo revela que vai permanecer no clube","description":"Antes de oficializar, por\u00e9m, o Flamengo foca suas aten\u00e7\u00f5es na decis\u00e3o do Intercontinental de Clubes contra o PSG, nesta quarta-feira","robots":{"index":"index","follow":"follow","max-snippet":"max-snippet:-1","max-image-preview":"max-image-preview:large","max-video-preview":"max-video-preview:-1"},"canonical":"https:\/\/www.gaveanews.com\/index.php\/2025\/12\/17\/ele-fica-nome-forte-do-flamengo-revela-que-vai-permanecer-no-clube\/","og_locale":"pt_BR","og_type":"article","og_title":"Ele fica! Nome forte do Flamengo revela que vai permanecer no clube","og_description":"Antes de oficializar, por\u00e9m, o Flamengo foca suas aten\u00e7\u00f5es na decis\u00e3o do Intercontinental de Clubes contra o PSG, nesta quarta-feira","og_url":"https:\/\/www.gaveanews.com\/index.php\/2025\/12\/17\/ele-fica-nome-forte-do-flamengo-revela-que-vai-permanecer-no-clube\/","og_site_name":"G\u00e1vea News","article_publisher":"https:\/\/facebook.com\/gaveaNews\/","article_published_time":"2025-12-17T12:20:00+00:00","article_modified_time":"2025-12-17T12:47:48+00:00","og_image":[{"width":805,"height":538,"url":"https:\/\/www.gaveanews.com\/wp-content\/uploads\/Filipe-Luis-e-Jose-Boto-pelo-Flamengo.webp","type":"image\/jpeg"}],"author":"Reda\u00e7\u00e3o","twitter_card":"summary_large_image","twitter_misc":{"Escrito por":"Reda\u00e7\u00e3o","Est. tempo de leitura":"2 minutos"},"schema":{"@context":"https:\/\/schema.org","@graph":[{"@type":"NewsArticle","@id":"https:\/\/www.gaveanews.com\/index.php\/2025\/12\/17\/ele-fica-nome-forte-do-flamengo-revela-que-vai-permanecer-no-clube\/#article","isPartOf":{"@id":"https:\/\/www.gaveanews.com\/index.php\/2025\/12\/17\/ele-fica-nome-forte-do-flamengo-revela-que-vai-permanecer-no-clube\/"},"author":{"name":"Reda\u00e7\u00e3o","@id":"https:\/\/www.gaveanews.com\/#\/schema\/person\/c88645e3d550d0b6574305e67dd5a716"},"headline":"Ele fica! Nome forte do Flamengo revela que vai permanecer no clube","datePublished":"2025-12-17T12:20:00+00:00","dateModified":"2025-12-17T12:47:48+00:00","mainEntityOfPage":{"@id":"https:\/\/www.gaveanews.com\/index.php\/2025\/12\/17\/ele-fica-nome-forte-do-flamengo-revela-que-vai-permanecer-no-clube\/"},"wordCount":309,"commentCount":0,"image":{"@id":"https:\/\/www.gaveanews.com\/index.php\/2025\/12\/17\/ele-fica-nome-forte-do-flamengo-revela-que-vai-permanecer-no-clube\/#primaryimage"},"thumbnailUrl":"http:\/\/www.gaveanews.com\/wp-content\/uploads\/Filipe-Luis-e-Jose-Boto-pelo-Flamengo.webp","keywords":["Everton Cebolinha","Filipe Lu\u00eds","Flamengo","Flazoeiro","Jos\u00e9 Boto","temporada 2026"],"articleSection":["Flamengo"],"inLanguage":"pt-BR","potentialAction":[{"@type":"CommentAction","name":"Comment","target":["https:\/\/www.gaveanews.com\/index.php\/2025\/12\/17\/ele-fica-nome-forte-do-flamengo-revela-que-vai-permanecer-no-clube\/#respond"]}],"copyrightYear":"2025","copyrightHolder":{"@id":"https:\/\/www.gaveanews.com\/#organization"}},{"@type":"WebPage","@id":"https:\/\/www.gaveanews.com\/index.php\/2025\/12\/17\/ele-fica-nome-forte-do-flamengo-revela-que-vai-permanecer-no-clube\/","url":"https:\/\/www.gaveanews.com\/index.php\/2025\/12\/17\/ele-fica-nome-forte-do-flamengo-revela-que-vai-permanecer-no-clube\/","name":"Ele fica! Nome forte do Flamengo revela que vai permanecer no clube","isPartOf":{"@id":"https:\/\/www.gaveanews.com\/#website"},"primaryImageOfPage":{"@id":"https:\/\/www.gaveanews.com\/index.php\/2025\/12\/17\/ele-fica-nome-forte-do-flamengo-revela-que-vai-permanecer-no-clube\/#primaryimage"},"image":{"@id":"https:\/\/www.gaveanews.com\/index.php\/2025\/12\/17\/ele-fica-nome-forte-do-flamengo-revela-que-vai-permanecer-no-clube\/#primaryimage"},"thumbnailUrl":"http:\/\/www.gaveanews.com\/wp-content\/uploads\/Filipe-Luis-e-Jose-Boto-pelo-Flamengo.webp","datePublished":"2025-12-17T12:20:00+00:00","dateModified":"2025-12-17T12:47:48+00:00","author":{"@id":"https:\/\/www.gaveanews.com\/#\/schema\/person\/c88645e3d550d0b6574305e67dd5a716"},"description":"Antes de oficializar, por\u00e9m, o Flamengo foca suas aten\u00e7\u00f5es na decis\u00e3o do Intercontinental de Clubes contra o PSG, nesta quarta-feira","breadcrumb":{"@id":"https:\/\/www.gaveanews.com\/index.php\/2025\/12\/17\/ele-fica-nome-forte-do-flamengo-revela-que-vai-permanecer-no-clube\/#breadcrumb"},"inLanguage":"pt-BR","potentialAction":[{"@type":"ReadAction","target":["https:\/\/www.gaveanews.com\/index.php\/2025\/12\/17\/ele-fica-nome-forte-do-flamengo-revela-que-vai-permanecer-no-clube\/"]}]},{"@type":"ImageObject","inLanguage":"pt-BR","@id":"https:\/\/www.gaveanews.com\/index.php\/2025\/12\/17\/ele-fica-nome-forte-do-flamengo-revela-que-vai-permanecer-no-clube\/#primaryimage","url":"https:\/\/www.gaveanews.com\/wp-content\/uploads\/Filipe-Luis-e-Jose-Boto-pelo-Flamengo.webp","contentUrl":"https:\/\/www.gaveanews.com\/wp-content\/uploads\/Filipe-Luis-e-Jose-Boto-pelo-Flamengo.webp","width":805,"height":538,"caption":"Filipe Lu\u00eds e Jos\u00e9 Boto pelo Flamengo (Foto: divulga\u00e7\u00e3o\/Flamengo)"},{"@type":"BreadcrumbList","@id":"https:\/\/www.gaveanews.com\/index.php\/2025\/12\/17\/ele-fica-nome-forte-do-flamengo-revela-que-vai-permanecer-no-clube\/#breadcrumb","itemListElement":[{"@type":"ListItem","position":1,"name":"Home","item":"https:\/\/www.gaveanews.com\/"},{"@type":"ListItem","position":2,"name":"Ele fica! Nome forte do Flamengo revela que vai permanecer no clube"}]},{"@type":"WebSite","@id":"https:\/\/www.gaveanews.com\/#website","url":"https:\/\/www.gaveanews.com\/","name":"G\u00e1vea News","description":"Veja todas as not\u00edcias sobre o Flamengo: Contrata\u00e7\u00f5es, categorias de base, resultados das partidas, tabela de classifica\u00e7\u00e3o, pr\u00f3ximos jogos!","potentialAction":[{"@type":"SearchAction","target":{"@type":"EntryPoint","urlTemplate":"https:\/\/www.gaveanews.com\/?s={search_term_string}"},"query-input":{"@type":"PropertyValueSpecification","valueRequired":true,"valueName":"search_term_string"}}],"inLanguage":"pt-BR"},{"@type":"Person","@id":"https:\/\/www.gaveanews.com\/#\/schema\/person\/c88645e3d550d0b6574305e67dd5a716","name":"Reda\u00e7\u00e3o","image":{"@type":"ImageObject","inLanguage":"pt-BR","@id":"https:\/\/www.gaveanews.com\/#\/schema\/person\/image\/","url":"https:\/\/secure.gravatar.com\/avatar\/434098fd823f0dc1b062d14ca22bacaa6e38de28d8c816bbef6fc2f8c44d8ba3?s=96&d=mm&r=g","contentUrl":"https:\/\/secure.gravatar.com\/avatar\/434098fd823f0dc1b062d14ca22bacaa6e38de28d8c816bbef6fc2f8c44d8ba3?s=96&d=mm&r=g","caption":"Reda\u00e7\u00e3o"}}]}},"_links":{"self":[{"href":"https:\/\/www.gaveanews.com\/index.php\/wp-json\/wp\/v2\/posts\/281666","targetHints":{"allow":["GET"]}}],"collection":[{"href":"https:\/\/www.gaveanews.com\/index.php\/wp-json\/wp\/v2\/posts"}],"about":[{"href":"https:\/\/www.gaveanews.com\/index.php\/wp-json\/wp\/v2\/types\/post"}],"author":[{"embeddable":true,"href":"https:\/\/www.gaveanews.com\/index.php\/wp-json\/wp\/v2\/users\/39"}],"replies":[{"embeddable":true,"href":"https:\/\/www.gaveanews.com\/index.php\/wp-json\/wp\/v2\/comments?post=281666"}],"version-history":[{"count":1,"href":"https:\/\/www.gaveanews.com\/index.php\/wp-json\/wp\/v2\/posts\/281666\/revisions"}],"predecessor-version":[{"id":281668,"href":"https:\/\/www.gaveanews.com\/index.php\/wp-json\/wp\/v2\/posts\/281666\/revisions\/281668"}],"wp:attachment":[{"href":"https:\/\/www.gaveanews.com\/index.php\/wp-json\/wp\/v2\/media?parent=281666"}],"wp:term":[{"taxonomy":"category","embeddable":true,"href":"https:\/\/www.gaveanews.com\/index.php\/wp-json\/wp\/v2\/categories?post=281666"},{"taxonomy":"post_tag","embeddable":true,"href":"https:\/\/www.gaveanews.com\/index.php\/wp-json\/wp\/v2\/tags?post=281666"}],"curies":[{"name":"wp","href":"https:\/\/api.w.org\/{rel}","templated":true}]}}