{"id":281670,"date":"2025-12-17T09:40:00","date_gmt":"2025-12-17T12:40:00","guid":{"rendered":"https:\/\/www.gaveanews.com\/?p=281670"},"modified":"2025-12-17T09:55:44","modified_gmt":"2025-12-17T12:55:44","slug":"arrascaeta-na-arabia-boto-faz-revelacao-envolvendo-meia-do-flamengo","status":"publish","type":"post","link":"https:\/\/www.gaveanews.com\/index.php\/2025\/12\/17\/arrascaeta-na-arabia-boto-faz-revelacao-envolvendo-meia-do-flamengo\/","title":{"rendered":"Arrascaeta na Ar\u00e1bia? Boto faz revela\u00e7\u00e3o envolvendo meia do Flamengo"},"content":{"rendered":"\n<p>O meio-campista Giorgian De Arrascaeta, destaque do <a href=\"https:\/\/www.gaveanews.com\/index.php\/category\/brasileirao\/flamengo\/\" target=\"_blank\" rel=\"noreferrer noopener\">Flamengo<\/a> em 2025, teve seu nome ligado ao NEOM, clube da Ar\u00e1bia Saudita. A informa\u00e7\u00e3o divulgada por ve\u00edculos locais, foi negada publicamente pelo diretor de futebol rubro-negro, Jos\u00e9 Boto, em entrevista concedida na segunda-feira (15).<\/p>\n\n\n\n<p>Segundo o dirigente, n\u00e3o houve qualquer contato oficial por parte do clube saudita. Ele ainda afirmou que o camisa 10 renovou contrato recentemente e recebe o maior sal\u00e1rio do elenco. <\/p>\n\n\n\n<p>\u201cNingu\u00e9m do NEOM entrou em contato conosco a respeito da contrata\u00e7\u00e3o de Arrascaeta, e as not\u00edcias que sugerem que h\u00e1 negocia\u00e7\u00f5es em andamento s\u00e3o imprecisas\u201d, disse ao portal <em>365Scores<\/em>.<\/p>\n\n\n\n<p>Na mesma entrevista, Boto ressaltou que, para tirar o uruguaio do Ninho, qualquer clube interessado dever\u00e1 pagar a multa rescis\u00f3ria estipulada. \u201cEle renovou recentemente o contrato por tr\u00eas anos e recebe o maior sal\u00e1rio do Flamengo. Qualquer clube que deseje contrat\u00e1-lo ter\u00e1 que pagar a cl\u00e1usula de rescis\u00e3o de 30 milh\u00f5es de euros (R$ 189 milh\u00f5es)\u201d, completou.<\/p>\n\n\n\n<figure class=\"wp-block-image size-full\"><img loading=\"lazy\" decoding=\"async\" width=\"1280\" height=\"853\" src=\"http:\/\/www.gaveanews.com\/wp-content\/uploads\/Arrascaeta-concorre-ao-Rei-da-America-2025.jpg\" alt=\"Giorgian De Arrascaeta campe\u00e3o da Libertadores\" class=\"wp-image-281512\"\/><figcaption class=\"wp-element-caption\">Camisa 10 concorre ao Rei da Am\u00e9rica 2025 (Foto: Gilvan de Souza\/Flamengo)<\/figcaption><\/figure>\n\n\n\n<h3 class=\"wp-block-heading\" id=\"h-o-ano-de-arrascaeta\">O ano de Arrascaeta<\/h3>\n\n\n\n<p>O \u00eddolo vive uma de suas melhores fases desde que chegou ao clube. Em 2025, disputou 63 partidas, marcou 25 gols e contribuiu com 20 assist\u00eancias. Pelas atua\u00e7\u00f5es consistentes, terminou como melhor jogador do Brasileir\u00e3o e da Libertadores.<\/p>\n\n\n\n<p>O Flamengo encerra a temporada nesta quarta-feira (17), \u00e0s 14h (de Bras\u00edlia), quando enfrenta o Paris Saint-Germain na final da Copa Intercontinental da Fifa. A partida acontece em Doha, no Catar.<\/p>\n","protected":false},"excerpt":{"rendered":"<p>O meio-campista Giorgian De Arrascaeta, destaque do Flamengo em 2025, teve seu nome ligado ao NEOM, clube da Ar\u00e1bia Saudita. A informa\u00e7\u00e3o divulgada por ve\u00edculos locais, foi negada publicamente pelo diretor de futebol rubro-negro, Jos\u00e9 Boto, em entrevista concedida na segunda-feira (15). Segundo o dirigente, n\u00e3o houve qualquer contato oficial por parte do clube saudita. [&hellip;]<\/p>\n","protected":false},"author":39,"featured_media":281074,"comment_status":"open","ping_status":"closed","sticky":false,"template":"","format":"standard","meta":{"footnotes":""},"categories":[1,78],"tags":[656,250,624,531,633,658,657],"class_list":["post-281670","post","type-post","status-publish","format-standard","has-post-thumbnail","hentry","category-flamengo","category-futebol-internacional","tag-arabia-saudita","tag-flamengo","tag-giorgian-de-arrascaeta","tag-jose-boto","tag-mercado-da-bola","tag-neom","tag-transferencias"],"yoast_head":"<!-- This site is optimized with the Yoast SEO Premium plugin v24.2 (Yoast SEO v26.9) - https:\/\/yoast.com\/product\/yoast-seo-premium-wordpress\/ -->\n<title>Arrascaeta na Ar\u00e1bia? Boto faz revela\u00e7\u00e3o envolvendo meia do Flamengo<\/title>\n<meta name=\"description\" content=\"O Flamengo de Arrascaeta encerra a temporada nesta quarta-feira, \u00e0s 14h (de Bras\u00edlia), diante do PSG na final do Intercontinental da Fifa\" \/>\n<meta name=\"robots\" content=\"index, follow, max-snippet:-1, max-image-preview:large, max-video-preview:-1\" \/>\n<link rel=\"canonical\" href=\"https:\/\/www.gaveanews.com\/index.php\/2025\/12\/17\/arrascaeta-na-arabia-boto-faz-revelacao-envolvendo-meia-do-flamengo\/\" \/>\n<meta property=\"og:locale\" content=\"pt_BR\" \/>\n<meta property=\"og:type\" content=\"article\" \/>\n<meta property=\"og:title\" content=\"Arrascaeta na Ar\u00e1bia? Boto faz revela\u00e7\u00e3o envolvendo meia do Flamengo\" \/>\n<meta property=\"og:description\" content=\"O Flamengo de Arrascaeta encerra a temporada nesta quarta-feira, \u00e0s 14h (de Bras\u00edlia), diante do PSG na final do Intercontinental da Fifa\" \/>\n<meta property=\"og:url\" content=\"https:\/\/www.gaveanews.com\/index.php\/2025\/12\/17\/arrascaeta-na-arabia-boto-faz-revelacao-envolvendo-meia-do-flamengo\/\" \/>\n<meta property=\"og:site_name\" content=\"G\u00e1vea News\" \/>\n<meta property=\"article:publisher\" content=\"https:\/\/facebook.com\/gaveaNews\/\" \/>\n<meta property=\"article:published_time\" content=\"2025-12-17T12:40:00+00:00\" \/>\n<meta property=\"article:modified_time\" content=\"2025-12-17T12:55:44+00:00\" \/>\n<meta property=\"og:image\" content=\"http:\/\/www.gaveanews.com\/wp-content\/uploads\/Jose-Boto-em-coletiva.jpg\" \/>\n\t<meta property=\"og:image:width\" content=\"1280\" \/>\n\t<meta property=\"og:image:height\" content=\"853\" \/>\n\t<meta property=\"og:image:type\" content=\"image\/jpeg\" \/>\n<meta name=\"author\" content=\"Reda\u00e7\u00e3o\" \/>\n<meta name=\"twitter:card\" content=\"summary_large_image\" \/>\n<meta name=\"twitter:label1\" content=\"Escrito por\" \/>\n\t<meta name=\"twitter:data1\" content=\"Reda\u00e7\u00e3o\" \/>\n\t<meta name=\"twitter:label2\" content=\"Est. tempo de leitura\" \/>\n\t<meta name=\"twitter:data2\" content=\"2 minutos\" \/>\n<script type=\"application\/ld+json\" class=\"yoast-schema-graph\">{\"@context\":\"https:\/\/schema.org\",\"@graph\":[{\"@type\":\"NewsArticle\",\"@id\":\"https:\/\/www.gaveanews.com\/index.php\/2025\/12\/17\/arrascaeta-na-arabia-boto-faz-revelacao-envolvendo-meia-do-flamengo\/#article\",\"isPartOf\":{\"@id\":\"https:\/\/www.gaveanews.com\/index.php\/2025\/12\/17\/arrascaeta-na-arabia-boto-faz-revelacao-envolvendo-meia-do-flamengo\/\"},\"author\":{\"name\":\"Reda\u00e7\u00e3o\",\"@id\":\"https:\/\/www.gaveanews.com\/#\/schema\/person\/c88645e3d550d0b6574305e67dd5a716\"},\"headline\":\"Arrascaeta na Ar\u00e1bia? Boto faz revela\u00e7\u00e3o envolvendo meia do Flamengo\",\"datePublished\":\"2025-12-17T12:40:00+00:00\",\"dateModified\":\"2025-12-17T12:55:44+00:00\",\"mainEntityOfPage\":{\"@id\":\"https:\/\/www.gaveanews.com\/index.php\/2025\/12\/17\/arrascaeta-na-arabia-boto-faz-revelacao-envolvendo-meia-do-flamengo\/\"},\"wordCount\":267,\"commentCount\":0,\"image\":{\"@id\":\"https:\/\/www.gaveanews.com\/index.php\/2025\/12\/17\/arrascaeta-na-arabia-boto-faz-revelacao-envolvendo-meia-do-flamengo\/#primaryimage\"},\"thumbnailUrl\":\"https:\/\/www.gaveanews.com\/wp-content\/uploads\/Jose-Boto-em-coletiva.jpg\",\"keywords\":[\"Ar\u00e1bia Saudita\",\"Flamengo\",\"Giorgian De Arrascaeta\",\"Jos\u00e9 Boto\",\"mercado da bola\",\"NEOM\",\"transfer\u00eancias\"],\"articleSection\":[\"Flamengo\",\"Futebol Internacional\"],\"inLanguage\":\"pt-BR\",\"potentialAction\":[{\"@type\":\"CommentAction\",\"name\":\"Comment\",\"target\":[\"https:\/\/www.gaveanews.com\/index.php\/2025\/12\/17\/arrascaeta-na-arabia-boto-faz-revelacao-envolvendo-meia-do-flamengo\/#respond\"]}],\"copyrightYear\":\"2025\",\"copyrightHolder\":{\"@id\":\"https:\/\/www.gaveanews.com\/#organization\"}},{\"@type\":\"WebPage\",\"@id\":\"https:\/\/www.gaveanews.com\/index.php\/2025\/12\/17\/arrascaeta-na-arabia-boto-faz-revelacao-envolvendo-meia-do-flamengo\/\",\"url\":\"https:\/\/www.gaveanews.com\/index.php\/2025\/12\/17\/arrascaeta-na-arabia-boto-faz-revelacao-envolvendo-meia-do-flamengo\/\",\"name\":\"Arrascaeta na Ar\u00e1bia? Boto faz revela\u00e7\u00e3o envolvendo meia do Flamengo\",\"isPartOf\":{\"@id\":\"https:\/\/www.gaveanews.com\/#website\"},\"primaryImageOfPage\":{\"@id\":\"https:\/\/www.gaveanews.com\/index.php\/2025\/12\/17\/arrascaeta-na-arabia-boto-faz-revelacao-envolvendo-meia-do-flamengo\/#primaryimage\"},\"image\":{\"@id\":\"https:\/\/www.gaveanews.com\/index.php\/2025\/12\/17\/arrascaeta-na-arabia-boto-faz-revelacao-envolvendo-meia-do-flamengo\/#primaryimage\"},\"thumbnailUrl\":\"https:\/\/www.gaveanews.com\/wp-content\/uploads\/Jose-Boto-em-coletiva.jpg\",\"datePublished\":\"2025-12-17T12:40:00+00:00\",\"dateModified\":\"2025-12-17T12:55:44+00:00\",\"author\":{\"@id\":\"https:\/\/www.gaveanews.com\/#\/schema\/person\/c88645e3d550d0b6574305e67dd5a716\"},\"description\":\"O Flamengo de Arrascaeta encerra a temporada nesta quarta-feira, \u00e0s 14h (de Bras\u00edlia), diante do PSG na final do Intercontinental da Fifa\",\"breadcrumb\":{\"@id\":\"https:\/\/www.gaveanews.com\/index.php\/2025\/12\/17\/arrascaeta-na-arabia-boto-faz-revelacao-envolvendo-meia-do-flamengo\/#breadcrumb\"},\"inLanguage\":\"pt-BR\",\"potentialAction\":[{\"@type\":\"ReadAction\",\"target\":[\"https:\/\/www.gaveanews.com\/index.php\/2025\/12\/17\/arrascaeta-na-arabia-boto-faz-revelacao-envolvendo-meia-do-flamengo\/\"]}]},{\"@type\":\"ImageObject\",\"inLanguage\":\"pt-BR\",\"@id\":\"https:\/\/www.gaveanews.com\/index.php\/2025\/12\/17\/arrascaeta-na-arabia-boto-faz-revelacao-envolvendo-meia-do-flamengo\/#primaryimage\",\"url\":\"https:\/\/www.gaveanews.com\/wp-content\/uploads\/Jose-Boto-em-coletiva.jpg\",\"contentUrl\":\"https:\/\/www.gaveanews.com\/wp-content\/uploads\/Jose-Boto-em-coletiva.jpg\",\"width\":1280,\"height\":853,\"caption\":\"Jos\u00e9 Boto em coletiva (Foto: Gilvan de Souza\/CRF)\"},{\"@type\":\"BreadcrumbList\",\"@id\":\"https:\/\/www.gaveanews.com\/index.php\/2025\/12\/17\/arrascaeta-na-arabia-boto-faz-revelacao-envolvendo-meia-do-flamengo\/#breadcrumb\",\"itemListElement\":[{\"@type\":\"ListItem\",\"position\":1,\"name\":\"Home\",\"item\":\"https:\/\/www.gaveanews.com\/\"},{\"@type\":\"ListItem\",\"position\":2,\"name\":\"Arrascaeta na Ar\u00e1bia? Boto faz revela\u00e7\u00e3o envolvendo meia do Flamengo\"}]},{\"@type\":\"WebSite\",\"@id\":\"https:\/\/www.gaveanews.com\/#website\",\"url\":\"https:\/\/www.gaveanews.com\/\",\"name\":\"G\u00e1vea News\",\"description\":\"Veja todas as not\u00edcias sobre o Flamengo: Contrata\u00e7\u00f5es, categorias de base, resultados das partidas, tabela de classifica\u00e7\u00e3o, pr\u00f3ximos jogos!\",\"potentialAction\":[{\"@type\":\"SearchAction\",\"target\":{\"@type\":\"EntryPoint\",\"urlTemplate\":\"https:\/\/www.gaveanews.com\/?s={search_term_string}\"},\"query-input\":{\"@type\":\"PropertyValueSpecification\",\"valueRequired\":true,\"valueName\":\"search_term_string\"}}],\"inLanguage\":\"pt-BR\"},{\"@type\":\"Person\",\"@id\":\"https:\/\/www.gaveanews.com\/#\/schema\/person\/c88645e3d550d0b6574305e67dd5a716\",\"name\":\"Reda\u00e7\u00e3o\",\"image\":{\"@type\":\"ImageObject\",\"inLanguage\":\"pt-BR\",\"@id\":\"https:\/\/www.gaveanews.com\/#\/schema\/person\/image\/\",\"url\":\"https:\/\/secure.gravatar.com\/avatar\/434098fd823f0dc1b062d14ca22bacaa6e38de28d8c816bbef6fc2f8c44d8ba3?s=96&d=mm&r=g\",\"contentUrl\":\"https:\/\/secure.gravatar.com\/avatar\/434098fd823f0dc1b062d14ca22bacaa6e38de28d8c816bbef6fc2f8c44d8ba3?s=96&d=mm&r=g\",\"caption\":\"Reda\u00e7\u00e3o\"}}]}<\/script>\n<!-- \/ Yoast SEO Premium plugin. -->","yoast_head_json":{"title":"Arrascaeta na Ar\u00e1bia? Boto faz revela\u00e7\u00e3o envolvendo meia do Flamengo","description":"O Flamengo de Arrascaeta encerra a temporada nesta quarta-feira, \u00e0s 14h (de Bras\u00edlia), diante do PSG na final do Intercontinental da Fifa","robots":{"index":"index","follow":"follow","max-snippet":"max-snippet:-1","max-image-preview":"max-image-preview:large","max-video-preview":"max-video-preview:-1"},"canonical":"https:\/\/www.gaveanews.com\/index.php\/2025\/12\/17\/arrascaeta-na-arabia-boto-faz-revelacao-envolvendo-meia-do-flamengo\/","og_locale":"pt_BR","og_type":"article","og_title":"Arrascaeta na Ar\u00e1bia? Boto faz revela\u00e7\u00e3o envolvendo meia do Flamengo","og_description":"O Flamengo de Arrascaeta encerra a temporada nesta quarta-feira, \u00e0s 14h (de Bras\u00edlia), diante do PSG na final do Intercontinental da Fifa","og_url":"https:\/\/www.gaveanews.com\/index.php\/2025\/12\/17\/arrascaeta-na-arabia-boto-faz-revelacao-envolvendo-meia-do-flamengo\/","og_site_name":"G\u00e1vea News","article_publisher":"https:\/\/facebook.com\/gaveaNews\/","article_published_time":"2025-12-17T12:40:00+00:00","article_modified_time":"2025-12-17T12:55:44+00:00","og_image":[{"width":1280,"height":853,"url":"http:\/\/www.gaveanews.com\/wp-content\/uploads\/Jose-Boto-em-coletiva.jpg","type":"image\/jpeg"}],"author":"Reda\u00e7\u00e3o","twitter_card":"summary_large_image","twitter_misc":{"Escrito por":"Reda\u00e7\u00e3o","Est. tempo de leitura":"2 minutos"},"schema":{"@context":"https:\/\/schema.org","@graph":[{"@type":"NewsArticle","@id":"https:\/\/www.gaveanews.com\/index.php\/2025\/12\/17\/arrascaeta-na-arabia-boto-faz-revelacao-envolvendo-meia-do-flamengo\/#article","isPartOf":{"@id":"https:\/\/www.gaveanews.com\/index.php\/2025\/12\/17\/arrascaeta-na-arabia-boto-faz-revelacao-envolvendo-meia-do-flamengo\/"},"author":{"name":"Reda\u00e7\u00e3o","@id":"https:\/\/www.gaveanews.com\/#\/schema\/person\/c88645e3d550d0b6574305e67dd5a716"},"headline":"Arrascaeta na Ar\u00e1bia? Boto faz revela\u00e7\u00e3o envolvendo meia do Flamengo","datePublished":"2025-12-17T12:40:00+00:00","dateModified":"2025-12-17T12:55:44+00:00","mainEntityOfPage":{"@id":"https:\/\/www.gaveanews.com\/index.php\/2025\/12\/17\/arrascaeta-na-arabia-boto-faz-revelacao-envolvendo-meia-do-flamengo\/"},"wordCount":267,"commentCount":0,"image":{"@id":"https:\/\/www.gaveanews.com\/index.php\/2025\/12\/17\/arrascaeta-na-arabia-boto-faz-revelacao-envolvendo-meia-do-flamengo\/#primaryimage"},"thumbnailUrl":"https:\/\/www.gaveanews.com\/wp-content\/uploads\/Jose-Boto-em-coletiva.jpg","keywords":["Ar\u00e1bia Saudita","Flamengo","Giorgian De Arrascaeta","Jos\u00e9 Boto","mercado da bola","NEOM","transfer\u00eancias"],"articleSection":["Flamengo","Futebol Internacional"],"inLanguage":"pt-BR","potentialAction":[{"@type":"CommentAction","name":"Comment","target":["https:\/\/www.gaveanews.com\/index.php\/2025\/12\/17\/arrascaeta-na-arabia-boto-faz-revelacao-envolvendo-meia-do-flamengo\/#respond"]}],"copyrightYear":"2025","copyrightHolder":{"@id":"https:\/\/www.gaveanews.com\/#organization"}},{"@type":"WebPage","@id":"https:\/\/www.gaveanews.com\/index.php\/2025\/12\/17\/arrascaeta-na-arabia-boto-faz-revelacao-envolvendo-meia-do-flamengo\/","url":"https:\/\/www.gaveanews.com\/index.php\/2025\/12\/17\/arrascaeta-na-arabia-boto-faz-revelacao-envolvendo-meia-do-flamengo\/","name":"Arrascaeta na Ar\u00e1bia? Boto faz revela\u00e7\u00e3o envolvendo meia do Flamengo","isPartOf":{"@id":"https:\/\/www.gaveanews.com\/#website"},"primaryImageOfPage":{"@id":"https:\/\/www.gaveanews.com\/index.php\/2025\/12\/17\/arrascaeta-na-arabia-boto-faz-revelacao-envolvendo-meia-do-flamengo\/#primaryimage"},"image":{"@id":"https:\/\/www.gaveanews.com\/index.php\/2025\/12\/17\/arrascaeta-na-arabia-boto-faz-revelacao-envolvendo-meia-do-flamengo\/#primaryimage"},"thumbnailUrl":"https:\/\/www.gaveanews.com\/wp-content\/uploads\/Jose-Boto-em-coletiva.jpg","datePublished":"2025-12-17T12:40:00+00:00","dateModified":"2025-12-17T12:55:44+00:00","author":{"@id":"https:\/\/www.gaveanews.com\/#\/schema\/person\/c88645e3d550d0b6574305e67dd5a716"},"description":"O Flamengo de Arrascaeta encerra a temporada nesta quarta-feira, \u00e0s 14h (de Bras\u00edlia), diante do PSG na final do Intercontinental da Fifa","breadcrumb":{"@id":"https:\/\/www.gaveanews.com\/index.php\/2025\/12\/17\/arrascaeta-na-arabia-boto-faz-revelacao-envolvendo-meia-do-flamengo\/#breadcrumb"},"inLanguage":"pt-BR","potentialAction":[{"@type":"ReadAction","target":["https:\/\/www.gaveanews.com\/index.php\/2025\/12\/17\/arrascaeta-na-arabia-boto-faz-revelacao-envolvendo-meia-do-flamengo\/"]}]},{"@type":"ImageObject","inLanguage":"pt-BR","@id":"https:\/\/www.gaveanews.com\/index.php\/2025\/12\/17\/arrascaeta-na-arabia-boto-faz-revelacao-envolvendo-meia-do-flamengo\/#primaryimage","url":"https:\/\/www.gaveanews.com\/wp-content\/uploads\/Jose-Boto-em-coletiva.jpg","contentUrl":"https:\/\/www.gaveanews.com\/wp-content\/uploads\/Jose-Boto-em-coletiva.jpg","width":1280,"height":853,"caption":"Jos\u00e9 Boto em coletiva (Foto: Gilvan de Souza\/CRF)"},{"@type":"BreadcrumbList","@id":"https:\/\/www.gaveanews.com\/index.php\/2025\/12\/17\/arrascaeta-na-arabia-boto-faz-revelacao-envolvendo-meia-do-flamengo\/#breadcrumb","itemListElement":[{"@type":"ListItem","position":1,"name":"Home","item":"https:\/\/www.gaveanews.com\/"},{"@type":"ListItem","position":2,"name":"Arrascaeta na Ar\u00e1bia? Boto faz revela\u00e7\u00e3o envolvendo meia do Flamengo"}]},{"@type":"WebSite","@id":"https:\/\/www.gaveanews.com\/#website","url":"https:\/\/www.gaveanews.com\/","name":"G\u00e1vea News","description":"Veja todas as not\u00edcias sobre o Flamengo: Contrata\u00e7\u00f5es, categorias de base, resultados das partidas, tabela de classifica\u00e7\u00e3o, pr\u00f3ximos jogos!","potentialAction":[{"@type":"SearchAction","target":{"@type":"EntryPoint","urlTemplate":"https:\/\/www.gaveanews.com\/?s={search_term_string}"},"query-input":{"@type":"PropertyValueSpecification","valueRequired":true,"valueName":"search_term_string"}}],"inLanguage":"pt-BR"},{"@type":"Person","@id":"https:\/\/www.gaveanews.com\/#\/schema\/person\/c88645e3d550d0b6574305e67dd5a716","name":"Reda\u00e7\u00e3o","image":{"@type":"ImageObject","inLanguage":"pt-BR","@id":"https:\/\/www.gaveanews.com\/#\/schema\/person\/image\/","url":"https:\/\/secure.gravatar.com\/avatar\/434098fd823f0dc1b062d14ca22bacaa6e38de28d8c816bbef6fc2f8c44d8ba3?s=96&d=mm&r=g","contentUrl":"https:\/\/secure.gravatar.com\/avatar\/434098fd823f0dc1b062d14ca22bacaa6e38de28d8c816bbef6fc2f8c44d8ba3?s=96&d=mm&r=g","caption":"Reda\u00e7\u00e3o"}}]}},"_links":{"self":[{"href":"https:\/\/www.gaveanews.com\/index.php\/wp-json\/wp\/v2\/posts\/281670","targetHints":{"allow":["GET"]}}],"collection":[{"href":"https:\/\/www.gaveanews.com\/index.php\/wp-json\/wp\/v2\/posts"}],"about":[{"href":"https:\/\/www.gaveanews.com\/index.php\/wp-json\/wp\/v2\/types\/post"}],"author":[{"embeddable":true,"href":"https:\/\/www.gaveanews.com\/index.php\/wp-json\/wp\/v2\/users\/39"}],"replies":[{"embeddable":true,"href":"https:\/\/www.gaveanews.com\/index.php\/wp-json\/wp\/v2\/comments?post=281670"}],"version-history":[{"count":1,"href":"https:\/\/www.gaveanews.com\/index.php\/wp-json\/wp\/v2\/posts\/281670\/revisions"}],"predecessor-version":[{"id":281671,"href":"https:\/\/www.gaveanews.com\/index.php\/wp-json\/wp\/v2\/posts\/281670\/revisions\/281671"}],"wp:featuredmedia":[{"embeddable":true,"href":"https:\/\/www.gaveanews.com\/index.php\/wp-json\/wp\/v2\/media\/281074"}],"wp:attachment":[{"href":"https:\/\/www.gaveanews.com\/index.php\/wp-json\/wp\/v2\/media?parent=281670"}],"wp:term":[{"taxonomy":"category","embeddable":true,"href":"https:\/\/www.gaveanews.com\/index.php\/wp-json\/wp\/v2\/categories?post=281670"},{"taxonomy":"post_tag","embeddable":true,"href":"https:\/\/www.gaveanews.com\/index.php\/wp-json\/wp\/v2\/tags?post=281670"}],"curies":[{"name":"wp","href":"https:\/\/api.w.org\/{rel}","templated":true}]}}