{"id":281672,"date":"2025-12-17T10:00:00","date_gmt":"2025-12-17T13:00:00","guid":{"rendered":"https:\/\/www.gaveanews.com\/?p=281672"},"modified":"2025-12-17T10:35:59","modified_gmt":"2025-12-17T13:35:59","slug":"jose-boto-abre-o-jogo-e-confirma-negociacoes-avancadas-do-flamengo","status":"publish","type":"post","link":"https:\/\/www.gaveanews.com\/index.php\/2025\/12\/17\/jose-boto-abre-o-jogo-e-confirma-negociacoes-avancadas-do-flamengo\/","title":{"rendered":"Jos\u00e9 Boto abre o jogo e confirma negocia\u00e7\u00f5es avan\u00e7adas do Flamengo"},"content":{"rendered":"\n<p>O <a href=\"https:\/\/www.gaveanews.com\/index.php\/category\/brasileirao\/flamengo\/\" target=\"_blank\" rel=\"noreferrer noopener\">Flamengo<\/a> j\u00e1 iniciou tratativas para liberar alguns jogadores do elenco antes do in\u00edcio da pr\u00f3xima temporada. A informa\u00e7\u00e3o foi confirmada nesta segunda-feira (15) pelo diretor de futebol Jos\u00e9 Boto, que destacou a necessidade de preservar o equil\u00edbrio da equipe ao conduzir as poss\u00edveis sa\u00eddas.<\/p>\n\n\n\n<p>Ao canal <em>Flazoeiro<\/em>, o dirigente portugu\u00eas afirmou que algumas negocia\u00e7\u00f5es est\u00e3o em est\u00e1gio avan\u00e7ado, inclusive mais adiantadas do que as eventuais contrata\u00e7\u00f5es. <\/p>\n\n\n\n<p>\u201cH\u00e1 negocia\u00e7\u00f5es j\u00e1 avan\u00e7adas, mais avan\u00e7adas do que as entradas, de algumas sa\u00eddas. N\u00e3o vou te dizer os nomes, mas h\u00e1 algumas negocia\u00e7\u00f5es avan\u00e7adas de jogadores que n\u00f3s entendemos que podem sair, que n\u00e3o v\u00e3o p\u00f4r em causa o equil\u00edbrio da equipe, nem aquilo que n\u00f3s pensamos para 2026\u201d, afirmou.<\/p>\n\n\n\n<p>Segundo Boto, parte dessas movimenta\u00e7\u00f5es surge do pr\u00f3prio desejo dos atletas, que se sentem fora dos planos do time. \u201cOs pr\u00f3prios jogadores sentem que n\u00e3o t\u00eam espa\u00e7o e v\u00eam pedir para sair. Os que n\u00f3s achamos que podemos liberar, estamos em negocia\u00e7\u00f5es. N\u00e3o os vamos liberar por zero. Vamos querer tamb\u00e9m, ou seja, garantir tamb\u00e9m os interesses do Flamengo\u201d, completou.<\/p>\n\n\n\n<figure class=\"wp-block-image size-large\"><img loading=\"lazy\" decoding=\"async\" width=\"1024\" height=\"683\" src=\"http:\/\/www.gaveanews.com\/wp-content\/uploads\/Design-sem-nome-1024x683.webp\" alt=\"Juninho em viagem com a delega\u00e7\u00e3o do Flamengo - Foto: Gilvan de Souza\/CRF\" class=\"wp-image-256403\" srcset=\"https:\/\/www.gaveanews.com\/wp-content\/uploads\/Design-sem-nome-1024x683.webp 1024w, https:\/\/www.gaveanews.com\/wp-content\/uploads\/Design-sem-nome-300x200.webp 300w, https:\/\/www.gaveanews.com\/wp-content\/uploads\/Design-sem-nome-768x512.webp 768w, https:\/\/www.gaveanews.com\/wp-content\/uploads\/Design-sem-nome-630x420.webp 630w, https:\/\/www.gaveanews.com\/wp-content\/uploads\/Design-sem-nome-640x427.webp 640w, https:\/\/www.gaveanews.com\/wp-content\/uploads\/Design-sem-nome-681x454.webp 681w, https:\/\/www.gaveanews.com\/wp-content\/uploads\/Design-sem-nome-100x67.webp 100w, https:\/\/www.gaveanews.com\/wp-content\/uploads\/Design-sem-nome.webp 1200w\" sizes=\"auto, (max-width: 1024px) 100vw, 1024px\" \/><figcaption class=\"wp-element-caption\">Juninho deve seguir para o futebol mexicano em 2026 &#8211; Foto: Gilvan de Souza\/CRF<\/figcaption><\/figure>\n\n\n\n<h3 class=\"wp-block-heading\" id=\"h-saidas-do-flamengo\">Sa\u00eddas do Flamengo<\/h3>\n\n\n\n<p>O atacante Juninho \u00e9 um dos nomes cotados para deixar o clube. De acordo com apura\u00e7\u00e3o do <em>Coluna do Fla<\/em>, o jogador est\u00e1 pr\u00f3ximo de acerto com o Pumas, do M\u00e9xico. <\/p>\n\n\n\n<p>J\u00e1 Matheus Cunha, que tem pr\u00e9-contrato com o Cruzeiro, encerrou sua passagem pelo Rubro-Negro ap\u00f3s a libera\u00e7\u00e3o para acompanhar o nascimento do filho. Outra poss\u00edvel baixa \u00e9 o atacante Michael. <\/p>\n\n\n\n<p>Com pouca utiliza\u00e7\u00e3o ao longo da temporada, o atacante ainda n\u00e3o tem defini\u00e7\u00e3o sobre seu futuro, mas o clube avalia o cen\u00e1rio para 2026.<\/p>\n","protected":false},"excerpt":{"rendered":"<p>O Flamengo j\u00e1 iniciou tratativas para liberar alguns jogadores do elenco antes do in\u00edcio da pr\u00f3xima temporada. A informa\u00e7\u00e3o foi confirmada nesta segunda-feira (15) pelo diretor de futebol Jos\u00e9 Boto, que destacou a necessidade de preservar o equil\u00edbrio da equipe ao conduzir as poss\u00edveis sa\u00eddas. Ao canal Flazoeiro, o dirigente portugu\u00eas afirmou que algumas negocia\u00e7\u00f5es [&hellip;]<\/p>\n","protected":false},"author":39,"featured_media":220981,"comment_status":"open","ping_status":"closed","sticky":false,"template":"","format":"standard","meta":{"footnotes":""},"categories":[1],"tags":[662,634,531,587,589,633,533],"class_list":["post-281672","post","type-post","status-publish","format-standard","has-post-thumbnail","hentry","category-flamengo","tag-flamengo-2026","tag-janela-de-transferencias","tag-jose-boto","tag-juninho","tag-matheus-cunha","tag-mercado-da-bola","tag-michael"],"yoast_head":"<!-- This site is optimized with the Yoast SEO Premium plugin v24.2 (Yoast SEO v26.9) - https:\/\/yoast.com\/product\/yoast-seo-premium-wordpress\/ -->\n<title>Jos\u00e9 Boto abre o jogo e confirma negocia\u00e7\u00f5es avan\u00e7adas do Flamengo<\/title>\n<meta name=\"description\" content=\"Segundo o portugu\u00eas Jos\u00e9 Boto, parte dessas movimenta\u00e7\u00f5es surge do pr\u00f3prio desejo dos atletas do elenco rubro-negro\" \/>\n<meta name=\"robots\" content=\"index, follow, max-snippet:-1, max-image-preview:large, max-video-preview:-1\" \/>\n<link rel=\"canonical\" href=\"https:\/\/www.gaveanews.com\/index.php\/2025\/12\/17\/jose-boto-abre-o-jogo-e-confirma-negociacoes-avancadas-do-flamengo\/\" \/>\n<meta property=\"og:locale\" content=\"pt_BR\" \/>\n<meta property=\"og:type\" content=\"article\" \/>\n<meta property=\"og:title\" content=\"Jos\u00e9 Boto abre o jogo e confirma negocia\u00e7\u00f5es avan\u00e7adas do Flamengo\" \/>\n<meta property=\"og:description\" content=\"Segundo o portugu\u00eas Jos\u00e9 Boto, parte dessas movimenta\u00e7\u00f5es surge do pr\u00f3prio desejo dos atletas do elenco rubro-negro\" \/>\n<meta property=\"og:url\" content=\"https:\/\/www.gaveanews.com\/index.php\/2025\/12\/17\/jose-boto-abre-o-jogo-e-confirma-negociacoes-avancadas-do-flamengo\/\" \/>\n<meta property=\"og:site_name\" content=\"G\u00e1vea News\" \/>\n<meta property=\"article:publisher\" content=\"https:\/\/facebook.com\/gaveaNews\/\" \/>\n<meta property=\"article:published_time\" content=\"2025-12-17T13:00:00+00:00\" \/>\n<meta property=\"article:modified_time\" content=\"2025-12-17T13:35:59+00:00\" \/>\n<meta property=\"og:image\" content=\"http:\/\/www.gaveanews.com\/wp-content\/uploads\/Jose-Boto-Flamengo-1.webp\" \/>\n\t<meta property=\"og:image:width\" content=\"1920\" \/>\n\t<meta property=\"og:image:height\" content=\"1281\" \/>\n\t<meta property=\"og:image:type\" content=\"image\/jpeg\" \/>\n<meta name=\"author\" content=\"Reda\u00e7\u00e3o\" \/>\n<meta name=\"twitter:card\" content=\"summary_large_image\" \/>\n<meta name=\"twitter:label1\" content=\"Escrito por\" \/>\n\t<meta name=\"twitter:data1\" content=\"Reda\u00e7\u00e3o\" \/>\n\t<meta name=\"twitter:label2\" content=\"Est. tempo de leitura\" \/>\n\t<meta name=\"twitter:data2\" content=\"2 minutos\" \/>\n<script type=\"application\/ld+json\" class=\"yoast-schema-graph\">{\"@context\":\"https:\/\/schema.org\",\"@graph\":[{\"@type\":\"NewsArticle\",\"@id\":\"https:\/\/www.gaveanews.com\/index.php\/2025\/12\/17\/jose-boto-abre-o-jogo-e-confirma-negociacoes-avancadas-do-flamengo\/#article\",\"isPartOf\":{\"@id\":\"https:\/\/www.gaveanews.com\/index.php\/2025\/12\/17\/jose-boto-abre-o-jogo-e-confirma-negociacoes-avancadas-do-flamengo\/\"},\"author\":{\"name\":\"Reda\u00e7\u00e3o\",\"@id\":\"https:\/\/www.gaveanews.com\/#\/schema\/person\/c88645e3d550d0b6574305e67dd5a716\"},\"headline\":\"Jos\u00e9 Boto abre o jogo e confirma negocia\u00e7\u00f5es avan\u00e7adas do Flamengo\",\"datePublished\":\"2025-12-17T13:00:00+00:00\",\"dateModified\":\"2025-12-17T13:35:59+00:00\",\"mainEntityOfPage\":{\"@id\":\"https:\/\/www.gaveanews.com\/index.php\/2025\/12\/17\/jose-boto-abre-o-jogo-e-confirma-negociacoes-avancadas-do-flamengo\/\"},\"wordCount\":336,\"commentCount\":0,\"image\":{\"@id\":\"https:\/\/www.gaveanews.com\/index.php\/2025\/12\/17\/jose-boto-abre-o-jogo-e-confirma-negociacoes-avancadas-do-flamengo\/#primaryimage\"},\"thumbnailUrl\":\"https:\/\/www.gaveanews.com\/wp-content\/uploads\/Jose-Boto-Flamengo-1.webp\",\"keywords\":[\"Flamengo 2026\",\"janela de transfer\u00eancias\",\"Jos\u00e9 Boto\",\"Juninho\",\"Matheus Cunha\",\"mercado da bola\",\"Michael\"],\"articleSection\":[\"Flamengo\"],\"inLanguage\":\"pt-BR\",\"potentialAction\":[{\"@type\":\"CommentAction\",\"name\":\"Comment\",\"target\":[\"https:\/\/www.gaveanews.com\/index.php\/2025\/12\/17\/jose-boto-abre-o-jogo-e-confirma-negociacoes-avancadas-do-flamengo\/#respond\"]}],\"copyrightYear\":\"2025\",\"copyrightHolder\":{\"@id\":\"https:\/\/www.gaveanews.com\/#organization\"}},{\"@type\":\"WebPage\",\"@id\":\"https:\/\/www.gaveanews.com\/index.php\/2025\/12\/17\/jose-boto-abre-o-jogo-e-confirma-negociacoes-avancadas-do-flamengo\/\",\"url\":\"https:\/\/www.gaveanews.com\/index.php\/2025\/12\/17\/jose-boto-abre-o-jogo-e-confirma-negociacoes-avancadas-do-flamengo\/\",\"name\":\"Jos\u00e9 Boto abre o jogo e confirma negocia\u00e7\u00f5es avan\u00e7adas do Flamengo\",\"isPartOf\":{\"@id\":\"https:\/\/www.gaveanews.com\/#website\"},\"primaryImageOfPage\":{\"@id\":\"https:\/\/www.gaveanews.com\/index.php\/2025\/12\/17\/jose-boto-abre-o-jogo-e-confirma-negociacoes-avancadas-do-flamengo\/#primaryimage\"},\"image\":{\"@id\":\"https:\/\/www.gaveanews.com\/index.php\/2025\/12\/17\/jose-boto-abre-o-jogo-e-confirma-negociacoes-avancadas-do-flamengo\/#primaryimage\"},\"thumbnailUrl\":\"https:\/\/www.gaveanews.com\/wp-content\/uploads\/Jose-Boto-Flamengo-1.webp\",\"datePublished\":\"2025-12-17T13:00:00+00:00\",\"dateModified\":\"2025-12-17T13:35:59+00:00\",\"author\":{\"@id\":\"https:\/\/www.gaveanews.com\/#\/schema\/person\/c88645e3d550d0b6574305e67dd5a716\"},\"description\":\"Segundo o portugu\u00eas Jos\u00e9 Boto, parte dessas movimenta\u00e7\u00f5es surge do pr\u00f3prio desejo dos atletas do elenco rubro-negro\",\"breadcrumb\":{\"@id\":\"https:\/\/www.gaveanews.com\/index.php\/2025\/12\/17\/jose-boto-abre-o-jogo-e-confirma-negociacoes-avancadas-do-flamengo\/#breadcrumb\"},\"inLanguage\":\"pt-BR\",\"potentialAction\":[{\"@type\":\"ReadAction\",\"target\":[\"https:\/\/www.gaveanews.com\/index.php\/2025\/12\/17\/jose-boto-abre-o-jogo-e-confirma-negociacoes-avancadas-do-flamengo\/\"]}]},{\"@type\":\"ImageObject\",\"inLanguage\":\"pt-BR\",\"@id\":\"https:\/\/www.gaveanews.com\/index.php\/2025\/12\/17\/jose-boto-abre-o-jogo-e-confirma-negociacoes-avancadas-do-flamengo\/#primaryimage\",\"url\":\"https:\/\/www.gaveanews.com\/wp-content\/uploads\/Jose-Boto-Flamengo-1.webp\",\"contentUrl\":\"https:\/\/www.gaveanews.com\/wp-content\/uploads\/Jose-Boto-Flamengo-1.webp\",\"width\":1920,\"height\":1281,\"caption\":\"Diretor Jos\u00e9 Boto em coletiva (Foto: Paula Reis\/Flamengo)\"},{\"@type\":\"BreadcrumbList\",\"@id\":\"https:\/\/www.gaveanews.com\/index.php\/2025\/12\/17\/jose-boto-abre-o-jogo-e-confirma-negociacoes-avancadas-do-flamengo\/#breadcrumb\",\"itemListElement\":[{\"@type\":\"ListItem\",\"position\":1,\"name\":\"Home\",\"item\":\"https:\/\/www.gaveanews.com\/\"},{\"@type\":\"ListItem\",\"position\":2,\"name\":\"Jos\u00e9 Boto abre o jogo e confirma negocia\u00e7\u00f5es avan\u00e7adas do Flamengo\"}]},{\"@type\":\"WebSite\",\"@id\":\"https:\/\/www.gaveanews.com\/#website\",\"url\":\"https:\/\/www.gaveanews.com\/\",\"name\":\"G\u00e1vea News\",\"description\":\"Veja todas as not\u00edcias sobre o Flamengo: Contrata\u00e7\u00f5es, categorias de base, resultados das partidas, tabela de classifica\u00e7\u00e3o, pr\u00f3ximos jogos!\",\"potentialAction\":[{\"@type\":\"SearchAction\",\"target\":{\"@type\":\"EntryPoint\",\"urlTemplate\":\"https:\/\/www.gaveanews.com\/?s={search_term_string}\"},\"query-input\":{\"@type\":\"PropertyValueSpecification\",\"valueRequired\":true,\"valueName\":\"search_term_string\"}}],\"inLanguage\":\"pt-BR\"},{\"@type\":\"Person\",\"@id\":\"https:\/\/www.gaveanews.com\/#\/schema\/person\/c88645e3d550d0b6574305e67dd5a716\",\"name\":\"Reda\u00e7\u00e3o\",\"image\":{\"@type\":\"ImageObject\",\"inLanguage\":\"pt-BR\",\"@id\":\"https:\/\/www.gaveanews.com\/#\/schema\/person\/image\/\",\"url\":\"https:\/\/secure.gravatar.com\/avatar\/434098fd823f0dc1b062d14ca22bacaa6e38de28d8c816bbef6fc2f8c44d8ba3?s=96&d=mm&r=g\",\"contentUrl\":\"https:\/\/secure.gravatar.com\/avatar\/434098fd823f0dc1b062d14ca22bacaa6e38de28d8c816bbef6fc2f8c44d8ba3?s=96&d=mm&r=g\",\"caption\":\"Reda\u00e7\u00e3o\"}}]}<\/script>\n<!-- \/ Yoast SEO Premium plugin. -->","yoast_head_json":{"title":"Jos\u00e9 Boto abre o jogo e confirma negocia\u00e7\u00f5es avan\u00e7adas do Flamengo","description":"Segundo o portugu\u00eas Jos\u00e9 Boto, parte dessas movimenta\u00e7\u00f5es surge do pr\u00f3prio desejo dos atletas do elenco rubro-negro","robots":{"index":"index","follow":"follow","max-snippet":"max-snippet:-1","max-image-preview":"max-image-preview:large","max-video-preview":"max-video-preview:-1"},"canonical":"https:\/\/www.gaveanews.com\/index.php\/2025\/12\/17\/jose-boto-abre-o-jogo-e-confirma-negociacoes-avancadas-do-flamengo\/","og_locale":"pt_BR","og_type":"article","og_title":"Jos\u00e9 Boto abre o jogo e confirma negocia\u00e7\u00f5es avan\u00e7adas do Flamengo","og_description":"Segundo o portugu\u00eas Jos\u00e9 Boto, parte dessas movimenta\u00e7\u00f5es surge do pr\u00f3prio desejo dos atletas do elenco rubro-negro","og_url":"https:\/\/www.gaveanews.com\/index.php\/2025\/12\/17\/jose-boto-abre-o-jogo-e-confirma-negociacoes-avancadas-do-flamengo\/","og_site_name":"G\u00e1vea News","article_publisher":"https:\/\/facebook.com\/gaveaNews\/","article_published_time":"2025-12-17T13:00:00+00:00","article_modified_time":"2025-12-17T13:35:59+00:00","og_image":[{"width":1920,"height":1281,"url":"http:\/\/www.gaveanews.com\/wp-content\/uploads\/Jose-Boto-Flamengo-1.webp","type":"image\/jpeg"}],"author":"Reda\u00e7\u00e3o","twitter_card":"summary_large_image","twitter_misc":{"Escrito por":"Reda\u00e7\u00e3o","Est. tempo de leitura":"2 minutos"},"schema":{"@context":"https:\/\/schema.org","@graph":[{"@type":"NewsArticle","@id":"https:\/\/www.gaveanews.com\/index.php\/2025\/12\/17\/jose-boto-abre-o-jogo-e-confirma-negociacoes-avancadas-do-flamengo\/#article","isPartOf":{"@id":"https:\/\/www.gaveanews.com\/index.php\/2025\/12\/17\/jose-boto-abre-o-jogo-e-confirma-negociacoes-avancadas-do-flamengo\/"},"author":{"name":"Reda\u00e7\u00e3o","@id":"https:\/\/www.gaveanews.com\/#\/schema\/person\/c88645e3d550d0b6574305e67dd5a716"},"headline":"Jos\u00e9 Boto abre o jogo e confirma negocia\u00e7\u00f5es avan\u00e7adas do Flamengo","datePublished":"2025-12-17T13:00:00+00:00","dateModified":"2025-12-17T13:35:59+00:00","mainEntityOfPage":{"@id":"https:\/\/www.gaveanews.com\/index.php\/2025\/12\/17\/jose-boto-abre-o-jogo-e-confirma-negociacoes-avancadas-do-flamengo\/"},"wordCount":336,"commentCount":0,"image":{"@id":"https:\/\/www.gaveanews.com\/index.php\/2025\/12\/17\/jose-boto-abre-o-jogo-e-confirma-negociacoes-avancadas-do-flamengo\/#primaryimage"},"thumbnailUrl":"https:\/\/www.gaveanews.com\/wp-content\/uploads\/Jose-Boto-Flamengo-1.webp","keywords":["Flamengo 2026","janela de transfer\u00eancias","Jos\u00e9 Boto","Juninho","Matheus Cunha","mercado da bola","Michael"],"articleSection":["Flamengo"],"inLanguage":"pt-BR","potentialAction":[{"@type":"CommentAction","name":"Comment","target":["https:\/\/www.gaveanews.com\/index.php\/2025\/12\/17\/jose-boto-abre-o-jogo-e-confirma-negociacoes-avancadas-do-flamengo\/#respond"]}],"copyrightYear":"2025","copyrightHolder":{"@id":"https:\/\/www.gaveanews.com\/#organization"}},{"@type":"WebPage","@id":"https:\/\/www.gaveanews.com\/index.php\/2025\/12\/17\/jose-boto-abre-o-jogo-e-confirma-negociacoes-avancadas-do-flamengo\/","url":"https:\/\/www.gaveanews.com\/index.php\/2025\/12\/17\/jose-boto-abre-o-jogo-e-confirma-negociacoes-avancadas-do-flamengo\/","name":"Jos\u00e9 Boto abre o jogo e confirma negocia\u00e7\u00f5es avan\u00e7adas do Flamengo","isPartOf":{"@id":"https:\/\/www.gaveanews.com\/#website"},"primaryImageOfPage":{"@id":"https:\/\/www.gaveanews.com\/index.php\/2025\/12\/17\/jose-boto-abre-o-jogo-e-confirma-negociacoes-avancadas-do-flamengo\/#primaryimage"},"image":{"@id":"https:\/\/www.gaveanews.com\/index.php\/2025\/12\/17\/jose-boto-abre-o-jogo-e-confirma-negociacoes-avancadas-do-flamengo\/#primaryimage"},"thumbnailUrl":"https:\/\/www.gaveanews.com\/wp-content\/uploads\/Jose-Boto-Flamengo-1.webp","datePublished":"2025-12-17T13:00:00+00:00","dateModified":"2025-12-17T13:35:59+00:00","author":{"@id":"https:\/\/www.gaveanews.com\/#\/schema\/person\/c88645e3d550d0b6574305e67dd5a716"},"description":"Segundo o portugu\u00eas Jos\u00e9 Boto, parte dessas movimenta\u00e7\u00f5es surge do pr\u00f3prio desejo dos atletas do elenco rubro-negro","breadcrumb":{"@id":"https:\/\/www.gaveanews.com\/index.php\/2025\/12\/17\/jose-boto-abre-o-jogo-e-confirma-negociacoes-avancadas-do-flamengo\/#breadcrumb"},"inLanguage":"pt-BR","potentialAction":[{"@type":"ReadAction","target":["https:\/\/www.gaveanews.com\/index.php\/2025\/12\/17\/jose-boto-abre-o-jogo-e-confirma-negociacoes-avancadas-do-flamengo\/"]}]},{"@type":"ImageObject","inLanguage":"pt-BR","@id":"https:\/\/www.gaveanews.com\/index.php\/2025\/12\/17\/jose-boto-abre-o-jogo-e-confirma-negociacoes-avancadas-do-flamengo\/#primaryimage","url":"https:\/\/www.gaveanews.com\/wp-content\/uploads\/Jose-Boto-Flamengo-1.webp","contentUrl":"https:\/\/www.gaveanews.com\/wp-content\/uploads\/Jose-Boto-Flamengo-1.webp","width":1920,"height":1281,"caption":"Diretor Jos\u00e9 Boto em coletiva (Foto: Paula Reis\/Flamengo)"},{"@type":"BreadcrumbList","@id":"https:\/\/www.gaveanews.com\/index.php\/2025\/12\/17\/jose-boto-abre-o-jogo-e-confirma-negociacoes-avancadas-do-flamengo\/#breadcrumb","itemListElement":[{"@type":"ListItem","position":1,"name":"Home","item":"https:\/\/www.gaveanews.com\/"},{"@type":"ListItem","position":2,"name":"Jos\u00e9 Boto abre o jogo e confirma negocia\u00e7\u00f5es avan\u00e7adas do Flamengo"}]},{"@type":"WebSite","@id":"https:\/\/www.gaveanews.com\/#website","url":"https:\/\/www.gaveanews.com\/","name":"G\u00e1vea News","description":"Veja todas as not\u00edcias sobre o Flamengo: Contrata\u00e7\u00f5es, categorias de base, resultados das partidas, tabela de classifica\u00e7\u00e3o, pr\u00f3ximos jogos!","potentialAction":[{"@type":"SearchAction","target":{"@type":"EntryPoint","urlTemplate":"https:\/\/www.gaveanews.com\/?s={search_term_string}"},"query-input":{"@type":"PropertyValueSpecification","valueRequired":true,"valueName":"search_term_string"}}],"inLanguage":"pt-BR"},{"@type":"Person","@id":"https:\/\/www.gaveanews.com\/#\/schema\/person\/c88645e3d550d0b6574305e67dd5a716","name":"Reda\u00e7\u00e3o","image":{"@type":"ImageObject","inLanguage":"pt-BR","@id":"https:\/\/www.gaveanews.com\/#\/schema\/person\/image\/","url":"https:\/\/secure.gravatar.com\/avatar\/434098fd823f0dc1b062d14ca22bacaa6e38de28d8c816bbef6fc2f8c44d8ba3?s=96&d=mm&r=g","contentUrl":"https:\/\/secure.gravatar.com\/avatar\/434098fd823f0dc1b062d14ca22bacaa6e38de28d8c816bbef6fc2f8c44d8ba3?s=96&d=mm&r=g","caption":"Reda\u00e7\u00e3o"}}]}},"_links":{"self":[{"href":"https:\/\/www.gaveanews.com\/index.php\/wp-json\/wp\/v2\/posts\/281672","targetHints":{"allow":["GET"]}}],"collection":[{"href":"https:\/\/www.gaveanews.com\/index.php\/wp-json\/wp\/v2\/posts"}],"about":[{"href":"https:\/\/www.gaveanews.com\/index.php\/wp-json\/wp\/v2\/types\/post"}],"author":[{"embeddable":true,"href":"https:\/\/www.gaveanews.com\/index.php\/wp-json\/wp\/v2\/users\/39"}],"replies":[{"embeddable":true,"href":"https:\/\/www.gaveanews.com\/index.php\/wp-json\/wp\/v2\/comments?post=281672"}],"version-history":[{"count":1,"href":"https:\/\/www.gaveanews.com\/index.php\/wp-json\/wp\/v2\/posts\/281672\/revisions"}],"predecessor-version":[{"id":281677,"href":"https:\/\/www.gaveanews.com\/index.php\/wp-json\/wp\/v2\/posts\/281672\/revisions\/281677"}],"wp:featuredmedia":[{"embeddable":true,"href":"https:\/\/www.gaveanews.com\/index.php\/wp-json\/wp\/v2\/media\/220981"}],"wp:attachment":[{"href":"https:\/\/www.gaveanews.com\/index.php\/wp-json\/wp\/v2\/media?parent=281672"}],"wp:term":[{"taxonomy":"category","embeddable":true,"href":"https:\/\/www.gaveanews.com\/index.php\/wp-json\/wp\/v2\/categories?post=281672"},{"taxonomy":"post_tag","embeddable":true,"href":"https:\/\/www.gaveanews.com\/index.php\/wp-json\/wp\/v2\/tags?post=281672"}],"curies":[{"name":"wp","href":"https:\/\/api.w.org\/{rel}","templated":true}]}}