{"id":281681,"date":"2025-12-17T10:50:00","date_gmt":"2025-12-17T13:50:00","guid":{"rendered":"https:\/\/www.gaveanews.com\/?p=281681"},"modified":"2025-12-17T11:16:33","modified_gmt":"2025-12-17T14:16:33","slug":"a-declaracao-de-marquinhos-do-psg-direcionada-ao-flamengo-de-filipe-luis","status":"publish","type":"post","link":"https:\/\/www.gaveanews.com\/index.php\/2025\/12\/17\/a-declaracao-de-marquinhos-do-psg-direcionada-ao-flamengo-de-filipe-luis\/","title":{"rendered":"A declara\u00e7\u00e3o de Marquinhos, do PSG, direcionada ao Flamengo de Filipe Lu\u00eds"},"content":{"rendered":"\n<p>Na v\u00e9spera da final Intercontinental, o zagueiro Marquinhos elogiou publicamente o <a href=\"https:\/\/www.gaveanews.com\/index.php\/category\/brasileirao\/flamengo\/\" target=\"_blank\" rel=\"noreferrer noopener\">Flamengo<\/a>, advers\u00e1rio do Paris Saint-Germain na decis\u00e3o marcada para esta quarta-feira (17), \u00e0s 14h (de Bras\u00edlia), no est\u00e1dio Ahmad bin Ali, no Catar. <\/p>\n\n\n\n<p>Capit\u00e3o da equipe francesa, ele destacou o estilo de jogo do Rubro-Negro e a influ\u00eancia t\u00e1tica do t\u00e9cnico Filipe Lu\u00eds. Marquinhos valorizou o desempenho do clube brasileiro e o impacto das ideias trazidas pela nova comiss\u00e3o. <\/p>\n\n\n\n<p>\u201cO Flamengo vem revolucionando a ideia de jogo do futebol brasileiro. O Filipe Lu\u00eds vem trazendo muita coisa do estilo europeu taticamente. \u00c9 um time muito qualificado para fazer um bom jogo contra a gente\u201d, afirmou o defensor.<\/p>\n\n\n\n<p>O atleta tamb\u00e9m comentou sobre sua recupera\u00e7\u00e3o f\u00edsica. Ap\u00f3s sofrer uma les\u00e3o no quadril durante partida contra o Athletic Bilbao, ele garantiu estar recuperado e apto, caso seja a escolha da comiss\u00e3o. \u201cMe recuperei bem e treinei estes \u00faltimos dias. Vai ficar para o treinador decidir quem vai jogar\u201d, disse.<\/p>\n\n\n\n<figure class=\"wp-block-image size-full\"><img loading=\"lazy\" decoding=\"async\" width=\"1280\" height=\"853\" src=\"http:\/\/www.gaveanews.com\/wp-content\/uploads\/Filipe-Luis-conquista-a-Libertadores-como-tecnico-do-Flamengo-1.jpg\" alt=\"Filipe Lu\u00eds conquista a Libertadores\" class=\"wp-image-281190\"\/><figcaption class=\"wp-element-caption\">Filipe Lu\u00eds conquista a Libertadores como t\u00e9cnico do Flamengo (Foto: Adriano Fontes\/CRF)<\/figcaption><\/figure>\n\n\n\n<h3 class=\"wp-block-heading\" id=\"h-retornos-no-psg\">Retornos no PSG<\/h3>\n\n\n\n<p>Al\u00e9m da pr\u00f3pria condi\u00e7\u00e3o, Marquinhos apontou a import\u00e2ncia de ter novamente \u00e0 disposi\u00e7\u00e3o jogadores que estavam no departamento m\u00e9dico. Segundo ele, o retorno de nomes como Demb\u00e9l\u00e9 e Dou\u00e9 fortalece o elenco para uma decis\u00e3o de alto n\u00edvel t\u00e9cnico.<\/p>\n\n\n\n<p>A final re\u00fane o campe\u00e3o da Europa, que entra direto na decis\u00e3o, e o vencedor da fase classificat\u00f3ria entre clubes de outras regi\u00f5es. O Flamengo garantiu presen\u00e7a ao eliminar Cruz Azul e Pyramids nas etapas anteriores do torneio.<\/p>\n","protected":false},"excerpt":{"rendered":"<p>Na v\u00e9spera da final Intercontinental, o zagueiro Marquinhos elogiou publicamente o Flamengo, advers\u00e1rio do Paris Saint-Germain na decis\u00e3o marcada para esta quarta-feira (17), \u00e0s 14h (de Bras\u00edlia), no est\u00e1dio Ahmad bin Ali, no Catar. Capit\u00e3o da equipe francesa, ele destacou o estilo de jogo do Rubro-Negro e a influ\u00eancia t\u00e1tica do t\u00e9cnico Filipe Lu\u00eds. Marquinhos [&hellip;]<\/p>\n","protected":false},"author":39,"featured_media":281601,"comment_status":"open","ping_status":"closed","sticky":false,"template":"","format":"standard","meta":{"footnotes":""},"categories":[1,78,102],"tags":[547,538,532,250,669,604],"class_list":["post-281681","post","type-post","status-publish","format-standard","has-post-thumbnail","hentry","category-flamengo","category-futebol-internacional","category-psg","tag-copa-intercontinental","tag-fifa","tag-filipe-luis","tag-flamengo","tag-marquinhos","tag-psg"],"yoast_head":"<!-- This site is optimized with the Yoast SEO Premium plugin v24.2 (Yoast SEO v26.9) - https:\/\/yoast.com\/product\/yoast-seo-premium-wordpress\/ -->\n<title>A declara\u00e7\u00e3o de Marquinhos, do PSG, direcionada ao Flamengo de Filipe Lu\u00eds<\/title>\n<meta name=\"description\" content=\"A final re\u00fane o campe\u00e3o da Europa, que entra direto na decis\u00e3o, e o time de Filipe Lu\u00eds, vencedor entre clubes de outros continentes\" \/>\n<meta name=\"robots\" content=\"index, follow, max-snippet:-1, max-image-preview:large, max-video-preview:-1\" \/>\n<link rel=\"canonical\" href=\"https:\/\/www.gaveanews.com\/index.php\/2025\/12\/17\/a-declaracao-de-marquinhos-do-psg-direcionada-ao-flamengo-de-filipe-luis\/\" \/>\n<meta property=\"og:locale\" content=\"pt_BR\" \/>\n<meta property=\"og:type\" content=\"article\" \/>\n<meta property=\"og:title\" content=\"A declara\u00e7\u00e3o de Marquinhos, do PSG, direcionada ao Flamengo de Filipe Lu\u00eds\" \/>\n<meta property=\"og:description\" content=\"A final re\u00fane o campe\u00e3o da Europa, que entra direto na decis\u00e3o, e o time de Filipe Lu\u00eds, vencedor entre clubes de outros continentes\" \/>\n<meta property=\"og:url\" content=\"https:\/\/www.gaveanews.com\/index.php\/2025\/12\/17\/a-declaracao-de-marquinhos-do-psg-direcionada-ao-flamengo-de-filipe-luis\/\" \/>\n<meta property=\"og:site_name\" content=\"G\u00e1vea News\" \/>\n<meta property=\"article:publisher\" content=\"https:\/\/facebook.com\/gaveaNews\/\" \/>\n<meta property=\"article:published_time\" content=\"2025-12-17T13:50:00+00:00\" \/>\n<meta property=\"article:modified_time\" content=\"2025-12-17T14:16:33+00:00\" \/>\n<meta property=\"og:image\" content=\"http:\/\/www.gaveanews.com\/wp-content\/uploads\/Marquinhos-do-PSG-indo-disputar-o-Mundial.png\" \/>\n\t<meta property=\"og:image:width\" content=\"1200\" \/>\n\t<meta property=\"og:image:height\" content=\"900\" \/>\n\t<meta property=\"og:image:type\" content=\"image\/png\" \/>\n<meta name=\"author\" content=\"Reda\u00e7\u00e3o\" \/>\n<meta name=\"twitter:card\" content=\"summary_large_image\" \/>\n<meta name=\"twitter:label1\" content=\"Escrito por\" \/>\n\t<meta name=\"twitter:data1\" content=\"Reda\u00e7\u00e3o\" \/>\n\t<meta name=\"twitter:label2\" content=\"Est. tempo de leitura\" \/>\n\t<meta name=\"twitter:data2\" content=\"2 minutos\" \/>\n<script type=\"application\/ld+json\" class=\"yoast-schema-graph\">{\"@context\":\"https:\/\/schema.org\",\"@graph\":[{\"@type\":\"NewsArticle\",\"@id\":\"https:\/\/www.gaveanews.com\/index.php\/2025\/12\/17\/a-declaracao-de-marquinhos-do-psg-direcionada-ao-flamengo-de-filipe-luis\/#article\",\"isPartOf\":{\"@id\":\"https:\/\/www.gaveanews.com\/index.php\/2025\/12\/17\/a-declaracao-de-marquinhos-do-psg-direcionada-ao-flamengo-de-filipe-luis\/\"},\"author\":{\"name\":\"Reda\u00e7\u00e3o\",\"@id\":\"https:\/\/www.gaveanews.com\/#\/schema\/person\/c88645e3d550d0b6574305e67dd5a716\"},\"headline\":\"A declara\u00e7\u00e3o de Marquinhos, do PSG, direcionada ao Flamengo de Filipe Lu\u00eds\",\"datePublished\":\"2025-12-17T13:50:00+00:00\",\"dateModified\":\"2025-12-17T14:16:33+00:00\",\"mainEntityOfPage\":{\"@id\":\"https:\/\/www.gaveanews.com\/index.php\/2025\/12\/17\/a-declaracao-de-marquinhos-do-psg-direcionada-ao-flamengo-de-filipe-luis\/\"},\"wordCount\":298,\"commentCount\":0,\"image\":{\"@id\":\"https:\/\/www.gaveanews.com\/index.php\/2025\/12\/17\/a-declaracao-de-marquinhos-do-psg-direcionada-ao-flamengo-de-filipe-luis\/#primaryimage\"},\"thumbnailUrl\":\"https:\/\/www.gaveanews.com\/wp-content\/uploads\/Marquinhos-do-PSG-indo-disputar-o-Mundial.png\",\"keywords\":[\"Copa Intercontinental\",\"Fifa\",\"Filipe Lu\u00eds\",\"Flamengo\",\"Marquinhos\",\"PSG\"],\"articleSection\":[\"Flamengo\",\"Futebol Internacional\",\"PSG\"],\"inLanguage\":\"pt-BR\",\"potentialAction\":[{\"@type\":\"CommentAction\",\"name\":\"Comment\",\"target\":[\"https:\/\/www.gaveanews.com\/index.php\/2025\/12\/17\/a-declaracao-de-marquinhos-do-psg-direcionada-ao-flamengo-de-filipe-luis\/#respond\"]}],\"copyrightYear\":\"2025\",\"copyrightHolder\":{\"@id\":\"https:\/\/www.gaveanews.com\/#organization\"}},{\"@type\":\"WebPage\",\"@id\":\"https:\/\/www.gaveanews.com\/index.php\/2025\/12\/17\/a-declaracao-de-marquinhos-do-psg-direcionada-ao-flamengo-de-filipe-luis\/\",\"url\":\"https:\/\/www.gaveanews.com\/index.php\/2025\/12\/17\/a-declaracao-de-marquinhos-do-psg-direcionada-ao-flamengo-de-filipe-luis\/\",\"name\":\"A declara\u00e7\u00e3o de Marquinhos, do PSG, direcionada ao Flamengo de Filipe Lu\u00eds\",\"isPartOf\":{\"@id\":\"https:\/\/www.gaveanews.com\/#website\"},\"primaryImageOfPage\":{\"@id\":\"https:\/\/www.gaveanews.com\/index.php\/2025\/12\/17\/a-declaracao-de-marquinhos-do-psg-direcionada-ao-flamengo-de-filipe-luis\/#primaryimage\"},\"image\":{\"@id\":\"https:\/\/www.gaveanews.com\/index.php\/2025\/12\/17\/a-declaracao-de-marquinhos-do-psg-direcionada-ao-flamengo-de-filipe-luis\/#primaryimage\"},\"thumbnailUrl\":\"https:\/\/www.gaveanews.com\/wp-content\/uploads\/Marquinhos-do-PSG-indo-disputar-o-Mundial.png\",\"datePublished\":\"2025-12-17T13:50:00+00:00\",\"dateModified\":\"2025-12-17T14:16:33+00:00\",\"author\":{\"@id\":\"https:\/\/www.gaveanews.com\/#\/schema\/person\/c88645e3d550d0b6574305e67dd5a716\"},\"description\":\"A final re\u00fane o campe\u00e3o da Europa, que entra direto na decis\u00e3o, e o time de Filipe Lu\u00eds, vencedor entre clubes de outros continentes\",\"breadcrumb\":{\"@id\":\"https:\/\/www.gaveanews.com\/index.php\/2025\/12\/17\/a-declaracao-de-marquinhos-do-psg-direcionada-ao-flamengo-de-filipe-luis\/#breadcrumb\"},\"inLanguage\":\"pt-BR\",\"potentialAction\":[{\"@type\":\"ReadAction\",\"target\":[\"https:\/\/www.gaveanews.com\/index.php\/2025\/12\/17\/a-declaracao-de-marquinhos-do-psg-direcionada-ao-flamengo-de-filipe-luis\/\"]}]},{\"@type\":\"ImageObject\",\"inLanguage\":\"pt-BR\",\"@id\":\"https:\/\/www.gaveanews.com\/index.php\/2025\/12\/17\/a-declaracao-de-marquinhos-do-psg-direcionada-ao-flamengo-de-filipe-luis\/#primaryimage\",\"url\":\"https:\/\/www.gaveanews.com\/wp-content\/uploads\/Marquinhos-do-PSG-indo-disputar-o-Mundial.png\",\"contentUrl\":\"https:\/\/www.gaveanews.com\/wp-content\/uploads\/Marquinhos-do-PSG-indo-disputar-o-Mundial.png\",\"width\":1200,\"height\":900,\"caption\":\"Foto: Divulga\u00e7\u00e3o\/PSG\"},{\"@type\":\"BreadcrumbList\",\"@id\":\"https:\/\/www.gaveanews.com\/index.php\/2025\/12\/17\/a-declaracao-de-marquinhos-do-psg-direcionada-ao-flamengo-de-filipe-luis\/#breadcrumb\",\"itemListElement\":[{\"@type\":\"ListItem\",\"position\":1,\"name\":\"Home\",\"item\":\"https:\/\/www.gaveanews.com\/\"},{\"@type\":\"ListItem\",\"position\":2,\"name\":\"A declara\u00e7\u00e3o de Marquinhos, do PSG, direcionada ao Flamengo de Filipe Lu\u00eds\"}]},{\"@type\":\"WebSite\",\"@id\":\"https:\/\/www.gaveanews.com\/#website\",\"url\":\"https:\/\/www.gaveanews.com\/\",\"name\":\"G\u00e1vea News\",\"description\":\"Veja todas as not\u00edcias sobre o Flamengo: Contrata\u00e7\u00f5es, categorias de base, resultados das partidas, tabela de classifica\u00e7\u00e3o, pr\u00f3ximos jogos!\",\"potentialAction\":[{\"@type\":\"SearchAction\",\"target\":{\"@type\":\"EntryPoint\",\"urlTemplate\":\"https:\/\/www.gaveanews.com\/?s={search_term_string}\"},\"query-input\":{\"@type\":\"PropertyValueSpecification\",\"valueRequired\":true,\"valueName\":\"search_term_string\"}}],\"inLanguage\":\"pt-BR\"},{\"@type\":\"Person\",\"@id\":\"https:\/\/www.gaveanews.com\/#\/schema\/person\/c88645e3d550d0b6574305e67dd5a716\",\"name\":\"Reda\u00e7\u00e3o\",\"image\":{\"@type\":\"ImageObject\",\"inLanguage\":\"pt-BR\",\"@id\":\"https:\/\/www.gaveanews.com\/#\/schema\/person\/image\/\",\"url\":\"https:\/\/secure.gravatar.com\/avatar\/434098fd823f0dc1b062d14ca22bacaa6e38de28d8c816bbef6fc2f8c44d8ba3?s=96&d=mm&r=g\",\"contentUrl\":\"https:\/\/secure.gravatar.com\/avatar\/434098fd823f0dc1b062d14ca22bacaa6e38de28d8c816bbef6fc2f8c44d8ba3?s=96&d=mm&r=g\",\"caption\":\"Reda\u00e7\u00e3o\"}}]}<\/script>\n<!-- \/ Yoast SEO Premium plugin. -->","yoast_head_json":{"title":"A declara\u00e7\u00e3o de Marquinhos, do PSG, direcionada ao Flamengo de Filipe Lu\u00eds","description":"A final re\u00fane o campe\u00e3o da Europa, que entra direto na decis\u00e3o, e o time de Filipe Lu\u00eds, vencedor entre clubes de outros continentes","robots":{"index":"index","follow":"follow","max-snippet":"max-snippet:-1","max-image-preview":"max-image-preview:large","max-video-preview":"max-video-preview:-1"},"canonical":"https:\/\/www.gaveanews.com\/index.php\/2025\/12\/17\/a-declaracao-de-marquinhos-do-psg-direcionada-ao-flamengo-de-filipe-luis\/","og_locale":"pt_BR","og_type":"article","og_title":"A declara\u00e7\u00e3o de Marquinhos, do PSG, direcionada ao Flamengo de Filipe Lu\u00eds","og_description":"A final re\u00fane o campe\u00e3o da Europa, que entra direto na decis\u00e3o, e o time de Filipe Lu\u00eds, vencedor entre clubes de outros continentes","og_url":"https:\/\/www.gaveanews.com\/index.php\/2025\/12\/17\/a-declaracao-de-marquinhos-do-psg-direcionada-ao-flamengo-de-filipe-luis\/","og_site_name":"G\u00e1vea News","article_publisher":"https:\/\/facebook.com\/gaveaNews\/","article_published_time":"2025-12-17T13:50:00+00:00","article_modified_time":"2025-12-17T14:16:33+00:00","og_image":[{"width":1200,"height":900,"url":"http:\/\/www.gaveanews.com\/wp-content\/uploads\/Marquinhos-do-PSG-indo-disputar-o-Mundial.png","type":"image\/png"}],"author":"Reda\u00e7\u00e3o","twitter_card":"summary_large_image","twitter_misc":{"Escrito por":"Reda\u00e7\u00e3o","Est. tempo de leitura":"2 minutos"},"schema":{"@context":"https:\/\/schema.org","@graph":[{"@type":"NewsArticle","@id":"https:\/\/www.gaveanews.com\/index.php\/2025\/12\/17\/a-declaracao-de-marquinhos-do-psg-direcionada-ao-flamengo-de-filipe-luis\/#article","isPartOf":{"@id":"https:\/\/www.gaveanews.com\/index.php\/2025\/12\/17\/a-declaracao-de-marquinhos-do-psg-direcionada-ao-flamengo-de-filipe-luis\/"},"author":{"name":"Reda\u00e7\u00e3o","@id":"https:\/\/www.gaveanews.com\/#\/schema\/person\/c88645e3d550d0b6574305e67dd5a716"},"headline":"A declara\u00e7\u00e3o de Marquinhos, do PSG, direcionada ao Flamengo de Filipe Lu\u00eds","datePublished":"2025-12-17T13:50:00+00:00","dateModified":"2025-12-17T14:16:33+00:00","mainEntityOfPage":{"@id":"https:\/\/www.gaveanews.com\/index.php\/2025\/12\/17\/a-declaracao-de-marquinhos-do-psg-direcionada-ao-flamengo-de-filipe-luis\/"},"wordCount":298,"commentCount":0,"image":{"@id":"https:\/\/www.gaveanews.com\/index.php\/2025\/12\/17\/a-declaracao-de-marquinhos-do-psg-direcionada-ao-flamengo-de-filipe-luis\/#primaryimage"},"thumbnailUrl":"https:\/\/www.gaveanews.com\/wp-content\/uploads\/Marquinhos-do-PSG-indo-disputar-o-Mundial.png","keywords":["Copa Intercontinental","Fifa","Filipe Lu\u00eds","Flamengo","Marquinhos","PSG"],"articleSection":["Flamengo","Futebol Internacional","PSG"],"inLanguage":"pt-BR","potentialAction":[{"@type":"CommentAction","name":"Comment","target":["https:\/\/www.gaveanews.com\/index.php\/2025\/12\/17\/a-declaracao-de-marquinhos-do-psg-direcionada-ao-flamengo-de-filipe-luis\/#respond"]}],"copyrightYear":"2025","copyrightHolder":{"@id":"https:\/\/www.gaveanews.com\/#organization"}},{"@type":"WebPage","@id":"https:\/\/www.gaveanews.com\/index.php\/2025\/12\/17\/a-declaracao-de-marquinhos-do-psg-direcionada-ao-flamengo-de-filipe-luis\/","url":"https:\/\/www.gaveanews.com\/index.php\/2025\/12\/17\/a-declaracao-de-marquinhos-do-psg-direcionada-ao-flamengo-de-filipe-luis\/","name":"A declara\u00e7\u00e3o de Marquinhos, do PSG, direcionada ao Flamengo de Filipe Lu\u00eds","isPartOf":{"@id":"https:\/\/www.gaveanews.com\/#website"},"primaryImageOfPage":{"@id":"https:\/\/www.gaveanews.com\/index.php\/2025\/12\/17\/a-declaracao-de-marquinhos-do-psg-direcionada-ao-flamengo-de-filipe-luis\/#primaryimage"},"image":{"@id":"https:\/\/www.gaveanews.com\/index.php\/2025\/12\/17\/a-declaracao-de-marquinhos-do-psg-direcionada-ao-flamengo-de-filipe-luis\/#primaryimage"},"thumbnailUrl":"https:\/\/www.gaveanews.com\/wp-content\/uploads\/Marquinhos-do-PSG-indo-disputar-o-Mundial.png","datePublished":"2025-12-17T13:50:00+00:00","dateModified":"2025-12-17T14:16:33+00:00","author":{"@id":"https:\/\/www.gaveanews.com\/#\/schema\/person\/c88645e3d550d0b6574305e67dd5a716"},"description":"A final re\u00fane o campe\u00e3o da Europa, que entra direto na decis\u00e3o, e o time de Filipe Lu\u00eds, vencedor entre clubes de outros continentes","breadcrumb":{"@id":"https:\/\/www.gaveanews.com\/index.php\/2025\/12\/17\/a-declaracao-de-marquinhos-do-psg-direcionada-ao-flamengo-de-filipe-luis\/#breadcrumb"},"inLanguage":"pt-BR","potentialAction":[{"@type":"ReadAction","target":["https:\/\/www.gaveanews.com\/index.php\/2025\/12\/17\/a-declaracao-de-marquinhos-do-psg-direcionada-ao-flamengo-de-filipe-luis\/"]}]},{"@type":"ImageObject","inLanguage":"pt-BR","@id":"https:\/\/www.gaveanews.com\/index.php\/2025\/12\/17\/a-declaracao-de-marquinhos-do-psg-direcionada-ao-flamengo-de-filipe-luis\/#primaryimage","url":"https:\/\/www.gaveanews.com\/wp-content\/uploads\/Marquinhos-do-PSG-indo-disputar-o-Mundial.png","contentUrl":"https:\/\/www.gaveanews.com\/wp-content\/uploads\/Marquinhos-do-PSG-indo-disputar-o-Mundial.png","width":1200,"height":900,"caption":"Foto: Divulga\u00e7\u00e3o\/PSG"},{"@type":"BreadcrumbList","@id":"https:\/\/www.gaveanews.com\/index.php\/2025\/12\/17\/a-declaracao-de-marquinhos-do-psg-direcionada-ao-flamengo-de-filipe-luis\/#breadcrumb","itemListElement":[{"@type":"ListItem","position":1,"name":"Home","item":"https:\/\/www.gaveanews.com\/"},{"@type":"ListItem","position":2,"name":"A declara\u00e7\u00e3o de Marquinhos, do PSG, direcionada ao Flamengo de Filipe Lu\u00eds"}]},{"@type":"WebSite","@id":"https:\/\/www.gaveanews.com\/#website","url":"https:\/\/www.gaveanews.com\/","name":"G\u00e1vea News","description":"Veja todas as not\u00edcias sobre o Flamengo: Contrata\u00e7\u00f5es, categorias de base, resultados das partidas, tabela de classifica\u00e7\u00e3o, pr\u00f3ximos jogos!","potentialAction":[{"@type":"SearchAction","target":{"@type":"EntryPoint","urlTemplate":"https:\/\/www.gaveanews.com\/?s={search_term_string}"},"query-input":{"@type":"PropertyValueSpecification","valueRequired":true,"valueName":"search_term_string"}}],"inLanguage":"pt-BR"},{"@type":"Person","@id":"https:\/\/www.gaveanews.com\/#\/schema\/person\/c88645e3d550d0b6574305e67dd5a716","name":"Reda\u00e7\u00e3o","image":{"@type":"ImageObject","inLanguage":"pt-BR","@id":"https:\/\/www.gaveanews.com\/#\/schema\/person\/image\/","url":"https:\/\/secure.gravatar.com\/avatar\/434098fd823f0dc1b062d14ca22bacaa6e38de28d8c816bbef6fc2f8c44d8ba3?s=96&d=mm&r=g","contentUrl":"https:\/\/secure.gravatar.com\/avatar\/434098fd823f0dc1b062d14ca22bacaa6e38de28d8c816bbef6fc2f8c44d8ba3?s=96&d=mm&r=g","caption":"Reda\u00e7\u00e3o"}}]}},"_links":{"self":[{"href":"https:\/\/www.gaveanews.com\/index.php\/wp-json\/wp\/v2\/posts\/281681","targetHints":{"allow":["GET"]}}],"collection":[{"href":"https:\/\/www.gaveanews.com\/index.php\/wp-json\/wp\/v2\/posts"}],"about":[{"href":"https:\/\/www.gaveanews.com\/index.php\/wp-json\/wp\/v2\/types\/post"}],"author":[{"embeddable":true,"href":"https:\/\/www.gaveanews.com\/index.php\/wp-json\/wp\/v2\/users\/39"}],"replies":[{"embeddable":true,"href":"https:\/\/www.gaveanews.com\/index.php\/wp-json\/wp\/v2\/comments?post=281681"}],"version-history":[{"count":1,"href":"https:\/\/www.gaveanews.com\/index.php\/wp-json\/wp\/v2\/posts\/281681\/revisions"}],"predecessor-version":[{"id":281684,"href":"https:\/\/www.gaveanews.com\/index.php\/wp-json\/wp\/v2\/posts\/281681\/revisions\/281684"}],"wp:featuredmedia":[{"embeddable":true,"href":"https:\/\/www.gaveanews.com\/index.php\/wp-json\/wp\/v2\/media\/281601"}],"wp:attachment":[{"href":"https:\/\/www.gaveanews.com\/index.php\/wp-json\/wp\/v2\/media?parent=281681"}],"wp:term":[{"taxonomy":"category","embeddable":true,"href":"https:\/\/www.gaveanews.com\/index.php\/wp-json\/wp\/v2\/categories?post=281681"},{"taxonomy":"post_tag","embeddable":true,"href":"https:\/\/www.gaveanews.com\/index.php\/wp-json\/wp\/v2\/tags?post=281681"}],"curies":[{"name":"wp","href":"https:\/\/api.w.org\/{rel}","templated":true}]}}