{"id":281712,"date":"2025-12-18T10:50:00","date_gmt":"2025-12-18T13:50:00","guid":{"rendered":"https:\/\/www.gaveanews.com\/?p=281712"},"modified":"2025-12-18T11:17:13","modified_gmt":"2025-12-18T14:17:13","slug":"ex-jogador-do-flamengo-entra-na-mira-de-clube-que-disputara-a-libertadores","status":"publish","type":"post","link":"https:\/\/www.gaveanews.com\/index.php\/2025\/12\/18\/ex-jogador-do-flamengo-entra-na-mira-de-clube-que-disputara-a-libertadores\/","title":{"rendered":"Ex-jogador do Flamengo entra na mira de clube que disputar\u00e1 a Libertadores"},"content":{"rendered":"\n<p>O Mirassol intensificou sua movimenta\u00e7\u00e3o no mercado e est\u00e1 pr\u00f3ximo de acertar a chegada do meia argentino Lucas Mugni para a temporada de 2026. O jogador, que pertence ao Cear\u00e1 at\u00e9 o fim de dezembro, j\u00e1 tem negocia\u00e7\u00e3o encaminhada com o clube paulista, conforme informou o <em>SBT Rio<\/em>.<\/p>\n\n\n\n<p>Mugni tem 33 anos e est\u00e1 no futebol brasileiro desde 2014, com passagens por <a href=\"https:\/\/www.gaveanews.com\/index.php\/category\/brasileirao\/flamengo\/\" target=\"_blank\" rel=\"noreferrer noopener\">Flamengo<\/a>, Sport e Bahia. No Cear\u00e1 desde 2024, ele acumulou 97 partidas em duas temporadas, com sete gols marcados e 20 assist\u00eancias registradas no per\u00edodo.<\/p>\n\n\n\n<p>A sa\u00edda do meio-campista ocorre ap\u00f3s o rebaixamento do Voz\u00e3o para a S\u00e9rie B. O v\u00ednculo com o clube nordestino se encerra oficialmente no dia 31 de dezembro, o que permite a assinatura com outro time sem custos de transfer\u00eancia.<\/p>\n\n\n\n<h3 class=\"wp-block-heading\" id=\"h-na-libertadores-mirassol-pensa-em-2026\">Na Libertadores, Mirassol pensa em 2026<\/h3>\n\n\n\n<p>O time paulista busca refor\u00e7os para fortalecer seu elenco no pr\u00f3ximo ano e enxerga em Mugni uma op\u00e7\u00e3o experiente para o setor de cria\u00e7\u00e3o. A expectativa \u00e9 que a contrata\u00e7\u00e3o seja oficializada nas pr\u00f3ximas semanas, com todos os detalhes contratuais ajustados ap\u00f3s o t\u00e9rmino do v\u00ednculo com o Cear\u00e1.<\/p>\n\n\n\n<p>A poss\u00edvel chegada de Lucas Mugni marca mais um passo no planejamento do Mirassol para 2026, que j\u00e1 iniciou o processo de montagem do elenco visando os desafios da pr\u00f3xima temporada.<\/p>\n","protected":false},"excerpt":{"rendered":"<p>O Mirassol intensificou sua movimenta\u00e7\u00e3o no mercado e est\u00e1 pr\u00f3ximo de acertar a chegada do meia argentino Lucas Mugni para a temporada de 2026. O jogador, que pertence ao Cear\u00e1 at\u00e9 o fim de dezembro, j\u00e1 tem negocia\u00e7\u00e3o encaminhada com o clube paulista, conforme informou o SBT Rio. Mugni tem 33 anos e est\u00e1 no [&hellip;]<\/p>\n","protected":false},"author":39,"featured_media":280955,"comment_status":"open","ping_status":"closed","sticky":false,"template":"","format":"standard","meta":{"footnotes":""},"categories":[478,1],"tags":[554,677,676,505],"class_list":["post-281712","post","type-post","status-publish","format-standard","has-post-thumbnail","hentry","category-brasil","category-flamengo","tag-brasileirao","tag-libertadores-da-america-2026","tag-lucas-mugni","tag-mirassol"],"yoast_head":"<!-- This site is optimized with the Yoast SEO Premium plugin v24.2 (Yoast SEO v26.9) - https:\/\/yoast.com\/product\/yoast-seo-premium-wordpress\/ -->\n<title>Ex-jogador do Flamengo entra na mira de clube que disputar\u00e1 a Libertadores<\/title>\n<meta name=\"description\" content=\"A expectativa \u00e9 que a contrata\u00e7\u00e3o seja oficializada nas pr\u00f3ximas semanas, visando j\u00e1 a montagem do elenco sobretudo para Libertadores\" \/>\n<meta name=\"robots\" content=\"index, follow, max-snippet:-1, max-image-preview:large, max-video-preview:-1\" \/>\n<link rel=\"canonical\" href=\"https:\/\/www.gaveanews.com\/index.php\/2025\/12\/18\/ex-jogador-do-flamengo-entra-na-mira-de-clube-que-disputara-a-libertadores\/\" \/>\n<meta property=\"og:locale\" content=\"pt_BR\" \/>\n<meta property=\"og:type\" content=\"article\" \/>\n<meta property=\"og:title\" content=\"Ex-jogador do Flamengo entra na mira de clube que disputar\u00e1 a Libertadores\" \/>\n<meta property=\"og:description\" content=\"A expectativa \u00e9 que a contrata\u00e7\u00e3o seja oficializada nas pr\u00f3ximas semanas, visando j\u00e1 a montagem do elenco sobretudo para Libertadores\" \/>\n<meta property=\"og:url\" content=\"https:\/\/www.gaveanews.com\/index.php\/2025\/12\/18\/ex-jogador-do-flamengo-entra-na-mira-de-clube-que-disputara-a-libertadores\/\" \/>\n<meta property=\"og:site_name\" content=\"G\u00e1vea News\" \/>\n<meta property=\"article:publisher\" content=\"https:\/\/facebook.com\/gaveaNews\/\" \/>\n<meta property=\"article:published_time\" content=\"2025-12-18T13:50:00+00:00\" \/>\n<meta property=\"article:modified_time\" content=\"2025-12-18T14:17:13+00:00\" \/>\n<meta property=\"og:image\" content=\"http:\/\/www.gaveanews.com\/wp-content\/uploads\/Taca-da-Conmebol-Libertadores-da-America.jpg\" \/>\n\t<meta property=\"og:image:width\" content=\"1280\" \/>\n\t<meta property=\"og:image:height\" content=\"853\" \/>\n\t<meta property=\"og:image:type\" content=\"image\/jpeg\" \/>\n<meta name=\"author\" content=\"Reda\u00e7\u00e3o\" \/>\n<meta name=\"twitter:card\" content=\"summary_large_image\" \/>\n<meta name=\"twitter:label1\" content=\"Escrito por\" \/>\n\t<meta name=\"twitter:data1\" content=\"Reda\u00e7\u00e3o\" \/>\n\t<meta name=\"twitter:label2\" content=\"Est. tempo de leitura\" \/>\n\t<meta name=\"twitter:data2\" content=\"2 minutos\" \/>\n<script type=\"application\/ld+json\" class=\"yoast-schema-graph\">{\"@context\":\"https:\/\/schema.org\",\"@graph\":[{\"@type\":\"NewsArticle\",\"@id\":\"https:\/\/www.gaveanews.com\/index.php\/2025\/12\/18\/ex-jogador-do-flamengo-entra-na-mira-de-clube-que-disputara-a-libertadores\/#article\",\"isPartOf\":{\"@id\":\"https:\/\/www.gaveanews.com\/index.php\/2025\/12\/18\/ex-jogador-do-flamengo-entra-na-mira-de-clube-que-disputara-a-libertadores\/\"},\"author\":{\"name\":\"Reda\u00e7\u00e3o\",\"@id\":\"https:\/\/www.gaveanews.com\/#\/schema\/person\/c88645e3d550d0b6574305e67dd5a716\"},\"headline\":\"Ex-jogador do Flamengo entra na mira de clube que disputar\u00e1 a Libertadores\",\"datePublished\":\"2025-12-18T13:50:00+00:00\",\"dateModified\":\"2025-12-18T14:17:13+00:00\",\"mainEntityOfPage\":{\"@id\":\"https:\/\/www.gaveanews.com\/index.php\/2025\/12\/18\/ex-jogador-do-flamengo-entra-na-mira-de-clube-que-disputara-a-libertadores\/\"},\"wordCount\":237,\"commentCount\":0,\"image\":{\"@id\":\"https:\/\/www.gaveanews.com\/index.php\/2025\/12\/18\/ex-jogador-do-flamengo-entra-na-mira-de-clube-que-disputara-a-libertadores\/#primaryimage\"},\"thumbnailUrl\":\"https:\/\/www.gaveanews.com\/wp-content\/uploads\/Taca-da-Conmebol-Libertadores-da-America.jpg\",\"keywords\":[\"Brasileir\u00e3o\",\"Libertadores da Am\u00e9rica 2026\",\"Lucas Mugni\",\"Mirassol\"],\"articleSection\":[\"Brasil\",\"Flamengo\"],\"inLanguage\":\"pt-BR\",\"potentialAction\":[{\"@type\":\"CommentAction\",\"name\":\"Comment\",\"target\":[\"https:\/\/www.gaveanews.com\/index.php\/2025\/12\/18\/ex-jogador-do-flamengo-entra-na-mira-de-clube-que-disputara-a-libertadores\/#respond\"]}],\"copyrightYear\":\"2025\",\"copyrightHolder\":{\"@id\":\"https:\/\/www.gaveanews.com\/#organization\"}},{\"@type\":\"WebPage\",\"@id\":\"https:\/\/www.gaveanews.com\/index.php\/2025\/12\/18\/ex-jogador-do-flamengo-entra-na-mira-de-clube-que-disputara-a-libertadores\/\",\"url\":\"https:\/\/www.gaveanews.com\/index.php\/2025\/12\/18\/ex-jogador-do-flamengo-entra-na-mira-de-clube-que-disputara-a-libertadores\/\",\"name\":\"Ex-jogador do Flamengo entra na mira de clube que disputar\u00e1 a Libertadores\",\"isPartOf\":{\"@id\":\"https:\/\/www.gaveanews.com\/#website\"},\"primaryImageOfPage\":{\"@id\":\"https:\/\/www.gaveanews.com\/index.php\/2025\/12\/18\/ex-jogador-do-flamengo-entra-na-mira-de-clube-que-disputara-a-libertadores\/#primaryimage\"},\"image\":{\"@id\":\"https:\/\/www.gaveanews.com\/index.php\/2025\/12\/18\/ex-jogador-do-flamengo-entra-na-mira-de-clube-que-disputara-a-libertadores\/#primaryimage\"},\"thumbnailUrl\":\"https:\/\/www.gaveanews.com\/wp-content\/uploads\/Taca-da-Conmebol-Libertadores-da-America.jpg\",\"datePublished\":\"2025-12-18T13:50:00+00:00\",\"dateModified\":\"2025-12-18T14:17:13+00:00\",\"author\":{\"@id\":\"https:\/\/www.gaveanews.com\/#\/schema\/person\/c88645e3d550d0b6574305e67dd5a716\"},\"description\":\"A expectativa \u00e9 que a contrata\u00e7\u00e3o seja oficializada nas pr\u00f3ximas semanas, visando j\u00e1 a montagem do elenco sobretudo para Libertadores\",\"breadcrumb\":{\"@id\":\"https:\/\/www.gaveanews.com\/index.php\/2025\/12\/18\/ex-jogador-do-flamengo-entra-na-mira-de-clube-que-disputara-a-libertadores\/#breadcrumb\"},\"inLanguage\":\"pt-BR\",\"potentialAction\":[{\"@type\":\"ReadAction\",\"target\":[\"https:\/\/www.gaveanews.com\/index.php\/2025\/12\/18\/ex-jogador-do-flamengo-entra-na-mira-de-clube-que-disputara-a-libertadores\/\"]}]},{\"@type\":\"ImageObject\",\"inLanguage\":\"pt-BR\",\"@id\":\"https:\/\/www.gaveanews.com\/index.php\/2025\/12\/18\/ex-jogador-do-flamengo-entra-na-mira-de-clube-que-disputara-a-libertadores\/#primaryimage\",\"url\":\"https:\/\/www.gaveanews.com\/wp-content\/uploads\/Taca-da-Conmebol-Libertadores-da-America.jpg\",\"contentUrl\":\"https:\/\/www.gaveanews.com\/wp-content\/uploads\/Taca-da-Conmebol-Libertadores-da-America.jpg\",\"width\":1280,\"height\":853,\"caption\":\"Ta\u00e7a da Conmebol Libertadores da Am\u00e9rica (Foto: Divulga\u00e7\u00e3o)\"},{\"@type\":\"BreadcrumbList\",\"@id\":\"https:\/\/www.gaveanews.com\/index.php\/2025\/12\/18\/ex-jogador-do-flamengo-entra-na-mira-de-clube-que-disputara-a-libertadores\/#breadcrumb\",\"itemListElement\":[{\"@type\":\"ListItem\",\"position\":1,\"name\":\"Home\",\"item\":\"https:\/\/www.gaveanews.com\/\"},{\"@type\":\"ListItem\",\"position\":2,\"name\":\"Ex-jogador do Flamengo entra na mira de clube que disputar\u00e1 a Libertadores\"}]},{\"@type\":\"WebSite\",\"@id\":\"https:\/\/www.gaveanews.com\/#website\",\"url\":\"https:\/\/www.gaveanews.com\/\",\"name\":\"G\u00e1vea News\",\"description\":\"Veja todas as not\u00edcias sobre o Flamengo: Contrata\u00e7\u00f5es, categorias de base, resultados das partidas, tabela de classifica\u00e7\u00e3o, pr\u00f3ximos jogos!\",\"potentialAction\":[{\"@type\":\"SearchAction\",\"target\":{\"@type\":\"EntryPoint\",\"urlTemplate\":\"https:\/\/www.gaveanews.com\/?s={search_term_string}\"},\"query-input\":{\"@type\":\"PropertyValueSpecification\",\"valueRequired\":true,\"valueName\":\"search_term_string\"}}],\"inLanguage\":\"pt-BR\"},{\"@type\":\"Person\",\"@id\":\"https:\/\/www.gaveanews.com\/#\/schema\/person\/c88645e3d550d0b6574305e67dd5a716\",\"name\":\"Reda\u00e7\u00e3o\",\"image\":{\"@type\":\"ImageObject\",\"inLanguage\":\"pt-BR\",\"@id\":\"https:\/\/www.gaveanews.com\/#\/schema\/person\/image\/\",\"url\":\"https:\/\/secure.gravatar.com\/avatar\/434098fd823f0dc1b062d14ca22bacaa6e38de28d8c816bbef6fc2f8c44d8ba3?s=96&d=mm&r=g\",\"contentUrl\":\"https:\/\/secure.gravatar.com\/avatar\/434098fd823f0dc1b062d14ca22bacaa6e38de28d8c816bbef6fc2f8c44d8ba3?s=96&d=mm&r=g\",\"caption\":\"Reda\u00e7\u00e3o\"}}]}<\/script>\n<!-- \/ Yoast SEO Premium plugin. -->","yoast_head_json":{"title":"Ex-jogador do Flamengo entra na mira de clube que disputar\u00e1 a Libertadores","description":"A expectativa \u00e9 que a contrata\u00e7\u00e3o seja oficializada nas pr\u00f3ximas semanas, visando j\u00e1 a montagem do elenco sobretudo para Libertadores","robots":{"index":"index","follow":"follow","max-snippet":"max-snippet:-1","max-image-preview":"max-image-preview:large","max-video-preview":"max-video-preview:-1"},"canonical":"https:\/\/www.gaveanews.com\/index.php\/2025\/12\/18\/ex-jogador-do-flamengo-entra-na-mira-de-clube-que-disputara-a-libertadores\/","og_locale":"pt_BR","og_type":"article","og_title":"Ex-jogador do Flamengo entra na mira de clube que disputar\u00e1 a Libertadores","og_description":"A expectativa \u00e9 que a contrata\u00e7\u00e3o seja oficializada nas pr\u00f3ximas semanas, visando j\u00e1 a montagem do elenco sobretudo para Libertadores","og_url":"https:\/\/www.gaveanews.com\/index.php\/2025\/12\/18\/ex-jogador-do-flamengo-entra-na-mira-de-clube-que-disputara-a-libertadores\/","og_site_name":"G\u00e1vea News","article_publisher":"https:\/\/facebook.com\/gaveaNews\/","article_published_time":"2025-12-18T13:50:00+00:00","article_modified_time":"2025-12-18T14:17:13+00:00","og_image":[{"width":1280,"height":853,"url":"http:\/\/www.gaveanews.com\/wp-content\/uploads\/Taca-da-Conmebol-Libertadores-da-America.jpg","type":"image\/jpeg"}],"author":"Reda\u00e7\u00e3o","twitter_card":"summary_large_image","twitter_misc":{"Escrito por":"Reda\u00e7\u00e3o","Est. tempo de leitura":"2 minutos"},"schema":{"@context":"https:\/\/schema.org","@graph":[{"@type":"NewsArticle","@id":"https:\/\/www.gaveanews.com\/index.php\/2025\/12\/18\/ex-jogador-do-flamengo-entra-na-mira-de-clube-que-disputara-a-libertadores\/#article","isPartOf":{"@id":"https:\/\/www.gaveanews.com\/index.php\/2025\/12\/18\/ex-jogador-do-flamengo-entra-na-mira-de-clube-que-disputara-a-libertadores\/"},"author":{"name":"Reda\u00e7\u00e3o","@id":"https:\/\/www.gaveanews.com\/#\/schema\/person\/c88645e3d550d0b6574305e67dd5a716"},"headline":"Ex-jogador do Flamengo entra na mira de clube que disputar\u00e1 a Libertadores","datePublished":"2025-12-18T13:50:00+00:00","dateModified":"2025-12-18T14:17:13+00:00","mainEntityOfPage":{"@id":"https:\/\/www.gaveanews.com\/index.php\/2025\/12\/18\/ex-jogador-do-flamengo-entra-na-mira-de-clube-que-disputara-a-libertadores\/"},"wordCount":237,"commentCount":0,"image":{"@id":"https:\/\/www.gaveanews.com\/index.php\/2025\/12\/18\/ex-jogador-do-flamengo-entra-na-mira-de-clube-que-disputara-a-libertadores\/#primaryimage"},"thumbnailUrl":"https:\/\/www.gaveanews.com\/wp-content\/uploads\/Taca-da-Conmebol-Libertadores-da-America.jpg","keywords":["Brasileir\u00e3o","Libertadores da Am\u00e9rica 2026","Lucas Mugni","Mirassol"],"articleSection":["Brasil","Flamengo"],"inLanguage":"pt-BR","potentialAction":[{"@type":"CommentAction","name":"Comment","target":["https:\/\/www.gaveanews.com\/index.php\/2025\/12\/18\/ex-jogador-do-flamengo-entra-na-mira-de-clube-que-disputara-a-libertadores\/#respond"]}],"copyrightYear":"2025","copyrightHolder":{"@id":"https:\/\/www.gaveanews.com\/#organization"}},{"@type":"WebPage","@id":"https:\/\/www.gaveanews.com\/index.php\/2025\/12\/18\/ex-jogador-do-flamengo-entra-na-mira-de-clube-que-disputara-a-libertadores\/","url":"https:\/\/www.gaveanews.com\/index.php\/2025\/12\/18\/ex-jogador-do-flamengo-entra-na-mira-de-clube-que-disputara-a-libertadores\/","name":"Ex-jogador do Flamengo entra na mira de clube que disputar\u00e1 a Libertadores","isPartOf":{"@id":"https:\/\/www.gaveanews.com\/#website"},"primaryImageOfPage":{"@id":"https:\/\/www.gaveanews.com\/index.php\/2025\/12\/18\/ex-jogador-do-flamengo-entra-na-mira-de-clube-que-disputara-a-libertadores\/#primaryimage"},"image":{"@id":"https:\/\/www.gaveanews.com\/index.php\/2025\/12\/18\/ex-jogador-do-flamengo-entra-na-mira-de-clube-que-disputara-a-libertadores\/#primaryimage"},"thumbnailUrl":"https:\/\/www.gaveanews.com\/wp-content\/uploads\/Taca-da-Conmebol-Libertadores-da-America.jpg","datePublished":"2025-12-18T13:50:00+00:00","dateModified":"2025-12-18T14:17:13+00:00","author":{"@id":"https:\/\/www.gaveanews.com\/#\/schema\/person\/c88645e3d550d0b6574305e67dd5a716"},"description":"A expectativa \u00e9 que a contrata\u00e7\u00e3o seja oficializada nas pr\u00f3ximas semanas, visando j\u00e1 a montagem do elenco sobretudo para Libertadores","breadcrumb":{"@id":"https:\/\/www.gaveanews.com\/index.php\/2025\/12\/18\/ex-jogador-do-flamengo-entra-na-mira-de-clube-que-disputara-a-libertadores\/#breadcrumb"},"inLanguage":"pt-BR","potentialAction":[{"@type":"ReadAction","target":["https:\/\/www.gaveanews.com\/index.php\/2025\/12\/18\/ex-jogador-do-flamengo-entra-na-mira-de-clube-que-disputara-a-libertadores\/"]}]},{"@type":"ImageObject","inLanguage":"pt-BR","@id":"https:\/\/www.gaveanews.com\/index.php\/2025\/12\/18\/ex-jogador-do-flamengo-entra-na-mira-de-clube-que-disputara-a-libertadores\/#primaryimage","url":"https:\/\/www.gaveanews.com\/wp-content\/uploads\/Taca-da-Conmebol-Libertadores-da-America.jpg","contentUrl":"https:\/\/www.gaveanews.com\/wp-content\/uploads\/Taca-da-Conmebol-Libertadores-da-America.jpg","width":1280,"height":853,"caption":"Ta\u00e7a da Conmebol Libertadores da Am\u00e9rica (Foto: Divulga\u00e7\u00e3o)"},{"@type":"BreadcrumbList","@id":"https:\/\/www.gaveanews.com\/index.php\/2025\/12\/18\/ex-jogador-do-flamengo-entra-na-mira-de-clube-que-disputara-a-libertadores\/#breadcrumb","itemListElement":[{"@type":"ListItem","position":1,"name":"Home","item":"https:\/\/www.gaveanews.com\/"},{"@type":"ListItem","position":2,"name":"Ex-jogador do Flamengo entra na mira de clube que disputar\u00e1 a Libertadores"}]},{"@type":"WebSite","@id":"https:\/\/www.gaveanews.com\/#website","url":"https:\/\/www.gaveanews.com\/","name":"G\u00e1vea News","description":"Veja todas as not\u00edcias sobre o Flamengo: Contrata\u00e7\u00f5es, categorias de base, resultados das partidas, tabela de classifica\u00e7\u00e3o, pr\u00f3ximos jogos!","potentialAction":[{"@type":"SearchAction","target":{"@type":"EntryPoint","urlTemplate":"https:\/\/www.gaveanews.com\/?s={search_term_string}"},"query-input":{"@type":"PropertyValueSpecification","valueRequired":true,"valueName":"search_term_string"}}],"inLanguage":"pt-BR"},{"@type":"Person","@id":"https:\/\/www.gaveanews.com\/#\/schema\/person\/c88645e3d550d0b6574305e67dd5a716","name":"Reda\u00e7\u00e3o","image":{"@type":"ImageObject","inLanguage":"pt-BR","@id":"https:\/\/www.gaveanews.com\/#\/schema\/person\/image\/","url":"https:\/\/secure.gravatar.com\/avatar\/434098fd823f0dc1b062d14ca22bacaa6e38de28d8c816bbef6fc2f8c44d8ba3?s=96&d=mm&r=g","contentUrl":"https:\/\/secure.gravatar.com\/avatar\/434098fd823f0dc1b062d14ca22bacaa6e38de28d8c816bbef6fc2f8c44d8ba3?s=96&d=mm&r=g","caption":"Reda\u00e7\u00e3o"}}]}},"_links":{"self":[{"href":"https:\/\/www.gaveanews.com\/index.php\/wp-json\/wp\/v2\/posts\/281712","targetHints":{"allow":["GET"]}}],"collection":[{"href":"https:\/\/www.gaveanews.com\/index.php\/wp-json\/wp\/v2\/posts"}],"about":[{"href":"https:\/\/www.gaveanews.com\/index.php\/wp-json\/wp\/v2\/types\/post"}],"author":[{"embeddable":true,"href":"https:\/\/www.gaveanews.com\/index.php\/wp-json\/wp\/v2\/users\/39"}],"replies":[{"embeddable":true,"href":"https:\/\/www.gaveanews.com\/index.php\/wp-json\/wp\/v2\/comments?post=281712"}],"version-history":[{"count":1,"href":"https:\/\/www.gaveanews.com\/index.php\/wp-json\/wp\/v2\/posts\/281712\/revisions"}],"predecessor-version":[{"id":281715,"href":"https:\/\/www.gaveanews.com\/index.php\/wp-json\/wp\/v2\/posts\/281712\/revisions\/281715"}],"wp:featuredmedia":[{"embeddable":true,"href":"https:\/\/www.gaveanews.com\/index.php\/wp-json\/wp\/v2\/media\/280955"}],"wp:attachment":[{"href":"https:\/\/www.gaveanews.com\/index.php\/wp-json\/wp\/v2\/media?parent=281712"}],"wp:term":[{"taxonomy":"category","embeddable":true,"href":"https:\/\/www.gaveanews.com\/index.php\/wp-json\/wp\/v2\/categories?post=281712"},{"taxonomy":"post_tag","embeddable":true,"href":"https:\/\/www.gaveanews.com\/index.php\/wp-json\/wp\/v2\/tags?post=281712"}],"curies":[{"name":"wp","href":"https:\/\/api.w.org\/{rel}","templated":true}]}}