{"id":281716,"date":"2025-12-18T11:00:00","date_gmt":"2025-12-18T14:00:00","guid":{"rendered":"https:\/\/www.gaveanews.com\/?p=281716"},"modified":"2025-12-18T11:34:36","modified_gmt":"2025-12-18T14:34:36","slug":"filipe-luis-e-sincero-sobre-futuro-no-flamengo-apos-vice-no-mundial","status":"publish","type":"post","link":"https:\/\/www.gaveanews.com\/index.php\/2025\/12\/18\/filipe-luis-e-sincero-sobre-futuro-no-flamengo-apos-vice-no-mundial\/","title":{"rendered":"Filipe Lu\u00eds \u00e9 sincero sobre futuro no Flamengo ap\u00f3s vice no Mundial"},"content":{"rendered":"\n<p>Ap\u00f3s o vice para o PSG na final do Intercontinental, na quarta-feira (17), Filipe Lu\u00eds evitou confirmar a perman\u00eancia no comando do <a href=\"https:\/\/www.gaveanews.com\/index.php\/category\/brasileirao\/flamengo\/\" target=\"_blank\" rel=\"noreferrer noopener\">Flamengo<\/a>. Com contrato at\u00e9 31 de dezembro, o t\u00e9cnico afirmou que o momento ainda \u00e9 de reflex\u00e3o, apesar do desejo particular, e lamentou o resultado da decis\u00e3o no Catar.<\/p>\n\n\n\n<p>As tratativas come\u00e7aram no segundo semestre, mas ficaram em segundo plano durante as decis\u00f5es. Filipe Lu\u00eds declarou que ainda n\u00e3o recebeu propostas de outros clubes e refor\u00e7ou que seu foco esteve totalmente voltado \u00e0 reta final da temporada. <\/p>\n\n\n\n<p>\u201cN\u00e3o recebi nenhuma oferta, minha cabe\u00e7a estava voltada para esse jogo, para essa final, assim como para o Flamengo. E assim foi at\u00e9 o dia de hoje\u201d, afirmou.<\/p>\n\n\n\n<h3 class=\"wp-block-heading\" id=\"h-fica-no-flamengo\">Fica no Flamengo?<\/h3>\n\n\n\n<p>Em coletiva, o treinador indicou cautela sobre o futuro: \u201cAinda n\u00e3o \u00e9 o momento. Estou no luto do jogo, n\u00e3o depende s\u00f3 de mim. Espero que nos pr\u00f3ximos dias se arrume\u201d. A dire\u00e7\u00e3o, representada por Jos\u00e9 Boto e Luiz Eduardo Baptista, o Bap, j\u00e1 manifestou publicamente o interesse em renovar o v\u00ednculo.<\/p>\n\n\n\n<figure class=\"wp-block-image size-full\"><img loading=\"lazy\" decoding=\"async\" width=\"1280\" height=\"853\" src=\"http:\/\/www.gaveanews.com\/wp-content\/uploads\/Filipe-Luis-em-coletiva-pos-classificacao-a-final-do-Intercontinental.jpg\" alt=\"Filipe Lu\u00eds em coletiva\" class=\"wp-image-281593\"\/><figcaption class=\"wp-element-caption\">Filipe Lu\u00eds em coletiva de imprensa em Doha (Foto: Reprodu\u00e7\u00e3o\/FlamengoTV)<\/figcaption><\/figure>\n\n\n\n<p>No cargo desde setembro de 2024, Filipe Lu\u00eds soma cinco t\u00edtulos no clube: Copa do Brasil (2024), Carioca, Supercopa do Brasil, Brasileir\u00e3o e Libertadores (todos em 2025). Apesar do rev\u00e9s na final intercontinental, o clube ainda conquistou o D\u00e9rbi das Am\u00e9ricas e a Copa Challenger durante a campanha no Catar.<\/p>\n\n\n\n<p>Ao todo, o treinador dirigiu a equipe em 89 partidas, com 57 vit\u00f3rias, 21 empates e 11 derrotas. Seu time terminou com saldo de 155 gols marcados e 54 sofridos em sua primeira experi\u00eancia profissional.<\/p>\n","protected":false},"excerpt":{"rendered":"<p>Ap\u00f3s o vice para o PSG na final do Intercontinental, na quarta-feira (17), Filipe Lu\u00eds evitou confirmar a perman\u00eancia no comando do Flamengo. Com contrato at\u00e9 31 de dezembro, o t\u00e9cnico afirmou que o momento ainda \u00e9 de reflex\u00e3o, apesar do desejo particular, e lamentou o resultado da decis\u00e3o no Catar. As tratativas come\u00e7aram no [&hellip;]<\/p>\n","protected":false},"author":39,"featured_media":281717,"comment_status":"open","ping_status":"closed","sticky":false,"template":"","format":"standard","meta":{"footnotes":""},"categories":[1],"tags":[549,678,532,250,531,235],"class_list":["post-281716","post","type-post","status-publish","format-standard","has-post-thumbnail","hentry","category-flamengo","tag-bap","tag-contrato","tag-filipe-luis","tag-flamengo","tag-jose-boto","tag-renovacao"],"yoast_head":"<!-- This site is optimized with the Yoast SEO Premium plugin v24.2 (Yoast SEO v26.9) - https:\/\/yoast.com\/product\/yoast-seo-premium-wordpress\/ -->\n<title>Filipe Lu\u00eds \u00e9 sincero sobre futuro no Flamengo ap\u00f3s vice no Mundial<\/title>\n<meta name=\"description\" content=\"Ao todo, o t\u00e9cnico Filipe Lu\u00eds dirigiu a equipe rubro-negra em 89 partidas, com 57 vit\u00f3rias, 21 empates e 11 derrotas\" \/>\n<meta name=\"robots\" content=\"index, follow, max-snippet:-1, max-image-preview:large, max-video-preview:-1\" \/>\n<link rel=\"canonical\" href=\"https:\/\/www.gaveanews.com\/index.php\/2025\/12\/18\/filipe-luis-e-sincero-sobre-futuro-no-flamengo-apos-vice-no-mundial\/\" \/>\n<meta property=\"og:locale\" content=\"pt_BR\" \/>\n<meta property=\"og:type\" content=\"article\" \/>\n<meta property=\"og:title\" content=\"Filipe Lu\u00eds \u00e9 sincero sobre futuro no Flamengo ap\u00f3s vice no Mundial\" \/>\n<meta property=\"og:description\" content=\"Ao todo, o t\u00e9cnico Filipe Lu\u00eds dirigiu a equipe rubro-negra em 89 partidas, com 57 vit\u00f3rias, 21 empates e 11 derrotas\" \/>\n<meta property=\"og:url\" content=\"https:\/\/www.gaveanews.com\/index.php\/2025\/12\/18\/filipe-luis-e-sincero-sobre-futuro-no-flamengo-apos-vice-no-mundial\/\" \/>\n<meta property=\"og:site_name\" content=\"G\u00e1vea News\" \/>\n<meta property=\"article:publisher\" content=\"https:\/\/facebook.com\/gaveaNews\/\" \/>\n<meta property=\"article:published_time\" content=\"2025-12-18T14:00:00+00:00\" \/>\n<meta property=\"article:modified_time\" content=\"2025-12-18T14:34:36+00:00\" \/>\n<meta property=\"og:image\" content=\"http:\/\/www.gaveanews.com\/wp-content\/uploads\/Filipe-Luis-comanda-Flamengo-em-jogo-historico-contra-o-PSG.jpg\" \/>\n\t<meta property=\"og:image:width\" content=\"1280\" \/>\n\t<meta property=\"og:image:height\" content=\"853\" \/>\n\t<meta property=\"og:image:type\" content=\"image\/jpeg\" \/>\n<meta name=\"author\" content=\"Reda\u00e7\u00e3o\" \/>\n<meta name=\"twitter:card\" content=\"summary_large_image\" \/>\n<meta name=\"twitter:label1\" content=\"Escrito por\" \/>\n\t<meta name=\"twitter:data1\" content=\"Reda\u00e7\u00e3o\" \/>\n\t<meta name=\"twitter:label2\" content=\"Est. tempo de leitura\" \/>\n\t<meta name=\"twitter:data2\" content=\"2 minutos\" \/>\n<script type=\"application\/ld+json\" class=\"yoast-schema-graph\">{\"@context\":\"https:\/\/schema.org\",\"@graph\":[{\"@type\":\"NewsArticle\",\"@id\":\"https:\/\/www.gaveanews.com\/index.php\/2025\/12\/18\/filipe-luis-e-sincero-sobre-futuro-no-flamengo-apos-vice-no-mundial\/#article\",\"isPartOf\":{\"@id\":\"https:\/\/www.gaveanews.com\/index.php\/2025\/12\/18\/filipe-luis-e-sincero-sobre-futuro-no-flamengo-apos-vice-no-mundial\/\"},\"author\":{\"name\":\"Reda\u00e7\u00e3o\",\"@id\":\"https:\/\/www.gaveanews.com\/#\/schema\/person\/c88645e3d550d0b6574305e67dd5a716\"},\"headline\":\"Filipe Lu\u00eds \u00e9 sincero sobre futuro no Flamengo ap\u00f3s vice no Mundial\",\"datePublished\":\"2025-12-18T14:00:00+00:00\",\"dateModified\":\"2025-12-18T14:34:36+00:00\",\"mainEntityOfPage\":{\"@id\":\"https:\/\/www.gaveanews.com\/index.php\/2025\/12\/18\/filipe-luis-e-sincero-sobre-futuro-no-flamengo-apos-vice-no-mundial\/\"},\"wordCount\":295,\"commentCount\":0,\"image\":{\"@id\":\"https:\/\/www.gaveanews.com\/index.php\/2025\/12\/18\/filipe-luis-e-sincero-sobre-futuro-no-flamengo-apos-vice-no-mundial\/#primaryimage\"},\"thumbnailUrl\":\"https:\/\/www.gaveanews.com\/wp-content\/uploads\/Filipe-Luis-comanda-Flamengo-em-jogo-historico-contra-o-PSG.jpg\",\"keywords\":[\"Bap\",\"contrato\",\"Filipe Lu\u00eds\",\"Flamengo\",\"Jos\u00e9 Boto\",\"Renova\u00e7\u00e3o\"],\"articleSection\":[\"Flamengo\"],\"inLanguage\":\"pt-BR\",\"potentialAction\":[{\"@type\":\"CommentAction\",\"name\":\"Comment\",\"target\":[\"https:\/\/www.gaveanews.com\/index.php\/2025\/12\/18\/filipe-luis-e-sincero-sobre-futuro-no-flamengo-apos-vice-no-mundial\/#respond\"]}],\"copyrightYear\":\"2025\",\"copyrightHolder\":{\"@id\":\"https:\/\/www.gaveanews.com\/#organization\"}},{\"@type\":\"WebPage\",\"@id\":\"https:\/\/www.gaveanews.com\/index.php\/2025\/12\/18\/filipe-luis-e-sincero-sobre-futuro-no-flamengo-apos-vice-no-mundial\/\",\"url\":\"https:\/\/www.gaveanews.com\/index.php\/2025\/12\/18\/filipe-luis-e-sincero-sobre-futuro-no-flamengo-apos-vice-no-mundial\/\",\"name\":\"Filipe Lu\u00eds \u00e9 sincero sobre futuro no Flamengo ap\u00f3s vice no Mundial\",\"isPartOf\":{\"@id\":\"https:\/\/www.gaveanews.com\/#website\"},\"primaryImageOfPage\":{\"@id\":\"https:\/\/www.gaveanews.com\/index.php\/2025\/12\/18\/filipe-luis-e-sincero-sobre-futuro-no-flamengo-apos-vice-no-mundial\/#primaryimage\"},\"image\":{\"@id\":\"https:\/\/www.gaveanews.com\/index.php\/2025\/12\/18\/filipe-luis-e-sincero-sobre-futuro-no-flamengo-apos-vice-no-mundial\/#primaryimage\"},\"thumbnailUrl\":\"https:\/\/www.gaveanews.com\/wp-content\/uploads\/Filipe-Luis-comanda-Flamengo-em-jogo-historico-contra-o-PSG.jpg\",\"datePublished\":\"2025-12-18T14:00:00+00:00\",\"dateModified\":\"2025-12-18T14:34:36+00:00\",\"author\":{\"@id\":\"https:\/\/www.gaveanews.com\/#\/schema\/person\/c88645e3d550d0b6574305e67dd5a716\"},\"description\":\"Ao todo, o t\u00e9cnico Filipe Lu\u00eds dirigiu a equipe rubro-negra em 89 partidas, com 57 vit\u00f3rias, 21 empates e 11 derrotas\",\"breadcrumb\":{\"@id\":\"https:\/\/www.gaveanews.com\/index.php\/2025\/12\/18\/filipe-luis-e-sincero-sobre-futuro-no-flamengo-apos-vice-no-mundial\/#breadcrumb\"},\"inLanguage\":\"pt-BR\",\"potentialAction\":[{\"@type\":\"ReadAction\",\"target\":[\"https:\/\/www.gaveanews.com\/index.php\/2025\/12\/18\/filipe-luis-e-sincero-sobre-futuro-no-flamengo-apos-vice-no-mundial\/\"]}]},{\"@type\":\"ImageObject\",\"inLanguage\":\"pt-BR\",\"@id\":\"https:\/\/www.gaveanews.com\/index.php\/2025\/12\/18\/filipe-luis-e-sincero-sobre-futuro-no-flamengo-apos-vice-no-mundial\/#primaryimage\",\"url\":\"https:\/\/www.gaveanews.com\/wp-content\/uploads\/Filipe-Luis-comanda-Flamengo-em-jogo-historico-contra-o-PSG.jpg\",\"contentUrl\":\"https:\/\/www.gaveanews.com\/wp-content\/uploads\/Filipe-Luis-comanda-Flamengo-em-jogo-historico-contra-o-PSG.jpg\",\"width\":1280,\"height\":853,\"caption\":\"Filipe Lu\u00eds faz hist\u00f3ria como t\u00e9cnico do Flamengo ap\u00f3s final do Intercontinental (Foto: Gilvan de Souza\/CRF)\"},{\"@type\":\"BreadcrumbList\",\"@id\":\"https:\/\/www.gaveanews.com\/index.php\/2025\/12\/18\/filipe-luis-e-sincero-sobre-futuro-no-flamengo-apos-vice-no-mundial\/#breadcrumb\",\"itemListElement\":[{\"@type\":\"ListItem\",\"position\":1,\"name\":\"Home\",\"item\":\"https:\/\/www.gaveanews.com\/\"},{\"@type\":\"ListItem\",\"position\":2,\"name\":\"Filipe Lu\u00eds \u00e9 sincero sobre futuro no Flamengo ap\u00f3s vice no Mundial\"}]},{\"@type\":\"WebSite\",\"@id\":\"https:\/\/www.gaveanews.com\/#website\",\"url\":\"https:\/\/www.gaveanews.com\/\",\"name\":\"G\u00e1vea News\",\"description\":\"Veja todas as not\u00edcias sobre o Flamengo: Contrata\u00e7\u00f5es, categorias de base, resultados das partidas, tabela de classifica\u00e7\u00e3o, pr\u00f3ximos jogos!\",\"potentialAction\":[{\"@type\":\"SearchAction\",\"target\":{\"@type\":\"EntryPoint\",\"urlTemplate\":\"https:\/\/www.gaveanews.com\/?s={search_term_string}\"},\"query-input\":{\"@type\":\"PropertyValueSpecification\",\"valueRequired\":true,\"valueName\":\"search_term_string\"}}],\"inLanguage\":\"pt-BR\"},{\"@type\":\"Person\",\"@id\":\"https:\/\/www.gaveanews.com\/#\/schema\/person\/c88645e3d550d0b6574305e67dd5a716\",\"name\":\"Reda\u00e7\u00e3o\",\"image\":{\"@type\":\"ImageObject\",\"inLanguage\":\"pt-BR\",\"@id\":\"https:\/\/www.gaveanews.com\/#\/schema\/person\/image\/\",\"url\":\"https:\/\/secure.gravatar.com\/avatar\/434098fd823f0dc1b062d14ca22bacaa6e38de28d8c816bbef6fc2f8c44d8ba3?s=96&d=mm&r=g\",\"contentUrl\":\"https:\/\/secure.gravatar.com\/avatar\/434098fd823f0dc1b062d14ca22bacaa6e38de28d8c816bbef6fc2f8c44d8ba3?s=96&d=mm&r=g\",\"caption\":\"Reda\u00e7\u00e3o\"}}]}<\/script>\n<!-- \/ Yoast SEO Premium plugin. -->","yoast_head_json":{"title":"Filipe Lu\u00eds \u00e9 sincero sobre futuro no Flamengo ap\u00f3s vice no Mundial","description":"Ao todo, o t\u00e9cnico Filipe Lu\u00eds dirigiu a equipe rubro-negra em 89 partidas, com 57 vit\u00f3rias, 21 empates e 11 derrotas","robots":{"index":"index","follow":"follow","max-snippet":"max-snippet:-1","max-image-preview":"max-image-preview:large","max-video-preview":"max-video-preview:-1"},"canonical":"https:\/\/www.gaveanews.com\/index.php\/2025\/12\/18\/filipe-luis-e-sincero-sobre-futuro-no-flamengo-apos-vice-no-mundial\/","og_locale":"pt_BR","og_type":"article","og_title":"Filipe Lu\u00eds \u00e9 sincero sobre futuro no Flamengo ap\u00f3s vice no Mundial","og_description":"Ao todo, o t\u00e9cnico Filipe Lu\u00eds dirigiu a equipe rubro-negra em 89 partidas, com 57 vit\u00f3rias, 21 empates e 11 derrotas","og_url":"https:\/\/www.gaveanews.com\/index.php\/2025\/12\/18\/filipe-luis-e-sincero-sobre-futuro-no-flamengo-apos-vice-no-mundial\/","og_site_name":"G\u00e1vea News","article_publisher":"https:\/\/facebook.com\/gaveaNews\/","article_published_time":"2025-12-18T14:00:00+00:00","article_modified_time":"2025-12-18T14:34:36+00:00","og_image":[{"width":1280,"height":853,"url":"http:\/\/www.gaveanews.com\/wp-content\/uploads\/Filipe-Luis-comanda-Flamengo-em-jogo-historico-contra-o-PSG.jpg","type":"image\/jpeg"}],"author":"Reda\u00e7\u00e3o","twitter_card":"summary_large_image","twitter_misc":{"Escrito por":"Reda\u00e7\u00e3o","Est. tempo de leitura":"2 minutos"},"schema":{"@context":"https:\/\/schema.org","@graph":[{"@type":"NewsArticle","@id":"https:\/\/www.gaveanews.com\/index.php\/2025\/12\/18\/filipe-luis-e-sincero-sobre-futuro-no-flamengo-apos-vice-no-mundial\/#article","isPartOf":{"@id":"https:\/\/www.gaveanews.com\/index.php\/2025\/12\/18\/filipe-luis-e-sincero-sobre-futuro-no-flamengo-apos-vice-no-mundial\/"},"author":{"name":"Reda\u00e7\u00e3o","@id":"https:\/\/www.gaveanews.com\/#\/schema\/person\/c88645e3d550d0b6574305e67dd5a716"},"headline":"Filipe Lu\u00eds \u00e9 sincero sobre futuro no Flamengo ap\u00f3s vice no Mundial","datePublished":"2025-12-18T14:00:00+00:00","dateModified":"2025-12-18T14:34:36+00:00","mainEntityOfPage":{"@id":"https:\/\/www.gaveanews.com\/index.php\/2025\/12\/18\/filipe-luis-e-sincero-sobre-futuro-no-flamengo-apos-vice-no-mundial\/"},"wordCount":295,"commentCount":0,"image":{"@id":"https:\/\/www.gaveanews.com\/index.php\/2025\/12\/18\/filipe-luis-e-sincero-sobre-futuro-no-flamengo-apos-vice-no-mundial\/#primaryimage"},"thumbnailUrl":"https:\/\/www.gaveanews.com\/wp-content\/uploads\/Filipe-Luis-comanda-Flamengo-em-jogo-historico-contra-o-PSG.jpg","keywords":["Bap","contrato","Filipe Lu\u00eds","Flamengo","Jos\u00e9 Boto","Renova\u00e7\u00e3o"],"articleSection":["Flamengo"],"inLanguage":"pt-BR","potentialAction":[{"@type":"CommentAction","name":"Comment","target":["https:\/\/www.gaveanews.com\/index.php\/2025\/12\/18\/filipe-luis-e-sincero-sobre-futuro-no-flamengo-apos-vice-no-mundial\/#respond"]}],"copyrightYear":"2025","copyrightHolder":{"@id":"https:\/\/www.gaveanews.com\/#organization"}},{"@type":"WebPage","@id":"https:\/\/www.gaveanews.com\/index.php\/2025\/12\/18\/filipe-luis-e-sincero-sobre-futuro-no-flamengo-apos-vice-no-mundial\/","url":"https:\/\/www.gaveanews.com\/index.php\/2025\/12\/18\/filipe-luis-e-sincero-sobre-futuro-no-flamengo-apos-vice-no-mundial\/","name":"Filipe Lu\u00eds \u00e9 sincero sobre futuro no Flamengo ap\u00f3s vice no Mundial","isPartOf":{"@id":"https:\/\/www.gaveanews.com\/#website"},"primaryImageOfPage":{"@id":"https:\/\/www.gaveanews.com\/index.php\/2025\/12\/18\/filipe-luis-e-sincero-sobre-futuro-no-flamengo-apos-vice-no-mundial\/#primaryimage"},"image":{"@id":"https:\/\/www.gaveanews.com\/index.php\/2025\/12\/18\/filipe-luis-e-sincero-sobre-futuro-no-flamengo-apos-vice-no-mundial\/#primaryimage"},"thumbnailUrl":"https:\/\/www.gaveanews.com\/wp-content\/uploads\/Filipe-Luis-comanda-Flamengo-em-jogo-historico-contra-o-PSG.jpg","datePublished":"2025-12-18T14:00:00+00:00","dateModified":"2025-12-18T14:34:36+00:00","author":{"@id":"https:\/\/www.gaveanews.com\/#\/schema\/person\/c88645e3d550d0b6574305e67dd5a716"},"description":"Ao todo, o t\u00e9cnico Filipe Lu\u00eds dirigiu a equipe rubro-negra em 89 partidas, com 57 vit\u00f3rias, 21 empates e 11 derrotas","breadcrumb":{"@id":"https:\/\/www.gaveanews.com\/index.php\/2025\/12\/18\/filipe-luis-e-sincero-sobre-futuro-no-flamengo-apos-vice-no-mundial\/#breadcrumb"},"inLanguage":"pt-BR","potentialAction":[{"@type":"ReadAction","target":["https:\/\/www.gaveanews.com\/index.php\/2025\/12\/18\/filipe-luis-e-sincero-sobre-futuro-no-flamengo-apos-vice-no-mundial\/"]}]},{"@type":"ImageObject","inLanguage":"pt-BR","@id":"https:\/\/www.gaveanews.com\/index.php\/2025\/12\/18\/filipe-luis-e-sincero-sobre-futuro-no-flamengo-apos-vice-no-mundial\/#primaryimage","url":"https:\/\/www.gaveanews.com\/wp-content\/uploads\/Filipe-Luis-comanda-Flamengo-em-jogo-historico-contra-o-PSG.jpg","contentUrl":"https:\/\/www.gaveanews.com\/wp-content\/uploads\/Filipe-Luis-comanda-Flamengo-em-jogo-historico-contra-o-PSG.jpg","width":1280,"height":853,"caption":"Filipe Lu\u00eds faz hist\u00f3ria como t\u00e9cnico do Flamengo ap\u00f3s final do Intercontinental (Foto: Gilvan de Souza\/CRF)"},{"@type":"BreadcrumbList","@id":"https:\/\/www.gaveanews.com\/index.php\/2025\/12\/18\/filipe-luis-e-sincero-sobre-futuro-no-flamengo-apos-vice-no-mundial\/#breadcrumb","itemListElement":[{"@type":"ListItem","position":1,"name":"Home","item":"https:\/\/www.gaveanews.com\/"},{"@type":"ListItem","position":2,"name":"Filipe Lu\u00eds \u00e9 sincero sobre futuro no Flamengo ap\u00f3s vice no Mundial"}]},{"@type":"WebSite","@id":"https:\/\/www.gaveanews.com\/#website","url":"https:\/\/www.gaveanews.com\/","name":"G\u00e1vea News","description":"Veja todas as not\u00edcias sobre o Flamengo: Contrata\u00e7\u00f5es, categorias de base, resultados das partidas, tabela de classifica\u00e7\u00e3o, pr\u00f3ximos jogos!","potentialAction":[{"@type":"SearchAction","target":{"@type":"EntryPoint","urlTemplate":"https:\/\/www.gaveanews.com\/?s={search_term_string}"},"query-input":{"@type":"PropertyValueSpecification","valueRequired":true,"valueName":"search_term_string"}}],"inLanguage":"pt-BR"},{"@type":"Person","@id":"https:\/\/www.gaveanews.com\/#\/schema\/person\/c88645e3d550d0b6574305e67dd5a716","name":"Reda\u00e7\u00e3o","image":{"@type":"ImageObject","inLanguage":"pt-BR","@id":"https:\/\/www.gaveanews.com\/#\/schema\/person\/image\/","url":"https:\/\/secure.gravatar.com\/avatar\/434098fd823f0dc1b062d14ca22bacaa6e38de28d8c816bbef6fc2f8c44d8ba3?s=96&d=mm&r=g","contentUrl":"https:\/\/secure.gravatar.com\/avatar\/434098fd823f0dc1b062d14ca22bacaa6e38de28d8c816bbef6fc2f8c44d8ba3?s=96&d=mm&r=g","caption":"Reda\u00e7\u00e3o"}}]}},"_links":{"self":[{"href":"https:\/\/www.gaveanews.com\/index.php\/wp-json\/wp\/v2\/posts\/281716","targetHints":{"allow":["GET"]}}],"collection":[{"href":"https:\/\/www.gaveanews.com\/index.php\/wp-json\/wp\/v2\/posts"}],"about":[{"href":"https:\/\/www.gaveanews.com\/index.php\/wp-json\/wp\/v2\/types\/post"}],"author":[{"embeddable":true,"href":"https:\/\/www.gaveanews.com\/index.php\/wp-json\/wp\/v2\/users\/39"}],"replies":[{"embeddable":true,"href":"https:\/\/www.gaveanews.com\/index.php\/wp-json\/wp\/v2\/comments?post=281716"}],"version-history":[{"count":2,"href":"https:\/\/www.gaveanews.com\/index.php\/wp-json\/wp\/v2\/posts\/281716\/revisions"}],"predecessor-version":[{"id":281721,"href":"https:\/\/www.gaveanews.com\/index.php\/wp-json\/wp\/v2\/posts\/281716\/revisions\/281721"}],"wp:featuredmedia":[{"embeddable":true,"href":"https:\/\/www.gaveanews.com\/index.php\/wp-json\/wp\/v2\/media\/281717"}],"wp:attachment":[{"href":"https:\/\/www.gaveanews.com\/index.php\/wp-json\/wp\/v2\/media?parent=281716"}],"wp:term":[{"taxonomy":"category","embeddable":true,"href":"https:\/\/www.gaveanews.com\/index.php\/wp-json\/wp\/v2\/categories?post=281716"},{"taxonomy":"post_tag","embeddable":true,"href":"https:\/\/www.gaveanews.com\/index.php\/wp-json\/wp\/v2\/tags?post=281716"}],"curies":[{"name":"wp","href":"https:\/\/api.w.org\/{rel}","templated":true}]}}