{"id":281801,"date":"2025-12-21T13:00:00","date_gmt":"2025-12-21T16:00:00","guid":{"rendered":"https:\/\/www.gaveanews.com\/?p=281801"},"modified":"2025-12-21T12:54:48","modified_gmt":"2025-12-21T15:54:48","slug":"a-declaracao-de-danilo-do-flamengo-direcionada-a-thiago-silva","status":"publish","type":"post","link":"https:\/\/www.gaveanews.com\/index.php\/2025\/12\/21\/a-declaracao-de-danilo-do-flamengo-direcionada-a-thiago-silva\/","title":{"rendered":"A declara\u00e7\u00e3o de Danilo, do Flamengo, direcionada a Thiago Silva"},"content":{"rendered":"\n<p>Ap\u00f3s uma breve passagem pelo futebol brasileiro, Thiago Silva decidiu encerrar sua segunda etapa no Fluminense e retornar ao futebol europeu. O zagueiro, de 41 anos, acertou sua transfer\u00eancia para o Porto, clube que o projetou internacionalmente em 2005. O retorno marca o reencontro com uma das camisas que mais marcou sua trajet\u00f3ria no continente.<\/p>\n\n\n\n<p>Anteriormente, Thiago havia deixado o futebol europeu em 2024 para atuar pelo clube carioca. No entanto, ap\u00f3s uma temporada e meia, optou por n\u00e3o renovar o contrato, alegando motivos pessoais ligados \u00e0 reaproxima\u00e7\u00e3o da fam\u00edlia. A transfer\u00eancia foi confirmada para o in\u00edcio de 2026.<\/p>\n\n\n\n<p>A movimenta\u00e7\u00e3o teve repercuss\u00e3o entre jogadores que conviveram com Thiago Silva na Sele\u00e7\u00e3o Brasileira. Danilo, atualmente no Flamengo, foi um dos que se manifestaram publicamente. O defensor rubro-negro, que iniciou sua carreira europeia no mesmo Porto em 2011, enviou uma mensagem ao ex-companheiro por meio das redes sociais.<\/p>\n\n\n\n<p><strong>\u201cFala, meu irm\u00e3o Thiago. Hoje eu queria passar pra te desejar boa sorte nessa nova etapa no Futebol Clube do Porto, um clube que eu tenho muito carinho e passei muitos anos maravilhosos\u201d.<\/strong><\/p>\n\n\n\n<p>Em outro trecho, Danilo complementou o recado refor\u00e7ando a expectativa de sucesso no retorno do zagueiro ao clube portugu\u00eas.<\/p>\n\n\n\n<p><strong>\u201cTenho certeza que voc\u00ea nesse regresso vai dar muitas alegrias para todos do Futebol Clube do Porto e pra voc\u00ea tamb\u00e9m, que corra tudo bem, que seja uma experi\u00eancia maravilhosa e que essa parceria entre Thiago Silva e o Futebol Clube do Porto seja de muito sucesso. Abra\u00e7o, meu irm\u00e3o\u201d.<\/strong><\/p>\n\n\n\n<figure class=\"wp-block-image size-large\"><img loading=\"lazy\" decoding=\"async\" width=\"820\" height=\"1024\" src=\"http:\/\/www.gaveanews.com\/wp-content\/uploads\/Thiago-Silva-durante-o-jogo-entre-Fluminense-x-Palmeiras-pelo-Brasileirao-2024-no-estadio-do-Maracana-820x1024.webp\" alt=\"\" class=\"wp-image-154489\" srcset=\"https:\/\/www.gaveanews.com\/wp-content\/uploads\/Thiago-Silva-durante-o-jogo-entre-Fluminense-x-Palmeiras-pelo-Brasileirao-2024-no-estadio-do-Maracana-820x1024.webp 820w, https:\/\/www.gaveanews.com\/wp-content\/uploads\/Thiago-Silva-durante-o-jogo-entre-Fluminense-x-Palmeiras-pelo-Brasileirao-2024-no-estadio-do-Maracana-240x300.webp 240w, https:\/\/www.gaveanews.com\/wp-content\/uploads\/Thiago-Silva-durante-o-jogo-entre-Fluminense-x-Palmeiras-pelo-Brasileirao-2024-no-estadio-do-Maracana-768x960.webp 768w, https:\/\/www.gaveanews.com\/wp-content\/uploads\/Thiago-Silva-durante-o-jogo-entre-Fluminense-x-Palmeiras-pelo-Brasileirao-2024-no-estadio-do-Maracana-1229x1536.webp 1229w, https:\/\/www.gaveanews.com\/wp-content\/uploads\/Thiago-Silva-durante-o-jogo-entre-Fluminense-x-Palmeiras-pelo-Brasileirao-2024-no-estadio-do-Maracana-336x420.webp 336w, https:\/\/www.gaveanews.com\/wp-content\/uploads\/Thiago-Silva-durante-o-jogo-entre-Fluminense-x-Palmeiras-pelo-Brasileirao-2024-no-estadio-do-Maracana-672x840.webp 672w, https:\/\/www.gaveanews.com\/wp-content\/uploads\/Thiago-Silva-durante-o-jogo-entre-Fluminense-x-Palmeiras-pelo-Brasileirao-2024-no-estadio-do-Maracana-640x800.webp 640w, https:\/\/www.gaveanews.com\/wp-content\/uploads\/Thiago-Silva-durante-o-jogo-entre-Fluminense-x-Palmeiras-pelo-Brasileirao-2024-no-estadio-do-Maracana-1280x1599.webp 1280w, https:\/\/www.gaveanews.com\/wp-content\/uploads\/Thiago-Silva-durante-o-jogo-entre-Fluminense-x-Palmeiras-pelo-Brasileirao-2024-no-estadio-do-Maracana-681x851.webp 681w, https:\/\/www.gaveanews.com\/wp-content\/uploads\/Thiago-Silva-durante-o-jogo-entre-Fluminense-x-Palmeiras-pelo-Brasileirao-2024-no-estadio-do-Maracana-1362x1702.webp 1362w, https:\/\/www.gaveanews.com\/wp-content\/uploads\/Thiago-Silva-durante-o-jogo-entre-Fluminense-x-Palmeiras-pelo-Brasileirao-2024-no-estadio-do-Maracana-100x125.webp 100w, https:\/\/www.gaveanews.com\/wp-content\/uploads\/Thiago-Silva-durante-o-jogo-entre-Fluminense-x-Palmeiras-pelo-Brasileirao-2024-no-estadio-do-Maracana.webp 1639w\" sizes=\"auto, (max-width: 820px) 100vw, 820px\" \/><figcaption class=\"wp-element-caption\">Thiago Silva durante o jogo entre Fluminense x Palmeiras pelo Brasileir\u00e3o 2024 no est\u00e1dio do Maracan\u00e3 (Foto: Lucas Mer\u00e7on\/Fluminense)<\/figcaption><\/figure>\n\n\n\n<p>Enquanto Thiago Silva se despede do futebol brasileiro sem conquistas nesta nova passagem pelo Fluminense, Danilo vive fase distinta no Flamengo. O defensor foi respons\u00e1vel por um dos momentos mais marcantes do clube em 2025, ao marcar o gol do t\u00edtulo da Libertadores contra o Palmeiras, em Lima, de cabe\u00e7a.<\/p>\n\n\n\n<p>Ali\u00e1s, as trajet\u00f3rias dos dois jogadores guardam semelhan\u00e7as. Ambos tiveram o Porto como porta de entrada na Europa e, posteriormente, acumularam passagens por clubes de grande express\u00e3o internacional. Danilo atuou por Real Madrid, Manchester City e Juventus, antes de regressar ao Brasil.<\/p>\n\n\n\n<p>Por fim, a mensagem de Danilo evidencia mais que uma homenagem. Reflete a conex\u00e3o constru\u00edda entre atletas que, al\u00e9m de terem dividido o vesti\u00e1rio da Sele\u00e7\u00e3o, representam uma gera\u00e7\u00e3o marcada por conquistas e longevidade no futebol de alto n\u00edvel.<\/p>\n","protected":false},"excerpt":{"rendered":"<p>Ap\u00f3s uma breve passagem pelo futebol brasileiro, Thiago Silva decidiu encerrar sua segunda etapa no Fluminense e retornar ao futebol europeu. O zagueiro, de 41 anos, acertou sua transfer\u00eancia para o Porto, clube que o projetou internacionalmente em 2005. O retorno marca o reencontro com uma das camisas que mais marcou sua trajet\u00f3ria no continente. [&hellip;]<\/p>\n","protected":false},"author":18,"featured_media":254806,"comment_status":"open","ping_status":"closed","sticky":false,"template":"","format":"standard","meta":{"footnotes":""},"categories":[1],"tags":[],"class_list":["post-281801","post","type-post","status-publish","format-standard","has-post-thumbnail","hentry","category-flamengo"],"yoast_head":"<!-- This site is optimized with the Yoast SEO Premium plugin v24.2 (Yoast SEO v26.9) - https:\/\/yoast.com\/product\/yoast-seo-premium-wordpress\/ -->\n<title>A declara\u00e7\u00e3o de Danilo, do Flamengo, direcionada a Thiago Silva<\/title>\n<meta name=\"robots\" content=\"index, follow, max-snippet:-1, max-image-preview:large, max-video-preview:-1\" \/>\n<link rel=\"canonical\" href=\"https:\/\/www.gaveanews.com\/index.php\/2025\/12\/21\/a-declaracao-de-danilo-do-flamengo-direcionada-a-thiago-silva\/\" \/>\n<meta property=\"og:locale\" content=\"pt_BR\" \/>\n<meta property=\"og:type\" content=\"article\" \/>\n<meta property=\"og:title\" content=\"A declara\u00e7\u00e3o de Danilo, do Flamengo, direcionada a Thiago Silva\" \/>\n<meta property=\"og:description\" content=\"Ap\u00f3s uma breve passagem pelo futebol brasileiro, Thiago Silva decidiu encerrar sua segunda etapa no Fluminense e retornar ao futebol europeu. O zagueiro, de 41 anos, acertou sua transfer\u00eancia para o Porto, clube que o projetou internacionalmente em 2005. O retorno marca o reencontro com uma das camisas que mais marcou sua trajet\u00f3ria no continente. [&hellip;]\" \/>\n<meta property=\"og:url\" content=\"https:\/\/www.gaveanews.com\/index.php\/2025\/12\/21\/a-declaracao-de-danilo-do-flamengo-direcionada-a-thiago-silva\/\" \/>\n<meta property=\"og:site_name\" content=\"G\u00e1vea News\" \/>\n<meta property=\"article:publisher\" content=\"https:\/\/facebook.com\/gaveaNews\/\" \/>\n<meta property=\"article:published_time\" content=\"2025-12-21T16:00:00+00:00\" \/>\n<meta property=\"og:image\" content=\"https:\/\/www.gaveanews.com\/wp-content\/uploads\/Danilo-marca-seu-primeiro-gol-com-a-camisa-do-Flamengo.webp\" \/>\n\t<meta property=\"og:image:width\" content=\"1200\" \/>\n\t<meta property=\"og:image:height\" content=\"800\" \/>\n\t<meta property=\"og:image:type\" content=\"image\/png\" \/>\n<meta name=\"author\" content=\"Paula Silva\" \/>\n<meta name=\"twitter:card\" content=\"summary_large_image\" \/>\n<meta name=\"twitter:label1\" content=\"Escrito por\" \/>\n\t<meta name=\"twitter:data1\" content=\"Paula Silva\" \/>\n\t<meta name=\"twitter:label2\" content=\"Est. tempo de leitura\" \/>\n\t<meta name=\"twitter:data2\" content=\"3 minutos\" \/>\n<script type=\"application\/ld+json\" class=\"yoast-schema-graph\">{\"@context\":\"https:\/\/schema.org\",\"@graph\":[{\"@type\":\"NewsArticle\",\"@id\":\"https:\/\/www.gaveanews.com\/index.php\/2025\/12\/21\/a-declaracao-de-danilo-do-flamengo-direcionada-a-thiago-silva\/#article\",\"isPartOf\":{\"@id\":\"https:\/\/www.gaveanews.com\/index.php\/2025\/12\/21\/a-declaracao-de-danilo-do-flamengo-direcionada-a-thiago-silva\/\"},\"author\":{\"name\":\"Paula Silva\",\"@id\":\"https:\/\/www.gaveanews.com\/#\/schema\/person\/daf63eec72e1164eb13dc35096c2b8da\"},\"headline\":\"A declara\u00e7\u00e3o de Danilo, do Flamengo, direcionada a Thiago Silva\",\"datePublished\":\"2025-12-21T16:00:00+00:00\",\"mainEntityOfPage\":{\"@id\":\"https:\/\/www.gaveanews.com\/index.php\/2025\/12\/21\/a-declaracao-de-danilo-do-flamengo-direcionada-a-thiago-silva\/\"},\"wordCount\":439,\"commentCount\":0,\"image\":{\"@id\":\"https:\/\/www.gaveanews.com\/index.php\/2025\/12\/21\/a-declaracao-de-danilo-do-flamengo-direcionada-a-thiago-silva\/#primaryimage\"},\"thumbnailUrl\":\"https:\/\/www.gaveanews.com\/wp-content\/uploads\/Danilo-marca-seu-primeiro-gol-com-a-camisa-do-Flamengo.webp\",\"articleSection\":[\"Flamengo\"],\"inLanguage\":\"pt-BR\",\"potentialAction\":[{\"@type\":\"CommentAction\",\"name\":\"Comment\",\"target\":[\"https:\/\/www.gaveanews.com\/index.php\/2025\/12\/21\/a-declaracao-de-danilo-do-flamengo-direcionada-a-thiago-silva\/#respond\"]}],\"copyrightYear\":\"2025\",\"copyrightHolder\":{\"@id\":\"https:\/\/www.gaveanews.com\/#organization\"}},{\"@type\":\"WebPage\",\"@id\":\"https:\/\/www.gaveanews.com\/index.php\/2025\/12\/21\/a-declaracao-de-danilo-do-flamengo-direcionada-a-thiago-silva\/\",\"url\":\"https:\/\/www.gaveanews.com\/index.php\/2025\/12\/21\/a-declaracao-de-danilo-do-flamengo-direcionada-a-thiago-silva\/\",\"name\":\"A declara\u00e7\u00e3o de Danilo, do Flamengo, direcionada a Thiago Silva\",\"isPartOf\":{\"@id\":\"https:\/\/www.gaveanews.com\/#website\"},\"primaryImageOfPage\":{\"@id\":\"https:\/\/www.gaveanews.com\/index.php\/2025\/12\/21\/a-declaracao-de-danilo-do-flamengo-direcionada-a-thiago-silva\/#primaryimage\"},\"image\":{\"@id\":\"https:\/\/www.gaveanews.com\/index.php\/2025\/12\/21\/a-declaracao-de-danilo-do-flamengo-direcionada-a-thiago-silva\/#primaryimage\"},\"thumbnailUrl\":\"https:\/\/www.gaveanews.com\/wp-content\/uploads\/Danilo-marca-seu-primeiro-gol-com-a-camisa-do-Flamengo.webp\",\"datePublished\":\"2025-12-21T16:00:00+00:00\",\"author\":{\"@id\":\"https:\/\/www.gaveanews.com\/#\/schema\/person\/daf63eec72e1164eb13dc35096c2b8da\"},\"breadcrumb\":{\"@id\":\"https:\/\/www.gaveanews.com\/index.php\/2025\/12\/21\/a-declaracao-de-danilo-do-flamengo-direcionada-a-thiago-silva\/#breadcrumb\"},\"inLanguage\":\"pt-BR\",\"potentialAction\":[{\"@type\":\"ReadAction\",\"target\":[\"https:\/\/www.gaveanews.com\/index.php\/2025\/12\/21\/a-declaracao-de-danilo-do-flamengo-direcionada-a-thiago-silva\/\"]}]},{\"@type\":\"ImageObject\",\"inLanguage\":\"pt-BR\",\"@id\":\"https:\/\/www.gaveanews.com\/index.php\/2025\/12\/21\/a-declaracao-de-danilo-do-flamengo-direcionada-a-thiago-silva\/#primaryimage\",\"url\":\"https:\/\/www.gaveanews.com\/wp-content\/uploads\/Danilo-marca-seu-primeiro-gol-com-a-camisa-do-Flamengo.webp\",\"contentUrl\":\"https:\/\/www.gaveanews.com\/wp-content\/uploads\/Danilo-marca-seu-primeiro-gol-com-a-camisa-do-Flamengo.webp\",\"width\":1200,\"height\":800,\"caption\":\"Danilo marca seu primeiro gol com a camisa do Flamengo - Foto: Gilvan de Souza\/Flamengo\"},{\"@type\":\"BreadcrumbList\",\"@id\":\"https:\/\/www.gaveanews.com\/index.php\/2025\/12\/21\/a-declaracao-de-danilo-do-flamengo-direcionada-a-thiago-silva\/#breadcrumb\",\"itemListElement\":[{\"@type\":\"ListItem\",\"position\":1,\"name\":\"Home\",\"item\":\"https:\/\/www.gaveanews.com\/\"},{\"@type\":\"ListItem\",\"position\":2,\"name\":\"A declara\u00e7\u00e3o de Danilo, do Flamengo, direcionada a Thiago Silva\"}]},{\"@type\":\"WebSite\",\"@id\":\"https:\/\/www.gaveanews.com\/#website\",\"url\":\"https:\/\/www.gaveanews.com\/\",\"name\":\"G\u00e1vea News\",\"description\":\"Veja todas as not\u00edcias sobre o Flamengo: Contrata\u00e7\u00f5es, categorias de base, resultados das partidas, tabela de classifica\u00e7\u00e3o, pr\u00f3ximos jogos!\",\"potentialAction\":[{\"@type\":\"SearchAction\",\"target\":{\"@type\":\"EntryPoint\",\"urlTemplate\":\"https:\/\/www.gaveanews.com\/?s={search_term_string}\"},\"query-input\":{\"@type\":\"PropertyValueSpecification\",\"valueRequired\":true,\"valueName\":\"search_term_string\"}}],\"inLanguage\":\"pt-BR\"},{\"@type\":\"Person\",\"@id\":\"https:\/\/www.gaveanews.com\/#\/schema\/person\/daf63eec72e1164eb13dc35096c2b8da\",\"name\":\"Paula Silva\",\"image\":{\"@type\":\"ImageObject\",\"inLanguage\":\"pt-BR\",\"@id\":\"https:\/\/www.gaveanews.com\/#\/schema\/person\/image\/\",\"url\":\"https:\/\/secure.gravatar.com\/avatar\/eda381c845527cc5d64c13b901833cda29d97500ba040d3e6461f76f51d163bb?s=96&d=mm&r=g\",\"contentUrl\":\"https:\/\/secure.gravatar.com\/avatar\/eda381c845527cc5d64c13b901833cda29d97500ba040d3e6461f76f51d163bb?s=96&d=mm&r=g\",\"caption\":\"Paula Silva\"}}]}<\/script>\n<!-- \/ Yoast SEO Premium plugin. -->","yoast_head_json":{"title":"A declara\u00e7\u00e3o de Danilo, do Flamengo, direcionada a Thiago Silva","robots":{"index":"index","follow":"follow","max-snippet":"max-snippet:-1","max-image-preview":"max-image-preview:large","max-video-preview":"max-video-preview:-1"},"canonical":"https:\/\/www.gaveanews.com\/index.php\/2025\/12\/21\/a-declaracao-de-danilo-do-flamengo-direcionada-a-thiago-silva\/","og_locale":"pt_BR","og_type":"article","og_title":"A declara\u00e7\u00e3o de Danilo, do Flamengo, direcionada a Thiago Silva","og_description":"Ap\u00f3s uma breve passagem pelo futebol brasileiro, Thiago Silva decidiu encerrar sua segunda etapa no Fluminense e retornar ao futebol europeu. O zagueiro, de 41 anos, acertou sua transfer\u00eancia para o Porto, clube que o projetou internacionalmente em 2005. O retorno marca o reencontro com uma das camisas que mais marcou sua trajet\u00f3ria no continente. [&hellip;]","og_url":"https:\/\/www.gaveanews.com\/index.php\/2025\/12\/21\/a-declaracao-de-danilo-do-flamengo-direcionada-a-thiago-silva\/","og_site_name":"G\u00e1vea News","article_publisher":"https:\/\/facebook.com\/gaveaNews\/","article_published_time":"2025-12-21T16:00:00+00:00","og_image":[{"width":1200,"height":800,"url":"https:\/\/www.gaveanews.com\/wp-content\/uploads\/Danilo-marca-seu-primeiro-gol-com-a-camisa-do-Flamengo.webp","type":"image\/png"}],"author":"Paula Silva","twitter_card":"summary_large_image","twitter_misc":{"Escrito por":"Paula Silva","Est. tempo de leitura":"3 minutos"},"schema":{"@context":"https:\/\/schema.org","@graph":[{"@type":"NewsArticle","@id":"https:\/\/www.gaveanews.com\/index.php\/2025\/12\/21\/a-declaracao-de-danilo-do-flamengo-direcionada-a-thiago-silva\/#article","isPartOf":{"@id":"https:\/\/www.gaveanews.com\/index.php\/2025\/12\/21\/a-declaracao-de-danilo-do-flamengo-direcionada-a-thiago-silva\/"},"author":{"name":"Paula Silva","@id":"https:\/\/www.gaveanews.com\/#\/schema\/person\/daf63eec72e1164eb13dc35096c2b8da"},"headline":"A declara\u00e7\u00e3o de Danilo, do Flamengo, direcionada a Thiago Silva","datePublished":"2025-12-21T16:00:00+00:00","mainEntityOfPage":{"@id":"https:\/\/www.gaveanews.com\/index.php\/2025\/12\/21\/a-declaracao-de-danilo-do-flamengo-direcionada-a-thiago-silva\/"},"wordCount":439,"commentCount":0,"image":{"@id":"https:\/\/www.gaveanews.com\/index.php\/2025\/12\/21\/a-declaracao-de-danilo-do-flamengo-direcionada-a-thiago-silva\/#primaryimage"},"thumbnailUrl":"https:\/\/www.gaveanews.com\/wp-content\/uploads\/Danilo-marca-seu-primeiro-gol-com-a-camisa-do-Flamengo.webp","articleSection":["Flamengo"],"inLanguage":"pt-BR","potentialAction":[{"@type":"CommentAction","name":"Comment","target":["https:\/\/www.gaveanews.com\/index.php\/2025\/12\/21\/a-declaracao-de-danilo-do-flamengo-direcionada-a-thiago-silva\/#respond"]}],"copyrightYear":"2025","copyrightHolder":{"@id":"https:\/\/www.gaveanews.com\/#organization"}},{"@type":"WebPage","@id":"https:\/\/www.gaveanews.com\/index.php\/2025\/12\/21\/a-declaracao-de-danilo-do-flamengo-direcionada-a-thiago-silva\/","url":"https:\/\/www.gaveanews.com\/index.php\/2025\/12\/21\/a-declaracao-de-danilo-do-flamengo-direcionada-a-thiago-silva\/","name":"A declara\u00e7\u00e3o de Danilo, do Flamengo, direcionada a Thiago Silva","isPartOf":{"@id":"https:\/\/www.gaveanews.com\/#website"},"primaryImageOfPage":{"@id":"https:\/\/www.gaveanews.com\/index.php\/2025\/12\/21\/a-declaracao-de-danilo-do-flamengo-direcionada-a-thiago-silva\/#primaryimage"},"image":{"@id":"https:\/\/www.gaveanews.com\/index.php\/2025\/12\/21\/a-declaracao-de-danilo-do-flamengo-direcionada-a-thiago-silva\/#primaryimage"},"thumbnailUrl":"https:\/\/www.gaveanews.com\/wp-content\/uploads\/Danilo-marca-seu-primeiro-gol-com-a-camisa-do-Flamengo.webp","datePublished":"2025-12-21T16:00:00+00:00","author":{"@id":"https:\/\/www.gaveanews.com\/#\/schema\/person\/daf63eec72e1164eb13dc35096c2b8da"},"breadcrumb":{"@id":"https:\/\/www.gaveanews.com\/index.php\/2025\/12\/21\/a-declaracao-de-danilo-do-flamengo-direcionada-a-thiago-silva\/#breadcrumb"},"inLanguage":"pt-BR","potentialAction":[{"@type":"ReadAction","target":["https:\/\/www.gaveanews.com\/index.php\/2025\/12\/21\/a-declaracao-de-danilo-do-flamengo-direcionada-a-thiago-silva\/"]}]},{"@type":"ImageObject","inLanguage":"pt-BR","@id":"https:\/\/www.gaveanews.com\/index.php\/2025\/12\/21\/a-declaracao-de-danilo-do-flamengo-direcionada-a-thiago-silva\/#primaryimage","url":"https:\/\/www.gaveanews.com\/wp-content\/uploads\/Danilo-marca-seu-primeiro-gol-com-a-camisa-do-Flamengo.webp","contentUrl":"https:\/\/www.gaveanews.com\/wp-content\/uploads\/Danilo-marca-seu-primeiro-gol-com-a-camisa-do-Flamengo.webp","width":1200,"height":800,"caption":"Danilo marca seu primeiro gol com a camisa do Flamengo - Foto: Gilvan de Souza\/Flamengo"},{"@type":"BreadcrumbList","@id":"https:\/\/www.gaveanews.com\/index.php\/2025\/12\/21\/a-declaracao-de-danilo-do-flamengo-direcionada-a-thiago-silva\/#breadcrumb","itemListElement":[{"@type":"ListItem","position":1,"name":"Home","item":"https:\/\/www.gaveanews.com\/"},{"@type":"ListItem","position":2,"name":"A declara\u00e7\u00e3o de Danilo, do Flamengo, direcionada a Thiago Silva"}]},{"@type":"WebSite","@id":"https:\/\/www.gaveanews.com\/#website","url":"https:\/\/www.gaveanews.com\/","name":"G\u00e1vea News","description":"Veja todas as not\u00edcias sobre o Flamengo: Contrata\u00e7\u00f5es, categorias de base, resultados das partidas, tabela de classifica\u00e7\u00e3o, pr\u00f3ximos jogos!","potentialAction":[{"@type":"SearchAction","target":{"@type":"EntryPoint","urlTemplate":"https:\/\/www.gaveanews.com\/?s={search_term_string}"},"query-input":{"@type":"PropertyValueSpecification","valueRequired":true,"valueName":"search_term_string"}}],"inLanguage":"pt-BR"},{"@type":"Person","@id":"https:\/\/www.gaveanews.com\/#\/schema\/person\/daf63eec72e1164eb13dc35096c2b8da","name":"Paula Silva","image":{"@type":"ImageObject","inLanguage":"pt-BR","@id":"https:\/\/www.gaveanews.com\/#\/schema\/person\/image\/","url":"https:\/\/secure.gravatar.com\/avatar\/eda381c845527cc5d64c13b901833cda29d97500ba040d3e6461f76f51d163bb?s=96&d=mm&r=g","contentUrl":"https:\/\/secure.gravatar.com\/avatar\/eda381c845527cc5d64c13b901833cda29d97500ba040d3e6461f76f51d163bb?s=96&d=mm&r=g","caption":"Paula Silva"}}]}},"_links":{"self":[{"href":"https:\/\/www.gaveanews.com\/index.php\/wp-json\/wp\/v2\/posts\/281801","targetHints":{"allow":["GET"]}}],"collection":[{"href":"https:\/\/www.gaveanews.com\/index.php\/wp-json\/wp\/v2\/posts"}],"about":[{"href":"https:\/\/www.gaveanews.com\/index.php\/wp-json\/wp\/v2\/types\/post"}],"author":[{"embeddable":true,"href":"https:\/\/www.gaveanews.com\/index.php\/wp-json\/wp\/v2\/users\/18"}],"replies":[{"embeddable":true,"href":"https:\/\/www.gaveanews.com\/index.php\/wp-json\/wp\/v2\/comments?post=281801"}],"version-history":[{"count":1,"href":"https:\/\/www.gaveanews.com\/index.php\/wp-json\/wp\/v2\/posts\/281801\/revisions"}],"predecessor-version":[{"id":281802,"href":"https:\/\/www.gaveanews.com\/index.php\/wp-json\/wp\/v2\/posts\/281801\/revisions\/281802"}],"wp:featuredmedia":[{"embeddable":true,"href":"https:\/\/www.gaveanews.com\/index.php\/wp-json\/wp\/v2\/media\/254806"}],"wp:attachment":[{"href":"https:\/\/www.gaveanews.com\/index.php\/wp-json\/wp\/v2\/media?parent=281801"}],"wp:term":[{"taxonomy":"category","embeddable":true,"href":"https:\/\/www.gaveanews.com\/index.php\/wp-json\/wp\/v2\/categories?post=281801"},{"taxonomy":"post_tag","embeddable":true,"href":"https:\/\/www.gaveanews.com\/index.php\/wp-json\/wp\/v2\/tags?post=281801"}],"curies":[{"name":"wp","href":"https:\/\/api.w.org\/{rel}","templated":true}]}}