{"id":281835,"date":"2025-12-22T18:00:00","date_gmt":"2025-12-22T21:00:00","guid":{"rendered":"https:\/\/www.gaveanews.com\/?p=281835"},"modified":"2025-12-22T17:56:51","modified_gmt":"2025-12-22T20:56:51","slug":"ex-flamengo-atrai-interesse-de-real-madrid-e-barcelona","status":"publish","type":"post","link":"https:\/\/www.gaveanews.com\/index.php\/2025\/12\/22\/ex-flamengo-atrai-interesse-de-real-madrid-e-barcelona\/","title":{"rendered":"Ex-Flamengo atrai interesse de Real Madrid e Barcelona"},"content":{"rendered":"\n<p>Negociado pelo Flamengo no meio de 2025, o lateral-direito Wesley vem ganhando protagonismo no futebol europeu. Atualmente na Roma, o jogador de 22 anos \u00e9 alvo de observa\u00e7\u00e3o por parte de dois dos maiores clubes do continente: Real Madrid e Barcelona.<\/p>\n\n\n\n<p>Wesley foi revelado pelas categorias de base do Flamengo e transferiu-se para a equipe italiana por 25 milh\u00f5es de euros fixos, valor que, \u00e0 \u00e9poca, representava cerca de R$ 161 milh\u00f5es. O contrato ainda inclu\u00eda b\u00f4nus adicionais de 5 milh\u00f5es de euros, condicionados ao cumprimento de metas. Antes de se apresentar \u00e0 Roma, o defensor ainda participou da disputa da Copa do Mundo de Clubes pelo clube carioca.<\/p>\n\n\n\n<p>Desde que chegou \u00e0 Roma, o lateral vem se firmando na equipe principal. At\u00e9 o momento, soma 18 partidas disputadas e tr\u00eas gols marcados na atual temporada da Serie A. Al\u00e9m do desempenho t\u00e9cnico, Wesley tem se destacado por sua versatilidade, com atua\u00e7\u00f5es consistentes em diferentes setores do campo, o que aumenta seu valor estrat\u00e9gico.<\/p>\n\n\n\n<figure class=\"wp-block-image size-large\"><img loading=\"lazy\" decoding=\"async\" width=\"1024\" height=\"768\" src=\"http:\/\/www.gaveanews.com\/wp-content\/uploads\/Wesley-pela-Roma-1024x768.jpg\" alt=\"\" class=\"wp-image-279229\" srcset=\"https:\/\/www.gaveanews.com\/wp-content\/uploads\/Wesley-pela-Roma-1024x768.jpg 1024w, https:\/\/www.gaveanews.com\/wp-content\/uploads\/Wesley-pela-Roma-300x225.jpg 300w, https:\/\/www.gaveanews.com\/wp-content\/uploads\/Wesley-pela-Roma-768x576.jpg 768w, https:\/\/www.gaveanews.com\/wp-content\/uploads\/Wesley-pela-Roma-560x420.jpg 560w, https:\/\/www.gaveanews.com\/wp-content\/uploads\/Wesley-pela-Roma-1120x840.jpg 1120w, https:\/\/www.gaveanews.com\/wp-content\/uploads\/Wesley-pela-Roma-80x60.jpg 80w, https:\/\/www.gaveanews.com\/wp-content\/uploads\/Wesley-pela-Roma-160x120.jpg 160w, https:\/\/www.gaveanews.com\/wp-content\/uploads\/Wesley-pela-Roma-100x75.jpg 100w, https:\/\/www.gaveanews.com\/wp-content\/uploads\/Wesley-pela-Roma-200x150.jpg 200w, https:\/\/www.gaveanews.com\/wp-content\/uploads\/Wesley-pela-Roma-180x135.jpg 180w, https:\/\/www.gaveanews.com\/wp-content\/uploads\/Wesley-pela-Roma-360x270.jpg 360w, https:\/\/www.gaveanews.com\/wp-content\/uploads\/Wesley-pela-Roma-238x178.jpg 238w, https:\/\/www.gaveanews.com\/wp-content\/uploads\/Wesley-pela-Roma-476x356.jpg 476w, https:\/\/www.gaveanews.com\/wp-content\/uploads\/Wesley-pela-Roma-640x480.jpg 640w, https:\/\/www.gaveanews.com\/wp-content\/uploads\/Wesley-pela-Roma-681x511.jpg 681w, https:\/\/www.gaveanews.com\/wp-content\/uploads\/Wesley-pela-Roma.jpg 1280w\" sizes=\"auto, (max-width: 1024px) 100vw, 1024px\" \/><figcaption class=\"wp-element-caption\">Wesley pela Roma (Foto: Divulga\u00e7\u00e3o\/Oficial)<\/figcaption><\/figure>\n\n\n\n<p>Segundo informa\u00e7\u00f5es do site ingl\u00eas <em>TalkSport<\/em>, tanto o Real Madrid quanto o Barcelona t\u00eam acompanhado de perto as atua\u00e7\u00f5es do brasileiro. No entanto, a perspectiva de uma negocia\u00e7\u00e3o j\u00e1 na janela de transfer\u00eancias do in\u00edcio do ano \u00e9 considerada remota. A Roma n\u00e3o demonstra interesse em liberar o atleta no meio da temporada, salvo em caso de proposta considerada irrecus\u00e1vel.<\/p>\n\n\n\n<p>Conforme revelou o jornalista Andy Brassell, especializado no futebol europeu, o valor considerado aceit\u00e1vel para in\u00edcio de conversas gira entre 40 e 50 milh\u00f5es de euros \u2014 ou seja, entre R$ 262 e R$ 328 milh\u00f5es. Ainda assim, o clube italiano v\u00ea Wesley como uma pe\u00e7a importante em seu elenco, o que refor\u00e7a a dificuldade de uma sa\u00edda antecipada.<\/p>\n\n\n\n<p>Al\u00e9m da solidez defensiva, o lateral tamb\u00e9m chamou aten\u00e7\u00e3o por sua r\u00e1pida adapta\u00e7\u00e3o ao estilo intenso do futebol italiano. O Real Madrid, inclusive, valoriza a capacidade do jogador de atuar em diferentes posi\u00e7\u00f5es, aliando for\u00e7a f\u00edsica com efici\u00eancia no apoio ofensivo.<\/p>\n\n\n\n<p>Ali\u00e1s, antes mesmo de se transferir para a Roma, Wesley j\u00e1 despertava interesse de outras equipes europeias. A consolida\u00e7\u00e3o como titular e o bom momento na It\u00e1lia apenas intensificaram essa aten\u00e7\u00e3o. Atualmente, o lateral tamb\u00e9m \u00e9 presen\u00e7a constante nas convoca\u00e7\u00f5es da Sele\u00e7\u00e3o Brasileira.<\/p>\n\n\n\n<p>Ainda que a movimenta\u00e7\u00e3o de mercado envolva grandes cifras e dois gigantes do futebol europeu, qualquer avan\u00e7o depender\u00e1, sobretudo, do posicionamento da Roma e da atratividade da proposta que eventualmente for apresentada.<\/p>\n","protected":false},"excerpt":{"rendered":"<p>Negociado pelo Flamengo no meio de 2025, o lateral-direito Wesley vem ganhando protagonismo no futebol europeu. Atualmente na Roma, o jogador de 22 anos \u00e9 alvo de observa\u00e7\u00e3o por parte de dois dos maiores clubes do continente: Real Madrid e Barcelona. Wesley foi revelado pelas categorias de base do Flamengo e transferiu-se para a equipe [&hellip;]<\/p>\n","protected":false},"author":18,"featured_media":120885,"comment_status":"open","ping_status":"closed","sticky":false,"template":"","format":"standard","meta":{"footnotes":""},"categories":[1],"tags":[],"class_list":["post-281835","post","type-post","status-publish","format-standard","has-post-thumbnail","hentry","category-flamengo"],"yoast_head":"<!-- This site is optimized with the Yoast SEO Premium plugin v24.2 (Yoast SEO v26.9) - https:\/\/yoast.com\/product\/yoast-seo-premium-wordpress\/ -->\n<title>Ex-Flamengo atrai interesse de Real Madrid e Barcelona<\/title>\n<meta name=\"robots\" content=\"index, follow, max-snippet:-1, max-image-preview:large, max-video-preview:-1\" \/>\n<link rel=\"canonical\" href=\"https:\/\/www.gaveanews.com\/index.php\/2025\/12\/22\/ex-flamengo-atrai-interesse-de-real-madrid-e-barcelona\/\" \/>\n<meta property=\"og:locale\" content=\"pt_BR\" \/>\n<meta property=\"og:type\" content=\"article\" \/>\n<meta property=\"og:title\" content=\"Ex-Flamengo atrai interesse de Real Madrid e Barcelona\" \/>\n<meta property=\"og:description\" content=\"Negociado pelo Flamengo no meio de 2025, o lateral-direito Wesley vem ganhando protagonismo no futebol europeu. Atualmente na Roma, o jogador de 22 anos \u00e9 alvo de observa\u00e7\u00e3o por parte de dois dos maiores clubes do continente: Real Madrid e Barcelona. Wesley foi revelado pelas categorias de base do Flamengo e transferiu-se para a equipe [&hellip;]\" \/>\n<meta property=\"og:url\" content=\"https:\/\/www.gaveanews.com\/index.php\/2025\/12\/22\/ex-flamengo-atrai-interesse-de-real-madrid-e-barcelona\/\" \/>\n<meta property=\"og:site_name\" content=\"G\u00e1vea News\" \/>\n<meta property=\"article:publisher\" content=\"https:\/\/facebook.com\/gaveaNews\/\" \/>\n<meta property=\"article:published_time\" content=\"2025-12-22T21:00:00+00:00\" \/>\n<meta property=\"og:image\" content=\"https:\/\/www.gaveanews.com\/wp-content\/uploads\/Real-Madrid-e-Barcelona.webp\" \/>\n\t<meta property=\"og:image:width\" content=\"1296\" \/>\n\t<meta property=\"og:image:height\" content=\"729\" \/>\n\t<meta property=\"og:image:type\" content=\"image\/jpeg\" \/>\n<meta name=\"author\" content=\"Paula Silva\" \/>\n<meta name=\"twitter:card\" content=\"summary_large_image\" \/>\n<meta name=\"twitter:label1\" content=\"Escrito por\" \/>\n\t<meta name=\"twitter:data1\" content=\"Paula Silva\" \/>\n\t<meta name=\"twitter:label2\" content=\"Est. tempo de leitura\" \/>\n\t<meta name=\"twitter:data2\" content=\"3 minutos\" \/>\n<script type=\"application\/ld+json\" class=\"yoast-schema-graph\">{\"@context\":\"https:\/\/schema.org\",\"@graph\":[{\"@type\":\"NewsArticle\",\"@id\":\"https:\/\/www.gaveanews.com\/index.php\/2025\/12\/22\/ex-flamengo-atrai-interesse-de-real-madrid-e-barcelona\/#article\",\"isPartOf\":{\"@id\":\"https:\/\/www.gaveanews.com\/index.php\/2025\/12\/22\/ex-flamengo-atrai-interesse-de-real-madrid-e-barcelona\/\"},\"author\":{\"name\":\"Paula Silva\",\"@id\":\"https:\/\/www.gaveanews.com\/#\/schema\/person\/daf63eec72e1164eb13dc35096c2b8da\"},\"headline\":\"Ex-Flamengo atrai interesse de Real Madrid e Barcelona\",\"datePublished\":\"2025-12-22T21:00:00+00:00\",\"mainEntityOfPage\":{\"@id\":\"https:\/\/www.gaveanews.com\/index.php\/2025\/12\/22\/ex-flamengo-atrai-interesse-de-real-madrid-e-barcelona\/\"},\"wordCount\":443,\"commentCount\":0,\"image\":{\"@id\":\"https:\/\/www.gaveanews.com\/index.php\/2025\/12\/22\/ex-flamengo-atrai-interesse-de-real-madrid-e-barcelona\/#primaryimage\"},\"thumbnailUrl\":\"https:\/\/www.gaveanews.com\/wp-content\/uploads\/Real-Madrid-e-Barcelona.webp\",\"articleSection\":[\"Flamengo\"],\"inLanguage\":\"pt-BR\",\"potentialAction\":[{\"@type\":\"CommentAction\",\"name\":\"Comment\",\"target\":[\"https:\/\/www.gaveanews.com\/index.php\/2025\/12\/22\/ex-flamengo-atrai-interesse-de-real-madrid-e-barcelona\/#respond\"]}],\"copyrightYear\":\"2025\",\"copyrightHolder\":{\"@id\":\"https:\/\/www.gaveanews.com\/#organization\"}},{\"@type\":\"WebPage\",\"@id\":\"https:\/\/www.gaveanews.com\/index.php\/2025\/12\/22\/ex-flamengo-atrai-interesse-de-real-madrid-e-barcelona\/\",\"url\":\"https:\/\/www.gaveanews.com\/index.php\/2025\/12\/22\/ex-flamengo-atrai-interesse-de-real-madrid-e-barcelona\/\",\"name\":\"Ex-Flamengo atrai interesse de Real Madrid e Barcelona\",\"isPartOf\":{\"@id\":\"https:\/\/www.gaveanews.com\/#website\"},\"primaryImageOfPage\":{\"@id\":\"https:\/\/www.gaveanews.com\/index.php\/2025\/12\/22\/ex-flamengo-atrai-interesse-de-real-madrid-e-barcelona\/#primaryimage\"},\"image\":{\"@id\":\"https:\/\/www.gaveanews.com\/index.php\/2025\/12\/22\/ex-flamengo-atrai-interesse-de-real-madrid-e-barcelona\/#primaryimage\"},\"thumbnailUrl\":\"https:\/\/www.gaveanews.com\/wp-content\/uploads\/Real-Madrid-e-Barcelona.webp\",\"datePublished\":\"2025-12-22T21:00:00+00:00\",\"author\":{\"@id\":\"https:\/\/www.gaveanews.com\/#\/schema\/person\/daf63eec72e1164eb13dc35096c2b8da\"},\"breadcrumb\":{\"@id\":\"https:\/\/www.gaveanews.com\/index.php\/2025\/12\/22\/ex-flamengo-atrai-interesse-de-real-madrid-e-barcelona\/#breadcrumb\"},\"inLanguage\":\"pt-BR\",\"potentialAction\":[{\"@type\":\"ReadAction\",\"target\":[\"https:\/\/www.gaveanews.com\/index.php\/2025\/12\/22\/ex-flamengo-atrai-interesse-de-real-madrid-e-barcelona\/\"]}]},{\"@type\":\"ImageObject\",\"inLanguage\":\"pt-BR\",\"@id\":\"https:\/\/www.gaveanews.com\/index.php\/2025\/12\/22\/ex-flamengo-atrai-interesse-de-real-madrid-e-barcelona\/#primaryimage\",\"url\":\"https:\/\/www.gaveanews.com\/wp-content\/uploads\/Real-Madrid-e-Barcelona.webp\",\"contentUrl\":\"https:\/\/www.gaveanews.com\/wp-content\/uploads\/Real-Madrid-e-Barcelona.webp\",\"width\":1296,\"height\":729,\"caption\":\"Escudo do Real Madrid e Barcelona (Foto: Divulga\u00e7\u00e3o)\"},{\"@type\":\"BreadcrumbList\",\"@id\":\"https:\/\/www.gaveanews.com\/index.php\/2025\/12\/22\/ex-flamengo-atrai-interesse-de-real-madrid-e-barcelona\/#breadcrumb\",\"itemListElement\":[{\"@type\":\"ListItem\",\"position\":1,\"name\":\"Home\",\"item\":\"https:\/\/www.gaveanews.com\/\"},{\"@type\":\"ListItem\",\"position\":2,\"name\":\"Ex-Flamengo atrai interesse de Real Madrid e Barcelona\"}]},{\"@type\":\"WebSite\",\"@id\":\"https:\/\/www.gaveanews.com\/#website\",\"url\":\"https:\/\/www.gaveanews.com\/\",\"name\":\"G\u00e1vea News\",\"description\":\"Veja todas as not\u00edcias sobre o Flamengo: Contrata\u00e7\u00f5es, categorias de base, resultados das partidas, tabela de classifica\u00e7\u00e3o, pr\u00f3ximos jogos!\",\"potentialAction\":[{\"@type\":\"SearchAction\",\"target\":{\"@type\":\"EntryPoint\",\"urlTemplate\":\"https:\/\/www.gaveanews.com\/?s={search_term_string}\"},\"query-input\":{\"@type\":\"PropertyValueSpecification\",\"valueRequired\":true,\"valueName\":\"search_term_string\"}}],\"inLanguage\":\"pt-BR\"},{\"@type\":\"Person\",\"@id\":\"https:\/\/www.gaveanews.com\/#\/schema\/person\/daf63eec72e1164eb13dc35096c2b8da\",\"name\":\"Paula Silva\",\"image\":{\"@type\":\"ImageObject\",\"inLanguage\":\"pt-BR\",\"@id\":\"https:\/\/www.gaveanews.com\/#\/schema\/person\/image\/\",\"url\":\"https:\/\/secure.gravatar.com\/avatar\/eda381c845527cc5d64c13b901833cda29d97500ba040d3e6461f76f51d163bb?s=96&d=mm&r=g\",\"contentUrl\":\"https:\/\/secure.gravatar.com\/avatar\/eda381c845527cc5d64c13b901833cda29d97500ba040d3e6461f76f51d163bb?s=96&d=mm&r=g\",\"caption\":\"Paula Silva\"}}]}<\/script>\n<!-- \/ Yoast SEO Premium plugin. -->","yoast_head_json":{"title":"Ex-Flamengo atrai interesse de Real Madrid e Barcelona","robots":{"index":"index","follow":"follow","max-snippet":"max-snippet:-1","max-image-preview":"max-image-preview:large","max-video-preview":"max-video-preview:-1"},"canonical":"https:\/\/www.gaveanews.com\/index.php\/2025\/12\/22\/ex-flamengo-atrai-interesse-de-real-madrid-e-barcelona\/","og_locale":"pt_BR","og_type":"article","og_title":"Ex-Flamengo atrai interesse de Real Madrid e Barcelona","og_description":"Negociado pelo Flamengo no meio de 2025, o lateral-direito Wesley vem ganhando protagonismo no futebol europeu. Atualmente na Roma, o jogador de 22 anos \u00e9 alvo de observa\u00e7\u00e3o por parte de dois dos maiores clubes do continente: Real Madrid e Barcelona. Wesley foi revelado pelas categorias de base do Flamengo e transferiu-se para a equipe [&hellip;]","og_url":"https:\/\/www.gaveanews.com\/index.php\/2025\/12\/22\/ex-flamengo-atrai-interesse-de-real-madrid-e-barcelona\/","og_site_name":"G\u00e1vea News","article_publisher":"https:\/\/facebook.com\/gaveaNews\/","article_published_time":"2025-12-22T21:00:00+00:00","og_image":[{"width":1296,"height":729,"url":"https:\/\/www.gaveanews.com\/wp-content\/uploads\/Real-Madrid-e-Barcelona.webp","type":"image\/jpeg"}],"author":"Paula Silva","twitter_card":"summary_large_image","twitter_misc":{"Escrito por":"Paula Silva","Est. tempo de leitura":"3 minutos"},"schema":{"@context":"https:\/\/schema.org","@graph":[{"@type":"NewsArticle","@id":"https:\/\/www.gaveanews.com\/index.php\/2025\/12\/22\/ex-flamengo-atrai-interesse-de-real-madrid-e-barcelona\/#article","isPartOf":{"@id":"https:\/\/www.gaveanews.com\/index.php\/2025\/12\/22\/ex-flamengo-atrai-interesse-de-real-madrid-e-barcelona\/"},"author":{"name":"Paula Silva","@id":"https:\/\/www.gaveanews.com\/#\/schema\/person\/daf63eec72e1164eb13dc35096c2b8da"},"headline":"Ex-Flamengo atrai interesse de Real Madrid e Barcelona","datePublished":"2025-12-22T21:00:00+00:00","mainEntityOfPage":{"@id":"https:\/\/www.gaveanews.com\/index.php\/2025\/12\/22\/ex-flamengo-atrai-interesse-de-real-madrid-e-barcelona\/"},"wordCount":443,"commentCount":0,"image":{"@id":"https:\/\/www.gaveanews.com\/index.php\/2025\/12\/22\/ex-flamengo-atrai-interesse-de-real-madrid-e-barcelona\/#primaryimage"},"thumbnailUrl":"https:\/\/www.gaveanews.com\/wp-content\/uploads\/Real-Madrid-e-Barcelona.webp","articleSection":["Flamengo"],"inLanguage":"pt-BR","potentialAction":[{"@type":"CommentAction","name":"Comment","target":["https:\/\/www.gaveanews.com\/index.php\/2025\/12\/22\/ex-flamengo-atrai-interesse-de-real-madrid-e-barcelona\/#respond"]}],"copyrightYear":"2025","copyrightHolder":{"@id":"https:\/\/www.gaveanews.com\/#organization"}},{"@type":"WebPage","@id":"https:\/\/www.gaveanews.com\/index.php\/2025\/12\/22\/ex-flamengo-atrai-interesse-de-real-madrid-e-barcelona\/","url":"https:\/\/www.gaveanews.com\/index.php\/2025\/12\/22\/ex-flamengo-atrai-interesse-de-real-madrid-e-barcelona\/","name":"Ex-Flamengo atrai interesse de Real Madrid e Barcelona","isPartOf":{"@id":"https:\/\/www.gaveanews.com\/#website"},"primaryImageOfPage":{"@id":"https:\/\/www.gaveanews.com\/index.php\/2025\/12\/22\/ex-flamengo-atrai-interesse-de-real-madrid-e-barcelona\/#primaryimage"},"image":{"@id":"https:\/\/www.gaveanews.com\/index.php\/2025\/12\/22\/ex-flamengo-atrai-interesse-de-real-madrid-e-barcelona\/#primaryimage"},"thumbnailUrl":"https:\/\/www.gaveanews.com\/wp-content\/uploads\/Real-Madrid-e-Barcelona.webp","datePublished":"2025-12-22T21:00:00+00:00","author":{"@id":"https:\/\/www.gaveanews.com\/#\/schema\/person\/daf63eec72e1164eb13dc35096c2b8da"},"breadcrumb":{"@id":"https:\/\/www.gaveanews.com\/index.php\/2025\/12\/22\/ex-flamengo-atrai-interesse-de-real-madrid-e-barcelona\/#breadcrumb"},"inLanguage":"pt-BR","potentialAction":[{"@type":"ReadAction","target":["https:\/\/www.gaveanews.com\/index.php\/2025\/12\/22\/ex-flamengo-atrai-interesse-de-real-madrid-e-barcelona\/"]}]},{"@type":"ImageObject","inLanguage":"pt-BR","@id":"https:\/\/www.gaveanews.com\/index.php\/2025\/12\/22\/ex-flamengo-atrai-interesse-de-real-madrid-e-barcelona\/#primaryimage","url":"https:\/\/www.gaveanews.com\/wp-content\/uploads\/Real-Madrid-e-Barcelona.webp","contentUrl":"https:\/\/www.gaveanews.com\/wp-content\/uploads\/Real-Madrid-e-Barcelona.webp","width":1296,"height":729,"caption":"Escudo do Real Madrid e Barcelona (Foto: Divulga\u00e7\u00e3o)"},{"@type":"BreadcrumbList","@id":"https:\/\/www.gaveanews.com\/index.php\/2025\/12\/22\/ex-flamengo-atrai-interesse-de-real-madrid-e-barcelona\/#breadcrumb","itemListElement":[{"@type":"ListItem","position":1,"name":"Home","item":"https:\/\/www.gaveanews.com\/"},{"@type":"ListItem","position":2,"name":"Ex-Flamengo atrai interesse de Real Madrid e Barcelona"}]},{"@type":"WebSite","@id":"https:\/\/www.gaveanews.com\/#website","url":"https:\/\/www.gaveanews.com\/","name":"G\u00e1vea News","description":"Veja todas as not\u00edcias sobre o Flamengo: Contrata\u00e7\u00f5es, categorias de base, resultados das partidas, tabela de classifica\u00e7\u00e3o, pr\u00f3ximos jogos!","potentialAction":[{"@type":"SearchAction","target":{"@type":"EntryPoint","urlTemplate":"https:\/\/www.gaveanews.com\/?s={search_term_string}"},"query-input":{"@type":"PropertyValueSpecification","valueRequired":true,"valueName":"search_term_string"}}],"inLanguage":"pt-BR"},{"@type":"Person","@id":"https:\/\/www.gaveanews.com\/#\/schema\/person\/daf63eec72e1164eb13dc35096c2b8da","name":"Paula Silva","image":{"@type":"ImageObject","inLanguage":"pt-BR","@id":"https:\/\/www.gaveanews.com\/#\/schema\/person\/image\/","url":"https:\/\/secure.gravatar.com\/avatar\/eda381c845527cc5d64c13b901833cda29d97500ba040d3e6461f76f51d163bb?s=96&d=mm&r=g","contentUrl":"https:\/\/secure.gravatar.com\/avatar\/eda381c845527cc5d64c13b901833cda29d97500ba040d3e6461f76f51d163bb?s=96&d=mm&r=g","caption":"Paula Silva"}}]}},"_links":{"self":[{"href":"https:\/\/www.gaveanews.com\/index.php\/wp-json\/wp\/v2\/posts\/281835","targetHints":{"allow":["GET"]}}],"collection":[{"href":"https:\/\/www.gaveanews.com\/index.php\/wp-json\/wp\/v2\/posts"}],"about":[{"href":"https:\/\/www.gaveanews.com\/index.php\/wp-json\/wp\/v2\/types\/post"}],"author":[{"embeddable":true,"href":"https:\/\/www.gaveanews.com\/index.php\/wp-json\/wp\/v2\/users\/18"}],"replies":[{"embeddable":true,"href":"https:\/\/www.gaveanews.com\/index.php\/wp-json\/wp\/v2\/comments?post=281835"}],"version-history":[{"count":1,"href":"https:\/\/www.gaveanews.com\/index.php\/wp-json\/wp\/v2\/posts\/281835\/revisions"}],"predecessor-version":[{"id":281836,"href":"https:\/\/www.gaveanews.com\/index.php\/wp-json\/wp\/v2\/posts\/281835\/revisions\/281836"}],"wp:featuredmedia":[{"embeddable":true,"href":"https:\/\/www.gaveanews.com\/index.php\/wp-json\/wp\/v2\/media\/120885"}],"wp:attachment":[{"href":"https:\/\/www.gaveanews.com\/index.php\/wp-json\/wp\/v2\/media?parent=281835"}],"wp:term":[{"taxonomy":"category","embeddable":true,"href":"https:\/\/www.gaveanews.com\/index.php\/wp-json\/wp\/v2\/categories?post=281835"},{"taxonomy":"post_tag","embeddable":true,"href":"https:\/\/www.gaveanews.com\/index.php\/wp-json\/wp\/v2\/tags?post=281835"}],"curies":[{"name":"wp","href":"https:\/\/api.w.org\/{rel}","templated":true}]}}