{"id":281839,"date":"2025-12-22T18:20:00","date_gmt":"2025-12-22T21:20:00","guid":{"rendered":"https:\/\/www.gaveanews.com\/?p=281839"},"modified":"2025-12-22T18:03:08","modified_gmt":"2025-12-22T21:03:08","slug":"definido-veja-quem-o-flamengo-pode-enfrentar-na-libertadores-2026","status":"publish","type":"post","link":"https:\/\/www.gaveanews.com\/index.php\/2025\/12\/22\/definido-veja-quem-o-flamengo-pode-enfrentar-na-libertadores-2026\/","title":{"rendered":"Definido! Veja quem o Flamengo pode enfrentar na Libertadores 2026"},"content":{"rendered":"\n<p>Com a classifica\u00e7\u00e3o do Corinthians ap\u00f3s a conquista da Copa do Brasil no domingo (21), ficaram definidos os 28 clubes que participar\u00e3o da fase de grupos da Libertadores 2026. O sorteio dos grupos est\u00e1 marcado para 18 de mar\u00e7o, segunda-feira, e a Conmebol j\u00e1 organizou as equipes nos respectivos potes com base no ranking continental e nos crit\u00e9rios t\u00e9cnicos da entidade.<\/p>\n\n\n\n<p>Atual campe\u00e3o, o Flamengo ser\u00e1 cabe\u00e7a de chave do Grupo A e integra o pote 1 ao lado de outros sete times: Palmeiras, Fluminense, Boca Juniors, Pe\u00f1arol, Nacional, LDU e Independiente del Valle. Conforme o regulamento, clubes do mesmo pa\u00eds n\u00e3o se enfrentam nesta fase, exceto quando vindos da pr\u00e9-Libertadores. Assim, os tr\u00eas brasileiros do pote 1 n\u00e3o poder\u00e3o cruzar o caminho de Corinthians, Cruzeiro e Mirassol, que ocupam potes diferentes.<\/p>\n\n\n\n<p>No pote 2, o Corinthians e o Cruzeiro aparecem como representantes brasileiros. O grupo ainda conta com Lan\u00fas, Estudiantes, Libertad, Cerro Porte\u00f1o, Bol\u00edvar e Universitario. Todos poder\u00e3o enfrentar os cabe\u00e7as de chave, salvo quando impedidos pelo crit\u00e9rio de nacionalidade.<\/p>\n\n\n\n<p>O pote 3, por sua vez, n\u00e3o possui clubes do Brasil. Comp\u00f5em essa lista Junior Barranquilla, Independiente Santa Fe, Universidad Cat\u00f3lica, Coquimbo Unido, Rosario Central, Always Ready, Deportivo La Guaira e Cusco. Essas equipes poder\u00e3o ser sorteadas em qualquer grupo, respeitando os limites de confrontos entre clubes do mesmo pa\u00eds, como o caso entre Bol\u00edvar e Always Ready ou entre Universitario e Cusco.<\/p>\n\n\n\n<p>J\u00e1 o pote 4 abriga o estreante Mirassol, que far\u00e1 sua primeira participa\u00e7\u00e3o na fase principal da Libertadores. A equipe paulista \u00e9 acompanhada por Platense, Independiente Rivadavia e Universidad Central, al\u00e9m de quatro vagas destinadas aos clubes que avan\u00e7arem das fases preliminares \u2014 entre eles, Bahia e Botafogo, que iniciam sua jornada na segunda fase. Os times que vierem dessas etapas n\u00e3o ter\u00e3o bloqueios para cruzamentos nacionais.<\/p>\n\n\n\n<p>Al\u00e9m da defini\u00e7\u00e3o dos potes, a Conmebol anunciou que a final da edi\u00e7\u00e3o de 2026 ser\u00e1 disputada em jogo \u00fanico no Est\u00e1dio Centen\u00e1rio, em Montevid\u00e9u. O palco uruguaio carrega peso hist\u00f3rico, sobretudo para o Flamengo, que ali conquistou seu primeiro t\u00edtulo continental em 1981, mas tamb\u00e9m sofreu uma derrota na decis\u00e3o de 2021 contra o Palmeiras.<\/p>\n\n\n\n<p>A forma\u00e7\u00e3o dos grupos promete gerar confrontos equilibrados e viagens longas para diversas equipes, principalmente aquelas que enfrentarem advers\u00e1rios da altitude ou de pa\u00edses mais distantes. A fase de grupos ser\u00e1 disputada entre abril e junho, e somente ap\u00f3s o sorteio ser\u00e1 poss\u00edvel avaliar os caminhos mais desafiadores ou acess\u00edveis rumo ao mata-mata da principal competi\u00e7\u00e3o da Am\u00e9rica do Sul.<\/p>\n","protected":false},"excerpt":{"rendered":"<p>Com a classifica\u00e7\u00e3o do Corinthians ap\u00f3s a conquista da Copa do Brasil no domingo (21), ficaram definidos os 28 clubes que participar\u00e3o da fase de grupos da Libertadores 2026. O sorteio dos grupos est\u00e1 marcado para 18 de mar\u00e7o, segunda-feira, e a Conmebol j\u00e1 organizou as equipes nos respectivos potes com base no ranking continental [&hellip;]<\/p>\n","protected":false},"author":18,"featured_media":281121,"comment_status":"open","ping_status":"closed","sticky":false,"template":"","format":"standard","meta":{"footnotes":""},"categories":[1],"tags":[],"class_list":["post-281839","post","type-post","status-publish","format-standard","has-post-thumbnail","hentry","category-flamengo"],"yoast_head":"<!-- This site is optimized with the Yoast SEO Premium plugin v24.2 (Yoast SEO v26.9) - https:\/\/yoast.com\/product\/yoast-seo-premium-wordpress\/ -->\n<title>Definido! Veja quem o Flamengo pode enfrentar na Libertadores 2026<\/title>\n<meta name=\"robots\" content=\"index, follow, max-snippet:-1, max-image-preview:large, max-video-preview:-1\" \/>\n<link rel=\"canonical\" href=\"https:\/\/www.gaveanews.com\/index.php\/2025\/12\/22\/definido-veja-quem-o-flamengo-pode-enfrentar-na-libertadores-2026\/\" \/>\n<meta property=\"og:locale\" content=\"pt_BR\" \/>\n<meta property=\"og:type\" content=\"article\" \/>\n<meta property=\"og:title\" content=\"Definido! Veja quem o Flamengo pode enfrentar na Libertadores 2026\" \/>\n<meta property=\"og:description\" content=\"Com a classifica\u00e7\u00e3o do Corinthians ap\u00f3s a conquista da Copa do Brasil no domingo (21), ficaram definidos os 28 clubes que participar\u00e3o da fase de grupos da Libertadores 2026. O sorteio dos grupos est\u00e1 marcado para 18 de mar\u00e7o, segunda-feira, e a Conmebol j\u00e1 organizou as equipes nos respectivos potes com base no ranking continental [&hellip;]\" \/>\n<meta property=\"og:url\" content=\"https:\/\/www.gaveanews.com\/index.php\/2025\/12\/22\/definido-veja-quem-o-flamengo-pode-enfrentar-na-libertadores-2026\/\" \/>\n<meta property=\"og:site_name\" content=\"G\u00e1vea News\" \/>\n<meta property=\"article:publisher\" content=\"https:\/\/facebook.com\/gaveaNews\/\" \/>\n<meta property=\"article:published_time\" content=\"2025-12-22T21:20:00+00:00\" \/>\n<meta property=\"og:image\" content=\"https:\/\/www.gaveanews.com\/wp-content\/uploads\/Flamengo-vence-a-Libertadores-2025.png\" \/>\n\t<meta property=\"og:image:width\" content=\"1200\" \/>\n\t<meta property=\"og:image:height\" content=\"900\" \/>\n\t<meta property=\"og:image:type\" content=\"image\/png\" \/>\n<meta name=\"author\" content=\"Paula Silva\" \/>\n<meta name=\"twitter:card\" content=\"summary_large_image\" \/>\n<meta name=\"twitter:label1\" content=\"Escrito por\" \/>\n\t<meta name=\"twitter:data1\" content=\"Paula Silva\" \/>\n\t<meta name=\"twitter:label2\" content=\"Est. tempo de leitura\" \/>\n\t<meta name=\"twitter:data2\" content=\"3 minutos\" \/>\n<script type=\"application\/ld+json\" class=\"yoast-schema-graph\">{\"@context\":\"https:\/\/schema.org\",\"@graph\":[{\"@type\":\"NewsArticle\",\"@id\":\"https:\/\/www.gaveanews.com\/index.php\/2025\/12\/22\/definido-veja-quem-o-flamengo-pode-enfrentar-na-libertadores-2026\/#article\",\"isPartOf\":{\"@id\":\"https:\/\/www.gaveanews.com\/index.php\/2025\/12\/22\/definido-veja-quem-o-flamengo-pode-enfrentar-na-libertadores-2026\/\"},\"author\":{\"name\":\"Paula Silva\",\"@id\":\"https:\/\/www.gaveanews.com\/#\/schema\/person\/daf63eec72e1164eb13dc35096c2b8da\"},\"headline\":\"Definido! Veja quem o Flamengo pode enfrentar na Libertadores 2026\",\"datePublished\":\"2025-12-22T21:20:00+00:00\",\"mainEntityOfPage\":{\"@id\":\"https:\/\/www.gaveanews.com\/index.php\/2025\/12\/22\/definido-veja-quem-o-flamengo-pode-enfrentar-na-libertadores-2026\/\"},\"wordCount\":462,\"commentCount\":0,\"image\":{\"@id\":\"https:\/\/www.gaveanews.com\/index.php\/2025\/12\/22\/definido-veja-quem-o-flamengo-pode-enfrentar-na-libertadores-2026\/#primaryimage\"},\"thumbnailUrl\":\"https:\/\/www.gaveanews.com\/wp-content\/uploads\/Flamengo-vence-a-Libertadores-2025.png\",\"articleSection\":[\"Flamengo\"],\"inLanguage\":\"pt-BR\",\"potentialAction\":[{\"@type\":\"CommentAction\",\"name\":\"Comment\",\"target\":[\"https:\/\/www.gaveanews.com\/index.php\/2025\/12\/22\/definido-veja-quem-o-flamengo-pode-enfrentar-na-libertadores-2026\/#respond\"]}],\"copyrightYear\":\"2025\",\"copyrightHolder\":{\"@id\":\"https:\/\/www.gaveanews.com\/#organization\"}},{\"@type\":\"WebPage\",\"@id\":\"https:\/\/www.gaveanews.com\/index.php\/2025\/12\/22\/definido-veja-quem-o-flamengo-pode-enfrentar-na-libertadores-2026\/\",\"url\":\"https:\/\/www.gaveanews.com\/index.php\/2025\/12\/22\/definido-veja-quem-o-flamengo-pode-enfrentar-na-libertadores-2026\/\",\"name\":\"Definido! Veja quem o Flamengo pode enfrentar na Libertadores 2026\",\"isPartOf\":{\"@id\":\"https:\/\/www.gaveanews.com\/#website\"},\"primaryImageOfPage\":{\"@id\":\"https:\/\/www.gaveanews.com\/index.php\/2025\/12\/22\/definido-veja-quem-o-flamengo-pode-enfrentar-na-libertadores-2026\/#primaryimage\"},\"image\":{\"@id\":\"https:\/\/www.gaveanews.com\/index.php\/2025\/12\/22\/definido-veja-quem-o-flamengo-pode-enfrentar-na-libertadores-2026\/#primaryimage\"},\"thumbnailUrl\":\"https:\/\/www.gaveanews.com\/wp-content\/uploads\/Flamengo-vence-a-Libertadores-2025.png\",\"datePublished\":\"2025-12-22T21:20:00+00:00\",\"author\":{\"@id\":\"https:\/\/www.gaveanews.com\/#\/schema\/person\/daf63eec72e1164eb13dc35096c2b8da\"},\"breadcrumb\":{\"@id\":\"https:\/\/www.gaveanews.com\/index.php\/2025\/12\/22\/definido-veja-quem-o-flamengo-pode-enfrentar-na-libertadores-2026\/#breadcrumb\"},\"inLanguage\":\"pt-BR\",\"potentialAction\":[{\"@type\":\"ReadAction\",\"target\":[\"https:\/\/www.gaveanews.com\/index.php\/2025\/12\/22\/definido-veja-quem-o-flamengo-pode-enfrentar-na-libertadores-2026\/\"]}]},{\"@type\":\"ImageObject\",\"inLanguage\":\"pt-BR\",\"@id\":\"https:\/\/www.gaveanews.com\/index.php\/2025\/12\/22\/definido-veja-quem-o-flamengo-pode-enfrentar-na-libertadores-2026\/#primaryimage\",\"url\":\"https:\/\/www.gaveanews.com\/wp-content\/uploads\/Flamengo-vence-a-Libertadores-2025.png\",\"contentUrl\":\"https:\/\/www.gaveanews.com\/wp-content\/uploads\/Flamengo-vence-a-Libertadores-2025.png\",\"width\":1200,\"height\":900,\"caption\":\"Foto: Adriano Fontes\/Flamengo\"},{\"@type\":\"BreadcrumbList\",\"@id\":\"https:\/\/www.gaveanews.com\/index.php\/2025\/12\/22\/definido-veja-quem-o-flamengo-pode-enfrentar-na-libertadores-2026\/#breadcrumb\",\"itemListElement\":[{\"@type\":\"ListItem\",\"position\":1,\"name\":\"Home\",\"item\":\"https:\/\/www.gaveanews.com\/\"},{\"@type\":\"ListItem\",\"position\":2,\"name\":\"Definido! Veja quem o Flamengo pode enfrentar na Libertadores 2026\"}]},{\"@type\":\"WebSite\",\"@id\":\"https:\/\/www.gaveanews.com\/#website\",\"url\":\"https:\/\/www.gaveanews.com\/\",\"name\":\"G\u00e1vea News\",\"description\":\"Veja todas as not\u00edcias sobre o Flamengo: Contrata\u00e7\u00f5es, categorias de base, resultados das partidas, tabela de classifica\u00e7\u00e3o, pr\u00f3ximos jogos!\",\"potentialAction\":[{\"@type\":\"SearchAction\",\"target\":{\"@type\":\"EntryPoint\",\"urlTemplate\":\"https:\/\/www.gaveanews.com\/?s={search_term_string}\"},\"query-input\":{\"@type\":\"PropertyValueSpecification\",\"valueRequired\":true,\"valueName\":\"search_term_string\"}}],\"inLanguage\":\"pt-BR\"},{\"@type\":\"Person\",\"@id\":\"https:\/\/www.gaveanews.com\/#\/schema\/person\/daf63eec72e1164eb13dc35096c2b8da\",\"name\":\"Paula Silva\",\"image\":{\"@type\":\"ImageObject\",\"inLanguage\":\"pt-BR\",\"@id\":\"https:\/\/www.gaveanews.com\/#\/schema\/person\/image\/\",\"url\":\"https:\/\/secure.gravatar.com\/avatar\/eda381c845527cc5d64c13b901833cda29d97500ba040d3e6461f76f51d163bb?s=96&d=mm&r=g\",\"contentUrl\":\"https:\/\/secure.gravatar.com\/avatar\/eda381c845527cc5d64c13b901833cda29d97500ba040d3e6461f76f51d163bb?s=96&d=mm&r=g\",\"caption\":\"Paula Silva\"}}]}<\/script>\n<!-- \/ Yoast SEO Premium plugin. -->","yoast_head_json":{"title":"Definido! Veja quem o Flamengo pode enfrentar na Libertadores 2026","robots":{"index":"index","follow":"follow","max-snippet":"max-snippet:-1","max-image-preview":"max-image-preview:large","max-video-preview":"max-video-preview:-1"},"canonical":"https:\/\/www.gaveanews.com\/index.php\/2025\/12\/22\/definido-veja-quem-o-flamengo-pode-enfrentar-na-libertadores-2026\/","og_locale":"pt_BR","og_type":"article","og_title":"Definido! Veja quem o Flamengo pode enfrentar na Libertadores 2026","og_description":"Com a classifica\u00e7\u00e3o do Corinthians ap\u00f3s a conquista da Copa do Brasil no domingo (21), ficaram definidos os 28 clubes que participar\u00e3o da fase de grupos da Libertadores 2026. O sorteio dos grupos est\u00e1 marcado para 18 de mar\u00e7o, segunda-feira, e a Conmebol j\u00e1 organizou as equipes nos respectivos potes com base no ranking continental [&hellip;]","og_url":"https:\/\/www.gaveanews.com\/index.php\/2025\/12\/22\/definido-veja-quem-o-flamengo-pode-enfrentar-na-libertadores-2026\/","og_site_name":"G\u00e1vea News","article_publisher":"https:\/\/facebook.com\/gaveaNews\/","article_published_time":"2025-12-22T21:20:00+00:00","og_image":[{"width":1200,"height":900,"url":"https:\/\/www.gaveanews.com\/wp-content\/uploads\/Flamengo-vence-a-Libertadores-2025.png","type":"image\/png"}],"author":"Paula Silva","twitter_card":"summary_large_image","twitter_misc":{"Escrito por":"Paula Silva","Est. tempo de leitura":"3 minutos"},"schema":{"@context":"https:\/\/schema.org","@graph":[{"@type":"NewsArticle","@id":"https:\/\/www.gaveanews.com\/index.php\/2025\/12\/22\/definido-veja-quem-o-flamengo-pode-enfrentar-na-libertadores-2026\/#article","isPartOf":{"@id":"https:\/\/www.gaveanews.com\/index.php\/2025\/12\/22\/definido-veja-quem-o-flamengo-pode-enfrentar-na-libertadores-2026\/"},"author":{"name":"Paula Silva","@id":"https:\/\/www.gaveanews.com\/#\/schema\/person\/daf63eec72e1164eb13dc35096c2b8da"},"headline":"Definido! Veja quem o Flamengo pode enfrentar na Libertadores 2026","datePublished":"2025-12-22T21:20:00+00:00","mainEntityOfPage":{"@id":"https:\/\/www.gaveanews.com\/index.php\/2025\/12\/22\/definido-veja-quem-o-flamengo-pode-enfrentar-na-libertadores-2026\/"},"wordCount":462,"commentCount":0,"image":{"@id":"https:\/\/www.gaveanews.com\/index.php\/2025\/12\/22\/definido-veja-quem-o-flamengo-pode-enfrentar-na-libertadores-2026\/#primaryimage"},"thumbnailUrl":"https:\/\/www.gaveanews.com\/wp-content\/uploads\/Flamengo-vence-a-Libertadores-2025.png","articleSection":["Flamengo"],"inLanguage":"pt-BR","potentialAction":[{"@type":"CommentAction","name":"Comment","target":["https:\/\/www.gaveanews.com\/index.php\/2025\/12\/22\/definido-veja-quem-o-flamengo-pode-enfrentar-na-libertadores-2026\/#respond"]}],"copyrightYear":"2025","copyrightHolder":{"@id":"https:\/\/www.gaveanews.com\/#organization"}},{"@type":"WebPage","@id":"https:\/\/www.gaveanews.com\/index.php\/2025\/12\/22\/definido-veja-quem-o-flamengo-pode-enfrentar-na-libertadores-2026\/","url":"https:\/\/www.gaveanews.com\/index.php\/2025\/12\/22\/definido-veja-quem-o-flamengo-pode-enfrentar-na-libertadores-2026\/","name":"Definido! Veja quem o Flamengo pode enfrentar na Libertadores 2026","isPartOf":{"@id":"https:\/\/www.gaveanews.com\/#website"},"primaryImageOfPage":{"@id":"https:\/\/www.gaveanews.com\/index.php\/2025\/12\/22\/definido-veja-quem-o-flamengo-pode-enfrentar-na-libertadores-2026\/#primaryimage"},"image":{"@id":"https:\/\/www.gaveanews.com\/index.php\/2025\/12\/22\/definido-veja-quem-o-flamengo-pode-enfrentar-na-libertadores-2026\/#primaryimage"},"thumbnailUrl":"https:\/\/www.gaveanews.com\/wp-content\/uploads\/Flamengo-vence-a-Libertadores-2025.png","datePublished":"2025-12-22T21:20:00+00:00","author":{"@id":"https:\/\/www.gaveanews.com\/#\/schema\/person\/daf63eec72e1164eb13dc35096c2b8da"},"breadcrumb":{"@id":"https:\/\/www.gaveanews.com\/index.php\/2025\/12\/22\/definido-veja-quem-o-flamengo-pode-enfrentar-na-libertadores-2026\/#breadcrumb"},"inLanguage":"pt-BR","potentialAction":[{"@type":"ReadAction","target":["https:\/\/www.gaveanews.com\/index.php\/2025\/12\/22\/definido-veja-quem-o-flamengo-pode-enfrentar-na-libertadores-2026\/"]}]},{"@type":"ImageObject","inLanguage":"pt-BR","@id":"https:\/\/www.gaveanews.com\/index.php\/2025\/12\/22\/definido-veja-quem-o-flamengo-pode-enfrentar-na-libertadores-2026\/#primaryimage","url":"https:\/\/www.gaveanews.com\/wp-content\/uploads\/Flamengo-vence-a-Libertadores-2025.png","contentUrl":"https:\/\/www.gaveanews.com\/wp-content\/uploads\/Flamengo-vence-a-Libertadores-2025.png","width":1200,"height":900,"caption":"Foto: Adriano Fontes\/Flamengo"},{"@type":"BreadcrumbList","@id":"https:\/\/www.gaveanews.com\/index.php\/2025\/12\/22\/definido-veja-quem-o-flamengo-pode-enfrentar-na-libertadores-2026\/#breadcrumb","itemListElement":[{"@type":"ListItem","position":1,"name":"Home","item":"https:\/\/www.gaveanews.com\/"},{"@type":"ListItem","position":2,"name":"Definido! Veja quem o Flamengo pode enfrentar na Libertadores 2026"}]},{"@type":"WebSite","@id":"https:\/\/www.gaveanews.com\/#website","url":"https:\/\/www.gaveanews.com\/","name":"G\u00e1vea News","description":"Veja todas as not\u00edcias sobre o Flamengo: Contrata\u00e7\u00f5es, categorias de base, resultados das partidas, tabela de classifica\u00e7\u00e3o, pr\u00f3ximos jogos!","potentialAction":[{"@type":"SearchAction","target":{"@type":"EntryPoint","urlTemplate":"https:\/\/www.gaveanews.com\/?s={search_term_string}"},"query-input":{"@type":"PropertyValueSpecification","valueRequired":true,"valueName":"search_term_string"}}],"inLanguage":"pt-BR"},{"@type":"Person","@id":"https:\/\/www.gaveanews.com\/#\/schema\/person\/daf63eec72e1164eb13dc35096c2b8da","name":"Paula Silva","image":{"@type":"ImageObject","inLanguage":"pt-BR","@id":"https:\/\/www.gaveanews.com\/#\/schema\/person\/image\/","url":"https:\/\/secure.gravatar.com\/avatar\/eda381c845527cc5d64c13b901833cda29d97500ba040d3e6461f76f51d163bb?s=96&d=mm&r=g","contentUrl":"https:\/\/secure.gravatar.com\/avatar\/eda381c845527cc5d64c13b901833cda29d97500ba040d3e6461f76f51d163bb?s=96&d=mm&r=g","caption":"Paula Silva"}}]}},"_links":{"self":[{"href":"https:\/\/www.gaveanews.com\/index.php\/wp-json\/wp\/v2\/posts\/281839","targetHints":{"allow":["GET"]}}],"collection":[{"href":"https:\/\/www.gaveanews.com\/index.php\/wp-json\/wp\/v2\/posts"}],"about":[{"href":"https:\/\/www.gaveanews.com\/index.php\/wp-json\/wp\/v2\/types\/post"}],"author":[{"embeddable":true,"href":"https:\/\/www.gaveanews.com\/index.php\/wp-json\/wp\/v2\/users\/18"}],"replies":[{"embeddable":true,"href":"https:\/\/www.gaveanews.com\/index.php\/wp-json\/wp\/v2\/comments?post=281839"}],"version-history":[{"count":1,"href":"https:\/\/www.gaveanews.com\/index.php\/wp-json\/wp\/v2\/posts\/281839\/revisions"}],"predecessor-version":[{"id":281840,"href":"https:\/\/www.gaveanews.com\/index.php\/wp-json\/wp\/v2\/posts\/281839\/revisions\/281840"}],"wp:featuredmedia":[{"embeddable":true,"href":"https:\/\/www.gaveanews.com\/index.php\/wp-json\/wp\/v2\/media\/281121"}],"wp:attachment":[{"href":"https:\/\/www.gaveanews.com\/index.php\/wp-json\/wp\/v2\/media?parent=281839"}],"wp:term":[{"taxonomy":"category","embeddable":true,"href":"https:\/\/www.gaveanews.com\/index.php\/wp-json\/wp\/v2\/categories?post=281839"},{"taxonomy":"post_tag","embeddable":true,"href":"https:\/\/www.gaveanews.com\/index.php\/wp-json\/wp\/v2\/tags?post=281839"}],"curies":[{"name":"wp","href":"https:\/\/api.w.org\/{rel}","templated":true}]}}