{"id":281853,"date":"2025-12-23T15:00:00","date_gmt":"2025-12-23T18:00:00","guid":{"rendered":"https:\/\/www.gaveanews.com\/?p=281853"},"modified":"2025-12-23T15:24:22","modified_gmt":"2025-12-23T18:24:22","slug":"a-declaracao-de-boto-direcionada-ao-palmeiras-nao-tem-a-grandeza-do-flamengo","status":"publish","type":"post","link":"https:\/\/www.gaveanews.com\/index.php\/2025\/12\/23\/a-declaracao-de-boto-direcionada-ao-palmeiras-nao-tem-a-grandeza-do-flamengo\/","title":{"rendered":"A declara\u00e7\u00e3o de Boto direcionada ao Palmeiras: &#8220;N\u00e3o tem a grandeza do Flamengo\u2026&#8221;"},"content":{"rendered":"\n<p>O diretor de futebol do <a href=\"https:\/\/www.gaveanews.com\/index.php\/category\/brasileirao\/flamengo\/\" target=\"_blank\" rel=\"noreferrer noopener\">Flamengo<\/a>, Jos\u00e9 Boto, afirmou que a temporada de 2026 tende a ser mais desafiadora do que a anterior, em raz\u00e3o das altas expectativas criadas ap\u00f3s um ano com quatro t\u00edtulos conquistados. Ele entende que o cube lidar\u00e1 com aten\u00e7\u00f5es maiores \u00e0s do <a href=\"https:\/\/www.gaveanews.com\/index.php\/category\/brasileirao\/palmeiras\/\" target=\"_blank\" rel=\"noreferrer noopener\">Palmeiras<\/a>, por exemplo.<\/p>\n\n\n\n<p>Em entrevista ao podcast <em>No Princ\u00edpio Era a Bola<\/em>, de Portugal, o dirigente destacou que o clube manter\u00e1 o foco no Brasileiro e Libertadores, mas alertou sobre o desgaste emocional do elenco. Ele tamb\u00e9m abordou sobre a necessidade de ajustes graduais, evitando mudan\u00e7as bruscas.<\/p>\n\n\n\n<p>&#8220;A grande preocupa\u00e7\u00e3o \u00e9 a quantidade de f\u00e9rias para limpar a cabe\u00e7a. Temos tudo planejado para que o elenco seja melhor. Nunca existe um plantel perfeito, mesmo quando achamos que est\u00e1 \u00f3timo. Temos tudo planejado, mas n\u00e3o vai ser f\u00e1cil repetir uma temporada como essa&#8221;, disse. <\/p>\n\n\n\n<h3 class=\"wp-block-heading\" id=\"h-categorias-de-base\">Categorias de base<\/h3>\n\n\n\n<p>O diretor tamb\u00e9m fez uma an\u00e1lise sobre o uso das categorias de base no futebol brasileiro e tra\u00e7ou uma compara\u00e7\u00e3o com o Palmeiras. Segundo ele, o rival est\u00e1 \u00e0 frente no processo de transi\u00e7\u00e3o de jovens, citando o zagueiro Jo\u00e3o Victor, criticado de forma intensa ap\u00f3s um erro em campo. <\/p>\n\n\n\n<figure class=\"wp-block-image size-full\"><img loading=\"lazy\" decoding=\"async\" width=\"860\" height=\"484\" src=\"http:\/\/www.gaveanews.com\/wp-content\/uploads\/Wesley-em-acao-pelo-Flamengo.webp\" alt=\"\" class=\"wp-image-159864\" srcset=\"https:\/\/www.gaveanews.com\/wp-content\/uploads\/Wesley-em-acao-pelo-Flamengo.webp 860w, https:\/\/www.gaveanews.com\/wp-content\/uploads\/Wesley-em-acao-pelo-Flamengo-300x169.webp 300w, https:\/\/www.gaveanews.com\/wp-content\/uploads\/Wesley-em-acao-pelo-Flamengo-768x432.webp 768w, https:\/\/www.gaveanews.com\/wp-content\/uploads\/Wesley-em-acao-pelo-Flamengo-746x420.webp 746w, https:\/\/www.gaveanews.com\/wp-content\/uploads\/Wesley-em-acao-pelo-Flamengo-640x360.webp 640w, https:\/\/www.gaveanews.com\/wp-content\/uploads\/Wesley-em-acao-pelo-Flamengo-681x383.webp 681w, https:\/\/www.gaveanews.com\/wp-content\/uploads\/Wesley-em-acao-pelo-Flamengo-100x56.webp 100w\" sizes=\"auto, (max-width: 860px) 100vw, 860px\" \/><figcaption class=\"wp-element-caption\">Cria do Ninho, Wesley em a\u00e7\u00e3o pelo Flamengo (Foto: Reprodu\u00e7\u00e3o\/Instagram Wesley)<\/figcaption><\/figure>\n\n\n\n<p>&#8220;Nisso o Palmeiras est\u00e1 mais \u00e0 frente. N\u00e3o em termos melhores jogadores na forma\u00e7\u00e3o, \u00e9 na transi\u00e7\u00e3o que faz para o n\u00edvel profissional. N\u00f3s vamos tentar caminhar nesse sentido&#8221;, continuou.<\/p>\n\n\n\n<p>Para o dirigente, a press\u00e3o da torcida e das redes sociais sobre jogadores jovens no Flamengo \u00e9 desproporcional, dificultando o amadurecimento desses atletas dentro do clube.<\/p>\n\n\n\n<p>&#8220;Uma das coisas que fizemos foi com o Alfredo (Almeida), para ter liga\u00e7\u00e3o direta conosco. Sabendo que s\u00e3o contextos completamente diferentes. O Palmeiras, apesar da grandeza que tem, n\u00e3o tem a grandeza do Flamengo&#8221;, completou. <\/p>\n\n\n\n<h3 class=\"wp-block-heading\" id=\"h-ambiente-exposto-do-flamengo\">Ambiente exposto do Flamengo<\/h3>\n\n\n\n<p>O debate sobre as diferen\u00e7as estruturais entre os rivais vai al\u00e9m do campo. Enquanto o clube paulista ganha reconhecimento pela consist\u00eancia na forma\u00e7\u00e3o e aproveitamento da base, o Rubro-Negro lida com um ambiente mais exposto, reflexo de sua dimens\u00e3o nacional e da exig\u00eancia constante por t\u00edtulos. <\/p>\n\n\n\n<p>A fala de Boto refor\u00e7a que, apesar da grandeza, o modelo de integra\u00e7\u00e3o entre base e profissional ainda precisa de aprimoramento para gerar resultados sustent\u00e1veis.<\/p>\n\n\n\n<h3 class=\"wp-block-heading\" id=\"h-mercado-da-bola\">Mercado da bola<\/h3>\n\n\n\n<p>Al\u00e9m das quest\u00f5es estruturais, o cube busca refor\u00e7os para a pr\u00f3xima temporada com foco em nomes que j\u00e1 atuam no futebol brasileiro. O diretor ainda pretende explorar o mercado europeu, mas sob outro prisma. <\/p>\n\n\n\n<p>O planejamento passa por ampliar o n\u00edvel de competitividade do elenco, ao mesmo tempo em que oferece um ambiente mais equilibrado para jovens talentos se desenvolverem com seguran\u00e7a.<\/p>\n\n\n\n<p>No encerramento da entrevista, o diretor deixou claro que, mesmo ap\u00f3s uma temporada hist\u00f3rica, o clube precisa manter os p\u00e9s no ch\u00e3o. <\/p>\n\n\n\n<p>O Flamengo j\u00e1 tem a\u00e7\u00f5es planejadas para manter o alto n\u00edvel t\u00e9cnico, mas Boto reconhece que repetir o sucesso de 2025 exigir\u00e1 controle emocional, intelig\u00eancia na gest\u00e3o de grupo e paci\u00eancia com os processos de forma\u00e7\u00e3o.<\/p>\n","protected":false},"excerpt":{"rendered":"<p>O diretor de futebol do Flamengo, Jos\u00e9 Boto, afirmou que a temporada de 2026 tende a ser mais desafiadora do que a anterior, em raz\u00e3o das altas expectativas criadas ap\u00f3s um ano com quatro t\u00edtulos conquistados. Ele entende que o cube lidar\u00e1 com aten\u00e7\u00f5es maiores \u00e0s do Palmeiras, por exemplo. Em entrevista ao podcast No [&hellip;]<\/p>\n","protected":false},"author":39,"featured_media":281074,"comment_status":"open","ping_status":"closed","sticky":false,"template":"","format":"standard","meta":{"footnotes":""},"categories":[1],"tags":[250,531,633,256,745],"class_list":["post-281853","post","type-post","status-publish","format-standard","has-post-thumbnail","hentry","category-flamengo","tag-flamengo","tag-jose-boto","tag-mercado-da-bola","tag-palmeiras","tag-podcast"],"yoast_head":"<!-- This site is optimized with the Yoast SEO Premium plugin v24.2 (Yoast SEO v26.9) - https:\/\/yoast.com\/product\/yoast-seo-premium-wordpress\/ -->\n<title>A declara\u00e7\u00e3o de Boto direcionada ao Palmeiras: &quot;N\u00e3o tem a grandeza do Flamengo\u2026&quot;<\/title>\n<meta name=\"description\" content=\"O debate sobre as diferen\u00e7as estruturais entre os rivais, do qual o diretor Jos\u00e9 Boto participou, vai al\u00e9m do campo\" \/>\n<meta name=\"robots\" content=\"index, follow, max-snippet:-1, max-image-preview:large, max-video-preview:-1\" \/>\n<link rel=\"canonical\" href=\"https:\/\/www.gaveanews.com\/index.php\/2025\/12\/23\/a-declaracao-de-boto-direcionada-ao-palmeiras-nao-tem-a-grandeza-do-flamengo\/\" \/>\n<meta property=\"og:locale\" content=\"pt_BR\" \/>\n<meta property=\"og:type\" content=\"article\" \/>\n<meta property=\"og:title\" content=\"A declara\u00e7\u00e3o de Boto direcionada ao Palmeiras: &quot;N\u00e3o tem a grandeza do Flamengo\u2026&quot;\" \/>\n<meta property=\"og:description\" content=\"O debate sobre as diferen\u00e7as estruturais entre os rivais, do qual o diretor Jos\u00e9 Boto participou, vai al\u00e9m do campo\" \/>\n<meta property=\"og:url\" content=\"https:\/\/www.gaveanews.com\/index.php\/2025\/12\/23\/a-declaracao-de-boto-direcionada-ao-palmeiras-nao-tem-a-grandeza-do-flamengo\/\" \/>\n<meta property=\"og:site_name\" content=\"G\u00e1vea News\" \/>\n<meta property=\"article:publisher\" content=\"https:\/\/facebook.com\/gaveaNews\/\" \/>\n<meta property=\"article:published_time\" content=\"2025-12-23T18:00:00+00:00\" \/>\n<meta property=\"article:modified_time\" content=\"2025-12-23T18:24:22+00:00\" \/>\n<meta property=\"og:image\" content=\"http:\/\/www.gaveanews.com\/wp-content\/uploads\/Jose-Boto-em-coletiva.jpg\" \/>\n\t<meta property=\"og:image:width\" content=\"1280\" \/>\n\t<meta property=\"og:image:height\" content=\"853\" \/>\n\t<meta property=\"og:image:type\" content=\"image\/jpeg\" \/>\n<meta name=\"author\" content=\"Reda\u00e7\u00e3o\" \/>\n<meta name=\"twitter:card\" content=\"summary_large_image\" \/>\n<meta name=\"twitter:label1\" content=\"Escrito por\" \/>\n\t<meta name=\"twitter:data1\" content=\"Reda\u00e7\u00e3o\" \/>\n\t<meta name=\"twitter:label2\" content=\"Est. tempo de leitura\" \/>\n\t<meta name=\"twitter:data2\" content=\"4 minutos\" \/>\n<script type=\"application\/ld+json\" class=\"yoast-schema-graph\">{\"@context\":\"https:\/\/schema.org\",\"@graph\":[{\"@type\":\"NewsArticle\",\"@id\":\"https:\/\/www.gaveanews.com\/index.php\/2025\/12\/23\/a-declaracao-de-boto-direcionada-ao-palmeiras-nao-tem-a-grandeza-do-flamengo\/#article\",\"isPartOf\":{\"@id\":\"https:\/\/www.gaveanews.com\/index.php\/2025\/12\/23\/a-declaracao-de-boto-direcionada-ao-palmeiras-nao-tem-a-grandeza-do-flamengo\/\"},\"author\":{\"name\":\"Reda\u00e7\u00e3o\",\"@id\":\"https:\/\/www.gaveanews.com\/#\/schema\/person\/c88645e3d550d0b6574305e67dd5a716\"},\"headline\":\"A declara\u00e7\u00e3o de Boto direcionada ao Palmeiras: &#8220;N\u00e3o tem a grandeza do Flamengo\u2026&#8221;\",\"datePublished\":\"2025-12-23T18:00:00+00:00\",\"dateModified\":\"2025-12-23T18:24:22+00:00\",\"mainEntityOfPage\":{\"@id\":\"https:\/\/www.gaveanews.com\/index.php\/2025\/12\/23\/a-declaracao-de-boto-direcionada-ao-palmeiras-nao-tem-a-grandeza-do-flamengo\/\"},\"wordCount\":559,\"commentCount\":0,\"image\":{\"@id\":\"https:\/\/www.gaveanews.com\/index.php\/2025\/12\/23\/a-declaracao-de-boto-direcionada-ao-palmeiras-nao-tem-a-grandeza-do-flamengo\/#primaryimage\"},\"thumbnailUrl\":\"https:\/\/www.gaveanews.com\/wp-content\/uploads\/Jose-Boto-em-coletiva.jpg\",\"keywords\":[\"Flamengo\",\"Jos\u00e9 Boto\",\"mercado da bola\",\"Palmeiras\",\"Podcast\"],\"articleSection\":[\"Flamengo\"],\"inLanguage\":\"pt-BR\",\"potentialAction\":[{\"@type\":\"CommentAction\",\"name\":\"Comment\",\"target\":[\"https:\/\/www.gaveanews.com\/index.php\/2025\/12\/23\/a-declaracao-de-boto-direcionada-ao-palmeiras-nao-tem-a-grandeza-do-flamengo\/#respond\"]}],\"copyrightYear\":\"2025\",\"copyrightHolder\":{\"@id\":\"https:\/\/www.gaveanews.com\/#organization\"}},{\"@type\":\"WebPage\",\"@id\":\"https:\/\/www.gaveanews.com\/index.php\/2025\/12\/23\/a-declaracao-de-boto-direcionada-ao-palmeiras-nao-tem-a-grandeza-do-flamengo\/\",\"url\":\"https:\/\/www.gaveanews.com\/index.php\/2025\/12\/23\/a-declaracao-de-boto-direcionada-ao-palmeiras-nao-tem-a-grandeza-do-flamengo\/\",\"name\":\"A declara\u00e7\u00e3o de Boto direcionada ao Palmeiras: \\\"N\u00e3o tem a grandeza do Flamengo\u2026\\\"\",\"isPartOf\":{\"@id\":\"https:\/\/www.gaveanews.com\/#website\"},\"primaryImageOfPage\":{\"@id\":\"https:\/\/www.gaveanews.com\/index.php\/2025\/12\/23\/a-declaracao-de-boto-direcionada-ao-palmeiras-nao-tem-a-grandeza-do-flamengo\/#primaryimage\"},\"image\":{\"@id\":\"https:\/\/www.gaveanews.com\/index.php\/2025\/12\/23\/a-declaracao-de-boto-direcionada-ao-palmeiras-nao-tem-a-grandeza-do-flamengo\/#primaryimage\"},\"thumbnailUrl\":\"https:\/\/www.gaveanews.com\/wp-content\/uploads\/Jose-Boto-em-coletiva.jpg\",\"datePublished\":\"2025-12-23T18:00:00+00:00\",\"dateModified\":\"2025-12-23T18:24:22+00:00\",\"author\":{\"@id\":\"https:\/\/www.gaveanews.com\/#\/schema\/person\/c88645e3d550d0b6574305e67dd5a716\"},\"description\":\"O debate sobre as diferen\u00e7as estruturais entre os rivais, do qual o diretor Jos\u00e9 Boto participou, vai al\u00e9m do campo\",\"breadcrumb\":{\"@id\":\"https:\/\/www.gaveanews.com\/index.php\/2025\/12\/23\/a-declaracao-de-boto-direcionada-ao-palmeiras-nao-tem-a-grandeza-do-flamengo\/#breadcrumb\"},\"inLanguage\":\"pt-BR\",\"potentialAction\":[{\"@type\":\"ReadAction\",\"target\":[\"https:\/\/www.gaveanews.com\/index.php\/2025\/12\/23\/a-declaracao-de-boto-direcionada-ao-palmeiras-nao-tem-a-grandeza-do-flamengo\/\"]}]},{\"@type\":\"ImageObject\",\"inLanguage\":\"pt-BR\",\"@id\":\"https:\/\/www.gaveanews.com\/index.php\/2025\/12\/23\/a-declaracao-de-boto-direcionada-ao-palmeiras-nao-tem-a-grandeza-do-flamengo\/#primaryimage\",\"url\":\"https:\/\/www.gaveanews.com\/wp-content\/uploads\/Jose-Boto-em-coletiva.jpg\",\"contentUrl\":\"https:\/\/www.gaveanews.com\/wp-content\/uploads\/Jose-Boto-em-coletiva.jpg\",\"width\":1280,\"height\":853,\"caption\":\"Jos\u00e9 Boto em coletiva (Foto: Gilvan de Souza\/CRF)\"},{\"@type\":\"BreadcrumbList\",\"@id\":\"https:\/\/www.gaveanews.com\/index.php\/2025\/12\/23\/a-declaracao-de-boto-direcionada-ao-palmeiras-nao-tem-a-grandeza-do-flamengo\/#breadcrumb\",\"itemListElement\":[{\"@type\":\"ListItem\",\"position\":1,\"name\":\"Home\",\"item\":\"https:\/\/www.gaveanews.com\/\"},{\"@type\":\"ListItem\",\"position\":2,\"name\":\"A declara\u00e7\u00e3o de Boto direcionada ao Palmeiras: &#8220;N\u00e3o tem a grandeza do Flamengo\u2026&#8221;\"}]},{\"@type\":\"WebSite\",\"@id\":\"https:\/\/www.gaveanews.com\/#website\",\"url\":\"https:\/\/www.gaveanews.com\/\",\"name\":\"G\u00e1vea News\",\"description\":\"Veja todas as not\u00edcias sobre o Flamengo: Contrata\u00e7\u00f5es, categorias de base, resultados das partidas, tabela de classifica\u00e7\u00e3o, pr\u00f3ximos jogos!\",\"potentialAction\":[{\"@type\":\"SearchAction\",\"target\":{\"@type\":\"EntryPoint\",\"urlTemplate\":\"https:\/\/www.gaveanews.com\/?s={search_term_string}\"},\"query-input\":{\"@type\":\"PropertyValueSpecification\",\"valueRequired\":true,\"valueName\":\"search_term_string\"}}],\"inLanguage\":\"pt-BR\"},{\"@type\":\"Person\",\"@id\":\"https:\/\/www.gaveanews.com\/#\/schema\/person\/c88645e3d550d0b6574305e67dd5a716\",\"name\":\"Reda\u00e7\u00e3o\",\"image\":{\"@type\":\"ImageObject\",\"inLanguage\":\"pt-BR\",\"@id\":\"https:\/\/www.gaveanews.com\/#\/schema\/person\/image\/\",\"url\":\"https:\/\/secure.gravatar.com\/avatar\/434098fd823f0dc1b062d14ca22bacaa6e38de28d8c816bbef6fc2f8c44d8ba3?s=96&d=mm&r=g\",\"contentUrl\":\"https:\/\/secure.gravatar.com\/avatar\/434098fd823f0dc1b062d14ca22bacaa6e38de28d8c816bbef6fc2f8c44d8ba3?s=96&d=mm&r=g\",\"caption\":\"Reda\u00e7\u00e3o\"}}]}<\/script>\n<!-- \/ Yoast SEO Premium plugin. -->","yoast_head_json":{"title":"A declara\u00e7\u00e3o de Boto direcionada ao Palmeiras: \"N\u00e3o tem a grandeza do Flamengo\u2026\"","description":"O debate sobre as diferen\u00e7as estruturais entre os rivais, do qual o diretor Jos\u00e9 Boto participou, vai al\u00e9m do campo","robots":{"index":"index","follow":"follow","max-snippet":"max-snippet:-1","max-image-preview":"max-image-preview:large","max-video-preview":"max-video-preview:-1"},"canonical":"https:\/\/www.gaveanews.com\/index.php\/2025\/12\/23\/a-declaracao-de-boto-direcionada-ao-palmeiras-nao-tem-a-grandeza-do-flamengo\/","og_locale":"pt_BR","og_type":"article","og_title":"A declara\u00e7\u00e3o de Boto direcionada ao Palmeiras: \"N\u00e3o tem a grandeza do Flamengo\u2026\"","og_description":"O debate sobre as diferen\u00e7as estruturais entre os rivais, do qual o diretor Jos\u00e9 Boto participou, vai al\u00e9m do campo","og_url":"https:\/\/www.gaveanews.com\/index.php\/2025\/12\/23\/a-declaracao-de-boto-direcionada-ao-palmeiras-nao-tem-a-grandeza-do-flamengo\/","og_site_name":"G\u00e1vea News","article_publisher":"https:\/\/facebook.com\/gaveaNews\/","article_published_time":"2025-12-23T18:00:00+00:00","article_modified_time":"2025-12-23T18:24:22+00:00","og_image":[{"width":1280,"height":853,"url":"http:\/\/www.gaveanews.com\/wp-content\/uploads\/Jose-Boto-em-coletiva.jpg","type":"image\/jpeg"}],"author":"Reda\u00e7\u00e3o","twitter_card":"summary_large_image","twitter_misc":{"Escrito por":"Reda\u00e7\u00e3o","Est. tempo de leitura":"4 minutos"},"schema":{"@context":"https:\/\/schema.org","@graph":[{"@type":"NewsArticle","@id":"https:\/\/www.gaveanews.com\/index.php\/2025\/12\/23\/a-declaracao-de-boto-direcionada-ao-palmeiras-nao-tem-a-grandeza-do-flamengo\/#article","isPartOf":{"@id":"https:\/\/www.gaveanews.com\/index.php\/2025\/12\/23\/a-declaracao-de-boto-direcionada-ao-palmeiras-nao-tem-a-grandeza-do-flamengo\/"},"author":{"name":"Reda\u00e7\u00e3o","@id":"https:\/\/www.gaveanews.com\/#\/schema\/person\/c88645e3d550d0b6574305e67dd5a716"},"headline":"A declara\u00e7\u00e3o de Boto direcionada ao Palmeiras: &#8220;N\u00e3o tem a grandeza do Flamengo\u2026&#8221;","datePublished":"2025-12-23T18:00:00+00:00","dateModified":"2025-12-23T18:24:22+00:00","mainEntityOfPage":{"@id":"https:\/\/www.gaveanews.com\/index.php\/2025\/12\/23\/a-declaracao-de-boto-direcionada-ao-palmeiras-nao-tem-a-grandeza-do-flamengo\/"},"wordCount":559,"commentCount":0,"image":{"@id":"https:\/\/www.gaveanews.com\/index.php\/2025\/12\/23\/a-declaracao-de-boto-direcionada-ao-palmeiras-nao-tem-a-grandeza-do-flamengo\/#primaryimage"},"thumbnailUrl":"https:\/\/www.gaveanews.com\/wp-content\/uploads\/Jose-Boto-em-coletiva.jpg","keywords":["Flamengo","Jos\u00e9 Boto","mercado da bola","Palmeiras","Podcast"],"articleSection":["Flamengo"],"inLanguage":"pt-BR","potentialAction":[{"@type":"CommentAction","name":"Comment","target":["https:\/\/www.gaveanews.com\/index.php\/2025\/12\/23\/a-declaracao-de-boto-direcionada-ao-palmeiras-nao-tem-a-grandeza-do-flamengo\/#respond"]}],"copyrightYear":"2025","copyrightHolder":{"@id":"https:\/\/www.gaveanews.com\/#organization"}},{"@type":"WebPage","@id":"https:\/\/www.gaveanews.com\/index.php\/2025\/12\/23\/a-declaracao-de-boto-direcionada-ao-palmeiras-nao-tem-a-grandeza-do-flamengo\/","url":"https:\/\/www.gaveanews.com\/index.php\/2025\/12\/23\/a-declaracao-de-boto-direcionada-ao-palmeiras-nao-tem-a-grandeza-do-flamengo\/","name":"A declara\u00e7\u00e3o de Boto direcionada ao Palmeiras: \"N\u00e3o tem a grandeza do Flamengo\u2026\"","isPartOf":{"@id":"https:\/\/www.gaveanews.com\/#website"},"primaryImageOfPage":{"@id":"https:\/\/www.gaveanews.com\/index.php\/2025\/12\/23\/a-declaracao-de-boto-direcionada-ao-palmeiras-nao-tem-a-grandeza-do-flamengo\/#primaryimage"},"image":{"@id":"https:\/\/www.gaveanews.com\/index.php\/2025\/12\/23\/a-declaracao-de-boto-direcionada-ao-palmeiras-nao-tem-a-grandeza-do-flamengo\/#primaryimage"},"thumbnailUrl":"https:\/\/www.gaveanews.com\/wp-content\/uploads\/Jose-Boto-em-coletiva.jpg","datePublished":"2025-12-23T18:00:00+00:00","dateModified":"2025-12-23T18:24:22+00:00","author":{"@id":"https:\/\/www.gaveanews.com\/#\/schema\/person\/c88645e3d550d0b6574305e67dd5a716"},"description":"O debate sobre as diferen\u00e7as estruturais entre os rivais, do qual o diretor Jos\u00e9 Boto participou, vai al\u00e9m do campo","breadcrumb":{"@id":"https:\/\/www.gaveanews.com\/index.php\/2025\/12\/23\/a-declaracao-de-boto-direcionada-ao-palmeiras-nao-tem-a-grandeza-do-flamengo\/#breadcrumb"},"inLanguage":"pt-BR","potentialAction":[{"@type":"ReadAction","target":["https:\/\/www.gaveanews.com\/index.php\/2025\/12\/23\/a-declaracao-de-boto-direcionada-ao-palmeiras-nao-tem-a-grandeza-do-flamengo\/"]}]},{"@type":"ImageObject","inLanguage":"pt-BR","@id":"https:\/\/www.gaveanews.com\/index.php\/2025\/12\/23\/a-declaracao-de-boto-direcionada-ao-palmeiras-nao-tem-a-grandeza-do-flamengo\/#primaryimage","url":"https:\/\/www.gaveanews.com\/wp-content\/uploads\/Jose-Boto-em-coletiva.jpg","contentUrl":"https:\/\/www.gaveanews.com\/wp-content\/uploads\/Jose-Boto-em-coletiva.jpg","width":1280,"height":853,"caption":"Jos\u00e9 Boto em coletiva (Foto: Gilvan de Souza\/CRF)"},{"@type":"BreadcrumbList","@id":"https:\/\/www.gaveanews.com\/index.php\/2025\/12\/23\/a-declaracao-de-boto-direcionada-ao-palmeiras-nao-tem-a-grandeza-do-flamengo\/#breadcrumb","itemListElement":[{"@type":"ListItem","position":1,"name":"Home","item":"https:\/\/www.gaveanews.com\/"},{"@type":"ListItem","position":2,"name":"A declara\u00e7\u00e3o de Boto direcionada ao Palmeiras: &#8220;N\u00e3o tem a grandeza do Flamengo\u2026&#8221;"}]},{"@type":"WebSite","@id":"https:\/\/www.gaveanews.com\/#website","url":"https:\/\/www.gaveanews.com\/","name":"G\u00e1vea News","description":"Veja todas as not\u00edcias sobre o Flamengo: Contrata\u00e7\u00f5es, categorias de base, resultados das partidas, tabela de classifica\u00e7\u00e3o, pr\u00f3ximos jogos!","potentialAction":[{"@type":"SearchAction","target":{"@type":"EntryPoint","urlTemplate":"https:\/\/www.gaveanews.com\/?s={search_term_string}"},"query-input":{"@type":"PropertyValueSpecification","valueRequired":true,"valueName":"search_term_string"}}],"inLanguage":"pt-BR"},{"@type":"Person","@id":"https:\/\/www.gaveanews.com\/#\/schema\/person\/c88645e3d550d0b6574305e67dd5a716","name":"Reda\u00e7\u00e3o","image":{"@type":"ImageObject","inLanguage":"pt-BR","@id":"https:\/\/www.gaveanews.com\/#\/schema\/person\/image\/","url":"https:\/\/secure.gravatar.com\/avatar\/434098fd823f0dc1b062d14ca22bacaa6e38de28d8c816bbef6fc2f8c44d8ba3?s=96&d=mm&r=g","contentUrl":"https:\/\/secure.gravatar.com\/avatar\/434098fd823f0dc1b062d14ca22bacaa6e38de28d8c816bbef6fc2f8c44d8ba3?s=96&d=mm&r=g","caption":"Reda\u00e7\u00e3o"}}]}},"_links":{"self":[{"href":"https:\/\/www.gaveanews.com\/index.php\/wp-json\/wp\/v2\/posts\/281853","targetHints":{"allow":["GET"]}}],"collection":[{"href":"https:\/\/www.gaveanews.com\/index.php\/wp-json\/wp\/v2\/posts"}],"about":[{"href":"https:\/\/www.gaveanews.com\/index.php\/wp-json\/wp\/v2\/types\/post"}],"author":[{"embeddable":true,"href":"https:\/\/www.gaveanews.com\/index.php\/wp-json\/wp\/v2\/users\/39"}],"replies":[{"embeddable":true,"href":"https:\/\/www.gaveanews.com\/index.php\/wp-json\/wp\/v2\/comments?post=281853"}],"version-history":[{"count":1,"href":"https:\/\/www.gaveanews.com\/index.php\/wp-json\/wp\/v2\/posts\/281853\/revisions"}],"predecessor-version":[{"id":281856,"href":"https:\/\/www.gaveanews.com\/index.php\/wp-json\/wp\/v2\/posts\/281853\/revisions\/281856"}],"wp:featuredmedia":[{"embeddable":true,"href":"https:\/\/www.gaveanews.com\/index.php\/wp-json\/wp\/v2\/media\/281074"}],"wp:attachment":[{"href":"https:\/\/www.gaveanews.com\/index.php\/wp-json\/wp\/v2\/media?parent=281853"}],"wp:term":[{"taxonomy":"category","embeddable":true,"href":"https:\/\/www.gaveanews.com\/index.php\/wp-json\/wp\/v2\/categories?post=281853"},{"taxonomy":"post_tag","embeddable":true,"href":"https:\/\/www.gaveanews.com\/index.php\/wp-json\/wp\/v2\/tags?post=281853"}],"curies":[{"name":"wp","href":"https:\/\/api.w.org\/{rel}","templated":true}]}}