{"id":281896,"date":"2025-12-24T16:00:00","date_gmt":"2025-12-24T19:00:00","guid":{"rendered":"https:\/\/www.gaveanews.com\/?p=281896"},"modified":"2025-12-24T15:25:00","modified_gmt":"2025-12-24T18:25:00","slug":"promessa-do-flamengo-com-multa-de-r-325-milhoes-foi-destaque-em-2025-veja-numeros","status":"publish","type":"post","link":"https:\/\/www.gaveanews.com\/index.php\/2025\/12\/24\/promessa-do-flamengo-com-multa-de-r-325-milhoes-foi-destaque-em-2025-veja-numeros\/","title":{"rendered":"Promessa do Flamengo com multa de R$ 325 milh\u00f5es foi destaque em 2025; veja n\u00fameros"},"content":{"rendered":"\n<p>Ryan Roberto construiu sua rela\u00e7\u00e3o com o Flamengo a partir de um processo recente, por\u00e9m intenso. O atacante chegou ao clube em 2023, ap\u00f3s passagem de tr\u00eas anos pelo Athletico, e, desde ent\u00e3o, tornou-se presen\u00e7a constante nas principais competi\u00e7\u00f5es de base. Atualmente com 17 anos, ele integra o planejamento rubro-negro para as categorias superiores, afinal est\u00e1 em fase final de transi\u00e7\u00e3o para o sub-20.<\/p>\n\n\n\n<p>A trajet\u00f3ria do jogador come\u00e7ou em S\u00e3o Paulo, em um projeto social conhecido como Paulistinha, no bairro do Itaim Paulista. Posteriormente, ainda crian\u00e7a, foi captado pelo Athletico, onde permaneceu at\u00e9 o acerto com o Flamengo. Assim, sua forma\u00e7\u00e3o passou por diferentes ambientes, embora tenha sido no clube carioca que o rendimento ganhou n\u00fameros mais expressivos.<\/p>\n\n\n\n<figure class=\"wp-block-image size-large\"><img loading=\"lazy\" decoding=\"async\" width=\"819\" height=\"1024\" src=\"http:\/\/www.gaveanews.com\/wp-content\/uploads\/Ryan-Roberto-vibra-apos-marcar-um-gol-pelo-Flamengo-819x1024.webp\" alt=\"\" class=\"wp-image-103213\" srcset=\"https:\/\/www.gaveanews.com\/wp-content\/uploads\/Ryan-Roberto-vibra-apos-marcar-um-gol-pelo-Flamengo-819x1024.webp 819w, https:\/\/www.gaveanews.com\/wp-content\/uploads\/Ryan-Roberto-vibra-apos-marcar-um-gol-pelo-Flamengo-240x300.webp 240w, https:\/\/www.gaveanews.com\/wp-content\/uploads\/Ryan-Roberto-vibra-apos-marcar-um-gol-pelo-Flamengo-768x960.webp 768w, https:\/\/www.gaveanews.com\/wp-content\/uploads\/Ryan-Roberto-vibra-apos-marcar-um-gol-pelo-Flamengo-336x420.webp 336w, https:\/\/www.gaveanews.com\/wp-content\/uploads\/Ryan-Roberto-vibra-apos-marcar-um-gol-pelo-Flamengo-672x840.webp 672w, https:\/\/www.gaveanews.com\/wp-content\/uploads\/Ryan-Roberto-vibra-apos-marcar-um-gol-pelo-Flamengo-640x800.webp 640w, https:\/\/www.gaveanews.com\/wp-content\/uploads\/Ryan-Roberto-vibra-apos-marcar-um-gol-pelo-Flamengo-681x851.webp 681w, https:\/\/www.gaveanews.com\/wp-content\/uploads\/Ryan-Roberto-vibra-apos-marcar-um-gol-pelo-Flamengo-100x125.webp 100w, https:\/\/www.gaveanews.com\/wp-content\/uploads\/Ryan-Roberto-vibra-apos-marcar-um-gol-pelo-Flamengo.webp 1080w\" sizes=\"auto, (max-width: 819px) 100vw, 819px\" \/><figcaption class=\"wp-element-caption\">Ryan Roberto vibra ap\u00f3s marcar um gol pelo Flamengo (Foto: Reprodu\u00e7\u00e3o\/Instagram<\/figcaption><\/figure>\n\n\n\n<p>Em 2025, Ryan Roberto encerrou a temporada como artilheiro das categorias de base do Flamengo. Foram 22 gols em 37 partidas, somando compromissos do sub-17 e do sub-20. Certamente, os n\u00fameros sustentam a avalia\u00e7\u00e3o interna de que o atacante respondeu ao aumento de exig\u00eancia competitiva, sobretudo ap\u00f3s mudan\u00e7as no cuidado f\u00edsico e psicol\u00f3gico ao longo do ano.<\/p>\n\n\n\n<p>Al\u00e9m disso, o jogador participou de campanhas vitoriosas. Ele integrou o elenco campe\u00e3o da Copinha e tamb\u00e9m do Intercontinental Sub-20, conquistado diante do Barcelona. Igualmente, levantou trof\u00e9us estaduais, como a Ta\u00e7a Guanabara Sub-17 e a Copa Rio Sub-17, enquanto segue sendo convocado com frequ\u00eancia para sele\u00e7\u00f5es de base.<\/p>\n\n\n\n<p>Enquanto isso, o desempenho despertou interesse fora do pa\u00eds. Clubes como Barcelona, Shakhtar Donetsk e Ajax monitoram a evolu\u00e7\u00e3o do atacante, conforme pessoas ligadas ao mercado. Contudo, o Flamengo estabeleceu prote\u00e7\u00e3o contratual, com multa rescis\u00f3ria estipulada em 50 milh\u00f5es de euros, valor que reflete o est\u00e1gio atual do v\u00ednculo.<\/p>\n\n\n\n<p>O hist\u00f3rico contratual tamb\u00e9m envolve o Athletico, que manteve parte dos direitos econ\u00f4micos na negocia\u00e7\u00e3o inicial. Posteriormente, o clube paranaense tentou recomprar uma fatia adicional, mas n\u00e3o houve acordo. O Flamengo, por sua vez, possui op\u00e7\u00e3o de ampliar sua participa\u00e7\u00e3o, embora ainda n\u00e3o tenha exercido esse dispositivo.<\/p>\n\n\n\n<p>Fernando Santos, respons\u00e1vel pela capta\u00e7\u00e3o do atleta ainda na inf\u00e2ncia, relembrou o primeiro contato com o jogador e destacou caracter\u00edsticas observadas naquele per\u00edodo. \u201cO que me chamou aten\u00e7\u00e3o no Ryan foi a personalidade. Era um garotinho jogando com meninos mais velhos e sempre tentava o drible, insistia, ia para cima.\u201d<\/p>\n\n\n\n<p>Em outro momento, o mesmo profissional refor\u00e7ou a avalia\u00e7\u00e3o sobre o potencial do atacante, condicionando o avan\u00e7o \u00e0 manuten\u00e7\u00e3o de comportamento fora de campo. &#8220;O Ryan \u00e9 um garoto que tem muita estrela. N\u00e3o \u00e9 f\u00e1cil, mas, se ele continuar com essa humildade, vai jogar em n\u00edvel alt\u00edssimo.\u201d<\/p>\n","protected":false},"excerpt":{"rendered":"<p>Ryan Roberto construiu sua rela\u00e7\u00e3o com o Flamengo a partir de um processo recente, por\u00e9m intenso. O atacante chegou ao clube em 2023, ap\u00f3s passagem de tr\u00eas anos pelo Athletico, e, desde ent\u00e3o, tornou-se presen\u00e7a constante nas principais competi\u00e7\u00f5es de base. Atualmente com 17 anos, ele integra o planejamento rubro-negro para as categorias superiores, afinal [&hellip;]<\/p>\n","protected":false},"author":18,"featured_media":121377,"comment_status":"open","ping_status":"closed","sticky":false,"template":"","format":"standard","meta":{"footnotes":""},"categories":[1],"tags":[],"class_list":["post-281896","post","type-post","status-publish","format-standard","has-post-thumbnail","hentry","category-flamengo"],"yoast_head":"<!-- This site is optimized with the Yoast SEO Premium plugin v24.2 (Yoast SEO v26.9) - https:\/\/yoast.com\/product\/yoast-seo-premium-wordpress\/ -->\n<title>Promessa do Flamengo com multa de R$ 325 milh\u00f5es foi destaque em 2025; veja n\u00fameros<\/title>\n<meta name=\"robots\" content=\"index, follow, max-snippet:-1, max-image-preview:large, max-video-preview:-1\" \/>\n<link rel=\"canonical\" href=\"https:\/\/www.gaveanews.com\/index.php\/2025\/12\/24\/promessa-do-flamengo-com-multa-de-r-325-milhoes-foi-destaque-em-2025-veja-numeros\/\" \/>\n<meta property=\"og:locale\" content=\"pt_BR\" \/>\n<meta property=\"og:type\" content=\"article\" \/>\n<meta property=\"og:title\" content=\"Promessa do Flamengo com multa de R$ 325 milh\u00f5es foi destaque em 2025; veja n\u00fameros\" \/>\n<meta property=\"og:description\" content=\"Ryan Roberto construiu sua rela\u00e7\u00e3o com o Flamengo a partir de um processo recente, por\u00e9m intenso. O atacante chegou ao clube em 2023, ap\u00f3s passagem de tr\u00eas anos pelo Athletico, e, desde ent\u00e3o, tornou-se presen\u00e7a constante nas principais competi\u00e7\u00f5es de base. Atualmente com 17 anos, ele integra o planejamento rubro-negro para as categorias superiores, afinal [&hellip;]\" \/>\n<meta property=\"og:url\" content=\"https:\/\/www.gaveanews.com\/index.php\/2025\/12\/24\/promessa-do-flamengo-com-multa-de-r-325-milhoes-foi-destaque-em-2025-veja-numeros\/\" \/>\n<meta property=\"og:site_name\" content=\"G\u00e1vea News\" \/>\n<meta property=\"article:publisher\" content=\"https:\/\/facebook.com\/gaveaNews\/\" \/>\n<meta property=\"article:published_time\" content=\"2025-12-24T19:00:00+00:00\" \/>\n<meta property=\"og:image\" content=\"https:\/\/www.gaveanews.com\/wp-content\/uploads\/Ninho-do-Urubu-1.webp\" \/>\n\t<meta property=\"og:image:width\" content=\"700\" \/>\n\t<meta property=\"og:image:height\" content=\"463\" \/>\n\t<meta property=\"og:image:type\" content=\"image\/jpeg\" \/>\n<meta name=\"author\" content=\"Paula Silva\" \/>\n<meta name=\"twitter:card\" content=\"summary_large_image\" \/>\n<meta name=\"twitter:label1\" content=\"Escrito por\" \/>\n\t<meta name=\"twitter:data1\" content=\"Paula Silva\" \/>\n\t<meta name=\"twitter:label2\" content=\"Est. tempo de leitura\" \/>\n\t<meta name=\"twitter:data2\" content=\"3 minutos\" \/>\n<script type=\"application\/ld+json\" class=\"yoast-schema-graph\">{\"@context\":\"https:\/\/schema.org\",\"@graph\":[{\"@type\":\"NewsArticle\",\"@id\":\"https:\/\/www.gaveanews.com\/index.php\/2025\/12\/24\/promessa-do-flamengo-com-multa-de-r-325-milhoes-foi-destaque-em-2025-veja-numeros\/#article\",\"isPartOf\":{\"@id\":\"https:\/\/www.gaveanews.com\/index.php\/2025\/12\/24\/promessa-do-flamengo-com-multa-de-r-325-milhoes-foi-destaque-em-2025-veja-numeros\/\"},\"author\":{\"name\":\"Paula Silva\",\"@id\":\"https:\/\/www.gaveanews.com\/#\/schema\/person\/daf63eec72e1164eb13dc35096c2b8da\"},\"headline\":\"Promessa do Flamengo com multa de R$ 325 milh\u00f5es foi destaque em 2025; veja n\u00fameros\",\"datePublished\":\"2025-12-24T19:00:00+00:00\",\"mainEntityOfPage\":{\"@id\":\"https:\/\/www.gaveanews.com\/index.php\/2025\/12\/24\/promessa-do-flamengo-com-multa-de-r-325-milhoes-foi-destaque-em-2025-veja-numeros\/\"},\"wordCount\":495,\"commentCount\":0,\"image\":{\"@id\":\"https:\/\/www.gaveanews.com\/index.php\/2025\/12\/24\/promessa-do-flamengo-com-multa-de-r-325-milhoes-foi-destaque-em-2025-veja-numeros\/#primaryimage\"},\"thumbnailUrl\":\"https:\/\/www.gaveanews.com\/wp-content\/uploads\/Ninho-do-Urubu-1.webp\",\"articleSection\":[\"Flamengo\"],\"inLanguage\":\"pt-BR\",\"potentialAction\":[{\"@type\":\"CommentAction\",\"name\":\"Comment\",\"target\":[\"https:\/\/www.gaveanews.com\/index.php\/2025\/12\/24\/promessa-do-flamengo-com-multa-de-r-325-milhoes-foi-destaque-em-2025-veja-numeros\/#respond\"]}],\"copyrightYear\":\"2025\",\"copyrightHolder\":{\"@id\":\"https:\/\/www.gaveanews.com\/#organization\"}},{\"@type\":\"WebPage\",\"@id\":\"https:\/\/www.gaveanews.com\/index.php\/2025\/12\/24\/promessa-do-flamengo-com-multa-de-r-325-milhoes-foi-destaque-em-2025-veja-numeros\/\",\"url\":\"https:\/\/www.gaveanews.com\/index.php\/2025\/12\/24\/promessa-do-flamengo-com-multa-de-r-325-milhoes-foi-destaque-em-2025-veja-numeros\/\",\"name\":\"Promessa do Flamengo com multa de R$ 325 milh\u00f5es foi destaque em 2025; veja n\u00fameros\",\"isPartOf\":{\"@id\":\"https:\/\/www.gaveanews.com\/#website\"},\"primaryImageOfPage\":{\"@id\":\"https:\/\/www.gaveanews.com\/index.php\/2025\/12\/24\/promessa-do-flamengo-com-multa-de-r-325-milhoes-foi-destaque-em-2025-veja-numeros\/#primaryimage\"},\"image\":{\"@id\":\"https:\/\/www.gaveanews.com\/index.php\/2025\/12\/24\/promessa-do-flamengo-com-multa-de-r-325-milhoes-foi-destaque-em-2025-veja-numeros\/#primaryimage\"},\"thumbnailUrl\":\"https:\/\/www.gaveanews.com\/wp-content\/uploads\/Ninho-do-Urubu-1.webp\",\"datePublished\":\"2025-12-24T19:00:00+00:00\",\"author\":{\"@id\":\"https:\/\/www.gaveanews.com\/#\/schema\/person\/daf63eec72e1164eb13dc35096c2b8da\"},\"breadcrumb\":{\"@id\":\"https:\/\/www.gaveanews.com\/index.php\/2025\/12\/24\/promessa-do-flamengo-com-multa-de-r-325-milhoes-foi-destaque-em-2025-veja-numeros\/#breadcrumb\"},\"inLanguage\":\"pt-BR\",\"potentialAction\":[{\"@type\":\"ReadAction\",\"target\":[\"https:\/\/www.gaveanews.com\/index.php\/2025\/12\/24\/promessa-do-flamengo-com-multa-de-r-325-milhoes-foi-destaque-em-2025-veja-numeros\/\"]}]},{\"@type\":\"ImageObject\",\"inLanguage\":\"pt-BR\",\"@id\":\"https:\/\/www.gaveanews.com\/index.php\/2025\/12\/24\/promessa-do-flamengo-com-multa-de-r-325-milhoes-foi-destaque-em-2025-veja-numeros\/#primaryimage\",\"url\":\"https:\/\/www.gaveanews.com\/wp-content\/uploads\/Ninho-do-Urubu-1.webp\",\"contentUrl\":\"https:\/\/www.gaveanews.com\/wp-content\/uploads\/Ninho-do-Urubu-1.webp\",\"width\":700,\"height\":463,\"caption\":\"Ninho do Urubu (Foto: Reprodu\u00e7\u00e3o)\"},{\"@type\":\"BreadcrumbList\",\"@id\":\"https:\/\/www.gaveanews.com\/index.php\/2025\/12\/24\/promessa-do-flamengo-com-multa-de-r-325-milhoes-foi-destaque-em-2025-veja-numeros\/#breadcrumb\",\"itemListElement\":[{\"@type\":\"ListItem\",\"position\":1,\"name\":\"Home\",\"item\":\"https:\/\/www.gaveanews.com\/\"},{\"@type\":\"ListItem\",\"position\":2,\"name\":\"Promessa do Flamengo com multa de R$ 325 milh\u00f5es foi destaque em 2025; veja n\u00fameros\"}]},{\"@type\":\"WebSite\",\"@id\":\"https:\/\/www.gaveanews.com\/#website\",\"url\":\"https:\/\/www.gaveanews.com\/\",\"name\":\"G\u00e1vea News\",\"description\":\"Veja todas as not\u00edcias sobre o Flamengo: Contrata\u00e7\u00f5es, categorias de base, resultados das partidas, tabela de classifica\u00e7\u00e3o, pr\u00f3ximos jogos!\",\"potentialAction\":[{\"@type\":\"SearchAction\",\"target\":{\"@type\":\"EntryPoint\",\"urlTemplate\":\"https:\/\/www.gaveanews.com\/?s={search_term_string}\"},\"query-input\":{\"@type\":\"PropertyValueSpecification\",\"valueRequired\":true,\"valueName\":\"search_term_string\"}}],\"inLanguage\":\"pt-BR\"},{\"@type\":\"Person\",\"@id\":\"https:\/\/www.gaveanews.com\/#\/schema\/person\/daf63eec72e1164eb13dc35096c2b8da\",\"name\":\"Paula Silva\",\"image\":{\"@type\":\"ImageObject\",\"inLanguage\":\"pt-BR\",\"@id\":\"https:\/\/www.gaveanews.com\/#\/schema\/person\/image\/\",\"url\":\"https:\/\/secure.gravatar.com\/avatar\/eda381c845527cc5d64c13b901833cda29d97500ba040d3e6461f76f51d163bb?s=96&d=mm&r=g\",\"contentUrl\":\"https:\/\/secure.gravatar.com\/avatar\/eda381c845527cc5d64c13b901833cda29d97500ba040d3e6461f76f51d163bb?s=96&d=mm&r=g\",\"caption\":\"Paula Silva\"}}]}<\/script>\n<!-- \/ Yoast SEO Premium plugin. -->","yoast_head_json":{"title":"Promessa do Flamengo com multa de R$ 325 milh\u00f5es foi destaque em 2025; veja n\u00fameros","robots":{"index":"index","follow":"follow","max-snippet":"max-snippet:-1","max-image-preview":"max-image-preview:large","max-video-preview":"max-video-preview:-1"},"canonical":"https:\/\/www.gaveanews.com\/index.php\/2025\/12\/24\/promessa-do-flamengo-com-multa-de-r-325-milhoes-foi-destaque-em-2025-veja-numeros\/","og_locale":"pt_BR","og_type":"article","og_title":"Promessa do Flamengo com multa de R$ 325 milh\u00f5es foi destaque em 2025; veja n\u00fameros","og_description":"Ryan Roberto construiu sua rela\u00e7\u00e3o com o Flamengo a partir de um processo recente, por\u00e9m intenso. O atacante chegou ao clube em 2023, ap\u00f3s passagem de tr\u00eas anos pelo Athletico, e, desde ent\u00e3o, tornou-se presen\u00e7a constante nas principais competi\u00e7\u00f5es de base. Atualmente com 17 anos, ele integra o planejamento rubro-negro para as categorias superiores, afinal [&hellip;]","og_url":"https:\/\/www.gaveanews.com\/index.php\/2025\/12\/24\/promessa-do-flamengo-com-multa-de-r-325-milhoes-foi-destaque-em-2025-veja-numeros\/","og_site_name":"G\u00e1vea News","article_publisher":"https:\/\/facebook.com\/gaveaNews\/","article_published_time":"2025-12-24T19:00:00+00:00","og_image":[{"width":700,"height":463,"url":"https:\/\/www.gaveanews.com\/wp-content\/uploads\/Ninho-do-Urubu-1.webp","type":"image\/jpeg"}],"author":"Paula Silva","twitter_card":"summary_large_image","twitter_misc":{"Escrito por":"Paula Silva","Est. tempo de leitura":"3 minutos"},"schema":{"@context":"https:\/\/schema.org","@graph":[{"@type":"NewsArticle","@id":"https:\/\/www.gaveanews.com\/index.php\/2025\/12\/24\/promessa-do-flamengo-com-multa-de-r-325-milhoes-foi-destaque-em-2025-veja-numeros\/#article","isPartOf":{"@id":"https:\/\/www.gaveanews.com\/index.php\/2025\/12\/24\/promessa-do-flamengo-com-multa-de-r-325-milhoes-foi-destaque-em-2025-veja-numeros\/"},"author":{"name":"Paula Silva","@id":"https:\/\/www.gaveanews.com\/#\/schema\/person\/daf63eec72e1164eb13dc35096c2b8da"},"headline":"Promessa do Flamengo com multa de R$ 325 milh\u00f5es foi destaque em 2025; veja n\u00fameros","datePublished":"2025-12-24T19:00:00+00:00","mainEntityOfPage":{"@id":"https:\/\/www.gaveanews.com\/index.php\/2025\/12\/24\/promessa-do-flamengo-com-multa-de-r-325-milhoes-foi-destaque-em-2025-veja-numeros\/"},"wordCount":495,"commentCount":0,"image":{"@id":"https:\/\/www.gaveanews.com\/index.php\/2025\/12\/24\/promessa-do-flamengo-com-multa-de-r-325-milhoes-foi-destaque-em-2025-veja-numeros\/#primaryimage"},"thumbnailUrl":"https:\/\/www.gaveanews.com\/wp-content\/uploads\/Ninho-do-Urubu-1.webp","articleSection":["Flamengo"],"inLanguage":"pt-BR","potentialAction":[{"@type":"CommentAction","name":"Comment","target":["https:\/\/www.gaveanews.com\/index.php\/2025\/12\/24\/promessa-do-flamengo-com-multa-de-r-325-milhoes-foi-destaque-em-2025-veja-numeros\/#respond"]}],"copyrightYear":"2025","copyrightHolder":{"@id":"https:\/\/www.gaveanews.com\/#organization"}},{"@type":"WebPage","@id":"https:\/\/www.gaveanews.com\/index.php\/2025\/12\/24\/promessa-do-flamengo-com-multa-de-r-325-milhoes-foi-destaque-em-2025-veja-numeros\/","url":"https:\/\/www.gaveanews.com\/index.php\/2025\/12\/24\/promessa-do-flamengo-com-multa-de-r-325-milhoes-foi-destaque-em-2025-veja-numeros\/","name":"Promessa do Flamengo com multa de R$ 325 milh\u00f5es foi destaque em 2025; veja n\u00fameros","isPartOf":{"@id":"https:\/\/www.gaveanews.com\/#website"},"primaryImageOfPage":{"@id":"https:\/\/www.gaveanews.com\/index.php\/2025\/12\/24\/promessa-do-flamengo-com-multa-de-r-325-milhoes-foi-destaque-em-2025-veja-numeros\/#primaryimage"},"image":{"@id":"https:\/\/www.gaveanews.com\/index.php\/2025\/12\/24\/promessa-do-flamengo-com-multa-de-r-325-milhoes-foi-destaque-em-2025-veja-numeros\/#primaryimage"},"thumbnailUrl":"https:\/\/www.gaveanews.com\/wp-content\/uploads\/Ninho-do-Urubu-1.webp","datePublished":"2025-12-24T19:00:00+00:00","author":{"@id":"https:\/\/www.gaveanews.com\/#\/schema\/person\/daf63eec72e1164eb13dc35096c2b8da"},"breadcrumb":{"@id":"https:\/\/www.gaveanews.com\/index.php\/2025\/12\/24\/promessa-do-flamengo-com-multa-de-r-325-milhoes-foi-destaque-em-2025-veja-numeros\/#breadcrumb"},"inLanguage":"pt-BR","potentialAction":[{"@type":"ReadAction","target":["https:\/\/www.gaveanews.com\/index.php\/2025\/12\/24\/promessa-do-flamengo-com-multa-de-r-325-milhoes-foi-destaque-em-2025-veja-numeros\/"]}]},{"@type":"ImageObject","inLanguage":"pt-BR","@id":"https:\/\/www.gaveanews.com\/index.php\/2025\/12\/24\/promessa-do-flamengo-com-multa-de-r-325-milhoes-foi-destaque-em-2025-veja-numeros\/#primaryimage","url":"https:\/\/www.gaveanews.com\/wp-content\/uploads\/Ninho-do-Urubu-1.webp","contentUrl":"https:\/\/www.gaveanews.com\/wp-content\/uploads\/Ninho-do-Urubu-1.webp","width":700,"height":463,"caption":"Ninho do Urubu (Foto: Reprodu\u00e7\u00e3o)"},{"@type":"BreadcrumbList","@id":"https:\/\/www.gaveanews.com\/index.php\/2025\/12\/24\/promessa-do-flamengo-com-multa-de-r-325-milhoes-foi-destaque-em-2025-veja-numeros\/#breadcrumb","itemListElement":[{"@type":"ListItem","position":1,"name":"Home","item":"https:\/\/www.gaveanews.com\/"},{"@type":"ListItem","position":2,"name":"Promessa do Flamengo com multa de R$ 325 milh\u00f5es foi destaque em 2025; veja n\u00fameros"}]},{"@type":"WebSite","@id":"https:\/\/www.gaveanews.com\/#website","url":"https:\/\/www.gaveanews.com\/","name":"G\u00e1vea News","description":"Veja todas as not\u00edcias sobre o Flamengo: Contrata\u00e7\u00f5es, categorias de base, resultados das partidas, tabela de classifica\u00e7\u00e3o, pr\u00f3ximos jogos!","potentialAction":[{"@type":"SearchAction","target":{"@type":"EntryPoint","urlTemplate":"https:\/\/www.gaveanews.com\/?s={search_term_string}"},"query-input":{"@type":"PropertyValueSpecification","valueRequired":true,"valueName":"search_term_string"}}],"inLanguage":"pt-BR"},{"@type":"Person","@id":"https:\/\/www.gaveanews.com\/#\/schema\/person\/daf63eec72e1164eb13dc35096c2b8da","name":"Paula Silva","image":{"@type":"ImageObject","inLanguage":"pt-BR","@id":"https:\/\/www.gaveanews.com\/#\/schema\/person\/image\/","url":"https:\/\/secure.gravatar.com\/avatar\/eda381c845527cc5d64c13b901833cda29d97500ba040d3e6461f76f51d163bb?s=96&d=mm&r=g","contentUrl":"https:\/\/secure.gravatar.com\/avatar\/eda381c845527cc5d64c13b901833cda29d97500ba040d3e6461f76f51d163bb?s=96&d=mm&r=g","caption":"Paula Silva"}}]}},"_links":{"self":[{"href":"https:\/\/www.gaveanews.com\/index.php\/wp-json\/wp\/v2\/posts\/281896","targetHints":{"allow":["GET"]}}],"collection":[{"href":"https:\/\/www.gaveanews.com\/index.php\/wp-json\/wp\/v2\/posts"}],"about":[{"href":"https:\/\/www.gaveanews.com\/index.php\/wp-json\/wp\/v2\/types\/post"}],"author":[{"embeddable":true,"href":"https:\/\/www.gaveanews.com\/index.php\/wp-json\/wp\/v2\/users\/18"}],"replies":[{"embeddable":true,"href":"https:\/\/www.gaveanews.com\/index.php\/wp-json\/wp\/v2\/comments?post=281896"}],"version-history":[{"count":1,"href":"https:\/\/www.gaveanews.com\/index.php\/wp-json\/wp\/v2\/posts\/281896\/revisions"}],"predecessor-version":[{"id":281898,"href":"https:\/\/www.gaveanews.com\/index.php\/wp-json\/wp\/v2\/posts\/281896\/revisions\/281898"}],"wp:featuredmedia":[{"embeddable":true,"href":"https:\/\/www.gaveanews.com\/index.php\/wp-json\/wp\/v2\/media\/121377"}],"wp:attachment":[{"href":"https:\/\/www.gaveanews.com\/index.php\/wp-json\/wp\/v2\/media?parent=281896"}],"wp:term":[{"taxonomy":"category","embeddable":true,"href":"https:\/\/www.gaveanews.com\/index.php\/wp-json\/wp\/v2\/categories?post=281896"},{"taxonomy":"post_tag","embeddable":true,"href":"https:\/\/www.gaveanews.com\/index.php\/wp-json\/wp\/v2\/tags?post=281896"}],"curies":[{"name":"wp","href":"https:\/\/api.w.org\/{rel}","templated":true}]}}