{"id":28196,"date":"2019-09-20T17:28:52","date_gmt":"2019-09-20T20:28:52","guid":{"rendered":"http:\/\/www.gaveanews.com\/?p=28196"},"modified":"2019-09-20T17:53:13","modified_gmt":"2019-09-20T20:53:13","slug":"video-apos-convocacao-do-brasil-comentarista-detona-a-cbf-e-dispara-vao-fazer-de-tudo-para-o-flamengo-nao-ser-campeao-brasileiro","status":"publish","type":"post","link":"https:\/\/www.gaveanews.com\/index.php\/2019\/09\/20\/video-apos-convocacao-do-brasil-comentarista-detona-a-cbf-e-dispara-vao-fazer-de-tudo-para-o-flamengo-nao-ser-campeao-brasileiro\/","title":{"rendered":"V\u00eddeo: Ap\u00f3s convoca\u00e7\u00e3o do Brasil, comentarista detona a CBF e dispara: &#8220;V\u00e3o fazer de tudo para o Flamengo n\u00e3o ser campe\u00e3o brasileiro&#8221;"},"content":{"rendered":"\n<p>A lista dos convocados para os amistosos da sele\u00e7\u00e3o brasileira contra Senegal e Nig\u00e9ria, nos dias 10 e 13 de outubro, em Singapura, trar\u00e1 baixas ao Flamengo. <\/p>\n\n\n\n<p>Selecionados por Tite nesta sexta-feira, Gabigol e Rodrigo Caio ser\u00e3o desfalques para a equipe rubro-negra em duas rodadas do Brasileir\u00e3o. Durante o programa &#8220;Donos da Bola&#8221;, da Band, o comentarista Ronaldo Castro detonou a CBF e ainda falou sobre persegui\u00e7\u00e3o aos clubes cariocas.<\/p>\n\n\n\n<p>&#8220;Altamente visando prejudicar o Flamengo&#8221;, iniciou Castro, lembrando tamb\u00e9m que a equipe pode perder ainda Arrascaeta, Piris da Motta e Berr\u00edo, caso sejam convocados para as sele\u00e7\u00f5es do Uruguai, Paraguai e Col\u00f4mbia, respectivamente. Na sequ\u00eancia, ele emendou:<\/p>\n\n\n\n<p>&#8220;Convocaram dois jogadores do Flamengo, o Rodrigo Caio e o Gabigol. Por que que n\u00e3o convoca o Dudu do Palmeiras? Nunca foi convocado. N\u00e3o sei se ele n\u00e3o se d\u00e1 com o Tite\u2026 Pra esses dois amistosos que n\u00e3o valem absolutamente nada, contra Nig\u00e9ria e Senegal. Isso a\u00ed \u00e9 brincadeira&#8221;.<\/p>\n\n\n\n<p>&#8220;Eu t\u00f4 dizendo aqui, que caminha para primeiro, quatro paulistas se classificarem para a Libertadores. E segundo, v\u00e3o fazer de tudo para o Flamengo n\u00e3o ser campe\u00e3o brasileiro\u201d, disse Ronaldo.<\/p>\n\n\n\n<p>Quando questionado sobre os motivos dessa afirma\u00e7\u00e3o, ele sinalizou uma poss\u00edvel persegui\u00e7\u00e3o aos times do Rio.<\/p>\n\n\n\n<p>&#8220;Persegui\u00e7\u00e3o contra o futebol carioca. Voc\u00ea pode reparar. O Fluminense foi altamente prejudicado pela arbitragem. O Botafogo foi garfado contra o Palmeiras. O Palmeiras ganhou de 1 a 0, gol de p\u00eanalti\u2026 Foi garfado o Botafogo! O Vasco j\u00e1 foi in\u00fameras vezes. Ent\u00e3o voc\u00ea v\u00ea, qual foi clube paulista foi prejudicado pela arbitragem?&#8221; questionou.<\/p>\n\n\n\n<p><strong>Veja o v\u00eddeo:<\/strong><\/p>\n\n\n\n<figure class=\"wp-block-video\"><video controls src=\"https:\/\/video.twimg.com\/ext_tw_video\/1175086007584219137\/pu\/vid\/632x356\/AISr0uSXP1fkOZ5W.mp4?tag=10\"><\/video><\/figure>\n\n\n\n<p>Rodrigo Caio e Gabigol perderam duas partidas do Campeonato Brasileiro, uma no dia 10, contra o Atl\u00e9tico-MG, no Maracan\u00e3, e a outra no dia 13, contra o Athletico-PR, na Arena da Baixada. No entanto, h\u00e1 um receio de que ocorra algum imprevisto por conta da longa viagem de volta para o Brasil, j\u00e1 que os amistosos da sele\u00e7\u00e3o ser\u00e3o em Cingapura.<\/p>\n\n\n\n<p>Retirado de: O Dia<\/p>\n\n\n","protected":false},"excerpt":{"rendered":"<p>A lista dos convocados para os amistosos da sele\u00e7\u00e3o brasileira contra Senegal e Nig\u00e9ria, nos dias 10 e 13 de outubro, em Singapura, trar\u00e1 baixas ao Flamengo. Selecionados por Tite nesta sexta-feira, Gabigol e Rodrigo Caio ser\u00e3o desfalques para a equipe rubro-negra em duas rodadas do Brasileir\u00e3o. Durante o programa &#8220;Donos da Bola&#8221;, da Band, [&hellip;]<\/p>\n","protected":false},"author":1,"featured_media":16271,"comment_status":"open","ping_status":"open","sticky":false,"template":"","format":"standard","meta":{"footnotes":""},"categories":[1],"tags":[],"class_list":["post-28196","post","type-post","status-publish","format-standard","has-post-thumbnail","hentry","category-flamengo"],"yoast_head":"<!-- This site is optimized with the Yoast SEO Premium plugin v24.2 (Yoast SEO v26.9) - https:\/\/yoast.com\/product\/yoast-seo-premium-wordpress\/ -->\n<title>V\u00eddeo: Ap\u00f3s convoca\u00e7\u00e3o do Brasil, comentarista detona a CBF e dispara: &quot;V\u00e3o fazer de tudo para o Flamengo n\u00e3o ser campe\u00e3o brasileiro&quot;<\/title>\n<meta name=\"robots\" content=\"index, follow, max-snippet:-1, max-image-preview:large, max-video-preview:-1\" \/>\n<link rel=\"canonical\" href=\"https:\/\/www.gaveanews.com\/index.php\/2019\/09\/20\/video-apos-convocacao-do-brasil-comentarista-detona-a-cbf-e-dispara-vao-fazer-de-tudo-para-o-flamengo-nao-ser-campeao-brasileiro\/\" \/>\n<meta property=\"og:locale\" content=\"pt_BR\" \/>\n<meta property=\"og:type\" content=\"article\" \/>\n<meta property=\"og:title\" content=\"V\u00eddeo: Ap\u00f3s convoca\u00e7\u00e3o do Brasil, comentarista detona a CBF e dispara: &quot;V\u00e3o fazer de tudo para o Flamengo n\u00e3o ser campe\u00e3o brasileiro&quot;\" \/>\n<meta property=\"og:description\" content=\"A lista dos convocados para os amistosos da sele\u00e7\u00e3o brasileira contra Senegal e Nig\u00e9ria, nos dias 10 e 13 de outubro, em Singapura, trar\u00e1 baixas ao Flamengo. Selecionados por Tite nesta sexta-feira, Gabigol e Rodrigo Caio ser\u00e3o desfalques para a equipe rubro-negra em duas rodadas do Brasileir\u00e3o. Durante o programa &#8220;Donos da Bola&#8221;, da Band, [&hellip;]\" \/>\n<meta property=\"og:url\" content=\"https:\/\/www.gaveanews.com\/index.php\/2019\/09\/20\/video-apos-convocacao-do-brasil-comentarista-detona-a-cbf-e-dispara-vao-fazer-de-tudo-para-o-flamengo-nao-ser-campeao-brasileiro\/\" \/>\n<meta property=\"og:site_name\" content=\"G\u00e1vea News\" \/>\n<meta property=\"article:publisher\" content=\"https:\/\/facebook.com\/gaveaNews\/\" \/>\n<meta property=\"article:published_time\" content=\"2019-09-20T20:28:52+00:00\" \/>\n<meta property=\"article:modified_time\" content=\"2019-09-20T20:53:13+00:00\" \/>\n<meta property=\"og:image\" content=\"https:\/\/www.gaveanews.com\/wp-content\/uploads\/2019\/02\/Sede-da-CBF-no-Rio-de-Janeiro.webp\" \/>\n\t<meta property=\"og:image:width\" content=\"690\" \/>\n\t<meta property=\"og:image:height\" content=\"518\" \/>\n\t<meta property=\"og:image:type\" content=\"image\/jpeg\" \/>\n<meta name=\"author\" content=\"Equipe G\u00e1vea News\" \/>\n<meta name=\"twitter:card\" content=\"summary_large_image\" \/>\n<meta name=\"twitter:label1\" content=\"Escrito por\" \/>\n\t<meta name=\"twitter:data1\" content=\"Equipe G\u00e1vea News\" \/>\n\t<meta name=\"twitter:label2\" content=\"Est. tempo de leitura\" \/>\n\t<meta name=\"twitter:data2\" content=\"2 minutos\" \/>\n<script type=\"application\/ld+json\" class=\"yoast-schema-graph\">{\"@context\":\"https:\/\/schema.org\",\"@graph\":[{\"@type\":\"NewsArticle\",\"@id\":\"https:\/\/www.gaveanews.com\/index.php\/2019\/09\/20\/video-apos-convocacao-do-brasil-comentarista-detona-a-cbf-e-dispara-vao-fazer-de-tudo-para-o-flamengo-nao-ser-campeao-brasileiro\/#article\",\"isPartOf\":{\"@id\":\"https:\/\/www.gaveanews.com\/index.php\/2019\/09\/20\/video-apos-convocacao-do-brasil-comentarista-detona-a-cbf-e-dispara-vao-fazer-de-tudo-para-o-flamengo-nao-ser-campeao-brasileiro\/\"},\"author\":{\"name\":\"Equipe G\u00e1vea News\",\"@id\":\"https:\/\/www.gaveanews.com\/#\/schema\/person\/2ec14f73fb96be2caf28f91afb14749d\"},\"headline\":\"V\u00eddeo: Ap\u00f3s convoca\u00e7\u00e3o do Brasil, comentarista detona a CBF e dispara: &#8220;V\u00e3o fazer de tudo para o Flamengo n\u00e3o ser campe\u00e3o brasileiro&#8221;\",\"datePublished\":\"2019-09-20T20:28:52+00:00\",\"dateModified\":\"2019-09-20T20:53:13+00:00\",\"mainEntityOfPage\":{\"@id\":\"https:\/\/www.gaveanews.com\/index.php\/2019\/09\/20\/video-apos-convocacao-do-brasil-comentarista-detona-a-cbf-e-dispara-vao-fazer-de-tudo-para-o-flamengo-nao-ser-campeao-brasileiro\/\"},\"wordCount\":375,\"commentCount\":0,\"image\":{\"@id\":\"https:\/\/www.gaveanews.com\/index.php\/2019\/09\/20\/video-apos-convocacao-do-brasil-comentarista-detona-a-cbf-e-dispara-vao-fazer-de-tudo-para-o-flamengo-nao-ser-campeao-brasileiro\/#primaryimage\"},\"thumbnailUrl\":\"https:\/\/www.gaveanews.com\/wp-content\/uploads\/2019\/02\/Sede-da-CBF-no-Rio-de-Janeiro.webp\",\"articleSection\":[\"Flamengo\"],\"inLanguage\":\"pt-BR\",\"potentialAction\":[{\"@type\":\"CommentAction\",\"name\":\"Comment\",\"target\":[\"https:\/\/www.gaveanews.com\/index.php\/2019\/09\/20\/video-apos-convocacao-do-brasil-comentarista-detona-a-cbf-e-dispara-vao-fazer-de-tudo-para-o-flamengo-nao-ser-campeao-brasileiro\/#respond\"]}],\"copyrightYear\":\"2019\",\"copyrightHolder\":{\"@id\":\"https:\/\/www.gaveanews.com\/#organization\"}},{\"@type\":\"WebPage\",\"@id\":\"https:\/\/www.gaveanews.com\/index.php\/2019\/09\/20\/video-apos-convocacao-do-brasil-comentarista-detona-a-cbf-e-dispara-vao-fazer-de-tudo-para-o-flamengo-nao-ser-campeao-brasileiro\/\",\"url\":\"https:\/\/www.gaveanews.com\/index.php\/2019\/09\/20\/video-apos-convocacao-do-brasil-comentarista-detona-a-cbf-e-dispara-vao-fazer-de-tudo-para-o-flamengo-nao-ser-campeao-brasileiro\/\",\"name\":\"V\u00eddeo: Ap\u00f3s convoca\u00e7\u00e3o do Brasil, comentarista detona a CBF e dispara: \\\"V\u00e3o fazer de tudo para o Flamengo n\u00e3o ser campe\u00e3o brasileiro\\\"\",\"isPartOf\":{\"@id\":\"https:\/\/www.gaveanews.com\/#website\"},\"primaryImageOfPage\":{\"@id\":\"https:\/\/www.gaveanews.com\/index.php\/2019\/09\/20\/video-apos-convocacao-do-brasil-comentarista-detona-a-cbf-e-dispara-vao-fazer-de-tudo-para-o-flamengo-nao-ser-campeao-brasileiro\/#primaryimage\"},\"image\":{\"@id\":\"https:\/\/www.gaveanews.com\/index.php\/2019\/09\/20\/video-apos-convocacao-do-brasil-comentarista-detona-a-cbf-e-dispara-vao-fazer-de-tudo-para-o-flamengo-nao-ser-campeao-brasileiro\/#primaryimage\"},\"thumbnailUrl\":\"https:\/\/www.gaveanews.com\/wp-content\/uploads\/2019\/02\/Sede-da-CBF-no-Rio-de-Janeiro.webp\",\"datePublished\":\"2019-09-20T20:28:52+00:00\",\"dateModified\":\"2019-09-20T20:53:13+00:00\",\"author\":{\"@id\":\"https:\/\/www.gaveanews.com\/#\/schema\/person\/2ec14f73fb96be2caf28f91afb14749d\"},\"breadcrumb\":{\"@id\":\"https:\/\/www.gaveanews.com\/index.php\/2019\/09\/20\/video-apos-convocacao-do-brasil-comentarista-detona-a-cbf-e-dispara-vao-fazer-de-tudo-para-o-flamengo-nao-ser-campeao-brasileiro\/#breadcrumb\"},\"inLanguage\":\"pt-BR\",\"potentialAction\":[{\"@type\":\"ReadAction\",\"target\":[\"https:\/\/www.gaveanews.com\/index.php\/2019\/09\/20\/video-apos-convocacao-do-brasil-comentarista-detona-a-cbf-e-dispara-vao-fazer-de-tudo-para-o-flamengo-nao-ser-campeao-brasileiro\/\"]}]},{\"@type\":\"ImageObject\",\"inLanguage\":\"pt-BR\",\"@id\":\"https:\/\/www.gaveanews.com\/index.php\/2019\/09\/20\/video-apos-convocacao-do-brasil-comentarista-detona-a-cbf-e-dispara-vao-fazer-de-tudo-para-o-flamengo-nao-ser-campeao-brasileiro\/#primaryimage\",\"url\":\"https:\/\/www.gaveanews.com\/wp-content\/uploads\/2019\/02\/Sede-da-CBF-no-Rio-de-Janeiro.webp\",\"contentUrl\":\"https:\/\/www.gaveanews.com\/wp-content\/uploads\/2019\/02\/Sede-da-CBF-no-Rio-de-Janeiro.webp\",\"width\":690,\"height\":518,\"caption\":\"Sede da CBF no Rio de Janeiro (Foto: Cah\u00ea Mota\/Globo Esporte)\"},{\"@type\":\"BreadcrumbList\",\"@id\":\"https:\/\/www.gaveanews.com\/index.php\/2019\/09\/20\/video-apos-convocacao-do-brasil-comentarista-detona-a-cbf-e-dispara-vao-fazer-de-tudo-para-o-flamengo-nao-ser-campeao-brasileiro\/#breadcrumb\",\"itemListElement\":[{\"@type\":\"ListItem\",\"position\":1,\"name\":\"Home\",\"item\":\"https:\/\/www.gaveanews.com\/\"},{\"@type\":\"ListItem\",\"position\":2,\"name\":\"V\u00eddeo: Ap\u00f3s convoca\u00e7\u00e3o do Brasil, comentarista detona a CBF e dispara: &#8220;V\u00e3o fazer de tudo para o Flamengo n\u00e3o ser campe\u00e3o brasileiro&#8221;\"}]},{\"@type\":\"WebSite\",\"@id\":\"https:\/\/www.gaveanews.com\/#website\",\"url\":\"https:\/\/www.gaveanews.com\/\",\"name\":\"G\u00e1vea News\",\"description\":\"Veja todas as not\u00edcias sobre o Flamengo: Contrata\u00e7\u00f5es, categorias de base, resultados das partidas, tabela de classifica\u00e7\u00e3o, pr\u00f3ximos jogos!\",\"potentialAction\":[{\"@type\":\"SearchAction\",\"target\":{\"@type\":\"EntryPoint\",\"urlTemplate\":\"https:\/\/www.gaveanews.com\/?s={search_term_string}\"},\"query-input\":{\"@type\":\"PropertyValueSpecification\",\"valueRequired\":true,\"valueName\":\"search_term_string\"}}],\"inLanguage\":\"pt-BR\"},{\"@type\":\"Person\",\"@id\":\"https:\/\/www.gaveanews.com\/#\/schema\/person\/2ec14f73fb96be2caf28f91afb14749d\",\"name\":\"Equipe G\u00e1vea News\",\"image\":{\"@type\":\"ImageObject\",\"inLanguage\":\"pt-BR\",\"@id\":\"https:\/\/www.gaveanews.com\/#\/schema\/person\/image\/\",\"url\":\"https:\/\/secure.gravatar.com\/avatar\/1e1956f1facbffd3f8fa53a326721950116b3b9dc9bd44939c01180fd4a745a9?s=96&d=mm&r=g\",\"contentUrl\":\"https:\/\/secure.gravatar.com\/avatar\/1e1956f1facbffd3f8fa53a326721950116b3b9dc9bd44939c01180fd4a745a9?s=96&d=mm&r=g\",\"caption\":\"Equipe G\u00e1vea News\"}}]}<\/script>\n<!-- \/ Yoast SEO Premium plugin. -->","yoast_head_json":{"title":"V\u00eddeo: Ap\u00f3s convoca\u00e7\u00e3o do Brasil, comentarista detona a CBF e dispara: \"V\u00e3o fazer de tudo para o Flamengo n\u00e3o ser campe\u00e3o brasileiro\"","robots":{"index":"index","follow":"follow","max-snippet":"max-snippet:-1","max-image-preview":"max-image-preview:large","max-video-preview":"max-video-preview:-1"},"canonical":"https:\/\/www.gaveanews.com\/index.php\/2019\/09\/20\/video-apos-convocacao-do-brasil-comentarista-detona-a-cbf-e-dispara-vao-fazer-de-tudo-para-o-flamengo-nao-ser-campeao-brasileiro\/","og_locale":"pt_BR","og_type":"article","og_title":"V\u00eddeo: Ap\u00f3s convoca\u00e7\u00e3o do Brasil, comentarista detona a CBF e dispara: \"V\u00e3o fazer de tudo para o Flamengo n\u00e3o ser campe\u00e3o brasileiro\"","og_description":"A lista dos convocados para os amistosos da sele\u00e7\u00e3o brasileira contra Senegal e Nig\u00e9ria, nos dias 10 e 13 de outubro, em Singapura, trar\u00e1 baixas ao Flamengo. Selecionados por Tite nesta sexta-feira, Gabigol e Rodrigo Caio ser\u00e3o desfalques para a equipe rubro-negra em duas rodadas do Brasileir\u00e3o. Durante o programa &#8220;Donos da Bola&#8221;, da Band, [&hellip;]","og_url":"https:\/\/www.gaveanews.com\/index.php\/2019\/09\/20\/video-apos-convocacao-do-brasil-comentarista-detona-a-cbf-e-dispara-vao-fazer-de-tudo-para-o-flamengo-nao-ser-campeao-brasileiro\/","og_site_name":"G\u00e1vea News","article_publisher":"https:\/\/facebook.com\/gaveaNews\/","article_published_time":"2019-09-20T20:28:52+00:00","article_modified_time":"2019-09-20T20:53:13+00:00","og_image":[{"width":690,"height":518,"url":"https:\/\/www.gaveanews.com\/wp-content\/uploads\/2019\/02\/Sede-da-CBF-no-Rio-de-Janeiro.webp","type":"image\/jpeg"}],"author":"Equipe G\u00e1vea News","twitter_card":"summary_large_image","twitter_misc":{"Escrito por":"Equipe G\u00e1vea News","Est. tempo de leitura":"2 minutos"},"schema":{"@context":"https:\/\/schema.org","@graph":[{"@type":"NewsArticle","@id":"https:\/\/www.gaveanews.com\/index.php\/2019\/09\/20\/video-apos-convocacao-do-brasil-comentarista-detona-a-cbf-e-dispara-vao-fazer-de-tudo-para-o-flamengo-nao-ser-campeao-brasileiro\/#article","isPartOf":{"@id":"https:\/\/www.gaveanews.com\/index.php\/2019\/09\/20\/video-apos-convocacao-do-brasil-comentarista-detona-a-cbf-e-dispara-vao-fazer-de-tudo-para-o-flamengo-nao-ser-campeao-brasileiro\/"},"author":{"name":"Equipe G\u00e1vea News","@id":"https:\/\/www.gaveanews.com\/#\/schema\/person\/2ec14f73fb96be2caf28f91afb14749d"},"headline":"V\u00eddeo: Ap\u00f3s convoca\u00e7\u00e3o do Brasil, comentarista detona a CBF e dispara: &#8220;V\u00e3o fazer de tudo para o Flamengo n\u00e3o ser campe\u00e3o brasileiro&#8221;","datePublished":"2019-09-20T20:28:52+00:00","dateModified":"2019-09-20T20:53:13+00:00","mainEntityOfPage":{"@id":"https:\/\/www.gaveanews.com\/index.php\/2019\/09\/20\/video-apos-convocacao-do-brasil-comentarista-detona-a-cbf-e-dispara-vao-fazer-de-tudo-para-o-flamengo-nao-ser-campeao-brasileiro\/"},"wordCount":375,"commentCount":0,"image":{"@id":"https:\/\/www.gaveanews.com\/index.php\/2019\/09\/20\/video-apos-convocacao-do-brasil-comentarista-detona-a-cbf-e-dispara-vao-fazer-de-tudo-para-o-flamengo-nao-ser-campeao-brasileiro\/#primaryimage"},"thumbnailUrl":"https:\/\/www.gaveanews.com\/wp-content\/uploads\/2019\/02\/Sede-da-CBF-no-Rio-de-Janeiro.webp","articleSection":["Flamengo"],"inLanguage":"pt-BR","potentialAction":[{"@type":"CommentAction","name":"Comment","target":["https:\/\/www.gaveanews.com\/index.php\/2019\/09\/20\/video-apos-convocacao-do-brasil-comentarista-detona-a-cbf-e-dispara-vao-fazer-de-tudo-para-o-flamengo-nao-ser-campeao-brasileiro\/#respond"]}],"copyrightYear":"2019","copyrightHolder":{"@id":"https:\/\/www.gaveanews.com\/#organization"}},{"@type":"WebPage","@id":"https:\/\/www.gaveanews.com\/index.php\/2019\/09\/20\/video-apos-convocacao-do-brasil-comentarista-detona-a-cbf-e-dispara-vao-fazer-de-tudo-para-o-flamengo-nao-ser-campeao-brasileiro\/","url":"https:\/\/www.gaveanews.com\/index.php\/2019\/09\/20\/video-apos-convocacao-do-brasil-comentarista-detona-a-cbf-e-dispara-vao-fazer-de-tudo-para-o-flamengo-nao-ser-campeao-brasileiro\/","name":"V\u00eddeo: Ap\u00f3s convoca\u00e7\u00e3o do Brasil, comentarista detona a CBF e dispara: \"V\u00e3o fazer de tudo para o Flamengo n\u00e3o ser campe\u00e3o brasileiro\"","isPartOf":{"@id":"https:\/\/www.gaveanews.com\/#website"},"primaryImageOfPage":{"@id":"https:\/\/www.gaveanews.com\/index.php\/2019\/09\/20\/video-apos-convocacao-do-brasil-comentarista-detona-a-cbf-e-dispara-vao-fazer-de-tudo-para-o-flamengo-nao-ser-campeao-brasileiro\/#primaryimage"},"image":{"@id":"https:\/\/www.gaveanews.com\/index.php\/2019\/09\/20\/video-apos-convocacao-do-brasil-comentarista-detona-a-cbf-e-dispara-vao-fazer-de-tudo-para-o-flamengo-nao-ser-campeao-brasileiro\/#primaryimage"},"thumbnailUrl":"https:\/\/www.gaveanews.com\/wp-content\/uploads\/2019\/02\/Sede-da-CBF-no-Rio-de-Janeiro.webp","datePublished":"2019-09-20T20:28:52+00:00","dateModified":"2019-09-20T20:53:13+00:00","author":{"@id":"https:\/\/www.gaveanews.com\/#\/schema\/person\/2ec14f73fb96be2caf28f91afb14749d"},"breadcrumb":{"@id":"https:\/\/www.gaveanews.com\/index.php\/2019\/09\/20\/video-apos-convocacao-do-brasil-comentarista-detona-a-cbf-e-dispara-vao-fazer-de-tudo-para-o-flamengo-nao-ser-campeao-brasileiro\/#breadcrumb"},"inLanguage":"pt-BR","potentialAction":[{"@type":"ReadAction","target":["https:\/\/www.gaveanews.com\/index.php\/2019\/09\/20\/video-apos-convocacao-do-brasil-comentarista-detona-a-cbf-e-dispara-vao-fazer-de-tudo-para-o-flamengo-nao-ser-campeao-brasileiro\/"]}]},{"@type":"ImageObject","inLanguage":"pt-BR","@id":"https:\/\/www.gaveanews.com\/index.php\/2019\/09\/20\/video-apos-convocacao-do-brasil-comentarista-detona-a-cbf-e-dispara-vao-fazer-de-tudo-para-o-flamengo-nao-ser-campeao-brasileiro\/#primaryimage","url":"https:\/\/www.gaveanews.com\/wp-content\/uploads\/2019\/02\/Sede-da-CBF-no-Rio-de-Janeiro.webp","contentUrl":"https:\/\/www.gaveanews.com\/wp-content\/uploads\/2019\/02\/Sede-da-CBF-no-Rio-de-Janeiro.webp","width":690,"height":518,"caption":"Sede da CBF no Rio de Janeiro (Foto: Cah\u00ea Mota\/Globo Esporte)"},{"@type":"BreadcrumbList","@id":"https:\/\/www.gaveanews.com\/index.php\/2019\/09\/20\/video-apos-convocacao-do-brasil-comentarista-detona-a-cbf-e-dispara-vao-fazer-de-tudo-para-o-flamengo-nao-ser-campeao-brasileiro\/#breadcrumb","itemListElement":[{"@type":"ListItem","position":1,"name":"Home","item":"https:\/\/www.gaveanews.com\/"},{"@type":"ListItem","position":2,"name":"V\u00eddeo: Ap\u00f3s convoca\u00e7\u00e3o do Brasil, comentarista detona a CBF e dispara: &#8220;V\u00e3o fazer de tudo para o Flamengo n\u00e3o ser campe\u00e3o brasileiro&#8221;"}]},{"@type":"WebSite","@id":"https:\/\/www.gaveanews.com\/#website","url":"https:\/\/www.gaveanews.com\/","name":"G\u00e1vea News","description":"Veja todas as not\u00edcias sobre o Flamengo: Contrata\u00e7\u00f5es, categorias de base, resultados das partidas, tabela de classifica\u00e7\u00e3o, pr\u00f3ximos jogos!","potentialAction":[{"@type":"SearchAction","target":{"@type":"EntryPoint","urlTemplate":"https:\/\/www.gaveanews.com\/?s={search_term_string}"},"query-input":{"@type":"PropertyValueSpecification","valueRequired":true,"valueName":"search_term_string"}}],"inLanguage":"pt-BR"},{"@type":"Person","@id":"https:\/\/www.gaveanews.com\/#\/schema\/person\/2ec14f73fb96be2caf28f91afb14749d","name":"Equipe G\u00e1vea News","image":{"@type":"ImageObject","inLanguage":"pt-BR","@id":"https:\/\/www.gaveanews.com\/#\/schema\/person\/image\/","url":"https:\/\/secure.gravatar.com\/avatar\/1e1956f1facbffd3f8fa53a326721950116b3b9dc9bd44939c01180fd4a745a9?s=96&d=mm&r=g","contentUrl":"https:\/\/secure.gravatar.com\/avatar\/1e1956f1facbffd3f8fa53a326721950116b3b9dc9bd44939c01180fd4a745a9?s=96&d=mm&r=g","caption":"Equipe G\u00e1vea News"}}]}},"_links":{"self":[{"href":"https:\/\/www.gaveanews.com\/index.php\/wp-json\/wp\/v2\/posts\/28196","targetHints":{"allow":["GET"]}}],"collection":[{"href":"https:\/\/www.gaveanews.com\/index.php\/wp-json\/wp\/v2\/posts"}],"about":[{"href":"https:\/\/www.gaveanews.com\/index.php\/wp-json\/wp\/v2\/types\/post"}],"author":[{"embeddable":true,"href":"https:\/\/www.gaveanews.com\/index.php\/wp-json\/wp\/v2\/users\/1"}],"replies":[{"embeddable":true,"href":"https:\/\/www.gaveanews.com\/index.php\/wp-json\/wp\/v2\/comments?post=28196"}],"version-history":[{"count":0,"href":"https:\/\/www.gaveanews.com\/index.php\/wp-json\/wp\/v2\/posts\/28196\/revisions"}],"wp:featuredmedia":[{"embeddable":true,"href":"https:\/\/www.gaveanews.com\/index.php\/wp-json\/wp\/v2\/media\/16271"}],"wp:attachment":[{"href":"https:\/\/www.gaveanews.com\/index.php\/wp-json\/wp\/v2\/media?parent=28196"}],"wp:term":[{"taxonomy":"category","embeddable":true,"href":"https:\/\/www.gaveanews.com\/index.php\/wp-json\/wp\/v2\/categories?post=28196"},{"taxonomy":"post_tag","embeddable":true,"href":"https:\/\/www.gaveanews.com\/index.php\/wp-json\/wp\/v2\/tags?post=28196"}],"curies":[{"name":"wp","href":"https:\/\/api.w.org\/{rel}","templated":true}]}}