{"id":28204,"date":"2019-09-20T19:47:26","date_gmt":"2019-09-20T22:47:26","guid":{"rendered":"http:\/\/www.gaveanews.com\/?p=28204"},"modified":"2019-09-20T19:47:27","modified_gmt":"2019-09-20T22:47:27","slug":"diretoria-do-flamengo-entende-que-convocacao-beneficiou-palmeiras-e-estuda-possibilidade-de-solicitar-alteracao-na-tabela-do-campeonato-brasileiro","status":"publish","type":"post","link":"https:\/\/www.gaveanews.com\/index.php\/2019\/09\/20\/diretoria-do-flamengo-entende-que-convocacao-beneficiou-palmeiras-e-estuda-possibilidade-de-solicitar-alteracao-na-tabela-do-campeonato-brasileiro\/","title":{"rendered":"Diretoria do Flamengo entende que convoca\u00e7\u00e3o beneficiou Palmeiras e estuda possibilidade de solicitar altera\u00e7\u00e3o na tabela do Campeonato Brasileiro"},"content":{"rendered":"\n<p>O Flamengo perdeu quatro jogadores para a Data Fifa nesta sexta-feira (20 de setembro), e dois em especial fizeram com que houvesse uma insatisfa\u00e7\u00e3o geral da diretoria rubro-negra. <\/p>\n\n\n\n<p>Trata-se de Rodrigo Caio e de Gabigol, convocados por Tite para a sele\u00e7\u00e3o brasileira. O clube alega que houve um beneficiamento ao Palmeiras, que n\u00e3o teve atletas convocados, e j\u00e1 estuda uma medida na CBF para n\u00e3o sair prejudicado.<\/p>\n\n\n\n<p>O presidente Rodolfo Landim e o vice de rela\u00e7\u00f5es de externas Luiz Eduardo Baptista \u2013 o BAP \u2013 est\u00e3o \u00e0 frente de uma tentativa de adiamento dos jogos em que os jogadores convocados n\u00e3o poder\u00e3o atuar. Nos bastidores, inclusive, j\u00e1 h\u00e1 um coro para que os dirigentes deixem evidente a insatisfa\u00e7\u00e3o com a situa\u00e7\u00e3o. A informa\u00e7\u00e3o foi divulgada primeiramente pelo jornalista Diogo Dantas, do jornal O Globo.<\/p>\n\n\n\n<p>\u201cDiretoria do Flamengo viu benef\u00edcio ao Palmeiras e vai comentar a convoca\u00e7\u00e3o de Tite ap\u00f3s o jogo com o Cruzeiro, amanh\u00e3 [\u2026] O Flamengo j\u00e1 avalia pedir o adiamento dos jogos em que ter\u00e1 convocados junto \u00e0 CBF. Landim e Bap est\u00e3o de frente para decidir o que fazer. H\u00e1 coro no clube por uma posi\u00e7\u00e3o que deixe clara a insatisfa\u00e7\u00e3o\u201c, informou o jornalista.<\/p>\n\n\n\n<p>Al\u00e9m de Rodrigo Caio e Gabigol, o Flamengo tamb\u00e9m contar\u00e1 com os desfalques de Reinier, convocado pela Sele\u00e7\u00e3o Brasileira Sub-17 para o Mundial da categoria, e Arrascaeta, que representar\u00e1 o Uruguai. <\/p>\n\n\n\n<figure class=\"wp-block-embed-twitter wp-block-embed is-type-rich is-provider-twitter\"><div class=\"wp-block-embed__wrapper\">\nhttps:\/\/twitter.com\/gavea_news\/status\/1175043743562502149\n<\/div><\/figure>\n\n\n\n<p>A lista pode se estender ainda mais, caso Berr\u00edo e Piris da Motta sejam chamados para as sele\u00e7\u00f5es colombiana e paraguaia, respectivamente. Ainda com todos \u00e0 disposi\u00e7\u00e3o, o Rubro-Negro enfrenta o Cruzeiro neste s\u00e1bado (21), pelo Brasileir\u00e3o.<\/p>\n\n\n\n<p>Retirado de: Coluna do Fla<\/p>\n\n\n","protected":false},"excerpt":{"rendered":"<p>O Flamengo perdeu quatro jogadores para a Data Fifa nesta sexta-feira (20 de setembro), e dois em especial fizeram com que houvesse uma insatisfa\u00e7\u00e3o geral da diretoria rubro-negra. Trata-se de Rodrigo Caio e de Gabigol, convocados por Tite para a sele\u00e7\u00e3o brasileira. O clube alega que houve um beneficiamento ao Palmeiras, que n\u00e3o teve atletas [&hellip;]<\/p>\n","protected":false},"author":1,"featured_media":15077,"comment_status":"open","ping_status":"open","sticky":false,"template":"","format":"standard","meta":{"footnotes":""},"categories":[1],"tags":[],"class_list":["post-28204","post","type-post","status-publish","format-standard","has-post-thumbnail","hentry","category-flamengo"],"yoast_head":"<!-- This site is optimized with the Yoast SEO Premium plugin v24.2 (Yoast SEO v26.9) - https:\/\/yoast.com\/product\/yoast-seo-premium-wordpress\/ -->\n<title>Diretoria do Flamengo entende que convoca\u00e7\u00e3o beneficiou Palmeiras e estuda possibilidade de solicitar altera\u00e7\u00e3o na tabela do Campeonato Brasileiro<\/title>\n<meta name=\"robots\" content=\"index, follow, max-snippet:-1, max-image-preview:large, max-video-preview:-1\" \/>\n<link rel=\"canonical\" href=\"https:\/\/www.gaveanews.com\/index.php\/2019\/09\/20\/diretoria-do-flamengo-entende-que-convocacao-beneficiou-palmeiras-e-estuda-possibilidade-de-solicitar-alteracao-na-tabela-do-campeonato-brasileiro\/\" \/>\n<meta property=\"og:locale\" content=\"pt_BR\" \/>\n<meta property=\"og:type\" content=\"article\" \/>\n<meta property=\"og:title\" content=\"Diretoria do Flamengo entende que convoca\u00e7\u00e3o beneficiou Palmeiras e estuda possibilidade de solicitar altera\u00e7\u00e3o na tabela do Campeonato Brasileiro\" \/>\n<meta property=\"og:description\" content=\"O Flamengo perdeu quatro jogadores para a Data Fifa nesta sexta-feira (20 de setembro), e dois em especial fizeram com que houvesse uma insatisfa\u00e7\u00e3o geral da diretoria rubro-negra. Trata-se de Rodrigo Caio e de Gabigol, convocados por Tite para a sele\u00e7\u00e3o brasileira. O clube alega que houve um beneficiamento ao Palmeiras, que n\u00e3o teve atletas [&hellip;]\" \/>\n<meta property=\"og:url\" content=\"https:\/\/www.gaveanews.com\/index.php\/2019\/09\/20\/diretoria-do-flamengo-entende-que-convocacao-beneficiou-palmeiras-e-estuda-possibilidade-de-solicitar-alteracao-na-tabela-do-campeonato-brasileiro\/\" \/>\n<meta property=\"og:site_name\" content=\"G\u00e1vea News\" \/>\n<meta property=\"article:publisher\" content=\"https:\/\/facebook.com\/gaveaNews\/\" \/>\n<meta property=\"article:published_time\" content=\"2019-09-20T22:47:26+00:00\" \/>\n<meta property=\"article:modified_time\" content=\"2019-09-20T22:47:27+00:00\" \/>\n<meta property=\"og:image\" content=\"https:\/\/www.gaveanews.com\/wp-content\/uploads\/2019\/03\/Rodolfo-Landim-durante-entrevista-coletiva-na-Gavea.webp\" \/>\n\t<meta property=\"og:image:width\" content=\"1\" \/>\n\t<meta property=\"og:image:height\" content=\"1\" \/>\n\t<meta property=\"og:image:type\" content=\"image\/jpeg\" \/>\n<meta name=\"author\" content=\"Equipe G\u00e1vea News\" \/>\n<meta name=\"twitter:card\" content=\"summary_large_image\" \/>\n<meta name=\"twitter:label1\" content=\"Escrito por\" \/>\n\t<meta name=\"twitter:data1\" content=\"Equipe G\u00e1vea News\" \/>\n\t<meta name=\"twitter:label2\" content=\"Est. tempo de leitura\" \/>\n\t<meta name=\"twitter:data2\" content=\"1 minuto\" \/>\n<script type=\"application\/ld+json\" class=\"yoast-schema-graph\">{\"@context\":\"https:\/\/schema.org\",\"@graph\":[{\"@type\":\"NewsArticle\",\"@id\":\"https:\/\/www.gaveanews.com\/index.php\/2019\/09\/20\/diretoria-do-flamengo-entende-que-convocacao-beneficiou-palmeiras-e-estuda-possibilidade-de-solicitar-alteracao-na-tabela-do-campeonato-brasileiro\/#article\",\"isPartOf\":{\"@id\":\"https:\/\/www.gaveanews.com\/index.php\/2019\/09\/20\/diretoria-do-flamengo-entende-que-convocacao-beneficiou-palmeiras-e-estuda-possibilidade-de-solicitar-alteracao-na-tabela-do-campeonato-brasileiro\/\"},\"author\":{\"name\":\"Equipe G\u00e1vea News\",\"@id\":\"https:\/\/www.gaveanews.com\/#\/schema\/person\/2ec14f73fb96be2caf28f91afb14749d\"},\"headline\":\"Diretoria do Flamengo entende que convoca\u00e7\u00e3o beneficiou Palmeiras e estuda possibilidade de solicitar altera\u00e7\u00e3o na tabela do Campeonato Brasileiro\",\"datePublished\":\"2019-09-20T22:47:26+00:00\",\"dateModified\":\"2019-09-20T22:47:27+00:00\",\"mainEntityOfPage\":{\"@id\":\"https:\/\/www.gaveanews.com\/index.php\/2019\/09\/20\/diretoria-do-flamengo-entende-que-convocacao-beneficiou-palmeiras-e-estuda-possibilidade-de-solicitar-alteracao-na-tabela-do-campeonato-brasileiro\/\"},\"wordCount\":315,\"commentCount\":0,\"image\":{\"@id\":\"https:\/\/www.gaveanews.com\/index.php\/2019\/09\/20\/diretoria-do-flamengo-entende-que-convocacao-beneficiou-palmeiras-e-estuda-possibilidade-de-solicitar-alteracao-na-tabela-do-campeonato-brasileiro\/#primaryimage\"},\"thumbnailUrl\":\"https:\/\/www.gaveanews.com\/wp-content\/uploads\/2019\/03\/Rodolfo-Landim-durante-entrevista-coletiva-na-Gavea.webp\",\"articleSection\":[\"Flamengo\"],\"inLanguage\":\"pt-BR\",\"potentialAction\":[{\"@type\":\"CommentAction\",\"name\":\"Comment\",\"target\":[\"https:\/\/www.gaveanews.com\/index.php\/2019\/09\/20\/diretoria-do-flamengo-entende-que-convocacao-beneficiou-palmeiras-e-estuda-possibilidade-de-solicitar-alteracao-na-tabela-do-campeonato-brasileiro\/#respond\"]}],\"copyrightYear\":\"2019\",\"copyrightHolder\":{\"@id\":\"https:\/\/www.gaveanews.com\/#organization\"}},{\"@type\":\"WebPage\",\"@id\":\"https:\/\/www.gaveanews.com\/index.php\/2019\/09\/20\/diretoria-do-flamengo-entende-que-convocacao-beneficiou-palmeiras-e-estuda-possibilidade-de-solicitar-alteracao-na-tabela-do-campeonato-brasileiro\/\",\"url\":\"https:\/\/www.gaveanews.com\/index.php\/2019\/09\/20\/diretoria-do-flamengo-entende-que-convocacao-beneficiou-palmeiras-e-estuda-possibilidade-de-solicitar-alteracao-na-tabela-do-campeonato-brasileiro\/\",\"name\":\"Diretoria do Flamengo entende que convoca\u00e7\u00e3o beneficiou Palmeiras e estuda possibilidade de solicitar altera\u00e7\u00e3o na tabela do Campeonato Brasileiro\",\"isPartOf\":{\"@id\":\"https:\/\/www.gaveanews.com\/#website\"},\"primaryImageOfPage\":{\"@id\":\"https:\/\/www.gaveanews.com\/index.php\/2019\/09\/20\/diretoria-do-flamengo-entende-que-convocacao-beneficiou-palmeiras-e-estuda-possibilidade-de-solicitar-alteracao-na-tabela-do-campeonato-brasileiro\/#primaryimage\"},\"image\":{\"@id\":\"https:\/\/www.gaveanews.com\/index.php\/2019\/09\/20\/diretoria-do-flamengo-entende-que-convocacao-beneficiou-palmeiras-e-estuda-possibilidade-de-solicitar-alteracao-na-tabela-do-campeonato-brasileiro\/#primaryimage\"},\"thumbnailUrl\":\"https:\/\/www.gaveanews.com\/wp-content\/uploads\/2019\/03\/Rodolfo-Landim-durante-entrevista-coletiva-na-Gavea.webp\",\"datePublished\":\"2019-09-20T22:47:26+00:00\",\"dateModified\":\"2019-09-20T22:47:27+00:00\",\"author\":{\"@id\":\"https:\/\/www.gaveanews.com\/#\/schema\/person\/2ec14f73fb96be2caf28f91afb14749d\"},\"breadcrumb\":{\"@id\":\"https:\/\/www.gaveanews.com\/index.php\/2019\/09\/20\/diretoria-do-flamengo-entende-que-convocacao-beneficiou-palmeiras-e-estuda-possibilidade-de-solicitar-alteracao-na-tabela-do-campeonato-brasileiro\/#breadcrumb\"},\"inLanguage\":\"pt-BR\",\"potentialAction\":[{\"@type\":\"ReadAction\",\"target\":[\"https:\/\/www.gaveanews.com\/index.php\/2019\/09\/20\/diretoria-do-flamengo-entende-que-convocacao-beneficiou-palmeiras-e-estuda-possibilidade-de-solicitar-alteracao-na-tabela-do-campeonato-brasileiro\/\"]}]},{\"@type\":\"ImageObject\",\"inLanguage\":\"pt-BR\",\"@id\":\"https:\/\/www.gaveanews.com\/index.php\/2019\/09\/20\/diretoria-do-flamengo-entende-que-convocacao-beneficiou-palmeiras-e-estuda-possibilidade-de-solicitar-alteracao-na-tabela-do-campeonato-brasileiro\/#primaryimage\",\"url\":\"https:\/\/www.gaveanews.com\/wp-content\/uploads\/2019\/03\/Rodolfo-Landim-durante-entrevista-coletiva-na-Gavea.webp\",\"contentUrl\":\"https:\/\/www.gaveanews.com\/wp-content\/uploads\/2019\/03\/Rodolfo-Landim-durante-entrevista-coletiva-na-Gavea.webp\",\"width\":900,\"height\":599,\"caption\":\"Rodolfo Landim durante entrevista coletiva na G\u00e1vea (Foto: Ag\u00eancia Foto BR)\"},{\"@type\":\"BreadcrumbList\",\"@id\":\"https:\/\/www.gaveanews.com\/index.php\/2019\/09\/20\/diretoria-do-flamengo-entende-que-convocacao-beneficiou-palmeiras-e-estuda-possibilidade-de-solicitar-alteracao-na-tabela-do-campeonato-brasileiro\/#breadcrumb\",\"itemListElement\":[{\"@type\":\"ListItem\",\"position\":1,\"name\":\"Home\",\"item\":\"https:\/\/www.gaveanews.com\/\"},{\"@type\":\"ListItem\",\"position\":2,\"name\":\"Diretoria do Flamengo entende que convoca\u00e7\u00e3o beneficiou Palmeiras e estuda possibilidade de solicitar altera\u00e7\u00e3o na tabela do Campeonato Brasileiro\"}]},{\"@type\":\"WebSite\",\"@id\":\"https:\/\/www.gaveanews.com\/#website\",\"url\":\"https:\/\/www.gaveanews.com\/\",\"name\":\"G\u00e1vea News\",\"description\":\"Veja todas as not\u00edcias sobre o Flamengo: Contrata\u00e7\u00f5es, categorias de base, resultados das partidas, tabela de classifica\u00e7\u00e3o, pr\u00f3ximos jogos!\",\"potentialAction\":[{\"@type\":\"SearchAction\",\"target\":{\"@type\":\"EntryPoint\",\"urlTemplate\":\"https:\/\/www.gaveanews.com\/?s={search_term_string}\"},\"query-input\":{\"@type\":\"PropertyValueSpecification\",\"valueRequired\":true,\"valueName\":\"search_term_string\"}}],\"inLanguage\":\"pt-BR\"},{\"@type\":\"Person\",\"@id\":\"https:\/\/www.gaveanews.com\/#\/schema\/person\/2ec14f73fb96be2caf28f91afb14749d\",\"name\":\"Equipe G\u00e1vea News\",\"image\":{\"@type\":\"ImageObject\",\"inLanguage\":\"pt-BR\",\"@id\":\"https:\/\/www.gaveanews.com\/#\/schema\/person\/image\/\",\"url\":\"https:\/\/secure.gravatar.com\/avatar\/1e1956f1facbffd3f8fa53a326721950116b3b9dc9bd44939c01180fd4a745a9?s=96&d=mm&r=g\",\"contentUrl\":\"https:\/\/secure.gravatar.com\/avatar\/1e1956f1facbffd3f8fa53a326721950116b3b9dc9bd44939c01180fd4a745a9?s=96&d=mm&r=g\",\"caption\":\"Equipe G\u00e1vea News\"}}]}<\/script>\n<!-- \/ Yoast SEO Premium plugin. -->","yoast_head_json":{"title":"Diretoria do Flamengo entende que convoca\u00e7\u00e3o beneficiou Palmeiras e estuda possibilidade de solicitar altera\u00e7\u00e3o na tabela do Campeonato Brasileiro","robots":{"index":"index","follow":"follow","max-snippet":"max-snippet:-1","max-image-preview":"max-image-preview:large","max-video-preview":"max-video-preview:-1"},"canonical":"https:\/\/www.gaveanews.com\/index.php\/2019\/09\/20\/diretoria-do-flamengo-entende-que-convocacao-beneficiou-palmeiras-e-estuda-possibilidade-de-solicitar-alteracao-na-tabela-do-campeonato-brasileiro\/","og_locale":"pt_BR","og_type":"article","og_title":"Diretoria do Flamengo entende que convoca\u00e7\u00e3o beneficiou Palmeiras e estuda possibilidade de solicitar altera\u00e7\u00e3o na tabela do Campeonato Brasileiro","og_description":"O Flamengo perdeu quatro jogadores para a Data Fifa nesta sexta-feira (20 de setembro), e dois em especial fizeram com que houvesse uma insatisfa\u00e7\u00e3o geral da diretoria rubro-negra. Trata-se de Rodrigo Caio e de Gabigol, convocados por Tite para a sele\u00e7\u00e3o brasileira. O clube alega que houve um beneficiamento ao Palmeiras, que n\u00e3o teve atletas [&hellip;]","og_url":"https:\/\/www.gaveanews.com\/index.php\/2019\/09\/20\/diretoria-do-flamengo-entende-que-convocacao-beneficiou-palmeiras-e-estuda-possibilidade-de-solicitar-alteracao-na-tabela-do-campeonato-brasileiro\/","og_site_name":"G\u00e1vea News","article_publisher":"https:\/\/facebook.com\/gaveaNews\/","article_published_time":"2019-09-20T22:47:26+00:00","article_modified_time":"2019-09-20T22:47:27+00:00","og_image":[{"url":"https:\/\/www.gaveanews.com\/wp-content\/uploads\/2019\/03\/Rodolfo-Landim-durante-entrevista-coletiva-na-Gavea.webp","width":1,"height":1,"type":"image\/jpeg"}],"author":"Equipe G\u00e1vea News","twitter_card":"summary_large_image","twitter_misc":{"Escrito por":"Equipe G\u00e1vea News","Est. tempo de leitura":"1 minuto"},"schema":{"@context":"https:\/\/schema.org","@graph":[{"@type":"NewsArticle","@id":"https:\/\/www.gaveanews.com\/index.php\/2019\/09\/20\/diretoria-do-flamengo-entende-que-convocacao-beneficiou-palmeiras-e-estuda-possibilidade-de-solicitar-alteracao-na-tabela-do-campeonato-brasileiro\/#article","isPartOf":{"@id":"https:\/\/www.gaveanews.com\/index.php\/2019\/09\/20\/diretoria-do-flamengo-entende-que-convocacao-beneficiou-palmeiras-e-estuda-possibilidade-de-solicitar-alteracao-na-tabela-do-campeonato-brasileiro\/"},"author":{"name":"Equipe G\u00e1vea News","@id":"https:\/\/www.gaveanews.com\/#\/schema\/person\/2ec14f73fb96be2caf28f91afb14749d"},"headline":"Diretoria do Flamengo entende que convoca\u00e7\u00e3o beneficiou Palmeiras e estuda possibilidade de solicitar altera\u00e7\u00e3o na tabela do Campeonato Brasileiro","datePublished":"2019-09-20T22:47:26+00:00","dateModified":"2019-09-20T22:47:27+00:00","mainEntityOfPage":{"@id":"https:\/\/www.gaveanews.com\/index.php\/2019\/09\/20\/diretoria-do-flamengo-entende-que-convocacao-beneficiou-palmeiras-e-estuda-possibilidade-de-solicitar-alteracao-na-tabela-do-campeonato-brasileiro\/"},"wordCount":315,"commentCount":0,"image":{"@id":"https:\/\/www.gaveanews.com\/index.php\/2019\/09\/20\/diretoria-do-flamengo-entende-que-convocacao-beneficiou-palmeiras-e-estuda-possibilidade-de-solicitar-alteracao-na-tabela-do-campeonato-brasileiro\/#primaryimage"},"thumbnailUrl":"https:\/\/www.gaveanews.com\/wp-content\/uploads\/2019\/03\/Rodolfo-Landim-durante-entrevista-coletiva-na-Gavea.webp","articleSection":["Flamengo"],"inLanguage":"pt-BR","potentialAction":[{"@type":"CommentAction","name":"Comment","target":["https:\/\/www.gaveanews.com\/index.php\/2019\/09\/20\/diretoria-do-flamengo-entende-que-convocacao-beneficiou-palmeiras-e-estuda-possibilidade-de-solicitar-alteracao-na-tabela-do-campeonato-brasileiro\/#respond"]}],"copyrightYear":"2019","copyrightHolder":{"@id":"https:\/\/www.gaveanews.com\/#organization"}},{"@type":"WebPage","@id":"https:\/\/www.gaveanews.com\/index.php\/2019\/09\/20\/diretoria-do-flamengo-entende-que-convocacao-beneficiou-palmeiras-e-estuda-possibilidade-de-solicitar-alteracao-na-tabela-do-campeonato-brasileiro\/","url":"https:\/\/www.gaveanews.com\/index.php\/2019\/09\/20\/diretoria-do-flamengo-entende-que-convocacao-beneficiou-palmeiras-e-estuda-possibilidade-de-solicitar-alteracao-na-tabela-do-campeonato-brasileiro\/","name":"Diretoria do Flamengo entende que convoca\u00e7\u00e3o beneficiou Palmeiras e estuda possibilidade de solicitar altera\u00e7\u00e3o na tabela do Campeonato Brasileiro","isPartOf":{"@id":"https:\/\/www.gaveanews.com\/#website"},"primaryImageOfPage":{"@id":"https:\/\/www.gaveanews.com\/index.php\/2019\/09\/20\/diretoria-do-flamengo-entende-que-convocacao-beneficiou-palmeiras-e-estuda-possibilidade-de-solicitar-alteracao-na-tabela-do-campeonato-brasileiro\/#primaryimage"},"image":{"@id":"https:\/\/www.gaveanews.com\/index.php\/2019\/09\/20\/diretoria-do-flamengo-entende-que-convocacao-beneficiou-palmeiras-e-estuda-possibilidade-de-solicitar-alteracao-na-tabela-do-campeonato-brasileiro\/#primaryimage"},"thumbnailUrl":"https:\/\/www.gaveanews.com\/wp-content\/uploads\/2019\/03\/Rodolfo-Landim-durante-entrevista-coletiva-na-Gavea.webp","datePublished":"2019-09-20T22:47:26+00:00","dateModified":"2019-09-20T22:47:27+00:00","author":{"@id":"https:\/\/www.gaveanews.com\/#\/schema\/person\/2ec14f73fb96be2caf28f91afb14749d"},"breadcrumb":{"@id":"https:\/\/www.gaveanews.com\/index.php\/2019\/09\/20\/diretoria-do-flamengo-entende-que-convocacao-beneficiou-palmeiras-e-estuda-possibilidade-de-solicitar-alteracao-na-tabela-do-campeonato-brasileiro\/#breadcrumb"},"inLanguage":"pt-BR","potentialAction":[{"@type":"ReadAction","target":["https:\/\/www.gaveanews.com\/index.php\/2019\/09\/20\/diretoria-do-flamengo-entende-que-convocacao-beneficiou-palmeiras-e-estuda-possibilidade-de-solicitar-alteracao-na-tabela-do-campeonato-brasileiro\/"]}]},{"@type":"ImageObject","inLanguage":"pt-BR","@id":"https:\/\/www.gaveanews.com\/index.php\/2019\/09\/20\/diretoria-do-flamengo-entende-que-convocacao-beneficiou-palmeiras-e-estuda-possibilidade-de-solicitar-alteracao-na-tabela-do-campeonato-brasileiro\/#primaryimage","url":"https:\/\/www.gaveanews.com\/wp-content\/uploads\/2019\/03\/Rodolfo-Landim-durante-entrevista-coletiva-na-Gavea.webp","contentUrl":"https:\/\/www.gaveanews.com\/wp-content\/uploads\/2019\/03\/Rodolfo-Landim-durante-entrevista-coletiva-na-Gavea.webp","width":900,"height":599,"caption":"Rodolfo Landim durante entrevista coletiva na G\u00e1vea (Foto: Ag\u00eancia Foto BR)"},{"@type":"BreadcrumbList","@id":"https:\/\/www.gaveanews.com\/index.php\/2019\/09\/20\/diretoria-do-flamengo-entende-que-convocacao-beneficiou-palmeiras-e-estuda-possibilidade-de-solicitar-alteracao-na-tabela-do-campeonato-brasileiro\/#breadcrumb","itemListElement":[{"@type":"ListItem","position":1,"name":"Home","item":"https:\/\/www.gaveanews.com\/"},{"@type":"ListItem","position":2,"name":"Diretoria do Flamengo entende que convoca\u00e7\u00e3o beneficiou Palmeiras e estuda possibilidade de solicitar altera\u00e7\u00e3o na tabela do Campeonato Brasileiro"}]},{"@type":"WebSite","@id":"https:\/\/www.gaveanews.com\/#website","url":"https:\/\/www.gaveanews.com\/","name":"G\u00e1vea News","description":"Veja todas as not\u00edcias sobre o Flamengo: Contrata\u00e7\u00f5es, categorias de base, resultados das partidas, tabela de classifica\u00e7\u00e3o, pr\u00f3ximos jogos!","potentialAction":[{"@type":"SearchAction","target":{"@type":"EntryPoint","urlTemplate":"https:\/\/www.gaveanews.com\/?s={search_term_string}"},"query-input":{"@type":"PropertyValueSpecification","valueRequired":true,"valueName":"search_term_string"}}],"inLanguage":"pt-BR"},{"@type":"Person","@id":"https:\/\/www.gaveanews.com\/#\/schema\/person\/2ec14f73fb96be2caf28f91afb14749d","name":"Equipe G\u00e1vea News","image":{"@type":"ImageObject","inLanguage":"pt-BR","@id":"https:\/\/www.gaveanews.com\/#\/schema\/person\/image\/","url":"https:\/\/secure.gravatar.com\/avatar\/1e1956f1facbffd3f8fa53a326721950116b3b9dc9bd44939c01180fd4a745a9?s=96&d=mm&r=g","contentUrl":"https:\/\/secure.gravatar.com\/avatar\/1e1956f1facbffd3f8fa53a326721950116b3b9dc9bd44939c01180fd4a745a9?s=96&d=mm&r=g","caption":"Equipe G\u00e1vea News"}}]}},"_links":{"self":[{"href":"https:\/\/www.gaveanews.com\/index.php\/wp-json\/wp\/v2\/posts\/28204","targetHints":{"allow":["GET"]}}],"collection":[{"href":"https:\/\/www.gaveanews.com\/index.php\/wp-json\/wp\/v2\/posts"}],"about":[{"href":"https:\/\/www.gaveanews.com\/index.php\/wp-json\/wp\/v2\/types\/post"}],"author":[{"embeddable":true,"href":"https:\/\/www.gaveanews.com\/index.php\/wp-json\/wp\/v2\/users\/1"}],"replies":[{"embeddable":true,"href":"https:\/\/www.gaveanews.com\/index.php\/wp-json\/wp\/v2\/comments?post=28204"}],"version-history":[{"count":0,"href":"https:\/\/www.gaveanews.com\/index.php\/wp-json\/wp\/v2\/posts\/28204\/revisions"}],"wp:featuredmedia":[{"embeddable":true,"href":"https:\/\/www.gaveanews.com\/index.php\/wp-json\/wp\/v2\/media\/15077"}],"wp:attachment":[{"href":"https:\/\/www.gaveanews.com\/index.php\/wp-json\/wp\/v2\/media?parent=28204"}],"wp:term":[{"taxonomy":"category","embeddable":true,"href":"https:\/\/www.gaveanews.com\/index.php\/wp-json\/wp\/v2\/categories?post=28204"},{"taxonomy":"post_tag","embeddable":true,"href":"https:\/\/www.gaveanews.com\/index.php\/wp-json\/wp\/v2\/tags?post=28204"}],"curies":[{"name":"wp","href":"https:\/\/api.w.org\/{rel}","templated":true}]}}