{"id":282386,"date":"2026-08-31T16:19:01","date_gmt":"2026-08-31T19:19:01","guid":{"rendered":"https:\/\/www.gaveanews.com\/?p=282386"},"modified":"2026-08-31T16:19:27","modified_gmt":"2026-08-31T19:19:27","slug":"remo-x-coritiba-brasileirao-2026","status":"publish","type":"post","link":"https:\/\/www.gaveanews.com\/index.php\/2026\/08\/31\/remo-x-coritiba-brasileirao-2026\/","title":{"rendered":"Remo x Coritiba: Pr\u00e9via, Estat\u00edsticas e Contexto da 25\u00aa Rodada do Brasileir\u00e3o"},"content":{"rendered":"\n<p>O Remo recebe o Coritiba no Mangueir\u00e3o no dia 31 de agosto de 2026, com o apito inicial marcado para as 20h (hor\u00e1rio de Bras\u00edlia). Este confronto v\u00e1lido pela 25\u00aa rodada do Brasileir\u00e3o apresenta um contraste claro de trajet\u00f3rias nesta reta final de temporada.<\/p>\n\n\n\n<p>A equipe da casa amarga a 19\u00aa coloca\u00e7\u00e3o na tabela, lutando arduamente contra o rebaixamento, e chega com um retrospecto recente oscilante de uma vit\u00f3ria, dois empates e duas derrotas (V-D-E-E-D). Do outro lado, os visitantes ocupam um confort\u00e1vel 9\u00ba lugar, impulsionados por uma sequ\u00eancia mais est\u00e1vel (E-D-V-E-V) que os mant\u00e9m firmes na disputa por uma vaga na Copa Sul-Americana.<\/p>\n\n\n\n<iframe id=\"fresh8\"\r\nstyle=\"border:none;width:300px;height:250px;\" frameborder=\"0\" scrolling=\"no\"\r\nsrc=\"about:blank\"\r\nonload=\"this.onload=function(){};\r\nthis.src='https:\/\/iframe.fresh8.co\/69299e5214ded5fd19fb443f\/adtag?'+\r\n'ref='+ encodeURIComponent(window.location.href) +'&#038;'+\r\n'ord=%%CACHEBUSTER%%&#038;'+\r\n'clickUrl=%%CLICK_URL_ESC%%&#038;'+\r\n''\"><\/iframe>\r\n<script src=\"https:\/\/iframe.fresh8.co\/69299e5214ded5fd19fb443f\/adtag.js\"><\/script>\n\n\n\n<p>Apesar das dificuldades na tabela, os mandantes apostam no talento ofensivo de Alef Manga. No entanto, enfrentar\u00e3o um desafio t\u00e1tico contra uma equipe embalada pelo artilheiro Breno Lopes e pela capacidade de cria\u00e7\u00e3o de Josu\u00e9.<\/p>\n\n\n\n<h2 class=\"wp-block-heading\" id=\"h-remo-x-coritiba-odds-do-confronto\">Remo x Coritiba: Odds do Confronto<\/h2>\n\n\n\n<figure class=\"wp-block-table is-style-stripes\"><table class=\"has-fixed-layout\"><thead><tr><th>Mercado<\/th><th>Remo<\/th><th>Empate<\/th><th>Coritiba<\/th><\/tr><\/thead><tbody><tr><td><strong>Resultado<\/strong><\/td><td>2.05<\/td><td>3.30<\/td><td>3.80<\/td><\/tr><\/tbody><\/table><figcaption class=\"wp-element-caption\"><em>Odds podem sofrer altera\u00e7\u00f5es<\/em><\/figcaption><\/figure>\n\n\n\n<h2 class=\"wp-block-heading\" id=\"h-estatisticas-e-desempenho-remo-x-coritiba-no-brasileirao\">Estat\u00edsticas e Desempenho: Remo x Coritiba no Brasileir\u00e3o<\/h2>\n\n\n\n<p>Comparar as campanhas das duas equipes no Brasileir\u00e3o 2026 revela diferen\u00e7as estat\u00edsticas essenciais e \u00e1reas distintas onde cada time precisa de ajustes. A tabela a seguir detalha o desempenho dos clubes ap\u00f3s 24 partidas disputadas.<\/p>\n\n\n\n<figure class=\"wp-block-table is-style-stripes\"><table class=\"has-fixed-layout\"><thead><tr><th>Estat\u00edstica<\/th><th>Remo<\/th><th>Coritiba<\/th><\/tr><\/thead><tbody><tr><td><strong>Partidas Jogadas<\/strong><\/td><td>24<\/td><td>24<\/td><\/tr><tr><td><strong>Gols Marcados<\/strong><\/td><td>28<\/td><td>30<\/td><\/tr><tr><td><strong>Gols Sofridos<\/strong><\/td><td>39<\/td><td>31<\/td><\/tr><tr><td><strong>Saldo de Gols<\/strong><\/td><td>-11<\/td><td>-1<\/td><\/tr><tr><td><strong>Finaliza\u00e7\u00f5es Totais<\/strong><\/td><td>257<\/td><td>234<\/td><\/tr><tr><td><strong>Finaliza\u00e7\u00f5es no Alvo<\/strong><\/td><td>87<\/td><td>76<\/td><\/tr><tr><td><strong>Posse de Bola M\u00e9dia<\/strong><\/td><td>42,54%<\/td><td>42,74%<\/td><\/tr><tr><td><strong>Escanteios<\/strong><\/td><td>103<\/td><td>83<\/td><\/tr><tr><td><strong>Disciplina (Amarelos\/Vermelhos)<\/strong><\/td><td>48 \/ 2<\/td><td>39 \/ 7<\/td><\/tr><\/tbody><\/table><\/figure>\n\n\n\n<p>Os dados mostram que ambas as equipes apresentam dificuldades semelhantes em ditar o ritmo de jogo, com m\u00e9dias de posse de bola levemente abaixo dos 43%. No entanto, os perfis divergem quando analisamos o volume ofensivo e a solidez defensiva. O Remo tem sido mais presente no ter\u00e7o final do campo, gerando 257 finaliza\u00e7\u00f5es (sendo 87 na dire\u00e7\u00e3o do gol) e conquistando 103 escanteios, contra 234 finaliza\u00e7\u00f5es (76 no alvo) e 83 cantos do advers\u00e1rio. Apesar dessa produ\u00e7\u00e3o ofensiva, a principal fraqueza da equipe paraense reside em uma defesa perme\u00e1vel que j\u00e1 cedeu 39 gols.<\/p>\n\n\n\n<p>Em contrapartida, o Coritiba tem compensado seu menor volume de finaliza\u00e7\u00f5es com uma efici\u00eancia superior e uma linha defensiva mais ajustada. A equipe marcou 30 gols e sofreu 31, mantendo um saldo equilibrado de -1. Um ponto de alerta cr\u00edtico para os visitantes, no entanto, \u00e9 o aspecto disciplinar: embora recebam menos cart\u00f5es amarelos (39 contra 48), j\u00e1 acumulam 7 cart\u00f5es vermelhos na competi\u00e7\u00e3o, evidenciando uma vulnerabilidade a atuar com um jogador a menos.<\/p>\n\n\n\n<h2 class=\"wp-block-heading\" id=\"h-projecao-e-palpite-para-remo-x-coritiba\">Proje\u00e7\u00e3o e Palpite para Remo x Coritiba<\/h2>\n\n\n\n<h3 class=\"wp-block-heading\" id=\"h-palpite-empate-odd-3-3-na-bet365\"><strong>Palpite:<\/strong> Empate <strong>\u2013 <a href=\"https:\/\/www.bet365.bet.br\/olp\/open-account?affiliate=365_03781530\">odd 3.3 na bet365<\/a><\/strong><\/h3>\n\n\n\n<p>Para a equipe local, o sucesso depender\u00e1 de transformar o volume ofensivo em gols de fato. O time tem criado oportunidades constantemente \u2014 evidenciado por suas 257 finaliza\u00e7\u00f5es e 103 escanteios \u2014 e buscar\u00e1 em Jaj\u00e1 Silva e Alef Manga as chaves para infiltrar na zaga advers\u00e1ria. Outro fator relevante \u00e9 a quest\u00e3o disciplinar do advers\u00e1rio. Se a \u00e1rbitra Daiane Caroline Muniz Dos Santos adotar um crit\u00e9rio rigoroso desde os minutos iniciais, a equipe mandante pode tentar explorar o hist\u00f3rico de sete cart\u00f5es vermelhos dos visitantes para for\u00e7ar uma vantagem num\u00e9rica.<\/p>\n\n\n\n<iframe id=\"fresh8\"\r\nstyle=\"border:none;width:300px;height:250px;\" frameborder=\"0\" scrolling=\"no\"\r\nsrc=\"about:blank\"\r\nonload=\"this.onload=function(){};\r\nthis.src='https:\/\/iframe.fresh8.co\/69299e5214ded5fd19fb443f\/adtag?'+\r\n'ref='+ encodeURIComponent(window.location.href) +'&#038;'+\r\n'ord=%%CACHEBUSTER%%&#038;'+\r\n'clickUrl=%%CLICK_URL_ESC%%&#038;'+\r\n''\"><\/iframe>\r\n<script src=\"https:\/\/iframe.fresh8.co\/69299e5214ded5fd19fb443f\/adtag.js\"><\/script>\n\n\n\n<p>Os paranaenses trazem na bagagem uma forma recente muito mais s\u00f3lida e uma estrutura defensiva resiliente, tendo sofrido oito gols a menos que seu oponente nas mesmas 24 rodadas. A efici\u00eancia no ataque mostra que n\u00e3o precisam de posse de bola dominante para causar danos. Caso consigam manter a disciplina e absorver a press\u00e3o inicial, t\u00eam qualidade t\u00e9cnica suficiente para explorar os espa\u00e7os de uma defesa que historicamente tem dificuldades em terminar jogos sem sofrer gols.<\/p>\n","protected":false},"excerpt":{"rendered":"<p>O Remo recebe o Coritiba no Mangueir\u00e3o no dia 31 de agosto de 2026, com o apito inicial marcado para as 20h (hor\u00e1rio de Bras\u00edlia). Este confronto v\u00e1lido pela 25\u00aa rodada do Brasileir\u00e3o apresenta um contraste claro de trajet\u00f3rias nesta reta final de temporada. A equipe da casa amarga a 19\u00aa coloca\u00e7\u00e3o na tabela, lutando [&hellip;]<\/p>\n","protected":false},"author":35,"featured_media":202583,"comment_status":"open","ping_status":"closed","sticky":false,"template":"","format":"standard","meta":{"footnotes":""},"categories":[217],"tags":[],"class_list":["post-282386","post","type-post","status-publish","format-standard","has-post-thumbnail","hentry","category-apostas"],"yoast_head":"<!-- This site is optimized with the Yoast SEO Premium plugin v24.2 (Yoast SEO v26.9) - https:\/\/yoast.com\/product\/yoast-seo-premium-wordpress\/ -->\n<title>Remo x Coritiba: An\u00e1lise e Palpites Brasileir\u00e3o<\/title>\n<meta name=\"description\" content=\"Confira a an\u00e1lise para Remo x Coritiba em partida v\u00e1lida pela 25\u00aa rodada do Brasileir\u00e3o, odds e palpites para apostar.\" \/>\n<meta name=\"robots\" content=\"index, follow, max-snippet:-1, max-image-preview:large, max-video-preview:-1\" \/>\n<link rel=\"canonical\" href=\"https:\/\/www.gaveanews.com\/index.php\/2026\/08\/31\/remo-x-coritiba-brasileirao-2026\/\" \/>\n<meta property=\"og:locale\" content=\"pt_BR\" \/>\n<meta property=\"og:type\" content=\"article\" \/>\n<meta property=\"og:title\" content=\"Remo x Coritiba: Pr\u00e9via, Estat\u00edsticas e Contexto da 25\u00aa Rodada do Brasileir\u00e3o\" \/>\n<meta property=\"og:description\" content=\"Confira a an\u00e1lise para Remo x Coritiba em partida v\u00e1lida pela 25\u00aa rodada do Brasileir\u00e3o, odds e palpites para apostar.\" \/>\n<meta property=\"og:url\" content=\"https:\/\/www.gaveanews.com\/index.php\/2026\/08\/31\/remo-x-coritiba-brasileirao-2026\/\" \/>\n<meta property=\"og:site_name\" content=\"G\u00e1vea News\" \/>\n<meta property=\"article:publisher\" content=\"https:\/\/facebook.com\/gaveaNews\/\" \/>\n<meta property=\"article:published_time\" content=\"2026-08-31T19:19:01+00:00\" \/>\n<meta property=\"article:modified_time\" content=\"2026-08-31T19:19:27+00:00\" \/>\n<meta property=\"og:image\" content=\"http:\/\/www.gaveanews.com\/wp-content\/uploads\/Escudo-do-Coritiba.webp\" \/>\n\t<meta property=\"og:image:width\" content=\"225\" \/>\n\t<meta property=\"og:image:height\" content=\"225\" \/>\n\t<meta property=\"og:image:type\" content=\"image\/jpeg\" \/>\n<meta name=\"author\" content=\"Matheus Le\u00e3o\" \/>\n<meta name=\"twitter:card\" content=\"summary_large_image\" \/>\n<meta name=\"twitter:label1\" content=\"Escrito por\" \/>\n\t<meta name=\"twitter:data1\" content=\"Matheus Le\u00e3o\" \/>\n\t<meta name=\"twitter:label2\" content=\"Est. tempo de leitura\" \/>\n\t<meta name=\"twitter:data2\" content=\"4 minutos\" \/>\n<script type=\"application\/ld+json\" class=\"yoast-schema-graph\">{\"@context\":\"https:\/\/schema.org\",\"@graph\":[{\"@type\":\"NewsArticle\",\"@id\":\"https:\/\/www.gaveanews.com\/index.php\/2026\/08\/31\/remo-x-coritiba-brasileirao-2026\/#article\",\"isPartOf\":{\"@id\":\"https:\/\/www.gaveanews.com\/index.php\/2026\/08\/31\/remo-x-coritiba-brasileirao-2026\/\"},\"author\":{\"name\":\"Matheus Le\u00e3o\",\"@id\":\"https:\/\/www.gaveanews.com\/#\/schema\/person\/0d82d90c2f78da7461d7ce81f4c727e1\"},\"headline\":\"Remo x Coritiba: Pr\u00e9via, Estat\u00edsticas e Contexto da 25\u00aa Rodada do Brasileir\u00e3o\",\"datePublished\":\"2026-08-31T19:19:01+00:00\",\"dateModified\":\"2026-08-31T19:19:27+00:00\",\"mainEntityOfPage\":{\"@id\":\"https:\/\/www.gaveanews.com\/index.php\/2026\/08\/31\/remo-x-coritiba-brasileirao-2026\/\"},\"wordCount\":616,\"commentCount\":0,\"image\":{\"@id\":\"https:\/\/www.gaveanews.com\/index.php\/2026\/08\/31\/remo-x-coritiba-brasileirao-2026\/#primaryimage\"},\"thumbnailUrl\":\"https:\/\/www.gaveanews.com\/wp-content\/uploads\/Escudo-do-Coritiba.webp\",\"articleSection\":[\"Apostas\"],\"inLanguage\":\"pt-BR\",\"potentialAction\":[{\"@type\":\"CommentAction\",\"name\":\"Comment\",\"target\":[\"https:\/\/www.gaveanews.com\/index.php\/2026\/08\/31\/remo-x-coritiba-brasileirao-2026\/#respond\"]}],\"copyrightYear\":\"2026\",\"copyrightHolder\":{\"@id\":\"https:\/\/www.gaveanews.com\/#organization\"}},{\"@type\":\"WebPage\",\"@id\":\"https:\/\/www.gaveanews.com\/index.php\/2026\/08\/31\/remo-x-coritiba-brasileirao-2026\/\",\"url\":\"https:\/\/www.gaveanews.com\/index.php\/2026\/08\/31\/remo-x-coritiba-brasileirao-2026\/\",\"name\":\"Remo x Coritiba: An\u00e1lise e Palpites Brasileir\u00e3o\",\"isPartOf\":{\"@id\":\"https:\/\/www.gaveanews.com\/#website\"},\"primaryImageOfPage\":{\"@id\":\"https:\/\/www.gaveanews.com\/index.php\/2026\/08\/31\/remo-x-coritiba-brasileirao-2026\/#primaryimage\"},\"image\":{\"@id\":\"https:\/\/www.gaveanews.com\/index.php\/2026\/08\/31\/remo-x-coritiba-brasileirao-2026\/#primaryimage\"},\"thumbnailUrl\":\"https:\/\/www.gaveanews.com\/wp-content\/uploads\/Escudo-do-Coritiba.webp\",\"datePublished\":\"2026-08-31T19:19:01+00:00\",\"dateModified\":\"2026-08-31T19:19:27+00:00\",\"author\":{\"@id\":\"https:\/\/www.gaveanews.com\/#\/schema\/person\/0d82d90c2f78da7461d7ce81f4c727e1\"},\"description\":\"Confira a an\u00e1lise para Remo x Coritiba em partida v\u00e1lida pela 25\u00aa rodada do Brasileir\u00e3o, odds e palpites para apostar.\",\"breadcrumb\":{\"@id\":\"https:\/\/www.gaveanews.com\/index.php\/2026\/08\/31\/remo-x-coritiba-brasileirao-2026\/#breadcrumb\"},\"inLanguage\":\"pt-BR\",\"potentialAction\":[{\"@type\":\"ReadAction\",\"target\":[\"https:\/\/www.gaveanews.com\/index.php\/2026\/08\/31\/remo-x-coritiba-brasileirao-2026\/\"]}]},{\"@type\":\"ImageObject\",\"inLanguage\":\"pt-BR\",\"@id\":\"https:\/\/www.gaveanews.com\/index.php\/2026\/08\/31\/remo-x-coritiba-brasileirao-2026\/#primaryimage\",\"url\":\"https:\/\/www.gaveanews.com\/wp-content\/uploads\/Escudo-do-Coritiba.webp\",\"contentUrl\":\"https:\/\/www.gaveanews.com\/wp-content\/uploads\/Escudo-do-Coritiba.webp\",\"width\":225,\"height\":225,\"caption\":\"Escudo do Coritiba (Foto: Reprodu\u00e7\u00e3o)\"},{\"@type\":\"BreadcrumbList\",\"@id\":\"https:\/\/www.gaveanews.com\/index.php\/2026\/08\/31\/remo-x-coritiba-brasileirao-2026\/#breadcrumb\",\"itemListElement\":[{\"@type\":\"ListItem\",\"position\":1,\"name\":\"Home\",\"item\":\"https:\/\/www.gaveanews.com\/\"},{\"@type\":\"ListItem\",\"position\":2,\"name\":\"Remo x Coritiba: Pr\u00e9via, Estat\u00edsticas e Contexto da 25\u00aa Rodada do Brasileir\u00e3o\"}]},{\"@type\":\"WebSite\",\"@id\":\"https:\/\/www.gaveanews.com\/#website\",\"url\":\"https:\/\/www.gaveanews.com\/\",\"name\":\"G\u00e1vea News\",\"description\":\"Veja todas as not\u00edcias sobre o Flamengo: Contrata\u00e7\u00f5es, categorias de base, resultados das partidas, tabela de classifica\u00e7\u00e3o, pr\u00f3ximos jogos!\",\"potentialAction\":[{\"@type\":\"SearchAction\",\"target\":{\"@type\":\"EntryPoint\",\"urlTemplate\":\"https:\/\/www.gaveanews.com\/?s={search_term_string}\"},\"query-input\":{\"@type\":\"PropertyValueSpecification\",\"valueRequired\":true,\"valueName\":\"search_term_string\"}}],\"inLanguage\":\"pt-BR\"},{\"@type\":\"Person\",\"@id\":\"https:\/\/www.gaveanews.com\/#\/schema\/person\/0d82d90c2f78da7461d7ce81f4c727e1\",\"name\":\"Matheus Le\u00e3o\",\"image\":{\"@type\":\"ImageObject\",\"inLanguage\":\"pt-BR\",\"@id\":\"https:\/\/www.gaveanews.com\/#\/schema\/person\/image\/\",\"url\":\"https:\/\/secure.gravatar.com\/avatar\/e8aaa8a9a115d040d08e2835a5845e4026708cb0c1ce2a19240eb18168d144e8?s=96&d=mm&r=g\",\"contentUrl\":\"https:\/\/secure.gravatar.com\/avatar\/e8aaa8a9a115d040d08e2835a5845e4026708cb0c1ce2a19240eb18168d144e8?s=96&d=mm&r=g\",\"caption\":\"Matheus Le\u00e3o\"}}]}<\/script>\n<!-- \/ Yoast SEO Premium plugin. -->","yoast_head_json":{"title":"Remo x Coritiba: An\u00e1lise e Palpites Brasileir\u00e3o","description":"Confira a an\u00e1lise para Remo x Coritiba em partida v\u00e1lida pela 25\u00aa rodada do Brasileir\u00e3o, odds e palpites para apostar.","robots":{"index":"index","follow":"follow","max-snippet":"max-snippet:-1","max-image-preview":"max-image-preview:large","max-video-preview":"max-video-preview:-1"},"canonical":"https:\/\/www.gaveanews.com\/index.php\/2026\/08\/31\/remo-x-coritiba-brasileirao-2026\/","og_locale":"pt_BR","og_type":"article","og_title":"Remo x Coritiba: Pr\u00e9via, Estat\u00edsticas e Contexto da 25\u00aa Rodada do Brasileir\u00e3o","og_description":"Confira a an\u00e1lise para Remo x Coritiba em partida v\u00e1lida pela 25\u00aa rodada do Brasileir\u00e3o, odds e palpites para apostar.","og_url":"https:\/\/www.gaveanews.com\/index.php\/2026\/08\/31\/remo-x-coritiba-brasileirao-2026\/","og_site_name":"G\u00e1vea News","article_publisher":"https:\/\/facebook.com\/gaveaNews\/","article_published_time":"2026-08-31T19:19:01+00:00","article_modified_time":"2026-08-31T19:19:27+00:00","og_image":[{"width":225,"height":225,"url":"http:\/\/www.gaveanews.com\/wp-content\/uploads\/Escudo-do-Coritiba.webp","type":"image\/jpeg"}],"author":"Matheus Le\u00e3o","twitter_card":"summary_large_image","twitter_misc":{"Escrito por":"Matheus Le\u00e3o","Est. tempo de leitura":"4 minutos"},"schema":{"@context":"https:\/\/schema.org","@graph":[{"@type":"NewsArticle","@id":"https:\/\/www.gaveanews.com\/index.php\/2026\/08\/31\/remo-x-coritiba-brasileirao-2026\/#article","isPartOf":{"@id":"https:\/\/www.gaveanews.com\/index.php\/2026\/08\/31\/remo-x-coritiba-brasileirao-2026\/"},"author":{"name":"Matheus Le\u00e3o","@id":"https:\/\/www.gaveanews.com\/#\/schema\/person\/0d82d90c2f78da7461d7ce81f4c727e1"},"headline":"Remo x Coritiba: Pr\u00e9via, Estat\u00edsticas e Contexto da 25\u00aa Rodada do Brasileir\u00e3o","datePublished":"2026-08-31T19:19:01+00:00","dateModified":"2026-08-31T19:19:27+00:00","mainEntityOfPage":{"@id":"https:\/\/www.gaveanews.com\/index.php\/2026\/08\/31\/remo-x-coritiba-brasileirao-2026\/"},"wordCount":616,"commentCount":0,"image":{"@id":"https:\/\/www.gaveanews.com\/index.php\/2026\/08\/31\/remo-x-coritiba-brasileirao-2026\/#primaryimage"},"thumbnailUrl":"https:\/\/www.gaveanews.com\/wp-content\/uploads\/Escudo-do-Coritiba.webp","articleSection":["Apostas"],"inLanguage":"pt-BR","potentialAction":[{"@type":"CommentAction","name":"Comment","target":["https:\/\/www.gaveanews.com\/index.php\/2026\/08\/31\/remo-x-coritiba-brasileirao-2026\/#respond"]}],"copyrightYear":"2026","copyrightHolder":{"@id":"https:\/\/www.gaveanews.com\/#organization"}},{"@type":"WebPage","@id":"https:\/\/www.gaveanews.com\/index.php\/2026\/08\/31\/remo-x-coritiba-brasileirao-2026\/","url":"https:\/\/www.gaveanews.com\/index.php\/2026\/08\/31\/remo-x-coritiba-brasileirao-2026\/","name":"Remo x Coritiba: An\u00e1lise e Palpites Brasileir\u00e3o","isPartOf":{"@id":"https:\/\/www.gaveanews.com\/#website"},"primaryImageOfPage":{"@id":"https:\/\/www.gaveanews.com\/index.php\/2026\/08\/31\/remo-x-coritiba-brasileirao-2026\/#primaryimage"},"image":{"@id":"https:\/\/www.gaveanews.com\/index.php\/2026\/08\/31\/remo-x-coritiba-brasileirao-2026\/#primaryimage"},"thumbnailUrl":"https:\/\/www.gaveanews.com\/wp-content\/uploads\/Escudo-do-Coritiba.webp","datePublished":"2026-08-31T19:19:01+00:00","dateModified":"2026-08-31T19:19:27+00:00","author":{"@id":"https:\/\/www.gaveanews.com\/#\/schema\/person\/0d82d90c2f78da7461d7ce81f4c727e1"},"description":"Confira a an\u00e1lise para Remo x Coritiba em partida v\u00e1lida pela 25\u00aa rodada do Brasileir\u00e3o, odds e palpites para apostar.","breadcrumb":{"@id":"https:\/\/www.gaveanews.com\/index.php\/2026\/08\/31\/remo-x-coritiba-brasileirao-2026\/#breadcrumb"},"inLanguage":"pt-BR","potentialAction":[{"@type":"ReadAction","target":["https:\/\/www.gaveanews.com\/index.php\/2026\/08\/31\/remo-x-coritiba-brasileirao-2026\/"]}]},{"@type":"ImageObject","inLanguage":"pt-BR","@id":"https:\/\/www.gaveanews.com\/index.php\/2026\/08\/31\/remo-x-coritiba-brasileirao-2026\/#primaryimage","url":"https:\/\/www.gaveanews.com\/wp-content\/uploads\/Escudo-do-Coritiba.webp","contentUrl":"https:\/\/www.gaveanews.com\/wp-content\/uploads\/Escudo-do-Coritiba.webp","width":225,"height":225,"caption":"Escudo do Coritiba (Foto: Reprodu\u00e7\u00e3o)"},{"@type":"BreadcrumbList","@id":"https:\/\/www.gaveanews.com\/index.php\/2026\/08\/31\/remo-x-coritiba-brasileirao-2026\/#breadcrumb","itemListElement":[{"@type":"ListItem","position":1,"name":"Home","item":"https:\/\/www.gaveanews.com\/"},{"@type":"ListItem","position":2,"name":"Remo x Coritiba: Pr\u00e9via, Estat\u00edsticas e Contexto da 25\u00aa Rodada do Brasileir\u00e3o"}]},{"@type":"WebSite","@id":"https:\/\/www.gaveanews.com\/#website","url":"https:\/\/www.gaveanews.com\/","name":"G\u00e1vea News","description":"Veja todas as not\u00edcias sobre o Flamengo: Contrata\u00e7\u00f5es, categorias de base, resultados das partidas, tabela de classifica\u00e7\u00e3o, pr\u00f3ximos jogos!","potentialAction":[{"@type":"SearchAction","target":{"@type":"EntryPoint","urlTemplate":"https:\/\/www.gaveanews.com\/?s={search_term_string}"},"query-input":{"@type":"PropertyValueSpecification","valueRequired":true,"valueName":"search_term_string"}}],"inLanguage":"pt-BR"},{"@type":"Person","@id":"https:\/\/www.gaveanews.com\/#\/schema\/person\/0d82d90c2f78da7461d7ce81f4c727e1","name":"Matheus Le\u00e3o","image":{"@type":"ImageObject","inLanguage":"pt-BR","@id":"https:\/\/www.gaveanews.com\/#\/schema\/person\/image\/","url":"https:\/\/secure.gravatar.com\/avatar\/e8aaa8a9a115d040d08e2835a5845e4026708cb0c1ce2a19240eb18168d144e8?s=96&d=mm&r=g","contentUrl":"https:\/\/secure.gravatar.com\/avatar\/e8aaa8a9a115d040d08e2835a5845e4026708cb0c1ce2a19240eb18168d144e8?s=96&d=mm&r=g","caption":"Matheus Le\u00e3o"}}]}},"_links":{"self":[{"href":"https:\/\/www.gaveanews.com\/index.php\/wp-json\/wp\/v2\/posts\/282386","targetHints":{"allow":["GET"]}}],"collection":[{"href":"https:\/\/www.gaveanews.com\/index.php\/wp-json\/wp\/v2\/posts"}],"about":[{"href":"https:\/\/www.gaveanews.com\/index.php\/wp-json\/wp\/v2\/types\/post"}],"author":[{"embeddable":true,"href":"https:\/\/www.gaveanews.com\/index.php\/wp-json\/wp\/v2\/users\/35"}],"replies":[{"embeddable":true,"href":"https:\/\/www.gaveanews.com\/index.php\/wp-json\/wp\/v2\/comments?post=282386"}],"version-history":[{"count":1,"href":"https:\/\/www.gaveanews.com\/index.php\/wp-json\/wp\/v2\/posts\/282386\/revisions"}],"predecessor-version":[{"id":282387,"href":"https:\/\/www.gaveanews.com\/index.php\/wp-json\/wp\/v2\/posts\/282386\/revisions\/282387"}],"wp:featuredmedia":[{"embeddable":true,"href":"https:\/\/www.gaveanews.com\/index.php\/wp-json\/wp\/v2\/media\/202583"}],"wp:attachment":[{"href":"https:\/\/www.gaveanews.com\/index.php\/wp-json\/wp\/v2\/media?parent=282386"}],"wp:term":[{"taxonomy":"category","embeddable":true,"href":"https:\/\/www.gaveanews.com\/index.php\/wp-json\/wp\/v2\/categories?post=282386"},{"taxonomy":"post_tag","embeddable":true,"href":"https:\/\/www.gaveanews.com\/index.php\/wp-json\/wp\/v2\/tags?post=282386"}],"curies":[{"name":"wp","href":"https:\/\/api.w.org\/{rel}","templated":true}]}}