{"id":282397,"date":"2026-09-03T13:21:45","date_gmt":"2026-09-03T16:21:45","guid":{"rendered":"https:\/\/www.gaveanews.com\/?p=282397"},"modified":"2026-09-03T13:22:12","modified_gmt":"2026-09-03T16:22:12","slug":"champions-vs-copa-os-tecnicos-consagrados-em-clubes-que-buscam-fazer-historia-em-selecoes","status":"publish","type":"post","link":"https:\/\/www.gaveanews.com\/index.php\/2026\/09\/03\/champions-vs-copa-os-tecnicos-consagrados-em-clubes-que-buscam-fazer-historia-em-selecoes\/","title":{"rendered":"Champions vs Copa: Os t\u00e9cnicos consagrados em clubes que buscam fazer hist\u00f3ria em sele\u00e7\u00f5es"},"content":{"rendered":"\n<p>Apenas dois t\u00e9cnicos campe\u00f5es da UEFA Champions League venceram tamb\u00e9m a Copa do Mundo da FIFA, Marcello Lippi (It\u00e1lia, 2006) e Vicente del Bosque (Espanha, 2010). Carlo Ancelotti, recordista com cinco t\u00edtulos de Champions, tentou ser o terceiro pelo Brasil em 2026, mas parou nas oitavas de final diante da Noruega.<\/p>\n\n\n\n<p>O curr\u00edculo pesa. E poucos curr\u00edculos pesam tanto quanto o de Carlo Ancelotti, cinco Champions League, t\u00edtulos nas cinco grandes ligas europeias e um convite para comandar a Sele\u00e7\u00e3o Brasileira rumo \u00e0 Copa de 2026. Mas o futebol de sele\u00e7\u00f5es tem regras pr\u00f3prias, e a elimina\u00e7\u00e3o brasileira nas oitavas exp\u00f4s uma verdade inc\u00f4moda: o dom\u00ednio na Europa n\u00e3o garante gl\u00f3ria mundial.<\/p>\n\n\n\n<p>A transi\u00e7\u00e3o de t\u00e9cnicos consagrados em clubes para sele\u00e7\u00f5es nacionais \u00e9 um dos fen\u00f4menos mais fascinantes do futebol moderno. Del Bosque, Lippi, Luis Enrique, Tuchel, todos trilharam esse caminho. Alguns escreveram hist\u00f3ria. Outros descobriram que a l\u00f3gica que funciona no dia a dia de um clube simplesmente n\u00e3o se aplica a uma sele\u00e7\u00e3o.<\/p>\n\n\n\n<h2 class=\"wp-block-heading\" id=\"h-os-maiores-vencedores-da-champions-league-e-suas-trajetorias-em-selecoes\"><strong>Os maiores vencedores da Champions League e suas trajet\u00f3rias em sele\u00e7\u00f5es<\/strong><\/h2>\n\n\n\n<p>Comecemos pelo topo. Desde 1992, sob o formato atual, apenas cinco t\u00e9cnicos ergueram a ta\u00e7a tr\u00eas vezes ou mais e, para contextualizar a dimens\u00e3o desse feito, vale destacar que o <a href=\"https:\/\/tips.gg\/pt\/betting\/best-sites-usa\/\">tips.gg criou uma lista dos melhores sites<\/a> e an\u00e1lise esportiva que frequentemente referencia esses nomes como par\u00e2metro de excel\u00eancia t\u00e1tica. E aqui j\u00e1 surge um dado revelador, nem todos sequer tentaram a vida em sele\u00e7\u00f5es.<\/p>\n\n\n\n<p>Quando colocamos os n\u00fameros lado a lado, o contraste fica evidente:<\/p>\n\n\n\n<ul class=\"wp-block-list\">\n<li><strong>Carlo Ancelotti (5 t\u00edtulos de Champions):<\/strong> Brasil, eliminado nas oitavas em 2026; Maior vencedor da Europa, mas mundial ainda escapa<\/li>\n\n\n\n<li><strong>Pep Guardiola (3 t\u00edtulos de Champions):<\/strong> Nunca treinou sele\u00e7\u00e3o; Dom\u00ednio absoluto em clubes, aus\u00eancia total no cen\u00e1rio nacional<\/li>\n\n\n\n<li><strong>Zin\u00e9dine Zidane (3 t\u00edtulos de Champions):<\/strong> Assumir\u00e1 a Fran\u00e7a ap\u00f3s 2026; Aposta futura de alto risco<\/li>\n\n\n\n<li><strong>Luis Enrique (3 t\u00edtulos de Champions):<\/strong> Espanha, semifinal na Euro 2020; Bom desempenho, sem t\u00edtulo<\/li>\n\n\n\n<li><strong>Bob Paisley (3 t\u00edtulos de Champions):<\/strong> Nunca treinou sele\u00e7\u00e3o; Lenda do Liverpool restrita aos clubes<\/li>\n<\/ul>\n\n\n\n<p>Repare no padr\u00e3o. Guardiola, Zidane e Paisley, tr\u00eas dos cinco maiores vencedores, nunca comandaram (ou ainda n\u00e3o comandaram) uma sele\u00e7\u00e3o em Copa. O dom\u00ednio europeu, por si s\u00f3, n\u00e3o puxa esses nomes para o futebol de sele\u00e7\u00f5es. A escolha \u00e9 outra hist\u00f3ria.<\/p>\n\n\n\n<p>Ancelotti, por sua vez, \u00e9 caso \u00e0 parte. Com cinco t\u00edtulos (Milan em 2003 e 2007; Real Madrid em 2014, 2022 e 2024), \u00e9 o maior vencedor da hist\u00f3ria da competi\u00e7\u00e3o. Tamb\u00e9m \u00e9, junto a Guardiola, um dos poucos a conquistar a ta\u00e7a por clubes diferentes e um dos sete a venc\u00ea-la como jogador e treinador.<\/p>\n\n\n\n<p>Luis Enrique \u00e9 o exemplo mais recente de transi\u00e7\u00e3o real. Campe\u00e3o pelo Barcelona em 2015 e bicampe\u00e3o pelo PSG em 2025 e 2026, comandou a Espanha entre 2018 e 2022. Levou a equipe \u00e0s semifinais da Euro 2020 e \u00e0s oitavas da Copa de 2022, resultados s\u00f3lidos, por\u00e9m sem o t\u00edtulo que seu curr\u00edculo de clube prometia.<\/p>\n\n\n\n<h2 class=\"wp-block-heading\" id=\"h-del-bosque-lippi-e-ancelotti-os-unicos-no-clube-mais-exclusivo-do-futebol\"><strong>Del Bosque, Lippi e Ancelotti: Os \u00fanicos no clube mais exclusivo do futebol<\/strong><\/h2>\n\n\n\n<p>Aqui est\u00e1 o cora\u00e7\u00e3o da quest\u00e3o. De todos os t\u00e9cnicos que ergueram a Champions League, apenas dois tamb\u00e9m levantaram a Copa do Mundo: Marcello Lippi e Vicente del Bosque. Ancelotti tentou ser o terceiro e falhou.<\/p>\n\n\n\n<h3 class=\"wp-block-heading\" id=\"h-vicente-del-bosque-da-gloria-merengue-ao-topo-do-mundo\"><strong>Vicente del Bosque: Da gl\u00f3ria merengue ao topo do mundo<\/strong><\/h3>\n\n\n\n<p>Del Bosque conquistou duas Champions pelo Real Madrid (2000 e 2002) antes de assumir a Espanha em 2008. O que veio depois \u00e9 raro: campe\u00e3o da Copa do Mundo de 2010 e da Eurocopa de 2012, em sequ\u00eancia. Um dom\u00ednio absoluto.<\/p>\n\n\n\n<p>O ciclo, por\u00e9m, teve fim melanc\u00f3lico. A Espanha caiu na primeira fase em 2014 e nas oitavas da Euro 2016, diante da It\u00e1lia. Mesmo os grandes ciclos se encerram.<\/p>\n\n\n\n<h3 class=\"wp-block-heading\" id=\"h-marcello-lippi-o-campeao-que-voltou-e-nao-repetiu-a-dose\"><strong>Marcello Lippi: O campe\u00e3o que voltou (e n\u00e3o repetiu a dose)<\/strong><\/h3>\n\n\n\n<p>Lippi venceu a Champions pela Juventus em 1996 e assumiu a It\u00e1lia em 2004. Dois anos depois, ergueu a Copa do Mundo de 2006, superando a Fran\u00e7a nos p\u00eanaltis na final.<\/p>\n\n\n\n<p>A segunda passagem foi o oposto. De volta ao comando em 2008, viu a It\u00e1lia cair na primeira fase da Copa de 2010, em um grupo com Paraguai, Eslov\u00e1quia e Nova Zel\u00e2ndia. A li\u00e7\u00e3o \u00e9 clara, nem o mesmo t\u00e9cnico, com a mesma sele\u00e7\u00e3o, garante o mesmo resultado.<\/p>\n\n\n\n<h3 class=\"wp-block-heading\" id=\"h-carlo-ancelotti-o-recordista-que-ainda-busca-o-mundial\"><strong>Carlo Ancelotti: O recordista que ainda busca o mundial<\/strong><\/h3>\n\n\n\n<p>Cinco Champions. Zero Copas do Mundo, por enquanto. Ancelotti assumiu o Brasil em 2024 com contrato renovado at\u00e9 2030, antes mesmo da Copa de 2026, sinal da aposta de longo prazo da CBF.<\/p>\n\n\n\n<p>O italiano tinha tudo para completar o trio de Del Bosque e Lippi. N\u00e3o deu. E a forma como n\u00e3o deu diz muito sobre as diferen\u00e7as entre os dois mundos.<\/p>\n\n\n\n<h2 class=\"wp-block-heading\" id=\"h-por-que-o-futebol-de-selecoes-e-tao-diferente-do-futebol-de-clubes\"><strong>Por que o futebol de sele\u00e7\u00f5es \u00e9 t\u00e3o diferente do futebol de clubes?<\/strong><\/h2>\n\n\n\n<p>Essa \u00e9 a pergunta que todo torcedor faz quando um t\u00e9cnico campe\u00e3o na Europa trope\u00e7a em uma Copa. E a resposta n\u00e3o \u00e9 pregui\u00e7a nem falta de talento, \u00e9 estrutural.<\/p>\n\n\n\n<p>No clube, o treinador vive com o elenco. Na sele\u00e7\u00e3o, ele o encontra em janelas curtas. Essa diferen\u00e7a de tempo muda tudo.<\/p>\n\n\n\n<p>Quando organizamos as principais diferen\u00e7as, o abismo entre os dois formatos aparece com nitidez:<\/p>\n\n\n\n<ul class=\"wp-block-list\">\n<li><strong>Tempo de treino<\/strong>: 300+ dias anuais vs. janelas espor\u00e1dicas. Sistemas de jogo levam meses para amadurecer, tempo que a sele\u00e7\u00e3o n\u00e3o tem<\/li>\n\n\n\n<li><strong>Conhecimento dos rivais<\/strong>: Mesmos advers\u00e1rios na temporada vs. combina\u00e7\u00f5es \u00fanicas. O clube ajusta ao longo do ano; a sele\u00e7\u00e3o improvisa contra o desconhecido<\/li>\n\n\n\n<li><strong>Coes\u00e3o t\u00e1tica<\/strong>: Constru\u00edda em temporadas vs. adapta\u00e7\u00e3o r\u00e1pida. A transi\u00e7\u00e3o defensiva e as trocas r\u00e1pidas exigem automatismos dif\u00edceis de treinar<\/li>\n\n\n\n<li><strong>Press\u00e3o<\/strong>: Corporativa vs. peso hist\u00f3rico e identidade nacional. Um pa\u00eds inteiro cobra; a margem para erro \u00e9 m\u00ednima<\/li>\n<\/ul>\n\n\n\n<p>O ponto sobre tempo de treino \u00e9 decisivo. Um t\u00e9cnico de clube molda sua ideia ao longo de uma temporada inteira. Na sele\u00e7\u00e3o, os per\u00edodos de trabalho s\u00e3o fragmentados, o que dificulta a constru\u00e7\u00e3o de automatismos defensivos e transi\u00e7\u00f5es r\u00e1pidas, justamente o que competi\u00e7\u00f5es de mata-mata exigem.<\/p>\n\n\n\n<p>O pr\u00f3prio Ancelotti admitiu o choque. <em>&#8220;N\u00e3o estou acostumado a trabalhar de vez em quando. Trabalhava todos os dias e agora \u00e9 diferente. \u00c9 um trabalho diferente e de observa\u00e7\u00e3o&#8221;<\/em>, disse o italiano ao descrever a rotina de selecionador. Vindo de quem passou d\u00e9cadas no dia a dia dos maiores clubes da Europa, a frase revela o tamanho da adapta\u00e7\u00e3o.<\/p>\n\n\n\n<p>H\u00e1 ainda o gerenciamento de vesti\u00e1rio. No clube, o grupo \u00e9 coeso e convive diariamente. Na sele\u00e7\u00e3o, o t\u00e9cnico re\u00fane egos de contextos diferentes por poucos dias. A frieza para lidar com esse ambiente, ali\u00e1s, sempre foi vista como um dos trunfos de Ancelotti.<\/p>\n\n\n\n<h2 class=\"wp-block-heading\" id=\"h-tecnicos-com-experiencia-de-champions-na-copa-de-2026\"><strong>T\u00e9cnicos com experi\u00eancia de Champions na Copa de 2026<\/strong><\/h2>\n\n\n\n<figure class=\"wp-block-image size-full\"><img loading=\"lazy\" decoding=\"async\" width=\"2048\" height=\"1365\" src=\"http:\/\/www.gaveanews.com\/wp-content\/uploads\/unnamed-1-1.png\" alt=\"\" class=\"wp-image-282399\"\/><figcaption class=\"wp-element-caption\">Foto: Reprodu\u00e7\u00e3o \/ Facebook<\/figcaption><\/figure>\n\n\n\n<p>A Copa de 2026 foi uma vitrine dessa tend\u00eancia. Nunca tantos t\u00e9cnicos consagrados em clubes europeus dirigiram sele\u00e7\u00f5es ao mesmo tempo. Importar &#8220;professores de clube&#8221; virou estrat\u00e9gia.<\/p>\n\n\n\n<p>Vejamos como se posicionaram os principais nomes com passagem pela elite europeia:<\/p>\n\n\n\n<ul class=\"wp-block-list\">\n<li><strong>Carlo Ancelotti (Brasil):<\/strong> o maior vencedor da Champions da hist\u00f3ria. Eliminado nas oitavas pela Noruega, na pior campanha brasileira desde 1990.<\/li>\n\n\n\n<li><strong>Thomas Tuchel (Inglaterra):<\/strong> campe\u00e3o da Champions com o Chelsea em 2021, assumiu os ingleses em outubro de 2024 com a miss\u00e3o de encerrar o jejum de t\u00edtulo mundial que dura desde 1966.<\/li>\n\n\n\n<li><strong>Julian Nagelsmann (Alemanha):<\/strong> sem Champions no curr\u00edculo, mas tratado como t\u00e9cnico moderno ap\u00f3s a passagem pelo Bayern. Aos 38 anos, tentava resgatar uma sele\u00e7\u00e3o eliminada na fase de grupos em 2018 e 2022.<\/li>\n\n\n\n<li><strong>Luis de la Fuente (Espanha):<\/strong> sem t\u00edtulo de Champions, por\u00e9m campe\u00e3o da Eurocopa 2024. O contraponto perfeito, um treinador &#8220;feito em casa&#8221;, forjado nas categorias de base.<\/li>\n\n\n\n<li><strong>Didier Deschamps (Fran\u00e7a):<\/strong> nenhuma experi\u00eancia de Champions como treinador, mas campe\u00e3o mundial em 2018. A prova de que o curr\u00edculo de sele\u00e7\u00e3o pode valer mais que o de clube.<\/li>\n<\/ul>\n\n\n\n<p>Repare no detalhe que a maioria ignora, os dois t\u00e9cnicos com maior sucesso recente em Copas, Deschamps e De la Fuente, n\u00e3o t\u00eam t\u00edtulo de Champions. Deschamps chegou \u00e0 Fran\u00e7a em 2012 com apenas duas conquistas relevantes em clubes. De la Fuente subiu das sele\u00e7\u00f5es de base. A especializa\u00e7\u00e3o em futebol de sele\u00e7\u00e3o, ao que tudo indica, \u00e9 um trunfo subestimado.<\/p>\n\n\n\n<h2 class=\"wp-block-heading\" id=\"h-a-eliminacao-do-brasil-de-ancelotti-o-que-os-numeros-dizem\"><strong>A elimina\u00e7\u00e3o do Brasil de Ancelotti: O que os n\u00fameros dizem<\/strong><\/h2>\n\n\n\n<p>N\u00e3o d\u00e1 para falar de Champions vs. Copa sem encarar o caso mais recente e emblem\u00e1tico. O Brasil de Ancelotti caiu nas oitavas de final para a Noruega, por 2 a 1, no MetLife Stadium.<\/p>\n\n\n\n<p>Os detalhes da partida ajudam a entender o tamanho do trope\u00e7o:<\/p>\n\n\n\n<ul class=\"wp-block-list\">\n<li><strong>Posse de bola:<\/strong> a Noruega teve mais de 64% no primeiro tempo, controlando o ritmo do jogo.<\/li>\n\n\n\n<li><strong>P\u00eanalti desperdi\u00e7ado:<\/strong> Bruno Guimar\u00e3es parou no goleiro Nyland ainda no primeiro tempo, com o placar zerado.<\/li>\n\n\n\n<li><strong>Efici\u00eancia de finaliza\u00e7\u00e3o:<\/strong> Haaland marcou os dois gols noruegueses (aos 34 e 44 do segundo tempo) e chegou a sete na Copa, empatando com Messi e Mbapp\u00e9 na artilharia.<\/li>\n\n\n\n<li><strong>Chances perdidas:<\/strong> Endrick teve oportunidade clara logo ao entrar; o Brasil criou, mas n\u00e3o converteu.<\/li>\n<\/ul>\n\n\n\n<p>O saldo \u00e9 duro de digerir. Foi a pior campanha brasileira em Copas desde 1990 e caminha para o maior per\u00edodo sem t\u00edtulos mundiais da hist\u00f3ria da Sele\u00e7\u00e3o. Em 2030, ser\u00e3o 28 anos desde o penta de 2002.<\/p>\n\n\n\n<p>Ancelotti, por\u00e9m, n\u00e3o jogou a toalha. &#8220;N\u00e3o \u00e9 um fim, \u00e9 o in\u00edcio de um novo ciclo esta derrota&#8221;, declarou ap\u00f3s o jogo. Com contrato at\u00e9 2030, o italiano ainda pode reescrever seu cap\u00edtulo em sele\u00e7\u00f5es e, quem sabe, entrar para o seleto grupo de Del Bosque e Lippi.<\/p>\n\n\n\n<h2 class=\"wp-block-heading\" id=\"h-o-curriculo-abre-a-porta-mas-nao-garante-o-trofeu\"><strong>O curr\u00edculo abre a porta, mas n\u00e3o garante o trof\u00e9u<\/strong><\/h2>\n\n\n\n<p>Se h\u00e1 uma li\u00e7\u00e3o nessa hist\u00f3ria toda, \u00e9 que futebol de clube e futebol de sele\u00e7\u00e3o s\u00e3o disciplinas parentes, n\u00e3o id\u00eanticas. O curr\u00edculo de Champions abre portas; foi ele que levou Ancelotti ao Brasil e Tuchel \u00e0 Inglaterra. Mas o trof\u00e9u mundial obedece a outra l\u00f3gica.<\/p>\n\n\n\n<p>Em mais de 30 anos de Champions League, s\u00f3 dois de seus campe\u00f5es venceram tamb\u00e9m a Copa do Mundo. A especializa\u00e7\u00e3o importa. O tempo de trabalho importa. E, \u00e0s vezes, um t\u00e9cnico &#8220;feito em casa&#8221; como Del Bosque ou Deschamps, sabe navegar as \u00e1guas da sele\u00e7\u00e3o melhor que uma lenda dos clubes.<\/p>\n\n\n\n<p>Para Ancelotti, a Copa de 2026 foi uma frustra\u00e7\u00e3o. Mas, com o ciclo at\u00e9 2030 em aberto, a pergunta permanece viva: ser\u00e1 ele o terceiro nome a unir Champions e Copa? Acompanhe nossas an\u00e1lises e fique por dentro de cada passo dessa trajet\u00f3ria.<\/p>\n","protected":false},"excerpt":{"rendered":"<p>Apenas dois t\u00e9cnicos campe\u00f5es da UEFA Champions League venceram tamb\u00e9m a Copa do Mundo da FIFA, Marcello Lippi (It\u00e1lia, 2006) e Vicente del Bosque (Espanha, 2010). Carlo Ancelotti, recordista com cinco t\u00edtulos de Champions, tentou ser o terceiro pelo Brasil em 2026, mas parou nas oitavas de final diante da Noruega. O curr\u00edculo pesa. E [&hellip;]<\/p>\n","protected":false},"author":1,"featured_media":282398,"comment_status":"open","ping_status":"closed","sticky":false,"template":"","format":"standard","meta":{"footnotes":""},"categories":[1],"tags":[],"class_list":["post-282397","post","type-post","status-publish","format-standard","has-post-thumbnail","hentry","category-flamengo"],"yoast_head":"<!-- This site is optimized with the Yoast SEO Premium plugin v24.2 (Yoast SEO v26.9) - https:\/\/yoast.com\/product\/yoast-seo-premium-wordpress\/ -->\n<title>Champions vs Copa: t\u00e9cnicos campe\u00f5es em sele\u00e7\u00f5es na Copa 2026<\/title>\n<meta name=\"description\" content=\"S\u00f3 2 t\u00e9cnicos campe\u00f5es da Champions venceram a Copa do Mundo. Veja a trajet\u00f3ria de Ancelotti, Del Bosque e Lippi e por que clube e sele\u00e7\u00e3o s\u00e3o mundos distintos.\" \/>\n<meta name=\"robots\" content=\"index, follow, max-snippet:-1, max-image-preview:large, max-video-preview:-1\" \/>\n<link rel=\"canonical\" href=\"https:\/\/www.gaveanews.com\/index.php\/2026\/09\/03\/champions-vs-copa-os-tecnicos-consagrados-em-clubes-que-buscam-fazer-historia-em-selecoes\/\" \/>\n<meta property=\"og:locale\" content=\"pt_BR\" \/>\n<meta property=\"og:type\" content=\"article\" \/>\n<meta property=\"og:title\" content=\"Champions vs Copa: Os t\u00e9cnicos consagrados em clubes que buscam fazer hist\u00f3ria em sele\u00e7\u00f5es\" \/>\n<meta property=\"og:description\" content=\"S\u00f3 2 t\u00e9cnicos campe\u00f5es da Champions venceram a Copa do Mundo. Veja a trajet\u00f3ria de Ancelotti, Del Bosque e Lippi e por que clube e sele\u00e7\u00e3o s\u00e3o mundos distintos.\" \/>\n<meta property=\"og:url\" content=\"https:\/\/www.gaveanews.com\/index.php\/2026\/09\/03\/champions-vs-copa-os-tecnicos-consagrados-em-clubes-que-buscam-fazer-historia-em-selecoes\/\" \/>\n<meta property=\"og:site_name\" content=\"G\u00e1vea News\" \/>\n<meta property=\"article:publisher\" content=\"https:\/\/facebook.com\/gaveaNews\/\" \/>\n<meta property=\"article:published_time\" content=\"2026-09-03T16:21:45+00:00\" \/>\n<meta property=\"article:modified_time\" content=\"2026-09-03T16:22:12+00:00\" \/>\n<meta property=\"og:image\" content=\"http:\/\/www.gaveanews.com\/wp-content\/uploads\/unnamed-1.png\" \/>\n\t<meta property=\"og:image:width\" content=\"860\" \/>\n\t<meta property=\"og:image:height\" content=\"484\" \/>\n\t<meta property=\"og:image:type\" content=\"image\/png\" \/>\n<meta name=\"author\" content=\"Equipe G\u00e1vea News\" \/>\n<meta name=\"twitter:card\" content=\"summary_large_image\" \/>\n<meta name=\"twitter:label1\" content=\"Escrito por\" \/>\n\t<meta name=\"twitter:data1\" content=\"Equipe G\u00e1vea News\" \/>\n\t<meta name=\"twitter:label2\" content=\"Est. tempo de leitura\" \/>\n\t<meta name=\"twitter:data2\" content=\"10 minutos\" \/>\n<script type=\"application\/ld+json\" class=\"yoast-schema-graph\">{\"@context\":\"https:\/\/schema.org\",\"@graph\":[{\"@type\":\"NewsArticle\",\"@id\":\"https:\/\/www.gaveanews.com\/index.php\/2026\/09\/03\/champions-vs-copa-os-tecnicos-consagrados-em-clubes-que-buscam-fazer-historia-em-selecoes\/#article\",\"isPartOf\":{\"@id\":\"https:\/\/www.gaveanews.com\/index.php\/2026\/09\/03\/champions-vs-copa-os-tecnicos-consagrados-em-clubes-que-buscam-fazer-historia-em-selecoes\/\"},\"author\":{\"name\":\"Equipe G\u00e1vea News\",\"@id\":\"https:\/\/www.gaveanews.com\/#\/schema\/person\/2ec14f73fb96be2caf28f91afb14749d\"},\"headline\":\"Champions vs Copa: Os t\u00e9cnicos consagrados em clubes que buscam fazer hist\u00f3ria em sele\u00e7\u00f5es\",\"datePublished\":\"2026-09-03T16:21:45+00:00\",\"dateModified\":\"2026-09-03T16:22:12+00:00\",\"mainEntityOfPage\":{\"@id\":\"https:\/\/www.gaveanews.com\/index.php\/2026\/09\/03\/champions-vs-copa-os-tecnicos-consagrados-em-clubes-que-buscam-fazer-historia-em-selecoes\/\"},\"wordCount\":1864,\"commentCount\":0,\"image\":{\"@id\":\"https:\/\/www.gaveanews.com\/index.php\/2026\/09\/03\/champions-vs-copa-os-tecnicos-consagrados-em-clubes-que-buscam-fazer-historia-em-selecoes\/#primaryimage\"},\"thumbnailUrl\":\"https:\/\/www.gaveanews.com\/wp-content\/uploads\/unnamed-1.png\",\"articleSection\":[\"Flamengo\"],\"inLanguage\":\"pt-BR\",\"potentialAction\":[{\"@type\":\"CommentAction\",\"name\":\"Comment\",\"target\":[\"https:\/\/www.gaveanews.com\/index.php\/2026\/09\/03\/champions-vs-copa-os-tecnicos-consagrados-em-clubes-que-buscam-fazer-historia-em-selecoes\/#respond\"]}],\"copyrightYear\":\"2026\",\"copyrightHolder\":{\"@id\":\"https:\/\/www.gaveanews.com\/#organization\"}},{\"@type\":\"WebPage\",\"@id\":\"https:\/\/www.gaveanews.com\/index.php\/2026\/09\/03\/champions-vs-copa-os-tecnicos-consagrados-em-clubes-que-buscam-fazer-historia-em-selecoes\/\",\"url\":\"https:\/\/www.gaveanews.com\/index.php\/2026\/09\/03\/champions-vs-copa-os-tecnicos-consagrados-em-clubes-que-buscam-fazer-historia-em-selecoes\/\",\"name\":\"Champions vs Copa: t\u00e9cnicos campe\u00f5es em sele\u00e7\u00f5es na Copa 2026\",\"isPartOf\":{\"@id\":\"https:\/\/www.gaveanews.com\/#website\"},\"primaryImageOfPage\":{\"@id\":\"https:\/\/www.gaveanews.com\/index.php\/2026\/09\/03\/champions-vs-copa-os-tecnicos-consagrados-em-clubes-que-buscam-fazer-historia-em-selecoes\/#primaryimage\"},\"image\":{\"@id\":\"https:\/\/www.gaveanews.com\/index.php\/2026\/09\/03\/champions-vs-copa-os-tecnicos-consagrados-em-clubes-que-buscam-fazer-historia-em-selecoes\/#primaryimage\"},\"thumbnailUrl\":\"https:\/\/www.gaveanews.com\/wp-content\/uploads\/unnamed-1.png\",\"datePublished\":\"2026-09-03T16:21:45+00:00\",\"dateModified\":\"2026-09-03T16:22:12+00:00\",\"author\":{\"@id\":\"https:\/\/www.gaveanews.com\/#\/schema\/person\/2ec14f73fb96be2caf28f91afb14749d\"},\"description\":\"S\u00f3 2 t\u00e9cnicos campe\u00f5es da Champions venceram a Copa do Mundo. Veja a trajet\u00f3ria de Ancelotti, Del Bosque e Lippi e por que clube e sele\u00e7\u00e3o s\u00e3o mundos distintos.\",\"breadcrumb\":{\"@id\":\"https:\/\/www.gaveanews.com\/index.php\/2026\/09\/03\/champions-vs-copa-os-tecnicos-consagrados-em-clubes-que-buscam-fazer-historia-em-selecoes\/#breadcrumb\"},\"inLanguage\":\"pt-BR\",\"potentialAction\":[{\"@type\":\"ReadAction\",\"target\":[\"https:\/\/www.gaveanews.com\/index.php\/2026\/09\/03\/champions-vs-copa-os-tecnicos-consagrados-em-clubes-que-buscam-fazer-historia-em-selecoes\/\"]}]},{\"@type\":\"ImageObject\",\"inLanguage\":\"pt-BR\",\"@id\":\"https:\/\/www.gaveanews.com\/index.php\/2026\/09\/03\/champions-vs-copa-os-tecnicos-consagrados-em-clubes-que-buscam-fazer-historia-em-selecoes\/#primaryimage\",\"url\":\"https:\/\/www.gaveanews.com\/wp-content\/uploads\/unnamed-1.png\",\"contentUrl\":\"https:\/\/www.gaveanews.com\/wp-content\/uploads\/unnamed-1.png\",\"width\":860,\"height\":484},{\"@type\":\"BreadcrumbList\",\"@id\":\"https:\/\/www.gaveanews.com\/index.php\/2026\/09\/03\/champions-vs-copa-os-tecnicos-consagrados-em-clubes-que-buscam-fazer-historia-em-selecoes\/#breadcrumb\",\"itemListElement\":[{\"@type\":\"ListItem\",\"position\":1,\"name\":\"Home\",\"item\":\"https:\/\/www.gaveanews.com\/\"},{\"@type\":\"ListItem\",\"position\":2,\"name\":\"Champions vs Copa: Os t\u00e9cnicos consagrados em clubes que buscam fazer hist\u00f3ria em sele\u00e7\u00f5es\"}]},{\"@type\":\"WebSite\",\"@id\":\"https:\/\/www.gaveanews.com\/#website\",\"url\":\"https:\/\/www.gaveanews.com\/\",\"name\":\"G\u00e1vea News\",\"description\":\"Veja todas as not\u00edcias sobre o Flamengo: Contrata\u00e7\u00f5es, categorias de base, resultados das partidas, tabela de classifica\u00e7\u00e3o, pr\u00f3ximos jogos!\",\"potentialAction\":[{\"@type\":\"SearchAction\",\"target\":{\"@type\":\"EntryPoint\",\"urlTemplate\":\"https:\/\/www.gaveanews.com\/?s={search_term_string}\"},\"query-input\":{\"@type\":\"PropertyValueSpecification\",\"valueRequired\":true,\"valueName\":\"search_term_string\"}}],\"inLanguage\":\"pt-BR\"},{\"@type\":\"Person\",\"@id\":\"https:\/\/www.gaveanews.com\/#\/schema\/person\/2ec14f73fb96be2caf28f91afb14749d\",\"name\":\"Equipe G\u00e1vea News\",\"image\":{\"@type\":\"ImageObject\",\"inLanguage\":\"pt-BR\",\"@id\":\"https:\/\/www.gaveanews.com\/#\/schema\/person\/image\/\",\"url\":\"https:\/\/secure.gravatar.com\/avatar\/1e1956f1facbffd3f8fa53a326721950116b3b9dc9bd44939c01180fd4a745a9?s=96&d=mm&r=g\",\"contentUrl\":\"https:\/\/secure.gravatar.com\/avatar\/1e1956f1facbffd3f8fa53a326721950116b3b9dc9bd44939c01180fd4a745a9?s=96&d=mm&r=g\",\"caption\":\"Equipe G\u00e1vea News\"}}]}<\/script>\n<!-- \/ Yoast SEO Premium plugin. -->","yoast_head_json":{"title":"Champions vs Copa: t\u00e9cnicos campe\u00f5es em sele\u00e7\u00f5es na Copa 2026","description":"S\u00f3 2 t\u00e9cnicos campe\u00f5es da Champions venceram a Copa do Mundo. Veja a trajet\u00f3ria de Ancelotti, Del Bosque e Lippi e por que clube e sele\u00e7\u00e3o s\u00e3o mundos distintos.","robots":{"index":"index","follow":"follow","max-snippet":"max-snippet:-1","max-image-preview":"max-image-preview:large","max-video-preview":"max-video-preview:-1"},"canonical":"https:\/\/www.gaveanews.com\/index.php\/2026\/09\/03\/champions-vs-copa-os-tecnicos-consagrados-em-clubes-que-buscam-fazer-historia-em-selecoes\/","og_locale":"pt_BR","og_type":"article","og_title":"Champions vs Copa: Os t\u00e9cnicos consagrados em clubes que buscam fazer hist\u00f3ria em sele\u00e7\u00f5es","og_description":"S\u00f3 2 t\u00e9cnicos campe\u00f5es da Champions venceram a Copa do Mundo. Veja a trajet\u00f3ria de Ancelotti, Del Bosque e Lippi e por que clube e sele\u00e7\u00e3o s\u00e3o mundos distintos.","og_url":"https:\/\/www.gaveanews.com\/index.php\/2026\/09\/03\/champions-vs-copa-os-tecnicos-consagrados-em-clubes-que-buscam-fazer-historia-em-selecoes\/","og_site_name":"G\u00e1vea News","article_publisher":"https:\/\/facebook.com\/gaveaNews\/","article_published_time":"2026-09-03T16:21:45+00:00","article_modified_time":"2026-09-03T16:22:12+00:00","og_image":[{"width":860,"height":484,"url":"http:\/\/www.gaveanews.com\/wp-content\/uploads\/unnamed-1.png","type":"image\/png"}],"author":"Equipe G\u00e1vea News","twitter_card":"summary_large_image","twitter_misc":{"Escrito por":"Equipe G\u00e1vea News","Est. tempo de leitura":"10 minutos"},"schema":{"@context":"https:\/\/schema.org","@graph":[{"@type":"NewsArticle","@id":"https:\/\/www.gaveanews.com\/index.php\/2026\/09\/03\/champions-vs-copa-os-tecnicos-consagrados-em-clubes-que-buscam-fazer-historia-em-selecoes\/#article","isPartOf":{"@id":"https:\/\/www.gaveanews.com\/index.php\/2026\/09\/03\/champions-vs-copa-os-tecnicos-consagrados-em-clubes-que-buscam-fazer-historia-em-selecoes\/"},"author":{"name":"Equipe G\u00e1vea News","@id":"https:\/\/www.gaveanews.com\/#\/schema\/person\/2ec14f73fb96be2caf28f91afb14749d"},"headline":"Champions vs Copa: Os t\u00e9cnicos consagrados em clubes que buscam fazer hist\u00f3ria em sele\u00e7\u00f5es","datePublished":"2026-09-03T16:21:45+00:00","dateModified":"2026-09-03T16:22:12+00:00","mainEntityOfPage":{"@id":"https:\/\/www.gaveanews.com\/index.php\/2026\/09\/03\/champions-vs-copa-os-tecnicos-consagrados-em-clubes-que-buscam-fazer-historia-em-selecoes\/"},"wordCount":1864,"commentCount":0,"image":{"@id":"https:\/\/www.gaveanews.com\/index.php\/2026\/09\/03\/champions-vs-copa-os-tecnicos-consagrados-em-clubes-que-buscam-fazer-historia-em-selecoes\/#primaryimage"},"thumbnailUrl":"https:\/\/www.gaveanews.com\/wp-content\/uploads\/unnamed-1.png","articleSection":["Flamengo"],"inLanguage":"pt-BR","potentialAction":[{"@type":"CommentAction","name":"Comment","target":["https:\/\/www.gaveanews.com\/index.php\/2026\/09\/03\/champions-vs-copa-os-tecnicos-consagrados-em-clubes-que-buscam-fazer-historia-em-selecoes\/#respond"]}],"copyrightYear":"2026","copyrightHolder":{"@id":"https:\/\/www.gaveanews.com\/#organization"}},{"@type":"WebPage","@id":"https:\/\/www.gaveanews.com\/index.php\/2026\/09\/03\/champions-vs-copa-os-tecnicos-consagrados-em-clubes-que-buscam-fazer-historia-em-selecoes\/","url":"https:\/\/www.gaveanews.com\/index.php\/2026\/09\/03\/champions-vs-copa-os-tecnicos-consagrados-em-clubes-que-buscam-fazer-historia-em-selecoes\/","name":"Champions vs Copa: t\u00e9cnicos campe\u00f5es em sele\u00e7\u00f5es na Copa 2026","isPartOf":{"@id":"https:\/\/www.gaveanews.com\/#website"},"primaryImageOfPage":{"@id":"https:\/\/www.gaveanews.com\/index.php\/2026\/09\/03\/champions-vs-copa-os-tecnicos-consagrados-em-clubes-que-buscam-fazer-historia-em-selecoes\/#primaryimage"},"image":{"@id":"https:\/\/www.gaveanews.com\/index.php\/2026\/09\/03\/champions-vs-copa-os-tecnicos-consagrados-em-clubes-que-buscam-fazer-historia-em-selecoes\/#primaryimage"},"thumbnailUrl":"https:\/\/www.gaveanews.com\/wp-content\/uploads\/unnamed-1.png","datePublished":"2026-09-03T16:21:45+00:00","dateModified":"2026-09-03T16:22:12+00:00","author":{"@id":"https:\/\/www.gaveanews.com\/#\/schema\/person\/2ec14f73fb96be2caf28f91afb14749d"},"description":"S\u00f3 2 t\u00e9cnicos campe\u00f5es da Champions venceram a Copa do Mundo. Veja a trajet\u00f3ria de Ancelotti, Del Bosque e Lippi e por que clube e sele\u00e7\u00e3o s\u00e3o mundos distintos.","breadcrumb":{"@id":"https:\/\/www.gaveanews.com\/index.php\/2026\/09\/03\/champions-vs-copa-os-tecnicos-consagrados-em-clubes-que-buscam-fazer-historia-em-selecoes\/#breadcrumb"},"inLanguage":"pt-BR","potentialAction":[{"@type":"ReadAction","target":["https:\/\/www.gaveanews.com\/index.php\/2026\/09\/03\/champions-vs-copa-os-tecnicos-consagrados-em-clubes-que-buscam-fazer-historia-em-selecoes\/"]}]},{"@type":"ImageObject","inLanguage":"pt-BR","@id":"https:\/\/www.gaveanews.com\/index.php\/2026\/09\/03\/champions-vs-copa-os-tecnicos-consagrados-em-clubes-que-buscam-fazer-historia-em-selecoes\/#primaryimage","url":"https:\/\/www.gaveanews.com\/wp-content\/uploads\/unnamed-1.png","contentUrl":"https:\/\/www.gaveanews.com\/wp-content\/uploads\/unnamed-1.png","width":860,"height":484},{"@type":"BreadcrumbList","@id":"https:\/\/www.gaveanews.com\/index.php\/2026\/09\/03\/champions-vs-copa-os-tecnicos-consagrados-em-clubes-que-buscam-fazer-historia-em-selecoes\/#breadcrumb","itemListElement":[{"@type":"ListItem","position":1,"name":"Home","item":"https:\/\/www.gaveanews.com\/"},{"@type":"ListItem","position":2,"name":"Champions vs Copa: Os t\u00e9cnicos consagrados em clubes que buscam fazer hist\u00f3ria em sele\u00e7\u00f5es"}]},{"@type":"WebSite","@id":"https:\/\/www.gaveanews.com\/#website","url":"https:\/\/www.gaveanews.com\/","name":"G\u00e1vea News","description":"Veja todas as not\u00edcias sobre o Flamengo: Contrata\u00e7\u00f5es, categorias de base, resultados das partidas, tabela de classifica\u00e7\u00e3o, pr\u00f3ximos jogos!","potentialAction":[{"@type":"SearchAction","target":{"@type":"EntryPoint","urlTemplate":"https:\/\/www.gaveanews.com\/?s={search_term_string}"},"query-input":{"@type":"PropertyValueSpecification","valueRequired":true,"valueName":"search_term_string"}}],"inLanguage":"pt-BR"},{"@type":"Person","@id":"https:\/\/www.gaveanews.com\/#\/schema\/person\/2ec14f73fb96be2caf28f91afb14749d","name":"Equipe G\u00e1vea News","image":{"@type":"ImageObject","inLanguage":"pt-BR","@id":"https:\/\/www.gaveanews.com\/#\/schema\/person\/image\/","url":"https:\/\/secure.gravatar.com\/avatar\/1e1956f1facbffd3f8fa53a326721950116b3b9dc9bd44939c01180fd4a745a9?s=96&d=mm&r=g","contentUrl":"https:\/\/secure.gravatar.com\/avatar\/1e1956f1facbffd3f8fa53a326721950116b3b9dc9bd44939c01180fd4a745a9?s=96&d=mm&r=g","caption":"Equipe G\u00e1vea News"}}]}},"_links":{"self":[{"href":"https:\/\/www.gaveanews.com\/index.php\/wp-json\/wp\/v2\/posts\/282397","targetHints":{"allow":["GET"]}}],"collection":[{"href":"https:\/\/www.gaveanews.com\/index.php\/wp-json\/wp\/v2\/posts"}],"about":[{"href":"https:\/\/www.gaveanews.com\/index.php\/wp-json\/wp\/v2\/types\/post"}],"author":[{"embeddable":true,"href":"https:\/\/www.gaveanews.com\/index.php\/wp-json\/wp\/v2\/users\/1"}],"replies":[{"embeddable":true,"href":"https:\/\/www.gaveanews.com\/index.php\/wp-json\/wp\/v2\/comments?post=282397"}],"version-history":[{"count":1,"href":"https:\/\/www.gaveanews.com\/index.php\/wp-json\/wp\/v2\/posts\/282397\/revisions"}],"predecessor-version":[{"id":282400,"href":"https:\/\/www.gaveanews.com\/index.php\/wp-json\/wp\/v2\/posts\/282397\/revisions\/282400"}],"wp:featuredmedia":[{"embeddable":true,"href":"https:\/\/www.gaveanews.com\/index.php\/wp-json\/wp\/v2\/media\/282398"}],"wp:attachment":[{"href":"https:\/\/www.gaveanews.com\/index.php\/wp-json\/wp\/v2\/media?parent=282397"}],"wp:term":[{"taxonomy":"category","embeddable":true,"href":"https:\/\/www.gaveanews.com\/index.php\/wp-json\/wp\/v2\/categories?post=282397"},{"taxonomy":"post_tag","embeddable":true,"href":"https:\/\/www.gaveanews.com\/index.php\/wp-json\/wp\/v2\/tags?post=282397"}],"curies":[{"name":"wp","href":"https:\/\/api.w.org\/{rel}","templated":true}]}}