{"id":28617,"date":"2019-09-26T18:40:42","date_gmt":"2019-09-26T21:40:42","guid":{"rendered":"http:\/\/www.gaveanews.com\/?p=28617"},"modified":"2019-09-30T21:58:44","modified_gmt":"2019-10-01T00:58:44","slug":"revoltadinho-atacante-peruano-do-internacional-paolo-guerrero-apaga-fotos-com-a-camisa-do-flamengo-em-rede-social","status":"publish","type":"post","link":"https:\/\/www.gaveanews.com\/index.php\/2019\/09\/26\/revoltadinho-atacante-peruano-do-internacional-paolo-guerrero-apaga-fotos-com-a-camisa-do-flamengo-em-rede-social\/","title":{"rendered":"Revoltadinho? Atacante peruano do Internacional, Paolo Guerrero apaga fotos com a camisa do Flamengo em rede social"},"content":{"rendered":"\n<p>O fim foi estranho, cada um foi para seu lado. Meses se passaram e, nos reencontros, sobrou raiva para os dois lados. Calma, leitor(a), n\u00e3o estamos falando DAQUELA pessoa \u2013 mas de Paolo Guerrero e o Flamengo. Nesta quinta-feira (26), ap\u00f3s mais uma derrota para o Rubro-Negro, o atacante peruano do Internacional tomou uma atitude com a maturidade de um(a) ex-namorado(a) com raiva: apagou todas as fotos com o Manto Sagrado de suas redes sociais.<\/p>\n\n\n\n<p>Com raiva ap\u00f3s mais uma atua\u00e7\u00e3o p\u00edfia diante do Fla, o peruano tentou apagar sua pr\u00f3pria hist\u00f3ria. Resta tentar adivinhar qual momento da noite o levou a tomar tal atitude: a torcida do Flamengo, os chiliques em campo, a cavada de p\u00eanalti, o cart\u00e3o vermelho bisonho ou a derrota no placar. Por outro lado, os torcedores presentes no Maracan\u00e3 aproveitaram para comemorar (mais um) gol de Gabriel Barbosa e deixar claro que n\u00e3o h\u00e1 saudade por aqui.<\/p>\n\n\n\n<p>O atacante, por\u00e9m, esqueceu de apagar uma foto. Em novembro de 2016, Guerrero chegou a postar celebrando a volta do Mais Querido ao Maracan\u00e3 para enfrentar o Santos \u2013 clube que, atualmente, briga por t\u00edtulo junto ao Flamengo. A Na\u00e7\u00e3o, rindo da atitude esdr\u00faxula, concentrou os \u201celogios\u201d ao antigo camisa nove justamente nesta publica\u00e7\u00e3o. E, como forma de ironia, o alertaram para tal descuido.<\/p>\n\n\n\n<p><strong>Confira:<\/strong><\/p>\n\n\n\n<figure class=\"wp-block-image\"><img decoding=\"async\" src=\"https:\/\/colunadofla.com\/wp-content\/uploads\/2019\/09\/whatsapp-image-2019-09-26-at-16-50-37.webp\" alt=\"\"\/><\/figure>\n\n\n\n<figure class=\"wp-block-image\"><img decoding=\"async\" src=\"https:\/\/colunadofla.com\/wp-content\/uploads\/2019\/09\/whatsapp-image-2019-09-26-at-16-55-39.webp\" alt=\"\"\/><\/figure>\n\n\n\n<p>Retirado de: Coluna do Fla<\/p>\n\n\n","protected":false},"excerpt":{"rendered":"<p>O fim foi estranho, cada um foi para seu lado. Meses se passaram e, nos reencontros, sobrou raiva para os dois lados. Calma, leitor(a), n\u00e3o estamos falando DAQUELA pessoa \u2013 mas de Paolo Guerrero e o Flamengo. Nesta quinta-feira (26), ap\u00f3s mais uma derrota para o Rubro-Negro, o atacante peruano do Internacional tomou uma atitude [&hellip;]<\/p>\n","protected":false},"author":1,"featured_media":15184,"comment_status":"open","ping_status":"open","sticky":false,"template":"","format":"standard","meta":{"footnotes":""},"categories":[1],"tags":[],"class_list":["post-28617","post","type-post","status-publish","format-standard","has-post-thumbnail","hentry","category-flamengo"],"yoast_head":"<!-- This site is optimized with the Yoast SEO Premium plugin v24.2 (Yoast SEO v26.9) - https:\/\/yoast.com\/product\/yoast-seo-premium-wordpress\/ -->\n<title>Revoltadinho? Atacante peruano do Internacional, Paolo Guerrero apaga fotos com a camisa do Flamengo em rede social<\/title>\n<meta name=\"robots\" content=\"index, follow, max-snippet:-1, max-image-preview:large, max-video-preview:-1\" \/>\n<link rel=\"canonical\" href=\"https:\/\/www.gaveanews.com\/index.php\/2019\/09\/26\/revoltadinho-atacante-peruano-do-internacional-paolo-guerrero-apaga-fotos-com-a-camisa-do-flamengo-em-rede-social\/\" \/>\n<meta property=\"og:locale\" content=\"pt_BR\" \/>\n<meta property=\"og:type\" content=\"article\" \/>\n<meta property=\"og:title\" content=\"Revoltadinho? Atacante peruano do Internacional, Paolo Guerrero apaga fotos com a camisa do Flamengo em rede social\" \/>\n<meta property=\"og:description\" content=\"O fim foi estranho, cada um foi para seu lado. Meses se passaram e, nos reencontros, sobrou raiva para os dois lados. Calma, leitor(a), n\u00e3o estamos falando DAQUELA pessoa \u2013 mas de Paolo Guerrero e o Flamengo. Nesta quinta-feira (26), ap\u00f3s mais uma derrota para o Rubro-Negro, o atacante peruano do Internacional tomou uma atitude [&hellip;]\" \/>\n<meta property=\"og:url\" content=\"https:\/\/www.gaveanews.com\/index.php\/2019\/09\/26\/revoltadinho-atacante-peruano-do-internacional-paolo-guerrero-apaga-fotos-com-a-camisa-do-flamengo-em-rede-social\/\" \/>\n<meta property=\"og:site_name\" content=\"G\u00e1vea News\" \/>\n<meta property=\"article:publisher\" content=\"https:\/\/facebook.com\/gaveaNews\/\" \/>\n<meta property=\"article:published_time\" content=\"2019-09-26T21:40:42+00:00\" \/>\n<meta property=\"article:modified_time\" content=\"2019-10-01T00:58:44+00:00\" \/>\n<meta property=\"og:image\" content=\"https:\/\/www.gaveanews.com\/wp-content\/uploads\/2019\/03\/Entrada-do-Ninho-do-Urubu.webp\" \/>\n\t<meta property=\"og:image:width\" content=\"846\" \/>\n\t<meta property=\"og:image:height\" content=\"564\" \/>\n\t<meta property=\"og:image:type\" content=\"image\/jpeg\" \/>\n<meta name=\"author\" content=\"Equipe G\u00e1vea News\" \/>\n<meta name=\"twitter:card\" content=\"summary_large_image\" \/>\n<meta name=\"twitter:label1\" content=\"Escrito por\" \/>\n\t<meta name=\"twitter:data1\" content=\"Equipe G\u00e1vea News\" \/>\n\t<meta name=\"twitter:label2\" content=\"Est. tempo de leitura\" \/>\n\t<meta name=\"twitter:data2\" content=\"1 minuto\" \/>\n<script type=\"application\/ld+json\" class=\"yoast-schema-graph\">{\"@context\":\"https:\/\/schema.org\",\"@graph\":[{\"@type\":\"NewsArticle\",\"@id\":\"https:\/\/www.gaveanews.com\/index.php\/2019\/09\/26\/revoltadinho-atacante-peruano-do-internacional-paolo-guerrero-apaga-fotos-com-a-camisa-do-flamengo-em-rede-social\/#article\",\"isPartOf\":{\"@id\":\"https:\/\/www.gaveanews.com\/index.php\/2019\/09\/26\/revoltadinho-atacante-peruano-do-internacional-paolo-guerrero-apaga-fotos-com-a-camisa-do-flamengo-em-rede-social\/\"},\"author\":{\"name\":\"Equipe G\u00e1vea News\",\"@id\":\"https:\/\/www.gaveanews.com\/#\/schema\/person\/2ec14f73fb96be2caf28f91afb14749d\"},\"headline\":\"Revoltadinho? Atacante peruano do Internacional, Paolo Guerrero apaga fotos com a camisa do Flamengo em rede social\",\"datePublished\":\"2019-09-26T21:40:42+00:00\",\"dateModified\":\"2019-10-01T00:58:44+00:00\",\"mainEntityOfPage\":{\"@id\":\"https:\/\/www.gaveanews.com\/index.php\/2019\/09\/26\/revoltadinho-atacante-peruano-do-internacional-paolo-guerrero-apaga-fotos-com-a-camisa-do-flamengo-em-rede-social\/\"},\"wordCount\":253,\"commentCount\":0,\"image\":{\"@id\":\"https:\/\/www.gaveanews.com\/index.php\/2019\/09\/26\/revoltadinho-atacante-peruano-do-internacional-paolo-guerrero-apaga-fotos-com-a-camisa-do-flamengo-em-rede-social\/#primaryimage\"},\"thumbnailUrl\":\"https:\/\/www.gaveanews.com\/wp-content\/uploads\/2019\/03\/Entrada-do-Ninho-do-Urubu.webp\",\"articleSection\":[\"Flamengo\"],\"inLanguage\":\"pt-BR\",\"potentialAction\":[{\"@type\":\"CommentAction\",\"name\":\"Comment\",\"target\":[\"https:\/\/www.gaveanews.com\/index.php\/2019\/09\/26\/revoltadinho-atacante-peruano-do-internacional-paolo-guerrero-apaga-fotos-com-a-camisa-do-flamengo-em-rede-social\/#respond\"]}],\"copyrightYear\":\"2019\",\"copyrightHolder\":{\"@id\":\"https:\/\/www.gaveanews.com\/#organization\"}},{\"@type\":\"WebPage\",\"@id\":\"https:\/\/www.gaveanews.com\/index.php\/2019\/09\/26\/revoltadinho-atacante-peruano-do-internacional-paolo-guerrero-apaga-fotos-com-a-camisa-do-flamengo-em-rede-social\/\",\"url\":\"https:\/\/www.gaveanews.com\/index.php\/2019\/09\/26\/revoltadinho-atacante-peruano-do-internacional-paolo-guerrero-apaga-fotos-com-a-camisa-do-flamengo-em-rede-social\/\",\"name\":\"Revoltadinho? Atacante peruano do Internacional, Paolo Guerrero apaga fotos com a camisa do Flamengo em rede social\",\"isPartOf\":{\"@id\":\"https:\/\/www.gaveanews.com\/#website\"},\"primaryImageOfPage\":{\"@id\":\"https:\/\/www.gaveanews.com\/index.php\/2019\/09\/26\/revoltadinho-atacante-peruano-do-internacional-paolo-guerrero-apaga-fotos-com-a-camisa-do-flamengo-em-rede-social\/#primaryimage\"},\"image\":{\"@id\":\"https:\/\/www.gaveanews.com\/index.php\/2019\/09\/26\/revoltadinho-atacante-peruano-do-internacional-paolo-guerrero-apaga-fotos-com-a-camisa-do-flamengo-em-rede-social\/#primaryimage\"},\"thumbnailUrl\":\"https:\/\/www.gaveanews.com\/wp-content\/uploads\/2019\/03\/Entrada-do-Ninho-do-Urubu.webp\",\"datePublished\":\"2019-09-26T21:40:42+00:00\",\"dateModified\":\"2019-10-01T00:58:44+00:00\",\"author\":{\"@id\":\"https:\/\/www.gaveanews.com\/#\/schema\/person\/2ec14f73fb96be2caf28f91afb14749d\"},\"breadcrumb\":{\"@id\":\"https:\/\/www.gaveanews.com\/index.php\/2019\/09\/26\/revoltadinho-atacante-peruano-do-internacional-paolo-guerrero-apaga-fotos-com-a-camisa-do-flamengo-em-rede-social\/#breadcrumb\"},\"inLanguage\":\"pt-BR\",\"potentialAction\":[{\"@type\":\"ReadAction\",\"target\":[\"https:\/\/www.gaveanews.com\/index.php\/2019\/09\/26\/revoltadinho-atacante-peruano-do-internacional-paolo-guerrero-apaga-fotos-com-a-camisa-do-flamengo-em-rede-social\/\"]}]},{\"@type\":\"ImageObject\",\"inLanguage\":\"pt-BR\",\"@id\":\"https:\/\/www.gaveanews.com\/index.php\/2019\/09\/26\/revoltadinho-atacante-peruano-do-internacional-paolo-guerrero-apaga-fotos-com-a-camisa-do-flamengo-em-rede-social\/#primaryimage\",\"url\":\"https:\/\/www.gaveanews.com\/wp-content\/uploads\/2019\/03\/Entrada-do-Ninho-do-Urubu.webp\",\"contentUrl\":\"https:\/\/www.gaveanews.com\/wp-content\/uploads\/2019\/03\/Entrada-do-Ninho-do-Urubu.webp\",\"width\":846,\"height\":564,\"caption\":\"Entrada do Ninho do Urubu (Foto: Gilvan de Souza\/Flamengo)\"},{\"@type\":\"BreadcrumbList\",\"@id\":\"https:\/\/www.gaveanews.com\/index.php\/2019\/09\/26\/revoltadinho-atacante-peruano-do-internacional-paolo-guerrero-apaga-fotos-com-a-camisa-do-flamengo-em-rede-social\/#breadcrumb\",\"itemListElement\":[{\"@type\":\"ListItem\",\"position\":1,\"name\":\"Home\",\"item\":\"https:\/\/www.gaveanews.com\/\"},{\"@type\":\"ListItem\",\"position\":2,\"name\":\"Revoltadinho? Atacante peruano do Internacional, Paolo Guerrero apaga fotos com a camisa do Flamengo em rede social\"}]},{\"@type\":\"WebSite\",\"@id\":\"https:\/\/www.gaveanews.com\/#website\",\"url\":\"https:\/\/www.gaveanews.com\/\",\"name\":\"G\u00e1vea News\",\"description\":\"Veja todas as not\u00edcias sobre o Flamengo: Contrata\u00e7\u00f5es, categorias de base, resultados das partidas, tabela de classifica\u00e7\u00e3o, pr\u00f3ximos jogos!\",\"potentialAction\":[{\"@type\":\"SearchAction\",\"target\":{\"@type\":\"EntryPoint\",\"urlTemplate\":\"https:\/\/www.gaveanews.com\/?s={search_term_string}\"},\"query-input\":{\"@type\":\"PropertyValueSpecification\",\"valueRequired\":true,\"valueName\":\"search_term_string\"}}],\"inLanguage\":\"pt-BR\"},{\"@type\":\"Person\",\"@id\":\"https:\/\/www.gaveanews.com\/#\/schema\/person\/2ec14f73fb96be2caf28f91afb14749d\",\"name\":\"Equipe G\u00e1vea News\",\"image\":{\"@type\":\"ImageObject\",\"inLanguage\":\"pt-BR\",\"@id\":\"https:\/\/www.gaveanews.com\/#\/schema\/person\/image\/\",\"url\":\"https:\/\/secure.gravatar.com\/avatar\/1e1956f1facbffd3f8fa53a326721950116b3b9dc9bd44939c01180fd4a745a9?s=96&d=mm&r=g\",\"contentUrl\":\"https:\/\/secure.gravatar.com\/avatar\/1e1956f1facbffd3f8fa53a326721950116b3b9dc9bd44939c01180fd4a745a9?s=96&d=mm&r=g\",\"caption\":\"Equipe G\u00e1vea News\"}}]}<\/script>\n<!-- \/ Yoast SEO Premium plugin. -->","yoast_head_json":{"title":"Revoltadinho? Atacante peruano do Internacional, Paolo Guerrero apaga fotos com a camisa do Flamengo em rede social","robots":{"index":"index","follow":"follow","max-snippet":"max-snippet:-1","max-image-preview":"max-image-preview:large","max-video-preview":"max-video-preview:-1"},"canonical":"https:\/\/www.gaveanews.com\/index.php\/2019\/09\/26\/revoltadinho-atacante-peruano-do-internacional-paolo-guerrero-apaga-fotos-com-a-camisa-do-flamengo-em-rede-social\/","og_locale":"pt_BR","og_type":"article","og_title":"Revoltadinho? Atacante peruano do Internacional, Paolo Guerrero apaga fotos com a camisa do Flamengo em rede social","og_description":"O fim foi estranho, cada um foi para seu lado. Meses se passaram e, nos reencontros, sobrou raiva para os dois lados. Calma, leitor(a), n\u00e3o estamos falando DAQUELA pessoa \u2013 mas de Paolo Guerrero e o Flamengo. Nesta quinta-feira (26), ap\u00f3s mais uma derrota para o Rubro-Negro, o atacante peruano do Internacional tomou uma atitude [&hellip;]","og_url":"https:\/\/www.gaveanews.com\/index.php\/2019\/09\/26\/revoltadinho-atacante-peruano-do-internacional-paolo-guerrero-apaga-fotos-com-a-camisa-do-flamengo-em-rede-social\/","og_site_name":"G\u00e1vea News","article_publisher":"https:\/\/facebook.com\/gaveaNews\/","article_published_time":"2019-09-26T21:40:42+00:00","article_modified_time":"2019-10-01T00:58:44+00:00","og_image":[{"width":846,"height":564,"url":"https:\/\/www.gaveanews.com\/wp-content\/uploads\/2019\/03\/Entrada-do-Ninho-do-Urubu.webp","type":"image\/jpeg"}],"author":"Equipe G\u00e1vea News","twitter_card":"summary_large_image","twitter_misc":{"Escrito por":"Equipe G\u00e1vea News","Est. tempo de leitura":"1 minuto"},"schema":{"@context":"https:\/\/schema.org","@graph":[{"@type":"NewsArticle","@id":"https:\/\/www.gaveanews.com\/index.php\/2019\/09\/26\/revoltadinho-atacante-peruano-do-internacional-paolo-guerrero-apaga-fotos-com-a-camisa-do-flamengo-em-rede-social\/#article","isPartOf":{"@id":"https:\/\/www.gaveanews.com\/index.php\/2019\/09\/26\/revoltadinho-atacante-peruano-do-internacional-paolo-guerrero-apaga-fotos-com-a-camisa-do-flamengo-em-rede-social\/"},"author":{"name":"Equipe G\u00e1vea News","@id":"https:\/\/www.gaveanews.com\/#\/schema\/person\/2ec14f73fb96be2caf28f91afb14749d"},"headline":"Revoltadinho? Atacante peruano do Internacional, Paolo Guerrero apaga fotos com a camisa do Flamengo em rede social","datePublished":"2019-09-26T21:40:42+00:00","dateModified":"2019-10-01T00:58:44+00:00","mainEntityOfPage":{"@id":"https:\/\/www.gaveanews.com\/index.php\/2019\/09\/26\/revoltadinho-atacante-peruano-do-internacional-paolo-guerrero-apaga-fotos-com-a-camisa-do-flamengo-em-rede-social\/"},"wordCount":253,"commentCount":0,"image":{"@id":"https:\/\/www.gaveanews.com\/index.php\/2019\/09\/26\/revoltadinho-atacante-peruano-do-internacional-paolo-guerrero-apaga-fotos-com-a-camisa-do-flamengo-em-rede-social\/#primaryimage"},"thumbnailUrl":"https:\/\/www.gaveanews.com\/wp-content\/uploads\/2019\/03\/Entrada-do-Ninho-do-Urubu.webp","articleSection":["Flamengo"],"inLanguage":"pt-BR","potentialAction":[{"@type":"CommentAction","name":"Comment","target":["https:\/\/www.gaveanews.com\/index.php\/2019\/09\/26\/revoltadinho-atacante-peruano-do-internacional-paolo-guerrero-apaga-fotos-com-a-camisa-do-flamengo-em-rede-social\/#respond"]}],"copyrightYear":"2019","copyrightHolder":{"@id":"https:\/\/www.gaveanews.com\/#organization"}},{"@type":"WebPage","@id":"https:\/\/www.gaveanews.com\/index.php\/2019\/09\/26\/revoltadinho-atacante-peruano-do-internacional-paolo-guerrero-apaga-fotos-com-a-camisa-do-flamengo-em-rede-social\/","url":"https:\/\/www.gaveanews.com\/index.php\/2019\/09\/26\/revoltadinho-atacante-peruano-do-internacional-paolo-guerrero-apaga-fotos-com-a-camisa-do-flamengo-em-rede-social\/","name":"Revoltadinho? Atacante peruano do Internacional, Paolo Guerrero apaga fotos com a camisa do Flamengo em rede social","isPartOf":{"@id":"https:\/\/www.gaveanews.com\/#website"},"primaryImageOfPage":{"@id":"https:\/\/www.gaveanews.com\/index.php\/2019\/09\/26\/revoltadinho-atacante-peruano-do-internacional-paolo-guerrero-apaga-fotos-com-a-camisa-do-flamengo-em-rede-social\/#primaryimage"},"image":{"@id":"https:\/\/www.gaveanews.com\/index.php\/2019\/09\/26\/revoltadinho-atacante-peruano-do-internacional-paolo-guerrero-apaga-fotos-com-a-camisa-do-flamengo-em-rede-social\/#primaryimage"},"thumbnailUrl":"https:\/\/www.gaveanews.com\/wp-content\/uploads\/2019\/03\/Entrada-do-Ninho-do-Urubu.webp","datePublished":"2019-09-26T21:40:42+00:00","dateModified":"2019-10-01T00:58:44+00:00","author":{"@id":"https:\/\/www.gaveanews.com\/#\/schema\/person\/2ec14f73fb96be2caf28f91afb14749d"},"breadcrumb":{"@id":"https:\/\/www.gaveanews.com\/index.php\/2019\/09\/26\/revoltadinho-atacante-peruano-do-internacional-paolo-guerrero-apaga-fotos-com-a-camisa-do-flamengo-em-rede-social\/#breadcrumb"},"inLanguage":"pt-BR","potentialAction":[{"@type":"ReadAction","target":["https:\/\/www.gaveanews.com\/index.php\/2019\/09\/26\/revoltadinho-atacante-peruano-do-internacional-paolo-guerrero-apaga-fotos-com-a-camisa-do-flamengo-em-rede-social\/"]}]},{"@type":"ImageObject","inLanguage":"pt-BR","@id":"https:\/\/www.gaveanews.com\/index.php\/2019\/09\/26\/revoltadinho-atacante-peruano-do-internacional-paolo-guerrero-apaga-fotos-com-a-camisa-do-flamengo-em-rede-social\/#primaryimage","url":"https:\/\/www.gaveanews.com\/wp-content\/uploads\/2019\/03\/Entrada-do-Ninho-do-Urubu.webp","contentUrl":"https:\/\/www.gaveanews.com\/wp-content\/uploads\/2019\/03\/Entrada-do-Ninho-do-Urubu.webp","width":846,"height":564,"caption":"Entrada do Ninho do Urubu (Foto: Gilvan de Souza\/Flamengo)"},{"@type":"BreadcrumbList","@id":"https:\/\/www.gaveanews.com\/index.php\/2019\/09\/26\/revoltadinho-atacante-peruano-do-internacional-paolo-guerrero-apaga-fotos-com-a-camisa-do-flamengo-em-rede-social\/#breadcrumb","itemListElement":[{"@type":"ListItem","position":1,"name":"Home","item":"https:\/\/www.gaveanews.com\/"},{"@type":"ListItem","position":2,"name":"Revoltadinho? Atacante peruano do Internacional, Paolo Guerrero apaga fotos com a camisa do Flamengo em rede social"}]},{"@type":"WebSite","@id":"https:\/\/www.gaveanews.com\/#website","url":"https:\/\/www.gaveanews.com\/","name":"G\u00e1vea News","description":"Veja todas as not\u00edcias sobre o Flamengo: Contrata\u00e7\u00f5es, categorias de base, resultados das partidas, tabela de classifica\u00e7\u00e3o, pr\u00f3ximos jogos!","potentialAction":[{"@type":"SearchAction","target":{"@type":"EntryPoint","urlTemplate":"https:\/\/www.gaveanews.com\/?s={search_term_string}"},"query-input":{"@type":"PropertyValueSpecification","valueRequired":true,"valueName":"search_term_string"}}],"inLanguage":"pt-BR"},{"@type":"Person","@id":"https:\/\/www.gaveanews.com\/#\/schema\/person\/2ec14f73fb96be2caf28f91afb14749d","name":"Equipe G\u00e1vea News","image":{"@type":"ImageObject","inLanguage":"pt-BR","@id":"https:\/\/www.gaveanews.com\/#\/schema\/person\/image\/","url":"https:\/\/secure.gravatar.com\/avatar\/1e1956f1facbffd3f8fa53a326721950116b3b9dc9bd44939c01180fd4a745a9?s=96&d=mm&r=g","contentUrl":"https:\/\/secure.gravatar.com\/avatar\/1e1956f1facbffd3f8fa53a326721950116b3b9dc9bd44939c01180fd4a745a9?s=96&d=mm&r=g","caption":"Equipe G\u00e1vea News"}}]}},"_links":{"self":[{"href":"https:\/\/www.gaveanews.com\/index.php\/wp-json\/wp\/v2\/posts\/28617","targetHints":{"allow":["GET"]}}],"collection":[{"href":"https:\/\/www.gaveanews.com\/index.php\/wp-json\/wp\/v2\/posts"}],"about":[{"href":"https:\/\/www.gaveanews.com\/index.php\/wp-json\/wp\/v2\/types\/post"}],"author":[{"embeddable":true,"href":"https:\/\/www.gaveanews.com\/index.php\/wp-json\/wp\/v2\/users\/1"}],"replies":[{"embeddable":true,"href":"https:\/\/www.gaveanews.com\/index.php\/wp-json\/wp\/v2\/comments?post=28617"}],"version-history":[{"count":0,"href":"https:\/\/www.gaveanews.com\/index.php\/wp-json\/wp\/v2\/posts\/28617\/revisions"}],"wp:featuredmedia":[{"embeddable":true,"href":"https:\/\/www.gaveanews.com\/index.php\/wp-json\/wp\/v2\/media\/15184"}],"wp:attachment":[{"href":"https:\/\/www.gaveanews.com\/index.php\/wp-json\/wp\/v2\/media?parent=28617"}],"wp:term":[{"taxonomy":"category","embeddable":true,"href":"https:\/\/www.gaveanews.com\/index.php\/wp-json\/wp\/v2\/categories?post=28617"},{"taxonomy":"post_tag","embeddable":true,"href":"https:\/\/www.gaveanews.com\/index.php\/wp-json\/wp\/v2\/tags?post=28617"}],"curies":[{"name":"wp","href":"https:\/\/api.w.org\/{rel}","templated":true}]}}