{"id":28635,"date":"2019-09-27T07:30:51","date_gmt":"2019-09-27T10:30:51","guid":{"rendered":"http:\/\/www.gaveanews.com\/?p=28635"},"modified":"2024-04-07T09:50:49","modified_gmt":"2024-04-07T12:50:49","slug":"atacante-do-flamengo-gabigol-manda-resposta-para-romario-apos-publicacao-do-baixinho","status":"publish","type":"post","link":"https:\/\/www.gaveanews.com\/index.php\/2019\/09\/27\/atacante-do-flamengo-gabigol-manda-resposta-para-romario-apos-publicacao-do-baixinho\/","title":{"rendered":"Atacante do Flamengo, Gabigol manda resposta para Rom\u00e1rio ap\u00f3s publica\u00e7\u00e3o do \u2018baixinho\u2019"},"content":{"rendered":"\n<p>Uma tabelinha lotada de gols, belas jogadas, rubro-negrismo e solidariedade. Assim pode ser resumida a intera\u00e7\u00e3o ocorrida na \u00faltima quinta-feira (26 de setembro). De craque para craque, o ex-atacante Rom\u00e1rio elogiou o artilheiro rubro-negro deste temporada, Gabigol. <\/p>\n\n\n\n<p>O jovem atacante n\u00e3o escondeu a sua felicidade e atrav\u00e9s de seu perfil oficial no Twitter, agradeceu ao <em>baixinho<\/em>: &#8220;Tamo junto \u00eddolo&#8221;, publicou Gabriel Barbosa. <\/p>\n\n\n\n<p><strong>Veja a publica\u00e7\u00e3o abaixo:<\/strong><\/p>\n\n\n\n<figure class=\"wp-block-embed-twitter wp-block-embed is-type-rich is-provider-twitter\"><div class=\"wp-block-embed__wrapper\">\n<blockquote class=\"twitter-tweet\" data-width=\"550\" data-dnt=\"true\"><p lang=\"es\" dir=\"ltr\">Tamo junto \u00eddolo \u2764\ufe0f\ud83e\udd1f\ud83c\udffd <a href=\"https:\/\/t.co\/R0yYymUx05\">https:\/\/t.co\/R0yYymUx05<\/a><\/p>&mdash; Gabriel Barbosa (@gabigol) <a href=\"https:\/\/twitter.com\/gabigol\/status\/1177244286850650113?ref_src=twsrc%5Etfw\">September 26, 2019<\/a><\/blockquote><script async src=\"https:\/\/platform.twitter.com\/widgets.js\" charset=\"utf-8\"><\/script>\n<\/div><\/figure>\n\n\n\n<p>Ap\u00f3s a aposentadoria dos gramados, Rom\u00e1rio entrou para a pol\u00edtica. Depois de um mandato como deputado, se elegeu senador \u2013 cargo que ocupa at\u00e9 hoje. O Peixe sempre foi grande defensor da bandeira da inclus\u00e3o de pessoas com defici\u00eancias e tem uma lista de projetos de lei que beneficiam esta parcela da sociedade. Assim, n\u00e3o foi surpresa quando postou em suas redes sociais elogiando Gabigol e Jorge Jesus, que fizeram, nos \u00faltimos jogos, gestos em LIBRAS (Linguagem Brasileira de Sinais) para comemorar.<\/p>\n\n\n\n<p>Gabriel foi o precursor da ideia. Ap\u00f3s ser proibido de comemorar seus gols com a tradicional plaquinha de \u201cHoje tem gol do Gabigol\u201d, o atacante recorreu a uma alternativa. Ao balan\u00e7ar a rede no jogo contra o Cruzeiro, no \u00faltimo s\u00e1bado (21), o camisa nove foi pra a c\u00e2mera da transmiss\u00e3o e reproduziu a frase em LIBRAS. Ele explicou a ideia depois da partida.<\/p>\n\n\n\n<p>Nos dias seguintes a este jogo, o elenco do Flamengo recebeu, no Ninho do Urubu, pessoas com defici\u00eancia auditiva. Jorge Jesus foi um dos mais empolgados e mostrou isso ao final da vit\u00f3ria sobre o Internacional, na \u00faltima quarta-feira (25). O Mister tamb\u00e9m foi em dire\u00e7\u00e3o a uma c\u00e2mera e, em LIBRAS, disse \u201cFlamengo, eu te amo\u201d.<\/p>\n\n\n\n<p>Adaptado de: Coluna do Fla<\/p>\n\n\n","protected":false},"excerpt":{"rendered":"<p>Uma tabelinha lotada de gols, belas jogadas, rubro-negrismo e solidariedade. Assim pode ser resumida a intera\u00e7\u00e3o ocorrida na \u00faltima quinta-feira (26 de setembro). De craque para craque, o ex-atacante Rom\u00e1rio elogiou o artilheiro rubro-negro deste temporada, Gabigol. O jovem atacante n\u00e3o escondeu a sua felicidade e atrav\u00e9s de seu perfil oficial no Twitter, agradeceu ao [&hellip;]<\/p>\n","protected":false},"author":1,"featured_media":14775,"comment_status":"open","ping_status":"open","sticky":false,"template":"","format":"standard","meta":{"footnotes":""},"categories":[1],"tags":[209],"class_list":["post-28635","post","type-post","status-publish","format-standard","has-post-thumbnail","hentry","category-flamengo","tag-romario"],"yoast_head":"<!-- This site is optimized with the Yoast SEO Premium plugin v24.2 (Yoast SEO v26.9) - https:\/\/yoast.com\/product\/yoast-seo-premium-wordpress\/ -->\n<title>Atacante do Flamengo, Gabigol manda resposta para Rom\u00e1rio ap\u00f3s publica\u00e7\u00e3o do \u2018baixinho\u2019<\/title>\n<meta name=\"robots\" content=\"index, follow, max-snippet:-1, max-image-preview:large, max-video-preview:-1\" \/>\n<link rel=\"canonical\" href=\"https:\/\/www.gaveanews.com\/index.php\/2019\/09\/27\/atacante-do-flamengo-gabigol-manda-resposta-para-romario-apos-publicacao-do-baixinho\/\" \/>\n<meta property=\"og:locale\" content=\"pt_BR\" \/>\n<meta property=\"og:type\" content=\"article\" \/>\n<meta property=\"og:title\" content=\"Atacante do Flamengo, Gabigol manda resposta para Rom\u00e1rio ap\u00f3s publica\u00e7\u00e3o do \u2018baixinho\u2019\" \/>\n<meta property=\"og:description\" content=\"Uma tabelinha lotada de gols, belas jogadas, rubro-negrismo e solidariedade. Assim pode ser resumida a intera\u00e7\u00e3o ocorrida na \u00faltima quinta-feira (26 de setembro). De craque para craque, o ex-atacante Rom\u00e1rio elogiou o artilheiro rubro-negro deste temporada, Gabigol. O jovem atacante n\u00e3o escondeu a sua felicidade e atrav\u00e9s de seu perfil oficial no Twitter, agradeceu ao [&hellip;]\" \/>\n<meta property=\"og:url\" content=\"https:\/\/www.gaveanews.com\/index.php\/2019\/09\/27\/atacante-do-flamengo-gabigol-manda-resposta-para-romario-apos-publicacao-do-baixinho\/\" \/>\n<meta property=\"og:site_name\" content=\"G\u00e1vea News\" \/>\n<meta property=\"article:publisher\" content=\"https:\/\/facebook.com\/gaveaNews\/\" \/>\n<meta property=\"article:published_time\" content=\"2019-09-27T10:30:51+00:00\" \/>\n<meta property=\"article:modified_time\" content=\"2024-04-07T12:50:49+00:00\" \/>\n<meta property=\"og:image\" content=\"https:\/\/www.gaveanews.com\/wp-content\/uploads\/2019\/03\/Gabigol-em-acao-pelo-Flamengo-na-partida-de-estreia-da-Libertadores-de-2019.webp\" \/>\n\t<meta property=\"og:image:width\" content=\"1\" \/>\n\t<meta property=\"og:image:height\" content=\"1\" \/>\n\t<meta property=\"og:image:type\" content=\"image\/jpeg\" \/>\n<meta name=\"author\" content=\"Equipe G\u00e1vea News\" \/>\n<meta name=\"twitter:card\" content=\"summary_large_image\" \/>\n<meta name=\"twitter:label1\" content=\"Escrito por\" \/>\n\t<meta name=\"twitter:data1\" content=\"Equipe G\u00e1vea News\" \/>\n\t<meta name=\"twitter:label2\" content=\"Est. tempo de leitura\" \/>\n\t<meta name=\"twitter:data2\" content=\"2 minutos\" \/>\n<script type=\"application\/ld+json\" class=\"yoast-schema-graph\">{\"@context\":\"https:\/\/schema.org\",\"@graph\":[{\"@type\":\"NewsArticle\",\"@id\":\"https:\/\/www.gaveanews.com\/index.php\/2019\/09\/27\/atacante-do-flamengo-gabigol-manda-resposta-para-romario-apos-publicacao-do-baixinho\/#article\",\"isPartOf\":{\"@id\":\"https:\/\/www.gaveanews.com\/index.php\/2019\/09\/27\/atacante-do-flamengo-gabigol-manda-resposta-para-romario-apos-publicacao-do-baixinho\/\"},\"author\":{\"name\":\"Equipe G\u00e1vea News\",\"@id\":\"https:\/\/www.gaveanews.com\/#\/schema\/person\/2ec14f73fb96be2caf28f91afb14749d\"},\"headline\":\"Atacante do Flamengo, Gabigol manda resposta para Rom\u00e1rio ap\u00f3s publica\u00e7\u00e3o do \u2018baixinho\u2019\",\"datePublished\":\"2019-09-27T10:30:51+00:00\",\"dateModified\":\"2024-04-07T12:50:49+00:00\",\"mainEntityOfPage\":{\"@id\":\"https:\/\/www.gaveanews.com\/index.php\/2019\/09\/27\/atacante-do-flamengo-gabigol-manda-resposta-para-romario-apos-publicacao-do-baixinho\/\"},\"wordCount\":331,\"commentCount\":0,\"image\":{\"@id\":\"https:\/\/www.gaveanews.com\/index.php\/2019\/09\/27\/atacante-do-flamengo-gabigol-manda-resposta-para-romario-apos-publicacao-do-baixinho\/#primaryimage\"},\"thumbnailUrl\":\"https:\/\/www.gaveanews.com\/wp-content\/uploads\/2019\/03\/Gabigol-em-acao-pelo-Flamengo-na-partida-de-estreia-da-Libertadores-de-2019.webp\",\"keywords\":[\"Rom\u00e1rio\"],\"articleSection\":[\"Flamengo\"],\"inLanguage\":\"pt-BR\",\"potentialAction\":[{\"@type\":\"CommentAction\",\"name\":\"Comment\",\"target\":[\"https:\/\/www.gaveanews.com\/index.php\/2019\/09\/27\/atacante-do-flamengo-gabigol-manda-resposta-para-romario-apos-publicacao-do-baixinho\/#respond\"]}],\"copyrightYear\":\"2019\",\"copyrightHolder\":{\"@id\":\"https:\/\/www.gaveanews.com\/#organization\"}},{\"@type\":\"WebPage\",\"@id\":\"https:\/\/www.gaveanews.com\/index.php\/2019\/09\/27\/atacante-do-flamengo-gabigol-manda-resposta-para-romario-apos-publicacao-do-baixinho\/\",\"url\":\"https:\/\/www.gaveanews.com\/index.php\/2019\/09\/27\/atacante-do-flamengo-gabigol-manda-resposta-para-romario-apos-publicacao-do-baixinho\/\",\"name\":\"Atacante do Flamengo, Gabigol manda resposta para Rom\u00e1rio ap\u00f3s publica\u00e7\u00e3o do \u2018baixinho\u2019\",\"isPartOf\":{\"@id\":\"https:\/\/www.gaveanews.com\/#website\"},\"primaryImageOfPage\":{\"@id\":\"https:\/\/www.gaveanews.com\/index.php\/2019\/09\/27\/atacante-do-flamengo-gabigol-manda-resposta-para-romario-apos-publicacao-do-baixinho\/#primaryimage\"},\"image\":{\"@id\":\"https:\/\/www.gaveanews.com\/index.php\/2019\/09\/27\/atacante-do-flamengo-gabigol-manda-resposta-para-romario-apos-publicacao-do-baixinho\/#primaryimage\"},\"thumbnailUrl\":\"https:\/\/www.gaveanews.com\/wp-content\/uploads\/2019\/03\/Gabigol-em-acao-pelo-Flamengo-na-partida-de-estreia-da-Libertadores-de-2019.webp\",\"datePublished\":\"2019-09-27T10:30:51+00:00\",\"dateModified\":\"2024-04-07T12:50:49+00:00\",\"author\":{\"@id\":\"https:\/\/www.gaveanews.com\/#\/schema\/person\/2ec14f73fb96be2caf28f91afb14749d\"},\"breadcrumb\":{\"@id\":\"https:\/\/www.gaveanews.com\/index.php\/2019\/09\/27\/atacante-do-flamengo-gabigol-manda-resposta-para-romario-apos-publicacao-do-baixinho\/#breadcrumb\"},\"inLanguage\":\"pt-BR\",\"potentialAction\":[{\"@type\":\"ReadAction\",\"target\":[\"https:\/\/www.gaveanews.com\/index.php\/2019\/09\/27\/atacante-do-flamengo-gabigol-manda-resposta-para-romario-apos-publicacao-do-baixinho\/\"]}]},{\"@type\":\"ImageObject\",\"inLanguage\":\"pt-BR\",\"@id\":\"https:\/\/www.gaveanews.com\/index.php\/2019\/09\/27\/atacante-do-flamengo-gabigol-manda-resposta-para-romario-apos-publicacao-do-baixinho\/#primaryimage\",\"url\":\"https:\/\/www.gaveanews.com\/wp-content\/uploads\/2019\/03\/Gabigol-em-acao-pelo-Flamengo-na-partida-de-estreia-da-Libertadores-de-2019.webp\",\"contentUrl\":\"https:\/\/www.gaveanews.com\/wp-content\/uploads\/2019\/03\/Gabigol-em-acao-pelo-Flamengo-na-partida-de-estreia-da-Libertadores-de-2019.webp\",\"caption\":\"Gabigol em a\u00e7\u00e3o pelo Flamengo na partida de estreia da Libertadores de 2019 (Foto: Alexandre Vidal\/Flamengo)\"},{\"@type\":\"BreadcrumbList\",\"@id\":\"https:\/\/www.gaveanews.com\/index.php\/2019\/09\/27\/atacante-do-flamengo-gabigol-manda-resposta-para-romario-apos-publicacao-do-baixinho\/#breadcrumb\",\"itemListElement\":[{\"@type\":\"ListItem\",\"position\":1,\"name\":\"Home\",\"item\":\"https:\/\/www.gaveanews.com\/\"},{\"@type\":\"ListItem\",\"position\":2,\"name\":\"Atacante do Flamengo, Gabigol manda resposta para Rom\u00e1rio ap\u00f3s publica\u00e7\u00e3o do \u2018baixinho\u2019\"}]},{\"@type\":\"WebSite\",\"@id\":\"https:\/\/www.gaveanews.com\/#website\",\"url\":\"https:\/\/www.gaveanews.com\/\",\"name\":\"G\u00e1vea News\",\"description\":\"Veja todas as not\u00edcias sobre o Flamengo: Contrata\u00e7\u00f5es, categorias de base, resultados das partidas, tabela de classifica\u00e7\u00e3o, pr\u00f3ximos jogos!\",\"potentialAction\":[{\"@type\":\"SearchAction\",\"target\":{\"@type\":\"EntryPoint\",\"urlTemplate\":\"https:\/\/www.gaveanews.com\/?s={search_term_string}\"},\"query-input\":{\"@type\":\"PropertyValueSpecification\",\"valueRequired\":true,\"valueName\":\"search_term_string\"}}],\"inLanguage\":\"pt-BR\"},{\"@type\":\"Person\",\"@id\":\"https:\/\/www.gaveanews.com\/#\/schema\/person\/2ec14f73fb96be2caf28f91afb14749d\",\"name\":\"Equipe G\u00e1vea News\",\"image\":{\"@type\":\"ImageObject\",\"inLanguage\":\"pt-BR\",\"@id\":\"https:\/\/www.gaveanews.com\/#\/schema\/person\/image\/\",\"url\":\"https:\/\/secure.gravatar.com\/avatar\/1e1956f1facbffd3f8fa53a326721950116b3b9dc9bd44939c01180fd4a745a9?s=96&d=mm&r=g\",\"contentUrl\":\"https:\/\/secure.gravatar.com\/avatar\/1e1956f1facbffd3f8fa53a326721950116b3b9dc9bd44939c01180fd4a745a9?s=96&d=mm&r=g\",\"caption\":\"Equipe G\u00e1vea News\"}}]}<\/script>\n<!-- \/ Yoast SEO Premium plugin. -->","yoast_head_json":{"title":"Atacante do Flamengo, Gabigol manda resposta para Rom\u00e1rio ap\u00f3s publica\u00e7\u00e3o do \u2018baixinho\u2019","robots":{"index":"index","follow":"follow","max-snippet":"max-snippet:-1","max-image-preview":"max-image-preview:large","max-video-preview":"max-video-preview:-1"},"canonical":"https:\/\/www.gaveanews.com\/index.php\/2019\/09\/27\/atacante-do-flamengo-gabigol-manda-resposta-para-romario-apos-publicacao-do-baixinho\/","og_locale":"pt_BR","og_type":"article","og_title":"Atacante do Flamengo, Gabigol manda resposta para Rom\u00e1rio ap\u00f3s publica\u00e7\u00e3o do \u2018baixinho\u2019","og_description":"Uma tabelinha lotada de gols, belas jogadas, rubro-negrismo e solidariedade. Assim pode ser resumida a intera\u00e7\u00e3o ocorrida na \u00faltima quinta-feira (26 de setembro). De craque para craque, o ex-atacante Rom\u00e1rio elogiou o artilheiro rubro-negro deste temporada, Gabigol. O jovem atacante n\u00e3o escondeu a sua felicidade e atrav\u00e9s de seu perfil oficial no Twitter, agradeceu ao [&hellip;]","og_url":"https:\/\/www.gaveanews.com\/index.php\/2019\/09\/27\/atacante-do-flamengo-gabigol-manda-resposta-para-romario-apos-publicacao-do-baixinho\/","og_site_name":"G\u00e1vea News","article_publisher":"https:\/\/facebook.com\/gaveaNews\/","article_published_time":"2019-09-27T10:30:51+00:00","article_modified_time":"2024-04-07T12:50:49+00:00","og_image":[{"url":"https:\/\/www.gaveanews.com\/wp-content\/uploads\/2019\/03\/Gabigol-em-acao-pelo-Flamengo-na-partida-de-estreia-da-Libertadores-de-2019.webp","width":1,"height":1,"type":"image\/jpeg"}],"author":"Equipe G\u00e1vea News","twitter_card":"summary_large_image","twitter_misc":{"Escrito por":"Equipe G\u00e1vea News","Est. tempo de leitura":"2 minutos"},"schema":{"@context":"https:\/\/schema.org","@graph":[{"@type":"NewsArticle","@id":"https:\/\/www.gaveanews.com\/index.php\/2019\/09\/27\/atacante-do-flamengo-gabigol-manda-resposta-para-romario-apos-publicacao-do-baixinho\/#article","isPartOf":{"@id":"https:\/\/www.gaveanews.com\/index.php\/2019\/09\/27\/atacante-do-flamengo-gabigol-manda-resposta-para-romario-apos-publicacao-do-baixinho\/"},"author":{"name":"Equipe G\u00e1vea News","@id":"https:\/\/www.gaveanews.com\/#\/schema\/person\/2ec14f73fb96be2caf28f91afb14749d"},"headline":"Atacante do Flamengo, Gabigol manda resposta para Rom\u00e1rio ap\u00f3s publica\u00e7\u00e3o do \u2018baixinho\u2019","datePublished":"2019-09-27T10:30:51+00:00","dateModified":"2024-04-07T12:50:49+00:00","mainEntityOfPage":{"@id":"https:\/\/www.gaveanews.com\/index.php\/2019\/09\/27\/atacante-do-flamengo-gabigol-manda-resposta-para-romario-apos-publicacao-do-baixinho\/"},"wordCount":331,"commentCount":0,"image":{"@id":"https:\/\/www.gaveanews.com\/index.php\/2019\/09\/27\/atacante-do-flamengo-gabigol-manda-resposta-para-romario-apos-publicacao-do-baixinho\/#primaryimage"},"thumbnailUrl":"https:\/\/www.gaveanews.com\/wp-content\/uploads\/2019\/03\/Gabigol-em-acao-pelo-Flamengo-na-partida-de-estreia-da-Libertadores-de-2019.webp","keywords":["Rom\u00e1rio"],"articleSection":["Flamengo"],"inLanguage":"pt-BR","potentialAction":[{"@type":"CommentAction","name":"Comment","target":["https:\/\/www.gaveanews.com\/index.php\/2019\/09\/27\/atacante-do-flamengo-gabigol-manda-resposta-para-romario-apos-publicacao-do-baixinho\/#respond"]}],"copyrightYear":"2019","copyrightHolder":{"@id":"https:\/\/www.gaveanews.com\/#organization"}},{"@type":"WebPage","@id":"https:\/\/www.gaveanews.com\/index.php\/2019\/09\/27\/atacante-do-flamengo-gabigol-manda-resposta-para-romario-apos-publicacao-do-baixinho\/","url":"https:\/\/www.gaveanews.com\/index.php\/2019\/09\/27\/atacante-do-flamengo-gabigol-manda-resposta-para-romario-apos-publicacao-do-baixinho\/","name":"Atacante do Flamengo, Gabigol manda resposta para Rom\u00e1rio ap\u00f3s publica\u00e7\u00e3o do \u2018baixinho\u2019","isPartOf":{"@id":"https:\/\/www.gaveanews.com\/#website"},"primaryImageOfPage":{"@id":"https:\/\/www.gaveanews.com\/index.php\/2019\/09\/27\/atacante-do-flamengo-gabigol-manda-resposta-para-romario-apos-publicacao-do-baixinho\/#primaryimage"},"image":{"@id":"https:\/\/www.gaveanews.com\/index.php\/2019\/09\/27\/atacante-do-flamengo-gabigol-manda-resposta-para-romario-apos-publicacao-do-baixinho\/#primaryimage"},"thumbnailUrl":"https:\/\/www.gaveanews.com\/wp-content\/uploads\/2019\/03\/Gabigol-em-acao-pelo-Flamengo-na-partida-de-estreia-da-Libertadores-de-2019.webp","datePublished":"2019-09-27T10:30:51+00:00","dateModified":"2024-04-07T12:50:49+00:00","author":{"@id":"https:\/\/www.gaveanews.com\/#\/schema\/person\/2ec14f73fb96be2caf28f91afb14749d"},"breadcrumb":{"@id":"https:\/\/www.gaveanews.com\/index.php\/2019\/09\/27\/atacante-do-flamengo-gabigol-manda-resposta-para-romario-apos-publicacao-do-baixinho\/#breadcrumb"},"inLanguage":"pt-BR","potentialAction":[{"@type":"ReadAction","target":["https:\/\/www.gaveanews.com\/index.php\/2019\/09\/27\/atacante-do-flamengo-gabigol-manda-resposta-para-romario-apos-publicacao-do-baixinho\/"]}]},{"@type":"ImageObject","inLanguage":"pt-BR","@id":"https:\/\/www.gaveanews.com\/index.php\/2019\/09\/27\/atacante-do-flamengo-gabigol-manda-resposta-para-romario-apos-publicacao-do-baixinho\/#primaryimage","url":"https:\/\/www.gaveanews.com\/wp-content\/uploads\/2019\/03\/Gabigol-em-acao-pelo-Flamengo-na-partida-de-estreia-da-Libertadores-de-2019.webp","contentUrl":"https:\/\/www.gaveanews.com\/wp-content\/uploads\/2019\/03\/Gabigol-em-acao-pelo-Flamengo-na-partida-de-estreia-da-Libertadores-de-2019.webp","caption":"Gabigol em a\u00e7\u00e3o pelo Flamengo na partida de estreia da Libertadores de 2019 (Foto: Alexandre Vidal\/Flamengo)"},{"@type":"BreadcrumbList","@id":"https:\/\/www.gaveanews.com\/index.php\/2019\/09\/27\/atacante-do-flamengo-gabigol-manda-resposta-para-romario-apos-publicacao-do-baixinho\/#breadcrumb","itemListElement":[{"@type":"ListItem","position":1,"name":"Home","item":"https:\/\/www.gaveanews.com\/"},{"@type":"ListItem","position":2,"name":"Atacante do Flamengo, Gabigol manda resposta para Rom\u00e1rio ap\u00f3s publica\u00e7\u00e3o do \u2018baixinho\u2019"}]},{"@type":"WebSite","@id":"https:\/\/www.gaveanews.com\/#website","url":"https:\/\/www.gaveanews.com\/","name":"G\u00e1vea News","description":"Veja todas as not\u00edcias sobre o Flamengo: Contrata\u00e7\u00f5es, categorias de base, resultados das partidas, tabela de classifica\u00e7\u00e3o, pr\u00f3ximos jogos!","potentialAction":[{"@type":"SearchAction","target":{"@type":"EntryPoint","urlTemplate":"https:\/\/www.gaveanews.com\/?s={search_term_string}"},"query-input":{"@type":"PropertyValueSpecification","valueRequired":true,"valueName":"search_term_string"}}],"inLanguage":"pt-BR"},{"@type":"Person","@id":"https:\/\/www.gaveanews.com\/#\/schema\/person\/2ec14f73fb96be2caf28f91afb14749d","name":"Equipe G\u00e1vea News","image":{"@type":"ImageObject","inLanguage":"pt-BR","@id":"https:\/\/www.gaveanews.com\/#\/schema\/person\/image\/","url":"https:\/\/secure.gravatar.com\/avatar\/1e1956f1facbffd3f8fa53a326721950116b3b9dc9bd44939c01180fd4a745a9?s=96&d=mm&r=g","contentUrl":"https:\/\/secure.gravatar.com\/avatar\/1e1956f1facbffd3f8fa53a326721950116b3b9dc9bd44939c01180fd4a745a9?s=96&d=mm&r=g","caption":"Equipe G\u00e1vea News"}}]}},"_links":{"self":[{"href":"https:\/\/www.gaveanews.com\/index.php\/wp-json\/wp\/v2\/posts\/28635","targetHints":{"allow":["GET"]}}],"collection":[{"href":"https:\/\/www.gaveanews.com\/index.php\/wp-json\/wp\/v2\/posts"}],"about":[{"href":"https:\/\/www.gaveanews.com\/index.php\/wp-json\/wp\/v2\/types\/post"}],"author":[{"embeddable":true,"href":"https:\/\/www.gaveanews.com\/index.php\/wp-json\/wp\/v2\/users\/1"}],"replies":[{"embeddable":true,"href":"https:\/\/www.gaveanews.com\/index.php\/wp-json\/wp\/v2\/comments?post=28635"}],"version-history":[{"count":1,"href":"https:\/\/www.gaveanews.com\/index.php\/wp-json\/wp\/v2\/posts\/28635\/revisions"}],"predecessor-version":[{"id":137192,"href":"https:\/\/www.gaveanews.com\/index.php\/wp-json\/wp\/v2\/posts\/28635\/revisions\/137192"}],"wp:featuredmedia":[{"embeddable":true,"href":"https:\/\/www.gaveanews.com\/index.php\/wp-json\/wp\/v2\/media\/14775"}],"wp:attachment":[{"href":"https:\/\/www.gaveanews.com\/index.php\/wp-json\/wp\/v2\/media?parent=28635"}],"wp:term":[{"taxonomy":"category","embeddable":true,"href":"https:\/\/www.gaveanews.com\/index.php\/wp-json\/wp\/v2\/categories?post=28635"},{"taxonomy":"post_tag","embeddable":true,"href":"https:\/\/www.gaveanews.com\/index.php\/wp-json\/wp\/v2\/tags?post=28635"}],"curies":[{"name":"wp","href":"https:\/\/api.w.org\/{rel}","templated":true}]}}