{"id":28649,"date":"2019-09-27T10:35:48","date_gmt":"2019-09-27T13:35:48","guid":{"rendered":"http:\/\/www.gaveanews.com\/?p=28649"},"modified":"2019-09-30T21:59:13","modified_gmt":"2019-10-01T00:59:13","slug":"meia-atacante-do-flamengo-renova-por-cinco-anos-com-direito-a-multa-recorde-de-r-365-milhoes","status":"publish","type":"post","link":"https:\/\/www.gaveanews.com\/index.php\/2019\/09\/27\/meia-atacante-do-flamengo-renova-por-cinco-anos-com-direito-a-multa-recorde-de-r-365-milhoes\/","title":{"rendered":"Meia-atacante do Flamengo renova por cinco anos com direito a multa recorde de R$ 365 milh\u00f5es"},"content":{"rendered":"\n<p>A participa\u00e7\u00e3o decisiva no t\u00edtulo do Campeonato Brasileiro e a temporada de destaque n\u00e3o garantiram a L\u00e1zaro um lugar no Mundial Sub-17. No Flamengo, por\u00e9m, a joia segue em alta e com futuro trilhado. O clube definiu nesta quinta-feira a renova\u00e7\u00e3o do contrato do meia-atacante por cinco anos com direito a multa recorde: R$ 365 milh\u00f5es (80 mi de euros).<\/p>\n\n\n\n<p>O valor \u00e9 superior ao estipulado para nomes badalados como Vinicius J\u00fanior e Reinier em outras situa\u00e7\u00f5es. O acordo est\u00e1 selado e ser\u00e1 colocado no papel no ano que vem, quando L\u00e1zaro completa 18 anos, dia 12 de mar\u00e7o. O v\u00ednculo vai at\u00e9 mar\u00e7o 2025 &#8211; o contrato atual se encerraria em 2021 \u2013 e um termo de compromisso ser\u00e1 assinado nos pr\u00f3ximos dias.<\/p>\n\n\n\n<p>L\u00e1zaro foi o artilheiro e melhor jogador do t\u00edtulo brasileiro sub-17, diante do Corinthians, e participou a \u00faltima fase de treinos da Sele\u00e7\u00e3o, mas ficou fora da lista final de Guilherme Dalla Dea. Com 20 gols em 22 jogos na categoria em 2019, o jovem j\u00e1 foi al\u00e7ado ao sub-20 e marcou um gol e quatro partidas.<\/p>\n\n\n\n<p>Com a renova\u00e7\u00e3o do contrato, o Flamengo se protege do ass\u00e9dio de clubes europeus. L\u00e1zaro j\u00e1 foi destaque em jornais espanh\u00f3is como pr\u00f3xima joia rubro-negra na linhagem de Reinier e Vin\u00edcius Junior.<\/p>\n\n\n\n<figure class=\"wp-block-image\"><img decoding=\"async\" src=\"https:\/\/s2.glbimg.com\/ZNGrlU8rC_TM-QXy0H7LCJtnusQ=\/0x0:1242x1372\/1600x0\/smart\/filters:strip_icc()\/s.glbimg.com\/es\/ge\/f\/original\/2019\/08\/13\/lazaro.webp\" alt=\"\"\/><\/figure>\n\n\n\n<p>O jovem do Real Madrid, por sinal, compartilha da mesma gest\u00e3o de carreira de L\u00e1zaro: a TFM, do agente Ulysses Le\u00e3o, que conduziu as negocia\u00e7\u00f5es com o Flamengo em parceria com Bruno Lopes, da Global Players Sports.<\/p>\n\n\n\n<p>Retirado de: Globo Esporte<\/p>\n\n\n","protected":false},"excerpt":{"rendered":"<p>A participa\u00e7\u00e3o decisiva no t\u00edtulo do Campeonato Brasileiro e a temporada de destaque n\u00e3o garantiram a L\u00e1zaro um lugar no Mundial Sub-17. No Flamengo, por\u00e9m, a joia segue em alta e com futuro trilhado. O clube definiu nesta quinta-feira a renova\u00e7\u00e3o do contrato do meia-atacante por cinco anos com direito a multa recorde: R$ 365 [&hellip;]<\/p>\n","protected":false},"author":1,"featured_media":15184,"comment_status":"open","ping_status":"open","sticky":false,"template":"","format":"standard","meta":{"footnotes":""},"categories":[1],"tags":[],"class_list":["post-28649","post","type-post","status-publish","format-standard","has-post-thumbnail","hentry","category-flamengo"],"yoast_head":"<!-- This site is optimized with the Yoast SEO Premium plugin v24.2 (Yoast SEO v26.9) - https:\/\/yoast.com\/product\/yoast-seo-premium-wordpress\/ -->\n<title>Meia-atacante do Flamengo renova por cinco anos com direito a multa recorde de R$ 365 milh\u00f5es<\/title>\n<meta name=\"robots\" content=\"index, follow, max-snippet:-1, max-image-preview:large, max-video-preview:-1\" \/>\n<link rel=\"canonical\" href=\"https:\/\/www.gaveanews.com\/index.php\/2019\/09\/27\/meia-atacante-do-flamengo-renova-por-cinco-anos-com-direito-a-multa-recorde-de-r-365-milhoes\/\" \/>\n<meta property=\"og:locale\" content=\"pt_BR\" \/>\n<meta property=\"og:type\" content=\"article\" \/>\n<meta property=\"og:title\" content=\"Meia-atacante do Flamengo renova por cinco anos com direito a multa recorde de R$ 365 milh\u00f5es\" \/>\n<meta property=\"og:description\" content=\"A participa\u00e7\u00e3o decisiva no t\u00edtulo do Campeonato Brasileiro e a temporada de destaque n\u00e3o garantiram a L\u00e1zaro um lugar no Mundial Sub-17. No Flamengo, por\u00e9m, a joia segue em alta e com futuro trilhado. O clube definiu nesta quinta-feira a renova\u00e7\u00e3o do contrato do meia-atacante por cinco anos com direito a multa recorde: R$ 365 [&hellip;]\" \/>\n<meta property=\"og:url\" content=\"https:\/\/www.gaveanews.com\/index.php\/2019\/09\/27\/meia-atacante-do-flamengo-renova-por-cinco-anos-com-direito-a-multa-recorde-de-r-365-milhoes\/\" \/>\n<meta property=\"og:site_name\" content=\"G\u00e1vea News\" \/>\n<meta property=\"article:publisher\" content=\"https:\/\/facebook.com\/gaveaNews\/\" \/>\n<meta property=\"article:published_time\" content=\"2019-09-27T13:35:48+00:00\" \/>\n<meta property=\"article:modified_time\" content=\"2019-10-01T00:59:13+00:00\" \/>\n<meta property=\"og:image\" content=\"https:\/\/www.gaveanews.com\/wp-content\/uploads\/2019\/03\/Entrada-do-Ninho-do-Urubu.webp\" \/>\n\t<meta property=\"og:image:width\" content=\"846\" \/>\n\t<meta property=\"og:image:height\" content=\"564\" \/>\n\t<meta property=\"og:image:type\" content=\"image\/jpeg\" \/>\n<meta name=\"author\" content=\"Equipe G\u00e1vea News\" \/>\n<meta name=\"twitter:card\" content=\"summary_large_image\" \/>\n<meta name=\"twitter:label1\" content=\"Escrito por\" \/>\n\t<meta name=\"twitter:data1\" content=\"Equipe G\u00e1vea News\" \/>\n\t<meta name=\"twitter:label2\" content=\"Est. tempo de leitura\" \/>\n\t<meta name=\"twitter:data2\" content=\"1 minuto\" \/>\n<script type=\"application\/ld+json\" class=\"yoast-schema-graph\">{\"@context\":\"https:\/\/schema.org\",\"@graph\":[{\"@type\":\"NewsArticle\",\"@id\":\"https:\/\/www.gaveanews.com\/index.php\/2019\/09\/27\/meia-atacante-do-flamengo-renova-por-cinco-anos-com-direito-a-multa-recorde-de-r-365-milhoes\/#article\",\"isPartOf\":{\"@id\":\"https:\/\/www.gaveanews.com\/index.php\/2019\/09\/27\/meia-atacante-do-flamengo-renova-por-cinco-anos-com-direito-a-multa-recorde-de-r-365-milhoes\/\"},\"author\":{\"name\":\"Equipe G\u00e1vea News\",\"@id\":\"https:\/\/www.gaveanews.com\/#\/schema\/person\/2ec14f73fb96be2caf28f91afb14749d\"},\"headline\":\"Meia-atacante do Flamengo renova por cinco anos com direito a multa recorde de R$ 365 milh\u00f5es\",\"datePublished\":\"2019-09-27T13:35:48+00:00\",\"dateModified\":\"2019-10-01T00:59:13+00:00\",\"mainEntityOfPage\":{\"@id\":\"https:\/\/www.gaveanews.com\/index.php\/2019\/09\/27\/meia-atacante-do-flamengo-renova-por-cinco-anos-com-direito-a-multa-recorde-de-r-365-milhoes\/\"},\"wordCount\":287,\"commentCount\":0,\"image\":{\"@id\":\"https:\/\/www.gaveanews.com\/index.php\/2019\/09\/27\/meia-atacante-do-flamengo-renova-por-cinco-anos-com-direito-a-multa-recorde-de-r-365-milhoes\/#primaryimage\"},\"thumbnailUrl\":\"https:\/\/www.gaveanews.com\/wp-content\/uploads\/2019\/03\/Entrada-do-Ninho-do-Urubu.webp\",\"articleSection\":[\"Flamengo\"],\"inLanguage\":\"pt-BR\",\"potentialAction\":[{\"@type\":\"CommentAction\",\"name\":\"Comment\",\"target\":[\"https:\/\/www.gaveanews.com\/index.php\/2019\/09\/27\/meia-atacante-do-flamengo-renova-por-cinco-anos-com-direito-a-multa-recorde-de-r-365-milhoes\/#respond\"]}],\"copyrightYear\":\"2019\",\"copyrightHolder\":{\"@id\":\"https:\/\/www.gaveanews.com\/#organization\"}},{\"@type\":\"WebPage\",\"@id\":\"https:\/\/www.gaveanews.com\/index.php\/2019\/09\/27\/meia-atacante-do-flamengo-renova-por-cinco-anos-com-direito-a-multa-recorde-de-r-365-milhoes\/\",\"url\":\"https:\/\/www.gaveanews.com\/index.php\/2019\/09\/27\/meia-atacante-do-flamengo-renova-por-cinco-anos-com-direito-a-multa-recorde-de-r-365-milhoes\/\",\"name\":\"Meia-atacante do Flamengo renova por cinco anos com direito a multa recorde de R$ 365 milh\u00f5es\",\"isPartOf\":{\"@id\":\"https:\/\/www.gaveanews.com\/#website\"},\"primaryImageOfPage\":{\"@id\":\"https:\/\/www.gaveanews.com\/index.php\/2019\/09\/27\/meia-atacante-do-flamengo-renova-por-cinco-anos-com-direito-a-multa-recorde-de-r-365-milhoes\/#primaryimage\"},\"image\":{\"@id\":\"https:\/\/www.gaveanews.com\/index.php\/2019\/09\/27\/meia-atacante-do-flamengo-renova-por-cinco-anos-com-direito-a-multa-recorde-de-r-365-milhoes\/#primaryimage\"},\"thumbnailUrl\":\"https:\/\/www.gaveanews.com\/wp-content\/uploads\/2019\/03\/Entrada-do-Ninho-do-Urubu.webp\",\"datePublished\":\"2019-09-27T13:35:48+00:00\",\"dateModified\":\"2019-10-01T00:59:13+00:00\",\"author\":{\"@id\":\"https:\/\/www.gaveanews.com\/#\/schema\/person\/2ec14f73fb96be2caf28f91afb14749d\"},\"breadcrumb\":{\"@id\":\"https:\/\/www.gaveanews.com\/index.php\/2019\/09\/27\/meia-atacante-do-flamengo-renova-por-cinco-anos-com-direito-a-multa-recorde-de-r-365-milhoes\/#breadcrumb\"},\"inLanguage\":\"pt-BR\",\"potentialAction\":[{\"@type\":\"ReadAction\",\"target\":[\"https:\/\/www.gaveanews.com\/index.php\/2019\/09\/27\/meia-atacante-do-flamengo-renova-por-cinco-anos-com-direito-a-multa-recorde-de-r-365-milhoes\/\"]}]},{\"@type\":\"ImageObject\",\"inLanguage\":\"pt-BR\",\"@id\":\"https:\/\/www.gaveanews.com\/index.php\/2019\/09\/27\/meia-atacante-do-flamengo-renova-por-cinco-anos-com-direito-a-multa-recorde-de-r-365-milhoes\/#primaryimage\",\"url\":\"https:\/\/www.gaveanews.com\/wp-content\/uploads\/2019\/03\/Entrada-do-Ninho-do-Urubu.webp\",\"contentUrl\":\"https:\/\/www.gaveanews.com\/wp-content\/uploads\/2019\/03\/Entrada-do-Ninho-do-Urubu.webp\",\"width\":846,\"height\":564,\"caption\":\"Entrada do Ninho do Urubu (Foto: Gilvan de Souza\/Flamengo)\"},{\"@type\":\"BreadcrumbList\",\"@id\":\"https:\/\/www.gaveanews.com\/index.php\/2019\/09\/27\/meia-atacante-do-flamengo-renova-por-cinco-anos-com-direito-a-multa-recorde-de-r-365-milhoes\/#breadcrumb\",\"itemListElement\":[{\"@type\":\"ListItem\",\"position\":1,\"name\":\"Home\",\"item\":\"https:\/\/www.gaveanews.com\/\"},{\"@type\":\"ListItem\",\"position\":2,\"name\":\"Meia-atacante do Flamengo renova por cinco anos com direito a multa recorde de R$ 365 milh\u00f5es\"}]},{\"@type\":\"WebSite\",\"@id\":\"https:\/\/www.gaveanews.com\/#website\",\"url\":\"https:\/\/www.gaveanews.com\/\",\"name\":\"G\u00e1vea News\",\"description\":\"Veja todas as not\u00edcias sobre o Flamengo: Contrata\u00e7\u00f5es, categorias de base, resultados das partidas, tabela de classifica\u00e7\u00e3o, pr\u00f3ximos jogos!\",\"potentialAction\":[{\"@type\":\"SearchAction\",\"target\":{\"@type\":\"EntryPoint\",\"urlTemplate\":\"https:\/\/www.gaveanews.com\/?s={search_term_string}\"},\"query-input\":{\"@type\":\"PropertyValueSpecification\",\"valueRequired\":true,\"valueName\":\"search_term_string\"}}],\"inLanguage\":\"pt-BR\"},{\"@type\":\"Person\",\"@id\":\"https:\/\/www.gaveanews.com\/#\/schema\/person\/2ec14f73fb96be2caf28f91afb14749d\",\"name\":\"Equipe G\u00e1vea News\",\"image\":{\"@type\":\"ImageObject\",\"inLanguage\":\"pt-BR\",\"@id\":\"https:\/\/www.gaveanews.com\/#\/schema\/person\/image\/\",\"url\":\"https:\/\/secure.gravatar.com\/avatar\/1e1956f1facbffd3f8fa53a326721950116b3b9dc9bd44939c01180fd4a745a9?s=96&d=mm&r=g\",\"contentUrl\":\"https:\/\/secure.gravatar.com\/avatar\/1e1956f1facbffd3f8fa53a326721950116b3b9dc9bd44939c01180fd4a745a9?s=96&d=mm&r=g\",\"caption\":\"Equipe G\u00e1vea News\"}}]}<\/script>\n<!-- \/ Yoast SEO Premium plugin. -->","yoast_head_json":{"title":"Meia-atacante do Flamengo renova por cinco anos com direito a multa recorde de R$ 365 milh\u00f5es","robots":{"index":"index","follow":"follow","max-snippet":"max-snippet:-1","max-image-preview":"max-image-preview:large","max-video-preview":"max-video-preview:-1"},"canonical":"https:\/\/www.gaveanews.com\/index.php\/2019\/09\/27\/meia-atacante-do-flamengo-renova-por-cinco-anos-com-direito-a-multa-recorde-de-r-365-milhoes\/","og_locale":"pt_BR","og_type":"article","og_title":"Meia-atacante do Flamengo renova por cinco anos com direito a multa recorde de R$ 365 milh\u00f5es","og_description":"A participa\u00e7\u00e3o decisiva no t\u00edtulo do Campeonato Brasileiro e a temporada de destaque n\u00e3o garantiram a L\u00e1zaro um lugar no Mundial Sub-17. No Flamengo, por\u00e9m, a joia segue em alta e com futuro trilhado. O clube definiu nesta quinta-feira a renova\u00e7\u00e3o do contrato do meia-atacante por cinco anos com direito a multa recorde: R$ 365 [&hellip;]","og_url":"https:\/\/www.gaveanews.com\/index.php\/2019\/09\/27\/meia-atacante-do-flamengo-renova-por-cinco-anos-com-direito-a-multa-recorde-de-r-365-milhoes\/","og_site_name":"G\u00e1vea News","article_publisher":"https:\/\/facebook.com\/gaveaNews\/","article_published_time":"2019-09-27T13:35:48+00:00","article_modified_time":"2019-10-01T00:59:13+00:00","og_image":[{"width":846,"height":564,"url":"https:\/\/www.gaveanews.com\/wp-content\/uploads\/2019\/03\/Entrada-do-Ninho-do-Urubu.webp","type":"image\/jpeg"}],"author":"Equipe G\u00e1vea News","twitter_card":"summary_large_image","twitter_misc":{"Escrito por":"Equipe G\u00e1vea News","Est. tempo de leitura":"1 minuto"},"schema":{"@context":"https:\/\/schema.org","@graph":[{"@type":"NewsArticle","@id":"https:\/\/www.gaveanews.com\/index.php\/2019\/09\/27\/meia-atacante-do-flamengo-renova-por-cinco-anos-com-direito-a-multa-recorde-de-r-365-milhoes\/#article","isPartOf":{"@id":"https:\/\/www.gaveanews.com\/index.php\/2019\/09\/27\/meia-atacante-do-flamengo-renova-por-cinco-anos-com-direito-a-multa-recorde-de-r-365-milhoes\/"},"author":{"name":"Equipe G\u00e1vea News","@id":"https:\/\/www.gaveanews.com\/#\/schema\/person\/2ec14f73fb96be2caf28f91afb14749d"},"headline":"Meia-atacante do Flamengo renova por cinco anos com direito a multa recorde de R$ 365 milh\u00f5es","datePublished":"2019-09-27T13:35:48+00:00","dateModified":"2019-10-01T00:59:13+00:00","mainEntityOfPage":{"@id":"https:\/\/www.gaveanews.com\/index.php\/2019\/09\/27\/meia-atacante-do-flamengo-renova-por-cinco-anos-com-direito-a-multa-recorde-de-r-365-milhoes\/"},"wordCount":287,"commentCount":0,"image":{"@id":"https:\/\/www.gaveanews.com\/index.php\/2019\/09\/27\/meia-atacante-do-flamengo-renova-por-cinco-anos-com-direito-a-multa-recorde-de-r-365-milhoes\/#primaryimage"},"thumbnailUrl":"https:\/\/www.gaveanews.com\/wp-content\/uploads\/2019\/03\/Entrada-do-Ninho-do-Urubu.webp","articleSection":["Flamengo"],"inLanguage":"pt-BR","potentialAction":[{"@type":"CommentAction","name":"Comment","target":["https:\/\/www.gaveanews.com\/index.php\/2019\/09\/27\/meia-atacante-do-flamengo-renova-por-cinco-anos-com-direito-a-multa-recorde-de-r-365-milhoes\/#respond"]}],"copyrightYear":"2019","copyrightHolder":{"@id":"https:\/\/www.gaveanews.com\/#organization"}},{"@type":"WebPage","@id":"https:\/\/www.gaveanews.com\/index.php\/2019\/09\/27\/meia-atacante-do-flamengo-renova-por-cinco-anos-com-direito-a-multa-recorde-de-r-365-milhoes\/","url":"https:\/\/www.gaveanews.com\/index.php\/2019\/09\/27\/meia-atacante-do-flamengo-renova-por-cinco-anos-com-direito-a-multa-recorde-de-r-365-milhoes\/","name":"Meia-atacante do Flamengo renova por cinco anos com direito a multa recorde de R$ 365 milh\u00f5es","isPartOf":{"@id":"https:\/\/www.gaveanews.com\/#website"},"primaryImageOfPage":{"@id":"https:\/\/www.gaveanews.com\/index.php\/2019\/09\/27\/meia-atacante-do-flamengo-renova-por-cinco-anos-com-direito-a-multa-recorde-de-r-365-milhoes\/#primaryimage"},"image":{"@id":"https:\/\/www.gaveanews.com\/index.php\/2019\/09\/27\/meia-atacante-do-flamengo-renova-por-cinco-anos-com-direito-a-multa-recorde-de-r-365-milhoes\/#primaryimage"},"thumbnailUrl":"https:\/\/www.gaveanews.com\/wp-content\/uploads\/2019\/03\/Entrada-do-Ninho-do-Urubu.webp","datePublished":"2019-09-27T13:35:48+00:00","dateModified":"2019-10-01T00:59:13+00:00","author":{"@id":"https:\/\/www.gaveanews.com\/#\/schema\/person\/2ec14f73fb96be2caf28f91afb14749d"},"breadcrumb":{"@id":"https:\/\/www.gaveanews.com\/index.php\/2019\/09\/27\/meia-atacante-do-flamengo-renova-por-cinco-anos-com-direito-a-multa-recorde-de-r-365-milhoes\/#breadcrumb"},"inLanguage":"pt-BR","potentialAction":[{"@type":"ReadAction","target":["https:\/\/www.gaveanews.com\/index.php\/2019\/09\/27\/meia-atacante-do-flamengo-renova-por-cinco-anos-com-direito-a-multa-recorde-de-r-365-milhoes\/"]}]},{"@type":"ImageObject","inLanguage":"pt-BR","@id":"https:\/\/www.gaveanews.com\/index.php\/2019\/09\/27\/meia-atacante-do-flamengo-renova-por-cinco-anos-com-direito-a-multa-recorde-de-r-365-milhoes\/#primaryimage","url":"https:\/\/www.gaveanews.com\/wp-content\/uploads\/2019\/03\/Entrada-do-Ninho-do-Urubu.webp","contentUrl":"https:\/\/www.gaveanews.com\/wp-content\/uploads\/2019\/03\/Entrada-do-Ninho-do-Urubu.webp","width":846,"height":564,"caption":"Entrada do Ninho do Urubu (Foto: Gilvan de Souza\/Flamengo)"},{"@type":"BreadcrumbList","@id":"https:\/\/www.gaveanews.com\/index.php\/2019\/09\/27\/meia-atacante-do-flamengo-renova-por-cinco-anos-com-direito-a-multa-recorde-de-r-365-milhoes\/#breadcrumb","itemListElement":[{"@type":"ListItem","position":1,"name":"Home","item":"https:\/\/www.gaveanews.com\/"},{"@type":"ListItem","position":2,"name":"Meia-atacante do Flamengo renova por cinco anos com direito a multa recorde de R$ 365 milh\u00f5es"}]},{"@type":"WebSite","@id":"https:\/\/www.gaveanews.com\/#website","url":"https:\/\/www.gaveanews.com\/","name":"G\u00e1vea News","description":"Veja todas as not\u00edcias sobre o Flamengo: Contrata\u00e7\u00f5es, categorias de base, resultados das partidas, tabela de classifica\u00e7\u00e3o, pr\u00f3ximos jogos!","potentialAction":[{"@type":"SearchAction","target":{"@type":"EntryPoint","urlTemplate":"https:\/\/www.gaveanews.com\/?s={search_term_string}"},"query-input":{"@type":"PropertyValueSpecification","valueRequired":true,"valueName":"search_term_string"}}],"inLanguage":"pt-BR"},{"@type":"Person","@id":"https:\/\/www.gaveanews.com\/#\/schema\/person\/2ec14f73fb96be2caf28f91afb14749d","name":"Equipe G\u00e1vea News","image":{"@type":"ImageObject","inLanguage":"pt-BR","@id":"https:\/\/www.gaveanews.com\/#\/schema\/person\/image\/","url":"https:\/\/secure.gravatar.com\/avatar\/1e1956f1facbffd3f8fa53a326721950116b3b9dc9bd44939c01180fd4a745a9?s=96&d=mm&r=g","contentUrl":"https:\/\/secure.gravatar.com\/avatar\/1e1956f1facbffd3f8fa53a326721950116b3b9dc9bd44939c01180fd4a745a9?s=96&d=mm&r=g","caption":"Equipe G\u00e1vea News"}}]}},"_links":{"self":[{"href":"https:\/\/www.gaveanews.com\/index.php\/wp-json\/wp\/v2\/posts\/28649","targetHints":{"allow":["GET"]}}],"collection":[{"href":"https:\/\/www.gaveanews.com\/index.php\/wp-json\/wp\/v2\/posts"}],"about":[{"href":"https:\/\/www.gaveanews.com\/index.php\/wp-json\/wp\/v2\/types\/post"}],"author":[{"embeddable":true,"href":"https:\/\/www.gaveanews.com\/index.php\/wp-json\/wp\/v2\/users\/1"}],"replies":[{"embeddable":true,"href":"https:\/\/www.gaveanews.com\/index.php\/wp-json\/wp\/v2\/comments?post=28649"}],"version-history":[{"count":0,"href":"https:\/\/www.gaveanews.com\/index.php\/wp-json\/wp\/v2\/posts\/28649\/revisions"}],"wp:featuredmedia":[{"embeddable":true,"href":"https:\/\/www.gaveanews.com\/index.php\/wp-json\/wp\/v2\/media\/15184"}],"wp:attachment":[{"href":"https:\/\/www.gaveanews.com\/index.php\/wp-json\/wp\/v2\/media?parent=28649"}],"wp:term":[{"taxonomy":"category","embeddable":true,"href":"https:\/\/www.gaveanews.com\/index.php\/wp-json\/wp\/v2\/categories?post=28649"},{"taxonomy":"post_tag","embeddable":true,"href":"https:\/\/www.gaveanews.com\/index.php\/wp-json\/wp\/v2\/tags?post=28649"}],"curies":[{"name":"wp","href":"https:\/\/api.w.org\/{rel}","templated":true}]}}