{"id":29026,"date":"2019-10-01T19:01:49","date_gmt":"2019-10-01T22:01:49","guid":{"rendered":"http:\/\/www.gaveanews.com\/?p=29026"},"modified":"2019-10-01T19:01:50","modified_gmt":"2019-10-01T22:01:50","slug":"treinador-do-gremio-renato-gaucho-afirma-que-torcera-pelo-flamengo-caso-seja-eliminado-na-copa-libertadores-da-america","status":"publish","type":"post","link":"https:\/\/www.gaveanews.com\/index.php\/2019\/10\/01\/treinador-do-gremio-renato-gaucho-afirma-que-torcera-pelo-flamengo-caso-seja-eliminado-na-copa-libertadores-da-america\/","title":{"rendered":"Treinador do Gr\u00eamio, Renato Ga\u00facho afirma que torcer\u00e1 pelo Flamengo caso seja eliminado na Copa Libertadores da Am\u00e9rica"},"content":{"rendered":"\n<p>Renato Ga\u00facho j\u00e1 definiu para quem vai torcer na final da Libertadores. Hoje (1), na v\u00e9spera do primeiro jogo da semifinal entre Gr\u00eamio e Flamengo, o treinador afirmou que vai apoiar o rubro-negro em uma eventual final\u00edssima com River Plate ou Boca Juniors, que disputam a outra vaga na decis\u00e3o do torneio. Portaluppi ainda jogou todo o favoritismo no colo da equipe treinada por Jorge Jesus, mas voltou a cutucar o t\u00e9cnico portugu\u00eas.<\/p>\n\n\n\n<p>Gr\u00eamio e Flamengo se enfrentam nesta quarta-feira (2), \u00e0s 21h30 (hor\u00e1rio de Bras\u00edlia), na Arena do Gr\u00eamio. O segundo jogo ser\u00e1 em 23 de outubro.<\/p>\n\n\n\n<p>&#8220;Como treinador do Gr\u00eamio, vou fazer de tudo para o Gr\u00eamio passar. Mas se n\u00e3o passar, vou torcer pelo Flamengo. Ainda mais por ser um time argentino&#8221;, disse Renato na \u00faltima resposta da entrevista coletiva.<\/p>\n\n\n\n<p>River e Boca reeditam a final da Libertadores do ano passado a partir de hoje, com o jogo de ida no est\u00e1dio Monumental de Nu\u00f1ez. A segunda e derradeira partida da semifinal est\u00e1 marcada para 22 de outubro, na Bombonera.<\/p>\n\n\n\n<p>A manifesta\u00e7\u00e3o do treinador, ali\u00e1s, foi algo fora do habitual. O comandante gremista se disp\u00f4s a falar na v\u00e9spera da semifinal e logo depois de comandar treino fechado na Arena do Gr\u00eamio &#8211; outro fato raro. Por mais de 30 minutos, Portaluppi abordou o confronto e o status de Flamengo e Gr\u00eamio.<\/p>\n\n\n\n<p>&#8220;S\u00e3o 180 minutos, divididos em dois tempos de 90 minutos. S\u00e3o duas equipes que buscam o gol. Quem vai ganhar\u2026 fica dif\u00edcil. O Flamengo \u00e9 o favorito, mas nem sempre o favorito vence. Nunca vou deixar de dar moral ao meu grupo, \u00e9 um grupo vencedor. A gente vem renovando o elenco, revelando garotos e estamos chegando em todas. Estamos frente a frente com a melhor equipe do Brasil em termos de elenco. Mas em campo s\u00e3o 11 contra 11&#8221;, comentou.<\/p>\n\n\n\n<p>Em outro trecho da entrevista, Renato Ga\u00facho foi perguntado sobre Jorge Jesus e o duelo de declara\u00e7\u00f5es entre ele e o portugu\u00eas.<\/p>\n\n\n\n<p>&#8220;O embate \u00e9 normal, isso \u00e9 bom e ningu\u00e9m est\u00e1 menosprezando ningu\u00e9m. Tenho mais respeito pelo Jesus. Ele est\u00e1 fazendo um trabalho maravilhoso com elenco car\u00edssimo. Est\u00e1 fazendo um excelente trabalho, mas at\u00e9 ent\u00e3o o Flamengo n\u00e3o ganhou nada. O Gr\u00eamio est\u00e1 ganhando h\u00e1 tr\u00eas anos, mas o Flamengo \u00e9 o favorito. Ele est\u00e1 fazendo um bom trabalho l\u00e1, eu fazendo um bom trabalho aqui. O que vou falar do Jesus? Dar parab\u00e9ns ao trabalho que ele vem fazendo. Aqui tem espa\u00e7o para todo mundo. \u00c9 s\u00f3 ter compet\u00eancia. Mas \u00e9 um fato, uma realidade. O Gr\u00eamio vem ganhando t\u00edtulos, Santos e Flamengo ainda n\u00e3o ganharam&#8221;. disparou.<\/p>\n\n\n\n<p>Retirado de: UOL<\/p>\n\n\n","protected":false},"excerpt":{"rendered":"<p>Renato Ga\u00facho j\u00e1 definiu para quem vai torcer na final da Libertadores. Hoje (1), na v\u00e9spera do primeiro jogo da semifinal entre Gr\u00eamio e Flamengo, o treinador afirmou que vai apoiar o rubro-negro em uma eventual final\u00edssima com River Plate ou Boca Juniors, que disputam a outra vaga na decis\u00e3o do torneio. Portaluppi ainda jogou [&hellip;]<\/p>\n","protected":false},"author":1,"featured_media":28763,"comment_status":"open","ping_status":"open","sticky":false,"template":"","format":"standard","meta":{"footnotes":""},"categories":[1],"tags":[],"class_list":["post-29026","post","type-post","status-publish","format-standard","has-post-thumbnail","hentry","category-flamengo"],"yoast_head":"<!-- This site is optimized with the Yoast SEO Premium plugin v24.2 (Yoast SEO v26.9) - https:\/\/yoast.com\/product\/yoast-seo-premium-wordpress\/ -->\n<title>Treinador do Gr\u00eamio, Renato Ga\u00facho afirma que torcer\u00e1 pelo Flamengo caso seja eliminado na Copa Libertadores da Am\u00e9rica<\/title>\n<meta name=\"robots\" content=\"index, follow, max-snippet:-1, max-image-preview:large, max-video-preview:-1\" \/>\n<link rel=\"canonical\" href=\"https:\/\/www.gaveanews.com\/index.php\/2019\/10\/01\/treinador-do-gremio-renato-gaucho-afirma-que-torcera-pelo-flamengo-caso-seja-eliminado-na-copa-libertadores-da-america\/\" \/>\n<meta property=\"og:locale\" content=\"pt_BR\" \/>\n<meta property=\"og:type\" content=\"article\" \/>\n<meta property=\"og:title\" content=\"Treinador do Gr\u00eamio, Renato Ga\u00facho afirma que torcer\u00e1 pelo Flamengo caso seja eliminado na Copa Libertadores da Am\u00e9rica\" \/>\n<meta property=\"og:description\" content=\"Renato Ga\u00facho j\u00e1 definiu para quem vai torcer na final da Libertadores. Hoje (1), na v\u00e9spera do primeiro jogo da semifinal entre Gr\u00eamio e Flamengo, o treinador afirmou que vai apoiar o rubro-negro em uma eventual final\u00edssima com River Plate ou Boca Juniors, que disputam a outra vaga na decis\u00e3o do torneio. Portaluppi ainda jogou [&hellip;]\" \/>\n<meta property=\"og:url\" content=\"https:\/\/www.gaveanews.com\/index.php\/2019\/10\/01\/treinador-do-gremio-renato-gaucho-afirma-que-torcera-pelo-flamengo-caso-seja-eliminado-na-copa-libertadores-da-america\/\" \/>\n<meta property=\"og:site_name\" content=\"G\u00e1vea News\" \/>\n<meta property=\"article:publisher\" content=\"https:\/\/facebook.com\/gaveaNews\/\" \/>\n<meta property=\"article:published_time\" content=\"2019-10-01T22:01:49+00:00\" \/>\n<meta property=\"article:modified_time\" content=\"2019-10-01T22:01:50+00:00\" \/>\n<meta property=\"og:image\" content=\"https:\/\/www.gaveanews.com\/wp-content\/uploads\/Renato-Gaucho-durante-uma-partida-do-Gremio.webp\" \/>\n\t<meta property=\"og:image:width\" content=\"1\" \/>\n\t<meta property=\"og:image:height\" content=\"1\" \/>\n\t<meta property=\"og:image:type\" content=\"image\/jpeg\" \/>\n<meta name=\"author\" content=\"Equipe G\u00e1vea News\" \/>\n<meta name=\"twitter:card\" content=\"summary_large_image\" \/>\n<meta name=\"twitter:label1\" content=\"Escrito por\" \/>\n\t<meta name=\"twitter:data1\" content=\"Equipe G\u00e1vea News\" \/>\n\t<meta name=\"twitter:label2\" content=\"Est. tempo de leitura\" \/>\n\t<meta name=\"twitter:data2\" content=\"2 minutos\" \/>\n<script type=\"application\/ld+json\" class=\"yoast-schema-graph\">{\"@context\":\"https:\/\/schema.org\",\"@graph\":[{\"@type\":\"NewsArticle\",\"@id\":\"https:\/\/www.gaveanews.com\/index.php\/2019\/10\/01\/treinador-do-gremio-renato-gaucho-afirma-que-torcera-pelo-flamengo-caso-seja-eliminado-na-copa-libertadores-da-america\/#article\",\"isPartOf\":{\"@id\":\"https:\/\/www.gaveanews.com\/index.php\/2019\/10\/01\/treinador-do-gremio-renato-gaucho-afirma-que-torcera-pelo-flamengo-caso-seja-eliminado-na-copa-libertadores-da-america\/\"},\"author\":{\"name\":\"Equipe G\u00e1vea News\",\"@id\":\"https:\/\/www.gaveanews.com\/#\/schema\/person\/2ec14f73fb96be2caf28f91afb14749d\"},\"headline\":\"Treinador do Gr\u00eamio, Renato Ga\u00facho afirma que torcer\u00e1 pelo Flamengo caso seja eliminado na Copa Libertadores da Am\u00e9rica\",\"datePublished\":\"2019-10-01T22:01:49+00:00\",\"dateModified\":\"2019-10-01T22:01:50+00:00\",\"mainEntityOfPage\":{\"@id\":\"https:\/\/www.gaveanews.com\/index.php\/2019\/10\/01\/treinador-do-gremio-renato-gaucho-afirma-que-torcera-pelo-flamengo-caso-seja-eliminado-na-copa-libertadores-da-america\/\"},\"wordCount\":485,\"commentCount\":0,\"image\":{\"@id\":\"https:\/\/www.gaveanews.com\/index.php\/2019\/10\/01\/treinador-do-gremio-renato-gaucho-afirma-que-torcera-pelo-flamengo-caso-seja-eliminado-na-copa-libertadores-da-america\/#primaryimage\"},\"thumbnailUrl\":\"https:\/\/www.gaveanews.com\/wp-content\/uploads\/Renato-Gaucho-durante-uma-partida-do-Gremio.webp\",\"articleSection\":[\"Flamengo\"],\"inLanguage\":\"pt-BR\",\"potentialAction\":[{\"@type\":\"CommentAction\",\"name\":\"Comment\",\"target\":[\"https:\/\/www.gaveanews.com\/index.php\/2019\/10\/01\/treinador-do-gremio-renato-gaucho-afirma-que-torcera-pelo-flamengo-caso-seja-eliminado-na-copa-libertadores-da-america\/#respond\"]}],\"copyrightYear\":\"2019\",\"copyrightHolder\":{\"@id\":\"https:\/\/www.gaveanews.com\/#organization\"}},{\"@type\":\"WebPage\",\"@id\":\"https:\/\/www.gaveanews.com\/index.php\/2019\/10\/01\/treinador-do-gremio-renato-gaucho-afirma-que-torcera-pelo-flamengo-caso-seja-eliminado-na-copa-libertadores-da-america\/\",\"url\":\"https:\/\/www.gaveanews.com\/index.php\/2019\/10\/01\/treinador-do-gremio-renato-gaucho-afirma-que-torcera-pelo-flamengo-caso-seja-eliminado-na-copa-libertadores-da-america\/\",\"name\":\"Treinador do Gr\u00eamio, Renato Ga\u00facho afirma que torcer\u00e1 pelo Flamengo caso seja eliminado na Copa Libertadores da Am\u00e9rica\",\"isPartOf\":{\"@id\":\"https:\/\/www.gaveanews.com\/#website\"},\"primaryImageOfPage\":{\"@id\":\"https:\/\/www.gaveanews.com\/index.php\/2019\/10\/01\/treinador-do-gremio-renato-gaucho-afirma-que-torcera-pelo-flamengo-caso-seja-eliminado-na-copa-libertadores-da-america\/#primaryimage\"},\"image\":{\"@id\":\"https:\/\/www.gaveanews.com\/index.php\/2019\/10\/01\/treinador-do-gremio-renato-gaucho-afirma-que-torcera-pelo-flamengo-caso-seja-eliminado-na-copa-libertadores-da-america\/#primaryimage\"},\"thumbnailUrl\":\"https:\/\/www.gaveanews.com\/wp-content\/uploads\/Renato-Gaucho-durante-uma-partida-do-Gremio.webp\",\"datePublished\":\"2019-10-01T22:01:49+00:00\",\"dateModified\":\"2019-10-01T22:01:50+00:00\",\"author\":{\"@id\":\"https:\/\/www.gaveanews.com\/#\/schema\/person\/2ec14f73fb96be2caf28f91afb14749d\"},\"breadcrumb\":{\"@id\":\"https:\/\/www.gaveanews.com\/index.php\/2019\/10\/01\/treinador-do-gremio-renato-gaucho-afirma-que-torcera-pelo-flamengo-caso-seja-eliminado-na-copa-libertadores-da-america\/#breadcrumb\"},\"inLanguage\":\"pt-BR\",\"potentialAction\":[{\"@type\":\"ReadAction\",\"target\":[\"https:\/\/www.gaveanews.com\/index.php\/2019\/10\/01\/treinador-do-gremio-renato-gaucho-afirma-que-torcera-pelo-flamengo-caso-seja-eliminado-na-copa-libertadores-da-america\/\"]}]},{\"@type\":\"ImageObject\",\"inLanguage\":\"pt-BR\",\"@id\":\"https:\/\/www.gaveanews.com\/index.php\/2019\/10\/01\/treinador-do-gremio-renato-gaucho-afirma-que-torcera-pelo-flamengo-caso-seja-eliminado-na-copa-libertadores-da-america\/#primaryimage\",\"url\":\"https:\/\/www.gaveanews.com\/wp-content\/uploads\/Renato-Gaucho-durante-uma-partida-do-Gremio.webp\",\"contentUrl\":\"https:\/\/www.gaveanews.com\/wp-content\/uploads\/Renato-Gaucho-durante-uma-partida-do-Gremio.webp\",\"caption\":\"Renato Ga\u00facho durante uma partida do Gr\u00eamio (Foto: Lucas Uebel\/Gr\u00eamio)\"},{\"@type\":\"BreadcrumbList\",\"@id\":\"https:\/\/www.gaveanews.com\/index.php\/2019\/10\/01\/treinador-do-gremio-renato-gaucho-afirma-que-torcera-pelo-flamengo-caso-seja-eliminado-na-copa-libertadores-da-america\/#breadcrumb\",\"itemListElement\":[{\"@type\":\"ListItem\",\"position\":1,\"name\":\"Home\",\"item\":\"https:\/\/www.gaveanews.com\/\"},{\"@type\":\"ListItem\",\"position\":2,\"name\":\"Treinador do Gr\u00eamio, Renato Ga\u00facho afirma que torcer\u00e1 pelo Flamengo caso seja eliminado na Copa Libertadores da Am\u00e9rica\"}]},{\"@type\":\"WebSite\",\"@id\":\"https:\/\/www.gaveanews.com\/#website\",\"url\":\"https:\/\/www.gaveanews.com\/\",\"name\":\"G\u00e1vea News\",\"description\":\"Veja todas as not\u00edcias sobre o Flamengo: Contrata\u00e7\u00f5es, categorias de base, resultados das partidas, tabela de classifica\u00e7\u00e3o, pr\u00f3ximos jogos!\",\"potentialAction\":[{\"@type\":\"SearchAction\",\"target\":{\"@type\":\"EntryPoint\",\"urlTemplate\":\"https:\/\/www.gaveanews.com\/?s={search_term_string}\"},\"query-input\":{\"@type\":\"PropertyValueSpecification\",\"valueRequired\":true,\"valueName\":\"search_term_string\"}}],\"inLanguage\":\"pt-BR\"},{\"@type\":\"Person\",\"@id\":\"https:\/\/www.gaveanews.com\/#\/schema\/person\/2ec14f73fb96be2caf28f91afb14749d\",\"name\":\"Equipe G\u00e1vea News\",\"image\":{\"@type\":\"ImageObject\",\"inLanguage\":\"pt-BR\",\"@id\":\"https:\/\/www.gaveanews.com\/#\/schema\/person\/image\/\",\"url\":\"https:\/\/secure.gravatar.com\/avatar\/1e1956f1facbffd3f8fa53a326721950116b3b9dc9bd44939c01180fd4a745a9?s=96&d=mm&r=g\",\"contentUrl\":\"https:\/\/secure.gravatar.com\/avatar\/1e1956f1facbffd3f8fa53a326721950116b3b9dc9bd44939c01180fd4a745a9?s=96&d=mm&r=g\",\"caption\":\"Equipe G\u00e1vea News\"}}]}<\/script>\n<!-- \/ Yoast SEO Premium plugin. -->","yoast_head_json":{"title":"Treinador do Gr\u00eamio, Renato Ga\u00facho afirma que torcer\u00e1 pelo Flamengo caso seja eliminado na Copa Libertadores da Am\u00e9rica","robots":{"index":"index","follow":"follow","max-snippet":"max-snippet:-1","max-image-preview":"max-image-preview:large","max-video-preview":"max-video-preview:-1"},"canonical":"https:\/\/www.gaveanews.com\/index.php\/2019\/10\/01\/treinador-do-gremio-renato-gaucho-afirma-que-torcera-pelo-flamengo-caso-seja-eliminado-na-copa-libertadores-da-america\/","og_locale":"pt_BR","og_type":"article","og_title":"Treinador do Gr\u00eamio, Renato Ga\u00facho afirma que torcer\u00e1 pelo Flamengo caso seja eliminado na Copa Libertadores da Am\u00e9rica","og_description":"Renato Ga\u00facho j\u00e1 definiu para quem vai torcer na final da Libertadores. Hoje (1), na v\u00e9spera do primeiro jogo da semifinal entre Gr\u00eamio e Flamengo, o treinador afirmou que vai apoiar o rubro-negro em uma eventual final\u00edssima com River Plate ou Boca Juniors, que disputam a outra vaga na decis\u00e3o do torneio. Portaluppi ainda jogou [&hellip;]","og_url":"https:\/\/www.gaveanews.com\/index.php\/2019\/10\/01\/treinador-do-gremio-renato-gaucho-afirma-que-torcera-pelo-flamengo-caso-seja-eliminado-na-copa-libertadores-da-america\/","og_site_name":"G\u00e1vea News","article_publisher":"https:\/\/facebook.com\/gaveaNews\/","article_published_time":"2019-10-01T22:01:49+00:00","article_modified_time":"2019-10-01T22:01:50+00:00","og_image":[{"url":"https:\/\/www.gaveanews.com\/wp-content\/uploads\/Renato-Gaucho-durante-uma-partida-do-Gremio.webp","width":1,"height":1,"type":"image\/jpeg"}],"author":"Equipe G\u00e1vea News","twitter_card":"summary_large_image","twitter_misc":{"Escrito por":"Equipe G\u00e1vea News","Est. tempo de leitura":"2 minutos"},"schema":{"@context":"https:\/\/schema.org","@graph":[{"@type":"NewsArticle","@id":"https:\/\/www.gaveanews.com\/index.php\/2019\/10\/01\/treinador-do-gremio-renato-gaucho-afirma-que-torcera-pelo-flamengo-caso-seja-eliminado-na-copa-libertadores-da-america\/#article","isPartOf":{"@id":"https:\/\/www.gaveanews.com\/index.php\/2019\/10\/01\/treinador-do-gremio-renato-gaucho-afirma-que-torcera-pelo-flamengo-caso-seja-eliminado-na-copa-libertadores-da-america\/"},"author":{"name":"Equipe G\u00e1vea News","@id":"https:\/\/www.gaveanews.com\/#\/schema\/person\/2ec14f73fb96be2caf28f91afb14749d"},"headline":"Treinador do Gr\u00eamio, Renato Ga\u00facho afirma que torcer\u00e1 pelo Flamengo caso seja eliminado na Copa Libertadores da Am\u00e9rica","datePublished":"2019-10-01T22:01:49+00:00","dateModified":"2019-10-01T22:01:50+00:00","mainEntityOfPage":{"@id":"https:\/\/www.gaveanews.com\/index.php\/2019\/10\/01\/treinador-do-gremio-renato-gaucho-afirma-que-torcera-pelo-flamengo-caso-seja-eliminado-na-copa-libertadores-da-america\/"},"wordCount":485,"commentCount":0,"image":{"@id":"https:\/\/www.gaveanews.com\/index.php\/2019\/10\/01\/treinador-do-gremio-renato-gaucho-afirma-que-torcera-pelo-flamengo-caso-seja-eliminado-na-copa-libertadores-da-america\/#primaryimage"},"thumbnailUrl":"https:\/\/www.gaveanews.com\/wp-content\/uploads\/Renato-Gaucho-durante-uma-partida-do-Gremio.webp","articleSection":["Flamengo"],"inLanguage":"pt-BR","potentialAction":[{"@type":"CommentAction","name":"Comment","target":["https:\/\/www.gaveanews.com\/index.php\/2019\/10\/01\/treinador-do-gremio-renato-gaucho-afirma-que-torcera-pelo-flamengo-caso-seja-eliminado-na-copa-libertadores-da-america\/#respond"]}],"copyrightYear":"2019","copyrightHolder":{"@id":"https:\/\/www.gaveanews.com\/#organization"}},{"@type":"WebPage","@id":"https:\/\/www.gaveanews.com\/index.php\/2019\/10\/01\/treinador-do-gremio-renato-gaucho-afirma-que-torcera-pelo-flamengo-caso-seja-eliminado-na-copa-libertadores-da-america\/","url":"https:\/\/www.gaveanews.com\/index.php\/2019\/10\/01\/treinador-do-gremio-renato-gaucho-afirma-que-torcera-pelo-flamengo-caso-seja-eliminado-na-copa-libertadores-da-america\/","name":"Treinador do Gr\u00eamio, Renato Ga\u00facho afirma que torcer\u00e1 pelo Flamengo caso seja eliminado na Copa Libertadores da Am\u00e9rica","isPartOf":{"@id":"https:\/\/www.gaveanews.com\/#website"},"primaryImageOfPage":{"@id":"https:\/\/www.gaveanews.com\/index.php\/2019\/10\/01\/treinador-do-gremio-renato-gaucho-afirma-que-torcera-pelo-flamengo-caso-seja-eliminado-na-copa-libertadores-da-america\/#primaryimage"},"image":{"@id":"https:\/\/www.gaveanews.com\/index.php\/2019\/10\/01\/treinador-do-gremio-renato-gaucho-afirma-que-torcera-pelo-flamengo-caso-seja-eliminado-na-copa-libertadores-da-america\/#primaryimage"},"thumbnailUrl":"https:\/\/www.gaveanews.com\/wp-content\/uploads\/Renato-Gaucho-durante-uma-partida-do-Gremio.webp","datePublished":"2019-10-01T22:01:49+00:00","dateModified":"2019-10-01T22:01:50+00:00","author":{"@id":"https:\/\/www.gaveanews.com\/#\/schema\/person\/2ec14f73fb96be2caf28f91afb14749d"},"breadcrumb":{"@id":"https:\/\/www.gaveanews.com\/index.php\/2019\/10\/01\/treinador-do-gremio-renato-gaucho-afirma-que-torcera-pelo-flamengo-caso-seja-eliminado-na-copa-libertadores-da-america\/#breadcrumb"},"inLanguage":"pt-BR","potentialAction":[{"@type":"ReadAction","target":["https:\/\/www.gaveanews.com\/index.php\/2019\/10\/01\/treinador-do-gremio-renato-gaucho-afirma-que-torcera-pelo-flamengo-caso-seja-eliminado-na-copa-libertadores-da-america\/"]}]},{"@type":"ImageObject","inLanguage":"pt-BR","@id":"https:\/\/www.gaveanews.com\/index.php\/2019\/10\/01\/treinador-do-gremio-renato-gaucho-afirma-que-torcera-pelo-flamengo-caso-seja-eliminado-na-copa-libertadores-da-america\/#primaryimage","url":"https:\/\/www.gaveanews.com\/wp-content\/uploads\/Renato-Gaucho-durante-uma-partida-do-Gremio.webp","contentUrl":"https:\/\/www.gaveanews.com\/wp-content\/uploads\/Renato-Gaucho-durante-uma-partida-do-Gremio.webp","caption":"Renato Ga\u00facho durante uma partida do Gr\u00eamio (Foto: Lucas Uebel\/Gr\u00eamio)"},{"@type":"BreadcrumbList","@id":"https:\/\/www.gaveanews.com\/index.php\/2019\/10\/01\/treinador-do-gremio-renato-gaucho-afirma-que-torcera-pelo-flamengo-caso-seja-eliminado-na-copa-libertadores-da-america\/#breadcrumb","itemListElement":[{"@type":"ListItem","position":1,"name":"Home","item":"https:\/\/www.gaveanews.com\/"},{"@type":"ListItem","position":2,"name":"Treinador do Gr\u00eamio, Renato Ga\u00facho afirma que torcer\u00e1 pelo Flamengo caso seja eliminado na Copa Libertadores da Am\u00e9rica"}]},{"@type":"WebSite","@id":"https:\/\/www.gaveanews.com\/#website","url":"https:\/\/www.gaveanews.com\/","name":"G\u00e1vea News","description":"Veja todas as not\u00edcias sobre o Flamengo: Contrata\u00e7\u00f5es, categorias de base, resultados das partidas, tabela de classifica\u00e7\u00e3o, pr\u00f3ximos jogos!","potentialAction":[{"@type":"SearchAction","target":{"@type":"EntryPoint","urlTemplate":"https:\/\/www.gaveanews.com\/?s={search_term_string}"},"query-input":{"@type":"PropertyValueSpecification","valueRequired":true,"valueName":"search_term_string"}}],"inLanguage":"pt-BR"},{"@type":"Person","@id":"https:\/\/www.gaveanews.com\/#\/schema\/person\/2ec14f73fb96be2caf28f91afb14749d","name":"Equipe G\u00e1vea News","image":{"@type":"ImageObject","inLanguage":"pt-BR","@id":"https:\/\/www.gaveanews.com\/#\/schema\/person\/image\/","url":"https:\/\/secure.gravatar.com\/avatar\/1e1956f1facbffd3f8fa53a326721950116b3b9dc9bd44939c01180fd4a745a9?s=96&d=mm&r=g","contentUrl":"https:\/\/secure.gravatar.com\/avatar\/1e1956f1facbffd3f8fa53a326721950116b3b9dc9bd44939c01180fd4a745a9?s=96&d=mm&r=g","caption":"Equipe G\u00e1vea News"}}]}},"_links":{"self":[{"href":"https:\/\/www.gaveanews.com\/index.php\/wp-json\/wp\/v2\/posts\/29026","targetHints":{"allow":["GET"]}}],"collection":[{"href":"https:\/\/www.gaveanews.com\/index.php\/wp-json\/wp\/v2\/posts"}],"about":[{"href":"https:\/\/www.gaveanews.com\/index.php\/wp-json\/wp\/v2\/types\/post"}],"author":[{"embeddable":true,"href":"https:\/\/www.gaveanews.com\/index.php\/wp-json\/wp\/v2\/users\/1"}],"replies":[{"embeddable":true,"href":"https:\/\/www.gaveanews.com\/index.php\/wp-json\/wp\/v2\/comments?post=29026"}],"version-history":[{"count":0,"href":"https:\/\/www.gaveanews.com\/index.php\/wp-json\/wp\/v2\/posts\/29026\/revisions"}],"wp:featuredmedia":[{"embeddable":true,"href":"https:\/\/www.gaveanews.com\/index.php\/wp-json\/wp\/v2\/media\/28763"}],"wp:attachment":[{"href":"https:\/\/www.gaveanews.com\/index.php\/wp-json\/wp\/v2\/media?parent=29026"}],"wp:term":[{"taxonomy":"category","embeddable":true,"href":"https:\/\/www.gaveanews.com\/index.php\/wp-json\/wp\/v2\/categories?post=29026"},{"taxonomy":"post_tag","embeddable":true,"href":"https:\/\/www.gaveanews.com\/index.php\/wp-json\/wp\/v2\/tags?post=29026"}],"curies":[{"name":"wp","href":"https:\/\/api.w.org\/{rel}","templated":true}]}}