{"id":29155,"date":"2019-10-02T19:11:38","date_gmt":"2019-10-02T22:11:38","guid":{"rendered":"http:\/\/www.gaveanews.com\/?p=29155"},"modified":"2019-10-02T19:11:38","modified_gmt":"2019-10-02T22:11:38","slug":"comentarista-detona-cbf-por-convocacoes-voce-pode-tirar-o-flamengo-da-disputa","status":"publish","type":"post","link":"https:\/\/www.gaveanews.com\/index.php\/2019\/10\/02\/comentarista-detona-cbf-por-convocacoes-voce-pode-tirar-o-flamengo-da-disputa\/","title":{"rendered":"Comentarista detona CBF por convoca\u00e7\u00f5es: \u201cVoc\u00ea pode tirar o Flamengo da disputa\u201d"},"content":{"rendered":"\n<p>A \u00faltima convoca\u00e7\u00e3o de Tite para os amistosos contra o Senegal e a Nig\u00e9ria deu o que falar e o assunto continua rendendo. No programa Bem, Amigos, da SporTV, o comentarista Marco Antonio Rodrigues detonou as convoca\u00e7\u00f5es, disse que o Flamengo pode ser prejudicado e que a CBF \u2018n\u00e3o teve sensibilidade\u2019.<\/p>\n\n\n\n<p>\u2013 Eu respeito o trabalho do Juninho, respeito a comiss\u00e3o t\u00e9cnica, s\u00e3o v\u00e1lidos os seus argumentos, mas para mim n\u00e3o atende nenhum. Acho que os argumentos s\u00e3o fr\u00e1geis. Tirar jogador da sele\u00e7\u00e3o brasileira. O futebol brasileiro vive um grande momento. Os est\u00e1dios est\u00e3o lotados, estamos quebrando recordes de comparecimento de p\u00fablico. Uma coisa que n\u00e3o acontecia h\u00e1 muito tempo. Estamos criando \u00eddolos nos clubes. Gabigol virou um grande \u00eddolo do Flamengo no Brasil (o Everton Cebolinha, do Gr\u00eamio), voc\u00ea vai tirar esses jogadores, esse encanto que fazia muito tempo que o futebol brasileiro n\u00e3o tinha aqui dentro, porque os jogadores v\u00e3o todos embora, a sele\u00e7\u00e3o vai l\u00e1 e vai tirar, disse o comentarista. <\/p>\n\n\n\n<p>Dois jogadores do Flamengo foram convocados por Tite para os pr\u00f3ximos amistosos: Rodrigo Caio e Gabigol. Al\u00e9m deles, o Mais Querido ainda vai perder o Arrascaeta (para o Uruguai) e talvez, o Berr\u00edo (para a Col\u00f4mbia). Os atletas v\u00e3o desfalcar o Rubro-Negro nas partidas contra o Atl\u00e9tico-MG (em casa) e o Athl\u00e9tico-PR (fora).<\/p>\n\n\n\n<p>\u2013 Voc\u00ea pode tirar o Flamengo da disputa do Campeonato Brasileiro com essa falta de sensibilidade. E por isso que eu sinto que esse momento n\u00e3o era para isso. O momento \u00e9 do futebol brasileiro, dos clubes, dos torcedores que voltaram aos est\u00e1dios. Esse momento, a CBF n\u00e3o teve sensibilidade, finalizou. <\/p>\n\n\n\n<p>O Flamengo entra em campo novamente na pr\u00f3xima quarta-feira (02), contra o Gr\u00eamio, pela Libertadores. A partida vai ser \u00e0s 21h30 (de Bras\u00edlia), na Arena do Gr\u00eamio, v\u00e1lida pelo primeiro jogo da semifinal da competi\u00e7\u00e3o.<\/p>\n\n\n\n<p>Retirado de: Coluna do Fla<\/p>\n\n\n","protected":false},"excerpt":{"rendered":"<p>A \u00faltima convoca\u00e7\u00e3o de Tite para os amistosos contra o Senegal e a Nig\u00e9ria deu o que falar e o assunto continua rendendo. No programa Bem, Amigos, da SporTV, o comentarista Marco Antonio Rodrigues detonou as convoca\u00e7\u00f5es, disse que o Flamengo pode ser prejudicado e que a CBF \u2018n\u00e3o teve sensibilidade\u2019. \u2013 Eu respeito o [&hellip;]<\/p>\n","protected":false},"author":1,"featured_media":15116,"comment_status":"open","ping_status":"open","sticky":false,"template":"","format":"standard","meta":{"footnotes":""},"categories":[1],"tags":[],"class_list":["post-29155","post","type-post","status-publish","format-standard","has-post-thumbnail","hentry","category-flamengo"],"yoast_head":"<!-- This site is optimized with the Yoast SEO Premium plugin v24.2 (Yoast SEO v26.9) - https:\/\/yoast.com\/product\/yoast-seo-premium-wordpress\/ -->\n<title>Comentarista detona CBF por convoca\u00e7\u00f5es: \u201cVoc\u00ea pode tirar o Flamengo da disputa\u201d<\/title>\n<meta name=\"robots\" content=\"index, follow, max-snippet:-1, max-image-preview:large, max-video-preview:-1\" \/>\n<link rel=\"canonical\" href=\"https:\/\/www.gaveanews.com\/index.php\/2019\/10\/02\/comentarista-detona-cbf-por-convocacoes-voce-pode-tirar-o-flamengo-da-disputa\/\" \/>\n<meta property=\"og:locale\" content=\"pt_BR\" \/>\n<meta property=\"og:type\" content=\"article\" \/>\n<meta property=\"og:title\" content=\"Comentarista detona CBF por convoca\u00e7\u00f5es: \u201cVoc\u00ea pode tirar o Flamengo da disputa\u201d\" \/>\n<meta property=\"og:description\" content=\"A \u00faltima convoca\u00e7\u00e3o de Tite para os amistosos contra o Senegal e a Nig\u00e9ria deu o que falar e o assunto continua rendendo. No programa Bem, Amigos, da SporTV, o comentarista Marco Antonio Rodrigues detonou as convoca\u00e7\u00f5es, disse que o Flamengo pode ser prejudicado e que a CBF \u2018n\u00e3o teve sensibilidade\u2019. \u2013 Eu respeito o [&hellip;]\" \/>\n<meta property=\"og:url\" content=\"https:\/\/www.gaveanews.com\/index.php\/2019\/10\/02\/comentarista-detona-cbf-por-convocacoes-voce-pode-tirar-o-flamengo-da-disputa\/\" \/>\n<meta property=\"og:site_name\" content=\"G\u00e1vea News\" \/>\n<meta property=\"article:publisher\" content=\"https:\/\/facebook.com\/gaveaNews\/\" \/>\n<meta property=\"article:published_time\" content=\"2019-10-02T22:11:38+00:00\" \/>\n<meta property=\"og:image\" content=\"https:\/\/www.gaveanews.com\/wp-content\/uploads\/2019\/03\/Rodrigo-Caio-e-Gabigol-durante-treinamento-no-Ninho-do-Urubu.webp\" \/>\n\t<meta property=\"og:image:width\" content=\"900\" \/>\n\t<meta property=\"og:image:height\" content=\"599\" \/>\n\t<meta property=\"og:image:type\" content=\"image\/jpeg\" \/>\n<meta name=\"author\" content=\"Equipe G\u00e1vea News\" \/>\n<meta name=\"twitter:card\" content=\"summary_large_image\" \/>\n<meta name=\"twitter:label1\" content=\"Escrito por\" \/>\n\t<meta name=\"twitter:data1\" content=\"Equipe G\u00e1vea News\" \/>\n\t<meta name=\"twitter:label2\" content=\"Est. tempo de leitura\" \/>\n\t<meta name=\"twitter:data2\" content=\"2 minutos\" \/>\n<script type=\"application\/ld+json\" class=\"yoast-schema-graph\">{\"@context\":\"https:\/\/schema.org\",\"@graph\":[{\"@type\":\"NewsArticle\",\"@id\":\"https:\/\/www.gaveanews.com\/index.php\/2019\/10\/02\/comentarista-detona-cbf-por-convocacoes-voce-pode-tirar-o-flamengo-da-disputa\/#article\",\"isPartOf\":{\"@id\":\"https:\/\/www.gaveanews.com\/index.php\/2019\/10\/02\/comentarista-detona-cbf-por-convocacoes-voce-pode-tirar-o-flamengo-da-disputa\/\"},\"author\":{\"name\":\"Equipe G\u00e1vea News\",\"@id\":\"https:\/\/www.gaveanews.com\/#\/schema\/person\/2ec14f73fb96be2caf28f91afb14749d\"},\"headline\":\"Comentarista detona CBF por convoca\u00e7\u00f5es: \u201cVoc\u00ea pode tirar o Flamengo da disputa\u201d\",\"datePublished\":\"2019-10-02T22:11:38+00:00\",\"mainEntityOfPage\":{\"@id\":\"https:\/\/www.gaveanews.com\/index.php\/2019\/10\/02\/comentarista-detona-cbf-por-convocacoes-voce-pode-tirar-o-flamengo-da-disputa\/\"},\"wordCount\":353,\"commentCount\":0,\"image\":{\"@id\":\"https:\/\/www.gaveanews.com\/index.php\/2019\/10\/02\/comentarista-detona-cbf-por-convocacoes-voce-pode-tirar-o-flamengo-da-disputa\/#primaryimage\"},\"thumbnailUrl\":\"https:\/\/www.gaveanews.com\/wp-content\/uploads\/2019\/03\/Rodrigo-Caio-e-Gabigol-durante-treinamento-no-Ninho-do-Urubu.webp\",\"articleSection\":[\"Flamengo\"],\"inLanguage\":\"pt-BR\",\"potentialAction\":[{\"@type\":\"CommentAction\",\"name\":\"Comment\",\"target\":[\"https:\/\/www.gaveanews.com\/index.php\/2019\/10\/02\/comentarista-detona-cbf-por-convocacoes-voce-pode-tirar-o-flamengo-da-disputa\/#respond\"]}],\"copyrightYear\":\"2019\",\"copyrightHolder\":{\"@id\":\"https:\/\/www.gaveanews.com\/#organization\"}},{\"@type\":\"WebPage\",\"@id\":\"https:\/\/www.gaveanews.com\/index.php\/2019\/10\/02\/comentarista-detona-cbf-por-convocacoes-voce-pode-tirar-o-flamengo-da-disputa\/\",\"url\":\"https:\/\/www.gaveanews.com\/index.php\/2019\/10\/02\/comentarista-detona-cbf-por-convocacoes-voce-pode-tirar-o-flamengo-da-disputa\/\",\"name\":\"Comentarista detona CBF por convoca\u00e7\u00f5es: \u201cVoc\u00ea pode tirar o Flamengo da disputa\u201d\",\"isPartOf\":{\"@id\":\"https:\/\/www.gaveanews.com\/#website\"},\"primaryImageOfPage\":{\"@id\":\"https:\/\/www.gaveanews.com\/index.php\/2019\/10\/02\/comentarista-detona-cbf-por-convocacoes-voce-pode-tirar-o-flamengo-da-disputa\/#primaryimage\"},\"image\":{\"@id\":\"https:\/\/www.gaveanews.com\/index.php\/2019\/10\/02\/comentarista-detona-cbf-por-convocacoes-voce-pode-tirar-o-flamengo-da-disputa\/#primaryimage\"},\"thumbnailUrl\":\"https:\/\/www.gaveanews.com\/wp-content\/uploads\/2019\/03\/Rodrigo-Caio-e-Gabigol-durante-treinamento-no-Ninho-do-Urubu.webp\",\"datePublished\":\"2019-10-02T22:11:38+00:00\",\"author\":{\"@id\":\"https:\/\/www.gaveanews.com\/#\/schema\/person\/2ec14f73fb96be2caf28f91afb14749d\"},\"breadcrumb\":{\"@id\":\"https:\/\/www.gaveanews.com\/index.php\/2019\/10\/02\/comentarista-detona-cbf-por-convocacoes-voce-pode-tirar-o-flamengo-da-disputa\/#breadcrumb\"},\"inLanguage\":\"pt-BR\",\"potentialAction\":[{\"@type\":\"ReadAction\",\"target\":[\"https:\/\/www.gaveanews.com\/index.php\/2019\/10\/02\/comentarista-detona-cbf-por-convocacoes-voce-pode-tirar-o-flamengo-da-disputa\/\"]}]},{\"@type\":\"ImageObject\",\"inLanguage\":\"pt-BR\",\"@id\":\"https:\/\/www.gaveanews.com\/index.php\/2019\/10\/02\/comentarista-detona-cbf-por-convocacoes-voce-pode-tirar-o-flamengo-da-disputa\/#primaryimage\",\"url\":\"https:\/\/www.gaveanews.com\/wp-content\/uploads\/2019\/03\/Rodrigo-Caio-e-Gabigol-durante-treinamento-no-Ninho-do-Urubu.webp\",\"contentUrl\":\"https:\/\/www.gaveanews.com\/wp-content\/uploads\/2019\/03\/Rodrigo-Caio-e-Gabigol-durante-treinamento-no-Ninho-do-Urubu.webp\",\"width\":900,\"height\":599,\"caption\":\"Rodrigo Caio e Gabigol durante treinamento no Ninho do Urubu (Foto: Alexandre Vidal\/Flamengo)\"},{\"@type\":\"BreadcrumbList\",\"@id\":\"https:\/\/www.gaveanews.com\/index.php\/2019\/10\/02\/comentarista-detona-cbf-por-convocacoes-voce-pode-tirar-o-flamengo-da-disputa\/#breadcrumb\",\"itemListElement\":[{\"@type\":\"ListItem\",\"position\":1,\"name\":\"Home\",\"item\":\"https:\/\/www.gaveanews.com\/\"},{\"@type\":\"ListItem\",\"position\":2,\"name\":\"Comentarista detona CBF por convoca\u00e7\u00f5es: \u201cVoc\u00ea pode tirar o Flamengo da disputa\u201d\"}]},{\"@type\":\"WebSite\",\"@id\":\"https:\/\/www.gaveanews.com\/#website\",\"url\":\"https:\/\/www.gaveanews.com\/\",\"name\":\"G\u00e1vea News\",\"description\":\"Veja todas as not\u00edcias sobre o Flamengo: Contrata\u00e7\u00f5es, categorias de base, resultados das partidas, tabela de classifica\u00e7\u00e3o, pr\u00f3ximos jogos!\",\"potentialAction\":[{\"@type\":\"SearchAction\",\"target\":{\"@type\":\"EntryPoint\",\"urlTemplate\":\"https:\/\/www.gaveanews.com\/?s={search_term_string}\"},\"query-input\":{\"@type\":\"PropertyValueSpecification\",\"valueRequired\":true,\"valueName\":\"search_term_string\"}}],\"inLanguage\":\"pt-BR\"},{\"@type\":\"Person\",\"@id\":\"https:\/\/www.gaveanews.com\/#\/schema\/person\/2ec14f73fb96be2caf28f91afb14749d\",\"name\":\"Equipe G\u00e1vea News\",\"image\":{\"@type\":\"ImageObject\",\"inLanguage\":\"pt-BR\",\"@id\":\"https:\/\/www.gaveanews.com\/#\/schema\/person\/image\/\",\"url\":\"https:\/\/secure.gravatar.com\/avatar\/1e1956f1facbffd3f8fa53a326721950116b3b9dc9bd44939c01180fd4a745a9?s=96&d=mm&r=g\",\"contentUrl\":\"https:\/\/secure.gravatar.com\/avatar\/1e1956f1facbffd3f8fa53a326721950116b3b9dc9bd44939c01180fd4a745a9?s=96&d=mm&r=g\",\"caption\":\"Equipe G\u00e1vea News\"}}]}<\/script>\n<!-- \/ Yoast SEO Premium plugin. -->","yoast_head_json":{"title":"Comentarista detona CBF por convoca\u00e7\u00f5es: \u201cVoc\u00ea pode tirar o Flamengo da disputa\u201d","robots":{"index":"index","follow":"follow","max-snippet":"max-snippet:-1","max-image-preview":"max-image-preview:large","max-video-preview":"max-video-preview:-1"},"canonical":"https:\/\/www.gaveanews.com\/index.php\/2019\/10\/02\/comentarista-detona-cbf-por-convocacoes-voce-pode-tirar-o-flamengo-da-disputa\/","og_locale":"pt_BR","og_type":"article","og_title":"Comentarista detona CBF por convoca\u00e7\u00f5es: \u201cVoc\u00ea pode tirar o Flamengo da disputa\u201d","og_description":"A \u00faltima convoca\u00e7\u00e3o de Tite para os amistosos contra o Senegal e a Nig\u00e9ria deu o que falar e o assunto continua rendendo. No programa Bem, Amigos, da SporTV, o comentarista Marco Antonio Rodrigues detonou as convoca\u00e7\u00f5es, disse que o Flamengo pode ser prejudicado e que a CBF \u2018n\u00e3o teve sensibilidade\u2019. \u2013 Eu respeito o [&hellip;]","og_url":"https:\/\/www.gaveanews.com\/index.php\/2019\/10\/02\/comentarista-detona-cbf-por-convocacoes-voce-pode-tirar-o-flamengo-da-disputa\/","og_site_name":"G\u00e1vea News","article_publisher":"https:\/\/facebook.com\/gaveaNews\/","article_published_time":"2019-10-02T22:11:38+00:00","og_image":[{"width":900,"height":599,"url":"https:\/\/www.gaveanews.com\/wp-content\/uploads\/2019\/03\/Rodrigo-Caio-e-Gabigol-durante-treinamento-no-Ninho-do-Urubu.webp","type":"image\/jpeg"}],"author":"Equipe G\u00e1vea News","twitter_card":"summary_large_image","twitter_misc":{"Escrito por":"Equipe G\u00e1vea News","Est. tempo de leitura":"2 minutos"},"schema":{"@context":"https:\/\/schema.org","@graph":[{"@type":"NewsArticle","@id":"https:\/\/www.gaveanews.com\/index.php\/2019\/10\/02\/comentarista-detona-cbf-por-convocacoes-voce-pode-tirar-o-flamengo-da-disputa\/#article","isPartOf":{"@id":"https:\/\/www.gaveanews.com\/index.php\/2019\/10\/02\/comentarista-detona-cbf-por-convocacoes-voce-pode-tirar-o-flamengo-da-disputa\/"},"author":{"name":"Equipe G\u00e1vea News","@id":"https:\/\/www.gaveanews.com\/#\/schema\/person\/2ec14f73fb96be2caf28f91afb14749d"},"headline":"Comentarista detona CBF por convoca\u00e7\u00f5es: \u201cVoc\u00ea pode tirar o Flamengo da disputa\u201d","datePublished":"2019-10-02T22:11:38+00:00","mainEntityOfPage":{"@id":"https:\/\/www.gaveanews.com\/index.php\/2019\/10\/02\/comentarista-detona-cbf-por-convocacoes-voce-pode-tirar-o-flamengo-da-disputa\/"},"wordCount":353,"commentCount":0,"image":{"@id":"https:\/\/www.gaveanews.com\/index.php\/2019\/10\/02\/comentarista-detona-cbf-por-convocacoes-voce-pode-tirar-o-flamengo-da-disputa\/#primaryimage"},"thumbnailUrl":"https:\/\/www.gaveanews.com\/wp-content\/uploads\/2019\/03\/Rodrigo-Caio-e-Gabigol-durante-treinamento-no-Ninho-do-Urubu.webp","articleSection":["Flamengo"],"inLanguage":"pt-BR","potentialAction":[{"@type":"CommentAction","name":"Comment","target":["https:\/\/www.gaveanews.com\/index.php\/2019\/10\/02\/comentarista-detona-cbf-por-convocacoes-voce-pode-tirar-o-flamengo-da-disputa\/#respond"]}],"copyrightYear":"2019","copyrightHolder":{"@id":"https:\/\/www.gaveanews.com\/#organization"}},{"@type":"WebPage","@id":"https:\/\/www.gaveanews.com\/index.php\/2019\/10\/02\/comentarista-detona-cbf-por-convocacoes-voce-pode-tirar-o-flamengo-da-disputa\/","url":"https:\/\/www.gaveanews.com\/index.php\/2019\/10\/02\/comentarista-detona-cbf-por-convocacoes-voce-pode-tirar-o-flamengo-da-disputa\/","name":"Comentarista detona CBF por convoca\u00e7\u00f5es: \u201cVoc\u00ea pode tirar o Flamengo da disputa\u201d","isPartOf":{"@id":"https:\/\/www.gaveanews.com\/#website"},"primaryImageOfPage":{"@id":"https:\/\/www.gaveanews.com\/index.php\/2019\/10\/02\/comentarista-detona-cbf-por-convocacoes-voce-pode-tirar-o-flamengo-da-disputa\/#primaryimage"},"image":{"@id":"https:\/\/www.gaveanews.com\/index.php\/2019\/10\/02\/comentarista-detona-cbf-por-convocacoes-voce-pode-tirar-o-flamengo-da-disputa\/#primaryimage"},"thumbnailUrl":"https:\/\/www.gaveanews.com\/wp-content\/uploads\/2019\/03\/Rodrigo-Caio-e-Gabigol-durante-treinamento-no-Ninho-do-Urubu.webp","datePublished":"2019-10-02T22:11:38+00:00","author":{"@id":"https:\/\/www.gaveanews.com\/#\/schema\/person\/2ec14f73fb96be2caf28f91afb14749d"},"breadcrumb":{"@id":"https:\/\/www.gaveanews.com\/index.php\/2019\/10\/02\/comentarista-detona-cbf-por-convocacoes-voce-pode-tirar-o-flamengo-da-disputa\/#breadcrumb"},"inLanguage":"pt-BR","potentialAction":[{"@type":"ReadAction","target":["https:\/\/www.gaveanews.com\/index.php\/2019\/10\/02\/comentarista-detona-cbf-por-convocacoes-voce-pode-tirar-o-flamengo-da-disputa\/"]}]},{"@type":"ImageObject","inLanguage":"pt-BR","@id":"https:\/\/www.gaveanews.com\/index.php\/2019\/10\/02\/comentarista-detona-cbf-por-convocacoes-voce-pode-tirar-o-flamengo-da-disputa\/#primaryimage","url":"https:\/\/www.gaveanews.com\/wp-content\/uploads\/2019\/03\/Rodrigo-Caio-e-Gabigol-durante-treinamento-no-Ninho-do-Urubu.webp","contentUrl":"https:\/\/www.gaveanews.com\/wp-content\/uploads\/2019\/03\/Rodrigo-Caio-e-Gabigol-durante-treinamento-no-Ninho-do-Urubu.webp","width":900,"height":599,"caption":"Rodrigo Caio e Gabigol durante treinamento no Ninho do Urubu (Foto: Alexandre Vidal\/Flamengo)"},{"@type":"BreadcrumbList","@id":"https:\/\/www.gaveanews.com\/index.php\/2019\/10\/02\/comentarista-detona-cbf-por-convocacoes-voce-pode-tirar-o-flamengo-da-disputa\/#breadcrumb","itemListElement":[{"@type":"ListItem","position":1,"name":"Home","item":"https:\/\/www.gaveanews.com\/"},{"@type":"ListItem","position":2,"name":"Comentarista detona CBF por convoca\u00e7\u00f5es: \u201cVoc\u00ea pode tirar o Flamengo da disputa\u201d"}]},{"@type":"WebSite","@id":"https:\/\/www.gaveanews.com\/#website","url":"https:\/\/www.gaveanews.com\/","name":"G\u00e1vea News","description":"Veja todas as not\u00edcias sobre o Flamengo: Contrata\u00e7\u00f5es, categorias de base, resultados das partidas, tabela de classifica\u00e7\u00e3o, pr\u00f3ximos jogos!","potentialAction":[{"@type":"SearchAction","target":{"@type":"EntryPoint","urlTemplate":"https:\/\/www.gaveanews.com\/?s={search_term_string}"},"query-input":{"@type":"PropertyValueSpecification","valueRequired":true,"valueName":"search_term_string"}}],"inLanguage":"pt-BR"},{"@type":"Person","@id":"https:\/\/www.gaveanews.com\/#\/schema\/person\/2ec14f73fb96be2caf28f91afb14749d","name":"Equipe G\u00e1vea News","image":{"@type":"ImageObject","inLanguage":"pt-BR","@id":"https:\/\/www.gaveanews.com\/#\/schema\/person\/image\/","url":"https:\/\/secure.gravatar.com\/avatar\/1e1956f1facbffd3f8fa53a326721950116b3b9dc9bd44939c01180fd4a745a9?s=96&d=mm&r=g","contentUrl":"https:\/\/secure.gravatar.com\/avatar\/1e1956f1facbffd3f8fa53a326721950116b3b9dc9bd44939c01180fd4a745a9?s=96&d=mm&r=g","caption":"Equipe G\u00e1vea News"}}]}},"_links":{"self":[{"href":"https:\/\/www.gaveanews.com\/index.php\/wp-json\/wp\/v2\/posts\/29155","targetHints":{"allow":["GET"]}}],"collection":[{"href":"https:\/\/www.gaveanews.com\/index.php\/wp-json\/wp\/v2\/posts"}],"about":[{"href":"https:\/\/www.gaveanews.com\/index.php\/wp-json\/wp\/v2\/types\/post"}],"author":[{"embeddable":true,"href":"https:\/\/www.gaveanews.com\/index.php\/wp-json\/wp\/v2\/users\/1"}],"replies":[{"embeddable":true,"href":"https:\/\/www.gaveanews.com\/index.php\/wp-json\/wp\/v2\/comments?post=29155"}],"version-history":[{"count":0,"href":"https:\/\/www.gaveanews.com\/index.php\/wp-json\/wp\/v2\/posts\/29155\/revisions"}],"wp:featuredmedia":[{"embeddable":true,"href":"https:\/\/www.gaveanews.com\/index.php\/wp-json\/wp\/v2\/media\/15116"}],"wp:attachment":[{"href":"https:\/\/www.gaveanews.com\/index.php\/wp-json\/wp\/v2\/media?parent=29155"}],"wp:term":[{"taxonomy":"category","embeddable":true,"href":"https:\/\/www.gaveanews.com\/index.php\/wp-json\/wp\/v2\/categories?post=29155"},{"taxonomy":"post_tag","embeddable":true,"href":"https:\/\/www.gaveanews.com\/index.php\/wp-json\/wp\/v2\/tags?post=29155"}],"curies":[{"name":"wp","href":"https:\/\/api.w.org\/{rel}","templated":true}]}}