{"id":29248,"date":"2019-10-03T14:38:06","date_gmt":"2019-10-03T17:38:06","guid":{"rendered":"http:\/\/www.gaveanews.com\/?p=29248"},"modified":"2019-10-03T14:38:07","modified_gmt":"2019-10-03T17:38:07","slug":"devido-ao-jogo-do-flamengo-na-copa-libertadores-rede-globo-registra-recordes-de-audiencia-no-rio-de-janeiro-e-em-sao-paulo","status":"publish","type":"post","link":"https:\/\/www.gaveanews.com\/index.php\/2019\/10\/03\/devido-ao-jogo-do-flamengo-na-copa-libertadores-rede-globo-registra-recordes-de-audiencia-no-rio-de-janeiro-e-em-sao-paulo\/","title":{"rendered":"Devido ao jogo do Flamengo, na Copa Libertadores, Rede Globo registra recordes de audi\u00eancia no Rio de Janeiro e em S\u00e3o Paulo"},"content":{"rendered":"\n<p>O empate, em 1 a 1, entre Gr\u00eamio e Flamengo, pelo primeiro jogo das semifinais da Libertadores, rendeu bons n\u00fameros \u00e0 Globo, principalmente no Rio de Janeiro. Disputada na Arena do Gr\u00eamio, a partida registrou a melhor audi\u00eancia da emissora carioca com futebol em 2019.<\/p>\n\n\n\n<p>Alcan\u00e7ando 47 pontos de audi\u00eancia (1 ponto equivale a 46.175 domic\u00edlios) e 65% de participa\u00e7\u00e3o, o jogo ainda registrou a melhor marca da Globo com a competi\u00e7\u00e3o desde a final entre Fluminense e LDU, em 2008. Na ocasi\u00e3o, o vice-campeonato do tricolor carioca marcou 47 pontos e 71% de participa\u00e7\u00e3o.<\/p>\n\n\n\n<p>Al\u00e9m disso, os n\u00fameros s\u00e3o os melhores do canal aberto desde a elimina\u00e7\u00e3o do Brasil na Copa do Mundo da R\u00fassia, em partida contra a B\u00e9lgica. O jogo v\u00e1lido pelas quartas de final, com derrota verde-amarela por 2 a 1, alcan\u00e7ou 51 pontos e 81% de participa\u00e7\u00e3o.<\/p>\n\n\n\n<p>J\u00e1 em S\u00e3o Paulo, o duelo entre tricolores e rubro-negros bateu recorde de audi\u00eancia da Libertadores 2019. Com 30 pontos (1 pontos equivale a 73.015 domic\u00edlios) e 46% de participa\u00e7\u00e3o, o jogo \u00e9 a melhor marca da emissora com o torneio desde a elimina\u00e7\u00e3o do Palmeiras para o Boca Juniors, em 2018, nas semifinais. Na ocasi\u00e3o, o canal registrou 33 pontos e 49% de participa\u00e7\u00e3o.<\/p>\n\n\n\n<p>Ap\u00f3s empate na primeira partida, Flamengo e Gr\u00eamio se reencontram, agora no Maracan\u00e3, no dia 23 de outubro, \u00e0s 21h30. O rubro-negro precisa de um empate sem gols ou de uma vit\u00f3ria para chegar \u00e0 final. J\u00e1 o tricolor ga\u00facho busca um empate por dois gols ou mais ou uma vit\u00f3ria. Caso se repita o placar do primeiro jogo, a disputa ir\u00e1 para os p\u00eanaltis.<\/p>\n\n\n\n<p>Retirado de: UOL<\/p>\n\n\n","protected":false},"excerpt":{"rendered":"<p>O empate, em 1 a 1, entre Gr\u00eamio e Flamengo, pelo primeiro jogo das semifinais da Libertadores, rendeu bons n\u00fameros \u00e0 Globo, principalmente no Rio de Janeiro. Disputada na Arena do Gr\u00eamio, a partida registrou a melhor audi\u00eancia da emissora carioca com futebol em 2019. Alcan\u00e7ando 47 pontos de audi\u00eancia (1 ponto equivale a 46.175 [&hellip;]<\/p>\n","protected":false},"author":1,"featured_media":17043,"comment_status":"open","ping_status":"open","sticky":false,"template":"","format":"standard","meta":{"footnotes":""},"categories":[1],"tags":[],"class_list":["post-29248","post","type-post","status-publish","format-standard","has-post-thumbnail","hentry","category-flamengo"],"yoast_head":"<!-- This site is optimized with the Yoast SEO Premium plugin v24.2 (Yoast SEO v26.9) - https:\/\/yoast.com\/product\/yoast-seo-premium-wordpress\/ -->\n<title>Devido ao jogo do Flamengo, na Copa Libertadores, Rede Globo registra recordes de audi\u00eancia no Rio de Janeiro e em S\u00e3o Paulo<\/title>\n<meta name=\"robots\" content=\"index, follow, max-snippet:-1, max-image-preview:large, max-video-preview:-1\" \/>\n<link rel=\"canonical\" href=\"https:\/\/www.gaveanews.com\/index.php\/2019\/10\/03\/devido-ao-jogo-do-flamengo-na-copa-libertadores-rede-globo-registra-recordes-de-audiencia-no-rio-de-janeiro-e-em-sao-paulo\/\" \/>\n<meta property=\"og:locale\" content=\"pt_BR\" \/>\n<meta property=\"og:type\" content=\"article\" \/>\n<meta property=\"og:title\" content=\"Devido ao jogo do Flamengo, na Copa Libertadores, Rede Globo registra recordes de audi\u00eancia no Rio de Janeiro e em S\u00e3o Paulo\" \/>\n<meta property=\"og:description\" content=\"O empate, em 1 a 1, entre Gr\u00eamio e Flamengo, pelo primeiro jogo das semifinais da Libertadores, rendeu bons n\u00fameros \u00e0 Globo, principalmente no Rio de Janeiro. Disputada na Arena do Gr\u00eamio, a partida registrou a melhor audi\u00eancia da emissora carioca com futebol em 2019. Alcan\u00e7ando 47 pontos de audi\u00eancia (1 ponto equivale a 46.175 [&hellip;]\" \/>\n<meta property=\"og:url\" content=\"https:\/\/www.gaveanews.com\/index.php\/2019\/10\/03\/devido-ao-jogo-do-flamengo-na-copa-libertadores-rede-globo-registra-recordes-de-audiencia-no-rio-de-janeiro-e-em-sao-paulo\/\" \/>\n<meta property=\"og:site_name\" content=\"G\u00e1vea News\" \/>\n<meta property=\"article:publisher\" content=\"https:\/\/facebook.com\/gaveaNews\/\" \/>\n<meta property=\"article:published_time\" content=\"2019-10-03T17:38:06+00:00\" \/>\n<meta property=\"article:modified_time\" content=\"2019-10-03T17:38:07+00:00\" \/>\n<meta property=\"og:image\" content=\"https:\/\/www.gaveanews.com\/wp-content\/uploads\/2019\/04\/Logomarca-da-Rede-Globo.webp\" \/>\n\t<meta property=\"og:image:width\" content=\"1920\" \/>\n\t<meta property=\"og:image:height\" content=\"1076\" \/>\n\t<meta property=\"og:image:type\" content=\"image\/png\" \/>\n<meta name=\"author\" content=\"Equipe G\u00e1vea News\" \/>\n<meta name=\"twitter:card\" content=\"summary_large_image\" \/>\n<meta name=\"twitter:label1\" content=\"Escrito por\" \/>\n\t<meta name=\"twitter:data1\" content=\"Equipe G\u00e1vea News\" \/>\n\t<meta name=\"twitter:label2\" content=\"Est. tempo de leitura\" \/>\n\t<meta name=\"twitter:data2\" content=\"1 minuto\" \/>\n<script type=\"application\/ld+json\" class=\"yoast-schema-graph\">{\"@context\":\"https:\/\/schema.org\",\"@graph\":[{\"@type\":\"NewsArticle\",\"@id\":\"https:\/\/www.gaveanews.com\/index.php\/2019\/10\/03\/devido-ao-jogo-do-flamengo-na-copa-libertadores-rede-globo-registra-recordes-de-audiencia-no-rio-de-janeiro-e-em-sao-paulo\/#article\",\"isPartOf\":{\"@id\":\"https:\/\/www.gaveanews.com\/index.php\/2019\/10\/03\/devido-ao-jogo-do-flamengo-na-copa-libertadores-rede-globo-registra-recordes-de-audiencia-no-rio-de-janeiro-e-em-sao-paulo\/\"},\"author\":{\"name\":\"Equipe G\u00e1vea News\",\"@id\":\"https:\/\/www.gaveanews.com\/#\/schema\/person\/2ec14f73fb96be2caf28f91afb14749d\"},\"headline\":\"Devido ao jogo do Flamengo, na Copa Libertadores, Rede Globo registra recordes de audi\u00eancia no Rio de Janeiro e em S\u00e3o Paulo\",\"datePublished\":\"2019-10-03T17:38:06+00:00\",\"dateModified\":\"2019-10-03T17:38:07+00:00\",\"mainEntityOfPage\":{\"@id\":\"https:\/\/www.gaveanews.com\/index.php\/2019\/10\/03\/devido-ao-jogo-do-flamengo-na-copa-libertadores-rede-globo-registra-recordes-de-audiencia-no-rio-de-janeiro-e-em-sao-paulo\/\"},\"wordCount\":306,\"commentCount\":0,\"image\":{\"@id\":\"https:\/\/www.gaveanews.com\/index.php\/2019\/10\/03\/devido-ao-jogo-do-flamengo-na-copa-libertadores-rede-globo-registra-recordes-de-audiencia-no-rio-de-janeiro-e-em-sao-paulo\/#primaryimage\"},\"thumbnailUrl\":\"https:\/\/www.gaveanews.com\/wp-content\/uploads\/2019\/04\/Logomarca-da-Rede-Globo.webp\",\"articleSection\":[\"Flamengo\"],\"inLanguage\":\"pt-BR\",\"potentialAction\":[{\"@type\":\"CommentAction\",\"name\":\"Comment\",\"target\":[\"https:\/\/www.gaveanews.com\/index.php\/2019\/10\/03\/devido-ao-jogo-do-flamengo-na-copa-libertadores-rede-globo-registra-recordes-de-audiencia-no-rio-de-janeiro-e-em-sao-paulo\/#respond\"]}],\"copyrightYear\":\"2019\",\"copyrightHolder\":{\"@id\":\"https:\/\/www.gaveanews.com\/#organization\"}},{\"@type\":\"WebPage\",\"@id\":\"https:\/\/www.gaveanews.com\/index.php\/2019\/10\/03\/devido-ao-jogo-do-flamengo-na-copa-libertadores-rede-globo-registra-recordes-de-audiencia-no-rio-de-janeiro-e-em-sao-paulo\/\",\"url\":\"https:\/\/www.gaveanews.com\/index.php\/2019\/10\/03\/devido-ao-jogo-do-flamengo-na-copa-libertadores-rede-globo-registra-recordes-de-audiencia-no-rio-de-janeiro-e-em-sao-paulo\/\",\"name\":\"Devido ao jogo do Flamengo, na Copa Libertadores, Rede Globo registra recordes de audi\u00eancia no Rio de Janeiro e em S\u00e3o Paulo\",\"isPartOf\":{\"@id\":\"https:\/\/www.gaveanews.com\/#website\"},\"primaryImageOfPage\":{\"@id\":\"https:\/\/www.gaveanews.com\/index.php\/2019\/10\/03\/devido-ao-jogo-do-flamengo-na-copa-libertadores-rede-globo-registra-recordes-de-audiencia-no-rio-de-janeiro-e-em-sao-paulo\/#primaryimage\"},\"image\":{\"@id\":\"https:\/\/www.gaveanews.com\/index.php\/2019\/10\/03\/devido-ao-jogo-do-flamengo-na-copa-libertadores-rede-globo-registra-recordes-de-audiencia-no-rio-de-janeiro-e-em-sao-paulo\/#primaryimage\"},\"thumbnailUrl\":\"https:\/\/www.gaveanews.com\/wp-content\/uploads\/2019\/04\/Logomarca-da-Rede-Globo.webp\",\"datePublished\":\"2019-10-03T17:38:06+00:00\",\"dateModified\":\"2019-10-03T17:38:07+00:00\",\"author\":{\"@id\":\"https:\/\/www.gaveanews.com\/#\/schema\/person\/2ec14f73fb96be2caf28f91afb14749d\"},\"breadcrumb\":{\"@id\":\"https:\/\/www.gaveanews.com\/index.php\/2019\/10\/03\/devido-ao-jogo-do-flamengo-na-copa-libertadores-rede-globo-registra-recordes-de-audiencia-no-rio-de-janeiro-e-em-sao-paulo\/#breadcrumb\"},\"inLanguage\":\"pt-BR\",\"potentialAction\":[{\"@type\":\"ReadAction\",\"target\":[\"https:\/\/www.gaveanews.com\/index.php\/2019\/10\/03\/devido-ao-jogo-do-flamengo-na-copa-libertadores-rede-globo-registra-recordes-de-audiencia-no-rio-de-janeiro-e-em-sao-paulo\/\"]}]},{\"@type\":\"ImageObject\",\"inLanguage\":\"pt-BR\",\"@id\":\"https:\/\/www.gaveanews.com\/index.php\/2019\/10\/03\/devido-ao-jogo-do-flamengo-na-copa-libertadores-rede-globo-registra-recordes-de-audiencia-no-rio-de-janeiro-e-em-sao-paulo\/#primaryimage\",\"url\":\"https:\/\/www.gaveanews.com\/wp-content\/uploads\/2019\/04\/Logomarca-da-Rede-Globo.webp\",\"contentUrl\":\"https:\/\/www.gaveanews.com\/wp-content\/uploads\/2019\/04\/Logomarca-da-Rede-Globo.webp\",\"width\":1920,\"height\":1076,\"caption\":\"Logomarca da Rede Globo (Foto: Reprodu\u00e7\u00e3o)\"},{\"@type\":\"BreadcrumbList\",\"@id\":\"https:\/\/www.gaveanews.com\/index.php\/2019\/10\/03\/devido-ao-jogo-do-flamengo-na-copa-libertadores-rede-globo-registra-recordes-de-audiencia-no-rio-de-janeiro-e-em-sao-paulo\/#breadcrumb\",\"itemListElement\":[{\"@type\":\"ListItem\",\"position\":1,\"name\":\"Home\",\"item\":\"https:\/\/www.gaveanews.com\/\"},{\"@type\":\"ListItem\",\"position\":2,\"name\":\"Devido ao jogo do Flamengo, na Copa Libertadores, Rede Globo registra recordes de audi\u00eancia no Rio de Janeiro e em S\u00e3o Paulo\"}]},{\"@type\":\"WebSite\",\"@id\":\"https:\/\/www.gaveanews.com\/#website\",\"url\":\"https:\/\/www.gaveanews.com\/\",\"name\":\"G\u00e1vea News\",\"description\":\"Veja todas as not\u00edcias sobre o Flamengo: Contrata\u00e7\u00f5es, categorias de base, resultados das partidas, tabela de classifica\u00e7\u00e3o, pr\u00f3ximos jogos!\",\"potentialAction\":[{\"@type\":\"SearchAction\",\"target\":{\"@type\":\"EntryPoint\",\"urlTemplate\":\"https:\/\/www.gaveanews.com\/?s={search_term_string}\"},\"query-input\":{\"@type\":\"PropertyValueSpecification\",\"valueRequired\":true,\"valueName\":\"search_term_string\"}}],\"inLanguage\":\"pt-BR\"},{\"@type\":\"Person\",\"@id\":\"https:\/\/www.gaveanews.com\/#\/schema\/person\/2ec14f73fb96be2caf28f91afb14749d\",\"name\":\"Equipe G\u00e1vea News\",\"image\":{\"@type\":\"ImageObject\",\"inLanguage\":\"pt-BR\",\"@id\":\"https:\/\/www.gaveanews.com\/#\/schema\/person\/image\/\",\"url\":\"https:\/\/secure.gravatar.com\/avatar\/1e1956f1facbffd3f8fa53a326721950116b3b9dc9bd44939c01180fd4a745a9?s=96&d=mm&r=g\",\"contentUrl\":\"https:\/\/secure.gravatar.com\/avatar\/1e1956f1facbffd3f8fa53a326721950116b3b9dc9bd44939c01180fd4a745a9?s=96&d=mm&r=g\",\"caption\":\"Equipe G\u00e1vea News\"}}]}<\/script>\n<!-- \/ Yoast SEO Premium plugin. -->","yoast_head_json":{"title":"Devido ao jogo do Flamengo, na Copa Libertadores, Rede Globo registra recordes de audi\u00eancia no Rio de Janeiro e em S\u00e3o Paulo","robots":{"index":"index","follow":"follow","max-snippet":"max-snippet:-1","max-image-preview":"max-image-preview:large","max-video-preview":"max-video-preview:-1"},"canonical":"https:\/\/www.gaveanews.com\/index.php\/2019\/10\/03\/devido-ao-jogo-do-flamengo-na-copa-libertadores-rede-globo-registra-recordes-de-audiencia-no-rio-de-janeiro-e-em-sao-paulo\/","og_locale":"pt_BR","og_type":"article","og_title":"Devido ao jogo do Flamengo, na Copa Libertadores, Rede Globo registra recordes de audi\u00eancia no Rio de Janeiro e em S\u00e3o Paulo","og_description":"O empate, em 1 a 1, entre Gr\u00eamio e Flamengo, pelo primeiro jogo das semifinais da Libertadores, rendeu bons n\u00fameros \u00e0 Globo, principalmente no Rio de Janeiro. Disputada na Arena do Gr\u00eamio, a partida registrou a melhor audi\u00eancia da emissora carioca com futebol em 2019. Alcan\u00e7ando 47 pontos de audi\u00eancia (1 ponto equivale a 46.175 [&hellip;]","og_url":"https:\/\/www.gaveanews.com\/index.php\/2019\/10\/03\/devido-ao-jogo-do-flamengo-na-copa-libertadores-rede-globo-registra-recordes-de-audiencia-no-rio-de-janeiro-e-em-sao-paulo\/","og_site_name":"G\u00e1vea News","article_publisher":"https:\/\/facebook.com\/gaveaNews\/","article_published_time":"2019-10-03T17:38:06+00:00","article_modified_time":"2019-10-03T17:38:07+00:00","og_image":[{"width":1920,"height":1076,"url":"https:\/\/www.gaveanews.com\/wp-content\/uploads\/2019\/04\/Logomarca-da-Rede-Globo.webp","type":"image\/png"}],"author":"Equipe G\u00e1vea News","twitter_card":"summary_large_image","twitter_misc":{"Escrito por":"Equipe G\u00e1vea News","Est. tempo de leitura":"1 minuto"},"schema":{"@context":"https:\/\/schema.org","@graph":[{"@type":"NewsArticle","@id":"https:\/\/www.gaveanews.com\/index.php\/2019\/10\/03\/devido-ao-jogo-do-flamengo-na-copa-libertadores-rede-globo-registra-recordes-de-audiencia-no-rio-de-janeiro-e-em-sao-paulo\/#article","isPartOf":{"@id":"https:\/\/www.gaveanews.com\/index.php\/2019\/10\/03\/devido-ao-jogo-do-flamengo-na-copa-libertadores-rede-globo-registra-recordes-de-audiencia-no-rio-de-janeiro-e-em-sao-paulo\/"},"author":{"name":"Equipe G\u00e1vea News","@id":"https:\/\/www.gaveanews.com\/#\/schema\/person\/2ec14f73fb96be2caf28f91afb14749d"},"headline":"Devido ao jogo do Flamengo, na Copa Libertadores, Rede Globo registra recordes de audi\u00eancia no Rio de Janeiro e em S\u00e3o Paulo","datePublished":"2019-10-03T17:38:06+00:00","dateModified":"2019-10-03T17:38:07+00:00","mainEntityOfPage":{"@id":"https:\/\/www.gaveanews.com\/index.php\/2019\/10\/03\/devido-ao-jogo-do-flamengo-na-copa-libertadores-rede-globo-registra-recordes-de-audiencia-no-rio-de-janeiro-e-em-sao-paulo\/"},"wordCount":306,"commentCount":0,"image":{"@id":"https:\/\/www.gaveanews.com\/index.php\/2019\/10\/03\/devido-ao-jogo-do-flamengo-na-copa-libertadores-rede-globo-registra-recordes-de-audiencia-no-rio-de-janeiro-e-em-sao-paulo\/#primaryimage"},"thumbnailUrl":"https:\/\/www.gaveanews.com\/wp-content\/uploads\/2019\/04\/Logomarca-da-Rede-Globo.webp","articleSection":["Flamengo"],"inLanguage":"pt-BR","potentialAction":[{"@type":"CommentAction","name":"Comment","target":["https:\/\/www.gaveanews.com\/index.php\/2019\/10\/03\/devido-ao-jogo-do-flamengo-na-copa-libertadores-rede-globo-registra-recordes-de-audiencia-no-rio-de-janeiro-e-em-sao-paulo\/#respond"]}],"copyrightYear":"2019","copyrightHolder":{"@id":"https:\/\/www.gaveanews.com\/#organization"}},{"@type":"WebPage","@id":"https:\/\/www.gaveanews.com\/index.php\/2019\/10\/03\/devido-ao-jogo-do-flamengo-na-copa-libertadores-rede-globo-registra-recordes-de-audiencia-no-rio-de-janeiro-e-em-sao-paulo\/","url":"https:\/\/www.gaveanews.com\/index.php\/2019\/10\/03\/devido-ao-jogo-do-flamengo-na-copa-libertadores-rede-globo-registra-recordes-de-audiencia-no-rio-de-janeiro-e-em-sao-paulo\/","name":"Devido ao jogo do Flamengo, na Copa Libertadores, Rede Globo registra recordes de audi\u00eancia no Rio de Janeiro e em S\u00e3o Paulo","isPartOf":{"@id":"https:\/\/www.gaveanews.com\/#website"},"primaryImageOfPage":{"@id":"https:\/\/www.gaveanews.com\/index.php\/2019\/10\/03\/devido-ao-jogo-do-flamengo-na-copa-libertadores-rede-globo-registra-recordes-de-audiencia-no-rio-de-janeiro-e-em-sao-paulo\/#primaryimage"},"image":{"@id":"https:\/\/www.gaveanews.com\/index.php\/2019\/10\/03\/devido-ao-jogo-do-flamengo-na-copa-libertadores-rede-globo-registra-recordes-de-audiencia-no-rio-de-janeiro-e-em-sao-paulo\/#primaryimage"},"thumbnailUrl":"https:\/\/www.gaveanews.com\/wp-content\/uploads\/2019\/04\/Logomarca-da-Rede-Globo.webp","datePublished":"2019-10-03T17:38:06+00:00","dateModified":"2019-10-03T17:38:07+00:00","author":{"@id":"https:\/\/www.gaveanews.com\/#\/schema\/person\/2ec14f73fb96be2caf28f91afb14749d"},"breadcrumb":{"@id":"https:\/\/www.gaveanews.com\/index.php\/2019\/10\/03\/devido-ao-jogo-do-flamengo-na-copa-libertadores-rede-globo-registra-recordes-de-audiencia-no-rio-de-janeiro-e-em-sao-paulo\/#breadcrumb"},"inLanguage":"pt-BR","potentialAction":[{"@type":"ReadAction","target":["https:\/\/www.gaveanews.com\/index.php\/2019\/10\/03\/devido-ao-jogo-do-flamengo-na-copa-libertadores-rede-globo-registra-recordes-de-audiencia-no-rio-de-janeiro-e-em-sao-paulo\/"]}]},{"@type":"ImageObject","inLanguage":"pt-BR","@id":"https:\/\/www.gaveanews.com\/index.php\/2019\/10\/03\/devido-ao-jogo-do-flamengo-na-copa-libertadores-rede-globo-registra-recordes-de-audiencia-no-rio-de-janeiro-e-em-sao-paulo\/#primaryimage","url":"https:\/\/www.gaveanews.com\/wp-content\/uploads\/2019\/04\/Logomarca-da-Rede-Globo.webp","contentUrl":"https:\/\/www.gaveanews.com\/wp-content\/uploads\/2019\/04\/Logomarca-da-Rede-Globo.webp","width":1920,"height":1076,"caption":"Logomarca da Rede Globo (Foto: Reprodu\u00e7\u00e3o)"},{"@type":"BreadcrumbList","@id":"https:\/\/www.gaveanews.com\/index.php\/2019\/10\/03\/devido-ao-jogo-do-flamengo-na-copa-libertadores-rede-globo-registra-recordes-de-audiencia-no-rio-de-janeiro-e-em-sao-paulo\/#breadcrumb","itemListElement":[{"@type":"ListItem","position":1,"name":"Home","item":"https:\/\/www.gaveanews.com\/"},{"@type":"ListItem","position":2,"name":"Devido ao jogo do Flamengo, na Copa Libertadores, Rede Globo registra recordes de audi\u00eancia no Rio de Janeiro e em S\u00e3o Paulo"}]},{"@type":"WebSite","@id":"https:\/\/www.gaveanews.com\/#website","url":"https:\/\/www.gaveanews.com\/","name":"G\u00e1vea News","description":"Veja todas as not\u00edcias sobre o Flamengo: Contrata\u00e7\u00f5es, categorias de base, resultados das partidas, tabela de classifica\u00e7\u00e3o, pr\u00f3ximos jogos!","potentialAction":[{"@type":"SearchAction","target":{"@type":"EntryPoint","urlTemplate":"https:\/\/www.gaveanews.com\/?s={search_term_string}"},"query-input":{"@type":"PropertyValueSpecification","valueRequired":true,"valueName":"search_term_string"}}],"inLanguage":"pt-BR"},{"@type":"Person","@id":"https:\/\/www.gaveanews.com\/#\/schema\/person\/2ec14f73fb96be2caf28f91afb14749d","name":"Equipe G\u00e1vea News","image":{"@type":"ImageObject","inLanguage":"pt-BR","@id":"https:\/\/www.gaveanews.com\/#\/schema\/person\/image\/","url":"https:\/\/secure.gravatar.com\/avatar\/1e1956f1facbffd3f8fa53a326721950116b3b9dc9bd44939c01180fd4a745a9?s=96&d=mm&r=g","contentUrl":"https:\/\/secure.gravatar.com\/avatar\/1e1956f1facbffd3f8fa53a326721950116b3b9dc9bd44939c01180fd4a745a9?s=96&d=mm&r=g","caption":"Equipe G\u00e1vea News"}}]}},"_links":{"self":[{"href":"https:\/\/www.gaveanews.com\/index.php\/wp-json\/wp\/v2\/posts\/29248","targetHints":{"allow":["GET"]}}],"collection":[{"href":"https:\/\/www.gaveanews.com\/index.php\/wp-json\/wp\/v2\/posts"}],"about":[{"href":"https:\/\/www.gaveanews.com\/index.php\/wp-json\/wp\/v2\/types\/post"}],"author":[{"embeddable":true,"href":"https:\/\/www.gaveanews.com\/index.php\/wp-json\/wp\/v2\/users\/1"}],"replies":[{"embeddable":true,"href":"https:\/\/www.gaveanews.com\/index.php\/wp-json\/wp\/v2\/comments?post=29248"}],"version-history":[{"count":0,"href":"https:\/\/www.gaveanews.com\/index.php\/wp-json\/wp\/v2\/posts\/29248\/revisions"}],"wp:featuredmedia":[{"embeddable":true,"href":"https:\/\/www.gaveanews.com\/index.php\/wp-json\/wp\/v2\/media\/17043"}],"wp:attachment":[{"href":"https:\/\/www.gaveanews.com\/index.php\/wp-json\/wp\/v2\/media?parent=29248"}],"wp:term":[{"taxonomy":"category","embeddable":true,"href":"https:\/\/www.gaveanews.com\/index.php\/wp-json\/wp\/v2\/categories?post=29248"},{"taxonomy":"post_tag","embeddable":true,"href":"https:\/\/www.gaveanews.com\/index.php\/wp-json\/wp\/v2\/tags?post=29248"}],"curies":[{"name":"wp","href":"https:\/\/api.w.org\/{rel}","templated":true}]}}