{"id":29284,"date":"2019-10-04T02:52:25","date_gmt":"2019-10-04T05:52:25","guid":{"rendered":"http:\/\/www.gaveanews.com\/?p=29284"},"modified":"2019-10-04T02:52:26","modified_gmt":"2019-10-04T05:52:26","slug":"absurdo-saiba-quanto-tempo-a-partida-entre-gremio-x-flamengo-ficou-parada-pelo-var-na-semifinal-da-copa-libertadores","status":"publish","type":"post","link":"https:\/\/www.gaveanews.com\/index.php\/2019\/10\/04\/absurdo-saiba-quanto-tempo-a-partida-entre-gremio-x-flamengo-ficou-parada-pelo-var-na-semifinal-da-copa-libertadores\/","title":{"rendered":"Absurdo! Saiba quanto tempo a partida entre Gr\u00eamio x Flamengo ficou parada pelo VAR na semifinal da Copa Libertadores"},"content":{"rendered":"\n<p>O primeiro duelo entre Gr\u00eamio e Flamengo pela semifinal da Copa Libertadores da Am\u00e9rica foi marcado pelo uso do VAR (\u00e1rbitro de v\u00eddeo). Com isso, o jogo ficou parado por 20 minutos pela interven\u00e7\u00e3o da tecnologia. As informa\u00e7\u00f5es s\u00e3o da TyC Sports.<\/p>\n\n\n\n<p>N\u00e9stor Pitana, \u00e1rbitro da partida, recorreu seis vezes ao \u00e1rbitro de v\u00eddeo. O principal destaque aconteceu em tr\u00eas gols anulados do rubro-negro, todos eles marcados por Gabigol. Dois foram por impedimento, enquanto outro por falta do atacante em Kannemann.<\/p>\n\n\n\n<p>Al\u00e9m dos tr\u00eas lances, houve outros epis\u00f3dios revisados pelo VAR. Os gols de Gr\u00eamio e Flamengo, e tamb\u00e9m uma forte entrada de Michel em Gerson, que o argentino optou por mostrar o cart\u00e3o amarelo ao volante gremista.<\/p>\n\n\n\n<p>Mesmo com os 20 minutos perdidos no jogo entre o tricolor e o rubro-negro, Pitana acabou n\u00e3o recuperando esse tempo. Foram resgatados seis minutos em cada tempo do confronto pela Copa Libertadores da Am\u00e9rica.<\/p>\n\n\n\n<p>Com o empate, o Flamengo joga por um 0x0 na volta, no Maracan\u00e3. J\u00e1 o Gr\u00eamio precisa de uma vit\u00f3ria simples ou empate com gols acima de 2\u00d72. A segunda partida est\u00e1 marcada para dia 23. Quem avan\u00e7ar enfrenta Boca Juniors ou River Plate \u2013 os Millonarios t\u00eam vantagem por 2\u00d70.<\/p>\n\n\n\n<p>Retirado de: Torcedores<\/p>\n\n\n","protected":false},"excerpt":{"rendered":"<p>O primeiro duelo entre Gr\u00eamio e Flamengo pela semifinal da Copa Libertadores da Am\u00e9rica foi marcado pelo uso do VAR (\u00e1rbitro de v\u00eddeo). Com isso, o jogo ficou parado por 20 minutos pela interven\u00e7\u00e3o da tecnologia. As informa\u00e7\u00f5es s\u00e3o da TyC Sports. N\u00e9stor Pitana, \u00e1rbitro da partida, recorreu seis vezes ao \u00e1rbitro de v\u00eddeo. O [&hellip;]<\/p>\n","protected":false},"author":1,"featured_media":14851,"comment_status":"open","ping_status":"open","sticky":false,"template":"","format":"standard","meta":{"footnotes":""},"categories":[1],"tags":[],"class_list":["post-29284","post","type-post","status-publish","format-standard","has-post-thumbnail","hentry","category-flamengo"],"yoast_head":"<!-- This site is optimized with the Yoast SEO Premium plugin v24.2 (Yoast SEO v26.9) - https:\/\/yoast.com\/product\/yoast-seo-premium-wordpress\/ -->\n<title>Absurdo! Saiba quanto tempo a partida entre Gr\u00eamio x Flamengo ficou parada pelo VAR na semifinal da Copa Libertadores<\/title>\n<meta name=\"robots\" content=\"index, follow, max-snippet:-1, max-image-preview:large, max-video-preview:-1\" \/>\n<link rel=\"canonical\" href=\"https:\/\/www.gaveanews.com\/index.php\/2019\/10\/04\/absurdo-saiba-quanto-tempo-a-partida-entre-gremio-x-flamengo-ficou-parada-pelo-var-na-semifinal-da-copa-libertadores\/\" \/>\n<meta property=\"og:locale\" content=\"pt_BR\" \/>\n<meta property=\"og:type\" content=\"article\" \/>\n<meta property=\"og:title\" content=\"Absurdo! Saiba quanto tempo a partida entre Gr\u00eamio x Flamengo ficou parada pelo VAR na semifinal da Copa Libertadores\" \/>\n<meta property=\"og:description\" content=\"O primeiro duelo entre Gr\u00eamio e Flamengo pela semifinal da Copa Libertadores da Am\u00e9rica foi marcado pelo uso do VAR (\u00e1rbitro de v\u00eddeo). Com isso, o jogo ficou parado por 20 minutos pela interven\u00e7\u00e3o da tecnologia. As informa\u00e7\u00f5es s\u00e3o da TyC Sports. N\u00e9stor Pitana, \u00e1rbitro da partida, recorreu seis vezes ao \u00e1rbitro de v\u00eddeo. O [&hellip;]\" \/>\n<meta property=\"og:url\" content=\"https:\/\/www.gaveanews.com\/index.php\/2019\/10\/04\/absurdo-saiba-quanto-tempo-a-partida-entre-gremio-x-flamengo-ficou-parada-pelo-var-na-semifinal-da-copa-libertadores\/\" \/>\n<meta property=\"og:site_name\" content=\"G\u00e1vea News\" \/>\n<meta property=\"article:publisher\" content=\"https:\/\/facebook.com\/gaveaNews\/\" \/>\n<meta property=\"article:published_time\" content=\"2019-10-04T05:52:25+00:00\" \/>\n<meta property=\"article:modified_time\" content=\"2019-10-04T05:52:26+00:00\" \/>\n<meta property=\"og:image\" content=\"https:\/\/www.gaveanews.com\/wp-content\/uploads\/2019\/03\/Taca-da-Copa-Libertadores-da-America.webp\" \/>\n\t<meta property=\"og:image:width\" content=\"1\" \/>\n\t<meta property=\"og:image:height\" content=\"1\" \/>\n\t<meta property=\"og:image:type\" content=\"image\/jpeg\" \/>\n<meta name=\"author\" content=\"Equipe G\u00e1vea News\" \/>\n<meta name=\"twitter:card\" content=\"summary_large_image\" \/>\n<meta name=\"twitter:label1\" content=\"Escrito por\" \/>\n\t<meta name=\"twitter:data1\" content=\"Equipe G\u00e1vea News\" \/>\n\t<meta name=\"twitter:label2\" content=\"Est. tempo de leitura\" \/>\n\t<meta name=\"twitter:data2\" content=\"1 minuto\" \/>\n<script type=\"application\/ld+json\" class=\"yoast-schema-graph\">{\"@context\":\"https:\/\/schema.org\",\"@graph\":[{\"@type\":\"NewsArticle\",\"@id\":\"https:\/\/www.gaveanews.com\/index.php\/2019\/10\/04\/absurdo-saiba-quanto-tempo-a-partida-entre-gremio-x-flamengo-ficou-parada-pelo-var-na-semifinal-da-copa-libertadores\/#article\",\"isPartOf\":{\"@id\":\"https:\/\/www.gaveanews.com\/index.php\/2019\/10\/04\/absurdo-saiba-quanto-tempo-a-partida-entre-gremio-x-flamengo-ficou-parada-pelo-var-na-semifinal-da-copa-libertadores\/\"},\"author\":{\"name\":\"Equipe G\u00e1vea News\",\"@id\":\"https:\/\/www.gaveanews.com\/#\/schema\/person\/2ec14f73fb96be2caf28f91afb14749d\"},\"headline\":\"Absurdo! Saiba quanto tempo a partida entre Gr\u00eamio x Flamengo ficou parada pelo VAR na semifinal da Copa Libertadores\",\"datePublished\":\"2019-10-04T05:52:25+00:00\",\"dateModified\":\"2019-10-04T05:52:26+00:00\",\"mainEntityOfPage\":{\"@id\":\"https:\/\/www.gaveanews.com\/index.php\/2019\/10\/04\/absurdo-saiba-quanto-tempo-a-partida-entre-gremio-x-flamengo-ficou-parada-pelo-var-na-semifinal-da-copa-libertadores\/\"},\"wordCount\":241,\"commentCount\":0,\"image\":{\"@id\":\"https:\/\/www.gaveanews.com\/index.php\/2019\/10\/04\/absurdo-saiba-quanto-tempo-a-partida-entre-gremio-x-flamengo-ficou-parada-pelo-var-na-semifinal-da-copa-libertadores\/#primaryimage\"},\"thumbnailUrl\":\"https:\/\/www.gaveanews.com\/wp-content\/uploads\/2019\/03\/Taca-da-Copa-Libertadores-da-America.webp\",\"articleSection\":[\"Flamengo\"],\"inLanguage\":\"pt-BR\",\"potentialAction\":[{\"@type\":\"CommentAction\",\"name\":\"Comment\",\"target\":[\"https:\/\/www.gaveanews.com\/index.php\/2019\/10\/04\/absurdo-saiba-quanto-tempo-a-partida-entre-gremio-x-flamengo-ficou-parada-pelo-var-na-semifinal-da-copa-libertadores\/#respond\"]}],\"copyrightYear\":\"2019\",\"copyrightHolder\":{\"@id\":\"https:\/\/www.gaveanews.com\/#organization\"}},{\"@type\":\"WebPage\",\"@id\":\"https:\/\/www.gaveanews.com\/index.php\/2019\/10\/04\/absurdo-saiba-quanto-tempo-a-partida-entre-gremio-x-flamengo-ficou-parada-pelo-var-na-semifinal-da-copa-libertadores\/\",\"url\":\"https:\/\/www.gaveanews.com\/index.php\/2019\/10\/04\/absurdo-saiba-quanto-tempo-a-partida-entre-gremio-x-flamengo-ficou-parada-pelo-var-na-semifinal-da-copa-libertadores\/\",\"name\":\"Absurdo! Saiba quanto tempo a partida entre Gr\u00eamio x Flamengo ficou parada pelo VAR na semifinal da Copa Libertadores\",\"isPartOf\":{\"@id\":\"https:\/\/www.gaveanews.com\/#website\"},\"primaryImageOfPage\":{\"@id\":\"https:\/\/www.gaveanews.com\/index.php\/2019\/10\/04\/absurdo-saiba-quanto-tempo-a-partida-entre-gremio-x-flamengo-ficou-parada-pelo-var-na-semifinal-da-copa-libertadores\/#primaryimage\"},\"image\":{\"@id\":\"https:\/\/www.gaveanews.com\/index.php\/2019\/10\/04\/absurdo-saiba-quanto-tempo-a-partida-entre-gremio-x-flamengo-ficou-parada-pelo-var-na-semifinal-da-copa-libertadores\/#primaryimage\"},\"thumbnailUrl\":\"https:\/\/www.gaveanews.com\/wp-content\/uploads\/2019\/03\/Taca-da-Copa-Libertadores-da-America.webp\",\"datePublished\":\"2019-10-04T05:52:25+00:00\",\"dateModified\":\"2019-10-04T05:52:26+00:00\",\"author\":{\"@id\":\"https:\/\/www.gaveanews.com\/#\/schema\/person\/2ec14f73fb96be2caf28f91afb14749d\"},\"breadcrumb\":{\"@id\":\"https:\/\/www.gaveanews.com\/index.php\/2019\/10\/04\/absurdo-saiba-quanto-tempo-a-partida-entre-gremio-x-flamengo-ficou-parada-pelo-var-na-semifinal-da-copa-libertadores\/#breadcrumb\"},\"inLanguage\":\"pt-BR\",\"potentialAction\":[{\"@type\":\"ReadAction\",\"target\":[\"https:\/\/www.gaveanews.com\/index.php\/2019\/10\/04\/absurdo-saiba-quanto-tempo-a-partida-entre-gremio-x-flamengo-ficou-parada-pelo-var-na-semifinal-da-copa-libertadores\/\"]}]},{\"@type\":\"ImageObject\",\"inLanguage\":\"pt-BR\",\"@id\":\"https:\/\/www.gaveanews.com\/index.php\/2019\/10\/04\/absurdo-saiba-quanto-tempo-a-partida-entre-gremio-x-flamengo-ficou-parada-pelo-var-na-semifinal-da-copa-libertadores\/#primaryimage\",\"url\":\"https:\/\/www.gaveanews.com\/wp-content\/uploads\/2019\/03\/Taca-da-Copa-Libertadores-da-America.webp\",\"contentUrl\":\"https:\/\/www.gaveanews.com\/wp-content\/uploads\/2019\/03\/Taca-da-Copa-Libertadores-da-America.webp\",\"caption\":\"Ta\u00e7a da Copa Libertadores da Am\u00e9rica (Foto: Divulga\u00e7\u00e3o\/Conmebol)\"},{\"@type\":\"BreadcrumbList\",\"@id\":\"https:\/\/www.gaveanews.com\/index.php\/2019\/10\/04\/absurdo-saiba-quanto-tempo-a-partida-entre-gremio-x-flamengo-ficou-parada-pelo-var-na-semifinal-da-copa-libertadores\/#breadcrumb\",\"itemListElement\":[{\"@type\":\"ListItem\",\"position\":1,\"name\":\"Home\",\"item\":\"https:\/\/www.gaveanews.com\/\"},{\"@type\":\"ListItem\",\"position\":2,\"name\":\"Absurdo! Saiba quanto tempo a partida entre Gr\u00eamio x Flamengo ficou parada pelo VAR na semifinal da Copa Libertadores\"}]},{\"@type\":\"WebSite\",\"@id\":\"https:\/\/www.gaveanews.com\/#website\",\"url\":\"https:\/\/www.gaveanews.com\/\",\"name\":\"G\u00e1vea News\",\"description\":\"Veja todas as not\u00edcias sobre o Flamengo: Contrata\u00e7\u00f5es, categorias de base, resultados das partidas, tabela de classifica\u00e7\u00e3o, pr\u00f3ximos jogos!\",\"potentialAction\":[{\"@type\":\"SearchAction\",\"target\":{\"@type\":\"EntryPoint\",\"urlTemplate\":\"https:\/\/www.gaveanews.com\/?s={search_term_string}\"},\"query-input\":{\"@type\":\"PropertyValueSpecification\",\"valueRequired\":true,\"valueName\":\"search_term_string\"}}],\"inLanguage\":\"pt-BR\"},{\"@type\":\"Person\",\"@id\":\"https:\/\/www.gaveanews.com\/#\/schema\/person\/2ec14f73fb96be2caf28f91afb14749d\",\"name\":\"Equipe G\u00e1vea News\",\"image\":{\"@type\":\"ImageObject\",\"inLanguage\":\"pt-BR\",\"@id\":\"https:\/\/www.gaveanews.com\/#\/schema\/person\/image\/\",\"url\":\"https:\/\/secure.gravatar.com\/avatar\/1e1956f1facbffd3f8fa53a326721950116b3b9dc9bd44939c01180fd4a745a9?s=96&d=mm&r=g\",\"contentUrl\":\"https:\/\/secure.gravatar.com\/avatar\/1e1956f1facbffd3f8fa53a326721950116b3b9dc9bd44939c01180fd4a745a9?s=96&d=mm&r=g\",\"caption\":\"Equipe G\u00e1vea News\"}}]}<\/script>\n<!-- \/ Yoast SEO Premium plugin. -->","yoast_head_json":{"title":"Absurdo! Saiba quanto tempo a partida entre Gr\u00eamio x Flamengo ficou parada pelo VAR na semifinal da Copa Libertadores","robots":{"index":"index","follow":"follow","max-snippet":"max-snippet:-1","max-image-preview":"max-image-preview:large","max-video-preview":"max-video-preview:-1"},"canonical":"https:\/\/www.gaveanews.com\/index.php\/2019\/10\/04\/absurdo-saiba-quanto-tempo-a-partida-entre-gremio-x-flamengo-ficou-parada-pelo-var-na-semifinal-da-copa-libertadores\/","og_locale":"pt_BR","og_type":"article","og_title":"Absurdo! Saiba quanto tempo a partida entre Gr\u00eamio x Flamengo ficou parada pelo VAR na semifinal da Copa Libertadores","og_description":"O primeiro duelo entre Gr\u00eamio e Flamengo pela semifinal da Copa Libertadores da Am\u00e9rica foi marcado pelo uso do VAR (\u00e1rbitro de v\u00eddeo). Com isso, o jogo ficou parado por 20 minutos pela interven\u00e7\u00e3o da tecnologia. As informa\u00e7\u00f5es s\u00e3o da TyC Sports. N\u00e9stor Pitana, \u00e1rbitro da partida, recorreu seis vezes ao \u00e1rbitro de v\u00eddeo. O [&hellip;]","og_url":"https:\/\/www.gaveanews.com\/index.php\/2019\/10\/04\/absurdo-saiba-quanto-tempo-a-partida-entre-gremio-x-flamengo-ficou-parada-pelo-var-na-semifinal-da-copa-libertadores\/","og_site_name":"G\u00e1vea News","article_publisher":"https:\/\/facebook.com\/gaveaNews\/","article_published_time":"2019-10-04T05:52:25+00:00","article_modified_time":"2019-10-04T05:52:26+00:00","og_image":[{"url":"https:\/\/www.gaveanews.com\/wp-content\/uploads\/2019\/03\/Taca-da-Copa-Libertadores-da-America.webp","width":1,"height":1,"type":"image\/jpeg"}],"author":"Equipe G\u00e1vea News","twitter_card":"summary_large_image","twitter_misc":{"Escrito por":"Equipe G\u00e1vea News","Est. tempo de leitura":"1 minuto"},"schema":{"@context":"https:\/\/schema.org","@graph":[{"@type":"NewsArticle","@id":"https:\/\/www.gaveanews.com\/index.php\/2019\/10\/04\/absurdo-saiba-quanto-tempo-a-partida-entre-gremio-x-flamengo-ficou-parada-pelo-var-na-semifinal-da-copa-libertadores\/#article","isPartOf":{"@id":"https:\/\/www.gaveanews.com\/index.php\/2019\/10\/04\/absurdo-saiba-quanto-tempo-a-partida-entre-gremio-x-flamengo-ficou-parada-pelo-var-na-semifinal-da-copa-libertadores\/"},"author":{"name":"Equipe G\u00e1vea News","@id":"https:\/\/www.gaveanews.com\/#\/schema\/person\/2ec14f73fb96be2caf28f91afb14749d"},"headline":"Absurdo! Saiba quanto tempo a partida entre Gr\u00eamio x Flamengo ficou parada pelo VAR na semifinal da Copa Libertadores","datePublished":"2019-10-04T05:52:25+00:00","dateModified":"2019-10-04T05:52:26+00:00","mainEntityOfPage":{"@id":"https:\/\/www.gaveanews.com\/index.php\/2019\/10\/04\/absurdo-saiba-quanto-tempo-a-partida-entre-gremio-x-flamengo-ficou-parada-pelo-var-na-semifinal-da-copa-libertadores\/"},"wordCount":241,"commentCount":0,"image":{"@id":"https:\/\/www.gaveanews.com\/index.php\/2019\/10\/04\/absurdo-saiba-quanto-tempo-a-partida-entre-gremio-x-flamengo-ficou-parada-pelo-var-na-semifinal-da-copa-libertadores\/#primaryimage"},"thumbnailUrl":"https:\/\/www.gaveanews.com\/wp-content\/uploads\/2019\/03\/Taca-da-Copa-Libertadores-da-America.webp","articleSection":["Flamengo"],"inLanguage":"pt-BR","potentialAction":[{"@type":"CommentAction","name":"Comment","target":["https:\/\/www.gaveanews.com\/index.php\/2019\/10\/04\/absurdo-saiba-quanto-tempo-a-partida-entre-gremio-x-flamengo-ficou-parada-pelo-var-na-semifinal-da-copa-libertadores\/#respond"]}],"copyrightYear":"2019","copyrightHolder":{"@id":"https:\/\/www.gaveanews.com\/#organization"}},{"@type":"WebPage","@id":"https:\/\/www.gaveanews.com\/index.php\/2019\/10\/04\/absurdo-saiba-quanto-tempo-a-partida-entre-gremio-x-flamengo-ficou-parada-pelo-var-na-semifinal-da-copa-libertadores\/","url":"https:\/\/www.gaveanews.com\/index.php\/2019\/10\/04\/absurdo-saiba-quanto-tempo-a-partida-entre-gremio-x-flamengo-ficou-parada-pelo-var-na-semifinal-da-copa-libertadores\/","name":"Absurdo! Saiba quanto tempo a partida entre Gr\u00eamio x Flamengo ficou parada pelo VAR na semifinal da Copa Libertadores","isPartOf":{"@id":"https:\/\/www.gaveanews.com\/#website"},"primaryImageOfPage":{"@id":"https:\/\/www.gaveanews.com\/index.php\/2019\/10\/04\/absurdo-saiba-quanto-tempo-a-partida-entre-gremio-x-flamengo-ficou-parada-pelo-var-na-semifinal-da-copa-libertadores\/#primaryimage"},"image":{"@id":"https:\/\/www.gaveanews.com\/index.php\/2019\/10\/04\/absurdo-saiba-quanto-tempo-a-partida-entre-gremio-x-flamengo-ficou-parada-pelo-var-na-semifinal-da-copa-libertadores\/#primaryimage"},"thumbnailUrl":"https:\/\/www.gaveanews.com\/wp-content\/uploads\/2019\/03\/Taca-da-Copa-Libertadores-da-America.webp","datePublished":"2019-10-04T05:52:25+00:00","dateModified":"2019-10-04T05:52:26+00:00","author":{"@id":"https:\/\/www.gaveanews.com\/#\/schema\/person\/2ec14f73fb96be2caf28f91afb14749d"},"breadcrumb":{"@id":"https:\/\/www.gaveanews.com\/index.php\/2019\/10\/04\/absurdo-saiba-quanto-tempo-a-partida-entre-gremio-x-flamengo-ficou-parada-pelo-var-na-semifinal-da-copa-libertadores\/#breadcrumb"},"inLanguage":"pt-BR","potentialAction":[{"@type":"ReadAction","target":["https:\/\/www.gaveanews.com\/index.php\/2019\/10\/04\/absurdo-saiba-quanto-tempo-a-partida-entre-gremio-x-flamengo-ficou-parada-pelo-var-na-semifinal-da-copa-libertadores\/"]}]},{"@type":"ImageObject","inLanguage":"pt-BR","@id":"https:\/\/www.gaveanews.com\/index.php\/2019\/10\/04\/absurdo-saiba-quanto-tempo-a-partida-entre-gremio-x-flamengo-ficou-parada-pelo-var-na-semifinal-da-copa-libertadores\/#primaryimage","url":"https:\/\/www.gaveanews.com\/wp-content\/uploads\/2019\/03\/Taca-da-Copa-Libertadores-da-America.webp","contentUrl":"https:\/\/www.gaveanews.com\/wp-content\/uploads\/2019\/03\/Taca-da-Copa-Libertadores-da-America.webp","caption":"Ta\u00e7a da Copa Libertadores da Am\u00e9rica (Foto: Divulga\u00e7\u00e3o\/Conmebol)"},{"@type":"BreadcrumbList","@id":"https:\/\/www.gaveanews.com\/index.php\/2019\/10\/04\/absurdo-saiba-quanto-tempo-a-partida-entre-gremio-x-flamengo-ficou-parada-pelo-var-na-semifinal-da-copa-libertadores\/#breadcrumb","itemListElement":[{"@type":"ListItem","position":1,"name":"Home","item":"https:\/\/www.gaveanews.com\/"},{"@type":"ListItem","position":2,"name":"Absurdo! Saiba quanto tempo a partida entre Gr\u00eamio x Flamengo ficou parada pelo VAR na semifinal da Copa Libertadores"}]},{"@type":"WebSite","@id":"https:\/\/www.gaveanews.com\/#website","url":"https:\/\/www.gaveanews.com\/","name":"G\u00e1vea News","description":"Veja todas as not\u00edcias sobre o Flamengo: Contrata\u00e7\u00f5es, categorias de base, resultados das partidas, tabela de classifica\u00e7\u00e3o, pr\u00f3ximos jogos!","potentialAction":[{"@type":"SearchAction","target":{"@type":"EntryPoint","urlTemplate":"https:\/\/www.gaveanews.com\/?s={search_term_string}"},"query-input":{"@type":"PropertyValueSpecification","valueRequired":true,"valueName":"search_term_string"}}],"inLanguage":"pt-BR"},{"@type":"Person","@id":"https:\/\/www.gaveanews.com\/#\/schema\/person\/2ec14f73fb96be2caf28f91afb14749d","name":"Equipe G\u00e1vea News","image":{"@type":"ImageObject","inLanguage":"pt-BR","@id":"https:\/\/www.gaveanews.com\/#\/schema\/person\/image\/","url":"https:\/\/secure.gravatar.com\/avatar\/1e1956f1facbffd3f8fa53a326721950116b3b9dc9bd44939c01180fd4a745a9?s=96&d=mm&r=g","contentUrl":"https:\/\/secure.gravatar.com\/avatar\/1e1956f1facbffd3f8fa53a326721950116b3b9dc9bd44939c01180fd4a745a9?s=96&d=mm&r=g","caption":"Equipe G\u00e1vea News"}}]}},"_links":{"self":[{"href":"https:\/\/www.gaveanews.com\/index.php\/wp-json\/wp\/v2\/posts\/29284","targetHints":{"allow":["GET"]}}],"collection":[{"href":"https:\/\/www.gaveanews.com\/index.php\/wp-json\/wp\/v2\/posts"}],"about":[{"href":"https:\/\/www.gaveanews.com\/index.php\/wp-json\/wp\/v2\/types\/post"}],"author":[{"embeddable":true,"href":"https:\/\/www.gaveanews.com\/index.php\/wp-json\/wp\/v2\/users\/1"}],"replies":[{"embeddable":true,"href":"https:\/\/www.gaveanews.com\/index.php\/wp-json\/wp\/v2\/comments?post=29284"}],"version-history":[{"count":0,"href":"https:\/\/www.gaveanews.com\/index.php\/wp-json\/wp\/v2\/posts\/29284\/revisions"}],"wp:featuredmedia":[{"embeddable":true,"href":"https:\/\/www.gaveanews.com\/index.php\/wp-json\/wp\/v2\/media\/14851"}],"wp:attachment":[{"href":"https:\/\/www.gaveanews.com\/index.php\/wp-json\/wp\/v2\/media?parent=29284"}],"wp:term":[{"taxonomy":"category","embeddable":true,"href":"https:\/\/www.gaveanews.com\/index.php\/wp-json\/wp\/v2\/categories?post=29284"},{"taxonomy":"post_tag","embeddable":true,"href":"https:\/\/www.gaveanews.com\/index.php\/wp-json\/wp\/v2\/tags?post=29284"}],"curies":[{"name":"wp","href":"https:\/\/api.w.org\/{rel}","templated":true}]}}