{"id":29314,"date":"2019-10-07T14:05:01","date_gmt":"2019-10-07T17:05:01","guid":{"rendered":"http:\/\/www.gaveanews.com\/?p=29314"},"modified":"2019-10-08T11:59:28","modified_gmt":"2019-10-08T14:59:28","slug":"zagueiro-da-brasil-rasga-elogios-para-a-torcida-do-flamengo-e-projeta-o-rubro-negro-na-europa-uma-torcida-que-faz-a-diferenca","status":"publish","type":"post","link":"https:\/\/www.gaveanews.com\/index.php\/2019\/10\/07\/zagueiro-da-brasil-rasga-elogios-para-a-torcida-do-flamengo-e-projeta-o-rubro-negro-na-europa-uma-torcida-que-faz-a-diferenca\/","title":{"rendered":"Zagueiro do Brasil rasga elogios para a torcida do  Flamengo e projeta o Rubro-Negro na Europa: &#8220;Uma torcida que faz a diferen\u00e7a&#8221;"},"content":{"rendered":"\n<p>O Flamengo vive um bom momento em campo com a lideran\u00e7a do Campeonato Brasileiro e vantagem de cinco pontos para o segundo colocado, e com a classifica\u00e7\u00e3o para a semifinal da Libertadores, o que n\u00e3o acontecia h\u00e1 35 anos. O futebol que o time de Jorge Jesus vem apresentando durante esta temporada tem chamado a aten\u00e7\u00e3o de jogadores brasileiros que atuam fora do pa\u00eds, como o zagueiro Marquinhos, do Paris Saint-Germain.<\/p>\n\n\n\n<p>Durante uma coletiva de imprensa, o jogador que acompanhar\u00e1 a sele\u00e7\u00e3o brasileira nos pr\u00f3ximos amistosos contra o Senegal e a Nig\u00e9ria, comentou sobre o desempenho que o Flamengo tem apresentado nesta temporada.<\/p>\n\n\n\n<p><strong>Veja a declara\u00e7\u00e3o completa abaixo:<\/strong><\/p>\n\n\n\n<figure class=\"wp-block-embed-twitter wp-block-embed is-type-rich is-provider-twitter\"><div class=\"wp-block-embed__wrapper\">\nhttps:\/\/twitter.com\/gavea_news\/status\/1181253770342227969\n<\/div><\/figure>\n\n\n\n<p>Al\u00e9m disto, o camisa 5 do time franc\u00eas tamb\u00e9m falou sobre o potencial do time Rubro-Negro se estivesse disputando os campeonatos europeus.<\/p>\n\n\n\n<p>\u2014 Acho que poderia estar no topo, disputando. A gente acompanha de longe, \u00e9 dif\u00edcil ter uma dimens\u00e3o de onde poderia estar porque n\u00e3o est\u00e1 disputando realmente. Mas \u00e9 um grande time. <\/p>\n\n\n\n<p>Ap\u00f3s a vit\u00f3ria contra a Chapecoense por 1 a 0, o Flamengo se prepara para enfrentar o Atl\u00e9tico Mineiro nesta quinta-feira (10), \u00e0s 20h, hor\u00e1rio de Bras\u00edlia, em partida v\u00e1lida pela 23\u00aa rodada do Campeonato Brasileiro. A equipe Rubro-Negra segue na lideran\u00e7a do Campeonato Brasileiro com 52 pontos. Ap\u00f3s o empate do Palmeiras com o Atl\u00e9tico Mineiro, por 1 a 1, a equipe alviverde ficou ainda mais distante do Fla: agora a diferen\u00e7a \u00e9 de cinco pontos, dois a mais do que no in\u00edcio da rodada.<\/p>\n\n\n\n<p>Retirado de: Coluna do Fla<\/p>\n","protected":false},"excerpt":{"rendered":"<p>O Flamengo vive um bom momento em campo com a lideran\u00e7a do Campeonato Brasileiro e vantagem de cinco pontos para o segundo colocado, e com a classifica\u00e7\u00e3o para a semifinal da Libertadores, o que n\u00e3o acontecia h\u00e1 35 anos. O futebol que o time de Jorge Jesus vem apresentando durante esta temporada tem chamado a [&hellip;]<\/p>\n","protected":false},"author":1,"featured_media":29580,"comment_status":"open","ping_status":"open","sticky":false,"template":"","format":"standard","meta":{"footnotes":""},"categories":[1],"tags":[],"class_list":["post-29314","post","type-post","status-publish","format-standard","has-post-thumbnail","hentry","category-flamengo"],"yoast_head":"<!-- This site is optimized with the Yoast SEO Premium plugin v24.2 (Yoast SEO v26.9) - https:\/\/yoast.com\/product\/yoast-seo-premium-wordpress\/ -->\n<title>Zagueiro do Brasil rasga elogios para a torcida do Flamengo e projeta o Rubro-Negro na Europa: &quot;Uma torcida que faz a diferen\u00e7a&quot;<\/title>\n<meta name=\"robots\" content=\"index, follow, max-snippet:-1, max-image-preview:large, max-video-preview:-1\" \/>\n<link rel=\"canonical\" href=\"https:\/\/www.gaveanews.com\/index.php\/2019\/10\/07\/zagueiro-da-brasil-rasga-elogios-para-a-torcida-do-flamengo-e-projeta-o-rubro-negro-na-europa-uma-torcida-que-faz-a-diferenca\/\" \/>\n<meta property=\"og:locale\" content=\"pt_BR\" \/>\n<meta property=\"og:type\" content=\"article\" \/>\n<meta property=\"og:title\" content=\"Zagueiro do Brasil rasga elogios para a torcida do Flamengo e projeta o Rubro-Negro na Europa: &quot;Uma torcida que faz a diferen\u00e7a&quot;\" \/>\n<meta property=\"og:description\" content=\"O Flamengo vive um bom momento em campo com a lideran\u00e7a do Campeonato Brasileiro e vantagem de cinco pontos para o segundo colocado, e com a classifica\u00e7\u00e3o para a semifinal da Libertadores, o que n\u00e3o acontecia h\u00e1 35 anos. O futebol que o time de Jorge Jesus vem apresentando durante esta temporada tem chamado a [&hellip;]\" \/>\n<meta property=\"og:url\" content=\"https:\/\/www.gaveanews.com\/index.php\/2019\/10\/07\/zagueiro-da-brasil-rasga-elogios-para-a-torcida-do-flamengo-e-projeta-o-rubro-negro-na-europa-uma-torcida-que-faz-a-diferenca\/\" \/>\n<meta property=\"og:site_name\" content=\"G\u00e1vea News\" \/>\n<meta property=\"article:publisher\" content=\"https:\/\/facebook.com\/gaveaNews\/\" \/>\n<meta property=\"article:published_time\" content=\"2019-10-07T17:05:01+00:00\" \/>\n<meta property=\"article:modified_time\" content=\"2019-10-08T14:59:28+00:00\" \/>\n<meta property=\"og:image\" content=\"https:\/\/www.gaveanews.com\/wp-content\/uploads\/Marquinhos-durante-treinamento-do-Brasil.webp\" \/>\n\t<meta property=\"og:image:width\" content=\"910\" \/>\n\t<meta property=\"og:image:height\" content=\"607\" \/>\n\t<meta property=\"og:image:type\" content=\"image\/jpeg\" \/>\n<meta name=\"author\" content=\"Equipe G\u00e1vea News\" \/>\n<meta name=\"twitter:card\" content=\"summary_large_image\" \/>\n<meta name=\"twitter:label1\" content=\"Escrito por\" \/>\n\t<meta name=\"twitter:data1\" content=\"Equipe G\u00e1vea News\" \/>\n\t<meta name=\"twitter:label2\" content=\"Est. tempo de leitura\" \/>\n\t<meta name=\"twitter:data2\" content=\"1 minuto\" \/>\n<script type=\"application\/ld+json\" class=\"yoast-schema-graph\">{\"@context\":\"https:\/\/schema.org\",\"@graph\":[{\"@type\":\"NewsArticle\",\"@id\":\"https:\/\/www.gaveanews.com\/index.php\/2019\/10\/07\/zagueiro-da-brasil-rasga-elogios-para-a-torcida-do-flamengo-e-projeta-o-rubro-negro-na-europa-uma-torcida-que-faz-a-diferenca\/#article\",\"isPartOf\":{\"@id\":\"https:\/\/www.gaveanews.com\/index.php\/2019\/10\/07\/zagueiro-da-brasil-rasga-elogios-para-a-torcida-do-flamengo-e-projeta-o-rubro-negro-na-europa-uma-torcida-que-faz-a-diferenca\/\"},\"author\":{\"name\":\"Equipe G\u00e1vea News\",\"@id\":\"https:\/\/www.gaveanews.com\/#\/schema\/person\/2ec14f73fb96be2caf28f91afb14749d\"},\"headline\":\"Zagueiro do Brasil rasga elogios para a torcida do Flamengo e projeta o Rubro-Negro na Europa: &#8220;Uma torcida que faz a diferen\u00e7a&#8221;\",\"datePublished\":\"2019-10-07T17:05:01+00:00\",\"dateModified\":\"2019-10-08T14:59:28+00:00\",\"mainEntityOfPage\":{\"@id\":\"https:\/\/www.gaveanews.com\/index.php\/2019\/10\/07\/zagueiro-da-brasil-rasga-elogios-para-a-torcida-do-flamengo-e-projeta-o-rubro-negro-na-europa-uma-torcida-que-faz-a-diferenca\/\"},\"wordCount\":295,\"commentCount\":0,\"image\":{\"@id\":\"https:\/\/www.gaveanews.com\/index.php\/2019\/10\/07\/zagueiro-da-brasil-rasga-elogios-para-a-torcida-do-flamengo-e-projeta-o-rubro-negro-na-europa-uma-torcida-que-faz-a-diferenca\/#primaryimage\"},\"thumbnailUrl\":\"https:\/\/www.gaveanews.com\/wp-content\/uploads\/Marquinhos-durante-treinamento-do-Brasil.webp\",\"articleSection\":[\"Flamengo\"],\"inLanguage\":\"pt-BR\",\"potentialAction\":[{\"@type\":\"CommentAction\",\"name\":\"Comment\",\"target\":[\"https:\/\/www.gaveanews.com\/index.php\/2019\/10\/07\/zagueiro-da-brasil-rasga-elogios-para-a-torcida-do-flamengo-e-projeta-o-rubro-negro-na-europa-uma-torcida-que-faz-a-diferenca\/#respond\"]}],\"copyrightYear\":\"2019\",\"copyrightHolder\":{\"@id\":\"https:\/\/www.gaveanews.com\/#organization\"}},{\"@type\":\"WebPage\",\"@id\":\"https:\/\/www.gaveanews.com\/index.php\/2019\/10\/07\/zagueiro-da-brasil-rasga-elogios-para-a-torcida-do-flamengo-e-projeta-o-rubro-negro-na-europa-uma-torcida-que-faz-a-diferenca\/\",\"url\":\"https:\/\/www.gaveanews.com\/index.php\/2019\/10\/07\/zagueiro-da-brasil-rasga-elogios-para-a-torcida-do-flamengo-e-projeta-o-rubro-negro-na-europa-uma-torcida-que-faz-a-diferenca\/\",\"name\":\"Zagueiro do Brasil rasga elogios para a torcida do Flamengo e projeta o Rubro-Negro na Europa: \\\"Uma torcida que faz a diferen\u00e7a\\\"\",\"isPartOf\":{\"@id\":\"https:\/\/www.gaveanews.com\/#website\"},\"primaryImageOfPage\":{\"@id\":\"https:\/\/www.gaveanews.com\/index.php\/2019\/10\/07\/zagueiro-da-brasil-rasga-elogios-para-a-torcida-do-flamengo-e-projeta-o-rubro-negro-na-europa-uma-torcida-que-faz-a-diferenca\/#primaryimage\"},\"image\":{\"@id\":\"https:\/\/www.gaveanews.com\/index.php\/2019\/10\/07\/zagueiro-da-brasil-rasga-elogios-para-a-torcida-do-flamengo-e-projeta-o-rubro-negro-na-europa-uma-torcida-que-faz-a-diferenca\/#primaryimage\"},\"thumbnailUrl\":\"https:\/\/www.gaveanews.com\/wp-content\/uploads\/Marquinhos-durante-treinamento-do-Brasil.webp\",\"datePublished\":\"2019-10-07T17:05:01+00:00\",\"dateModified\":\"2019-10-08T14:59:28+00:00\",\"author\":{\"@id\":\"https:\/\/www.gaveanews.com\/#\/schema\/person\/2ec14f73fb96be2caf28f91afb14749d\"},\"breadcrumb\":{\"@id\":\"https:\/\/www.gaveanews.com\/index.php\/2019\/10\/07\/zagueiro-da-brasil-rasga-elogios-para-a-torcida-do-flamengo-e-projeta-o-rubro-negro-na-europa-uma-torcida-que-faz-a-diferenca\/#breadcrumb\"},\"inLanguage\":\"pt-BR\",\"potentialAction\":[{\"@type\":\"ReadAction\",\"target\":[\"https:\/\/www.gaveanews.com\/index.php\/2019\/10\/07\/zagueiro-da-brasil-rasga-elogios-para-a-torcida-do-flamengo-e-projeta-o-rubro-negro-na-europa-uma-torcida-que-faz-a-diferenca\/\"]}]},{\"@type\":\"ImageObject\",\"inLanguage\":\"pt-BR\",\"@id\":\"https:\/\/www.gaveanews.com\/index.php\/2019\/10\/07\/zagueiro-da-brasil-rasga-elogios-para-a-torcida-do-flamengo-e-projeta-o-rubro-negro-na-europa-uma-torcida-que-faz-a-diferenca\/#primaryimage\",\"url\":\"https:\/\/www.gaveanews.com\/wp-content\/uploads\/Marquinhos-durante-treinamento-do-Brasil.webp\",\"contentUrl\":\"https:\/\/www.gaveanews.com\/wp-content\/uploads\/Marquinhos-durante-treinamento-do-Brasil.webp\",\"width\":910,\"height\":607,\"caption\":\"Marquinhos durante treinamento do Brasil (Foto: Lucas Figueiredo\/CBF)\"},{\"@type\":\"BreadcrumbList\",\"@id\":\"https:\/\/www.gaveanews.com\/index.php\/2019\/10\/07\/zagueiro-da-brasil-rasga-elogios-para-a-torcida-do-flamengo-e-projeta-o-rubro-negro-na-europa-uma-torcida-que-faz-a-diferenca\/#breadcrumb\",\"itemListElement\":[{\"@type\":\"ListItem\",\"position\":1,\"name\":\"Home\",\"item\":\"https:\/\/www.gaveanews.com\/\"},{\"@type\":\"ListItem\",\"position\":2,\"name\":\"Zagueiro do Brasil rasga elogios para a torcida do Flamengo e projeta o Rubro-Negro na Europa: &#8220;Uma torcida que faz a diferen\u00e7a&#8221;\"}]},{\"@type\":\"WebSite\",\"@id\":\"https:\/\/www.gaveanews.com\/#website\",\"url\":\"https:\/\/www.gaveanews.com\/\",\"name\":\"G\u00e1vea News\",\"description\":\"Veja todas as not\u00edcias sobre o Flamengo: Contrata\u00e7\u00f5es, categorias de base, resultados das partidas, tabela de classifica\u00e7\u00e3o, pr\u00f3ximos jogos!\",\"potentialAction\":[{\"@type\":\"SearchAction\",\"target\":{\"@type\":\"EntryPoint\",\"urlTemplate\":\"https:\/\/www.gaveanews.com\/?s={search_term_string}\"},\"query-input\":{\"@type\":\"PropertyValueSpecification\",\"valueRequired\":true,\"valueName\":\"search_term_string\"}}],\"inLanguage\":\"pt-BR\"},{\"@type\":\"Person\",\"@id\":\"https:\/\/www.gaveanews.com\/#\/schema\/person\/2ec14f73fb96be2caf28f91afb14749d\",\"name\":\"Equipe G\u00e1vea News\",\"image\":{\"@type\":\"ImageObject\",\"inLanguage\":\"pt-BR\",\"@id\":\"https:\/\/www.gaveanews.com\/#\/schema\/person\/image\/\",\"url\":\"https:\/\/secure.gravatar.com\/avatar\/1e1956f1facbffd3f8fa53a326721950116b3b9dc9bd44939c01180fd4a745a9?s=96&d=mm&r=g\",\"contentUrl\":\"https:\/\/secure.gravatar.com\/avatar\/1e1956f1facbffd3f8fa53a326721950116b3b9dc9bd44939c01180fd4a745a9?s=96&d=mm&r=g\",\"caption\":\"Equipe G\u00e1vea News\"}}]}<\/script>\n<!-- \/ Yoast SEO Premium plugin. -->","yoast_head_json":{"title":"Zagueiro do Brasil rasga elogios para a torcida do Flamengo e projeta o Rubro-Negro na Europa: \"Uma torcida que faz a diferen\u00e7a\"","robots":{"index":"index","follow":"follow","max-snippet":"max-snippet:-1","max-image-preview":"max-image-preview:large","max-video-preview":"max-video-preview:-1"},"canonical":"https:\/\/www.gaveanews.com\/index.php\/2019\/10\/07\/zagueiro-da-brasil-rasga-elogios-para-a-torcida-do-flamengo-e-projeta-o-rubro-negro-na-europa-uma-torcida-que-faz-a-diferenca\/","og_locale":"pt_BR","og_type":"article","og_title":"Zagueiro do Brasil rasga elogios para a torcida do Flamengo e projeta o Rubro-Negro na Europa: \"Uma torcida que faz a diferen\u00e7a\"","og_description":"O Flamengo vive um bom momento em campo com a lideran\u00e7a do Campeonato Brasileiro e vantagem de cinco pontos para o segundo colocado, e com a classifica\u00e7\u00e3o para a semifinal da Libertadores, o que n\u00e3o acontecia h\u00e1 35 anos. O futebol que o time de Jorge Jesus vem apresentando durante esta temporada tem chamado a [&hellip;]","og_url":"https:\/\/www.gaveanews.com\/index.php\/2019\/10\/07\/zagueiro-da-brasil-rasga-elogios-para-a-torcida-do-flamengo-e-projeta-o-rubro-negro-na-europa-uma-torcida-que-faz-a-diferenca\/","og_site_name":"G\u00e1vea News","article_publisher":"https:\/\/facebook.com\/gaveaNews\/","article_published_time":"2019-10-07T17:05:01+00:00","article_modified_time":"2019-10-08T14:59:28+00:00","og_image":[{"width":910,"height":607,"url":"https:\/\/www.gaveanews.com\/wp-content\/uploads\/Marquinhos-durante-treinamento-do-Brasil.webp","type":"image\/jpeg"}],"author":"Equipe G\u00e1vea News","twitter_card":"summary_large_image","twitter_misc":{"Escrito por":"Equipe G\u00e1vea News","Est. tempo de leitura":"1 minuto"},"schema":{"@context":"https:\/\/schema.org","@graph":[{"@type":"NewsArticle","@id":"https:\/\/www.gaveanews.com\/index.php\/2019\/10\/07\/zagueiro-da-brasil-rasga-elogios-para-a-torcida-do-flamengo-e-projeta-o-rubro-negro-na-europa-uma-torcida-que-faz-a-diferenca\/#article","isPartOf":{"@id":"https:\/\/www.gaveanews.com\/index.php\/2019\/10\/07\/zagueiro-da-brasil-rasga-elogios-para-a-torcida-do-flamengo-e-projeta-o-rubro-negro-na-europa-uma-torcida-que-faz-a-diferenca\/"},"author":{"name":"Equipe G\u00e1vea News","@id":"https:\/\/www.gaveanews.com\/#\/schema\/person\/2ec14f73fb96be2caf28f91afb14749d"},"headline":"Zagueiro do Brasil rasga elogios para a torcida do Flamengo e projeta o Rubro-Negro na Europa: &#8220;Uma torcida que faz a diferen\u00e7a&#8221;","datePublished":"2019-10-07T17:05:01+00:00","dateModified":"2019-10-08T14:59:28+00:00","mainEntityOfPage":{"@id":"https:\/\/www.gaveanews.com\/index.php\/2019\/10\/07\/zagueiro-da-brasil-rasga-elogios-para-a-torcida-do-flamengo-e-projeta-o-rubro-negro-na-europa-uma-torcida-que-faz-a-diferenca\/"},"wordCount":295,"commentCount":0,"image":{"@id":"https:\/\/www.gaveanews.com\/index.php\/2019\/10\/07\/zagueiro-da-brasil-rasga-elogios-para-a-torcida-do-flamengo-e-projeta-o-rubro-negro-na-europa-uma-torcida-que-faz-a-diferenca\/#primaryimage"},"thumbnailUrl":"https:\/\/www.gaveanews.com\/wp-content\/uploads\/Marquinhos-durante-treinamento-do-Brasil.webp","articleSection":["Flamengo"],"inLanguage":"pt-BR","potentialAction":[{"@type":"CommentAction","name":"Comment","target":["https:\/\/www.gaveanews.com\/index.php\/2019\/10\/07\/zagueiro-da-brasil-rasga-elogios-para-a-torcida-do-flamengo-e-projeta-o-rubro-negro-na-europa-uma-torcida-que-faz-a-diferenca\/#respond"]}],"copyrightYear":"2019","copyrightHolder":{"@id":"https:\/\/www.gaveanews.com\/#organization"}},{"@type":"WebPage","@id":"https:\/\/www.gaveanews.com\/index.php\/2019\/10\/07\/zagueiro-da-brasil-rasga-elogios-para-a-torcida-do-flamengo-e-projeta-o-rubro-negro-na-europa-uma-torcida-que-faz-a-diferenca\/","url":"https:\/\/www.gaveanews.com\/index.php\/2019\/10\/07\/zagueiro-da-brasil-rasga-elogios-para-a-torcida-do-flamengo-e-projeta-o-rubro-negro-na-europa-uma-torcida-que-faz-a-diferenca\/","name":"Zagueiro do Brasil rasga elogios para a torcida do Flamengo e projeta o Rubro-Negro na Europa: \"Uma torcida que faz a diferen\u00e7a\"","isPartOf":{"@id":"https:\/\/www.gaveanews.com\/#website"},"primaryImageOfPage":{"@id":"https:\/\/www.gaveanews.com\/index.php\/2019\/10\/07\/zagueiro-da-brasil-rasga-elogios-para-a-torcida-do-flamengo-e-projeta-o-rubro-negro-na-europa-uma-torcida-que-faz-a-diferenca\/#primaryimage"},"image":{"@id":"https:\/\/www.gaveanews.com\/index.php\/2019\/10\/07\/zagueiro-da-brasil-rasga-elogios-para-a-torcida-do-flamengo-e-projeta-o-rubro-negro-na-europa-uma-torcida-que-faz-a-diferenca\/#primaryimage"},"thumbnailUrl":"https:\/\/www.gaveanews.com\/wp-content\/uploads\/Marquinhos-durante-treinamento-do-Brasil.webp","datePublished":"2019-10-07T17:05:01+00:00","dateModified":"2019-10-08T14:59:28+00:00","author":{"@id":"https:\/\/www.gaveanews.com\/#\/schema\/person\/2ec14f73fb96be2caf28f91afb14749d"},"breadcrumb":{"@id":"https:\/\/www.gaveanews.com\/index.php\/2019\/10\/07\/zagueiro-da-brasil-rasga-elogios-para-a-torcida-do-flamengo-e-projeta-o-rubro-negro-na-europa-uma-torcida-que-faz-a-diferenca\/#breadcrumb"},"inLanguage":"pt-BR","potentialAction":[{"@type":"ReadAction","target":["https:\/\/www.gaveanews.com\/index.php\/2019\/10\/07\/zagueiro-da-brasil-rasga-elogios-para-a-torcida-do-flamengo-e-projeta-o-rubro-negro-na-europa-uma-torcida-que-faz-a-diferenca\/"]}]},{"@type":"ImageObject","inLanguage":"pt-BR","@id":"https:\/\/www.gaveanews.com\/index.php\/2019\/10\/07\/zagueiro-da-brasil-rasga-elogios-para-a-torcida-do-flamengo-e-projeta-o-rubro-negro-na-europa-uma-torcida-que-faz-a-diferenca\/#primaryimage","url":"https:\/\/www.gaveanews.com\/wp-content\/uploads\/Marquinhos-durante-treinamento-do-Brasil.webp","contentUrl":"https:\/\/www.gaveanews.com\/wp-content\/uploads\/Marquinhos-durante-treinamento-do-Brasil.webp","width":910,"height":607,"caption":"Marquinhos durante treinamento do Brasil (Foto: Lucas Figueiredo\/CBF)"},{"@type":"BreadcrumbList","@id":"https:\/\/www.gaveanews.com\/index.php\/2019\/10\/07\/zagueiro-da-brasil-rasga-elogios-para-a-torcida-do-flamengo-e-projeta-o-rubro-negro-na-europa-uma-torcida-que-faz-a-diferenca\/#breadcrumb","itemListElement":[{"@type":"ListItem","position":1,"name":"Home","item":"https:\/\/www.gaveanews.com\/"},{"@type":"ListItem","position":2,"name":"Zagueiro do Brasil rasga elogios para a torcida do Flamengo e projeta o Rubro-Negro na Europa: &#8220;Uma torcida que faz a diferen\u00e7a&#8221;"}]},{"@type":"WebSite","@id":"https:\/\/www.gaveanews.com\/#website","url":"https:\/\/www.gaveanews.com\/","name":"G\u00e1vea News","description":"Veja todas as not\u00edcias sobre o Flamengo: Contrata\u00e7\u00f5es, categorias de base, resultados das partidas, tabela de classifica\u00e7\u00e3o, pr\u00f3ximos jogos!","potentialAction":[{"@type":"SearchAction","target":{"@type":"EntryPoint","urlTemplate":"https:\/\/www.gaveanews.com\/?s={search_term_string}"},"query-input":{"@type":"PropertyValueSpecification","valueRequired":true,"valueName":"search_term_string"}}],"inLanguage":"pt-BR"},{"@type":"Person","@id":"https:\/\/www.gaveanews.com\/#\/schema\/person\/2ec14f73fb96be2caf28f91afb14749d","name":"Equipe G\u00e1vea News","image":{"@type":"ImageObject","inLanguage":"pt-BR","@id":"https:\/\/www.gaveanews.com\/#\/schema\/person\/image\/","url":"https:\/\/secure.gravatar.com\/avatar\/1e1956f1facbffd3f8fa53a326721950116b3b9dc9bd44939c01180fd4a745a9?s=96&d=mm&r=g","contentUrl":"https:\/\/secure.gravatar.com\/avatar\/1e1956f1facbffd3f8fa53a326721950116b3b9dc9bd44939c01180fd4a745a9?s=96&d=mm&r=g","caption":"Equipe G\u00e1vea News"}}]}},"_links":{"self":[{"href":"https:\/\/www.gaveanews.com\/index.php\/wp-json\/wp\/v2\/posts\/29314","targetHints":{"allow":["GET"]}}],"collection":[{"href":"https:\/\/www.gaveanews.com\/index.php\/wp-json\/wp\/v2\/posts"}],"about":[{"href":"https:\/\/www.gaveanews.com\/index.php\/wp-json\/wp\/v2\/types\/post"}],"author":[{"embeddable":true,"href":"https:\/\/www.gaveanews.com\/index.php\/wp-json\/wp\/v2\/users\/1"}],"replies":[{"embeddable":true,"href":"https:\/\/www.gaveanews.com\/index.php\/wp-json\/wp\/v2\/comments?post=29314"}],"version-history":[{"count":0,"href":"https:\/\/www.gaveanews.com\/index.php\/wp-json\/wp\/v2\/posts\/29314\/revisions"}],"wp:featuredmedia":[{"embeddable":true,"href":"https:\/\/www.gaveanews.com\/index.php\/wp-json\/wp\/v2\/media\/29580"}],"wp:attachment":[{"href":"https:\/\/www.gaveanews.com\/index.php\/wp-json\/wp\/v2\/media?parent=29314"}],"wp:term":[{"taxonomy":"category","embeddable":true,"href":"https:\/\/www.gaveanews.com\/index.php\/wp-json\/wp\/v2\/categories?post=29314"},{"taxonomy":"post_tag","embeddable":true,"href":"https:\/\/www.gaveanews.com\/index.php\/wp-json\/wp\/v2\/tags?post=29314"}],"curies":[{"name":"wp","href":"https:\/\/api.w.org\/{rel}","templated":true}]}}