{"id":29909,"date":"2019-10-11T23:52:37","date_gmt":"2019-10-12T02:52:37","guid":{"rendered":"http:\/\/www.gaveanews.com\/?p=29909"},"modified":"2021-08-12T00:44:50","modified_gmt":"2021-08-12T03:44:50","slug":"atacante-do-fluminense-publica-foto-ao-lado-de-meia-do-flamengo-e-torcedores-nao-perdoam","status":"publish","type":"post","link":"https:\/\/www.gaveanews.com\/index.php\/2019\/10\/11\/atacante-do-fluminense-publica-foto-ao-lado-de-meia-do-flamengo-e-torcedores-nao-perdoam\/","title":{"rendered":"Atacante do Fluminense publica foto ao lado de meia do Flamengo e torcedores n\u00e3o perdoam"},"content":{"rendered":"\n<p>No final da noite desta sexta-feira (11 de outubro), atrav\u00e9s de seu perfil oficial no Twitter, o atacante Jo\u00e3o Paulo publico uma foto ao lado do meia Reinier Jesus, do Flamengo. Al\u00e9m da foto, o jogador do tricolor carioca publicou a seguinte legenda: &#8220;Resenha t\u00e1 em dia&#8221;.<\/p>\n\n\n\n<p>E no espa\u00e7o destinado aos coment\u00e1rios, os torcedores n\u00e3o perdoaram. Alguns flamenguistas, ironicamente, pediram para Jo\u00e3o pedir algumas dicas para Reinier. J\u00e1 os torcedores do Fluminense questionaram o n\u00famero de gols do atleta.<\/p>\n\n\n\n<p><strong>Veja a publica\u00e7\u00e3o abaixo:<\/strong><\/p>\n\n\n\n<figure class=\"wp-block-embed-twitter wp-block-embed is-type-rich is-provider-twitter\"><div class=\"wp-block-embed__wrapper\">\n<blockquote class=\"twitter-tweet\" data-width=\"550\" data-dnt=\"true\"><p lang=\"pt\" dir=\"ltr\">Resenha t\u00e1 em dia \ud83d\udc4a\ud83c\udffd\u2764\ufe0f <a href=\"https:\/\/t.co\/SqIHFiKpgu\">pic.twitter.com\/SqIHFiKpgu<\/a><\/p>&mdash; Jo\u00e3o Pedro (@DeJesusofiicial) <a href=\"https:\/\/twitter.com\/DeJesusofiicial\/status\/1182811319298412544?ref_src=twsrc%5Etfw\">October 12, 2019<\/a><\/blockquote><script async src=\"https:\/\/platform.twitter.com\/widgets.js\" charset=\"utf-8\"><\/script>\n<\/div><\/figure>\n","protected":false},"excerpt":{"rendered":"<p>No final da noite desta sexta-feira (11 de outubro), atrav\u00e9s de seu perfil oficial no Twitter, o atacante Jo\u00e3o Paulo publico uma foto ao lado do meia Reinier Jesus, do Flamengo. Al\u00e9m da foto, o jogador do tricolor carioca publicou a seguinte legenda: &#8220;Resenha t\u00e1 em dia&#8221;. E no espa\u00e7o destinado aos coment\u00e1rios, os torcedores [&hellip;]<\/p>\n","protected":false},"author":2,"featured_media":28968,"comment_status":"open","ping_status":"open","sticky":false,"template":"","format":"standard","meta":{"footnotes":""},"categories":[47],"tags":[],"class_list":["post-29909","post","type-post","status-publish","format-standard","has-post-thumbnail","hentry","category-destaques"],"yoast_head":"<!-- This site is optimized with the Yoast SEO Premium plugin v24.2 (Yoast SEO v26.9) - https:\/\/yoast.com\/product\/yoast-seo-premium-wordpress\/ -->\n<title>Atacante do Fluminense publica foto ao lado de meia do Flamengo e torcedores n\u00e3o perdoam<\/title>\n<meta name=\"robots\" content=\"index, follow, max-snippet:-1, max-image-preview:large, max-video-preview:-1\" \/>\n<link rel=\"canonical\" href=\"https:\/\/www.gaveanews.com\/index.php\/2019\/10\/11\/atacante-do-fluminense-publica-foto-ao-lado-de-meia-do-flamengo-e-torcedores-nao-perdoam\/\" \/>\n<meta property=\"og:locale\" content=\"pt_BR\" \/>\n<meta property=\"og:type\" content=\"article\" \/>\n<meta property=\"og:title\" content=\"Atacante do Fluminense publica foto ao lado de meia do Flamengo e torcedores n\u00e3o perdoam\" \/>\n<meta property=\"og:description\" content=\"No final da noite desta sexta-feira (11 de outubro), atrav\u00e9s de seu perfil oficial no Twitter, o atacante Jo\u00e3o Paulo publico uma foto ao lado do meia Reinier Jesus, do Flamengo. Al\u00e9m da foto, o jogador do tricolor carioca publicou a seguinte legenda: &#8220;Resenha t\u00e1 em dia&#8221;. E no espa\u00e7o destinado aos coment\u00e1rios, os torcedores [&hellip;]\" \/>\n<meta property=\"og:url\" content=\"https:\/\/www.gaveanews.com\/index.php\/2019\/10\/11\/atacante-do-fluminense-publica-foto-ao-lado-de-meia-do-flamengo-e-torcedores-nao-perdoam\/\" \/>\n<meta property=\"og:site_name\" content=\"G\u00e1vea News\" \/>\n<meta property=\"article:publisher\" content=\"https:\/\/facebook.com\/gaveaNews\/\" \/>\n<meta property=\"article:published_time\" content=\"2019-10-12T02:52:37+00:00\" \/>\n<meta property=\"article:modified_time\" content=\"2021-08-12T03:44:50+00:00\" \/>\n<meta property=\"og:image\" content=\"https:\/\/www.gaveanews.com\/wp-content\/uploads\/Reinier-em-acao-durante-uma-partida-do-Flamengo.webp\" \/>\n\t<meta property=\"og:image:width\" content=\"1\" \/>\n\t<meta property=\"og:image:height\" content=\"1\" \/>\n\t<meta property=\"og:image:type\" content=\"image\/jpeg\" \/>\n<meta name=\"author\" content=\"Hugo Nogueira\" \/>\n<meta name=\"twitter:card\" content=\"summary_large_image\" \/>\n<meta name=\"twitter:label1\" content=\"Escrito por\" \/>\n\t<meta name=\"twitter:data1\" content=\"Hugo Nogueira\" \/>\n<script type=\"application\/ld+json\" class=\"yoast-schema-graph\">{\"@context\":\"https:\/\/schema.org\",\"@graph\":[{\"@type\":\"NewsArticle\",\"@id\":\"https:\/\/www.gaveanews.com\/index.php\/2019\/10\/11\/atacante-do-fluminense-publica-foto-ao-lado-de-meia-do-flamengo-e-torcedores-nao-perdoam\/#article\",\"isPartOf\":{\"@id\":\"https:\/\/www.gaveanews.com\/index.php\/2019\/10\/11\/atacante-do-fluminense-publica-foto-ao-lado-de-meia-do-flamengo-e-torcedores-nao-perdoam\/\"},\"author\":{\"name\":\"Hugo Nogueira\",\"@id\":\"https:\/\/www.gaveanews.com\/#\/schema\/person\/3a0372021fabaeec4e7e4242cfa27841\"},\"headline\":\"Atacante do Fluminense publica foto ao lado de meia do Flamengo e torcedores n\u00e3o perdoam\",\"datePublished\":\"2019-10-12T02:52:37+00:00\",\"dateModified\":\"2021-08-12T03:44:50+00:00\",\"mainEntityOfPage\":{\"@id\":\"https:\/\/www.gaveanews.com\/index.php\/2019\/10\/11\/atacante-do-fluminense-publica-foto-ao-lado-de-meia-do-flamengo-e-torcedores-nao-perdoam\/\"},\"wordCount\":113,\"commentCount\":0,\"image\":{\"@id\":\"https:\/\/www.gaveanews.com\/index.php\/2019\/10\/11\/atacante-do-fluminense-publica-foto-ao-lado-de-meia-do-flamengo-e-torcedores-nao-perdoam\/#primaryimage\"},\"thumbnailUrl\":\"https:\/\/www.gaveanews.com\/wp-content\/uploads\/Reinier-em-acao-durante-uma-partida-do-Flamengo.webp\",\"articleSection\":[\"Destaques\"],\"inLanguage\":\"pt-BR\",\"potentialAction\":[{\"@type\":\"CommentAction\",\"name\":\"Comment\",\"target\":[\"https:\/\/www.gaveanews.com\/index.php\/2019\/10\/11\/atacante-do-fluminense-publica-foto-ao-lado-de-meia-do-flamengo-e-torcedores-nao-perdoam\/#respond\"]}],\"copyrightYear\":\"2019\",\"copyrightHolder\":{\"@id\":\"https:\/\/www.gaveanews.com\/#organization\"}},{\"@type\":\"WebPage\",\"@id\":\"https:\/\/www.gaveanews.com\/index.php\/2019\/10\/11\/atacante-do-fluminense-publica-foto-ao-lado-de-meia-do-flamengo-e-torcedores-nao-perdoam\/\",\"url\":\"https:\/\/www.gaveanews.com\/index.php\/2019\/10\/11\/atacante-do-fluminense-publica-foto-ao-lado-de-meia-do-flamengo-e-torcedores-nao-perdoam\/\",\"name\":\"Atacante do Fluminense publica foto ao lado de meia do Flamengo e torcedores n\u00e3o perdoam\",\"isPartOf\":{\"@id\":\"https:\/\/www.gaveanews.com\/#website\"},\"primaryImageOfPage\":{\"@id\":\"https:\/\/www.gaveanews.com\/index.php\/2019\/10\/11\/atacante-do-fluminense-publica-foto-ao-lado-de-meia-do-flamengo-e-torcedores-nao-perdoam\/#primaryimage\"},\"image\":{\"@id\":\"https:\/\/www.gaveanews.com\/index.php\/2019\/10\/11\/atacante-do-fluminense-publica-foto-ao-lado-de-meia-do-flamengo-e-torcedores-nao-perdoam\/#primaryimage\"},\"thumbnailUrl\":\"https:\/\/www.gaveanews.com\/wp-content\/uploads\/Reinier-em-acao-durante-uma-partida-do-Flamengo.webp\",\"datePublished\":\"2019-10-12T02:52:37+00:00\",\"dateModified\":\"2021-08-12T03:44:50+00:00\",\"author\":{\"@id\":\"https:\/\/www.gaveanews.com\/#\/schema\/person\/3a0372021fabaeec4e7e4242cfa27841\"},\"breadcrumb\":{\"@id\":\"https:\/\/www.gaveanews.com\/index.php\/2019\/10\/11\/atacante-do-fluminense-publica-foto-ao-lado-de-meia-do-flamengo-e-torcedores-nao-perdoam\/#breadcrumb\"},\"inLanguage\":\"pt-BR\",\"potentialAction\":[{\"@type\":\"ReadAction\",\"target\":[\"https:\/\/www.gaveanews.com\/index.php\/2019\/10\/11\/atacante-do-fluminense-publica-foto-ao-lado-de-meia-do-flamengo-e-torcedores-nao-perdoam\/\"]}]},{\"@type\":\"ImageObject\",\"inLanguage\":\"pt-BR\",\"@id\":\"https:\/\/www.gaveanews.com\/index.php\/2019\/10\/11\/atacante-do-fluminense-publica-foto-ao-lado-de-meia-do-flamengo-e-torcedores-nao-perdoam\/#primaryimage\",\"url\":\"https:\/\/www.gaveanews.com\/wp-content\/uploads\/Reinier-em-acao-durante-uma-partida-do-Flamengo.webp\",\"contentUrl\":\"https:\/\/www.gaveanews.com\/wp-content\/uploads\/Reinier-em-acao-durante-uma-partida-do-Flamengo.webp\",\"caption\":\"Reinier em a\u00e7\u00e3o durante uma partida do Flamengo (Foto: Marcelo Cortes\/Flamengo)\"},{\"@type\":\"BreadcrumbList\",\"@id\":\"https:\/\/www.gaveanews.com\/index.php\/2019\/10\/11\/atacante-do-fluminense-publica-foto-ao-lado-de-meia-do-flamengo-e-torcedores-nao-perdoam\/#breadcrumb\",\"itemListElement\":[{\"@type\":\"ListItem\",\"position\":1,\"name\":\"Home\",\"item\":\"https:\/\/www.gaveanews.com\/\"},{\"@type\":\"ListItem\",\"position\":2,\"name\":\"Atacante do Fluminense publica foto ao lado de meia do Flamengo e torcedores n\u00e3o perdoam\"}]},{\"@type\":\"WebSite\",\"@id\":\"https:\/\/www.gaveanews.com\/#website\",\"url\":\"https:\/\/www.gaveanews.com\/\",\"name\":\"G\u00e1vea News\",\"description\":\"Veja todas as not\u00edcias sobre o Flamengo: Contrata\u00e7\u00f5es, categorias de base, resultados das partidas, tabela de classifica\u00e7\u00e3o, pr\u00f3ximos jogos!\",\"potentialAction\":[{\"@type\":\"SearchAction\",\"target\":{\"@type\":\"EntryPoint\",\"urlTemplate\":\"https:\/\/www.gaveanews.com\/?s={search_term_string}\"},\"query-input\":{\"@type\":\"PropertyValueSpecification\",\"valueRequired\":true,\"valueName\":\"search_term_string\"}}],\"inLanguage\":\"pt-BR\"},{\"@type\":\"Person\",\"@id\":\"https:\/\/www.gaveanews.com\/#\/schema\/person\/3a0372021fabaeec4e7e4242cfa27841\",\"name\":\"Hugo Nogueira\",\"image\":{\"@type\":\"ImageObject\",\"inLanguage\":\"pt-BR\",\"@id\":\"https:\/\/www.gaveanews.com\/#\/schema\/person\/image\/\",\"url\":\"https:\/\/secure.gravatar.com\/avatar\/0cdd89f3b47bb55926c08eee2db992845cfdd53f84c9fdd47a49d89b3cd40c0a?s=96&d=mm&r=g\",\"contentUrl\":\"https:\/\/secure.gravatar.com\/avatar\/0cdd89f3b47bb55926c08eee2db992845cfdd53f84c9fdd47a49d89b3cd40c0a?s=96&d=mm&r=g\",\"caption\":\"Hugo Nogueira\"}}]}<\/script>\n<!-- \/ Yoast SEO Premium plugin. -->","yoast_head_json":{"title":"Atacante do Fluminense publica foto ao lado de meia do Flamengo e torcedores n\u00e3o perdoam","robots":{"index":"index","follow":"follow","max-snippet":"max-snippet:-1","max-image-preview":"max-image-preview:large","max-video-preview":"max-video-preview:-1"},"canonical":"https:\/\/www.gaveanews.com\/index.php\/2019\/10\/11\/atacante-do-fluminense-publica-foto-ao-lado-de-meia-do-flamengo-e-torcedores-nao-perdoam\/","og_locale":"pt_BR","og_type":"article","og_title":"Atacante do Fluminense publica foto ao lado de meia do Flamengo e torcedores n\u00e3o perdoam","og_description":"No final da noite desta sexta-feira (11 de outubro), atrav\u00e9s de seu perfil oficial no Twitter, o atacante Jo\u00e3o Paulo publico uma foto ao lado do meia Reinier Jesus, do Flamengo. Al\u00e9m da foto, o jogador do tricolor carioca publicou a seguinte legenda: &#8220;Resenha t\u00e1 em dia&#8221;. E no espa\u00e7o destinado aos coment\u00e1rios, os torcedores [&hellip;]","og_url":"https:\/\/www.gaveanews.com\/index.php\/2019\/10\/11\/atacante-do-fluminense-publica-foto-ao-lado-de-meia-do-flamengo-e-torcedores-nao-perdoam\/","og_site_name":"G\u00e1vea News","article_publisher":"https:\/\/facebook.com\/gaveaNews\/","article_published_time":"2019-10-12T02:52:37+00:00","article_modified_time":"2021-08-12T03:44:50+00:00","og_image":[{"url":"https:\/\/www.gaveanews.com\/wp-content\/uploads\/Reinier-em-acao-durante-uma-partida-do-Flamengo.webp","width":1,"height":1,"type":"image\/jpeg"}],"author":"Hugo Nogueira","twitter_card":"summary_large_image","twitter_misc":{"Escrito por":"Hugo Nogueira"},"schema":{"@context":"https:\/\/schema.org","@graph":[{"@type":"NewsArticle","@id":"https:\/\/www.gaveanews.com\/index.php\/2019\/10\/11\/atacante-do-fluminense-publica-foto-ao-lado-de-meia-do-flamengo-e-torcedores-nao-perdoam\/#article","isPartOf":{"@id":"https:\/\/www.gaveanews.com\/index.php\/2019\/10\/11\/atacante-do-fluminense-publica-foto-ao-lado-de-meia-do-flamengo-e-torcedores-nao-perdoam\/"},"author":{"name":"Hugo Nogueira","@id":"https:\/\/www.gaveanews.com\/#\/schema\/person\/3a0372021fabaeec4e7e4242cfa27841"},"headline":"Atacante do Fluminense publica foto ao lado de meia do Flamengo e torcedores n\u00e3o perdoam","datePublished":"2019-10-12T02:52:37+00:00","dateModified":"2021-08-12T03:44:50+00:00","mainEntityOfPage":{"@id":"https:\/\/www.gaveanews.com\/index.php\/2019\/10\/11\/atacante-do-fluminense-publica-foto-ao-lado-de-meia-do-flamengo-e-torcedores-nao-perdoam\/"},"wordCount":113,"commentCount":0,"image":{"@id":"https:\/\/www.gaveanews.com\/index.php\/2019\/10\/11\/atacante-do-fluminense-publica-foto-ao-lado-de-meia-do-flamengo-e-torcedores-nao-perdoam\/#primaryimage"},"thumbnailUrl":"https:\/\/www.gaveanews.com\/wp-content\/uploads\/Reinier-em-acao-durante-uma-partida-do-Flamengo.webp","articleSection":["Destaques"],"inLanguage":"pt-BR","potentialAction":[{"@type":"CommentAction","name":"Comment","target":["https:\/\/www.gaveanews.com\/index.php\/2019\/10\/11\/atacante-do-fluminense-publica-foto-ao-lado-de-meia-do-flamengo-e-torcedores-nao-perdoam\/#respond"]}],"copyrightYear":"2019","copyrightHolder":{"@id":"https:\/\/www.gaveanews.com\/#organization"}},{"@type":"WebPage","@id":"https:\/\/www.gaveanews.com\/index.php\/2019\/10\/11\/atacante-do-fluminense-publica-foto-ao-lado-de-meia-do-flamengo-e-torcedores-nao-perdoam\/","url":"https:\/\/www.gaveanews.com\/index.php\/2019\/10\/11\/atacante-do-fluminense-publica-foto-ao-lado-de-meia-do-flamengo-e-torcedores-nao-perdoam\/","name":"Atacante do Fluminense publica foto ao lado de meia do Flamengo e torcedores n\u00e3o perdoam","isPartOf":{"@id":"https:\/\/www.gaveanews.com\/#website"},"primaryImageOfPage":{"@id":"https:\/\/www.gaveanews.com\/index.php\/2019\/10\/11\/atacante-do-fluminense-publica-foto-ao-lado-de-meia-do-flamengo-e-torcedores-nao-perdoam\/#primaryimage"},"image":{"@id":"https:\/\/www.gaveanews.com\/index.php\/2019\/10\/11\/atacante-do-fluminense-publica-foto-ao-lado-de-meia-do-flamengo-e-torcedores-nao-perdoam\/#primaryimage"},"thumbnailUrl":"https:\/\/www.gaveanews.com\/wp-content\/uploads\/Reinier-em-acao-durante-uma-partida-do-Flamengo.webp","datePublished":"2019-10-12T02:52:37+00:00","dateModified":"2021-08-12T03:44:50+00:00","author":{"@id":"https:\/\/www.gaveanews.com\/#\/schema\/person\/3a0372021fabaeec4e7e4242cfa27841"},"breadcrumb":{"@id":"https:\/\/www.gaveanews.com\/index.php\/2019\/10\/11\/atacante-do-fluminense-publica-foto-ao-lado-de-meia-do-flamengo-e-torcedores-nao-perdoam\/#breadcrumb"},"inLanguage":"pt-BR","potentialAction":[{"@type":"ReadAction","target":["https:\/\/www.gaveanews.com\/index.php\/2019\/10\/11\/atacante-do-fluminense-publica-foto-ao-lado-de-meia-do-flamengo-e-torcedores-nao-perdoam\/"]}]},{"@type":"ImageObject","inLanguage":"pt-BR","@id":"https:\/\/www.gaveanews.com\/index.php\/2019\/10\/11\/atacante-do-fluminense-publica-foto-ao-lado-de-meia-do-flamengo-e-torcedores-nao-perdoam\/#primaryimage","url":"https:\/\/www.gaveanews.com\/wp-content\/uploads\/Reinier-em-acao-durante-uma-partida-do-Flamengo.webp","contentUrl":"https:\/\/www.gaveanews.com\/wp-content\/uploads\/Reinier-em-acao-durante-uma-partida-do-Flamengo.webp","caption":"Reinier em a\u00e7\u00e3o durante uma partida do Flamengo (Foto: Marcelo Cortes\/Flamengo)"},{"@type":"BreadcrumbList","@id":"https:\/\/www.gaveanews.com\/index.php\/2019\/10\/11\/atacante-do-fluminense-publica-foto-ao-lado-de-meia-do-flamengo-e-torcedores-nao-perdoam\/#breadcrumb","itemListElement":[{"@type":"ListItem","position":1,"name":"Home","item":"https:\/\/www.gaveanews.com\/"},{"@type":"ListItem","position":2,"name":"Atacante do Fluminense publica foto ao lado de meia do Flamengo e torcedores n\u00e3o perdoam"}]},{"@type":"WebSite","@id":"https:\/\/www.gaveanews.com\/#website","url":"https:\/\/www.gaveanews.com\/","name":"G\u00e1vea News","description":"Veja todas as not\u00edcias sobre o Flamengo: Contrata\u00e7\u00f5es, categorias de base, resultados das partidas, tabela de classifica\u00e7\u00e3o, pr\u00f3ximos jogos!","potentialAction":[{"@type":"SearchAction","target":{"@type":"EntryPoint","urlTemplate":"https:\/\/www.gaveanews.com\/?s={search_term_string}"},"query-input":{"@type":"PropertyValueSpecification","valueRequired":true,"valueName":"search_term_string"}}],"inLanguage":"pt-BR"},{"@type":"Person","@id":"https:\/\/www.gaveanews.com\/#\/schema\/person\/3a0372021fabaeec4e7e4242cfa27841","name":"Hugo Nogueira","image":{"@type":"ImageObject","inLanguage":"pt-BR","@id":"https:\/\/www.gaveanews.com\/#\/schema\/person\/image\/","url":"https:\/\/secure.gravatar.com\/avatar\/0cdd89f3b47bb55926c08eee2db992845cfdd53f84c9fdd47a49d89b3cd40c0a?s=96&d=mm&r=g","contentUrl":"https:\/\/secure.gravatar.com\/avatar\/0cdd89f3b47bb55926c08eee2db992845cfdd53f84c9fdd47a49d89b3cd40c0a?s=96&d=mm&r=g","caption":"Hugo Nogueira"}}]}},"_links":{"self":[{"href":"https:\/\/www.gaveanews.com\/index.php\/wp-json\/wp\/v2\/posts\/29909","targetHints":{"allow":["GET"]}}],"collection":[{"href":"https:\/\/www.gaveanews.com\/index.php\/wp-json\/wp\/v2\/posts"}],"about":[{"href":"https:\/\/www.gaveanews.com\/index.php\/wp-json\/wp\/v2\/types\/post"}],"author":[{"embeddable":true,"href":"https:\/\/www.gaveanews.com\/index.php\/wp-json\/wp\/v2\/users\/2"}],"replies":[{"embeddable":true,"href":"https:\/\/www.gaveanews.com\/index.php\/wp-json\/wp\/v2\/comments?post=29909"}],"version-history":[{"count":0,"href":"https:\/\/www.gaveanews.com\/index.php\/wp-json\/wp\/v2\/posts\/29909\/revisions"}],"wp:featuredmedia":[{"embeddable":true,"href":"https:\/\/www.gaveanews.com\/index.php\/wp-json\/wp\/v2\/media\/28968"}],"wp:attachment":[{"href":"https:\/\/www.gaveanews.com\/index.php\/wp-json\/wp\/v2\/media?parent=29909"}],"wp:term":[{"taxonomy":"category","embeddable":true,"href":"https:\/\/www.gaveanews.com\/index.php\/wp-json\/wp\/v2\/categories?post=29909"},{"taxonomy":"post_tag","embeddable":true,"href":"https:\/\/www.gaveanews.com\/index.php\/wp-json\/wp\/v2\/tags?post=29909"}],"curies":[{"name":"wp","href":"https:\/\/api.w.org\/{rel}","templated":true}]}}