{"id":29925,"date":"2019-10-12T13:14:23","date_gmt":"2019-10-12T16:14:23","guid":{"rendered":"http:\/\/www.gaveanews.com\/?p=29925"},"modified":"2019-10-12T13:14:23","modified_gmt":"2019-10-12T16:14:23","slug":"cbf-promove-alteracao-na-tabela-de-jogos-do-flamengo-do-campeonato-brasileiro-2","status":"publish","type":"post","link":"https:\/\/www.gaveanews.com\/index.php\/2019\/10\/12\/cbf-promove-alteracao-na-tabela-de-jogos-do-flamengo-do-campeonato-brasileiro-2\/","title":{"rendered":"CBF promove altera\u00e7\u00e3o na tabela de jogos do Flamengo, do Campeonato Brasileiro"},"content":{"rendered":"\n<p>O Flamengo tem passado por uma sequ\u00eancia de jogos intensos e exaustivos. Prova disso, \u00e9 que ap\u00f3s a vit\u00f3ria por 3 a 1 sobre o Atl\u00e9tico-MG, na \u00faltima quinta-feira (10), o Rubro-Negro realizou apenas dois treinamentos e j\u00e1 volta a campo neste domingo (13), contra o Athletico-PR, em Curitiba. Por\u00e9m, o time carioca recebeu uma boa not\u00edcia neste s\u00e1bado (12).<\/p>\n\n\n\n<p>O confronto entre Flamengo e CSA, que acontece no Maracan\u00e3, pela 28\u00aa rodada do Brasileir\u00e3o, mudou de data. A Confedera\u00e7\u00e3o Brasileira de Futebol alterou do s\u00e1bado (26) para o domingo (27). O hor\u00e1rio, no entanto, permanece sendo \u00e0s 19h (hor\u00e1rio de Bras\u00edlia). Com isso, o Rubro-Negro carioca ter\u00e1 um dia a mais de descanso ap\u00f3s a batalha que ter\u00e1 no dia 23 (quarta-feira), contra o Gr\u00eamio, pelo segundo e decisivo duelo das semifinais da Libertadores da Am\u00e9rica.<\/p>\n\n\n\n<p>No primeiro turno do Campeonato Brasileiro, Flamengo e CSA se enfrentaram em Bras\u00edlia, no est\u00e1dio Man\u00e9 Garrincha. O time alagoano vendeu o mando de campo, e o Rubro-Negro carioca teve a torcida ao seu favor. Com o ent\u00e3o treinador interino Marcelo Salles no comando, o Rubro-Negro venceu por 2 a 0, com gols de Vitinho e Gabriel Barbosa.<\/p>\n\n\n\n<p>O Flamengo se prepara para enfrentar o Athletico-PR, pela 25\u00aa rodada do Campeonato Brasileiro, neste domingo (13). A partida vai ser disputada na Arena da Baixada, onde o Rubro-Negro carioca n\u00e3o vence h\u00e1 45 anos pelo Brasileir\u00e3o. O confronto est\u00e1 marcado para ter in\u00edcio \u00e0s 16h (hor\u00e1rio de Bras\u00edlia). O Fla \u00e9 o l\u00edder da competi\u00e7\u00e3o, com 55 pontos, enquanto a equipe paranaense ocupa a nona posi\u00e7\u00e3o da tabela, com 35 conquistados.<\/p>\n\n\n\n<p>Retirado de: Coluna do Fla<\/p>\n\n\n","protected":false},"excerpt":{"rendered":"<p>O Flamengo tem passado por uma sequ\u00eancia de jogos intensos e exaustivos. Prova disso, \u00e9 que ap\u00f3s a vit\u00f3ria por 3 a 1 sobre o Atl\u00e9tico-MG, na \u00faltima quinta-feira (10), o Rubro-Negro realizou apenas dois treinamentos e j\u00e1 volta a campo neste domingo (13), contra o Athletico-PR, em Curitiba. Por\u00e9m, o time carioca recebeu uma [&hellip;]<\/p>\n","protected":false},"author":1,"featured_media":16271,"comment_status":"open","ping_status":"open","sticky":false,"template":"","format":"standard","meta":{"footnotes":""},"categories":[1],"tags":[],"class_list":["post-29925","post","type-post","status-publish","format-standard","has-post-thumbnail","hentry","category-flamengo"],"yoast_head":"<!-- This site is optimized with the Yoast SEO Premium plugin v24.2 (Yoast SEO v26.9) - https:\/\/yoast.com\/product\/yoast-seo-premium-wordpress\/ -->\n<title>CBF promove altera\u00e7\u00e3o na tabela de jogos do Flamengo, do Campeonato Brasileiro<\/title>\n<meta name=\"robots\" content=\"index, follow, max-snippet:-1, max-image-preview:large, max-video-preview:-1\" \/>\n<link rel=\"canonical\" href=\"https:\/\/www.gaveanews.com\/index.php\/2019\/10\/12\/cbf-promove-alteracao-na-tabela-de-jogos-do-flamengo-do-campeonato-brasileiro-2\/\" \/>\n<meta property=\"og:locale\" content=\"pt_BR\" \/>\n<meta property=\"og:type\" content=\"article\" \/>\n<meta property=\"og:title\" content=\"CBF promove altera\u00e7\u00e3o na tabela de jogos do Flamengo, do Campeonato Brasileiro\" \/>\n<meta property=\"og:description\" content=\"O Flamengo tem passado por uma sequ\u00eancia de jogos intensos e exaustivos. Prova disso, \u00e9 que ap\u00f3s a vit\u00f3ria por 3 a 1 sobre o Atl\u00e9tico-MG, na \u00faltima quinta-feira (10), o Rubro-Negro realizou apenas dois treinamentos e j\u00e1 volta a campo neste domingo (13), contra o Athletico-PR, em Curitiba. Por\u00e9m, o time carioca recebeu uma [&hellip;]\" \/>\n<meta property=\"og:url\" content=\"https:\/\/www.gaveanews.com\/index.php\/2019\/10\/12\/cbf-promove-alteracao-na-tabela-de-jogos-do-flamengo-do-campeonato-brasileiro-2\/\" \/>\n<meta property=\"og:site_name\" content=\"G\u00e1vea News\" \/>\n<meta property=\"article:publisher\" content=\"https:\/\/facebook.com\/gaveaNews\/\" \/>\n<meta property=\"article:published_time\" content=\"2019-10-12T16:14:23+00:00\" \/>\n<meta property=\"og:image\" content=\"https:\/\/www.gaveanews.com\/wp-content\/uploads\/2019\/02\/Sede-da-CBF-no-Rio-de-Janeiro.webp\" \/>\n\t<meta property=\"og:image:width\" content=\"690\" \/>\n\t<meta property=\"og:image:height\" content=\"518\" \/>\n\t<meta property=\"og:image:type\" content=\"image\/jpeg\" \/>\n<meta name=\"author\" content=\"Equipe G\u00e1vea News\" \/>\n<meta name=\"twitter:card\" content=\"summary_large_image\" \/>\n<meta name=\"twitter:label1\" content=\"Escrito por\" \/>\n\t<meta name=\"twitter:data1\" content=\"Equipe G\u00e1vea News\" \/>\n\t<meta name=\"twitter:label2\" content=\"Est. tempo de leitura\" \/>\n\t<meta name=\"twitter:data2\" content=\"1 minuto\" \/>\n<script type=\"application\/ld+json\" class=\"yoast-schema-graph\">{\"@context\":\"https:\/\/schema.org\",\"@graph\":[{\"@type\":\"NewsArticle\",\"@id\":\"https:\/\/www.gaveanews.com\/index.php\/2019\/10\/12\/cbf-promove-alteracao-na-tabela-de-jogos-do-flamengo-do-campeonato-brasileiro-2\/#article\",\"isPartOf\":{\"@id\":\"https:\/\/www.gaveanews.com\/index.php\/2019\/10\/12\/cbf-promove-alteracao-na-tabela-de-jogos-do-flamengo-do-campeonato-brasileiro-2\/\"},\"author\":{\"name\":\"Equipe G\u00e1vea News\",\"@id\":\"https:\/\/www.gaveanews.com\/#\/schema\/person\/2ec14f73fb96be2caf28f91afb14749d\"},\"headline\":\"CBF promove altera\u00e7\u00e3o na tabela de jogos do Flamengo, do Campeonato Brasileiro\",\"datePublished\":\"2019-10-12T16:14:23+00:00\",\"mainEntityOfPage\":{\"@id\":\"https:\/\/www.gaveanews.com\/index.php\/2019\/10\/12\/cbf-promove-alteracao-na-tabela-de-jogos-do-flamengo-do-campeonato-brasileiro-2\/\"},\"wordCount\":294,\"commentCount\":0,\"image\":{\"@id\":\"https:\/\/www.gaveanews.com\/index.php\/2019\/10\/12\/cbf-promove-alteracao-na-tabela-de-jogos-do-flamengo-do-campeonato-brasileiro-2\/#primaryimage\"},\"thumbnailUrl\":\"https:\/\/www.gaveanews.com\/wp-content\/uploads\/2019\/02\/Sede-da-CBF-no-Rio-de-Janeiro.webp\",\"articleSection\":[\"Flamengo\"],\"inLanguage\":\"pt-BR\",\"potentialAction\":[{\"@type\":\"CommentAction\",\"name\":\"Comment\",\"target\":[\"https:\/\/www.gaveanews.com\/index.php\/2019\/10\/12\/cbf-promove-alteracao-na-tabela-de-jogos-do-flamengo-do-campeonato-brasileiro-2\/#respond\"]}],\"copyrightYear\":\"2019\",\"copyrightHolder\":{\"@id\":\"https:\/\/www.gaveanews.com\/#organization\"}},{\"@type\":\"WebPage\",\"@id\":\"https:\/\/www.gaveanews.com\/index.php\/2019\/10\/12\/cbf-promove-alteracao-na-tabela-de-jogos-do-flamengo-do-campeonato-brasileiro-2\/\",\"url\":\"https:\/\/www.gaveanews.com\/index.php\/2019\/10\/12\/cbf-promove-alteracao-na-tabela-de-jogos-do-flamengo-do-campeonato-brasileiro-2\/\",\"name\":\"CBF promove altera\u00e7\u00e3o na tabela de jogos do Flamengo, do Campeonato Brasileiro\",\"isPartOf\":{\"@id\":\"https:\/\/www.gaveanews.com\/#website\"},\"primaryImageOfPage\":{\"@id\":\"https:\/\/www.gaveanews.com\/index.php\/2019\/10\/12\/cbf-promove-alteracao-na-tabela-de-jogos-do-flamengo-do-campeonato-brasileiro-2\/#primaryimage\"},\"image\":{\"@id\":\"https:\/\/www.gaveanews.com\/index.php\/2019\/10\/12\/cbf-promove-alteracao-na-tabela-de-jogos-do-flamengo-do-campeonato-brasileiro-2\/#primaryimage\"},\"thumbnailUrl\":\"https:\/\/www.gaveanews.com\/wp-content\/uploads\/2019\/02\/Sede-da-CBF-no-Rio-de-Janeiro.webp\",\"datePublished\":\"2019-10-12T16:14:23+00:00\",\"author\":{\"@id\":\"https:\/\/www.gaveanews.com\/#\/schema\/person\/2ec14f73fb96be2caf28f91afb14749d\"},\"breadcrumb\":{\"@id\":\"https:\/\/www.gaveanews.com\/index.php\/2019\/10\/12\/cbf-promove-alteracao-na-tabela-de-jogos-do-flamengo-do-campeonato-brasileiro-2\/#breadcrumb\"},\"inLanguage\":\"pt-BR\",\"potentialAction\":[{\"@type\":\"ReadAction\",\"target\":[\"https:\/\/www.gaveanews.com\/index.php\/2019\/10\/12\/cbf-promove-alteracao-na-tabela-de-jogos-do-flamengo-do-campeonato-brasileiro-2\/\"]}]},{\"@type\":\"ImageObject\",\"inLanguage\":\"pt-BR\",\"@id\":\"https:\/\/www.gaveanews.com\/index.php\/2019\/10\/12\/cbf-promove-alteracao-na-tabela-de-jogos-do-flamengo-do-campeonato-brasileiro-2\/#primaryimage\",\"url\":\"https:\/\/www.gaveanews.com\/wp-content\/uploads\/2019\/02\/Sede-da-CBF-no-Rio-de-Janeiro.webp\",\"contentUrl\":\"https:\/\/www.gaveanews.com\/wp-content\/uploads\/2019\/02\/Sede-da-CBF-no-Rio-de-Janeiro.webp\",\"width\":690,\"height\":518,\"caption\":\"Sede da CBF no Rio de Janeiro (Foto: Cah\u00ea Mota\/Globo Esporte)\"},{\"@type\":\"BreadcrumbList\",\"@id\":\"https:\/\/www.gaveanews.com\/index.php\/2019\/10\/12\/cbf-promove-alteracao-na-tabela-de-jogos-do-flamengo-do-campeonato-brasileiro-2\/#breadcrumb\",\"itemListElement\":[{\"@type\":\"ListItem\",\"position\":1,\"name\":\"Home\",\"item\":\"https:\/\/www.gaveanews.com\/\"},{\"@type\":\"ListItem\",\"position\":2,\"name\":\"CBF promove altera\u00e7\u00e3o na tabela de jogos do Flamengo, do Campeonato Brasileiro\"}]},{\"@type\":\"WebSite\",\"@id\":\"https:\/\/www.gaveanews.com\/#website\",\"url\":\"https:\/\/www.gaveanews.com\/\",\"name\":\"G\u00e1vea News\",\"description\":\"Veja todas as not\u00edcias sobre o Flamengo: Contrata\u00e7\u00f5es, categorias de base, resultados das partidas, tabela de classifica\u00e7\u00e3o, pr\u00f3ximos jogos!\",\"potentialAction\":[{\"@type\":\"SearchAction\",\"target\":{\"@type\":\"EntryPoint\",\"urlTemplate\":\"https:\/\/www.gaveanews.com\/?s={search_term_string}\"},\"query-input\":{\"@type\":\"PropertyValueSpecification\",\"valueRequired\":true,\"valueName\":\"search_term_string\"}}],\"inLanguage\":\"pt-BR\"},{\"@type\":\"Person\",\"@id\":\"https:\/\/www.gaveanews.com\/#\/schema\/person\/2ec14f73fb96be2caf28f91afb14749d\",\"name\":\"Equipe G\u00e1vea News\",\"image\":{\"@type\":\"ImageObject\",\"inLanguage\":\"pt-BR\",\"@id\":\"https:\/\/www.gaveanews.com\/#\/schema\/person\/image\/\",\"url\":\"https:\/\/secure.gravatar.com\/avatar\/1e1956f1facbffd3f8fa53a326721950116b3b9dc9bd44939c01180fd4a745a9?s=96&d=mm&r=g\",\"contentUrl\":\"https:\/\/secure.gravatar.com\/avatar\/1e1956f1facbffd3f8fa53a326721950116b3b9dc9bd44939c01180fd4a745a9?s=96&d=mm&r=g\",\"caption\":\"Equipe G\u00e1vea News\"}}]}<\/script>\n<!-- \/ Yoast SEO Premium plugin. -->","yoast_head_json":{"title":"CBF promove altera\u00e7\u00e3o na tabela de jogos do Flamengo, do Campeonato Brasileiro","robots":{"index":"index","follow":"follow","max-snippet":"max-snippet:-1","max-image-preview":"max-image-preview:large","max-video-preview":"max-video-preview:-1"},"canonical":"https:\/\/www.gaveanews.com\/index.php\/2019\/10\/12\/cbf-promove-alteracao-na-tabela-de-jogos-do-flamengo-do-campeonato-brasileiro-2\/","og_locale":"pt_BR","og_type":"article","og_title":"CBF promove altera\u00e7\u00e3o na tabela de jogos do Flamengo, do Campeonato Brasileiro","og_description":"O Flamengo tem passado por uma sequ\u00eancia de jogos intensos e exaustivos. Prova disso, \u00e9 que ap\u00f3s a vit\u00f3ria por 3 a 1 sobre o Atl\u00e9tico-MG, na \u00faltima quinta-feira (10), o Rubro-Negro realizou apenas dois treinamentos e j\u00e1 volta a campo neste domingo (13), contra o Athletico-PR, em Curitiba. Por\u00e9m, o time carioca recebeu uma [&hellip;]","og_url":"https:\/\/www.gaveanews.com\/index.php\/2019\/10\/12\/cbf-promove-alteracao-na-tabela-de-jogos-do-flamengo-do-campeonato-brasileiro-2\/","og_site_name":"G\u00e1vea News","article_publisher":"https:\/\/facebook.com\/gaveaNews\/","article_published_time":"2019-10-12T16:14:23+00:00","og_image":[{"width":690,"height":518,"url":"https:\/\/www.gaveanews.com\/wp-content\/uploads\/2019\/02\/Sede-da-CBF-no-Rio-de-Janeiro.webp","type":"image\/jpeg"}],"author":"Equipe G\u00e1vea News","twitter_card":"summary_large_image","twitter_misc":{"Escrito por":"Equipe G\u00e1vea News","Est. tempo de leitura":"1 minuto"},"schema":{"@context":"https:\/\/schema.org","@graph":[{"@type":"NewsArticle","@id":"https:\/\/www.gaveanews.com\/index.php\/2019\/10\/12\/cbf-promove-alteracao-na-tabela-de-jogos-do-flamengo-do-campeonato-brasileiro-2\/#article","isPartOf":{"@id":"https:\/\/www.gaveanews.com\/index.php\/2019\/10\/12\/cbf-promove-alteracao-na-tabela-de-jogos-do-flamengo-do-campeonato-brasileiro-2\/"},"author":{"name":"Equipe G\u00e1vea News","@id":"https:\/\/www.gaveanews.com\/#\/schema\/person\/2ec14f73fb96be2caf28f91afb14749d"},"headline":"CBF promove altera\u00e7\u00e3o na tabela de jogos do Flamengo, do Campeonato Brasileiro","datePublished":"2019-10-12T16:14:23+00:00","mainEntityOfPage":{"@id":"https:\/\/www.gaveanews.com\/index.php\/2019\/10\/12\/cbf-promove-alteracao-na-tabela-de-jogos-do-flamengo-do-campeonato-brasileiro-2\/"},"wordCount":294,"commentCount":0,"image":{"@id":"https:\/\/www.gaveanews.com\/index.php\/2019\/10\/12\/cbf-promove-alteracao-na-tabela-de-jogos-do-flamengo-do-campeonato-brasileiro-2\/#primaryimage"},"thumbnailUrl":"https:\/\/www.gaveanews.com\/wp-content\/uploads\/2019\/02\/Sede-da-CBF-no-Rio-de-Janeiro.webp","articleSection":["Flamengo"],"inLanguage":"pt-BR","potentialAction":[{"@type":"CommentAction","name":"Comment","target":["https:\/\/www.gaveanews.com\/index.php\/2019\/10\/12\/cbf-promove-alteracao-na-tabela-de-jogos-do-flamengo-do-campeonato-brasileiro-2\/#respond"]}],"copyrightYear":"2019","copyrightHolder":{"@id":"https:\/\/www.gaveanews.com\/#organization"}},{"@type":"WebPage","@id":"https:\/\/www.gaveanews.com\/index.php\/2019\/10\/12\/cbf-promove-alteracao-na-tabela-de-jogos-do-flamengo-do-campeonato-brasileiro-2\/","url":"https:\/\/www.gaveanews.com\/index.php\/2019\/10\/12\/cbf-promove-alteracao-na-tabela-de-jogos-do-flamengo-do-campeonato-brasileiro-2\/","name":"CBF promove altera\u00e7\u00e3o na tabela de jogos do Flamengo, do Campeonato Brasileiro","isPartOf":{"@id":"https:\/\/www.gaveanews.com\/#website"},"primaryImageOfPage":{"@id":"https:\/\/www.gaveanews.com\/index.php\/2019\/10\/12\/cbf-promove-alteracao-na-tabela-de-jogos-do-flamengo-do-campeonato-brasileiro-2\/#primaryimage"},"image":{"@id":"https:\/\/www.gaveanews.com\/index.php\/2019\/10\/12\/cbf-promove-alteracao-na-tabela-de-jogos-do-flamengo-do-campeonato-brasileiro-2\/#primaryimage"},"thumbnailUrl":"https:\/\/www.gaveanews.com\/wp-content\/uploads\/2019\/02\/Sede-da-CBF-no-Rio-de-Janeiro.webp","datePublished":"2019-10-12T16:14:23+00:00","author":{"@id":"https:\/\/www.gaveanews.com\/#\/schema\/person\/2ec14f73fb96be2caf28f91afb14749d"},"breadcrumb":{"@id":"https:\/\/www.gaveanews.com\/index.php\/2019\/10\/12\/cbf-promove-alteracao-na-tabela-de-jogos-do-flamengo-do-campeonato-brasileiro-2\/#breadcrumb"},"inLanguage":"pt-BR","potentialAction":[{"@type":"ReadAction","target":["https:\/\/www.gaveanews.com\/index.php\/2019\/10\/12\/cbf-promove-alteracao-na-tabela-de-jogos-do-flamengo-do-campeonato-brasileiro-2\/"]}]},{"@type":"ImageObject","inLanguage":"pt-BR","@id":"https:\/\/www.gaveanews.com\/index.php\/2019\/10\/12\/cbf-promove-alteracao-na-tabela-de-jogos-do-flamengo-do-campeonato-brasileiro-2\/#primaryimage","url":"https:\/\/www.gaveanews.com\/wp-content\/uploads\/2019\/02\/Sede-da-CBF-no-Rio-de-Janeiro.webp","contentUrl":"https:\/\/www.gaveanews.com\/wp-content\/uploads\/2019\/02\/Sede-da-CBF-no-Rio-de-Janeiro.webp","width":690,"height":518,"caption":"Sede da CBF no Rio de Janeiro (Foto: Cah\u00ea Mota\/Globo Esporte)"},{"@type":"BreadcrumbList","@id":"https:\/\/www.gaveanews.com\/index.php\/2019\/10\/12\/cbf-promove-alteracao-na-tabela-de-jogos-do-flamengo-do-campeonato-brasileiro-2\/#breadcrumb","itemListElement":[{"@type":"ListItem","position":1,"name":"Home","item":"https:\/\/www.gaveanews.com\/"},{"@type":"ListItem","position":2,"name":"CBF promove altera\u00e7\u00e3o na tabela de jogos do Flamengo, do Campeonato Brasileiro"}]},{"@type":"WebSite","@id":"https:\/\/www.gaveanews.com\/#website","url":"https:\/\/www.gaveanews.com\/","name":"G\u00e1vea News","description":"Veja todas as not\u00edcias sobre o Flamengo: Contrata\u00e7\u00f5es, categorias de base, resultados das partidas, tabela de classifica\u00e7\u00e3o, pr\u00f3ximos jogos!","potentialAction":[{"@type":"SearchAction","target":{"@type":"EntryPoint","urlTemplate":"https:\/\/www.gaveanews.com\/?s={search_term_string}"},"query-input":{"@type":"PropertyValueSpecification","valueRequired":true,"valueName":"search_term_string"}}],"inLanguage":"pt-BR"},{"@type":"Person","@id":"https:\/\/www.gaveanews.com\/#\/schema\/person\/2ec14f73fb96be2caf28f91afb14749d","name":"Equipe G\u00e1vea News","image":{"@type":"ImageObject","inLanguage":"pt-BR","@id":"https:\/\/www.gaveanews.com\/#\/schema\/person\/image\/","url":"https:\/\/secure.gravatar.com\/avatar\/1e1956f1facbffd3f8fa53a326721950116b3b9dc9bd44939c01180fd4a745a9?s=96&d=mm&r=g","contentUrl":"https:\/\/secure.gravatar.com\/avatar\/1e1956f1facbffd3f8fa53a326721950116b3b9dc9bd44939c01180fd4a745a9?s=96&d=mm&r=g","caption":"Equipe G\u00e1vea News"}}]}},"_links":{"self":[{"href":"https:\/\/www.gaveanews.com\/index.php\/wp-json\/wp\/v2\/posts\/29925","targetHints":{"allow":["GET"]}}],"collection":[{"href":"https:\/\/www.gaveanews.com\/index.php\/wp-json\/wp\/v2\/posts"}],"about":[{"href":"https:\/\/www.gaveanews.com\/index.php\/wp-json\/wp\/v2\/types\/post"}],"author":[{"embeddable":true,"href":"https:\/\/www.gaveanews.com\/index.php\/wp-json\/wp\/v2\/users\/1"}],"replies":[{"embeddable":true,"href":"https:\/\/www.gaveanews.com\/index.php\/wp-json\/wp\/v2\/comments?post=29925"}],"version-history":[{"count":0,"href":"https:\/\/www.gaveanews.com\/index.php\/wp-json\/wp\/v2\/posts\/29925\/revisions"}],"wp:featuredmedia":[{"embeddable":true,"href":"https:\/\/www.gaveanews.com\/index.php\/wp-json\/wp\/v2\/media\/16271"}],"wp:attachment":[{"href":"https:\/\/www.gaveanews.com\/index.php\/wp-json\/wp\/v2\/media?parent=29925"}],"wp:term":[{"taxonomy":"category","embeddable":true,"href":"https:\/\/www.gaveanews.com\/index.php\/wp-json\/wp\/v2\/categories?post=29925"},{"taxonomy":"post_tag","embeddable":true,"href":"https:\/\/www.gaveanews.com\/index.php\/wp-json\/wp\/v2\/tags?post=29925"}],"curies":[{"name":"wp","href":"https:\/\/api.w.org\/{rel}","templated":true}]}}