{"id":30025,"date":"2019-10-13T18:55:47","date_gmt":"2019-10-13T21:55:47","guid":{"rendered":"http:\/\/www.gaveanews.com\/?p=30025"},"modified":"2022-01-29T14:35:18","modified_gmt":"2022-01-29T17:35:18","slug":"lateral-rafinha-tem-fratura-constatada-e-torna-se-mais-um-desfalque-no-flamengo","status":"publish","type":"post","link":"https:\/\/www.gaveanews.com\/index.php\/2019\/10\/13\/lateral-rafinha-tem-fratura-constatada-e-torna-se-mais-um-desfalque-no-flamengo\/","title":{"rendered":"Lateral Rafinha tem fratura constatada e torna-se mais um desfalque no Flamengo"},"content":{"rendered":"\n<p>O Flamengo venceu o Athletico-PR na tarde deste domingo (13 de outubro) e permanece com grande vantagem na lideran\u00e7a do Brasileir\u00e3o, mas saiu com problemas da Arena da Baixada. Isso porque Rafinha acabou sofrendo um afundamento no cr\u00e2nio ap\u00f3s choque com Rony, foi substitu\u00eddo no intervalo e posteriormente encaminhado para o hospital. <\/p>\n\n\n\n<p>Depois de an\u00e1lise dos m\u00e9dicos, o clube da G\u00e1vea confirmou, via assessoria, que o lateral teve uma fratura constatada na face e ficar\u00e1 em observa\u00e7\u00e3o.<\/p>\n\n\n\n<p>O jogador retornar\u00e1 para o Rio de Janeiro e n\u00e3o enfrentar\u00e1 o Fortaleza.<\/p>\n\n\n\n<p>Adaptado de: Coluna do Fla<\/p>\n","protected":false},"excerpt":{"rendered":"<p>O Flamengo venceu o Athletico-PR na tarde deste domingo (13 de outubro) e permanece com grande vantagem na lideran\u00e7a do Brasileir\u00e3o, mas saiu com problemas da Arena da Baixada. Isso porque Rafinha acabou sofrendo um afundamento no cr\u00e2nio ap\u00f3s choque com Rony, foi substitu\u00eddo no intervalo e posteriormente encaminhado para o hospital. Depois de an\u00e1lise [&hellip;]<\/p>\n","protected":false},"author":1,"featured_media":28893,"comment_status":"open","ping_status":"open","sticky":false,"template":"","format":"standard","meta":{"footnotes":""},"categories":[1],"tags":[],"class_list":["post-30025","post","type-post","status-publish","format-standard","has-post-thumbnail","hentry","category-flamengo"],"yoast_head":"<!-- This site is optimized with the Yoast SEO Premium plugin v24.2 (Yoast SEO v26.9) - https:\/\/yoast.com\/product\/yoast-seo-premium-wordpress\/ -->\n<title>Lateral Rafinha tem fratura constatada e torna-se mais um desfalque no Flamengo<\/title>\n<meta name=\"robots\" content=\"index, follow, max-snippet:-1, max-image-preview:large, max-video-preview:-1\" \/>\n<link rel=\"canonical\" href=\"https:\/\/www.gaveanews.com\/index.php\/2019\/10\/13\/lateral-rafinha-tem-fratura-constatada-e-torna-se-mais-um-desfalque-no-flamengo\/\" \/>\n<meta property=\"og:locale\" content=\"pt_BR\" \/>\n<meta property=\"og:type\" content=\"article\" \/>\n<meta property=\"og:title\" content=\"Lateral Rafinha tem fratura constatada e torna-se mais um desfalque no Flamengo\" \/>\n<meta property=\"og:description\" content=\"O Flamengo venceu o Athletico-PR na tarde deste domingo (13 de outubro) e permanece com grande vantagem na lideran\u00e7a do Brasileir\u00e3o, mas saiu com problemas da Arena da Baixada. Isso porque Rafinha acabou sofrendo um afundamento no cr\u00e2nio ap\u00f3s choque com Rony, foi substitu\u00eddo no intervalo e posteriormente encaminhado para o hospital. Depois de an\u00e1lise [&hellip;]\" \/>\n<meta property=\"og:url\" content=\"https:\/\/www.gaveanews.com\/index.php\/2019\/10\/13\/lateral-rafinha-tem-fratura-constatada-e-torna-se-mais-um-desfalque-no-flamengo\/\" \/>\n<meta property=\"og:site_name\" content=\"G\u00e1vea News\" \/>\n<meta property=\"article:publisher\" content=\"https:\/\/facebook.com\/gaveaNews\/\" \/>\n<meta property=\"article:published_time\" content=\"2019-10-13T21:55:47+00:00\" \/>\n<meta property=\"article:modified_time\" content=\"2022-01-29T17:35:18+00:00\" \/>\n<meta property=\"og:image\" content=\"https:\/\/www.gaveanews.com\/wp-content\/uploads\/Rafinha-durante-uma-partida-do-Flamengo.webp\" \/>\n\t<meta property=\"og:image:width\" content=\"900\" \/>\n\t<meta property=\"og:image:height\" content=\"600\" \/>\n\t<meta property=\"og:image:type\" content=\"image\/jpeg\" \/>\n<meta name=\"author\" content=\"Equipe G\u00e1vea News\" \/>\n<meta name=\"twitter:card\" content=\"summary_large_image\" \/>\n<meta name=\"twitter:label1\" content=\"Escrito por\" \/>\n\t<meta name=\"twitter:data1\" content=\"Equipe G\u00e1vea News\" \/>\n\t<meta name=\"twitter:label2\" content=\"Est. tempo de leitura\" \/>\n\t<meta name=\"twitter:data2\" content=\"1 minuto\" \/>\n<script type=\"application\/ld+json\" class=\"yoast-schema-graph\">{\"@context\":\"https:\/\/schema.org\",\"@graph\":[{\"@type\":\"NewsArticle\",\"@id\":\"https:\/\/www.gaveanews.com\/index.php\/2019\/10\/13\/lateral-rafinha-tem-fratura-constatada-e-torna-se-mais-um-desfalque-no-flamengo\/#article\",\"isPartOf\":{\"@id\":\"https:\/\/www.gaveanews.com\/index.php\/2019\/10\/13\/lateral-rafinha-tem-fratura-constatada-e-torna-se-mais-um-desfalque-no-flamengo\/\"},\"author\":{\"name\":\"Equipe G\u00e1vea News\",\"@id\":\"https:\/\/www.gaveanews.com\/#\/schema\/person\/2ec14f73fb96be2caf28f91afb14749d\"},\"headline\":\"Lateral Rafinha tem fratura constatada e torna-se mais um desfalque no Flamengo\",\"datePublished\":\"2019-10-13T21:55:47+00:00\",\"dateModified\":\"2022-01-29T17:35:18+00:00\",\"mainEntityOfPage\":{\"@id\":\"https:\/\/www.gaveanews.com\/index.php\/2019\/10\/13\/lateral-rafinha-tem-fratura-constatada-e-torna-se-mais-um-desfalque-no-flamengo\/\"},\"wordCount\":116,\"commentCount\":0,\"image\":{\"@id\":\"https:\/\/www.gaveanews.com\/index.php\/2019\/10\/13\/lateral-rafinha-tem-fratura-constatada-e-torna-se-mais-um-desfalque-no-flamengo\/#primaryimage\"},\"thumbnailUrl\":\"https:\/\/www.gaveanews.com\/wp-content\/uploads\/Rafinha-durante-uma-partida-do-Flamengo.webp\",\"articleSection\":[\"Flamengo\"],\"inLanguage\":\"pt-BR\",\"potentialAction\":[{\"@type\":\"CommentAction\",\"name\":\"Comment\",\"target\":[\"https:\/\/www.gaveanews.com\/index.php\/2019\/10\/13\/lateral-rafinha-tem-fratura-constatada-e-torna-se-mais-um-desfalque-no-flamengo\/#respond\"]}],\"copyrightYear\":\"2019\",\"copyrightHolder\":{\"@id\":\"https:\/\/www.gaveanews.com\/#organization\"}},{\"@type\":\"WebPage\",\"@id\":\"https:\/\/www.gaveanews.com\/index.php\/2019\/10\/13\/lateral-rafinha-tem-fratura-constatada-e-torna-se-mais-um-desfalque-no-flamengo\/\",\"url\":\"https:\/\/www.gaveanews.com\/index.php\/2019\/10\/13\/lateral-rafinha-tem-fratura-constatada-e-torna-se-mais-um-desfalque-no-flamengo\/\",\"name\":\"Lateral Rafinha tem fratura constatada e torna-se mais um desfalque no Flamengo\",\"isPartOf\":{\"@id\":\"https:\/\/www.gaveanews.com\/#website\"},\"primaryImageOfPage\":{\"@id\":\"https:\/\/www.gaveanews.com\/index.php\/2019\/10\/13\/lateral-rafinha-tem-fratura-constatada-e-torna-se-mais-um-desfalque-no-flamengo\/#primaryimage\"},\"image\":{\"@id\":\"https:\/\/www.gaveanews.com\/index.php\/2019\/10\/13\/lateral-rafinha-tem-fratura-constatada-e-torna-se-mais-um-desfalque-no-flamengo\/#primaryimage\"},\"thumbnailUrl\":\"https:\/\/www.gaveanews.com\/wp-content\/uploads\/Rafinha-durante-uma-partida-do-Flamengo.webp\",\"datePublished\":\"2019-10-13T21:55:47+00:00\",\"dateModified\":\"2022-01-29T17:35:18+00:00\",\"author\":{\"@id\":\"https:\/\/www.gaveanews.com\/#\/schema\/person\/2ec14f73fb96be2caf28f91afb14749d\"},\"breadcrumb\":{\"@id\":\"https:\/\/www.gaveanews.com\/index.php\/2019\/10\/13\/lateral-rafinha-tem-fratura-constatada-e-torna-se-mais-um-desfalque-no-flamengo\/#breadcrumb\"},\"inLanguage\":\"pt-BR\",\"potentialAction\":[{\"@type\":\"ReadAction\",\"target\":[\"https:\/\/www.gaveanews.com\/index.php\/2019\/10\/13\/lateral-rafinha-tem-fratura-constatada-e-torna-se-mais-um-desfalque-no-flamengo\/\"]}]},{\"@type\":\"ImageObject\",\"inLanguage\":\"pt-BR\",\"@id\":\"https:\/\/www.gaveanews.com\/index.php\/2019\/10\/13\/lateral-rafinha-tem-fratura-constatada-e-torna-se-mais-um-desfalque-no-flamengo\/#primaryimage\",\"url\":\"https:\/\/www.gaveanews.com\/wp-content\/uploads\/Rafinha-durante-uma-partida-do-Flamengo.webp\",\"contentUrl\":\"https:\/\/www.gaveanews.com\/wp-content\/uploads\/Rafinha-durante-uma-partida-do-Flamengo.webp\",\"width\":900,\"height\":600,\"caption\":\"Rafinha durante uma partida do Flamengo (Foto: Alexandre Vidal\/Flamengo)\"},{\"@type\":\"BreadcrumbList\",\"@id\":\"https:\/\/www.gaveanews.com\/index.php\/2019\/10\/13\/lateral-rafinha-tem-fratura-constatada-e-torna-se-mais-um-desfalque-no-flamengo\/#breadcrumb\",\"itemListElement\":[{\"@type\":\"ListItem\",\"position\":1,\"name\":\"Home\",\"item\":\"https:\/\/www.gaveanews.com\/\"},{\"@type\":\"ListItem\",\"position\":2,\"name\":\"Lateral Rafinha tem fratura constatada e torna-se mais um desfalque no Flamengo\"}]},{\"@type\":\"WebSite\",\"@id\":\"https:\/\/www.gaveanews.com\/#website\",\"url\":\"https:\/\/www.gaveanews.com\/\",\"name\":\"G\u00e1vea News\",\"description\":\"Veja todas as not\u00edcias sobre o Flamengo: Contrata\u00e7\u00f5es, categorias de base, resultados das partidas, tabela de classifica\u00e7\u00e3o, pr\u00f3ximos jogos!\",\"potentialAction\":[{\"@type\":\"SearchAction\",\"target\":{\"@type\":\"EntryPoint\",\"urlTemplate\":\"https:\/\/www.gaveanews.com\/?s={search_term_string}\"},\"query-input\":{\"@type\":\"PropertyValueSpecification\",\"valueRequired\":true,\"valueName\":\"search_term_string\"}}],\"inLanguage\":\"pt-BR\"},{\"@type\":\"Person\",\"@id\":\"https:\/\/www.gaveanews.com\/#\/schema\/person\/2ec14f73fb96be2caf28f91afb14749d\",\"name\":\"Equipe G\u00e1vea News\",\"image\":{\"@type\":\"ImageObject\",\"inLanguage\":\"pt-BR\",\"@id\":\"https:\/\/www.gaveanews.com\/#\/schema\/person\/image\/\",\"url\":\"https:\/\/secure.gravatar.com\/avatar\/1e1956f1facbffd3f8fa53a326721950116b3b9dc9bd44939c01180fd4a745a9?s=96&d=mm&r=g\",\"contentUrl\":\"https:\/\/secure.gravatar.com\/avatar\/1e1956f1facbffd3f8fa53a326721950116b3b9dc9bd44939c01180fd4a745a9?s=96&d=mm&r=g\",\"caption\":\"Equipe G\u00e1vea News\"}}]}<\/script>\n<!-- \/ Yoast SEO Premium plugin. -->","yoast_head_json":{"title":"Lateral Rafinha tem fratura constatada e torna-se mais um desfalque no Flamengo","robots":{"index":"index","follow":"follow","max-snippet":"max-snippet:-1","max-image-preview":"max-image-preview:large","max-video-preview":"max-video-preview:-1"},"canonical":"https:\/\/www.gaveanews.com\/index.php\/2019\/10\/13\/lateral-rafinha-tem-fratura-constatada-e-torna-se-mais-um-desfalque-no-flamengo\/","og_locale":"pt_BR","og_type":"article","og_title":"Lateral Rafinha tem fratura constatada e torna-se mais um desfalque no Flamengo","og_description":"O Flamengo venceu o Athletico-PR na tarde deste domingo (13 de outubro) e permanece com grande vantagem na lideran\u00e7a do Brasileir\u00e3o, mas saiu com problemas da Arena da Baixada. Isso porque Rafinha acabou sofrendo um afundamento no cr\u00e2nio ap\u00f3s choque com Rony, foi substitu\u00eddo no intervalo e posteriormente encaminhado para o hospital. Depois de an\u00e1lise [&hellip;]","og_url":"https:\/\/www.gaveanews.com\/index.php\/2019\/10\/13\/lateral-rafinha-tem-fratura-constatada-e-torna-se-mais-um-desfalque-no-flamengo\/","og_site_name":"G\u00e1vea News","article_publisher":"https:\/\/facebook.com\/gaveaNews\/","article_published_time":"2019-10-13T21:55:47+00:00","article_modified_time":"2022-01-29T17:35:18+00:00","og_image":[{"width":900,"height":600,"url":"https:\/\/www.gaveanews.com\/wp-content\/uploads\/Rafinha-durante-uma-partida-do-Flamengo.webp","type":"image\/jpeg"}],"author":"Equipe G\u00e1vea News","twitter_card":"summary_large_image","twitter_misc":{"Escrito por":"Equipe G\u00e1vea News","Est. tempo de leitura":"1 minuto"},"schema":{"@context":"https:\/\/schema.org","@graph":[{"@type":"NewsArticle","@id":"https:\/\/www.gaveanews.com\/index.php\/2019\/10\/13\/lateral-rafinha-tem-fratura-constatada-e-torna-se-mais-um-desfalque-no-flamengo\/#article","isPartOf":{"@id":"https:\/\/www.gaveanews.com\/index.php\/2019\/10\/13\/lateral-rafinha-tem-fratura-constatada-e-torna-se-mais-um-desfalque-no-flamengo\/"},"author":{"name":"Equipe G\u00e1vea News","@id":"https:\/\/www.gaveanews.com\/#\/schema\/person\/2ec14f73fb96be2caf28f91afb14749d"},"headline":"Lateral Rafinha tem fratura constatada e torna-se mais um desfalque no Flamengo","datePublished":"2019-10-13T21:55:47+00:00","dateModified":"2022-01-29T17:35:18+00:00","mainEntityOfPage":{"@id":"https:\/\/www.gaveanews.com\/index.php\/2019\/10\/13\/lateral-rafinha-tem-fratura-constatada-e-torna-se-mais-um-desfalque-no-flamengo\/"},"wordCount":116,"commentCount":0,"image":{"@id":"https:\/\/www.gaveanews.com\/index.php\/2019\/10\/13\/lateral-rafinha-tem-fratura-constatada-e-torna-se-mais-um-desfalque-no-flamengo\/#primaryimage"},"thumbnailUrl":"https:\/\/www.gaveanews.com\/wp-content\/uploads\/Rafinha-durante-uma-partida-do-Flamengo.webp","articleSection":["Flamengo"],"inLanguage":"pt-BR","potentialAction":[{"@type":"CommentAction","name":"Comment","target":["https:\/\/www.gaveanews.com\/index.php\/2019\/10\/13\/lateral-rafinha-tem-fratura-constatada-e-torna-se-mais-um-desfalque-no-flamengo\/#respond"]}],"copyrightYear":"2019","copyrightHolder":{"@id":"https:\/\/www.gaveanews.com\/#organization"}},{"@type":"WebPage","@id":"https:\/\/www.gaveanews.com\/index.php\/2019\/10\/13\/lateral-rafinha-tem-fratura-constatada-e-torna-se-mais-um-desfalque-no-flamengo\/","url":"https:\/\/www.gaveanews.com\/index.php\/2019\/10\/13\/lateral-rafinha-tem-fratura-constatada-e-torna-se-mais-um-desfalque-no-flamengo\/","name":"Lateral Rafinha tem fratura constatada e torna-se mais um desfalque no Flamengo","isPartOf":{"@id":"https:\/\/www.gaveanews.com\/#website"},"primaryImageOfPage":{"@id":"https:\/\/www.gaveanews.com\/index.php\/2019\/10\/13\/lateral-rafinha-tem-fratura-constatada-e-torna-se-mais-um-desfalque-no-flamengo\/#primaryimage"},"image":{"@id":"https:\/\/www.gaveanews.com\/index.php\/2019\/10\/13\/lateral-rafinha-tem-fratura-constatada-e-torna-se-mais-um-desfalque-no-flamengo\/#primaryimage"},"thumbnailUrl":"https:\/\/www.gaveanews.com\/wp-content\/uploads\/Rafinha-durante-uma-partida-do-Flamengo.webp","datePublished":"2019-10-13T21:55:47+00:00","dateModified":"2022-01-29T17:35:18+00:00","author":{"@id":"https:\/\/www.gaveanews.com\/#\/schema\/person\/2ec14f73fb96be2caf28f91afb14749d"},"breadcrumb":{"@id":"https:\/\/www.gaveanews.com\/index.php\/2019\/10\/13\/lateral-rafinha-tem-fratura-constatada-e-torna-se-mais-um-desfalque-no-flamengo\/#breadcrumb"},"inLanguage":"pt-BR","potentialAction":[{"@type":"ReadAction","target":["https:\/\/www.gaveanews.com\/index.php\/2019\/10\/13\/lateral-rafinha-tem-fratura-constatada-e-torna-se-mais-um-desfalque-no-flamengo\/"]}]},{"@type":"ImageObject","inLanguage":"pt-BR","@id":"https:\/\/www.gaveanews.com\/index.php\/2019\/10\/13\/lateral-rafinha-tem-fratura-constatada-e-torna-se-mais-um-desfalque-no-flamengo\/#primaryimage","url":"https:\/\/www.gaveanews.com\/wp-content\/uploads\/Rafinha-durante-uma-partida-do-Flamengo.webp","contentUrl":"https:\/\/www.gaveanews.com\/wp-content\/uploads\/Rafinha-durante-uma-partida-do-Flamengo.webp","width":900,"height":600,"caption":"Rafinha durante uma partida do Flamengo (Foto: Alexandre Vidal\/Flamengo)"},{"@type":"BreadcrumbList","@id":"https:\/\/www.gaveanews.com\/index.php\/2019\/10\/13\/lateral-rafinha-tem-fratura-constatada-e-torna-se-mais-um-desfalque-no-flamengo\/#breadcrumb","itemListElement":[{"@type":"ListItem","position":1,"name":"Home","item":"https:\/\/www.gaveanews.com\/"},{"@type":"ListItem","position":2,"name":"Lateral Rafinha tem fratura constatada e torna-se mais um desfalque no Flamengo"}]},{"@type":"WebSite","@id":"https:\/\/www.gaveanews.com\/#website","url":"https:\/\/www.gaveanews.com\/","name":"G\u00e1vea News","description":"Veja todas as not\u00edcias sobre o Flamengo: Contrata\u00e7\u00f5es, categorias de base, resultados das partidas, tabela de classifica\u00e7\u00e3o, pr\u00f3ximos jogos!","potentialAction":[{"@type":"SearchAction","target":{"@type":"EntryPoint","urlTemplate":"https:\/\/www.gaveanews.com\/?s={search_term_string}"},"query-input":{"@type":"PropertyValueSpecification","valueRequired":true,"valueName":"search_term_string"}}],"inLanguage":"pt-BR"},{"@type":"Person","@id":"https:\/\/www.gaveanews.com\/#\/schema\/person\/2ec14f73fb96be2caf28f91afb14749d","name":"Equipe G\u00e1vea News","image":{"@type":"ImageObject","inLanguage":"pt-BR","@id":"https:\/\/www.gaveanews.com\/#\/schema\/person\/image\/","url":"https:\/\/secure.gravatar.com\/avatar\/1e1956f1facbffd3f8fa53a326721950116b3b9dc9bd44939c01180fd4a745a9?s=96&d=mm&r=g","contentUrl":"https:\/\/secure.gravatar.com\/avatar\/1e1956f1facbffd3f8fa53a326721950116b3b9dc9bd44939c01180fd4a745a9?s=96&d=mm&r=g","caption":"Equipe G\u00e1vea News"}}]}},"_links":{"self":[{"href":"https:\/\/www.gaveanews.com\/index.php\/wp-json\/wp\/v2\/posts\/30025","targetHints":{"allow":["GET"]}}],"collection":[{"href":"https:\/\/www.gaveanews.com\/index.php\/wp-json\/wp\/v2\/posts"}],"about":[{"href":"https:\/\/www.gaveanews.com\/index.php\/wp-json\/wp\/v2\/types\/post"}],"author":[{"embeddable":true,"href":"https:\/\/www.gaveanews.com\/index.php\/wp-json\/wp\/v2\/users\/1"}],"replies":[{"embeddable":true,"href":"https:\/\/www.gaveanews.com\/index.php\/wp-json\/wp\/v2\/comments?post=30025"}],"version-history":[{"count":0,"href":"https:\/\/www.gaveanews.com\/index.php\/wp-json\/wp\/v2\/posts\/30025\/revisions"}],"wp:featuredmedia":[{"embeddable":true,"href":"https:\/\/www.gaveanews.com\/index.php\/wp-json\/wp\/v2\/media\/28893"}],"wp:attachment":[{"href":"https:\/\/www.gaveanews.com\/index.php\/wp-json\/wp\/v2\/media?parent=30025"}],"wp:term":[{"taxonomy":"category","embeddable":true,"href":"https:\/\/www.gaveanews.com\/index.php\/wp-json\/wp\/v2\/categories?post=30025"},{"taxonomy":"post_tag","embeddable":true,"href":"https:\/\/www.gaveanews.com\/index.php\/wp-json\/wp\/v2\/tags?post=30025"}],"curies":[{"name":"wp","href":"https:\/\/api.w.org\/{rel}","templated":true}]}}