{"id":30049,"date":"2019-10-14T06:40:38","date_gmt":"2019-10-14T09:40:38","guid":{"rendered":"http:\/\/www.gaveanews.com\/?p=30049"},"modified":"2019-10-14T01:30:13","modified_gmt":"2019-10-14T04:30:13","slug":"dirigente-do-flamengo-marcos-braz-detona-arbitragem-relembra-reclamacoes-do-palmeiras-e-manda-recado-para-o-presidente-do-santos","status":"publish","type":"post","link":"https:\/\/www.gaveanews.com\/index.php\/2019\/10\/14\/dirigente-do-flamengo-marcos-braz-detona-arbitragem-relembra-reclamacoes-do-palmeiras-e-manda-recado-para-o-presidente-do-santos\/","title":{"rendered":"Dirigente do Flamengo, Marcos Braz detona arbitragem, relembra reclama\u00e7\u00f5es do Palmeiras e manda recado para o presidente do Santos"},"content":{"rendered":"\n<p>O vice-presidente do Flamengo Marcos Braz saiu da Arena da Baixada, em Curitiba, revoltado com a arbitragem mesmo ap\u00f3s a vit\u00f3ria do clube carioca contra o Athletico Paranaense por 2 a 0 no Campeonato Brasileiro. A reclama\u00e7\u00e3o \u00e9 sobre um lance no primeiro tempo que acabou tendo p\u00eanalti pol\u00eamico anulado ap\u00f3s revis\u00e3o do VAR.<\/p>\n\n\n\n<p>\u201cO Landim pede esse tipo de posicionamento(de tratar com a CBF internamente), s\u00f3 que o seguinte: a gente n\u00e3o aguenta mais a gente n\u00e3o reclamar e eles ficam igual um gatinho, miando, comendo e bebendo leite\u201d, disse. \u201cQuando come\u00e7a a falar da arbitragem do jeito que est\u00e1 falando acaba com o Campeonato, porque o juiz chega aqui pressionado, com medo. Algu\u00e9m tem que falar alguma coisa, se n\u00e3o ningu\u00e9m aguenta\u201d, completou o VP do Flamengo.<\/p>\n\n\n\n<p>Marcos Braz ainda cutucou o presidente do Santos, Jos\u00e9 Carlos Peres, que afirmou no \u00faltimo s\u00e1bado (12) que o Flamengo seria campe\u00e3o por causa do VAR. O vice do Flamengo tamb\u00e9m ressaltou as reclama\u00e7\u00f5es do pr\u00f3prio time da Baixada Santista e do Palmeiras nos \u00faltimos dias para falar sobre a falta de a\u00e7\u00e3o da CBF.<\/p>\n\n\n\n<p>\u201dTem que ver com o presidente do Santos se ele viu o VAR hoje, vou deixar ele chegar em casa, ver na televis\u00e3o e ver o que ele fala hoje. Em 10 dias, j\u00e1 falaram presidentes de Santos e Palmeiras, e a CBF n\u00e3o faz nada. Vamos come\u00e7ar a questionar tamb\u00e9m. O que aconteceu hoje foi brincadeira. Uma brincadeira!\u201d, detonou Marcos Braz.<\/p>\n\n\n\n<p>Braulio da Silva Machado foi muito criticado pela torcida carioca nas redes sociais ap\u00f3s anular um p\u00eanalti em cima de Lucas Silva. Al\u00e9m do jogo desta rodada do Campeonato Brasileiro, o juiz encontrar\u00e1 o time do Rio de Janeiro em jogo decisivo desta temporada.<\/p>\n\n\n\n<p>Retirado de: Torcedores<\/p>\n\n\n","protected":false},"excerpt":{"rendered":"<p>O vice-presidente do Flamengo Marcos Braz saiu da Arena da Baixada, em Curitiba, revoltado com a arbitragem mesmo ap\u00f3s a vit\u00f3ria do clube carioca contra o Athletico Paranaense por 2 a 0 no Campeonato Brasileiro. A reclama\u00e7\u00e3o \u00e9 sobre um lance no primeiro tempo que acabou tendo p\u00eanalti pol\u00eamico anulado ap\u00f3s revis\u00e3o do VAR. \u201cO [&hellip;]<\/p>\n","protected":false},"author":1,"featured_media":23694,"comment_status":"open","ping_status":"open","sticky":false,"template":"","format":"standard","meta":{"footnotes":""},"categories":[47],"tags":[],"class_list":["post-30049","post","type-post","status-publish","format-standard","has-post-thumbnail","hentry","category-destaques"],"yoast_head":"<!-- This site is optimized with the Yoast SEO Premium plugin v24.2 (Yoast SEO v26.9) - https:\/\/yoast.com\/product\/yoast-seo-premium-wordpress\/ -->\n<title>Dirigente do Flamengo, Marcos Braz detona arbitragem, relembra reclama\u00e7\u00f5es do Palmeiras e manda recado para o presidente do Santos<\/title>\n<meta name=\"robots\" content=\"index, follow, max-snippet:-1, max-image-preview:large, max-video-preview:-1\" \/>\n<link rel=\"canonical\" href=\"https:\/\/www.gaveanews.com\/index.php\/2019\/10\/14\/dirigente-do-flamengo-marcos-braz-detona-arbitragem-relembra-reclamacoes-do-palmeiras-e-manda-recado-para-o-presidente-do-santos\/\" \/>\n<meta property=\"og:locale\" content=\"pt_BR\" \/>\n<meta property=\"og:type\" content=\"article\" \/>\n<meta property=\"og:title\" content=\"Dirigente do Flamengo, Marcos Braz detona arbitragem, relembra reclama\u00e7\u00f5es do Palmeiras e manda recado para o presidente do Santos\" \/>\n<meta property=\"og:description\" content=\"O vice-presidente do Flamengo Marcos Braz saiu da Arena da Baixada, em Curitiba, revoltado com a arbitragem mesmo ap\u00f3s a vit\u00f3ria do clube carioca contra o Athletico Paranaense por 2 a 0 no Campeonato Brasileiro. A reclama\u00e7\u00e3o \u00e9 sobre um lance no primeiro tempo que acabou tendo p\u00eanalti pol\u00eamico anulado ap\u00f3s revis\u00e3o do VAR. \u201cO [&hellip;]\" \/>\n<meta property=\"og:url\" content=\"https:\/\/www.gaveanews.com\/index.php\/2019\/10\/14\/dirigente-do-flamengo-marcos-braz-detona-arbitragem-relembra-reclamacoes-do-palmeiras-e-manda-recado-para-o-presidente-do-santos\/\" \/>\n<meta property=\"og:site_name\" content=\"G\u00e1vea News\" \/>\n<meta property=\"article:publisher\" content=\"https:\/\/facebook.com\/gaveaNews\/\" \/>\n<meta property=\"article:published_time\" content=\"2019-10-14T09:40:38+00:00\" \/>\n<meta property=\"og:image\" content=\"https:\/\/www.gaveanews.com\/wp-content\/uploads\/2019\/07\/Marcos-Braz-durante-coletiva-de-imprensa-no-Ninho-do-Urubu.webp\" \/>\n\t<meta property=\"og:image:width\" content=\"846\" \/>\n\t<meta property=\"og:image:height\" content=\"563\" \/>\n\t<meta property=\"og:image:type\" content=\"image\/jpeg\" \/>\n<meta name=\"author\" content=\"Equipe G\u00e1vea News\" \/>\n<meta name=\"twitter:card\" content=\"summary_large_image\" \/>\n<meta name=\"twitter:label1\" content=\"Escrito por\" \/>\n\t<meta name=\"twitter:data1\" content=\"Equipe G\u00e1vea News\" \/>\n\t<meta name=\"twitter:label2\" content=\"Est. tempo de leitura\" \/>\n\t<meta name=\"twitter:data2\" content=\"2 minutos\" \/>\n<script type=\"application\/ld+json\" class=\"yoast-schema-graph\">{\"@context\":\"https:\/\/schema.org\",\"@graph\":[{\"@type\":\"NewsArticle\",\"@id\":\"https:\/\/www.gaveanews.com\/index.php\/2019\/10\/14\/dirigente-do-flamengo-marcos-braz-detona-arbitragem-relembra-reclamacoes-do-palmeiras-e-manda-recado-para-o-presidente-do-santos\/#article\",\"isPartOf\":{\"@id\":\"https:\/\/www.gaveanews.com\/index.php\/2019\/10\/14\/dirigente-do-flamengo-marcos-braz-detona-arbitragem-relembra-reclamacoes-do-palmeiras-e-manda-recado-para-o-presidente-do-santos\/\"},\"author\":{\"name\":\"Equipe G\u00e1vea News\",\"@id\":\"https:\/\/www.gaveanews.com\/#\/schema\/person\/2ec14f73fb96be2caf28f91afb14749d\"},\"headline\":\"Dirigente do Flamengo, Marcos Braz detona arbitragem, relembra reclama\u00e7\u00f5es do Palmeiras e manda recado para o presidente do Santos\",\"datePublished\":\"2019-10-14T09:40:38+00:00\",\"mainEntityOfPage\":{\"@id\":\"https:\/\/www.gaveanews.com\/index.php\/2019\/10\/14\/dirigente-do-flamengo-marcos-braz-detona-arbitragem-relembra-reclamacoes-do-palmeiras-e-manda-recado-para-o-presidente-do-santos\/\"},\"wordCount\":335,\"commentCount\":0,\"image\":{\"@id\":\"https:\/\/www.gaveanews.com\/index.php\/2019\/10\/14\/dirigente-do-flamengo-marcos-braz-detona-arbitragem-relembra-reclamacoes-do-palmeiras-e-manda-recado-para-o-presidente-do-santos\/#primaryimage\"},\"thumbnailUrl\":\"https:\/\/www.gaveanews.com\/wp-content\/uploads\/2019\/07\/Marcos-Braz-durante-coletiva-de-imprensa-no-Ninho-do-Urubu.webp\",\"articleSection\":[\"Destaques\"],\"inLanguage\":\"pt-BR\",\"potentialAction\":[{\"@type\":\"CommentAction\",\"name\":\"Comment\",\"target\":[\"https:\/\/www.gaveanews.com\/index.php\/2019\/10\/14\/dirigente-do-flamengo-marcos-braz-detona-arbitragem-relembra-reclamacoes-do-palmeiras-e-manda-recado-para-o-presidente-do-santos\/#respond\"]}],\"copyrightYear\":\"2019\",\"copyrightHolder\":{\"@id\":\"https:\/\/www.gaveanews.com\/#organization\"}},{\"@type\":\"WebPage\",\"@id\":\"https:\/\/www.gaveanews.com\/index.php\/2019\/10\/14\/dirigente-do-flamengo-marcos-braz-detona-arbitragem-relembra-reclamacoes-do-palmeiras-e-manda-recado-para-o-presidente-do-santos\/\",\"url\":\"https:\/\/www.gaveanews.com\/index.php\/2019\/10\/14\/dirigente-do-flamengo-marcos-braz-detona-arbitragem-relembra-reclamacoes-do-palmeiras-e-manda-recado-para-o-presidente-do-santos\/\",\"name\":\"Dirigente do Flamengo, Marcos Braz detona arbitragem, relembra reclama\u00e7\u00f5es do Palmeiras e manda recado para o presidente do Santos\",\"isPartOf\":{\"@id\":\"https:\/\/www.gaveanews.com\/#website\"},\"primaryImageOfPage\":{\"@id\":\"https:\/\/www.gaveanews.com\/index.php\/2019\/10\/14\/dirigente-do-flamengo-marcos-braz-detona-arbitragem-relembra-reclamacoes-do-palmeiras-e-manda-recado-para-o-presidente-do-santos\/#primaryimage\"},\"image\":{\"@id\":\"https:\/\/www.gaveanews.com\/index.php\/2019\/10\/14\/dirigente-do-flamengo-marcos-braz-detona-arbitragem-relembra-reclamacoes-do-palmeiras-e-manda-recado-para-o-presidente-do-santos\/#primaryimage\"},\"thumbnailUrl\":\"https:\/\/www.gaveanews.com\/wp-content\/uploads\/2019\/07\/Marcos-Braz-durante-coletiva-de-imprensa-no-Ninho-do-Urubu.webp\",\"datePublished\":\"2019-10-14T09:40:38+00:00\",\"author\":{\"@id\":\"https:\/\/www.gaveanews.com\/#\/schema\/person\/2ec14f73fb96be2caf28f91afb14749d\"},\"breadcrumb\":{\"@id\":\"https:\/\/www.gaveanews.com\/index.php\/2019\/10\/14\/dirigente-do-flamengo-marcos-braz-detona-arbitragem-relembra-reclamacoes-do-palmeiras-e-manda-recado-para-o-presidente-do-santos\/#breadcrumb\"},\"inLanguage\":\"pt-BR\",\"potentialAction\":[{\"@type\":\"ReadAction\",\"target\":[\"https:\/\/www.gaveanews.com\/index.php\/2019\/10\/14\/dirigente-do-flamengo-marcos-braz-detona-arbitragem-relembra-reclamacoes-do-palmeiras-e-manda-recado-para-o-presidente-do-santos\/\"]}]},{\"@type\":\"ImageObject\",\"inLanguage\":\"pt-BR\",\"@id\":\"https:\/\/www.gaveanews.com\/index.php\/2019\/10\/14\/dirigente-do-flamengo-marcos-braz-detona-arbitragem-relembra-reclamacoes-do-palmeiras-e-manda-recado-para-o-presidente-do-santos\/#primaryimage\",\"url\":\"https:\/\/www.gaveanews.com\/wp-content\/uploads\/2019\/07\/Marcos-Braz-durante-coletiva-de-imprensa-no-Ninho-do-Urubu.webp\",\"contentUrl\":\"https:\/\/www.gaveanews.com\/wp-content\/uploads\/2019\/07\/Marcos-Braz-durante-coletiva-de-imprensa-no-Ninho-do-Urubu.webp\",\"width\":846,\"height\":563,\"caption\":\"Marcos Braz durante coletiva de imprensa no Ninho do Urubu (Foto: Alexandre Vidal\/Flamengo)\"},{\"@type\":\"BreadcrumbList\",\"@id\":\"https:\/\/www.gaveanews.com\/index.php\/2019\/10\/14\/dirigente-do-flamengo-marcos-braz-detona-arbitragem-relembra-reclamacoes-do-palmeiras-e-manda-recado-para-o-presidente-do-santos\/#breadcrumb\",\"itemListElement\":[{\"@type\":\"ListItem\",\"position\":1,\"name\":\"Home\",\"item\":\"https:\/\/www.gaveanews.com\/\"},{\"@type\":\"ListItem\",\"position\":2,\"name\":\"Dirigente do Flamengo, Marcos Braz detona arbitragem, relembra reclama\u00e7\u00f5es do Palmeiras e manda recado para o presidente do Santos\"}]},{\"@type\":\"WebSite\",\"@id\":\"https:\/\/www.gaveanews.com\/#website\",\"url\":\"https:\/\/www.gaveanews.com\/\",\"name\":\"G\u00e1vea News\",\"description\":\"Veja todas as not\u00edcias sobre o Flamengo: Contrata\u00e7\u00f5es, categorias de base, resultados das partidas, tabela de classifica\u00e7\u00e3o, pr\u00f3ximos jogos!\",\"potentialAction\":[{\"@type\":\"SearchAction\",\"target\":{\"@type\":\"EntryPoint\",\"urlTemplate\":\"https:\/\/www.gaveanews.com\/?s={search_term_string}\"},\"query-input\":{\"@type\":\"PropertyValueSpecification\",\"valueRequired\":true,\"valueName\":\"search_term_string\"}}],\"inLanguage\":\"pt-BR\"},{\"@type\":\"Person\",\"@id\":\"https:\/\/www.gaveanews.com\/#\/schema\/person\/2ec14f73fb96be2caf28f91afb14749d\",\"name\":\"Equipe G\u00e1vea News\",\"image\":{\"@type\":\"ImageObject\",\"inLanguage\":\"pt-BR\",\"@id\":\"https:\/\/www.gaveanews.com\/#\/schema\/person\/image\/\",\"url\":\"https:\/\/secure.gravatar.com\/avatar\/1e1956f1facbffd3f8fa53a326721950116b3b9dc9bd44939c01180fd4a745a9?s=96&d=mm&r=g\",\"contentUrl\":\"https:\/\/secure.gravatar.com\/avatar\/1e1956f1facbffd3f8fa53a326721950116b3b9dc9bd44939c01180fd4a745a9?s=96&d=mm&r=g\",\"caption\":\"Equipe G\u00e1vea News\"}}]}<\/script>\n<!-- \/ Yoast SEO Premium plugin. -->","yoast_head_json":{"title":"Dirigente do Flamengo, Marcos Braz detona arbitragem, relembra reclama\u00e7\u00f5es do Palmeiras e manda recado para o presidente do Santos","robots":{"index":"index","follow":"follow","max-snippet":"max-snippet:-1","max-image-preview":"max-image-preview:large","max-video-preview":"max-video-preview:-1"},"canonical":"https:\/\/www.gaveanews.com\/index.php\/2019\/10\/14\/dirigente-do-flamengo-marcos-braz-detona-arbitragem-relembra-reclamacoes-do-palmeiras-e-manda-recado-para-o-presidente-do-santos\/","og_locale":"pt_BR","og_type":"article","og_title":"Dirigente do Flamengo, Marcos Braz detona arbitragem, relembra reclama\u00e7\u00f5es do Palmeiras e manda recado para o presidente do Santos","og_description":"O vice-presidente do Flamengo Marcos Braz saiu da Arena da Baixada, em Curitiba, revoltado com a arbitragem mesmo ap\u00f3s a vit\u00f3ria do clube carioca contra o Athletico Paranaense por 2 a 0 no Campeonato Brasileiro. A reclama\u00e7\u00e3o \u00e9 sobre um lance no primeiro tempo que acabou tendo p\u00eanalti pol\u00eamico anulado ap\u00f3s revis\u00e3o do VAR. \u201cO [&hellip;]","og_url":"https:\/\/www.gaveanews.com\/index.php\/2019\/10\/14\/dirigente-do-flamengo-marcos-braz-detona-arbitragem-relembra-reclamacoes-do-palmeiras-e-manda-recado-para-o-presidente-do-santos\/","og_site_name":"G\u00e1vea News","article_publisher":"https:\/\/facebook.com\/gaveaNews\/","article_published_time":"2019-10-14T09:40:38+00:00","og_image":[{"width":846,"height":563,"url":"https:\/\/www.gaveanews.com\/wp-content\/uploads\/2019\/07\/Marcos-Braz-durante-coletiva-de-imprensa-no-Ninho-do-Urubu.webp","type":"image\/jpeg"}],"author":"Equipe G\u00e1vea News","twitter_card":"summary_large_image","twitter_misc":{"Escrito por":"Equipe G\u00e1vea News","Est. tempo de leitura":"2 minutos"},"schema":{"@context":"https:\/\/schema.org","@graph":[{"@type":"NewsArticle","@id":"https:\/\/www.gaveanews.com\/index.php\/2019\/10\/14\/dirigente-do-flamengo-marcos-braz-detona-arbitragem-relembra-reclamacoes-do-palmeiras-e-manda-recado-para-o-presidente-do-santos\/#article","isPartOf":{"@id":"https:\/\/www.gaveanews.com\/index.php\/2019\/10\/14\/dirigente-do-flamengo-marcos-braz-detona-arbitragem-relembra-reclamacoes-do-palmeiras-e-manda-recado-para-o-presidente-do-santos\/"},"author":{"name":"Equipe G\u00e1vea News","@id":"https:\/\/www.gaveanews.com\/#\/schema\/person\/2ec14f73fb96be2caf28f91afb14749d"},"headline":"Dirigente do Flamengo, Marcos Braz detona arbitragem, relembra reclama\u00e7\u00f5es do Palmeiras e manda recado para o presidente do Santos","datePublished":"2019-10-14T09:40:38+00:00","mainEntityOfPage":{"@id":"https:\/\/www.gaveanews.com\/index.php\/2019\/10\/14\/dirigente-do-flamengo-marcos-braz-detona-arbitragem-relembra-reclamacoes-do-palmeiras-e-manda-recado-para-o-presidente-do-santos\/"},"wordCount":335,"commentCount":0,"image":{"@id":"https:\/\/www.gaveanews.com\/index.php\/2019\/10\/14\/dirigente-do-flamengo-marcos-braz-detona-arbitragem-relembra-reclamacoes-do-palmeiras-e-manda-recado-para-o-presidente-do-santos\/#primaryimage"},"thumbnailUrl":"https:\/\/www.gaveanews.com\/wp-content\/uploads\/2019\/07\/Marcos-Braz-durante-coletiva-de-imprensa-no-Ninho-do-Urubu.webp","articleSection":["Destaques"],"inLanguage":"pt-BR","potentialAction":[{"@type":"CommentAction","name":"Comment","target":["https:\/\/www.gaveanews.com\/index.php\/2019\/10\/14\/dirigente-do-flamengo-marcos-braz-detona-arbitragem-relembra-reclamacoes-do-palmeiras-e-manda-recado-para-o-presidente-do-santos\/#respond"]}],"copyrightYear":"2019","copyrightHolder":{"@id":"https:\/\/www.gaveanews.com\/#organization"}},{"@type":"WebPage","@id":"https:\/\/www.gaveanews.com\/index.php\/2019\/10\/14\/dirigente-do-flamengo-marcos-braz-detona-arbitragem-relembra-reclamacoes-do-palmeiras-e-manda-recado-para-o-presidente-do-santos\/","url":"https:\/\/www.gaveanews.com\/index.php\/2019\/10\/14\/dirigente-do-flamengo-marcos-braz-detona-arbitragem-relembra-reclamacoes-do-palmeiras-e-manda-recado-para-o-presidente-do-santos\/","name":"Dirigente do Flamengo, Marcos Braz detona arbitragem, relembra reclama\u00e7\u00f5es do Palmeiras e manda recado para o presidente do Santos","isPartOf":{"@id":"https:\/\/www.gaveanews.com\/#website"},"primaryImageOfPage":{"@id":"https:\/\/www.gaveanews.com\/index.php\/2019\/10\/14\/dirigente-do-flamengo-marcos-braz-detona-arbitragem-relembra-reclamacoes-do-palmeiras-e-manda-recado-para-o-presidente-do-santos\/#primaryimage"},"image":{"@id":"https:\/\/www.gaveanews.com\/index.php\/2019\/10\/14\/dirigente-do-flamengo-marcos-braz-detona-arbitragem-relembra-reclamacoes-do-palmeiras-e-manda-recado-para-o-presidente-do-santos\/#primaryimage"},"thumbnailUrl":"https:\/\/www.gaveanews.com\/wp-content\/uploads\/2019\/07\/Marcos-Braz-durante-coletiva-de-imprensa-no-Ninho-do-Urubu.webp","datePublished":"2019-10-14T09:40:38+00:00","author":{"@id":"https:\/\/www.gaveanews.com\/#\/schema\/person\/2ec14f73fb96be2caf28f91afb14749d"},"breadcrumb":{"@id":"https:\/\/www.gaveanews.com\/index.php\/2019\/10\/14\/dirigente-do-flamengo-marcos-braz-detona-arbitragem-relembra-reclamacoes-do-palmeiras-e-manda-recado-para-o-presidente-do-santos\/#breadcrumb"},"inLanguage":"pt-BR","potentialAction":[{"@type":"ReadAction","target":["https:\/\/www.gaveanews.com\/index.php\/2019\/10\/14\/dirigente-do-flamengo-marcos-braz-detona-arbitragem-relembra-reclamacoes-do-palmeiras-e-manda-recado-para-o-presidente-do-santos\/"]}]},{"@type":"ImageObject","inLanguage":"pt-BR","@id":"https:\/\/www.gaveanews.com\/index.php\/2019\/10\/14\/dirigente-do-flamengo-marcos-braz-detona-arbitragem-relembra-reclamacoes-do-palmeiras-e-manda-recado-para-o-presidente-do-santos\/#primaryimage","url":"https:\/\/www.gaveanews.com\/wp-content\/uploads\/2019\/07\/Marcos-Braz-durante-coletiva-de-imprensa-no-Ninho-do-Urubu.webp","contentUrl":"https:\/\/www.gaveanews.com\/wp-content\/uploads\/2019\/07\/Marcos-Braz-durante-coletiva-de-imprensa-no-Ninho-do-Urubu.webp","width":846,"height":563,"caption":"Marcos Braz durante coletiva de imprensa no Ninho do Urubu (Foto: Alexandre Vidal\/Flamengo)"},{"@type":"BreadcrumbList","@id":"https:\/\/www.gaveanews.com\/index.php\/2019\/10\/14\/dirigente-do-flamengo-marcos-braz-detona-arbitragem-relembra-reclamacoes-do-palmeiras-e-manda-recado-para-o-presidente-do-santos\/#breadcrumb","itemListElement":[{"@type":"ListItem","position":1,"name":"Home","item":"https:\/\/www.gaveanews.com\/"},{"@type":"ListItem","position":2,"name":"Dirigente do Flamengo, Marcos Braz detona arbitragem, relembra reclama\u00e7\u00f5es do Palmeiras e manda recado para o presidente do Santos"}]},{"@type":"WebSite","@id":"https:\/\/www.gaveanews.com\/#website","url":"https:\/\/www.gaveanews.com\/","name":"G\u00e1vea News","description":"Veja todas as not\u00edcias sobre o Flamengo: Contrata\u00e7\u00f5es, categorias de base, resultados das partidas, tabela de classifica\u00e7\u00e3o, pr\u00f3ximos jogos!","potentialAction":[{"@type":"SearchAction","target":{"@type":"EntryPoint","urlTemplate":"https:\/\/www.gaveanews.com\/?s={search_term_string}"},"query-input":{"@type":"PropertyValueSpecification","valueRequired":true,"valueName":"search_term_string"}}],"inLanguage":"pt-BR"},{"@type":"Person","@id":"https:\/\/www.gaveanews.com\/#\/schema\/person\/2ec14f73fb96be2caf28f91afb14749d","name":"Equipe G\u00e1vea News","image":{"@type":"ImageObject","inLanguage":"pt-BR","@id":"https:\/\/www.gaveanews.com\/#\/schema\/person\/image\/","url":"https:\/\/secure.gravatar.com\/avatar\/1e1956f1facbffd3f8fa53a326721950116b3b9dc9bd44939c01180fd4a745a9?s=96&d=mm&r=g","contentUrl":"https:\/\/secure.gravatar.com\/avatar\/1e1956f1facbffd3f8fa53a326721950116b3b9dc9bd44939c01180fd4a745a9?s=96&d=mm&r=g","caption":"Equipe G\u00e1vea News"}}]}},"_links":{"self":[{"href":"https:\/\/www.gaveanews.com\/index.php\/wp-json\/wp\/v2\/posts\/30049","targetHints":{"allow":["GET"]}}],"collection":[{"href":"https:\/\/www.gaveanews.com\/index.php\/wp-json\/wp\/v2\/posts"}],"about":[{"href":"https:\/\/www.gaveanews.com\/index.php\/wp-json\/wp\/v2\/types\/post"}],"author":[{"embeddable":true,"href":"https:\/\/www.gaveanews.com\/index.php\/wp-json\/wp\/v2\/users\/1"}],"replies":[{"embeddable":true,"href":"https:\/\/www.gaveanews.com\/index.php\/wp-json\/wp\/v2\/comments?post=30049"}],"version-history":[{"count":0,"href":"https:\/\/www.gaveanews.com\/index.php\/wp-json\/wp\/v2\/posts\/30049\/revisions"}],"wp:featuredmedia":[{"embeddable":true,"href":"https:\/\/www.gaveanews.com\/index.php\/wp-json\/wp\/v2\/media\/23694"}],"wp:attachment":[{"href":"https:\/\/www.gaveanews.com\/index.php\/wp-json\/wp\/v2\/media?parent=30049"}],"wp:term":[{"taxonomy":"category","embeddable":true,"href":"https:\/\/www.gaveanews.com\/index.php\/wp-json\/wp\/v2\/categories?post=30049"},{"taxonomy":"post_tag","embeddable":true,"href":"https:\/\/www.gaveanews.com\/index.php\/wp-json\/wp\/v2\/tags?post=30049"}],"curies":[{"name":"wp","href":"https:\/\/api.w.org\/{rel}","templated":true}]}}