{"id":30118,"date":"2019-10-14T16:50:27","date_gmt":"2019-10-14T19:50:27","guid":{"rendered":"http:\/\/www.gaveanews.com\/?p=30118"},"modified":"2019-10-14T16:50:28","modified_gmt":"2019-10-14T19:50:28","slug":"comentarista-questiona-escolhas-da-cbf-ha-necessidade-de-escalar-um-quarteto-paulista-para-jogo-do-flamengo","status":"publish","type":"post","link":"https:\/\/www.gaveanews.com\/index.php\/2019\/10\/14\/comentarista-questiona-escolhas-da-cbf-ha-necessidade-de-escalar-um-quarteto-paulista-para-jogo-do-flamengo\/","title":{"rendered":"Comentarista questiona escolhas da CBF: \u201cH\u00e1 necessidade de escalar um quarteto paulista para jogo do Flamengo?\u201d"},"content":{"rendered":"\n<p>No FOX Sports R\u00e1dio desta segunda-feira (14), o comentarista Mano falou sobre o quarteto (Rodrigo Guarizo Ferreira do Amaral, Marcio Henrique de Gois, Alex Ang Ribeiro e Ednilson Corona) que atuou no VAR durante a partida que o Flamengo venceu por 2 a 0 o Athletico Paranaense. Houve um p\u00eanalti anulado com o aux\u00edlio do \u00e1rbitro de v\u00eddeo.<\/p>\n\n\n\n<p>O arbitro do jogo, Braulio da Silva Machado, havia assinalado p\u00eanalti para o Flamengo e, ap\u00f3s se chamado pela cabine do VAR, o juiz anulou a marca\u00e7\u00e3o que tinha sido feita. Houve uma grande reclama\u00e7\u00e3o da diretoria do Rubro-Negro em rela\u00e7\u00e3o \u00e0 m\u00e1 atua\u00e7\u00e3o da arbitragem na partida.<\/p>\n\n\n\n<p>\u201cOntem, o quarteto que estava no VAR, no jogo do Flamengo era todo de S\u00e3o Paulo, todos eram paulistas. H\u00e1 necessidade da CBF escalar um quarteto paulista pro VAR? Querendo ou n\u00e3o, isso se chama conflito de interesses. \u00c9 aquele tipo de lance, por exemplo, por mais que o quarteto da arbitragem que estivesse em campo fosse de Santa Catarina, o quarteto que est\u00e1 na retaguarda do VAR era de S\u00e3o Paulo.<\/p>\n\n\n\n<p>Os dois outros colocados ali, fora o Flamengo que \u00e9 o l\u00edder, o segundo e terceiro colocado s\u00e3o paulistas, o Corinthians e o S\u00e3o Paulo tamb\u00e9m. Ent\u00e3o, \u00e9 uma tese que vale a pena. Pode ser que os caras, obviamente que eu n\u00e3o estou questionando o car\u00e1ter deles, mas \u00e9 aquele tipo de lance que gera pol\u00eamica e sempre v\u00e3o insinuar coisas. <\/p>\n\n\n\n<p>Cabe \u00e0 CBF ter um pouco mais de zelo e cautela e n\u00e3o fazer com que essa agenda de \u00e1rbitros seja conflitante com os interesses. Quando voc\u00ea j\u00e1 tem n\u00edvel t\u00e9cnico que arbitragem muito abaixo do esperado e voc\u00ea ainda enche com pol\u00eamicas, \u00e9 necess\u00e1rio.\u201d<\/p>\n\n\n\n<p>Retirado de: Torcedores<\/p>\n\n\n","protected":false},"excerpt":{"rendered":"<p>No FOX Sports R\u00e1dio desta segunda-feira (14), o comentarista Mano falou sobre o quarteto (Rodrigo Guarizo Ferreira do Amaral, Marcio Henrique de Gois, Alex Ang Ribeiro e Ednilson Corona) que atuou no VAR durante a partida que o Flamengo venceu por 2 a 0 o Athletico Paranaense. Houve um p\u00eanalti anulado com o aux\u00edlio do [&hellip;]<\/p>\n","protected":false},"author":1,"featured_media":16271,"comment_status":"open","ping_status":"open","sticky":false,"template":"","format":"standard","meta":{"footnotes":""},"categories":[1],"tags":[],"class_list":["post-30118","post","type-post","status-publish","format-standard","has-post-thumbnail","hentry","category-flamengo"],"yoast_head":"<!-- This site is optimized with the Yoast SEO Premium plugin v24.2 (Yoast SEO v26.9) - https:\/\/yoast.com\/product\/yoast-seo-premium-wordpress\/ -->\n<title>Comentarista questiona escolhas da CBF: \u201cH\u00e1 necessidade de escalar um quarteto paulista para jogo do Flamengo?\u201d<\/title>\n<meta name=\"robots\" content=\"index, follow, max-snippet:-1, max-image-preview:large, max-video-preview:-1\" \/>\n<link rel=\"canonical\" href=\"https:\/\/www.gaveanews.com\/index.php\/2019\/10\/14\/comentarista-questiona-escolhas-da-cbf-ha-necessidade-de-escalar-um-quarteto-paulista-para-jogo-do-flamengo\/\" \/>\n<meta property=\"og:locale\" content=\"pt_BR\" \/>\n<meta property=\"og:type\" content=\"article\" \/>\n<meta property=\"og:title\" content=\"Comentarista questiona escolhas da CBF: \u201cH\u00e1 necessidade de escalar um quarteto paulista para jogo do Flamengo?\u201d\" \/>\n<meta property=\"og:description\" content=\"No FOX Sports R\u00e1dio desta segunda-feira (14), o comentarista Mano falou sobre o quarteto (Rodrigo Guarizo Ferreira do Amaral, Marcio Henrique de Gois, Alex Ang Ribeiro e Ednilson Corona) que atuou no VAR durante a partida que o Flamengo venceu por 2 a 0 o Athletico Paranaense. Houve um p\u00eanalti anulado com o aux\u00edlio do [&hellip;]\" \/>\n<meta property=\"og:url\" content=\"https:\/\/www.gaveanews.com\/index.php\/2019\/10\/14\/comentarista-questiona-escolhas-da-cbf-ha-necessidade-de-escalar-um-quarteto-paulista-para-jogo-do-flamengo\/\" \/>\n<meta property=\"og:site_name\" content=\"G\u00e1vea News\" \/>\n<meta property=\"article:publisher\" content=\"https:\/\/facebook.com\/gaveaNews\/\" \/>\n<meta property=\"article:published_time\" content=\"2019-10-14T19:50:27+00:00\" \/>\n<meta property=\"article:modified_time\" content=\"2019-10-14T19:50:28+00:00\" \/>\n<meta property=\"og:image\" content=\"https:\/\/www.gaveanews.com\/wp-content\/uploads\/2019\/02\/Sede-da-CBF-no-Rio-de-Janeiro.webp\" \/>\n\t<meta property=\"og:image:width\" content=\"690\" \/>\n\t<meta property=\"og:image:height\" content=\"518\" \/>\n\t<meta property=\"og:image:type\" content=\"image\/jpeg\" \/>\n<meta name=\"author\" content=\"Equipe G\u00e1vea News\" \/>\n<meta name=\"twitter:card\" content=\"summary_large_image\" \/>\n<meta name=\"twitter:label1\" content=\"Escrito por\" \/>\n\t<meta name=\"twitter:data1\" content=\"Equipe G\u00e1vea News\" \/>\n\t<meta name=\"twitter:label2\" content=\"Est. tempo de leitura\" \/>\n\t<meta name=\"twitter:data2\" content=\"2 minutos\" \/>\n<script type=\"application\/ld+json\" class=\"yoast-schema-graph\">{\"@context\":\"https:\/\/schema.org\",\"@graph\":[{\"@type\":\"NewsArticle\",\"@id\":\"https:\/\/www.gaveanews.com\/index.php\/2019\/10\/14\/comentarista-questiona-escolhas-da-cbf-ha-necessidade-de-escalar-um-quarteto-paulista-para-jogo-do-flamengo\/#article\",\"isPartOf\":{\"@id\":\"https:\/\/www.gaveanews.com\/index.php\/2019\/10\/14\/comentarista-questiona-escolhas-da-cbf-ha-necessidade-de-escalar-um-quarteto-paulista-para-jogo-do-flamengo\/\"},\"author\":{\"name\":\"Equipe G\u00e1vea News\",\"@id\":\"https:\/\/www.gaveanews.com\/#\/schema\/person\/2ec14f73fb96be2caf28f91afb14749d\"},\"headline\":\"Comentarista questiona escolhas da CBF: \u201cH\u00e1 necessidade de escalar um quarteto paulista para jogo do Flamengo?\u201d\",\"datePublished\":\"2019-10-14T19:50:27+00:00\",\"dateModified\":\"2019-10-14T19:50:28+00:00\",\"mainEntityOfPage\":{\"@id\":\"https:\/\/www.gaveanews.com\/index.php\/2019\/10\/14\/comentarista-questiona-escolhas-da-cbf-ha-necessidade-de-escalar-um-quarteto-paulista-para-jogo-do-flamengo\/\"},\"wordCount\":321,\"commentCount\":0,\"image\":{\"@id\":\"https:\/\/www.gaveanews.com\/index.php\/2019\/10\/14\/comentarista-questiona-escolhas-da-cbf-ha-necessidade-de-escalar-um-quarteto-paulista-para-jogo-do-flamengo\/#primaryimage\"},\"thumbnailUrl\":\"https:\/\/www.gaveanews.com\/wp-content\/uploads\/2019\/02\/Sede-da-CBF-no-Rio-de-Janeiro.webp\",\"articleSection\":[\"Flamengo\"],\"inLanguage\":\"pt-BR\",\"potentialAction\":[{\"@type\":\"CommentAction\",\"name\":\"Comment\",\"target\":[\"https:\/\/www.gaveanews.com\/index.php\/2019\/10\/14\/comentarista-questiona-escolhas-da-cbf-ha-necessidade-de-escalar-um-quarteto-paulista-para-jogo-do-flamengo\/#respond\"]}],\"copyrightYear\":\"2019\",\"copyrightHolder\":{\"@id\":\"https:\/\/www.gaveanews.com\/#organization\"}},{\"@type\":\"WebPage\",\"@id\":\"https:\/\/www.gaveanews.com\/index.php\/2019\/10\/14\/comentarista-questiona-escolhas-da-cbf-ha-necessidade-de-escalar-um-quarteto-paulista-para-jogo-do-flamengo\/\",\"url\":\"https:\/\/www.gaveanews.com\/index.php\/2019\/10\/14\/comentarista-questiona-escolhas-da-cbf-ha-necessidade-de-escalar-um-quarteto-paulista-para-jogo-do-flamengo\/\",\"name\":\"Comentarista questiona escolhas da CBF: \u201cH\u00e1 necessidade de escalar um quarteto paulista para jogo do Flamengo?\u201d\",\"isPartOf\":{\"@id\":\"https:\/\/www.gaveanews.com\/#website\"},\"primaryImageOfPage\":{\"@id\":\"https:\/\/www.gaveanews.com\/index.php\/2019\/10\/14\/comentarista-questiona-escolhas-da-cbf-ha-necessidade-de-escalar-um-quarteto-paulista-para-jogo-do-flamengo\/#primaryimage\"},\"image\":{\"@id\":\"https:\/\/www.gaveanews.com\/index.php\/2019\/10\/14\/comentarista-questiona-escolhas-da-cbf-ha-necessidade-de-escalar-um-quarteto-paulista-para-jogo-do-flamengo\/#primaryimage\"},\"thumbnailUrl\":\"https:\/\/www.gaveanews.com\/wp-content\/uploads\/2019\/02\/Sede-da-CBF-no-Rio-de-Janeiro.webp\",\"datePublished\":\"2019-10-14T19:50:27+00:00\",\"dateModified\":\"2019-10-14T19:50:28+00:00\",\"author\":{\"@id\":\"https:\/\/www.gaveanews.com\/#\/schema\/person\/2ec14f73fb96be2caf28f91afb14749d\"},\"breadcrumb\":{\"@id\":\"https:\/\/www.gaveanews.com\/index.php\/2019\/10\/14\/comentarista-questiona-escolhas-da-cbf-ha-necessidade-de-escalar-um-quarteto-paulista-para-jogo-do-flamengo\/#breadcrumb\"},\"inLanguage\":\"pt-BR\",\"potentialAction\":[{\"@type\":\"ReadAction\",\"target\":[\"https:\/\/www.gaveanews.com\/index.php\/2019\/10\/14\/comentarista-questiona-escolhas-da-cbf-ha-necessidade-de-escalar-um-quarteto-paulista-para-jogo-do-flamengo\/\"]}]},{\"@type\":\"ImageObject\",\"inLanguage\":\"pt-BR\",\"@id\":\"https:\/\/www.gaveanews.com\/index.php\/2019\/10\/14\/comentarista-questiona-escolhas-da-cbf-ha-necessidade-de-escalar-um-quarteto-paulista-para-jogo-do-flamengo\/#primaryimage\",\"url\":\"https:\/\/www.gaveanews.com\/wp-content\/uploads\/2019\/02\/Sede-da-CBF-no-Rio-de-Janeiro.webp\",\"contentUrl\":\"https:\/\/www.gaveanews.com\/wp-content\/uploads\/2019\/02\/Sede-da-CBF-no-Rio-de-Janeiro.webp\",\"width\":690,\"height\":518,\"caption\":\"Sede da CBF no Rio de Janeiro (Foto: Cah\u00ea Mota\/Globo Esporte)\"},{\"@type\":\"BreadcrumbList\",\"@id\":\"https:\/\/www.gaveanews.com\/index.php\/2019\/10\/14\/comentarista-questiona-escolhas-da-cbf-ha-necessidade-de-escalar-um-quarteto-paulista-para-jogo-do-flamengo\/#breadcrumb\",\"itemListElement\":[{\"@type\":\"ListItem\",\"position\":1,\"name\":\"Home\",\"item\":\"https:\/\/www.gaveanews.com\/\"},{\"@type\":\"ListItem\",\"position\":2,\"name\":\"Comentarista questiona escolhas da CBF: \u201cH\u00e1 necessidade de escalar um quarteto paulista para jogo do Flamengo?\u201d\"}]},{\"@type\":\"WebSite\",\"@id\":\"https:\/\/www.gaveanews.com\/#website\",\"url\":\"https:\/\/www.gaveanews.com\/\",\"name\":\"G\u00e1vea News\",\"description\":\"Veja todas as not\u00edcias sobre o Flamengo: Contrata\u00e7\u00f5es, categorias de base, resultados das partidas, tabela de classifica\u00e7\u00e3o, pr\u00f3ximos jogos!\",\"potentialAction\":[{\"@type\":\"SearchAction\",\"target\":{\"@type\":\"EntryPoint\",\"urlTemplate\":\"https:\/\/www.gaveanews.com\/?s={search_term_string}\"},\"query-input\":{\"@type\":\"PropertyValueSpecification\",\"valueRequired\":true,\"valueName\":\"search_term_string\"}}],\"inLanguage\":\"pt-BR\"},{\"@type\":\"Person\",\"@id\":\"https:\/\/www.gaveanews.com\/#\/schema\/person\/2ec14f73fb96be2caf28f91afb14749d\",\"name\":\"Equipe G\u00e1vea News\",\"image\":{\"@type\":\"ImageObject\",\"inLanguage\":\"pt-BR\",\"@id\":\"https:\/\/www.gaveanews.com\/#\/schema\/person\/image\/\",\"url\":\"https:\/\/secure.gravatar.com\/avatar\/1e1956f1facbffd3f8fa53a326721950116b3b9dc9bd44939c01180fd4a745a9?s=96&d=mm&r=g\",\"contentUrl\":\"https:\/\/secure.gravatar.com\/avatar\/1e1956f1facbffd3f8fa53a326721950116b3b9dc9bd44939c01180fd4a745a9?s=96&d=mm&r=g\",\"caption\":\"Equipe G\u00e1vea News\"}}]}<\/script>\n<!-- \/ Yoast SEO Premium plugin. -->","yoast_head_json":{"title":"Comentarista questiona escolhas da CBF: \u201cH\u00e1 necessidade de escalar um quarteto paulista para jogo do Flamengo?\u201d","robots":{"index":"index","follow":"follow","max-snippet":"max-snippet:-1","max-image-preview":"max-image-preview:large","max-video-preview":"max-video-preview:-1"},"canonical":"https:\/\/www.gaveanews.com\/index.php\/2019\/10\/14\/comentarista-questiona-escolhas-da-cbf-ha-necessidade-de-escalar-um-quarteto-paulista-para-jogo-do-flamengo\/","og_locale":"pt_BR","og_type":"article","og_title":"Comentarista questiona escolhas da CBF: \u201cH\u00e1 necessidade de escalar um quarteto paulista para jogo do Flamengo?\u201d","og_description":"No FOX Sports R\u00e1dio desta segunda-feira (14), o comentarista Mano falou sobre o quarteto (Rodrigo Guarizo Ferreira do Amaral, Marcio Henrique de Gois, Alex Ang Ribeiro e Ednilson Corona) que atuou no VAR durante a partida que o Flamengo venceu por 2 a 0 o Athletico Paranaense. Houve um p\u00eanalti anulado com o aux\u00edlio do [&hellip;]","og_url":"https:\/\/www.gaveanews.com\/index.php\/2019\/10\/14\/comentarista-questiona-escolhas-da-cbf-ha-necessidade-de-escalar-um-quarteto-paulista-para-jogo-do-flamengo\/","og_site_name":"G\u00e1vea News","article_publisher":"https:\/\/facebook.com\/gaveaNews\/","article_published_time":"2019-10-14T19:50:27+00:00","article_modified_time":"2019-10-14T19:50:28+00:00","og_image":[{"width":690,"height":518,"url":"https:\/\/www.gaveanews.com\/wp-content\/uploads\/2019\/02\/Sede-da-CBF-no-Rio-de-Janeiro.webp","type":"image\/jpeg"}],"author":"Equipe G\u00e1vea News","twitter_card":"summary_large_image","twitter_misc":{"Escrito por":"Equipe G\u00e1vea News","Est. tempo de leitura":"2 minutos"},"schema":{"@context":"https:\/\/schema.org","@graph":[{"@type":"NewsArticle","@id":"https:\/\/www.gaveanews.com\/index.php\/2019\/10\/14\/comentarista-questiona-escolhas-da-cbf-ha-necessidade-de-escalar-um-quarteto-paulista-para-jogo-do-flamengo\/#article","isPartOf":{"@id":"https:\/\/www.gaveanews.com\/index.php\/2019\/10\/14\/comentarista-questiona-escolhas-da-cbf-ha-necessidade-de-escalar-um-quarteto-paulista-para-jogo-do-flamengo\/"},"author":{"name":"Equipe G\u00e1vea News","@id":"https:\/\/www.gaveanews.com\/#\/schema\/person\/2ec14f73fb96be2caf28f91afb14749d"},"headline":"Comentarista questiona escolhas da CBF: \u201cH\u00e1 necessidade de escalar um quarteto paulista para jogo do Flamengo?\u201d","datePublished":"2019-10-14T19:50:27+00:00","dateModified":"2019-10-14T19:50:28+00:00","mainEntityOfPage":{"@id":"https:\/\/www.gaveanews.com\/index.php\/2019\/10\/14\/comentarista-questiona-escolhas-da-cbf-ha-necessidade-de-escalar-um-quarteto-paulista-para-jogo-do-flamengo\/"},"wordCount":321,"commentCount":0,"image":{"@id":"https:\/\/www.gaveanews.com\/index.php\/2019\/10\/14\/comentarista-questiona-escolhas-da-cbf-ha-necessidade-de-escalar-um-quarteto-paulista-para-jogo-do-flamengo\/#primaryimage"},"thumbnailUrl":"https:\/\/www.gaveanews.com\/wp-content\/uploads\/2019\/02\/Sede-da-CBF-no-Rio-de-Janeiro.webp","articleSection":["Flamengo"],"inLanguage":"pt-BR","potentialAction":[{"@type":"CommentAction","name":"Comment","target":["https:\/\/www.gaveanews.com\/index.php\/2019\/10\/14\/comentarista-questiona-escolhas-da-cbf-ha-necessidade-de-escalar-um-quarteto-paulista-para-jogo-do-flamengo\/#respond"]}],"copyrightYear":"2019","copyrightHolder":{"@id":"https:\/\/www.gaveanews.com\/#organization"}},{"@type":"WebPage","@id":"https:\/\/www.gaveanews.com\/index.php\/2019\/10\/14\/comentarista-questiona-escolhas-da-cbf-ha-necessidade-de-escalar-um-quarteto-paulista-para-jogo-do-flamengo\/","url":"https:\/\/www.gaveanews.com\/index.php\/2019\/10\/14\/comentarista-questiona-escolhas-da-cbf-ha-necessidade-de-escalar-um-quarteto-paulista-para-jogo-do-flamengo\/","name":"Comentarista questiona escolhas da CBF: \u201cH\u00e1 necessidade de escalar um quarteto paulista para jogo do Flamengo?\u201d","isPartOf":{"@id":"https:\/\/www.gaveanews.com\/#website"},"primaryImageOfPage":{"@id":"https:\/\/www.gaveanews.com\/index.php\/2019\/10\/14\/comentarista-questiona-escolhas-da-cbf-ha-necessidade-de-escalar-um-quarteto-paulista-para-jogo-do-flamengo\/#primaryimage"},"image":{"@id":"https:\/\/www.gaveanews.com\/index.php\/2019\/10\/14\/comentarista-questiona-escolhas-da-cbf-ha-necessidade-de-escalar-um-quarteto-paulista-para-jogo-do-flamengo\/#primaryimage"},"thumbnailUrl":"https:\/\/www.gaveanews.com\/wp-content\/uploads\/2019\/02\/Sede-da-CBF-no-Rio-de-Janeiro.webp","datePublished":"2019-10-14T19:50:27+00:00","dateModified":"2019-10-14T19:50:28+00:00","author":{"@id":"https:\/\/www.gaveanews.com\/#\/schema\/person\/2ec14f73fb96be2caf28f91afb14749d"},"breadcrumb":{"@id":"https:\/\/www.gaveanews.com\/index.php\/2019\/10\/14\/comentarista-questiona-escolhas-da-cbf-ha-necessidade-de-escalar-um-quarteto-paulista-para-jogo-do-flamengo\/#breadcrumb"},"inLanguage":"pt-BR","potentialAction":[{"@type":"ReadAction","target":["https:\/\/www.gaveanews.com\/index.php\/2019\/10\/14\/comentarista-questiona-escolhas-da-cbf-ha-necessidade-de-escalar-um-quarteto-paulista-para-jogo-do-flamengo\/"]}]},{"@type":"ImageObject","inLanguage":"pt-BR","@id":"https:\/\/www.gaveanews.com\/index.php\/2019\/10\/14\/comentarista-questiona-escolhas-da-cbf-ha-necessidade-de-escalar-um-quarteto-paulista-para-jogo-do-flamengo\/#primaryimage","url":"https:\/\/www.gaveanews.com\/wp-content\/uploads\/2019\/02\/Sede-da-CBF-no-Rio-de-Janeiro.webp","contentUrl":"https:\/\/www.gaveanews.com\/wp-content\/uploads\/2019\/02\/Sede-da-CBF-no-Rio-de-Janeiro.webp","width":690,"height":518,"caption":"Sede da CBF no Rio de Janeiro (Foto: Cah\u00ea Mota\/Globo Esporte)"},{"@type":"BreadcrumbList","@id":"https:\/\/www.gaveanews.com\/index.php\/2019\/10\/14\/comentarista-questiona-escolhas-da-cbf-ha-necessidade-de-escalar-um-quarteto-paulista-para-jogo-do-flamengo\/#breadcrumb","itemListElement":[{"@type":"ListItem","position":1,"name":"Home","item":"https:\/\/www.gaveanews.com\/"},{"@type":"ListItem","position":2,"name":"Comentarista questiona escolhas da CBF: \u201cH\u00e1 necessidade de escalar um quarteto paulista para jogo do Flamengo?\u201d"}]},{"@type":"WebSite","@id":"https:\/\/www.gaveanews.com\/#website","url":"https:\/\/www.gaveanews.com\/","name":"G\u00e1vea News","description":"Veja todas as not\u00edcias sobre o Flamengo: Contrata\u00e7\u00f5es, categorias de base, resultados das partidas, tabela de classifica\u00e7\u00e3o, pr\u00f3ximos jogos!","potentialAction":[{"@type":"SearchAction","target":{"@type":"EntryPoint","urlTemplate":"https:\/\/www.gaveanews.com\/?s={search_term_string}"},"query-input":{"@type":"PropertyValueSpecification","valueRequired":true,"valueName":"search_term_string"}}],"inLanguage":"pt-BR"},{"@type":"Person","@id":"https:\/\/www.gaveanews.com\/#\/schema\/person\/2ec14f73fb96be2caf28f91afb14749d","name":"Equipe G\u00e1vea News","image":{"@type":"ImageObject","inLanguage":"pt-BR","@id":"https:\/\/www.gaveanews.com\/#\/schema\/person\/image\/","url":"https:\/\/secure.gravatar.com\/avatar\/1e1956f1facbffd3f8fa53a326721950116b3b9dc9bd44939c01180fd4a745a9?s=96&d=mm&r=g","contentUrl":"https:\/\/secure.gravatar.com\/avatar\/1e1956f1facbffd3f8fa53a326721950116b3b9dc9bd44939c01180fd4a745a9?s=96&d=mm&r=g","caption":"Equipe G\u00e1vea News"}}]}},"_links":{"self":[{"href":"https:\/\/www.gaveanews.com\/index.php\/wp-json\/wp\/v2\/posts\/30118","targetHints":{"allow":["GET"]}}],"collection":[{"href":"https:\/\/www.gaveanews.com\/index.php\/wp-json\/wp\/v2\/posts"}],"about":[{"href":"https:\/\/www.gaveanews.com\/index.php\/wp-json\/wp\/v2\/types\/post"}],"author":[{"embeddable":true,"href":"https:\/\/www.gaveanews.com\/index.php\/wp-json\/wp\/v2\/users\/1"}],"replies":[{"embeddable":true,"href":"https:\/\/www.gaveanews.com\/index.php\/wp-json\/wp\/v2\/comments?post=30118"}],"version-history":[{"count":0,"href":"https:\/\/www.gaveanews.com\/index.php\/wp-json\/wp\/v2\/posts\/30118\/revisions"}],"wp:featuredmedia":[{"embeddable":true,"href":"https:\/\/www.gaveanews.com\/index.php\/wp-json\/wp\/v2\/media\/16271"}],"wp:attachment":[{"href":"https:\/\/www.gaveanews.com\/index.php\/wp-json\/wp\/v2\/media?parent=30118"}],"wp:term":[{"taxonomy":"category","embeddable":true,"href":"https:\/\/www.gaveanews.com\/index.php\/wp-json\/wp\/v2\/categories?post=30118"},{"taxonomy":"post_tag","embeddable":true,"href":"https:\/\/www.gaveanews.com\/index.php\/wp-json\/wp\/v2\/tags?post=30118"}],"curies":[{"name":"wp","href":"https:\/\/api.w.org\/{rel}","templated":true}]}}