{"id":30687,"date":"2019-10-22T16:54:18","date_gmt":"2019-10-22T19:54:18","guid":{"rendered":"http:\/\/www.gaveanews.com\/?p=30687"},"modified":"2019-10-22T16:54:19","modified_gmt":"2019-10-22T19:54:19","slug":"administracao-maracana-emite-nota-para-desmentir-boatos-que-circulavam-nas-redes-sociais","status":"publish","type":"post","link":"https:\/\/www.gaveanews.com\/index.php\/2019\/10\/22\/administracao-maracana-emite-nota-para-desmentir-boatos-que-circulavam-nas-redes-sociais\/","title":{"rendered":"Administra\u00e7\u00e3o Maracan\u00e3 emite nota para desmentir boatos que circulavam nas redes sociais"},"content":{"rendered":"\n<p>A administra\u00e7\u00e3o do Maracan\u00e3 informou na tarde desta ter\u00e7a-feira que \u00e9 mentira o boato de que torcedores que foram ao Fla-Flu do \u00faltimo domingo tenham ficado escondidos dentro do est\u00e1dio para o Flamengo x Gr\u00eamio da semifinal da Libertadores.<\/p>\n\n\n\n<p>Ao longo do dia, come\u00e7aram a circular em redes sociais prints de supostas postagens de pessoas de dentro do est\u00e1dio vazio, inclusive de noite. Mas na verdade se tratam de montagens sobre fotos publicadas pelo portal <em>Globo Esporte<\/em> do jogo Flamengo x Santa F\u00e9 na Libertadores do ano passado, realizado com port\u00f5es fechados por causa de uma puni\u00e7\u00e3o da Conmebol.<\/p>\n\n\n\n<h3 class=\"wp-block-heading\"><strong>Confira abaixo algumas publica\u00e7\u00f5es fakes:<\/strong><\/h3>\n\n\n\n<figure class=\"wp-block-image\"><img decoding=\"async\" src=\"https:\/\/s2.glbimg.com\/b7odUx0Su39kHUDdjr12_5qguoU=\/0x0:720x1216\/1000x0\/smart\/filters:strip_icc()\/i.s3.glbimg.com\/v1\/AUTH_bc8228b6673f488aa253bbcb03c80ec5\/internal_photos\/bs\/2019\/m\/B\/A5j4IaTB6TqCw4gVXv3Q\/x3.webp\" alt=\"\"\/><\/figure>\n\n\n\n<figure class=\"wp-block-image\"><img decoding=\"async\" src=\"https:\/\/s2.glbimg.com\/JGcIn-k9yh6agrrtaveVA3aHyn8=\/0x73:720x876\/1600x0\/smart\/filters:strip_icc()\/i.s3.glbimg.com\/v1\/AUTH_bc8228b6673f488aa253bbcb03c80ec5\/internal_photos\/bs\/2019\/b\/x\/PftUOSQSqML42NVKTz1w\/x2.webp\" alt=\"\"\/><\/figure>\n\n\n\n<figure class=\"wp-block-image\"><img decoding=\"async\" src=\"https:\/\/s2.glbimg.com\/vpILGDhIcUXbYbWl3IaToIGv4-s=\/0x114:720x983\/1000x0\/smart\/filters:strip_icc()\/i.s3.glbimg.com\/v1\/AUTH_bc8228b6673f488aa253bbcb03c80ec5\/internal_photos\/bs\/2019\/Q\/n\/fCub7oQDaBwgorp6uOfQ\/x1.webp\" alt=\"\"\/><\/figure>\n\n\n\n<h3 class=\"wp-block-heading\"><strong>Veja o comunicado do Maracan\u00e3:<\/strong><\/h3>\n\n\n\n<p><em>&#8220;Domingo (20\/10), logo ap\u00f3s o Fla-Flu, todas as depend\u00eancias do Maracan\u00e3 foram vistoriadas j\u00e1 visando o esquema de opera\u00e7\u00f5es montado para a partida desta quarta (23\/10) entre Flamengo x Gr\u00eamio, v\u00e1lida pelas semifinais da Ta\u00e7a Libertadores. Os relatos e imagens de torcedores supostamente dentro do est\u00e1dio s\u00e3o falsos&#8221;.<\/em><\/p>\n","protected":false},"excerpt":{"rendered":"<p>A administra\u00e7\u00e3o do Maracan\u00e3 informou na tarde desta ter\u00e7a-feira que \u00e9 mentira o boato de que torcedores que foram ao Fla-Flu do \u00faltimo domingo tenham ficado escondidos dentro do est\u00e1dio para o Flamengo x Gr\u00eamio da semifinal da Libertadores. Ao longo do dia, come\u00e7aram a circular em redes sociais prints de supostas postagens de pessoas [&hellip;]<\/p>\n","protected":false},"author":1,"featured_media":15081,"comment_status":"open","ping_status":"open","sticky":false,"template":"","format":"standard","meta":{"footnotes":""},"categories":[1],"tags":[],"class_list":["post-30687","post","type-post","status-publish","format-standard","has-post-thumbnail","hentry","category-flamengo"],"yoast_head":"<!-- This site is optimized with the Yoast SEO Premium plugin v24.2 (Yoast SEO v26.9) - https:\/\/yoast.com\/product\/yoast-seo-premium-wordpress\/ -->\n<title>Administra\u00e7\u00e3o Maracan\u00e3 emite nota para desmentir boatos que circulavam nas redes sociais<\/title>\n<meta name=\"robots\" content=\"index, follow, max-snippet:-1, max-image-preview:large, max-video-preview:-1\" \/>\n<link rel=\"canonical\" href=\"https:\/\/www.gaveanews.com\/index.php\/2019\/10\/22\/administracao-maracana-emite-nota-para-desmentir-boatos-que-circulavam-nas-redes-sociais\/\" \/>\n<meta property=\"og:locale\" content=\"pt_BR\" \/>\n<meta property=\"og:type\" content=\"article\" \/>\n<meta property=\"og:title\" content=\"Administra\u00e7\u00e3o Maracan\u00e3 emite nota para desmentir boatos que circulavam nas redes sociais\" \/>\n<meta property=\"og:description\" content=\"A administra\u00e7\u00e3o do Maracan\u00e3 informou na tarde desta ter\u00e7a-feira que \u00e9 mentira o boato de que torcedores que foram ao Fla-Flu do \u00faltimo domingo tenham ficado escondidos dentro do est\u00e1dio para o Flamengo x Gr\u00eamio da semifinal da Libertadores. Ao longo do dia, come\u00e7aram a circular em redes sociais prints de supostas postagens de pessoas [&hellip;]\" \/>\n<meta property=\"og:url\" content=\"https:\/\/www.gaveanews.com\/index.php\/2019\/10\/22\/administracao-maracana-emite-nota-para-desmentir-boatos-que-circulavam-nas-redes-sociais\/\" \/>\n<meta property=\"og:site_name\" content=\"G\u00e1vea News\" \/>\n<meta property=\"article:publisher\" content=\"https:\/\/facebook.com\/gaveaNews\/\" \/>\n<meta property=\"article:published_time\" content=\"2019-10-22T19:54:18+00:00\" \/>\n<meta property=\"article:modified_time\" content=\"2019-10-22T19:54:19+00:00\" \/>\n<meta property=\"og:image\" content=\"https:\/\/www.gaveanews.com\/wp-content\/uploads\/2019\/03\/Escudo-do-Flamengo-e-exposto-proximo-a-um-dos-gols-no-gramado-do-Maracana.webp\" \/>\n\t<meta property=\"og:image:width\" content=\"1\" \/>\n\t<meta property=\"og:image:height\" content=\"1\" \/>\n\t<meta property=\"og:image:type\" content=\"image\/jpeg\" \/>\n<meta name=\"author\" content=\"Equipe G\u00e1vea News\" \/>\n<meta name=\"twitter:card\" content=\"summary_large_image\" \/>\n<meta name=\"twitter:label1\" content=\"Escrito por\" \/>\n\t<meta name=\"twitter:data1\" content=\"Equipe G\u00e1vea News\" \/>\n\t<meta name=\"twitter:label2\" content=\"Est. tempo de leitura\" \/>\n\t<meta name=\"twitter:data2\" content=\"1 minuto\" \/>\n<script type=\"application\/ld+json\" class=\"yoast-schema-graph\">{\"@context\":\"https:\/\/schema.org\",\"@graph\":[{\"@type\":\"NewsArticle\",\"@id\":\"https:\/\/www.gaveanews.com\/index.php\/2019\/10\/22\/administracao-maracana-emite-nota-para-desmentir-boatos-que-circulavam-nas-redes-sociais\/#article\",\"isPartOf\":{\"@id\":\"https:\/\/www.gaveanews.com\/index.php\/2019\/10\/22\/administracao-maracana-emite-nota-para-desmentir-boatos-que-circulavam-nas-redes-sociais\/\"},\"author\":{\"name\":\"Equipe G\u00e1vea News\",\"@id\":\"https:\/\/www.gaveanews.com\/#\/schema\/person\/2ec14f73fb96be2caf28f91afb14749d\"},\"headline\":\"Administra\u00e7\u00e3o Maracan\u00e3 emite nota para desmentir boatos que circulavam nas redes sociais\",\"datePublished\":\"2019-10-22T19:54:18+00:00\",\"dateModified\":\"2019-10-22T19:54:19+00:00\",\"mainEntityOfPage\":{\"@id\":\"https:\/\/www.gaveanews.com\/index.php\/2019\/10\/22\/administracao-maracana-emite-nota-para-desmentir-boatos-que-circulavam-nas-redes-sociais\/\"},\"wordCount\":184,\"commentCount\":0,\"image\":{\"@id\":\"https:\/\/www.gaveanews.com\/index.php\/2019\/10\/22\/administracao-maracana-emite-nota-para-desmentir-boatos-que-circulavam-nas-redes-sociais\/#primaryimage\"},\"thumbnailUrl\":\"https:\/\/www.gaveanews.com\/wp-content\/uploads\/2019\/03\/Escudo-do-Flamengo-e-exposto-proximo-a-um-dos-gols-no-gramado-do-Maracana.webp\",\"articleSection\":[\"Flamengo\"],\"inLanguage\":\"pt-BR\",\"potentialAction\":[{\"@type\":\"CommentAction\",\"name\":\"Comment\",\"target\":[\"https:\/\/www.gaveanews.com\/index.php\/2019\/10\/22\/administracao-maracana-emite-nota-para-desmentir-boatos-que-circulavam-nas-redes-sociais\/#respond\"]}],\"copyrightYear\":\"2019\",\"copyrightHolder\":{\"@id\":\"https:\/\/www.gaveanews.com\/#organization\"}},{\"@type\":\"WebPage\",\"@id\":\"https:\/\/www.gaveanews.com\/index.php\/2019\/10\/22\/administracao-maracana-emite-nota-para-desmentir-boatos-que-circulavam-nas-redes-sociais\/\",\"url\":\"https:\/\/www.gaveanews.com\/index.php\/2019\/10\/22\/administracao-maracana-emite-nota-para-desmentir-boatos-que-circulavam-nas-redes-sociais\/\",\"name\":\"Administra\u00e7\u00e3o Maracan\u00e3 emite nota para desmentir boatos que circulavam nas redes sociais\",\"isPartOf\":{\"@id\":\"https:\/\/www.gaveanews.com\/#website\"},\"primaryImageOfPage\":{\"@id\":\"https:\/\/www.gaveanews.com\/index.php\/2019\/10\/22\/administracao-maracana-emite-nota-para-desmentir-boatos-que-circulavam-nas-redes-sociais\/#primaryimage\"},\"image\":{\"@id\":\"https:\/\/www.gaveanews.com\/index.php\/2019\/10\/22\/administracao-maracana-emite-nota-para-desmentir-boatos-que-circulavam-nas-redes-sociais\/#primaryimage\"},\"thumbnailUrl\":\"https:\/\/www.gaveanews.com\/wp-content\/uploads\/2019\/03\/Escudo-do-Flamengo-e-exposto-proximo-a-um-dos-gols-no-gramado-do-Maracana.webp\",\"datePublished\":\"2019-10-22T19:54:18+00:00\",\"dateModified\":\"2019-10-22T19:54:19+00:00\",\"author\":{\"@id\":\"https:\/\/www.gaveanews.com\/#\/schema\/person\/2ec14f73fb96be2caf28f91afb14749d\"},\"breadcrumb\":{\"@id\":\"https:\/\/www.gaveanews.com\/index.php\/2019\/10\/22\/administracao-maracana-emite-nota-para-desmentir-boatos-que-circulavam-nas-redes-sociais\/#breadcrumb\"},\"inLanguage\":\"pt-BR\",\"potentialAction\":[{\"@type\":\"ReadAction\",\"target\":[\"https:\/\/www.gaveanews.com\/index.php\/2019\/10\/22\/administracao-maracana-emite-nota-para-desmentir-boatos-que-circulavam-nas-redes-sociais\/\"]}]},{\"@type\":\"ImageObject\",\"inLanguage\":\"pt-BR\",\"@id\":\"https:\/\/www.gaveanews.com\/index.php\/2019\/10\/22\/administracao-maracana-emite-nota-para-desmentir-boatos-que-circulavam-nas-redes-sociais\/#primaryimage\",\"url\":\"https:\/\/www.gaveanews.com\/wp-content\/uploads\/2019\/03\/Escudo-do-Flamengo-e-exposto-proximo-a-um-dos-gols-no-gramado-do-Maracana.webp\",\"contentUrl\":\"https:\/\/www.gaveanews.com\/wp-content\/uploads\/2019\/03\/Escudo-do-Flamengo-e-exposto-proximo-a-um-dos-gols-no-gramado-do-Maracana.webp\",\"caption\":\"Escudo do Flamengo \u00e9 exposto pr\u00f3ximo a um dos gols, no gramado do Maracan\u00e3 (Foto: Daniel Castelo Branco)\"},{\"@type\":\"BreadcrumbList\",\"@id\":\"https:\/\/www.gaveanews.com\/index.php\/2019\/10\/22\/administracao-maracana-emite-nota-para-desmentir-boatos-que-circulavam-nas-redes-sociais\/#breadcrumb\",\"itemListElement\":[{\"@type\":\"ListItem\",\"position\":1,\"name\":\"Home\",\"item\":\"https:\/\/www.gaveanews.com\/\"},{\"@type\":\"ListItem\",\"position\":2,\"name\":\"Administra\u00e7\u00e3o Maracan\u00e3 emite nota para desmentir boatos que circulavam nas redes sociais\"}]},{\"@type\":\"WebSite\",\"@id\":\"https:\/\/www.gaveanews.com\/#website\",\"url\":\"https:\/\/www.gaveanews.com\/\",\"name\":\"G\u00e1vea News\",\"description\":\"Veja todas as not\u00edcias sobre o Flamengo: Contrata\u00e7\u00f5es, categorias de base, resultados das partidas, tabela de classifica\u00e7\u00e3o, pr\u00f3ximos jogos!\",\"potentialAction\":[{\"@type\":\"SearchAction\",\"target\":{\"@type\":\"EntryPoint\",\"urlTemplate\":\"https:\/\/www.gaveanews.com\/?s={search_term_string}\"},\"query-input\":{\"@type\":\"PropertyValueSpecification\",\"valueRequired\":true,\"valueName\":\"search_term_string\"}}],\"inLanguage\":\"pt-BR\"},{\"@type\":\"Person\",\"@id\":\"https:\/\/www.gaveanews.com\/#\/schema\/person\/2ec14f73fb96be2caf28f91afb14749d\",\"name\":\"Equipe G\u00e1vea News\",\"image\":{\"@type\":\"ImageObject\",\"inLanguage\":\"pt-BR\",\"@id\":\"https:\/\/www.gaveanews.com\/#\/schema\/person\/image\/\",\"url\":\"https:\/\/secure.gravatar.com\/avatar\/1e1956f1facbffd3f8fa53a326721950116b3b9dc9bd44939c01180fd4a745a9?s=96&d=mm&r=g\",\"contentUrl\":\"https:\/\/secure.gravatar.com\/avatar\/1e1956f1facbffd3f8fa53a326721950116b3b9dc9bd44939c01180fd4a745a9?s=96&d=mm&r=g\",\"caption\":\"Equipe G\u00e1vea News\"}}]}<\/script>\n<!-- \/ Yoast SEO Premium plugin. -->","yoast_head_json":{"title":"Administra\u00e7\u00e3o Maracan\u00e3 emite nota para desmentir boatos que circulavam nas redes sociais","robots":{"index":"index","follow":"follow","max-snippet":"max-snippet:-1","max-image-preview":"max-image-preview:large","max-video-preview":"max-video-preview:-1"},"canonical":"https:\/\/www.gaveanews.com\/index.php\/2019\/10\/22\/administracao-maracana-emite-nota-para-desmentir-boatos-que-circulavam-nas-redes-sociais\/","og_locale":"pt_BR","og_type":"article","og_title":"Administra\u00e7\u00e3o Maracan\u00e3 emite nota para desmentir boatos que circulavam nas redes sociais","og_description":"A administra\u00e7\u00e3o do Maracan\u00e3 informou na tarde desta ter\u00e7a-feira que \u00e9 mentira o boato de que torcedores que foram ao Fla-Flu do \u00faltimo domingo tenham ficado escondidos dentro do est\u00e1dio para o Flamengo x Gr\u00eamio da semifinal da Libertadores. Ao longo do dia, come\u00e7aram a circular em redes sociais prints de supostas postagens de pessoas [&hellip;]","og_url":"https:\/\/www.gaveanews.com\/index.php\/2019\/10\/22\/administracao-maracana-emite-nota-para-desmentir-boatos-que-circulavam-nas-redes-sociais\/","og_site_name":"G\u00e1vea News","article_publisher":"https:\/\/facebook.com\/gaveaNews\/","article_published_time":"2019-10-22T19:54:18+00:00","article_modified_time":"2019-10-22T19:54:19+00:00","og_image":[{"url":"https:\/\/www.gaveanews.com\/wp-content\/uploads\/2019\/03\/Escudo-do-Flamengo-e-exposto-proximo-a-um-dos-gols-no-gramado-do-Maracana.webp","width":1,"height":1,"type":"image\/jpeg"}],"author":"Equipe G\u00e1vea News","twitter_card":"summary_large_image","twitter_misc":{"Escrito por":"Equipe G\u00e1vea News","Est. tempo de leitura":"1 minuto"},"schema":{"@context":"https:\/\/schema.org","@graph":[{"@type":"NewsArticle","@id":"https:\/\/www.gaveanews.com\/index.php\/2019\/10\/22\/administracao-maracana-emite-nota-para-desmentir-boatos-que-circulavam-nas-redes-sociais\/#article","isPartOf":{"@id":"https:\/\/www.gaveanews.com\/index.php\/2019\/10\/22\/administracao-maracana-emite-nota-para-desmentir-boatos-que-circulavam-nas-redes-sociais\/"},"author":{"name":"Equipe G\u00e1vea News","@id":"https:\/\/www.gaveanews.com\/#\/schema\/person\/2ec14f73fb96be2caf28f91afb14749d"},"headline":"Administra\u00e7\u00e3o Maracan\u00e3 emite nota para desmentir boatos que circulavam nas redes sociais","datePublished":"2019-10-22T19:54:18+00:00","dateModified":"2019-10-22T19:54:19+00:00","mainEntityOfPage":{"@id":"https:\/\/www.gaveanews.com\/index.php\/2019\/10\/22\/administracao-maracana-emite-nota-para-desmentir-boatos-que-circulavam-nas-redes-sociais\/"},"wordCount":184,"commentCount":0,"image":{"@id":"https:\/\/www.gaveanews.com\/index.php\/2019\/10\/22\/administracao-maracana-emite-nota-para-desmentir-boatos-que-circulavam-nas-redes-sociais\/#primaryimage"},"thumbnailUrl":"https:\/\/www.gaveanews.com\/wp-content\/uploads\/2019\/03\/Escudo-do-Flamengo-e-exposto-proximo-a-um-dos-gols-no-gramado-do-Maracana.webp","articleSection":["Flamengo"],"inLanguage":"pt-BR","potentialAction":[{"@type":"CommentAction","name":"Comment","target":["https:\/\/www.gaveanews.com\/index.php\/2019\/10\/22\/administracao-maracana-emite-nota-para-desmentir-boatos-que-circulavam-nas-redes-sociais\/#respond"]}],"copyrightYear":"2019","copyrightHolder":{"@id":"https:\/\/www.gaveanews.com\/#organization"}},{"@type":"WebPage","@id":"https:\/\/www.gaveanews.com\/index.php\/2019\/10\/22\/administracao-maracana-emite-nota-para-desmentir-boatos-que-circulavam-nas-redes-sociais\/","url":"https:\/\/www.gaveanews.com\/index.php\/2019\/10\/22\/administracao-maracana-emite-nota-para-desmentir-boatos-que-circulavam-nas-redes-sociais\/","name":"Administra\u00e7\u00e3o Maracan\u00e3 emite nota para desmentir boatos que circulavam nas redes sociais","isPartOf":{"@id":"https:\/\/www.gaveanews.com\/#website"},"primaryImageOfPage":{"@id":"https:\/\/www.gaveanews.com\/index.php\/2019\/10\/22\/administracao-maracana-emite-nota-para-desmentir-boatos-que-circulavam-nas-redes-sociais\/#primaryimage"},"image":{"@id":"https:\/\/www.gaveanews.com\/index.php\/2019\/10\/22\/administracao-maracana-emite-nota-para-desmentir-boatos-que-circulavam-nas-redes-sociais\/#primaryimage"},"thumbnailUrl":"https:\/\/www.gaveanews.com\/wp-content\/uploads\/2019\/03\/Escudo-do-Flamengo-e-exposto-proximo-a-um-dos-gols-no-gramado-do-Maracana.webp","datePublished":"2019-10-22T19:54:18+00:00","dateModified":"2019-10-22T19:54:19+00:00","author":{"@id":"https:\/\/www.gaveanews.com\/#\/schema\/person\/2ec14f73fb96be2caf28f91afb14749d"},"breadcrumb":{"@id":"https:\/\/www.gaveanews.com\/index.php\/2019\/10\/22\/administracao-maracana-emite-nota-para-desmentir-boatos-que-circulavam-nas-redes-sociais\/#breadcrumb"},"inLanguage":"pt-BR","potentialAction":[{"@type":"ReadAction","target":["https:\/\/www.gaveanews.com\/index.php\/2019\/10\/22\/administracao-maracana-emite-nota-para-desmentir-boatos-que-circulavam-nas-redes-sociais\/"]}]},{"@type":"ImageObject","inLanguage":"pt-BR","@id":"https:\/\/www.gaveanews.com\/index.php\/2019\/10\/22\/administracao-maracana-emite-nota-para-desmentir-boatos-que-circulavam-nas-redes-sociais\/#primaryimage","url":"https:\/\/www.gaveanews.com\/wp-content\/uploads\/2019\/03\/Escudo-do-Flamengo-e-exposto-proximo-a-um-dos-gols-no-gramado-do-Maracana.webp","contentUrl":"https:\/\/www.gaveanews.com\/wp-content\/uploads\/2019\/03\/Escudo-do-Flamengo-e-exposto-proximo-a-um-dos-gols-no-gramado-do-Maracana.webp","caption":"Escudo do Flamengo \u00e9 exposto pr\u00f3ximo a um dos gols, no gramado do Maracan\u00e3 (Foto: Daniel Castelo Branco)"},{"@type":"BreadcrumbList","@id":"https:\/\/www.gaveanews.com\/index.php\/2019\/10\/22\/administracao-maracana-emite-nota-para-desmentir-boatos-que-circulavam-nas-redes-sociais\/#breadcrumb","itemListElement":[{"@type":"ListItem","position":1,"name":"Home","item":"https:\/\/www.gaveanews.com\/"},{"@type":"ListItem","position":2,"name":"Administra\u00e7\u00e3o Maracan\u00e3 emite nota para desmentir boatos que circulavam nas redes sociais"}]},{"@type":"WebSite","@id":"https:\/\/www.gaveanews.com\/#website","url":"https:\/\/www.gaveanews.com\/","name":"G\u00e1vea News","description":"Veja todas as not\u00edcias sobre o Flamengo: Contrata\u00e7\u00f5es, categorias de base, resultados das partidas, tabela de classifica\u00e7\u00e3o, pr\u00f3ximos jogos!","potentialAction":[{"@type":"SearchAction","target":{"@type":"EntryPoint","urlTemplate":"https:\/\/www.gaveanews.com\/?s={search_term_string}"},"query-input":{"@type":"PropertyValueSpecification","valueRequired":true,"valueName":"search_term_string"}}],"inLanguage":"pt-BR"},{"@type":"Person","@id":"https:\/\/www.gaveanews.com\/#\/schema\/person\/2ec14f73fb96be2caf28f91afb14749d","name":"Equipe G\u00e1vea News","image":{"@type":"ImageObject","inLanguage":"pt-BR","@id":"https:\/\/www.gaveanews.com\/#\/schema\/person\/image\/","url":"https:\/\/secure.gravatar.com\/avatar\/1e1956f1facbffd3f8fa53a326721950116b3b9dc9bd44939c01180fd4a745a9?s=96&d=mm&r=g","contentUrl":"https:\/\/secure.gravatar.com\/avatar\/1e1956f1facbffd3f8fa53a326721950116b3b9dc9bd44939c01180fd4a745a9?s=96&d=mm&r=g","caption":"Equipe G\u00e1vea News"}}]}},"_links":{"self":[{"href":"https:\/\/www.gaveanews.com\/index.php\/wp-json\/wp\/v2\/posts\/30687","targetHints":{"allow":["GET"]}}],"collection":[{"href":"https:\/\/www.gaveanews.com\/index.php\/wp-json\/wp\/v2\/posts"}],"about":[{"href":"https:\/\/www.gaveanews.com\/index.php\/wp-json\/wp\/v2\/types\/post"}],"author":[{"embeddable":true,"href":"https:\/\/www.gaveanews.com\/index.php\/wp-json\/wp\/v2\/users\/1"}],"replies":[{"embeddable":true,"href":"https:\/\/www.gaveanews.com\/index.php\/wp-json\/wp\/v2\/comments?post=30687"}],"version-history":[{"count":0,"href":"https:\/\/www.gaveanews.com\/index.php\/wp-json\/wp\/v2\/posts\/30687\/revisions"}],"wp:featuredmedia":[{"embeddable":true,"href":"https:\/\/www.gaveanews.com\/index.php\/wp-json\/wp\/v2\/media\/15081"}],"wp:attachment":[{"href":"https:\/\/www.gaveanews.com\/index.php\/wp-json\/wp\/v2\/media?parent=30687"}],"wp:term":[{"taxonomy":"category","embeddable":true,"href":"https:\/\/www.gaveanews.com\/index.php\/wp-json\/wp\/v2\/categories?post=30687"},{"taxonomy":"post_tag","embeddable":true,"href":"https:\/\/www.gaveanews.com\/index.php\/wp-json\/wp\/v2\/tags?post=30687"}],"curies":[{"name":"wp","href":"https:\/\/api.w.org\/{rel}","templated":true}]}}