{"id":30692,"date":"2019-10-22T19:37:22","date_gmt":"2019-10-22T22:37:22","guid":{"rendered":"http:\/\/www.gaveanews.com\/?p=30692"},"modified":"2019-10-22T19:37:23","modified_gmt":"2019-10-22T22:37:23","slug":"lateral-direito-rafinha-e-o-meia-arrascaeta-treinam-normalmente-e-sao-relacionados-para-a-semifinal-da-copa-libertadores","status":"publish","type":"post","link":"https:\/\/www.gaveanews.com\/index.php\/2019\/10\/22\/lateral-direito-rafinha-e-o-meia-arrascaeta-treinam-normalmente-e-sao-relacionados-para-a-semifinal-da-copa-libertadores\/","title":{"rendered":"Lateral direito Rafinha e o meia Arrascaeta treinam normalmente e s\u00e3o relacionados para a semifinal da Copa Libertadores"},"content":{"rendered":"\n<p>O lateral direito Rafinha e o meia Arrascaeta treinaram normalmente com o elenco do Flamengo e concentraram nesta ter\u00e7a-feira para a partida contra o Gr\u00eamio. A atividade no Ninho do Urubu foi fechada para imagens, mas o t\u00e9cnico Jorge Jesus colocou em pr\u00e1tica as suas ideias para a semifinal no Maracan\u00e3.<\/p>\n\n\n\n<p>A participa\u00e7\u00e3o dos jogadores no time titular ainda \u00e9 considerada pela comiss\u00e3o t\u00e9cnica, mas a dupla ser\u00e1 relacionada para a partida. Rafinha se recuperou de uma fratura na face e teve o aval dos m\u00e9dicos, mas caso n\u00e3o esteja confiante para jogar, Rodinei entra em seu lugar.<\/p>\n\n\n\n<p>O caso de Arrascaeta \u00e9 mais delicado. Clinicamente, o jogador est\u00e1 recuperado de uma tor\u00e7\u00e3o no joelho esquerdo, mas como passou por cirurgia foi obrigado a pular etapas, e a tend\u00eancia \u00e9 que seja op\u00e7\u00e3o no banco para entrar em caso de necessidade.<\/p>\n\n\n\n<p>O \u00faltimo treino antes da semifinal da Libertadores foi em clima de tranquilidade. A diretoria do Flamengo cancelou qualquer tipo de manuten\u00e7\u00e3o no Centro de Treinamento e limitou o acesso ao local a funcion\u00e1rios do futebol do clube. Fornecedores e entregas foram proibidas ao longo do dia.<\/p>\n\n\n\n<p>Desde segunda-feira, o clube mant\u00e9m o foco total no jogo com o Gr\u00eamio e tamb\u00e9m tirou a entrevista coletiva da v\u00e9spera. Os jogadores dormem no CT e seguem direto para o Maracan\u00e3.<\/p>\n\n\n\n<p>Retirado de: O Globo<\/p>\n","protected":false},"excerpt":{"rendered":"<p>O lateral direito Rafinha e o meia Arrascaeta treinaram normalmente com o elenco do Flamengo e concentraram nesta ter\u00e7a-feira para a partida contra o Gr\u00eamio. A atividade no Ninho do Urubu foi fechada para imagens, mas o t\u00e9cnico Jorge Jesus colocou em pr\u00e1tica as suas ideias para a semifinal no Maracan\u00e3. A participa\u00e7\u00e3o dos jogadores [&hellip;]<\/p>\n","protected":false},"author":1,"featured_media":28935,"comment_status":"open","ping_status":"open","sticky":false,"template":"","format":"standard","meta":{"footnotes":""},"categories":[1],"tags":[],"class_list":["post-30692","post","type-post","status-publish","format-standard","has-post-thumbnail","hentry","category-flamengo"],"yoast_head":"<!-- This site is optimized with the Yoast SEO Premium plugin v24.2 (Yoast SEO v26.9) - https:\/\/yoast.com\/product\/yoast-seo-premium-wordpress\/ -->\n<title>Lateral direito Rafinha e o meia Arrascaeta treinam normalmente e s\u00e3o relacionados para a semifinal da Copa Libertadores<\/title>\n<meta name=\"robots\" content=\"index, follow, max-snippet:-1, max-image-preview:large, max-video-preview:-1\" \/>\n<link rel=\"canonical\" href=\"https:\/\/www.gaveanews.com\/index.php\/2019\/10\/22\/lateral-direito-rafinha-e-o-meia-arrascaeta-treinam-normalmente-e-sao-relacionados-para-a-semifinal-da-copa-libertadores\/\" \/>\n<meta property=\"og:locale\" content=\"pt_BR\" \/>\n<meta property=\"og:type\" content=\"article\" \/>\n<meta property=\"og:title\" content=\"Lateral direito Rafinha e o meia Arrascaeta treinam normalmente e s\u00e3o relacionados para a semifinal da Copa Libertadores\" \/>\n<meta property=\"og:description\" content=\"O lateral direito Rafinha e o meia Arrascaeta treinaram normalmente com o elenco do Flamengo e concentraram nesta ter\u00e7a-feira para a partida contra o Gr\u00eamio. A atividade no Ninho do Urubu foi fechada para imagens, mas o t\u00e9cnico Jorge Jesus colocou em pr\u00e1tica as suas ideias para a semifinal no Maracan\u00e3. A participa\u00e7\u00e3o dos jogadores [&hellip;]\" \/>\n<meta property=\"og:url\" content=\"https:\/\/www.gaveanews.com\/index.php\/2019\/10\/22\/lateral-direito-rafinha-e-o-meia-arrascaeta-treinam-normalmente-e-sao-relacionados-para-a-semifinal-da-copa-libertadores\/\" \/>\n<meta property=\"og:site_name\" content=\"G\u00e1vea News\" \/>\n<meta property=\"article:publisher\" content=\"https:\/\/facebook.com\/gaveaNews\/\" \/>\n<meta property=\"article:published_time\" content=\"2019-10-22T22:37:22+00:00\" \/>\n<meta property=\"article:modified_time\" content=\"2019-10-22T22:37:23+00:00\" \/>\n<meta property=\"og:image\" content=\"https:\/\/www.gaveanews.com\/wp-content\/uploads\/Meia-Arrascaeta-em-acao-pelo-Flamengo.webp\" \/>\n\t<meta property=\"og:image:width\" content=\"1\" \/>\n\t<meta property=\"og:image:height\" content=\"1\" \/>\n\t<meta property=\"og:image:type\" content=\"image\/jpeg\" \/>\n<meta name=\"author\" content=\"Equipe G\u00e1vea News\" \/>\n<meta name=\"twitter:card\" content=\"summary_large_image\" \/>\n<meta name=\"twitter:label1\" content=\"Escrito por\" \/>\n\t<meta name=\"twitter:data1\" content=\"Equipe G\u00e1vea News\" \/>\n\t<meta name=\"twitter:label2\" content=\"Est. tempo de leitura\" \/>\n\t<meta name=\"twitter:data2\" content=\"1 minuto\" \/>\n<script type=\"application\/ld+json\" class=\"yoast-schema-graph\">{\"@context\":\"https:\/\/schema.org\",\"@graph\":[{\"@type\":\"NewsArticle\",\"@id\":\"https:\/\/www.gaveanews.com\/index.php\/2019\/10\/22\/lateral-direito-rafinha-e-o-meia-arrascaeta-treinam-normalmente-e-sao-relacionados-para-a-semifinal-da-copa-libertadores\/#article\",\"isPartOf\":{\"@id\":\"https:\/\/www.gaveanews.com\/index.php\/2019\/10\/22\/lateral-direito-rafinha-e-o-meia-arrascaeta-treinam-normalmente-e-sao-relacionados-para-a-semifinal-da-copa-libertadores\/\"},\"author\":{\"name\":\"Equipe G\u00e1vea News\",\"@id\":\"https:\/\/www.gaveanews.com\/#\/schema\/person\/2ec14f73fb96be2caf28f91afb14749d\"},\"headline\":\"Lateral direito Rafinha e o meia Arrascaeta treinam normalmente e s\u00e3o relacionados para a semifinal da Copa Libertadores\",\"datePublished\":\"2019-10-22T22:37:22+00:00\",\"dateModified\":\"2019-10-22T22:37:23+00:00\",\"mainEntityOfPage\":{\"@id\":\"https:\/\/www.gaveanews.com\/index.php\/2019\/10\/22\/lateral-direito-rafinha-e-o-meia-arrascaeta-treinam-normalmente-e-sao-relacionados-para-a-semifinal-da-copa-libertadores\/\"},\"wordCount\":258,\"commentCount\":0,\"image\":{\"@id\":\"https:\/\/www.gaveanews.com\/index.php\/2019\/10\/22\/lateral-direito-rafinha-e-o-meia-arrascaeta-treinam-normalmente-e-sao-relacionados-para-a-semifinal-da-copa-libertadores\/#primaryimage\"},\"thumbnailUrl\":\"https:\/\/www.gaveanews.com\/wp-content\/uploads\/Meia-Arrascaeta-em-acao-pelo-Flamengo.webp\",\"articleSection\":[\"Flamengo\"],\"inLanguage\":\"pt-BR\",\"potentialAction\":[{\"@type\":\"CommentAction\",\"name\":\"Comment\",\"target\":[\"https:\/\/www.gaveanews.com\/index.php\/2019\/10\/22\/lateral-direito-rafinha-e-o-meia-arrascaeta-treinam-normalmente-e-sao-relacionados-para-a-semifinal-da-copa-libertadores\/#respond\"]}],\"copyrightYear\":\"2019\",\"copyrightHolder\":{\"@id\":\"https:\/\/www.gaveanews.com\/#organization\"}},{\"@type\":\"WebPage\",\"@id\":\"https:\/\/www.gaveanews.com\/index.php\/2019\/10\/22\/lateral-direito-rafinha-e-o-meia-arrascaeta-treinam-normalmente-e-sao-relacionados-para-a-semifinal-da-copa-libertadores\/\",\"url\":\"https:\/\/www.gaveanews.com\/index.php\/2019\/10\/22\/lateral-direito-rafinha-e-o-meia-arrascaeta-treinam-normalmente-e-sao-relacionados-para-a-semifinal-da-copa-libertadores\/\",\"name\":\"Lateral direito Rafinha e o meia Arrascaeta treinam normalmente e s\u00e3o relacionados para a semifinal da Copa Libertadores\",\"isPartOf\":{\"@id\":\"https:\/\/www.gaveanews.com\/#website\"},\"primaryImageOfPage\":{\"@id\":\"https:\/\/www.gaveanews.com\/index.php\/2019\/10\/22\/lateral-direito-rafinha-e-o-meia-arrascaeta-treinam-normalmente-e-sao-relacionados-para-a-semifinal-da-copa-libertadores\/#primaryimage\"},\"image\":{\"@id\":\"https:\/\/www.gaveanews.com\/index.php\/2019\/10\/22\/lateral-direito-rafinha-e-o-meia-arrascaeta-treinam-normalmente-e-sao-relacionados-para-a-semifinal-da-copa-libertadores\/#primaryimage\"},\"thumbnailUrl\":\"https:\/\/www.gaveanews.com\/wp-content\/uploads\/Meia-Arrascaeta-em-acao-pelo-Flamengo.webp\",\"datePublished\":\"2019-10-22T22:37:22+00:00\",\"dateModified\":\"2019-10-22T22:37:23+00:00\",\"author\":{\"@id\":\"https:\/\/www.gaveanews.com\/#\/schema\/person\/2ec14f73fb96be2caf28f91afb14749d\"},\"breadcrumb\":{\"@id\":\"https:\/\/www.gaveanews.com\/index.php\/2019\/10\/22\/lateral-direito-rafinha-e-o-meia-arrascaeta-treinam-normalmente-e-sao-relacionados-para-a-semifinal-da-copa-libertadores\/#breadcrumb\"},\"inLanguage\":\"pt-BR\",\"potentialAction\":[{\"@type\":\"ReadAction\",\"target\":[\"https:\/\/www.gaveanews.com\/index.php\/2019\/10\/22\/lateral-direito-rafinha-e-o-meia-arrascaeta-treinam-normalmente-e-sao-relacionados-para-a-semifinal-da-copa-libertadores\/\"]}]},{\"@type\":\"ImageObject\",\"inLanguage\":\"pt-BR\",\"@id\":\"https:\/\/www.gaveanews.com\/index.php\/2019\/10\/22\/lateral-direito-rafinha-e-o-meia-arrascaeta-treinam-normalmente-e-sao-relacionados-para-a-semifinal-da-copa-libertadores\/#primaryimage\",\"url\":\"https:\/\/www.gaveanews.com\/wp-content\/uploads\/Meia-Arrascaeta-em-acao-pelo-Flamengo.webp\",\"contentUrl\":\"https:\/\/www.gaveanews.com\/wp-content\/uploads\/Meia-Arrascaeta-em-acao-pelo-Flamengo.webp\",\"caption\":\"Meia Arrascaeta em a\u00e7\u00e3o pelo Flamengo (Foto: Alexandre Vidal\/Flamengo)\"},{\"@type\":\"BreadcrumbList\",\"@id\":\"https:\/\/www.gaveanews.com\/index.php\/2019\/10\/22\/lateral-direito-rafinha-e-o-meia-arrascaeta-treinam-normalmente-e-sao-relacionados-para-a-semifinal-da-copa-libertadores\/#breadcrumb\",\"itemListElement\":[{\"@type\":\"ListItem\",\"position\":1,\"name\":\"Home\",\"item\":\"https:\/\/www.gaveanews.com\/\"},{\"@type\":\"ListItem\",\"position\":2,\"name\":\"Lateral direito Rafinha e o meia Arrascaeta treinam normalmente e s\u00e3o relacionados para a semifinal da Copa Libertadores\"}]},{\"@type\":\"WebSite\",\"@id\":\"https:\/\/www.gaveanews.com\/#website\",\"url\":\"https:\/\/www.gaveanews.com\/\",\"name\":\"G\u00e1vea News\",\"description\":\"Veja todas as not\u00edcias sobre o Flamengo: Contrata\u00e7\u00f5es, categorias de base, resultados das partidas, tabela de classifica\u00e7\u00e3o, pr\u00f3ximos jogos!\",\"potentialAction\":[{\"@type\":\"SearchAction\",\"target\":{\"@type\":\"EntryPoint\",\"urlTemplate\":\"https:\/\/www.gaveanews.com\/?s={search_term_string}\"},\"query-input\":{\"@type\":\"PropertyValueSpecification\",\"valueRequired\":true,\"valueName\":\"search_term_string\"}}],\"inLanguage\":\"pt-BR\"},{\"@type\":\"Person\",\"@id\":\"https:\/\/www.gaveanews.com\/#\/schema\/person\/2ec14f73fb96be2caf28f91afb14749d\",\"name\":\"Equipe G\u00e1vea News\",\"image\":{\"@type\":\"ImageObject\",\"inLanguage\":\"pt-BR\",\"@id\":\"https:\/\/www.gaveanews.com\/#\/schema\/person\/image\/\",\"url\":\"https:\/\/secure.gravatar.com\/avatar\/1e1956f1facbffd3f8fa53a326721950116b3b9dc9bd44939c01180fd4a745a9?s=96&d=mm&r=g\",\"contentUrl\":\"https:\/\/secure.gravatar.com\/avatar\/1e1956f1facbffd3f8fa53a326721950116b3b9dc9bd44939c01180fd4a745a9?s=96&d=mm&r=g\",\"caption\":\"Equipe G\u00e1vea News\"}}]}<\/script>\n<!-- \/ Yoast SEO Premium plugin. -->","yoast_head_json":{"title":"Lateral direito Rafinha e o meia Arrascaeta treinam normalmente e s\u00e3o relacionados para a semifinal da Copa Libertadores","robots":{"index":"index","follow":"follow","max-snippet":"max-snippet:-1","max-image-preview":"max-image-preview:large","max-video-preview":"max-video-preview:-1"},"canonical":"https:\/\/www.gaveanews.com\/index.php\/2019\/10\/22\/lateral-direito-rafinha-e-o-meia-arrascaeta-treinam-normalmente-e-sao-relacionados-para-a-semifinal-da-copa-libertadores\/","og_locale":"pt_BR","og_type":"article","og_title":"Lateral direito Rafinha e o meia Arrascaeta treinam normalmente e s\u00e3o relacionados para a semifinal da Copa Libertadores","og_description":"O lateral direito Rafinha e o meia Arrascaeta treinaram normalmente com o elenco do Flamengo e concentraram nesta ter\u00e7a-feira para a partida contra o Gr\u00eamio. A atividade no Ninho do Urubu foi fechada para imagens, mas o t\u00e9cnico Jorge Jesus colocou em pr\u00e1tica as suas ideias para a semifinal no Maracan\u00e3. A participa\u00e7\u00e3o dos jogadores [&hellip;]","og_url":"https:\/\/www.gaveanews.com\/index.php\/2019\/10\/22\/lateral-direito-rafinha-e-o-meia-arrascaeta-treinam-normalmente-e-sao-relacionados-para-a-semifinal-da-copa-libertadores\/","og_site_name":"G\u00e1vea News","article_publisher":"https:\/\/facebook.com\/gaveaNews\/","article_published_time":"2019-10-22T22:37:22+00:00","article_modified_time":"2019-10-22T22:37:23+00:00","og_image":[{"url":"https:\/\/www.gaveanews.com\/wp-content\/uploads\/Meia-Arrascaeta-em-acao-pelo-Flamengo.webp","width":1,"height":1,"type":"image\/jpeg"}],"author":"Equipe G\u00e1vea News","twitter_card":"summary_large_image","twitter_misc":{"Escrito por":"Equipe G\u00e1vea News","Est. tempo de leitura":"1 minuto"},"schema":{"@context":"https:\/\/schema.org","@graph":[{"@type":"NewsArticle","@id":"https:\/\/www.gaveanews.com\/index.php\/2019\/10\/22\/lateral-direito-rafinha-e-o-meia-arrascaeta-treinam-normalmente-e-sao-relacionados-para-a-semifinal-da-copa-libertadores\/#article","isPartOf":{"@id":"https:\/\/www.gaveanews.com\/index.php\/2019\/10\/22\/lateral-direito-rafinha-e-o-meia-arrascaeta-treinam-normalmente-e-sao-relacionados-para-a-semifinal-da-copa-libertadores\/"},"author":{"name":"Equipe G\u00e1vea News","@id":"https:\/\/www.gaveanews.com\/#\/schema\/person\/2ec14f73fb96be2caf28f91afb14749d"},"headline":"Lateral direito Rafinha e o meia Arrascaeta treinam normalmente e s\u00e3o relacionados para a semifinal da Copa Libertadores","datePublished":"2019-10-22T22:37:22+00:00","dateModified":"2019-10-22T22:37:23+00:00","mainEntityOfPage":{"@id":"https:\/\/www.gaveanews.com\/index.php\/2019\/10\/22\/lateral-direito-rafinha-e-o-meia-arrascaeta-treinam-normalmente-e-sao-relacionados-para-a-semifinal-da-copa-libertadores\/"},"wordCount":258,"commentCount":0,"image":{"@id":"https:\/\/www.gaveanews.com\/index.php\/2019\/10\/22\/lateral-direito-rafinha-e-o-meia-arrascaeta-treinam-normalmente-e-sao-relacionados-para-a-semifinal-da-copa-libertadores\/#primaryimage"},"thumbnailUrl":"https:\/\/www.gaveanews.com\/wp-content\/uploads\/Meia-Arrascaeta-em-acao-pelo-Flamengo.webp","articleSection":["Flamengo"],"inLanguage":"pt-BR","potentialAction":[{"@type":"CommentAction","name":"Comment","target":["https:\/\/www.gaveanews.com\/index.php\/2019\/10\/22\/lateral-direito-rafinha-e-o-meia-arrascaeta-treinam-normalmente-e-sao-relacionados-para-a-semifinal-da-copa-libertadores\/#respond"]}],"copyrightYear":"2019","copyrightHolder":{"@id":"https:\/\/www.gaveanews.com\/#organization"}},{"@type":"WebPage","@id":"https:\/\/www.gaveanews.com\/index.php\/2019\/10\/22\/lateral-direito-rafinha-e-o-meia-arrascaeta-treinam-normalmente-e-sao-relacionados-para-a-semifinal-da-copa-libertadores\/","url":"https:\/\/www.gaveanews.com\/index.php\/2019\/10\/22\/lateral-direito-rafinha-e-o-meia-arrascaeta-treinam-normalmente-e-sao-relacionados-para-a-semifinal-da-copa-libertadores\/","name":"Lateral direito Rafinha e o meia Arrascaeta treinam normalmente e s\u00e3o relacionados para a semifinal da Copa Libertadores","isPartOf":{"@id":"https:\/\/www.gaveanews.com\/#website"},"primaryImageOfPage":{"@id":"https:\/\/www.gaveanews.com\/index.php\/2019\/10\/22\/lateral-direito-rafinha-e-o-meia-arrascaeta-treinam-normalmente-e-sao-relacionados-para-a-semifinal-da-copa-libertadores\/#primaryimage"},"image":{"@id":"https:\/\/www.gaveanews.com\/index.php\/2019\/10\/22\/lateral-direito-rafinha-e-o-meia-arrascaeta-treinam-normalmente-e-sao-relacionados-para-a-semifinal-da-copa-libertadores\/#primaryimage"},"thumbnailUrl":"https:\/\/www.gaveanews.com\/wp-content\/uploads\/Meia-Arrascaeta-em-acao-pelo-Flamengo.webp","datePublished":"2019-10-22T22:37:22+00:00","dateModified":"2019-10-22T22:37:23+00:00","author":{"@id":"https:\/\/www.gaveanews.com\/#\/schema\/person\/2ec14f73fb96be2caf28f91afb14749d"},"breadcrumb":{"@id":"https:\/\/www.gaveanews.com\/index.php\/2019\/10\/22\/lateral-direito-rafinha-e-o-meia-arrascaeta-treinam-normalmente-e-sao-relacionados-para-a-semifinal-da-copa-libertadores\/#breadcrumb"},"inLanguage":"pt-BR","potentialAction":[{"@type":"ReadAction","target":["https:\/\/www.gaveanews.com\/index.php\/2019\/10\/22\/lateral-direito-rafinha-e-o-meia-arrascaeta-treinam-normalmente-e-sao-relacionados-para-a-semifinal-da-copa-libertadores\/"]}]},{"@type":"ImageObject","inLanguage":"pt-BR","@id":"https:\/\/www.gaveanews.com\/index.php\/2019\/10\/22\/lateral-direito-rafinha-e-o-meia-arrascaeta-treinam-normalmente-e-sao-relacionados-para-a-semifinal-da-copa-libertadores\/#primaryimage","url":"https:\/\/www.gaveanews.com\/wp-content\/uploads\/Meia-Arrascaeta-em-acao-pelo-Flamengo.webp","contentUrl":"https:\/\/www.gaveanews.com\/wp-content\/uploads\/Meia-Arrascaeta-em-acao-pelo-Flamengo.webp","caption":"Meia Arrascaeta em a\u00e7\u00e3o pelo Flamengo (Foto: Alexandre Vidal\/Flamengo)"},{"@type":"BreadcrumbList","@id":"https:\/\/www.gaveanews.com\/index.php\/2019\/10\/22\/lateral-direito-rafinha-e-o-meia-arrascaeta-treinam-normalmente-e-sao-relacionados-para-a-semifinal-da-copa-libertadores\/#breadcrumb","itemListElement":[{"@type":"ListItem","position":1,"name":"Home","item":"https:\/\/www.gaveanews.com\/"},{"@type":"ListItem","position":2,"name":"Lateral direito Rafinha e o meia Arrascaeta treinam normalmente e s\u00e3o relacionados para a semifinal da Copa Libertadores"}]},{"@type":"WebSite","@id":"https:\/\/www.gaveanews.com\/#website","url":"https:\/\/www.gaveanews.com\/","name":"G\u00e1vea News","description":"Veja todas as not\u00edcias sobre o Flamengo: Contrata\u00e7\u00f5es, categorias de base, resultados das partidas, tabela de classifica\u00e7\u00e3o, pr\u00f3ximos jogos!","potentialAction":[{"@type":"SearchAction","target":{"@type":"EntryPoint","urlTemplate":"https:\/\/www.gaveanews.com\/?s={search_term_string}"},"query-input":{"@type":"PropertyValueSpecification","valueRequired":true,"valueName":"search_term_string"}}],"inLanguage":"pt-BR"},{"@type":"Person","@id":"https:\/\/www.gaveanews.com\/#\/schema\/person\/2ec14f73fb96be2caf28f91afb14749d","name":"Equipe G\u00e1vea News","image":{"@type":"ImageObject","inLanguage":"pt-BR","@id":"https:\/\/www.gaveanews.com\/#\/schema\/person\/image\/","url":"https:\/\/secure.gravatar.com\/avatar\/1e1956f1facbffd3f8fa53a326721950116b3b9dc9bd44939c01180fd4a745a9?s=96&d=mm&r=g","contentUrl":"https:\/\/secure.gravatar.com\/avatar\/1e1956f1facbffd3f8fa53a326721950116b3b9dc9bd44939c01180fd4a745a9?s=96&d=mm&r=g","caption":"Equipe G\u00e1vea News"}}]}},"_links":{"self":[{"href":"https:\/\/www.gaveanews.com\/index.php\/wp-json\/wp\/v2\/posts\/30692","targetHints":{"allow":["GET"]}}],"collection":[{"href":"https:\/\/www.gaveanews.com\/index.php\/wp-json\/wp\/v2\/posts"}],"about":[{"href":"https:\/\/www.gaveanews.com\/index.php\/wp-json\/wp\/v2\/types\/post"}],"author":[{"embeddable":true,"href":"https:\/\/www.gaveanews.com\/index.php\/wp-json\/wp\/v2\/users\/1"}],"replies":[{"embeddable":true,"href":"https:\/\/www.gaveanews.com\/index.php\/wp-json\/wp\/v2\/comments?post=30692"}],"version-history":[{"count":0,"href":"https:\/\/www.gaveanews.com\/index.php\/wp-json\/wp\/v2\/posts\/30692\/revisions"}],"wp:featuredmedia":[{"embeddable":true,"href":"https:\/\/www.gaveanews.com\/index.php\/wp-json\/wp\/v2\/media\/28935"}],"wp:attachment":[{"href":"https:\/\/www.gaveanews.com\/index.php\/wp-json\/wp\/v2\/media?parent=30692"}],"wp:term":[{"taxonomy":"category","embeddable":true,"href":"https:\/\/www.gaveanews.com\/index.php\/wp-json\/wp\/v2\/categories?post=30692"},{"taxonomy":"post_tag","embeddable":true,"href":"https:\/\/www.gaveanews.com\/index.php\/wp-json\/wp\/v2\/tags?post=30692"}],"curies":[{"name":"wp","href":"https:\/\/api.w.org\/{rel}","templated":true}]}}