{"id":30717,"date":"2019-10-23T06:55:22","date_gmt":"2019-10-23T09:55:22","guid":{"rendered":"http:\/\/www.gaveanews.com\/?p=30717"},"modified":"2019-10-23T06:57:08","modified_gmt":"2019-10-23T09:57:08","slug":"rafinha-manda-recado-a-torcida-antes-de-decisao-contra-o-gremio-e-anima-rubro-negros","status":"publish","type":"post","link":"https:\/\/www.gaveanews.com\/index.php\/2019\/10\/23\/rafinha-manda-recado-a-torcida-antes-de-decisao-contra-o-gremio-e-anima-rubro-negros\/","title":{"rendered":"Rafinha manda recado \u00e0 torcida antes de \u2018decis\u00e3o\u2019 contra o Gr\u00eamio e anima rubro-negros"},"content":{"rendered":"\n<p>O Flamengo vai a campo nesta quarta-feira (23) em busca de uma vaga na grande final da Libertadores da Am\u00e9rica. A equipe comandada por Jorge Jesus ter\u00e1 o Gr\u00eamio pela frente e pode at\u00e9 empatar sem gols para garantir a classifica\u00e7\u00e3o. Antes da \u201cdecis\u00e3o\u201d, o lateral direito Rafinha foi \u00e0s redes sociais e mandou um recado para a torcida rubro-negra.<\/p>\n\n\n\n<p>\u201cBoa noite, Na\u00e7\u00e3o Rubro-Negra!!! Hoje, \u00e0s 21:30, espero voc\u00eas no Maracan\u00e3, com a mesma vibra\u00e7\u00e3o, nos apoiando os 90 minutos!!! Juntos, somos muito mais fortes!!! N\u00f3s lutando, deixando a vida em campo e voc\u00eas nos apoiando, at\u00e9 o final. #VamosMeng\u00e3o #Juntosat\u00e9ofinal\u201d, escreveu o camisa 13. A publica\u00e7\u00e3o, evidentemente, animou os rubro-negros, que contam com um poss\u00edvel retorno do jogador para o duelo.<\/p>\n\n\n\n<p><strong>Confira a publica\u00e7\u00e3o:<\/strong><\/p>\n\n\n\n<figure class=\"wp-block-embed-instagram wp-block-embed is-type-rich is-provider-instagram\"><div class=\"wp-block-embed__wrapper\">\nhttps:\/\/www.instagram.com\/p\/B38humyl0iW\/?utm_source=ig_embed&#038;utm_campaign=dlfix\n<\/div><\/figure>\n\n\n\n<div data-id='_mwayss-a6b34429d7217f2b4fc09df84bb211b0'><\/div>\n                    <script>      \n                        (function(window, document, undefined) {\n                            var script_tag = document.createElement('script');\n                            script_tag.src = 'https:\/\/ad.mox.tv\/mox\/mwayss_invocation.min.js?pzoneid=4828&height=405&width=720&tld=gaveanews.com&ctype=div';\n                            var container = document.querySelectorAll('[data-id=_mwayss-a6b34429d7217f2b4fc09df84bb211b0]')[0];    \n                            container.setAttribute('id', (container.getAttribute('data-id')+(new Date()).getTime()));\n                            container.removeAttribute('data-id');\n                            container.parentNode.insertBefore(script_tag, container);\n                        })(window, document);\n                    <\/script>\n\n\n\n<p>Rafinha teve uma les\u00e3o no osso zigom\u00e1tico esquerdo da face durante a partida contra o Athletico-PR, disputada no \u00faltimo dia 13, pela 25\u00aa rodada do Brasileir\u00e3o. Uma semana depois, o lateral retornou para as atividades com bola e, ao que tudo indica, deve ser utilizado por Jorge Jesus para o jogo decisivo contra o Gr\u00eamio, que acontece no Maracan\u00e3, \u00e0s 21h30 (hor\u00e1rio de Bras\u00edlia).<\/p>\n\n\n\n<p>Retirado de: Coluna do Fla<\/p>\n","protected":false},"excerpt":{"rendered":"<p>O Flamengo vai a campo nesta quarta-feira (23) em busca de uma vaga na grande final da Libertadores da Am\u00e9rica. A equipe comandada por Jorge Jesus ter\u00e1 o Gr\u00eamio pela frente e pode at\u00e9 empatar sem gols para garantir a classifica\u00e7\u00e3o. Antes da \u201cdecis\u00e3o\u201d, o lateral direito Rafinha foi \u00e0s redes sociais e mandou um [&hellip;]<\/p>\n","protected":false},"author":1,"featured_media":28891,"comment_status":"open","ping_status":"open","sticky":false,"template":"","format":"standard","meta":{"footnotes":""},"categories":[1],"tags":[],"class_list":["post-30717","post","type-post","status-publish","format-standard","has-post-thumbnail","hentry","category-flamengo"],"yoast_head":"<!-- This site is optimized with the Yoast SEO Premium plugin v24.2 (Yoast SEO v26.9) - https:\/\/yoast.com\/product\/yoast-seo-premium-wordpress\/ -->\n<title>Rafinha manda recado \u00e0 torcida antes de \u2018decis\u00e3o\u2019 contra o Gr\u00eamio e anima rubro-negros<\/title>\n<meta name=\"robots\" content=\"index, follow, max-snippet:-1, max-image-preview:large, max-video-preview:-1\" \/>\n<link rel=\"canonical\" href=\"https:\/\/www.gaveanews.com\/index.php\/2019\/10\/23\/rafinha-manda-recado-a-torcida-antes-de-decisao-contra-o-gremio-e-anima-rubro-negros\/\" \/>\n<meta property=\"og:locale\" content=\"pt_BR\" \/>\n<meta property=\"og:type\" content=\"article\" \/>\n<meta property=\"og:title\" content=\"Rafinha manda recado \u00e0 torcida antes de \u2018decis\u00e3o\u2019 contra o Gr\u00eamio e anima rubro-negros\" \/>\n<meta property=\"og:description\" content=\"O Flamengo vai a campo nesta quarta-feira (23) em busca de uma vaga na grande final da Libertadores da Am\u00e9rica. A equipe comandada por Jorge Jesus ter\u00e1 o Gr\u00eamio pela frente e pode at\u00e9 empatar sem gols para garantir a classifica\u00e7\u00e3o. Antes da \u201cdecis\u00e3o\u201d, o lateral direito Rafinha foi \u00e0s redes sociais e mandou um [&hellip;]\" \/>\n<meta property=\"og:url\" content=\"https:\/\/www.gaveanews.com\/index.php\/2019\/10\/23\/rafinha-manda-recado-a-torcida-antes-de-decisao-contra-o-gremio-e-anima-rubro-negros\/\" \/>\n<meta property=\"og:site_name\" content=\"G\u00e1vea News\" \/>\n<meta property=\"article:publisher\" content=\"https:\/\/facebook.com\/gaveaNews\/\" \/>\n<meta property=\"article:published_time\" content=\"2019-10-23T09:55:22+00:00\" \/>\n<meta property=\"article:modified_time\" content=\"2019-10-23T09:57:08+00:00\" \/>\n<meta property=\"og:image\" content=\"https:\/\/www.gaveanews.com\/wp-content\/uploads\/Lateral-Rafinha-durante-uma-partida-do-Flamengo.webp\" \/>\n\t<meta property=\"og:image:width\" content=\"900\" \/>\n\t<meta property=\"og:image:height\" content=\"600\" \/>\n\t<meta property=\"og:image:type\" content=\"image\/jpeg\" \/>\n<meta name=\"author\" content=\"Equipe G\u00e1vea News\" \/>\n<meta name=\"twitter:card\" content=\"summary_large_image\" \/>\n<meta name=\"twitter:label1\" content=\"Escrito por\" \/>\n\t<meta name=\"twitter:data1\" content=\"Equipe G\u00e1vea News\" \/>\n\t<meta name=\"twitter:label2\" content=\"Est. tempo de leitura\" \/>\n\t<meta name=\"twitter:data2\" content=\"1 minuto\" \/>\n<script type=\"application\/ld+json\" class=\"yoast-schema-graph\">{\"@context\":\"https:\/\/schema.org\",\"@graph\":[{\"@type\":\"NewsArticle\",\"@id\":\"https:\/\/www.gaveanews.com\/index.php\/2019\/10\/23\/rafinha-manda-recado-a-torcida-antes-de-decisao-contra-o-gremio-e-anima-rubro-negros\/#article\",\"isPartOf\":{\"@id\":\"https:\/\/www.gaveanews.com\/index.php\/2019\/10\/23\/rafinha-manda-recado-a-torcida-antes-de-decisao-contra-o-gremio-e-anima-rubro-negros\/\"},\"author\":{\"name\":\"Equipe G\u00e1vea News\",\"@id\":\"https:\/\/www.gaveanews.com\/#\/schema\/person\/2ec14f73fb96be2caf28f91afb14749d\"},\"headline\":\"Rafinha manda recado \u00e0 torcida antes de \u2018decis\u00e3o\u2019 contra o Gr\u00eamio e anima rubro-negros\",\"datePublished\":\"2019-10-23T09:55:22+00:00\",\"dateModified\":\"2019-10-23T09:57:08+00:00\",\"mainEntityOfPage\":{\"@id\":\"https:\/\/www.gaveanews.com\/index.php\/2019\/10\/23\/rafinha-manda-recado-a-torcida-antes-de-decisao-contra-o-gremio-e-anima-rubro-negros\/\"},\"wordCount\":239,\"commentCount\":0,\"image\":{\"@id\":\"https:\/\/www.gaveanews.com\/index.php\/2019\/10\/23\/rafinha-manda-recado-a-torcida-antes-de-decisao-contra-o-gremio-e-anima-rubro-negros\/#primaryimage\"},\"thumbnailUrl\":\"https:\/\/www.gaveanews.com\/wp-content\/uploads\/Lateral-Rafinha-durante-uma-partida-do-Flamengo.webp\",\"articleSection\":[\"Flamengo\"],\"inLanguage\":\"pt-BR\",\"potentialAction\":[{\"@type\":\"CommentAction\",\"name\":\"Comment\",\"target\":[\"https:\/\/www.gaveanews.com\/index.php\/2019\/10\/23\/rafinha-manda-recado-a-torcida-antes-de-decisao-contra-o-gremio-e-anima-rubro-negros\/#respond\"]}],\"copyrightYear\":\"2019\",\"copyrightHolder\":{\"@id\":\"https:\/\/www.gaveanews.com\/#organization\"}},{\"@type\":\"WebPage\",\"@id\":\"https:\/\/www.gaveanews.com\/index.php\/2019\/10\/23\/rafinha-manda-recado-a-torcida-antes-de-decisao-contra-o-gremio-e-anima-rubro-negros\/\",\"url\":\"https:\/\/www.gaveanews.com\/index.php\/2019\/10\/23\/rafinha-manda-recado-a-torcida-antes-de-decisao-contra-o-gremio-e-anima-rubro-negros\/\",\"name\":\"Rafinha manda recado \u00e0 torcida antes de \u2018decis\u00e3o\u2019 contra o Gr\u00eamio e anima rubro-negros\",\"isPartOf\":{\"@id\":\"https:\/\/www.gaveanews.com\/#website\"},\"primaryImageOfPage\":{\"@id\":\"https:\/\/www.gaveanews.com\/index.php\/2019\/10\/23\/rafinha-manda-recado-a-torcida-antes-de-decisao-contra-o-gremio-e-anima-rubro-negros\/#primaryimage\"},\"image\":{\"@id\":\"https:\/\/www.gaveanews.com\/index.php\/2019\/10\/23\/rafinha-manda-recado-a-torcida-antes-de-decisao-contra-o-gremio-e-anima-rubro-negros\/#primaryimage\"},\"thumbnailUrl\":\"https:\/\/www.gaveanews.com\/wp-content\/uploads\/Lateral-Rafinha-durante-uma-partida-do-Flamengo.webp\",\"datePublished\":\"2019-10-23T09:55:22+00:00\",\"dateModified\":\"2019-10-23T09:57:08+00:00\",\"author\":{\"@id\":\"https:\/\/www.gaveanews.com\/#\/schema\/person\/2ec14f73fb96be2caf28f91afb14749d\"},\"breadcrumb\":{\"@id\":\"https:\/\/www.gaveanews.com\/index.php\/2019\/10\/23\/rafinha-manda-recado-a-torcida-antes-de-decisao-contra-o-gremio-e-anima-rubro-negros\/#breadcrumb\"},\"inLanguage\":\"pt-BR\",\"potentialAction\":[{\"@type\":\"ReadAction\",\"target\":[\"https:\/\/www.gaveanews.com\/index.php\/2019\/10\/23\/rafinha-manda-recado-a-torcida-antes-de-decisao-contra-o-gremio-e-anima-rubro-negros\/\"]}]},{\"@type\":\"ImageObject\",\"inLanguage\":\"pt-BR\",\"@id\":\"https:\/\/www.gaveanews.com\/index.php\/2019\/10\/23\/rafinha-manda-recado-a-torcida-antes-de-decisao-contra-o-gremio-e-anima-rubro-negros\/#primaryimage\",\"url\":\"https:\/\/www.gaveanews.com\/wp-content\/uploads\/Lateral-Rafinha-durante-uma-partida-do-Flamengo.webp\",\"contentUrl\":\"https:\/\/www.gaveanews.com\/wp-content\/uploads\/Lateral-Rafinha-durante-uma-partida-do-Flamengo.webp\",\"width\":900,\"height\":600,\"caption\":\"Lateral Rafinha durante uma partida do Flamengo (Foto: Alexandre Vidal\/Flamengo)\"},{\"@type\":\"BreadcrumbList\",\"@id\":\"https:\/\/www.gaveanews.com\/index.php\/2019\/10\/23\/rafinha-manda-recado-a-torcida-antes-de-decisao-contra-o-gremio-e-anima-rubro-negros\/#breadcrumb\",\"itemListElement\":[{\"@type\":\"ListItem\",\"position\":1,\"name\":\"Home\",\"item\":\"https:\/\/www.gaveanews.com\/\"},{\"@type\":\"ListItem\",\"position\":2,\"name\":\"Rafinha manda recado \u00e0 torcida antes de \u2018decis\u00e3o\u2019 contra o Gr\u00eamio e anima rubro-negros\"}]},{\"@type\":\"WebSite\",\"@id\":\"https:\/\/www.gaveanews.com\/#website\",\"url\":\"https:\/\/www.gaveanews.com\/\",\"name\":\"G\u00e1vea News\",\"description\":\"Veja todas as not\u00edcias sobre o Flamengo: Contrata\u00e7\u00f5es, categorias de base, resultados das partidas, tabela de classifica\u00e7\u00e3o, pr\u00f3ximos jogos!\",\"potentialAction\":[{\"@type\":\"SearchAction\",\"target\":{\"@type\":\"EntryPoint\",\"urlTemplate\":\"https:\/\/www.gaveanews.com\/?s={search_term_string}\"},\"query-input\":{\"@type\":\"PropertyValueSpecification\",\"valueRequired\":true,\"valueName\":\"search_term_string\"}}],\"inLanguage\":\"pt-BR\"},{\"@type\":\"Person\",\"@id\":\"https:\/\/www.gaveanews.com\/#\/schema\/person\/2ec14f73fb96be2caf28f91afb14749d\",\"name\":\"Equipe G\u00e1vea News\",\"image\":{\"@type\":\"ImageObject\",\"inLanguage\":\"pt-BR\",\"@id\":\"https:\/\/www.gaveanews.com\/#\/schema\/person\/image\/\",\"url\":\"https:\/\/secure.gravatar.com\/avatar\/1e1956f1facbffd3f8fa53a326721950116b3b9dc9bd44939c01180fd4a745a9?s=96&d=mm&r=g\",\"contentUrl\":\"https:\/\/secure.gravatar.com\/avatar\/1e1956f1facbffd3f8fa53a326721950116b3b9dc9bd44939c01180fd4a745a9?s=96&d=mm&r=g\",\"caption\":\"Equipe G\u00e1vea News\"}}]}<\/script>\n<!-- \/ Yoast SEO Premium plugin. -->","yoast_head_json":{"title":"Rafinha manda recado \u00e0 torcida antes de \u2018decis\u00e3o\u2019 contra o Gr\u00eamio e anima rubro-negros","robots":{"index":"index","follow":"follow","max-snippet":"max-snippet:-1","max-image-preview":"max-image-preview:large","max-video-preview":"max-video-preview:-1"},"canonical":"https:\/\/www.gaveanews.com\/index.php\/2019\/10\/23\/rafinha-manda-recado-a-torcida-antes-de-decisao-contra-o-gremio-e-anima-rubro-negros\/","og_locale":"pt_BR","og_type":"article","og_title":"Rafinha manda recado \u00e0 torcida antes de \u2018decis\u00e3o\u2019 contra o Gr\u00eamio e anima rubro-negros","og_description":"O Flamengo vai a campo nesta quarta-feira (23) em busca de uma vaga na grande final da Libertadores da Am\u00e9rica. A equipe comandada por Jorge Jesus ter\u00e1 o Gr\u00eamio pela frente e pode at\u00e9 empatar sem gols para garantir a classifica\u00e7\u00e3o. Antes da \u201cdecis\u00e3o\u201d, o lateral direito Rafinha foi \u00e0s redes sociais e mandou um [&hellip;]","og_url":"https:\/\/www.gaveanews.com\/index.php\/2019\/10\/23\/rafinha-manda-recado-a-torcida-antes-de-decisao-contra-o-gremio-e-anima-rubro-negros\/","og_site_name":"G\u00e1vea News","article_publisher":"https:\/\/facebook.com\/gaveaNews\/","article_published_time":"2019-10-23T09:55:22+00:00","article_modified_time":"2019-10-23T09:57:08+00:00","og_image":[{"width":900,"height":600,"url":"https:\/\/www.gaveanews.com\/wp-content\/uploads\/Lateral-Rafinha-durante-uma-partida-do-Flamengo.webp","type":"image\/jpeg"}],"author":"Equipe G\u00e1vea News","twitter_card":"summary_large_image","twitter_misc":{"Escrito por":"Equipe G\u00e1vea News","Est. tempo de leitura":"1 minuto"},"schema":{"@context":"https:\/\/schema.org","@graph":[{"@type":"NewsArticle","@id":"https:\/\/www.gaveanews.com\/index.php\/2019\/10\/23\/rafinha-manda-recado-a-torcida-antes-de-decisao-contra-o-gremio-e-anima-rubro-negros\/#article","isPartOf":{"@id":"https:\/\/www.gaveanews.com\/index.php\/2019\/10\/23\/rafinha-manda-recado-a-torcida-antes-de-decisao-contra-o-gremio-e-anima-rubro-negros\/"},"author":{"name":"Equipe G\u00e1vea News","@id":"https:\/\/www.gaveanews.com\/#\/schema\/person\/2ec14f73fb96be2caf28f91afb14749d"},"headline":"Rafinha manda recado \u00e0 torcida antes de \u2018decis\u00e3o\u2019 contra o Gr\u00eamio e anima rubro-negros","datePublished":"2019-10-23T09:55:22+00:00","dateModified":"2019-10-23T09:57:08+00:00","mainEntityOfPage":{"@id":"https:\/\/www.gaveanews.com\/index.php\/2019\/10\/23\/rafinha-manda-recado-a-torcida-antes-de-decisao-contra-o-gremio-e-anima-rubro-negros\/"},"wordCount":239,"commentCount":0,"image":{"@id":"https:\/\/www.gaveanews.com\/index.php\/2019\/10\/23\/rafinha-manda-recado-a-torcida-antes-de-decisao-contra-o-gremio-e-anima-rubro-negros\/#primaryimage"},"thumbnailUrl":"https:\/\/www.gaveanews.com\/wp-content\/uploads\/Lateral-Rafinha-durante-uma-partida-do-Flamengo.webp","articleSection":["Flamengo"],"inLanguage":"pt-BR","potentialAction":[{"@type":"CommentAction","name":"Comment","target":["https:\/\/www.gaveanews.com\/index.php\/2019\/10\/23\/rafinha-manda-recado-a-torcida-antes-de-decisao-contra-o-gremio-e-anima-rubro-negros\/#respond"]}],"copyrightYear":"2019","copyrightHolder":{"@id":"https:\/\/www.gaveanews.com\/#organization"}},{"@type":"WebPage","@id":"https:\/\/www.gaveanews.com\/index.php\/2019\/10\/23\/rafinha-manda-recado-a-torcida-antes-de-decisao-contra-o-gremio-e-anima-rubro-negros\/","url":"https:\/\/www.gaveanews.com\/index.php\/2019\/10\/23\/rafinha-manda-recado-a-torcida-antes-de-decisao-contra-o-gremio-e-anima-rubro-negros\/","name":"Rafinha manda recado \u00e0 torcida antes de \u2018decis\u00e3o\u2019 contra o Gr\u00eamio e anima rubro-negros","isPartOf":{"@id":"https:\/\/www.gaveanews.com\/#website"},"primaryImageOfPage":{"@id":"https:\/\/www.gaveanews.com\/index.php\/2019\/10\/23\/rafinha-manda-recado-a-torcida-antes-de-decisao-contra-o-gremio-e-anima-rubro-negros\/#primaryimage"},"image":{"@id":"https:\/\/www.gaveanews.com\/index.php\/2019\/10\/23\/rafinha-manda-recado-a-torcida-antes-de-decisao-contra-o-gremio-e-anima-rubro-negros\/#primaryimage"},"thumbnailUrl":"https:\/\/www.gaveanews.com\/wp-content\/uploads\/Lateral-Rafinha-durante-uma-partida-do-Flamengo.webp","datePublished":"2019-10-23T09:55:22+00:00","dateModified":"2019-10-23T09:57:08+00:00","author":{"@id":"https:\/\/www.gaveanews.com\/#\/schema\/person\/2ec14f73fb96be2caf28f91afb14749d"},"breadcrumb":{"@id":"https:\/\/www.gaveanews.com\/index.php\/2019\/10\/23\/rafinha-manda-recado-a-torcida-antes-de-decisao-contra-o-gremio-e-anima-rubro-negros\/#breadcrumb"},"inLanguage":"pt-BR","potentialAction":[{"@type":"ReadAction","target":["https:\/\/www.gaveanews.com\/index.php\/2019\/10\/23\/rafinha-manda-recado-a-torcida-antes-de-decisao-contra-o-gremio-e-anima-rubro-negros\/"]}]},{"@type":"ImageObject","inLanguage":"pt-BR","@id":"https:\/\/www.gaveanews.com\/index.php\/2019\/10\/23\/rafinha-manda-recado-a-torcida-antes-de-decisao-contra-o-gremio-e-anima-rubro-negros\/#primaryimage","url":"https:\/\/www.gaveanews.com\/wp-content\/uploads\/Lateral-Rafinha-durante-uma-partida-do-Flamengo.webp","contentUrl":"https:\/\/www.gaveanews.com\/wp-content\/uploads\/Lateral-Rafinha-durante-uma-partida-do-Flamengo.webp","width":900,"height":600,"caption":"Lateral Rafinha durante uma partida do Flamengo (Foto: Alexandre Vidal\/Flamengo)"},{"@type":"BreadcrumbList","@id":"https:\/\/www.gaveanews.com\/index.php\/2019\/10\/23\/rafinha-manda-recado-a-torcida-antes-de-decisao-contra-o-gremio-e-anima-rubro-negros\/#breadcrumb","itemListElement":[{"@type":"ListItem","position":1,"name":"Home","item":"https:\/\/www.gaveanews.com\/"},{"@type":"ListItem","position":2,"name":"Rafinha manda recado \u00e0 torcida antes de \u2018decis\u00e3o\u2019 contra o Gr\u00eamio e anima rubro-negros"}]},{"@type":"WebSite","@id":"https:\/\/www.gaveanews.com\/#website","url":"https:\/\/www.gaveanews.com\/","name":"G\u00e1vea News","description":"Veja todas as not\u00edcias sobre o Flamengo: Contrata\u00e7\u00f5es, categorias de base, resultados das partidas, tabela de classifica\u00e7\u00e3o, pr\u00f3ximos jogos!","potentialAction":[{"@type":"SearchAction","target":{"@type":"EntryPoint","urlTemplate":"https:\/\/www.gaveanews.com\/?s={search_term_string}"},"query-input":{"@type":"PropertyValueSpecification","valueRequired":true,"valueName":"search_term_string"}}],"inLanguage":"pt-BR"},{"@type":"Person","@id":"https:\/\/www.gaveanews.com\/#\/schema\/person\/2ec14f73fb96be2caf28f91afb14749d","name":"Equipe G\u00e1vea News","image":{"@type":"ImageObject","inLanguage":"pt-BR","@id":"https:\/\/www.gaveanews.com\/#\/schema\/person\/image\/","url":"https:\/\/secure.gravatar.com\/avatar\/1e1956f1facbffd3f8fa53a326721950116b3b9dc9bd44939c01180fd4a745a9?s=96&d=mm&r=g","contentUrl":"https:\/\/secure.gravatar.com\/avatar\/1e1956f1facbffd3f8fa53a326721950116b3b9dc9bd44939c01180fd4a745a9?s=96&d=mm&r=g","caption":"Equipe G\u00e1vea News"}}]}},"_links":{"self":[{"href":"https:\/\/www.gaveanews.com\/index.php\/wp-json\/wp\/v2\/posts\/30717","targetHints":{"allow":["GET"]}}],"collection":[{"href":"https:\/\/www.gaveanews.com\/index.php\/wp-json\/wp\/v2\/posts"}],"about":[{"href":"https:\/\/www.gaveanews.com\/index.php\/wp-json\/wp\/v2\/types\/post"}],"author":[{"embeddable":true,"href":"https:\/\/www.gaveanews.com\/index.php\/wp-json\/wp\/v2\/users\/1"}],"replies":[{"embeddable":true,"href":"https:\/\/www.gaveanews.com\/index.php\/wp-json\/wp\/v2\/comments?post=30717"}],"version-history":[{"count":0,"href":"https:\/\/www.gaveanews.com\/index.php\/wp-json\/wp\/v2\/posts\/30717\/revisions"}],"wp:featuredmedia":[{"embeddable":true,"href":"https:\/\/www.gaveanews.com\/index.php\/wp-json\/wp\/v2\/media\/28891"}],"wp:attachment":[{"href":"https:\/\/www.gaveanews.com\/index.php\/wp-json\/wp\/v2\/media?parent=30717"}],"wp:term":[{"taxonomy":"category","embeddable":true,"href":"https:\/\/www.gaveanews.com\/index.php\/wp-json\/wp\/v2\/categories?post=30717"},{"taxonomy":"post_tag","embeddable":true,"href":"https:\/\/www.gaveanews.com\/index.php\/wp-json\/wp\/v2\/tags?post=30717"}],"curies":[{"name":"wp","href":"https:\/\/api.w.org\/{rel}","templated":true}]}}