{"id":31128,"date":"2019-10-31T08:04:17","date_gmt":"2019-10-31T11:04:17","guid":{"rendered":"http:\/\/www.gaveanews.com\/?p=31128"},"modified":"2019-10-31T08:04:18","modified_gmt":"2019-10-31T11:04:18","slug":"com-a-defesa-mais-vazada-do-brasileiro-lateral-do-goias-afirma-nao-ter-medo-do-flamengo","status":"publish","type":"post","link":"https:\/\/www.gaveanews.com\/index.php\/2019\/10\/31\/com-a-defesa-mais-vazada-do-brasileiro-lateral-do-goias-afirma-nao-ter-medo-do-flamengo\/","title":{"rendered":"Com a defesa mais vazada do Brasileiro, lateral do Goi\u00e1s afirma \u2018n\u00e3o ter medo do Flamengo\u2019"},"content":{"rendered":"\n<p>A partida entre Flamengo e Goi\u00e1s reedita a estreia de Jorge Jesus pelo Campeonato Brasileiro. O placar no Rio de Janeiro foi, at\u00e9 hoje, a maior goleada do portugu\u00eas sob o comando da equipe e tamb\u00e9m do torneio \u2013 empatado com o Santos, que tamb\u00e9m fez 6 a 1 na equipe goiana, e com o Gr\u00eamio contra o Avai. De l\u00e1 para c\u00e1, o Rubro-Negro mudou completamente, inclusive seu posicionamento na tabela. Hoje, \u00e9 l\u00edder com sobras, possui o melhor ataque da competi\u00e7\u00e3o e \u00e9, tamb\u00e9m, finalista da Copa Libertadores da Am\u00e9rica. A fase brilhante, por\u00e9m, parece n\u00e3o assustar Jefferson, lateral esmeraldino.<\/p>\n\n\n\n<p>\u2013 Temos consci\u00eancia que a equipe dele tem o melhor ataque, ent\u00e3o vamos trabalhar para tentar parar. Sei que vai ser dif\u00edcil, mas estamos jogando em casa. Acho que esse jogo vai ser bem diferente, nossa equipe est\u00e1 com postura diferente e n\u00e3o temos medo nenhum da equipe do Flamengo -, declarou.<\/p>\n\n\n\n<p>O Goi\u00e1s, apesar do bom segundo turno, ainda possui a defesa mais vazada do Brasileir\u00e3o. Foram dez gols sofridos nos \u00faltimos seis desafios. O Flamengo, por sua vez, sofreu quatro tentos contra nos \u00faltimos dez confrontos que disputou. O ataque rubro-negro \u00e9 o que chama aten\u00e7\u00e3o: s\u00e3o 117 bolas na rede em 2019.<\/p>\n\n\n\n<p>Embalado, a equipe comandada por Jorge Jesus busca se manter na lideran\u00e7a com a vantagem m\u00ednima de dez pontos para o vice-l\u00edder, Palmeiras. Para isso, precisa vencer o Goi\u00e1s na pr\u00f3xima quinta-feira (31), \u00e0s 20h, no Serra Dourada.<\/p>\n\n\n\n<p>Retirado de: <a href=\"https:\/\/colunadofla.com\/2019\/10\/virou-rotina-com-a-defesa-mais-vazada-do-brasileiro-lateral-do-goias-afirma-nao-ter-medo-do-flamengo\/\">Coluna do Fla<\/a><\/p>\n","protected":false},"excerpt":{"rendered":"<p>A partida entre Flamengo e Goi\u00e1s reedita a estreia de Jorge Jesus pelo Campeonato Brasileiro. O placar no Rio de Janeiro foi, at\u00e9 hoje, a maior goleada do portugu\u00eas sob o comando da equipe e tamb\u00e9m do torneio \u2013 empatado com o Santos, que tamb\u00e9m fez 6 a 1 na equipe goiana, e com o [&hellip;]<\/p>\n","protected":false},"author":1,"featured_media":31014,"comment_status":"open","ping_status":"open","sticky":false,"template":"","format":"standard","meta":{"footnotes":""},"categories":[1],"tags":[],"class_list":["post-31128","post","type-post","status-publish","format-standard","has-post-thumbnail","hentry","category-flamengo"],"yoast_head":"<!-- This site is optimized with the Yoast SEO Premium plugin v24.2 (Yoast SEO v26.9) - https:\/\/yoast.com\/product\/yoast-seo-premium-wordpress\/ -->\n<title>Com a defesa mais vazada do Brasileiro, lateral do Goi\u00e1s afirma \u2018n\u00e3o ter medo do Flamengo\u2019<\/title>\n<meta name=\"robots\" content=\"index, follow, max-snippet:-1, max-image-preview:large, max-video-preview:-1\" \/>\n<link rel=\"canonical\" href=\"https:\/\/www.gaveanews.com\/index.php\/2019\/10\/31\/com-a-defesa-mais-vazada-do-brasileiro-lateral-do-goias-afirma-nao-ter-medo-do-flamengo\/\" \/>\n<meta property=\"og:locale\" content=\"pt_BR\" \/>\n<meta property=\"og:type\" content=\"article\" \/>\n<meta property=\"og:title\" content=\"Com a defesa mais vazada do Brasileiro, lateral do Goi\u00e1s afirma \u2018n\u00e3o ter medo do Flamengo\u2019\" \/>\n<meta property=\"og:description\" content=\"A partida entre Flamengo e Goi\u00e1s reedita a estreia de Jorge Jesus pelo Campeonato Brasileiro. O placar no Rio de Janeiro foi, at\u00e9 hoje, a maior goleada do portugu\u00eas sob o comando da equipe e tamb\u00e9m do torneio \u2013 empatado com o Santos, que tamb\u00e9m fez 6 a 1 na equipe goiana, e com o [&hellip;]\" \/>\n<meta property=\"og:url\" content=\"https:\/\/www.gaveanews.com\/index.php\/2019\/10\/31\/com-a-defesa-mais-vazada-do-brasileiro-lateral-do-goias-afirma-nao-ter-medo-do-flamengo\/\" \/>\n<meta property=\"og:site_name\" content=\"G\u00e1vea News\" \/>\n<meta property=\"article:publisher\" content=\"https:\/\/facebook.com\/gaveaNews\/\" \/>\n<meta property=\"article:published_time\" content=\"2019-10-31T11:04:17+00:00\" \/>\n<meta property=\"article:modified_time\" content=\"2019-10-31T11:04:18+00:00\" \/>\n<meta property=\"og:image\" content=\"https:\/\/www.gaveanews.com\/wp-content\/uploads\/Atacante-Gabigol-em-acao-pelo-Flamengo-no-estadio-do-Maracana.webp\" \/>\n\t<meta property=\"og:image:width\" content=\"1\" \/>\n\t<meta property=\"og:image:height\" content=\"1\" \/>\n\t<meta property=\"og:image:type\" content=\"image\/jpeg\" \/>\n<meta name=\"author\" content=\"Equipe G\u00e1vea News\" \/>\n<meta name=\"twitter:card\" content=\"summary_large_image\" \/>\n<meta name=\"twitter:label1\" content=\"Escrito por\" \/>\n\t<meta name=\"twitter:data1\" content=\"Equipe G\u00e1vea News\" \/>\n\t<meta name=\"twitter:label2\" content=\"Est. tempo de leitura\" \/>\n\t<meta name=\"twitter:data2\" content=\"1 minuto\" \/>\n<script type=\"application\/ld+json\" class=\"yoast-schema-graph\">{\"@context\":\"https:\/\/schema.org\",\"@graph\":[{\"@type\":\"NewsArticle\",\"@id\":\"https:\/\/www.gaveanews.com\/index.php\/2019\/10\/31\/com-a-defesa-mais-vazada-do-brasileiro-lateral-do-goias-afirma-nao-ter-medo-do-flamengo\/#article\",\"isPartOf\":{\"@id\":\"https:\/\/www.gaveanews.com\/index.php\/2019\/10\/31\/com-a-defesa-mais-vazada-do-brasileiro-lateral-do-goias-afirma-nao-ter-medo-do-flamengo\/\"},\"author\":{\"name\":\"Equipe G\u00e1vea News\",\"@id\":\"https:\/\/www.gaveanews.com\/#\/schema\/person\/2ec14f73fb96be2caf28f91afb14749d\"},\"headline\":\"Com a defesa mais vazada do Brasileiro, lateral do Goi\u00e1s afirma \u2018n\u00e3o ter medo do Flamengo\u2019\",\"datePublished\":\"2019-10-31T11:04:17+00:00\",\"dateModified\":\"2019-10-31T11:04:18+00:00\",\"mainEntityOfPage\":{\"@id\":\"https:\/\/www.gaveanews.com\/index.php\/2019\/10\/31\/com-a-defesa-mais-vazada-do-brasileiro-lateral-do-goias-afirma-nao-ter-medo-do-flamengo\/\"},\"wordCount\":282,\"commentCount\":0,\"image\":{\"@id\":\"https:\/\/www.gaveanews.com\/index.php\/2019\/10\/31\/com-a-defesa-mais-vazada-do-brasileiro-lateral-do-goias-afirma-nao-ter-medo-do-flamengo\/#primaryimage\"},\"thumbnailUrl\":\"https:\/\/www.gaveanews.com\/wp-content\/uploads\/Atacante-Gabigol-em-acao-pelo-Flamengo-no-estadio-do-Maracana.webp\",\"articleSection\":[\"Flamengo\"],\"inLanguage\":\"pt-BR\",\"potentialAction\":[{\"@type\":\"CommentAction\",\"name\":\"Comment\",\"target\":[\"https:\/\/www.gaveanews.com\/index.php\/2019\/10\/31\/com-a-defesa-mais-vazada-do-brasileiro-lateral-do-goias-afirma-nao-ter-medo-do-flamengo\/#respond\"]}],\"copyrightYear\":\"2019\",\"copyrightHolder\":{\"@id\":\"https:\/\/www.gaveanews.com\/#organization\"}},{\"@type\":\"WebPage\",\"@id\":\"https:\/\/www.gaveanews.com\/index.php\/2019\/10\/31\/com-a-defesa-mais-vazada-do-brasileiro-lateral-do-goias-afirma-nao-ter-medo-do-flamengo\/\",\"url\":\"https:\/\/www.gaveanews.com\/index.php\/2019\/10\/31\/com-a-defesa-mais-vazada-do-brasileiro-lateral-do-goias-afirma-nao-ter-medo-do-flamengo\/\",\"name\":\"Com a defesa mais vazada do Brasileiro, lateral do Goi\u00e1s afirma \u2018n\u00e3o ter medo do Flamengo\u2019\",\"isPartOf\":{\"@id\":\"https:\/\/www.gaveanews.com\/#website\"},\"primaryImageOfPage\":{\"@id\":\"https:\/\/www.gaveanews.com\/index.php\/2019\/10\/31\/com-a-defesa-mais-vazada-do-brasileiro-lateral-do-goias-afirma-nao-ter-medo-do-flamengo\/#primaryimage\"},\"image\":{\"@id\":\"https:\/\/www.gaveanews.com\/index.php\/2019\/10\/31\/com-a-defesa-mais-vazada-do-brasileiro-lateral-do-goias-afirma-nao-ter-medo-do-flamengo\/#primaryimage\"},\"thumbnailUrl\":\"https:\/\/www.gaveanews.com\/wp-content\/uploads\/Atacante-Gabigol-em-acao-pelo-Flamengo-no-estadio-do-Maracana.webp\",\"datePublished\":\"2019-10-31T11:04:17+00:00\",\"dateModified\":\"2019-10-31T11:04:18+00:00\",\"author\":{\"@id\":\"https:\/\/www.gaveanews.com\/#\/schema\/person\/2ec14f73fb96be2caf28f91afb14749d\"},\"breadcrumb\":{\"@id\":\"https:\/\/www.gaveanews.com\/index.php\/2019\/10\/31\/com-a-defesa-mais-vazada-do-brasileiro-lateral-do-goias-afirma-nao-ter-medo-do-flamengo\/#breadcrumb\"},\"inLanguage\":\"pt-BR\",\"potentialAction\":[{\"@type\":\"ReadAction\",\"target\":[\"https:\/\/www.gaveanews.com\/index.php\/2019\/10\/31\/com-a-defesa-mais-vazada-do-brasileiro-lateral-do-goias-afirma-nao-ter-medo-do-flamengo\/\"]}]},{\"@type\":\"ImageObject\",\"inLanguage\":\"pt-BR\",\"@id\":\"https:\/\/www.gaveanews.com\/index.php\/2019\/10\/31\/com-a-defesa-mais-vazada-do-brasileiro-lateral-do-goias-afirma-nao-ter-medo-do-flamengo\/#primaryimage\",\"url\":\"https:\/\/www.gaveanews.com\/wp-content\/uploads\/Atacante-Gabigol-em-acao-pelo-Flamengo-no-estadio-do-Maracana.webp\",\"contentUrl\":\"https:\/\/www.gaveanews.com\/wp-content\/uploads\/Atacante-Gabigol-em-acao-pelo-Flamengo-no-estadio-do-Maracana.webp\",\"caption\":\"Atacante Gabigol em a\u00e7\u00e3o pelo Flamengo no est\u00e1dio do Maracan\u00e3 (Foto: Marcelo Cortes\/Flamengo)\"},{\"@type\":\"BreadcrumbList\",\"@id\":\"https:\/\/www.gaveanews.com\/index.php\/2019\/10\/31\/com-a-defesa-mais-vazada-do-brasileiro-lateral-do-goias-afirma-nao-ter-medo-do-flamengo\/#breadcrumb\",\"itemListElement\":[{\"@type\":\"ListItem\",\"position\":1,\"name\":\"Home\",\"item\":\"https:\/\/www.gaveanews.com\/\"},{\"@type\":\"ListItem\",\"position\":2,\"name\":\"Com a defesa mais vazada do Brasileiro, lateral do Goi\u00e1s afirma \u2018n\u00e3o ter medo do Flamengo\u2019\"}]},{\"@type\":\"WebSite\",\"@id\":\"https:\/\/www.gaveanews.com\/#website\",\"url\":\"https:\/\/www.gaveanews.com\/\",\"name\":\"G\u00e1vea News\",\"description\":\"Veja todas as not\u00edcias sobre o Flamengo: Contrata\u00e7\u00f5es, categorias de base, resultados das partidas, tabela de classifica\u00e7\u00e3o, pr\u00f3ximos jogos!\",\"potentialAction\":[{\"@type\":\"SearchAction\",\"target\":{\"@type\":\"EntryPoint\",\"urlTemplate\":\"https:\/\/www.gaveanews.com\/?s={search_term_string}\"},\"query-input\":{\"@type\":\"PropertyValueSpecification\",\"valueRequired\":true,\"valueName\":\"search_term_string\"}}],\"inLanguage\":\"pt-BR\"},{\"@type\":\"Person\",\"@id\":\"https:\/\/www.gaveanews.com\/#\/schema\/person\/2ec14f73fb96be2caf28f91afb14749d\",\"name\":\"Equipe G\u00e1vea News\",\"image\":{\"@type\":\"ImageObject\",\"inLanguage\":\"pt-BR\",\"@id\":\"https:\/\/www.gaveanews.com\/#\/schema\/person\/image\/\",\"url\":\"https:\/\/secure.gravatar.com\/avatar\/1e1956f1facbffd3f8fa53a326721950116b3b9dc9bd44939c01180fd4a745a9?s=96&d=mm&r=g\",\"contentUrl\":\"https:\/\/secure.gravatar.com\/avatar\/1e1956f1facbffd3f8fa53a326721950116b3b9dc9bd44939c01180fd4a745a9?s=96&d=mm&r=g\",\"caption\":\"Equipe G\u00e1vea News\"}}]}<\/script>\n<!-- \/ Yoast SEO Premium plugin. -->","yoast_head_json":{"title":"Com a defesa mais vazada do Brasileiro, lateral do Goi\u00e1s afirma \u2018n\u00e3o ter medo do Flamengo\u2019","robots":{"index":"index","follow":"follow","max-snippet":"max-snippet:-1","max-image-preview":"max-image-preview:large","max-video-preview":"max-video-preview:-1"},"canonical":"https:\/\/www.gaveanews.com\/index.php\/2019\/10\/31\/com-a-defesa-mais-vazada-do-brasileiro-lateral-do-goias-afirma-nao-ter-medo-do-flamengo\/","og_locale":"pt_BR","og_type":"article","og_title":"Com a defesa mais vazada do Brasileiro, lateral do Goi\u00e1s afirma \u2018n\u00e3o ter medo do Flamengo\u2019","og_description":"A partida entre Flamengo e Goi\u00e1s reedita a estreia de Jorge Jesus pelo Campeonato Brasileiro. O placar no Rio de Janeiro foi, at\u00e9 hoje, a maior goleada do portugu\u00eas sob o comando da equipe e tamb\u00e9m do torneio \u2013 empatado com o Santos, que tamb\u00e9m fez 6 a 1 na equipe goiana, e com o [&hellip;]","og_url":"https:\/\/www.gaveanews.com\/index.php\/2019\/10\/31\/com-a-defesa-mais-vazada-do-brasileiro-lateral-do-goias-afirma-nao-ter-medo-do-flamengo\/","og_site_name":"G\u00e1vea News","article_publisher":"https:\/\/facebook.com\/gaveaNews\/","article_published_time":"2019-10-31T11:04:17+00:00","article_modified_time":"2019-10-31T11:04:18+00:00","og_image":[{"url":"https:\/\/www.gaveanews.com\/wp-content\/uploads\/Atacante-Gabigol-em-acao-pelo-Flamengo-no-estadio-do-Maracana.webp","width":1,"height":1,"type":"image\/jpeg"}],"author":"Equipe G\u00e1vea News","twitter_card":"summary_large_image","twitter_misc":{"Escrito por":"Equipe G\u00e1vea News","Est. tempo de leitura":"1 minuto"},"schema":{"@context":"https:\/\/schema.org","@graph":[{"@type":"NewsArticle","@id":"https:\/\/www.gaveanews.com\/index.php\/2019\/10\/31\/com-a-defesa-mais-vazada-do-brasileiro-lateral-do-goias-afirma-nao-ter-medo-do-flamengo\/#article","isPartOf":{"@id":"https:\/\/www.gaveanews.com\/index.php\/2019\/10\/31\/com-a-defesa-mais-vazada-do-brasileiro-lateral-do-goias-afirma-nao-ter-medo-do-flamengo\/"},"author":{"name":"Equipe G\u00e1vea News","@id":"https:\/\/www.gaveanews.com\/#\/schema\/person\/2ec14f73fb96be2caf28f91afb14749d"},"headline":"Com a defesa mais vazada do Brasileiro, lateral do Goi\u00e1s afirma \u2018n\u00e3o ter medo do Flamengo\u2019","datePublished":"2019-10-31T11:04:17+00:00","dateModified":"2019-10-31T11:04:18+00:00","mainEntityOfPage":{"@id":"https:\/\/www.gaveanews.com\/index.php\/2019\/10\/31\/com-a-defesa-mais-vazada-do-brasileiro-lateral-do-goias-afirma-nao-ter-medo-do-flamengo\/"},"wordCount":282,"commentCount":0,"image":{"@id":"https:\/\/www.gaveanews.com\/index.php\/2019\/10\/31\/com-a-defesa-mais-vazada-do-brasileiro-lateral-do-goias-afirma-nao-ter-medo-do-flamengo\/#primaryimage"},"thumbnailUrl":"https:\/\/www.gaveanews.com\/wp-content\/uploads\/Atacante-Gabigol-em-acao-pelo-Flamengo-no-estadio-do-Maracana.webp","articleSection":["Flamengo"],"inLanguage":"pt-BR","potentialAction":[{"@type":"CommentAction","name":"Comment","target":["https:\/\/www.gaveanews.com\/index.php\/2019\/10\/31\/com-a-defesa-mais-vazada-do-brasileiro-lateral-do-goias-afirma-nao-ter-medo-do-flamengo\/#respond"]}],"copyrightYear":"2019","copyrightHolder":{"@id":"https:\/\/www.gaveanews.com\/#organization"}},{"@type":"WebPage","@id":"https:\/\/www.gaveanews.com\/index.php\/2019\/10\/31\/com-a-defesa-mais-vazada-do-brasileiro-lateral-do-goias-afirma-nao-ter-medo-do-flamengo\/","url":"https:\/\/www.gaveanews.com\/index.php\/2019\/10\/31\/com-a-defesa-mais-vazada-do-brasileiro-lateral-do-goias-afirma-nao-ter-medo-do-flamengo\/","name":"Com a defesa mais vazada do Brasileiro, lateral do Goi\u00e1s afirma \u2018n\u00e3o ter medo do Flamengo\u2019","isPartOf":{"@id":"https:\/\/www.gaveanews.com\/#website"},"primaryImageOfPage":{"@id":"https:\/\/www.gaveanews.com\/index.php\/2019\/10\/31\/com-a-defesa-mais-vazada-do-brasileiro-lateral-do-goias-afirma-nao-ter-medo-do-flamengo\/#primaryimage"},"image":{"@id":"https:\/\/www.gaveanews.com\/index.php\/2019\/10\/31\/com-a-defesa-mais-vazada-do-brasileiro-lateral-do-goias-afirma-nao-ter-medo-do-flamengo\/#primaryimage"},"thumbnailUrl":"https:\/\/www.gaveanews.com\/wp-content\/uploads\/Atacante-Gabigol-em-acao-pelo-Flamengo-no-estadio-do-Maracana.webp","datePublished":"2019-10-31T11:04:17+00:00","dateModified":"2019-10-31T11:04:18+00:00","author":{"@id":"https:\/\/www.gaveanews.com\/#\/schema\/person\/2ec14f73fb96be2caf28f91afb14749d"},"breadcrumb":{"@id":"https:\/\/www.gaveanews.com\/index.php\/2019\/10\/31\/com-a-defesa-mais-vazada-do-brasileiro-lateral-do-goias-afirma-nao-ter-medo-do-flamengo\/#breadcrumb"},"inLanguage":"pt-BR","potentialAction":[{"@type":"ReadAction","target":["https:\/\/www.gaveanews.com\/index.php\/2019\/10\/31\/com-a-defesa-mais-vazada-do-brasileiro-lateral-do-goias-afirma-nao-ter-medo-do-flamengo\/"]}]},{"@type":"ImageObject","inLanguage":"pt-BR","@id":"https:\/\/www.gaveanews.com\/index.php\/2019\/10\/31\/com-a-defesa-mais-vazada-do-brasileiro-lateral-do-goias-afirma-nao-ter-medo-do-flamengo\/#primaryimage","url":"https:\/\/www.gaveanews.com\/wp-content\/uploads\/Atacante-Gabigol-em-acao-pelo-Flamengo-no-estadio-do-Maracana.webp","contentUrl":"https:\/\/www.gaveanews.com\/wp-content\/uploads\/Atacante-Gabigol-em-acao-pelo-Flamengo-no-estadio-do-Maracana.webp","caption":"Atacante Gabigol em a\u00e7\u00e3o pelo Flamengo no est\u00e1dio do Maracan\u00e3 (Foto: Marcelo Cortes\/Flamengo)"},{"@type":"BreadcrumbList","@id":"https:\/\/www.gaveanews.com\/index.php\/2019\/10\/31\/com-a-defesa-mais-vazada-do-brasileiro-lateral-do-goias-afirma-nao-ter-medo-do-flamengo\/#breadcrumb","itemListElement":[{"@type":"ListItem","position":1,"name":"Home","item":"https:\/\/www.gaveanews.com\/"},{"@type":"ListItem","position":2,"name":"Com a defesa mais vazada do Brasileiro, lateral do Goi\u00e1s afirma \u2018n\u00e3o ter medo do Flamengo\u2019"}]},{"@type":"WebSite","@id":"https:\/\/www.gaveanews.com\/#website","url":"https:\/\/www.gaveanews.com\/","name":"G\u00e1vea News","description":"Veja todas as not\u00edcias sobre o Flamengo: Contrata\u00e7\u00f5es, categorias de base, resultados das partidas, tabela de classifica\u00e7\u00e3o, pr\u00f3ximos jogos!","potentialAction":[{"@type":"SearchAction","target":{"@type":"EntryPoint","urlTemplate":"https:\/\/www.gaveanews.com\/?s={search_term_string}"},"query-input":{"@type":"PropertyValueSpecification","valueRequired":true,"valueName":"search_term_string"}}],"inLanguage":"pt-BR"},{"@type":"Person","@id":"https:\/\/www.gaveanews.com\/#\/schema\/person\/2ec14f73fb96be2caf28f91afb14749d","name":"Equipe G\u00e1vea News","image":{"@type":"ImageObject","inLanguage":"pt-BR","@id":"https:\/\/www.gaveanews.com\/#\/schema\/person\/image\/","url":"https:\/\/secure.gravatar.com\/avatar\/1e1956f1facbffd3f8fa53a326721950116b3b9dc9bd44939c01180fd4a745a9?s=96&d=mm&r=g","contentUrl":"https:\/\/secure.gravatar.com\/avatar\/1e1956f1facbffd3f8fa53a326721950116b3b9dc9bd44939c01180fd4a745a9?s=96&d=mm&r=g","caption":"Equipe G\u00e1vea News"}}]}},"_links":{"self":[{"href":"https:\/\/www.gaveanews.com\/index.php\/wp-json\/wp\/v2\/posts\/31128","targetHints":{"allow":["GET"]}}],"collection":[{"href":"https:\/\/www.gaveanews.com\/index.php\/wp-json\/wp\/v2\/posts"}],"about":[{"href":"https:\/\/www.gaveanews.com\/index.php\/wp-json\/wp\/v2\/types\/post"}],"author":[{"embeddable":true,"href":"https:\/\/www.gaveanews.com\/index.php\/wp-json\/wp\/v2\/users\/1"}],"replies":[{"embeddable":true,"href":"https:\/\/www.gaveanews.com\/index.php\/wp-json\/wp\/v2\/comments?post=31128"}],"version-history":[{"count":0,"href":"https:\/\/www.gaveanews.com\/index.php\/wp-json\/wp\/v2\/posts\/31128\/revisions"}],"wp:featuredmedia":[{"embeddable":true,"href":"https:\/\/www.gaveanews.com\/index.php\/wp-json\/wp\/v2\/media\/31014"}],"wp:attachment":[{"href":"https:\/\/www.gaveanews.com\/index.php\/wp-json\/wp\/v2\/media?parent=31128"}],"wp:term":[{"taxonomy":"category","embeddable":true,"href":"https:\/\/www.gaveanews.com\/index.php\/wp-json\/wp\/v2\/categories?post=31128"},{"taxonomy":"post_tag","embeddable":true,"href":"https:\/\/www.gaveanews.com\/index.php\/wp-json\/wp\/v2\/tags?post=31128"}],"curies":[{"name":"wp","href":"https:\/\/api.w.org\/{rel}","templated":true}]}}