{"id":31332,"date":"2019-11-04T09:59:27","date_gmt":"2019-11-04T11:59:27","guid":{"rendered":"http:\/\/www.gaveanews.com\/?p=31332"},"modified":"2019-11-04T09:59:28","modified_gmt":"2019-11-04T11:59:28","slug":"apos-declaracao-de-marcos-braz-jornal-revela-quando-gabigol-ira-definir-o-seu-futuro","status":"publish","type":"post","link":"https:\/\/www.gaveanews.com\/index.php\/2019\/11\/04\/apos-declaracao-de-marcos-braz-jornal-revela-quando-gabigol-ira-definir-o-seu-futuro\/","title":{"rendered":"Ap\u00f3s declara\u00e7\u00e3o de Marcos Braz, jornal revela quando Gabigol ir\u00e1 definir o seu futuro"},"content":{"rendered":"\n<p>O t\u00e9cnico Jorge Jesus dava entrevista coletiva e comentava a retomada do desempenho do Flamengo, pressionado em manter a dist\u00e2ncia de oito pontos sobre o Palmeiras na lideran\u00e7a do Brasileiro, quando o vice de futebol Marcos Braz trouxe \u00e0 tona um impasse. Na sa\u00edda do vesti\u00e1rio no Maracan\u00e3, o dirigente cobrou o atacante Gabigol, que sequer atuou contra o Corinthians, sobre sua perman\u00eancia no Rubro-Negro na pr\u00f3xima temporada.<\/p>\n\n\n\n<p>Segundo Braz, o Flamengo j\u00e1 fez uma proposta \u00e0 Inter de Mil\u00e3o e encaminhou o acordo de compra, mas o atleta segue sem dar uma resposta sobre o futuro. O jornal &#8216;<em>O Globo<\/em>&#8216; apurou que a proposta \u00e9 pela compra de 80% dos direitos em um novo contrato de at\u00e9 cinco anos, com multa definida.<\/p>\n\n\n\n<p>\u2014 Ele tem que decidir a vida dele, se quer estar aqui em 2020. A situa\u00e7\u00e3o est\u00e1 com ele. Com a Inter, est\u00e1 tudo muito bem encaminhado, equacionado. Agora, a decis\u00e3o \u00e9 dele \u2014 afirmou Braz, que completou:<\/p>\n\n\n\n<p>\u2014 O Flamengo fez a proposta, est\u00e1 tudo equacionado. Agora, vamos ver se ele quer jogar em 2020 no Flamengo \u2014 refor\u00e7ou.<\/p>\n\n\n\n<p>As declara\u00e7\u00f5es soaram como um recado em hora errada. A explica\u00e7\u00e3o \u00e9 a necessidade de o clube iniciar o planejamento para 2020. Se n\u00e3o puder contar com o atacante, o Flamengo j\u00e1 quer pensar em um plano B. Tanto que a sinaliza\u00e7\u00e3o positiva dos italianos j\u00e1 tem quase dois meses. Por isso, h\u00e1 desconforto na diretoria por uma demora na resposta. Diretor de futebol, Bruno Spindel lidera a opera\u00e7\u00e3o e n\u00e3o quer perder o acordo alinhado por uma eventual oferta de um gigante europeu no fim do ano. O Flamengo tamb\u00e9m n\u00e3o gostaria de arrastar a negocia\u00e7\u00e3o para dezembro, sobretudo se for para o Mundial.<\/p>\n\n\n\n<p>Do lado do atleta, a ideia sempre foi aguardar o fim das partidas decisivas da temporada para definir o seu futuro no clube. Ainda de acordo com o &#8216;<em>O Globo<\/em>&#8216; tamb\u00e9m apurou que Gabigol s\u00f3 quer fazer isso ap\u00f3s a final da Libertadores contra o River Plate, no dia 23.<\/p>\n\n\n\n<p>O jogador e seus representantes entendem que os t\u00edtulos ou a aus\u00eancia deles podem influenciar na valoriza\u00e7\u00e3o. Tanto que pediram para adiar a resposta desde as quartas de final da Libertadores. A vis\u00e3o do Flamengo \u00e9 que o ideal \u00e9 resolver logo, embora o empr\u00e9stimo se encerre no fim do ano.<\/p>\n\n\n\n<p>\u2014 O prazo, teoricamente, \u00e9 o \u00faltimo dia de contrato dele. Mas, n\u00e3o vou ficar esperando at\u00e9 o \u00faltimo dia. Estamos em reta final de temporada. Ele \u00e9 superimportante para o Flamengo. At\u00e9 por essa import\u00e2ncia, uma reposi\u00e7\u00e3o tem que ser feita com calma e tranquilidade. A prioridade \u00e9 o Gabriel, a gente quer o Gabriel. Mas, tem que ver o que ele quer \u2014 explicou Marcos Braz.<\/p>\n\n\n\n<p>O t\u00e9cnico Jorge Jesus aproveitou o gancho e falou sobre Gabigol. Mas n\u00e3o entrou no m\u00e9rito da renova\u00e7\u00e3o. Disse apenas que com ele o jogador tem um momento melhor do que o que teve no futebol europeu.<\/p>\n\n\n\n<p>\u2014 \u00c9 uma refer\u00eancia, \u00e9 um jogador de Sele\u00e7\u00e3o. No Benfica ningu\u00e9m sabia se jogava ou n\u00e3o. Aqui, \u00e9 um grande jogador. Porque tem um bom time que o valoriza e uma forma de treinar. Por isso, hoje, \u00e9 completamente diferente. Esta not\u00edcia me deixa satisfeito pois \u00e9 um paradigma daquilo que ele n\u00e3o era quando esteve na Europa\u2014 disse.<\/p>\n\n\n\n<p>Gabigol tem 23 anos e recebe um sal\u00e1rio acima de R$ 1 milh\u00e3o ao longo de seu um ano de empr\u00e9stimo. Para ficar no clube, o atacante ter\u00e1 que reduzir um pouco os vencimentos. J\u00e1 que o clube pagaria a ele luvas para serem integradas ao contrato caso haja acerto.<\/p>\n\n\n\n<p>Retirado de: O Globo<\/p>\n","protected":false},"excerpt":{"rendered":"<p>O t\u00e9cnico Jorge Jesus dava entrevista coletiva e comentava a retomada do desempenho do Flamengo, pressionado em manter a dist\u00e2ncia de oito pontos sobre o Palmeiras na lideran\u00e7a do Brasileiro, quando o vice de futebol Marcos Braz trouxe \u00e0 tona um impasse. Na sa\u00edda do vesti\u00e1rio no Maracan\u00e3, o dirigente cobrou o atacante Gabigol, que [&hellip;]<\/p>\n","protected":false},"author":1,"featured_media":28919,"comment_status":"open","ping_status":"open","sticky":false,"template":"","format":"standard","meta":{"footnotes":""},"categories":[1],"tags":[],"class_list":["post-31332","post","type-post","status-publish","format-standard","has-post-thumbnail","hentry","category-flamengo"],"yoast_head":"<!-- This site is optimized with the Yoast SEO Premium plugin v24.2 (Yoast SEO v26.9) - https:\/\/yoast.com\/product\/yoast-seo-premium-wordpress\/ -->\n<title>Ap\u00f3s declara\u00e7\u00e3o de Marcos Braz, jornal revela quando Gabigol ir\u00e1 definir o seu futuro<\/title>\n<meta name=\"robots\" content=\"index, follow, max-snippet:-1, max-image-preview:large, max-video-preview:-1\" \/>\n<link rel=\"canonical\" href=\"https:\/\/www.gaveanews.com\/index.php\/2019\/11\/04\/apos-declaracao-de-marcos-braz-jornal-revela-quando-gabigol-ira-definir-o-seu-futuro\/\" \/>\n<meta property=\"og:locale\" content=\"pt_BR\" \/>\n<meta property=\"og:type\" content=\"article\" \/>\n<meta property=\"og:title\" content=\"Ap\u00f3s declara\u00e7\u00e3o de Marcos Braz, jornal revela quando Gabigol ir\u00e1 definir o seu futuro\" \/>\n<meta property=\"og:description\" content=\"O t\u00e9cnico Jorge Jesus dava entrevista coletiva e comentava a retomada do desempenho do Flamengo, pressionado em manter a dist\u00e2ncia de oito pontos sobre o Palmeiras na lideran\u00e7a do Brasileiro, quando o vice de futebol Marcos Braz trouxe \u00e0 tona um impasse. Na sa\u00edda do vesti\u00e1rio no Maracan\u00e3, o dirigente cobrou o atacante Gabigol, que [&hellip;]\" \/>\n<meta property=\"og:url\" content=\"https:\/\/www.gaveanews.com\/index.php\/2019\/11\/04\/apos-declaracao-de-marcos-braz-jornal-revela-quando-gabigol-ira-definir-o-seu-futuro\/\" \/>\n<meta property=\"og:site_name\" content=\"G\u00e1vea News\" \/>\n<meta property=\"article:publisher\" content=\"https:\/\/facebook.com\/gaveaNews\/\" \/>\n<meta property=\"article:published_time\" content=\"2019-11-04T11:59:27+00:00\" \/>\n<meta property=\"article:modified_time\" content=\"2019-11-04T11:59:28+00:00\" \/>\n<meta property=\"og:image\" content=\"https:\/\/www.gaveanews.com\/wp-content\/uploads\/Atacante-Gabriel-Barbosa-em-acao-pelo-Flamengo.webp\" \/>\n\t<meta property=\"og:image:width\" content=\"1\" \/>\n\t<meta property=\"og:image:height\" content=\"1\" \/>\n\t<meta property=\"og:image:type\" content=\"image\/jpeg\" \/>\n<meta name=\"author\" content=\"Equipe G\u00e1vea News\" \/>\n<meta name=\"twitter:card\" content=\"summary_large_image\" \/>\n<meta name=\"twitter:label1\" content=\"Escrito por\" \/>\n\t<meta name=\"twitter:data1\" content=\"Equipe G\u00e1vea News\" \/>\n\t<meta name=\"twitter:label2\" content=\"Est. tempo de leitura\" \/>\n\t<meta name=\"twitter:data2\" content=\"3 minutos\" \/>\n<script type=\"application\/ld+json\" class=\"yoast-schema-graph\">{\"@context\":\"https:\/\/schema.org\",\"@graph\":[{\"@type\":\"NewsArticle\",\"@id\":\"https:\/\/www.gaveanews.com\/index.php\/2019\/11\/04\/apos-declaracao-de-marcos-braz-jornal-revela-quando-gabigol-ira-definir-o-seu-futuro\/#article\",\"isPartOf\":{\"@id\":\"https:\/\/www.gaveanews.com\/index.php\/2019\/11\/04\/apos-declaracao-de-marcos-braz-jornal-revela-quando-gabigol-ira-definir-o-seu-futuro\/\"},\"author\":{\"name\":\"Equipe G\u00e1vea News\",\"@id\":\"https:\/\/www.gaveanews.com\/#\/schema\/person\/2ec14f73fb96be2caf28f91afb14749d\"},\"headline\":\"Ap\u00f3s declara\u00e7\u00e3o de Marcos Braz, jornal revela quando Gabigol ir\u00e1 definir o seu futuro\",\"datePublished\":\"2019-11-04T11:59:27+00:00\",\"dateModified\":\"2019-11-04T11:59:28+00:00\",\"mainEntityOfPage\":{\"@id\":\"https:\/\/www.gaveanews.com\/index.php\/2019\/11\/04\/apos-declaracao-de-marcos-braz-jornal-revela-quando-gabigol-ira-definir-o-seu-futuro\/\"},\"wordCount\":638,\"commentCount\":0,\"image\":{\"@id\":\"https:\/\/www.gaveanews.com\/index.php\/2019\/11\/04\/apos-declaracao-de-marcos-braz-jornal-revela-quando-gabigol-ira-definir-o-seu-futuro\/#primaryimage\"},\"thumbnailUrl\":\"https:\/\/www.gaveanews.com\/wp-content\/uploads\/Atacante-Gabriel-Barbosa-em-acao-pelo-Flamengo.webp\",\"articleSection\":[\"Flamengo\"],\"inLanguage\":\"pt-BR\",\"potentialAction\":[{\"@type\":\"CommentAction\",\"name\":\"Comment\",\"target\":[\"https:\/\/www.gaveanews.com\/index.php\/2019\/11\/04\/apos-declaracao-de-marcos-braz-jornal-revela-quando-gabigol-ira-definir-o-seu-futuro\/#respond\"]}],\"copyrightYear\":\"2019\",\"copyrightHolder\":{\"@id\":\"https:\/\/www.gaveanews.com\/#organization\"}},{\"@type\":\"WebPage\",\"@id\":\"https:\/\/www.gaveanews.com\/index.php\/2019\/11\/04\/apos-declaracao-de-marcos-braz-jornal-revela-quando-gabigol-ira-definir-o-seu-futuro\/\",\"url\":\"https:\/\/www.gaveanews.com\/index.php\/2019\/11\/04\/apos-declaracao-de-marcos-braz-jornal-revela-quando-gabigol-ira-definir-o-seu-futuro\/\",\"name\":\"Ap\u00f3s declara\u00e7\u00e3o de Marcos Braz, jornal revela quando Gabigol ir\u00e1 definir o seu futuro\",\"isPartOf\":{\"@id\":\"https:\/\/www.gaveanews.com\/#website\"},\"primaryImageOfPage\":{\"@id\":\"https:\/\/www.gaveanews.com\/index.php\/2019\/11\/04\/apos-declaracao-de-marcos-braz-jornal-revela-quando-gabigol-ira-definir-o-seu-futuro\/#primaryimage\"},\"image\":{\"@id\":\"https:\/\/www.gaveanews.com\/index.php\/2019\/11\/04\/apos-declaracao-de-marcos-braz-jornal-revela-quando-gabigol-ira-definir-o-seu-futuro\/#primaryimage\"},\"thumbnailUrl\":\"https:\/\/www.gaveanews.com\/wp-content\/uploads\/Atacante-Gabriel-Barbosa-em-acao-pelo-Flamengo.webp\",\"datePublished\":\"2019-11-04T11:59:27+00:00\",\"dateModified\":\"2019-11-04T11:59:28+00:00\",\"author\":{\"@id\":\"https:\/\/www.gaveanews.com\/#\/schema\/person\/2ec14f73fb96be2caf28f91afb14749d\"},\"breadcrumb\":{\"@id\":\"https:\/\/www.gaveanews.com\/index.php\/2019\/11\/04\/apos-declaracao-de-marcos-braz-jornal-revela-quando-gabigol-ira-definir-o-seu-futuro\/#breadcrumb\"},\"inLanguage\":\"pt-BR\",\"potentialAction\":[{\"@type\":\"ReadAction\",\"target\":[\"https:\/\/www.gaveanews.com\/index.php\/2019\/11\/04\/apos-declaracao-de-marcos-braz-jornal-revela-quando-gabigol-ira-definir-o-seu-futuro\/\"]}]},{\"@type\":\"ImageObject\",\"inLanguage\":\"pt-BR\",\"@id\":\"https:\/\/www.gaveanews.com\/index.php\/2019\/11\/04\/apos-declaracao-de-marcos-braz-jornal-revela-quando-gabigol-ira-definir-o-seu-futuro\/#primaryimage\",\"url\":\"https:\/\/www.gaveanews.com\/wp-content\/uploads\/Atacante-Gabriel-Barbosa-em-acao-pelo-Flamengo.webp\",\"contentUrl\":\"https:\/\/www.gaveanews.com\/wp-content\/uploads\/Atacante-Gabriel-Barbosa-em-acao-pelo-Flamengo.webp\",\"caption\":\"Atacante Gabriel Barbosa em a\u00e7\u00e3o pelo Flamengo (Foto: Alexandre Vidal\/Flamengo)\"},{\"@type\":\"BreadcrumbList\",\"@id\":\"https:\/\/www.gaveanews.com\/index.php\/2019\/11\/04\/apos-declaracao-de-marcos-braz-jornal-revela-quando-gabigol-ira-definir-o-seu-futuro\/#breadcrumb\",\"itemListElement\":[{\"@type\":\"ListItem\",\"position\":1,\"name\":\"Home\",\"item\":\"https:\/\/www.gaveanews.com\/\"},{\"@type\":\"ListItem\",\"position\":2,\"name\":\"Ap\u00f3s declara\u00e7\u00e3o de Marcos Braz, jornal revela quando Gabigol ir\u00e1 definir o seu futuro\"}]},{\"@type\":\"WebSite\",\"@id\":\"https:\/\/www.gaveanews.com\/#website\",\"url\":\"https:\/\/www.gaveanews.com\/\",\"name\":\"G\u00e1vea News\",\"description\":\"Veja todas as not\u00edcias sobre o Flamengo: Contrata\u00e7\u00f5es, categorias de base, resultados das partidas, tabela de classifica\u00e7\u00e3o, pr\u00f3ximos jogos!\",\"potentialAction\":[{\"@type\":\"SearchAction\",\"target\":{\"@type\":\"EntryPoint\",\"urlTemplate\":\"https:\/\/www.gaveanews.com\/?s={search_term_string}\"},\"query-input\":{\"@type\":\"PropertyValueSpecification\",\"valueRequired\":true,\"valueName\":\"search_term_string\"}}],\"inLanguage\":\"pt-BR\"},{\"@type\":\"Person\",\"@id\":\"https:\/\/www.gaveanews.com\/#\/schema\/person\/2ec14f73fb96be2caf28f91afb14749d\",\"name\":\"Equipe G\u00e1vea News\",\"image\":{\"@type\":\"ImageObject\",\"inLanguage\":\"pt-BR\",\"@id\":\"https:\/\/www.gaveanews.com\/#\/schema\/person\/image\/\",\"url\":\"https:\/\/secure.gravatar.com\/avatar\/1e1956f1facbffd3f8fa53a326721950116b3b9dc9bd44939c01180fd4a745a9?s=96&d=mm&r=g\",\"contentUrl\":\"https:\/\/secure.gravatar.com\/avatar\/1e1956f1facbffd3f8fa53a326721950116b3b9dc9bd44939c01180fd4a745a9?s=96&d=mm&r=g\",\"caption\":\"Equipe G\u00e1vea News\"}}]}<\/script>\n<!-- \/ Yoast SEO Premium plugin. -->","yoast_head_json":{"title":"Ap\u00f3s declara\u00e7\u00e3o de Marcos Braz, jornal revela quando Gabigol ir\u00e1 definir o seu futuro","robots":{"index":"index","follow":"follow","max-snippet":"max-snippet:-1","max-image-preview":"max-image-preview:large","max-video-preview":"max-video-preview:-1"},"canonical":"https:\/\/www.gaveanews.com\/index.php\/2019\/11\/04\/apos-declaracao-de-marcos-braz-jornal-revela-quando-gabigol-ira-definir-o-seu-futuro\/","og_locale":"pt_BR","og_type":"article","og_title":"Ap\u00f3s declara\u00e7\u00e3o de Marcos Braz, jornal revela quando Gabigol ir\u00e1 definir o seu futuro","og_description":"O t\u00e9cnico Jorge Jesus dava entrevista coletiva e comentava a retomada do desempenho do Flamengo, pressionado em manter a dist\u00e2ncia de oito pontos sobre o Palmeiras na lideran\u00e7a do Brasileiro, quando o vice de futebol Marcos Braz trouxe \u00e0 tona um impasse. Na sa\u00edda do vesti\u00e1rio no Maracan\u00e3, o dirigente cobrou o atacante Gabigol, que [&hellip;]","og_url":"https:\/\/www.gaveanews.com\/index.php\/2019\/11\/04\/apos-declaracao-de-marcos-braz-jornal-revela-quando-gabigol-ira-definir-o-seu-futuro\/","og_site_name":"G\u00e1vea News","article_publisher":"https:\/\/facebook.com\/gaveaNews\/","article_published_time":"2019-11-04T11:59:27+00:00","article_modified_time":"2019-11-04T11:59:28+00:00","og_image":[{"url":"https:\/\/www.gaveanews.com\/wp-content\/uploads\/Atacante-Gabriel-Barbosa-em-acao-pelo-Flamengo.webp","width":1,"height":1,"type":"image\/jpeg"}],"author":"Equipe G\u00e1vea News","twitter_card":"summary_large_image","twitter_misc":{"Escrito por":"Equipe G\u00e1vea News","Est. tempo de leitura":"3 minutos"},"schema":{"@context":"https:\/\/schema.org","@graph":[{"@type":"NewsArticle","@id":"https:\/\/www.gaveanews.com\/index.php\/2019\/11\/04\/apos-declaracao-de-marcos-braz-jornal-revela-quando-gabigol-ira-definir-o-seu-futuro\/#article","isPartOf":{"@id":"https:\/\/www.gaveanews.com\/index.php\/2019\/11\/04\/apos-declaracao-de-marcos-braz-jornal-revela-quando-gabigol-ira-definir-o-seu-futuro\/"},"author":{"name":"Equipe G\u00e1vea News","@id":"https:\/\/www.gaveanews.com\/#\/schema\/person\/2ec14f73fb96be2caf28f91afb14749d"},"headline":"Ap\u00f3s declara\u00e7\u00e3o de Marcos Braz, jornal revela quando Gabigol ir\u00e1 definir o seu futuro","datePublished":"2019-11-04T11:59:27+00:00","dateModified":"2019-11-04T11:59:28+00:00","mainEntityOfPage":{"@id":"https:\/\/www.gaveanews.com\/index.php\/2019\/11\/04\/apos-declaracao-de-marcos-braz-jornal-revela-quando-gabigol-ira-definir-o-seu-futuro\/"},"wordCount":638,"commentCount":0,"image":{"@id":"https:\/\/www.gaveanews.com\/index.php\/2019\/11\/04\/apos-declaracao-de-marcos-braz-jornal-revela-quando-gabigol-ira-definir-o-seu-futuro\/#primaryimage"},"thumbnailUrl":"https:\/\/www.gaveanews.com\/wp-content\/uploads\/Atacante-Gabriel-Barbosa-em-acao-pelo-Flamengo.webp","articleSection":["Flamengo"],"inLanguage":"pt-BR","potentialAction":[{"@type":"CommentAction","name":"Comment","target":["https:\/\/www.gaveanews.com\/index.php\/2019\/11\/04\/apos-declaracao-de-marcos-braz-jornal-revela-quando-gabigol-ira-definir-o-seu-futuro\/#respond"]}],"copyrightYear":"2019","copyrightHolder":{"@id":"https:\/\/www.gaveanews.com\/#organization"}},{"@type":"WebPage","@id":"https:\/\/www.gaveanews.com\/index.php\/2019\/11\/04\/apos-declaracao-de-marcos-braz-jornal-revela-quando-gabigol-ira-definir-o-seu-futuro\/","url":"https:\/\/www.gaveanews.com\/index.php\/2019\/11\/04\/apos-declaracao-de-marcos-braz-jornal-revela-quando-gabigol-ira-definir-o-seu-futuro\/","name":"Ap\u00f3s declara\u00e7\u00e3o de Marcos Braz, jornal revela quando Gabigol ir\u00e1 definir o seu futuro","isPartOf":{"@id":"https:\/\/www.gaveanews.com\/#website"},"primaryImageOfPage":{"@id":"https:\/\/www.gaveanews.com\/index.php\/2019\/11\/04\/apos-declaracao-de-marcos-braz-jornal-revela-quando-gabigol-ira-definir-o-seu-futuro\/#primaryimage"},"image":{"@id":"https:\/\/www.gaveanews.com\/index.php\/2019\/11\/04\/apos-declaracao-de-marcos-braz-jornal-revela-quando-gabigol-ira-definir-o-seu-futuro\/#primaryimage"},"thumbnailUrl":"https:\/\/www.gaveanews.com\/wp-content\/uploads\/Atacante-Gabriel-Barbosa-em-acao-pelo-Flamengo.webp","datePublished":"2019-11-04T11:59:27+00:00","dateModified":"2019-11-04T11:59:28+00:00","author":{"@id":"https:\/\/www.gaveanews.com\/#\/schema\/person\/2ec14f73fb96be2caf28f91afb14749d"},"breadcrumb":{"@id":"https:\/\/www.gaveanews.com\/index.php\/2019\/11\/04\/apos-declaracao-de-marcos-braz-jornal-revela-quando-gabigol-ira-definir-o-seu-futuro\/#breadcrumb"},"inLanguage":"pt-BR","potentialAction":[{"@type":"ReadAction","target":["https:\/\/www.gaveanews.com\/index.php\/2019\/11\/04\/apos-declaracao-de-marcos-braz-jornal-revela-quando-gabigol-ira-definir-o-seu-futuro\/"]}]},{"@type":"ImageObject","inLanguage":"pt-BR","@id":"https:\/\/www.gaveanews.com\/index.php\/2019\/11\/04\/apos-declaracao-de-marcos-braz-jornal-revela-quando-gabigol-ira-definir-o-seu-futuro\/#primaryimage","url":"https:\/\/www.gaveanews.com\/wp-content\/uploads\/Atacante-Gabriel-Barbosa-em-acao-pelo-Flamengo.webp","contentUrl":"https:\/\/www.gaveanews.com\/wp-content\/uploads\/Atacante-Gabriel-Barbosa-em-acao-pelo-Flamengo.webp","caption":"Atacante Gabriel Barbosa em a\u00e7\u00e3o pelo Flamengo (Foto: Alexandre Vidal\/Flamengo)"},{"@type":"BreadcrumbList","@id":"https:\/\/www.gaveanews.com\/index.php\/2019\/11\/04\/apos-declaracao-de-marcos-braz-jornal-revela-quando-gabigol-ira-definir-o-seu-futuro\/#breadcrumb","itemListElement":[{"@type":"ListItem","position":1,"name":"Home","item":"https:\/\/www.gaveanews.com\/"},{"@type":"ListItem","position":2,"name":"Ap\u00f3s declara\u00e7\u00e3o de Marcos Braz, jornal revela quando Gabigol ir\u00e1 definir o seu futuro"}]},{"@type":"WebSite","@id":"https:\/\/www.gaveanews.com\/#website","url":"https:\/\/www.gaveanews.com\/","name":"G\u00e1vea News","description":"Veja todas as not\u00edcias sobre o Flamengo: Contrata\u00e7\u00f5es, categorias de base, resultados das partidas, tabela de classifica\u00e7\u00e3o, pr\u00f3ximos jogos!","potentialAction":[{"@type":"SearchAction","target":{"@type":"EntryPoint","urlTemplate":"https:\/\/www.gaveanews.com\/?s={search_term_string}"},"query-input":{"@type":"PropertyValueSpecification","valueRequired":true,"valueName":"search_term_string"}}],"inLanguage":"pt-BR"},{"@type":"Person","@id":"https:\/\/www.gaveanews.com\/#\/schema\/person\/2ec14f73fb96be2caf28f91afb14749d","name":"Equipe G\u00e1vea News","image":{"@type":"ImageObject","inLanguage":"pt-BR","@id":"https:\/\/www.gaveanews.com\/#\/schema\/person\/image\/","url":"https:\/\/secure.gravatar.com\/avatar\/1e1956f1facbffd3f8fa53a326721950116b3b9dc9bd44939c01180fd4a745a9?s=96&d=mm&r=g","contentUrl":"https:\/\/secure.gravatar.com\/avatar\/1e1956f1facbffd3f8fa53a326721950116b3b9dc9bd44939c01180fd4a745a9?s=96&d=mm&r=g","caption":"Equipe G\u00e1vea News"}}]}},"_links":{"self":[{"href":"https:\/\/www.gaveanews.com\/index.php\/wp-json\/wp\/v2\/posts\/31332","targetHints":{"allow":["GET"]}}],"collection":[{"href":"https:\/\/www.gaveanews.com\/index.php\/wp-json\/wp\/v2\/posts"}],"about":[{"href":"https:\/\/www.gaveanews.com\/index.php\/wp-json\/wp\/v2\/types\/post"}],"author":[{"embeddable":true,"href":"https:\/\/www.gaveanews.com\/index.php\/wp-json\/wp\/v2\/users\/1"}],"replies":[{"embeddable":true,"href":"https:\/\/www.gaveanews.com\/index.php\/wp-json\/wp\/v2\/comments?post=31332"}],"version-history":[{"count":0,"href":"https:\/\/www.gaveanews.com\/index.php\/wp-json\/wp\/v2\/posts\/31332\/revisions"}],"wp:featuredmedia":[{"embeddable":true,"href":"https:\/\/www.gaveanews.com\/index.php\/wp-json\/wp\/v2\/media\/28919"}],"wp:attachment":[{"href":"https:\/\/www.gaveanews.com\/index.php\/wp-json\/wp\/v2\/media?parent=31332"}],"wp:term":[{"taxonomy":"category","embeddable":true,"href":"https:\/\/www.gaveanews.com\/index.php\/wp-json\/wp\/v2\/categories?post=31332"},{"taxonomy":"post_tag","embeddable":true,"href":"https:\/\/www.gaveanews.com\/index.php\/wp-json\/wp\/v2\/tags?post=31332"}],"curies":[{"name":"wp","href":"https:\/\/api.w.org\/{rel}","templated":true}]}}