{"id":31463,"date":"2019-11-07T08:49:14","date_gmt":"2019-11-07T11:49:14","guid":{"rendered":"http:\/\/www.gaveanews.com\/?p=31463"},"modified":"2019-11-07T08:49:15","modified_gmt":"2019-11-07T11:49:15","slug":"apos-ser-punido-pelo-stjd-presidente-do-palmeiras-muda-o-seu-discurso-sobre-suposto-favorecimento-do-var-ao-flamengo","status":"publish","type":"post","link":"https:\/\/www.gaveanews.com\/index.php\/2019\/11\/07\/apos-ser-punido-pelo-stjd-presidente-do-palmeiras-muda-o-seu-discurso-sobre-suposto-favorecimento-do-var-ao-flamengo\/","title":{"rendered":"Ap\u00f3s ser punido pelo STJD, presidente do Palmeiras muda o seu discurso sobre suposto favorecimento do VAR ao Flamengo"},"content":{"rendered":"\n<p>Suspenso pelo Tribunal de Justi\u00e7a Desportiva (STJD) por ter alegado um favorecimento do VAR ao Flamengo, o presidente do Palmeiras, Maur\u00edcio Galiotte, voltou a ser assunto entre os rubro-negros e, desta vez, caiu em contradi\u00e7\u00e3o ap\u00f3s declara\u00e7\u00e3o dada depois de mais uma vit\u00f3ria do Palmeiras com atua\u00e7\u00e3o pol\u00eamica da arbitragem.<\/p>\n\n\n\n<p>Antes afirmando existir \u201ccoincid\u00eancias\u201d na atua\u00e7\u00e3o do \u00e1rbitro de v\u00eddeo em favor do Fla, o mandat\u00e1rio agora revelou estar de acordo com a presen\u00e7a da tecnologia e, se n\u00e3o bastasse, tratou como \u201ctema pol\u00eamico\u201d a discuss\u00e3o sobre a arbitragem.<\/p>\n\n\n\n<p>\u2013 Arbitragem \u00e9 sempre tema pol\u00eamico. O que a gente tem feito \u00e9 apoiar continuidade do VAR. Traz justi\u00e7a. Existem lances interpretativos, pol\u00eamicos. A gente tem que entender que cada um interpreta de uma maneira. As reclama\u00e7\u00f5es s\u00e3o inerentes ao futebol [\u2026] Eu sempre fui um defensor do VAR. Eu acho que a tecnologia no futebol agrega\u201d -, disse Galiotte ap\u00f3s vit\u00f3ria do Palmeiras sobre o Vasco.<\/p>\n\n\n\n<p><strong>RELEMBRE A DECLARA\u00c7\u00c3O DE GALIOTTE CONTRA O FLAMENGO:<\/strong><\/p>\n\n\n\n<p>A infeliz declara\u00e7\u00e3o do presidente do Palmeiras foi proferida ap\u00f3s o empate do Alviverde contra o Internacional, em rodada do Campeonato Brasileiro. Muito insatisfeito com a atua\u00e7\u00e3o do VAR, o mandat\u00e1rio disparou protestos para todos os lados e insinuou que o Flamengo estaria sendo beneficiado.<\/p>\n\n\n\n<p>\u2013 Muitos lances o VAR n\u00e3o tem atuado em jogos do Flamengo. S\u00e3o coincid\u00eancias, isso \u00e9 fato. Para alguns clubes, o VAR trabalha. Para outros, n\u00e3o. Acho que cabe uma reciclagem, cabe uma revis\u00e3o de conceito. Todos merecem ser tratados da mesma maneira \u2013, disse ele, na ocasi\u00e3o.<\/p>\n\n\n\n<p>Retirado de: <a href=\"https:\/\/colunadofla.com\/2019\/11\/apos-insinuar-favorecimento-ao-fla-presidente-do-palmeiras-muda-discurso-arbitragem-e-sempre-tema-polemico\/\">Coluna do Fla<\/a><\/p>\n","protected":false},"excerpt":{"rendered":"<p>Suspenso pelo Tribunal de Justi\u00e7a Desportiva (STJD) por ter alegado um favorecimento do VAR ao Flamengo, o presidente do Palmeiras, Maur\u00edcio Galiotte, voltou a ser assunto entre os rubro-negros e, desta vez, caiu em contradi\u00e7\u00e3o ap\u00f3s declara\u00e7\u00e3o dada depois de mais uma vit\u00f3ria do Palmeiras com atua\u00e7\u00e3o pol\u00eamica da arbitragem. Antes afirmando existir \u201ccoincid\u00eancias\u201d na [&hellip;]<\/p>\n","protected":false},"author":1,"featured_media":23225,"comment_status":"open","ping_status":"open","sticky":false,"template":"","format":"standard","meta":{"footnotes":""},"categories":[1],"tags":[],"class_list":["post-31463","post","type-post","status-publish","format-standard","has-post-thumbnail","hentry","category-flamengo"],"yoast_head":"<!-- This site is optimized with the Yoast SEO Premium plugin v24.2 (Yoast SEO v26.9) - https:\/\/yoast.com\/product\/yoast-seo-premium-wordpress\/ -->\n<title>Ap\u00f3s ser punido pelo STJD, presidente do Palmeiras muda o seu discurso sobre suposto favorecimento do VAR ao Flamengo<\/title>\n<meta name=\"robots\" content=\"index, follow, max-snippet:-1, max-image-preview:large, max-video-preview:-1\" \/>\n<link rel=\"canonical\" href=\"https:\/\/www.gaveanews.com\/index.php\/2019\/11\/07\/apos-ser-punido-pelo-stjd-presidente-do-palmeiras-muda-o-seu-discurso-sobre-suposto-favorecimento-do-var-ao-flamengo\/\" \/>\n<meta property=\"og:locale\" content=\"pt_BR\" \/>\n<meta property=\"og:type\" content=\"article\" \/>\n<meta property=\"og:title\" content=\"Ap\u00f3s ser punido pelo STJD, presidente do Palmeiras muda o seu discurso sobre suposto favorecimento do VAR ao Flamengo\" \/>\n<meta property=\"og:description\" content=\"Suspenso pelo Tribunal de Justi\u00e7a Desportiva (STJD) por ter alegado um favorecimento do VAR ao Flamengo, o presidente do Palmeiras, Maur\u00edcio Galiotte, voltou a ser assunto entre os rubro-negros e, desta vez, caiu em contradi\u00e7\u00e3o ap\u00f3s declara\u00e7\u00e3o dada depois de mais uma vit\u00f3ria do Palmeiras com atua\u00e7\u00e3o pol\u00eamica da arbitragem. Antes afirmando existir \u201ccoincid\u00eancias\u201d na [&hellip;]\" \/>\n<meta property=\"og:url\" content=\"https:\/\/www.gaveanews.com\/index.php\/2019\/11\/07\/apos-ser-punido-pelo-stjd-presidente-do-palmeiras-muda-o-seu-discurso-sobre-suposto-favorecimento-do-var-ao-flamengo\/\" \/>\n<meta property=\"og:site_name\" content=\"G\u00e1vea News\" \/>\n<meta property=\"article:publisher\" content=\"https:\/\/facebook.com\/gaveaNews\/\" \/>\n<meta property=\"article:published_time\" content=\"2019-11-07T11:49:14+00:00\" \/>\n<meta property=\"article:modified_time\" content=\"2019-11-07T11:49:15+00:00\" \/>\n<meta property=\"og:image\" content=\"https:\/\/www.gaveanews.com\/wp-content\/uploads\/2019\/07\/Cabine-do-VAR-no-Maracana.webp\" \/>\n\t<meta property=\"og:image:width\" content=\"1\" \/>\n\t<meta property=\"og:image:height\" content=\"1\" \/>\n\t<meta property=\"og:image:type\" content=\"image\/jpeg\" \/>\n<meta name=\"author\" content=\"Equipe G\u00e1vea News\" \/>\n<meta name=\"twitter:card\" content=\"summary_large_image\" \/>\n<meta name=\"twitter:label1\" content=\"Escrito por\" \/>\n\t<meta name=\"twitter:data1\" content=\"Equipe G\u00e1vea News\" \/>\n\t<meta name=\"twitter:label2\" content=\"Est. tempo de leitura\" \/>\n\t<meta name=\"twitter:data2\" content=\"1 minuto\" \/>\n<script type=\"application\/ld+json\" class=\"yoast-schema-graph\">{\"@context\":\"https:\/\/schema.org\",\"@graph\":[{\"@type\":\"NewsArticle\",\"@id\":\"https:\/\/www.gaveanews.com\/index.php\/2019\/11\/07\/apos-ser-punido-pelo-stjd-presidente-do-palmeiras-muda-o-seu-discurso-sobre-suposto-favorecimento-do-var-ao-flamengo\/#article\",\"isPartOf\":{\"@id\":\"https:\/\/www.gaveanews.com\/index.php\/2019\/11\/07\/apos-ser-punido-pelo-stjd-presidente-do-palmeiras-muda-o-seu-discurso-sobre-suposto-favorecimento-do-var-ao-flamengo\/\"},\"author\":{\"name\":\"Equipe G\u00e1vea News\",\"@id\":\"https:\/\/www.gaveanews.com\/#\/schema\/person\/2ec14f73fb96be2caf28f91afb14749d\"},\"headline\":\"Ap\u00f3s ser punido pelo STJD, presidente do Palmeiras muda o seu discurso sobre suposto favorecimento do VAR ao Flamengo\",\"datePublished\":\"2019-11-07T11:49:14+00:00\",\"dateModified\":\"2019-11-07T11:49:15+00:00\",\"mainEntityOfPage\":{\"@id\":\"https:\/\/www.gaveanews.com\/index.php\/2019\/11\/07\/apos-ser-punido-pelo-stjd-presidente-do-palmeiras-muda-o-seu-discurso-sobre-suposto-favorecimento-do-var-ao-flamengo\/\"},\"wordCount\":309,\"commentCount\":0,\"image\":{\"@id\":\"https:\/\/www.gaveanews.com\/index.php\/2019\/11\/07\/apos-ser-punido-pelo-stjd-presidente-do-palmeiras-muda-o-seu-discurso-sobre-suposto-favorecimento-do-var-ao-flamengo\/#primaryimage\"},\"thumbnailUrl\":\"https:\/\/www.gaveanews.com\/wp-content\/uploads\/2019\/07\/Cabine-do-VAR-no-Maracana.webp\",\"articleSection\":[\"Flamengo\"],\"inLanguage\":\"pt-BR\",\"potentialAction\":[{\"@type\":\"CommentAction\",\"name\":\"Comment\",\"target\":[\"https:\/\/www.gaveanews.com\/index.php\/2019\/11\/07\/apos-ser-punido-pelo-stjd-presidente-do-palmeiras-muda-o-seu-discurso-sobre-suposto-favorecimento-do-var-ao-flamengo\/#respond\"]}],\"copyrightYear\":\"2019\",\"copyrightHolder\":{\"@id\":\"https:\/\/www.gaveanews.com\/#organization\"}},{\"@type\":\"WebPage\",\"@id\":\"https:\/\/www.gaveanews.com\/index.php\/2019\/11\/07\/apos-ser-punido-pelo-stjd-presidente-do-palmeiras-muda-o-seu-discurso-sobre-suposto-favorecimento-do-var-ao-flamengo\/\",\"url\":\"https:\/\/www.gaveanews.com\/index.php\/2019\/11\/07\/apos-ser-punido-pelo-stjd-presidente-do-palmeiras-muda-o-seu-discurso-sobre-suposto-favorecimento-do-var-ao-flamengo\/\",\"name\":\"Ap\u00f3s ser punido pelo STJD, presidente do Palmeiras muda o seu discurso sobre suposto favorecimento do VAR ao Flamengo\",\"isPartOf\":{\"@id\":\"https:\/\/www.gaveanews.com\/#website\"},\"primaryImageOfPage\":{\"@id\":\"https:\/\/www.gaveanews.com\/index.php\/2019\/11\/07\/apos-ser-punido-pelo-stjd-presidente-do-palmeiras-muda-o-seu-discurso-sobre-suposto-favorecimento-do-var-ao-flamengo\/#primaryimage\"},\"image\":{\"@id\":\"https:\/\/www.gaveanews.com\/index.php\/2019\/11\/07\/apos-ser-punido-pelo-stjd-presidente-do-palmeiras-muda-o-seu-discurso-sobre-suposto-favorecimento-do-var-ao-flamengo\/#primaryimage\"},\"thumbnailUrl\":\"https:\/\/www.gaveanews.com\/wp-content\/uploads\/2019\/07\/Cabine-do-VAR-no-Maracana.webp\",\"datePublished\":\"2019-11-07T11:49:14+00:00\",\"dateModified\":\"2019-11-07T11:49:15+00:00\",\"author\":{\"@id\":\"https:\/\/www.gaveanews.com\/#\/schema\/person\/2ec14f73fb96be2caf28f91afb14749d\"},\"breadcrumb\":{\"@id\":\"https:\/\/www.gaveanews.com\/index.php\/2019\/11\/07\/apos-ser-punido-pelo-stjd-presidente-do-palmeiras-muda-o-seu-discurso-sobre-suposto-favorecimento-do-var-ao-flamengo\/#breadcrumb\"},\"inLanguage\":\"pt-BR\",\"potentialAction\":[{\"@type\":\"ReadAction\",\"target\":[\"https:\/\/www.gaveanews.com\/index.php\/2019\/11\/07\/apos-ser-punido-pelo-stjd-presidente-do-palmeiras-muda-o-seu-discurso-sobre-suposto-favorecimento-do-var-ao-flamengo\/\"]}]},{\"@type\":\"ImageObject\",\"inLanguage\":\"pt-BR\",\"@id\":\"https:\/\/www.gaveanews.com\/index.php\/2019\/11\/07\/apos-ser-punido-pelo-stjd-presidente-do-palmeiras-muda-o-seu-discurso-sobre-suposto-favorecimento-do-var-ao-flamengo\/#primaryimage\",\"url\":\"https:\/\/www.gaveanews.com\/wp-content\/uploads\/2019\/07\/Cabine-do-VAR-no-Maracana.webp\",\"contentUrl\":\"https:\/\/www.gaveanews.com\/wp-content\/uploads\/2019\/07\/Cabine-do-VAR-no-Maracana.webp\",\"width\":645,\"height\":388,\"caption\":\"Cabine do VAR no Maracan\u00e3 (Foto: Marcelo Theobald)\"},{\"@type\":\"BreadcrumbList\",\"@id\":\"https:\/\/www.gaveanews.com\/index.php\/2019\/11\/07\/apos-ser-punido-pelo-stjd-presidente-do-palmeiras-muda-o-seu-discurso-sobre-suposto-favorecimento-do-var-ao-flamengo\/#breadcrumb\",\"itemListElement\":[{\"@type\":\"ListItem\",\"position\":1,\"name\":\"Home\",\"item\":\"https:\/\/www.gaveanews.com\/\"},{\"@type\":\"ListItem\",\"position\":2,\"name\":\"Ap\u00f3s ser punido pelo STJD, presidente do Palmeiras muda o seu discurso sobre suposto favorecimento do VAR ao Flamengo\"}]},{\"@type\":\"WebSite\",\"@id\":\"https:\/\/www.gaveanews.com\/#website\",\"url\":\"https:\/\/www.gaveanews.com\/\",\"name\":\"G\u00e1vea News\",\"description\":\"Veja todas as not\u00edcias sobre o Flamengo: Contrata\u00e7\u00f5es, categorias de base, resultados das partidas, tabela de classifica\u00e7\u00e3o, pr\u00f3ximos jogos!\",\"potentialAction\":[{\"@type\":\"SearchAction\",\"target\":{\"@type\":\"EntryPoint\",\"urlTemplate\":\"https:\/\/www.gaveanews.com\/?s={search_term_string}\"},\"query-input\":{\"@type\":\"PropertyValueSpecification\",\"valueRequired\":true,\"valueName\":\"search_term_string\"}}],\"inLanguage\":\"pt-BR\"},{\"@type\":\"Person\",\"@id\":\"https:\/\/www.gaveanews.com\/#\/schema\/person\/2ec14f73fb96be2caf28f91afb14749d\",\"name\":\"Equipe G\u00e1vea News\",\"image\":{\"@type\":\"ImageObject\",\"inLanguage\":\"pt-BR\",\"@id\":\"https:\/\/www.gaveanews.com\/#\/schema\/person\/image\/\",\"url\":\"https:\/\/secure.gravatar.com\/avatar\/1e1956f1facbffd3f8fa53a326721950116b3b9dc9bd44939c01180fd4a745a9?s=96&d=mm&r=g\",\"contentUrl\":\"https:\/\/secure.gravatar.com\/avatar\/1e1956f1facbffd3f8fa53a326721950116b3b9dc9bd44939c01180fd4a745a9?s=96&d=mm&r=g\",\"caption\":\"Equipe G\u00e1vea News\"}}]}<\/script>\n<!-- \/ Yoast SEO Premium plugin. -->","yoast_head_json":{"title":"Ap\u00f3s ser punido pelo STJD, presidente do Palmeiras muda o seu discurso sobre suposto favorecimento do VAR ao Flamengo","robots":{"index":"index","follow":"follow","max-snippet":"max-snippet:-1","max-image-preview":"max-image-preview:large","max-video-preview":"max-video-preview:-1"},"canonical":"https:\/\/www.gaveanews.com\/index.php\/2019\/11\/07\/apos-ser-punido-pelo-stjd-presidente-do-palmeiras-muda-o-seu-discurso-sobre-suposto-favorecimento-do-var-ao-flamengo\/","og_locale":"pt_BR","og_type":"article","og_title":"Ap\u00f3s ser punido pelo STJD, presidente do Palmeiras muda o seu discurso sobre suposto favorecimento do VAR ao Flamengo","og_description":"Suspenso pelo Tribunal de Justi\u00e7a Desportiva (STJD) por ter alegado um favorecimento do VAR ao Flamengo, o presidente do Palmeiras, Maur\u00edcio Galiotte, voltou a ser assunto entre os rubro-negros e, desta vez, caiu em contradi\u00e7\u00e3o ap\u00f3s declara\u00e7\u00e3o dada depois de mais uma vit\u00f3ria do Palmeiras com atua\u00e7\u00e3o pol\u00eamica da arbitragem. Antes afirmando existir \u201ccoincid\u00eancias\u201d na [&hellip;]","og_url":"https:\/\/www.gaveanews.com\/index.php\/2019\/11\/07\/apos-ser-punido-pelo-stjd-presidente-do-palmeiras-muda-o-seu-discurso-sobre-suposto-favorecimento-do-var-ao-flamengo\/","og_site_name":"G\u00e1vea News","article_publisher":"https:\/\/facebook.com\/gaveaNews\/","article_published_time":"2019-11-07T11:49:14+00:00","article_modified_time":"2019-11-07T11:49:15+00:00","og_image":[{"url":"https:\/\/www.gaveanews.com\/wp-content\/uploads\/2019\/07\/Cabine-do-VAR-no-Maracana.webp","width":1,"height":1,"type":"image\/jpeg"}],"author":"Equipe G\u00e1vea News","twitter_card":"summary_large_image","twitter_misc":{"Escrito por":"Equipe G\u00e1vea News","Est. tempo de leitura":"1 minuto"},"schema":{"@context":"https:\/\/schema.org","@graph":[{"@type":"NewsArticle","@id":"https:\/\/www.gaveanews.com\/index.php\/2019\/11\/07\/apos-ser-punido-pelo-stjd-presidente-do-palmeiras-muda-o-seu-discurso-sobre-suposto-favorecimento-do-var-ao-flamengo\/#article","isPartOf":{"@id":"https:\/\/www.gaveanews.com\/index.php\/2019\/11\/07\/apos-ser-punido-pelo-stjd-presidente-do-palmeiras-muda-o-seu-discurso-sobre-suposto-favorecimento-do-var-ao-flamengo\/"},"author":{"name":"Equipe G\u00e1vea News","@id":"https:\/\/www.gaveanews.com\/#\/schema\/person\/2ec14f73fb96be2caf28f91afb14749d"},"headline":"Ap\u00f3s ser punido pelo STJD, presidente do Palmeiras muda o seu discurso sobre suposto favorecimento do VAR ao Flamengo","datePublished":"2019-11-07T11:49:14+00:00","dateModified":"2019-11-07T11:49:15+00:00","mainEntityOfPage":{"@id":"https:\/\/www.gaveanews.com\/index.php\/2019\/11\/07\/apos-ser-punido-pelo-stjd-presidente-do-palmeiras-muda-o-seu-discurso-sobre-suposto-favorecimento-do-var-ao-flamengo\/"},"wordCount":309,"commentCount":0,"image":{"@id":"https:\/\/www.gaveanews.com\/index.php\/2019\/11\/07\/apos-ser-punido-pelo-stjd-presidente-do-palmeiras-muda-o-seu-discurso-sobre-suposto-favorecimento-do-var-ao-flamengo\/#primaryimage"},"thumbnailUrl":"https:\/\/www.gaveanews.com\/wp-content\/uploads\/2019\/07\/Cabine-do-VAR-no-Maracana.webp","articleSection":["Flamengo"],"inLanguage":"pt-BR","potentialAction":[{"@type":"CommentAction","name":"Comment","target":["https:\/\/www.gaveanews.com\/index.php\/2019\/11\/07\/apos-ser-punido-pelo-stjd-presidente-do-palmeiras-muda-o-seu-discurso-sobre-suposto-favorecimento-do-var-ao-flamengo\/#respond"]}],"copyrightYear":"2019","copyrightHolder":{"@id":"https:\/\/www.gaveanews.com\/#organization"}},{"@type":"WebPage","@id":"https:\/\/www.gaveanews.com\/index.php\/2019\/11\/07\/apos-ser-punido-pelo-stjd-presidente-do-palmeiras-muda-o-seu-discurso-sobre-suposto-favorecimento-do-var-ao-flamengo\/","url":"https:\/\/www.gaveanews.com\/index.php\/2019\/11\/07\/apos-ser-punido-pelo-stjd-presidente-do-palmeiras-muda-o-seu-discurso-sobre-suposto-favorecimento-do-var-ao-flamengo\/","name":"Ap\u00f3s ser punido pelo STJD, presidente do Palmeiras muda o seu discurso sobre suposto favorecimento do VAR ao Flamengo","isPartOf":{"@id":"https:\/\/www.gaveanews.com\/#website"},"primaryImageOfPage":{"@id":"https:\/\/www.gaveanews.com\/index.php\/2019\/11\/07\/apos-ser-punido-pelo-stjd-presidente-do-palmeiras-muda-o-seu-discurso-sobre-suposto-favorecimento-do-var-ao-flamengo\/#primaryimage"},"image":{"@id":"https:\/\/www.gaveanews.com\/index.php\/2019\/11\/07\/apos-ser-punido-pelo-stjd-presidente-do-palmeiras-muda-o-seu-discurso-sobre-suposto-favorecimento-do-var-ao-flamengo\/#primaryimage"},"thumbnailUrl":"https:\/\/www.gaveanews.com\/wp-content\/uploads\/2019\/07\/Cabine-do-VAR-no-Maracana.webp","datePublished":"2019-11-07T11:49:14+00:00","dateModified":"2019-11-07T11:49:15+00:00","author":{"@id":"https:\/\/www.gaveanews.com\/#\/schema\/person\/2ec14f73fb96be2caf28f91afb14749d"},"breadcrumb":{"@id":"https:\/\/www.gaveanews.com\/index.php\/2019\/11\/07\/apos-ser-punido-pelo-stjd-presidente-do-palmeiras-muda-o-seu-discurso-sobre-suposto-favorecimento-do-var-ao-flamengo\/#breadcrumb"},"inLanguage":"pt-BR","potentialAction":[{"@type":"ReadAction","target":["https:\/\/www.gaveanews.com\/index.php\/2019\/11\/07\/apos-ser-punido-pelo-stjd-presidente-do-palmeiras-muda-o-seu-discurso-sobre-suposto-favorecimento-do-var-ao-flamengo\/"]}]},{"@type":"ImageObject","inLanguage":"pt-BR","@id":"https:\/\/www.gaveanews.com\/index.php\/2019\/11\/07\/apos-ser-punido-pelo-stjd-presidente-do-palmeiras-muda-o-seu-discurso-sobre-suposto-favorecimento-do-var-ao-flamengo\/#primaryimage","url":"https:\/\/www.gaveanews.com\/wp-content\/uploads\/2019\/07\/Cabine-do-VAR-no-Maracana.webp","contentUrl":"https:\/\/www.gaveanews.com\/wp-content\/uploads\/2019\/07\/Cabine-do-VAR-no-Maracana.webp","width":645,"height":388,"caption":"Cabine do VAR no Maracan\u00e3 (Foto: Marcelo Theobald)"},{"@type":"BreadcrumbList","@id":"https:\/\/www.gaveanews.com\/index.php\/2019\/11\/07\/apos-ser-punido-pelo-stjd-presidente-do-palmeiras-muda-o-seu-discurso-sobre-suposto-favorecimento-do-var-ao-flamengo\/#breadcrumb","itemListElement":[{"@type":"ListItem","position":1,"name":"Home","item":"https:\/\/www.gaveanews.com\/"},{"@type":"ListItem","position":2,"name":"Ap\u00f3s ser punido pelo STJD, presidente do Palmeiras muda o seu discurso sobre suposto favorecimento do VAR ao Flamengo"}]},{"@type":"WebSite","@id":"https:\/\/www.gaveanews.com\/#website","url":"https:\/\/www.gaveanews.com\/","name":"G\u00e1vea News","description":"Veja todas as not\u00edcias sobre o Flamengo: Contrata\u00e7\u00f5es, categorias de base, resultados das partidas, tabela de classifica\u00e7\u00e3o, pr\u00f3ximos jogos!","potentialAction":[{"@type":"SearchAction","target":{"@type":"EntryPoint","urlTemplate":"https:\/\/www.gaveanews.com\/?s={search_term_string}"},"query-input":{"@type":"PropertyValueSpecification","valueRequired":true,"valueName":"search_term_string"}}],"inLanguage":"pt-BR"},{"@type":"Person","@id":"https:\/\/www.gaveanews.com\/#\/schema\/person\/2ec14f73fb96be2caf28f91afb14749d","name":"Equipe G\u00e1vea News","image":{"@type":"ImageObject","inLanguage":"pt-BR","@id":"https:\/\/www.gaveanews.com\/#\/schema\/person\/image\/","url":"https:\/\/secure.gravatar.com\/avatar\/1e1956f1facbffd3f8fa53a326721950116b3b9dc9bd44939c01180fd4a745a9?s=96&d=mm&r=g","contentUrl":"https:\/\/secure.gravatar.com\/avatar\/1e1956f1facbffd3f8fa53a326721950116b3b9dc9bd44939c01180fd4a745a9?s=96&d=mm&r=g","caption":"Equipe G\u00e1vea News"}}]}},"_links":{"self":[{"href":"https:\/\/www.gaveanews.com\/index.php\/wp-json\/wp\/v2\/posts\/31463","targetHints":{"allow":["GET"]}}],"collection":[{"href":"https:\/\/www.gaveanews.com\/index.php\/wp-json\/wp\/v2\/posts"}],"about":[{"href":"https:\/\/www.gaveanews.com\/index.php\/wp-json\/wp\/v2\/types\/post"}],"author":[{"embeddable":true,"href":"https:\/\/www.gaveanews.com\/index.php\/wp-json\/wp\/v2\/users\/1"}],"replies":[{"embeddable":true,"href":"https:\/\/www.gaveanews.com\/index.php\/wp-json\/wp\/v2\/comments?post=31463"}],"version-history":[{"count":0,"href":"https:\/\/www.gaveanews.com\/index.php\/wp-json\/wp\/v2\/posts\/31463\/revisions"}],"wp:featuredmedia":[{"embeddable":true,"href":"https:\/\/www.gaveanews.com\/index.php\/wp-json\/wp\/v2\/media\/23225"}],"wp:attachment":[{"href":"https:\/\/www.gaveanews.com\/index.php\/wp-json\/wp\/v2\/media?parent=31463"}],"wp:term":[{"taxonomy":"category","embeddable":true,"href":"https:\/\/www.gaveanews.com\/index.php\/wp-json\/wp\/v2\/categories?post=31463"},{"taxonomy":"post_tag","embeddable":true,"href":"https:\/\/www.gaveanews.com\/index.php\/wp-json\/wp\/v2\/tags?post=31463"}],"curies":[{"name":"wp","href":"https:\/\/api.w.org\/{rel}","templated":true}]}}