{"id":31472,"date":"2019-11-07T11:00:57","date_gmt":"2019-11-07T14:00:57","guid":{"rendered":"http:\/\/www.gaveanews.com\/?p=31472"},"modified":"2024-04-07T08:28:42","modified_gmt":"2024-04-07T11:28:42","slug":"adriano-imperador-vira-diretor-da-adidas-no-brasil","status":"publish","type":"post","link":"https:\/\/www.gaveanews.com\/index.php\/2019\/11\/07\/adriano-imperador-vira-diretor-da-adidas-no-brasil\/","title":{"rendered":"Adriano Imperador vira diretor da Adidas no Brasil"},"content":{"rendered":"\n<p>Longe dos gramados, Adriano Imperador vai come\u00e7ar um novo desafio: ser Diretor de Vendas na Adidas Brasil. O ex-atacante foi contratado pela marca esportiva para ser mais um de seus colaboradores, visando ajudar a potencializar a marca no pa\u00eds. Messi e James Harden s\u00e3o outros exemplos de embaixadores escolhidos pela empresa ultimamente.<\/p>\n\n\n\n<p>\u00cddolo do Flamengo e com passagem importante no S\u00e3o Paulo, Adriano far\u00e1 parte da coordena\u00e7\u00e3o de eventos de lan\u00e7amentos de uniformes das duas equipes, que s\u00e3o patrocinadas pela Adidas. As novas camisas fazem parta da comemora\u00e7\u00e3o de 70 anos da marca.<\/p>\n\n\n\n<p>A ideia \u00e9 que o ex-jogador troque de cargos, passando de Diretor de Vendas de Futebol para Diretor de Ponte A\u00e9rea e chegando a Vice-Presidente da Black Friday.<\/p>\n\n\n\n<p>\u201cEstou muito feliz. Todo o dia eu recebo carinho de milhares de pessoas no Instagram e, agora, recebo um convite que me aproxima ainda mais do Flamengo e seus milh\u00f5es de torcedores. Se antes nem cavalo aguentava, agora mais ainda\u201d, disse em comunicado da marca.<\/p>\n\n\n\n<p>Na \u00faltima semana, Adriano chegou at\u00e9 a criar um perfil no LinkedIn, rede social voltada a contatos profissionais. Na descri\u00e7\u00e3o de sua p\u00e1gina, aparece a Adidas como ocupa\u00e7\u00e3o atual.<\/p>\n\n\n\n<p>Retirado de: Yahoo<\/p>\n","protected":false},"excerpt":{"rendered":"<p>Longe dos gramados, Adriano Imperador vai come\u00e7ar um novo desafio: ser Diretor de Vendas na Adidas Brasil. O ex-atacante foi contratado pela marca esportiva para ser mais um de seus colaboradores, visando ajudar a potencializar a marca no pa\u00eds. Messi e James Harden s\u00e3o outros exemplos de embaixadores escolhidos pela empresa ultimamente. \u00cddolo do Flamengo [&hellip;]<\/p>\n","protected":false},"author":1,"featured_media":23934,"comment_status":"open","ping_status":"open","sticky":false,"template":"","format":"standard","meta":{"footnotes":""},"categories":[1],"tags":[183],"class_list":["post-31472","post","type-post","status-publish","format-standard","has-post-thumbnail","hentry","category-flamengo","tag-adriano-leite-ribeiro-imperador"],"yoast_head":"<!-- This site is optimized with the Yoast SEO Premium plugin v24.2 (Yoast SEO v26.9) - https:\/\/yoast.com\/product\/yoast-seo-premium-wordpress\/ -->\n<title>Adriano Imperador vira diretor da Adidas no Brasil<\/title>\n<meta name=\"robots\" content=\"index, follow, max-snippet:-1, max-image-preview:large, max-video-preview:-1\" \/>\n<link rel=\"canonical\" href=\"https:\/\/www.gaveanews.com\/index.php\/2019\/11\/07\/adriano-imperador-vira-diretor-da-adidas-no-brasil\/\" \/>\n<meta property=\"og:locale\" content=\"pt_BR\" \/>\n<meta property=\"og:type\" content=\"article\" \/>\n<meta property=\"og:title\" content=\"Adriano Imperador vira diretor da Adidas no Brasil\" \/>\n<meta property=\"og:description\" content=\"Longe dos gramados, Adriano Imperador vai come\u00e7ar um novo desafio: ser Diretor de Vendas na Adidas Brasil. O ex-atacante foi contratado pela marca esportiva para ser mais um de seus colaboradores, visando ajudar a potencializar a marca no pa\u00eds. Messi e James Harden s\u00e3o outros exemplos de embaixadores escolhidos pela empresa ultimamente. \u00cddolo do Flamengo [&hellip;]\" \/>\n<meta property=\"og:url\" content=\"https:\/\/www.gaveanews.com\/index.php\/2019\/11\/07\/adriano-imperador-vira-diretor-da-adidas-no-brasil\/\" \/>\n<meta property=\"og:site_name\" content=\"G\u00e1vea News\" \/>\n<meta property=\"article:publisher\" content=\"https:\/\/facebook.com\/gaveaNews\/\" \/>\n<meta property=\"article:published_time\" content=\"2019-11-07T14:00:57+00:00\" \/>\n<meta property=\"article:modified_time\" content=\"2024-04-07T11:28:42+00:00\" \/>\n<meta property=\"og:image\" content=\"https:\/\/www.gaveanews.com\/wp-content\/uploads\/2019\/08\/Adriano-Imperador-em-acao-pelo-Flamengo-no-Maracana.webp\" \/>\n\t<meta property=\"og:image:width\" content=\"1\" \/>\n\t<meta property=\"og:image:height\" content=\"1\" \/>\n\t<meta property=\"og:image:type\" content=\"image\/jpeg\" \/>\n<meta name=\"author\" content=\"Equipe G\u00e1vea News\" \/>\n<meta name=\"twitter:card\" content=\"summary_large_image\" \/>\n<meta name=\"twitter:label1\" content=\"Escrito por\" \/>\n\t<meta name=\"twitter:data1\" content=\"Equipe G\u00e1vea News\" \/>\n\t<meta name=\"twitter:label2\" content=\"Est. tempo de leitura\" \/>\n\t<meta name=\"twitter:data2\" content=\"1 minuto\" \/>\n<script type=\"application\/ld+json\" class=\"yoast-schema-graph\">{\"@context\":\"https:\/\/schema.org\",\"@graph\":[{\"@type\":\"NewsArticle\",\"@id\":\"https:\/\/www.gaveanews.com\/index.php\/2019\/11\/07\/adriano-imperador-vira-diretor-da-adidas-no-brasil\/#article\",\"isPartOf\":{\"@id\":\"https:\/\/www.gaveanews.com\/index.php\/2019\/11\/07\/adriano-imperador-vira-diretor-da-adidas-no-brasil\/\"},\"author\":{\"name\":\"Equipe G\u00e1vea News\",\"@id\":\"https:\/\/www.gaveanews.com\/#\/schema\/person\/2ec14f73fb96be2caf28f91afb14749d\"},\"headline\":\"Adriano Imperador vira diretor da Adidas no Brasil\",\"datePublished\":\"2019-11-07T14:00:57+00:00\",\"dateModified\":\"2024-04-07T11:28:42+00:00\",\"mainEntityOfPage\":{\"@id\":\"https:\/\/www.gaveanews.com\/index.php\/2019\/11\/07\/adriano-imperador-vira-diretor-da-adidas-no-brasil\/\"},\"wordCount\":217,\"commentCount\":0,\"image\":{\"@id\":\"https:\/\/www.gaveanews.com\/index.php\/2019\/11\/07\/adriano-imperador-vira-diretor-da-adidas-no-brasil\/#primaryimage\"},\"thumbnailUrl\":\"https:\/\/www.gaveanews.com\/wp-content\/uploads\/2019\/08\/Adriano-Imperador-em-acao-pelo-Flamengo-no-Maracana.webp\",\"keywords\":[\"Adriano Leite Ribeiro\"],\"articleSection\":[\"Flamengo\"],\"inLanguage\":\"pt-BR\",\"potentialAction\":[{\"@type\":\"CommentAction\",\"name\":\"Comment\",\"target\":[\"https:\/\/www.gaveanews.com\/index.php\/2019\/11\/07\/adriano-imperador-vira-diretor-da-adidas-no-brasil\/#respond\"]}],\"copyrightYear\":\"2019\",\"copyrightHolder\":{\"@id\":\"https:\/\/www.gaveanews.com\/#organization\"}},{\"@type\":\"WebPage\",\"@id\":\"https:\/\/www.gaveanews.com\/index.php\/2019\/11\/07\/adriano-imperador-vira-diretor-da-adidas-no-brasil\/\",\"url\":\"https:\/\/www.gaveanews.com\/index.php\/2019\/11\/07\/adriano-imperador-vira-diretor-da-adidas-no-brasil\/\",\"name\":\"Adriano Imperador vira diretor da Adidas no Brasil\",\"isPartOf\":{\"@id\":\"https:\/\/www.gaveanews.com\/#website\"},\"primaryImageOfPage\":{\"@id\":\"https:\/\/www.gaveanews.com\/index.php\/2019\/11\/07\/adriano-imperador-vira-diretor-da-adidas-no-brasil\/#primaryimage\"},\"image\":{\"@id\":\"https:\/\/www.gaveanews.com\/index.php\/2019\/11\/07\/adriano-imperador-vira-diretor-da-adidas-no-brasil\/#primaryimage\"},\"thumbnailUrl\":\"https:\/\/www.gaveanews.com\/wp-content\/uploads\/2019\/08\/Adriano-Imperador-em-acao-pelo-Flamengo-no-Maracana.webp\",\"datePublished\":\"2019-11-07T14:00:57+00:00\",\"dateModified\":\"2024-04-07T11:28:42+00:00\",\"author\":{\"@id\":\"https:\/\/www.gaveanews.com\/#\/schema\/person\/2ec14f73fb96be2caf28f91afb14749d\"},\"breadcrumb\":{\"@id\":\"https:\/\/www.gaveanews.com\/index.php\/2019\/11\/07\/adriano-imperador-vira-diretor-da-adidas-no-brasil\/#breadcrumb\"},\"inLanguage\":\"pt-BR\",\"potentialAction\":[{\"@type\":\"ReadAction\",\"target\":[\"https:\/\/www.gaveanews.com\/index.php\/2019\/11\/07\/adriano-imperador-vira-diretor-da-adidas-no-brasil\/\"]}]},{\"@type\":\"ImageObject\",\"inLanguage\":\"pt-BR\",\"@id\":\"https:\/\/www.gaveanews.com\/index.php\/2019\/11\/07\/adriano-imperador-vira-diretor-da-adidas-no-brasil\/#primaryimage\",\"url\":\"https:\/\/www.gaveanews.com\/wp-content\/uploads\/2019\/08\/Adriano-Imperador-em-acao-pelo-Flamengo-no-Maracana.webp\",\"contentUrl\":\"https:\/\/www.gaveanews.com\/wp-content\/uploads\/2019\/08\/Adriano-Imperador-em-acao-pelo-Flamengo-no-Maracana.webp\",\"caption\":\"Adriano Imperador em a\u00e7\u00e3o pelo Flamengo no Maracan\u00e3 (Foto: Celso Pupo\/Fotoarena)\"},{\"@type\":\"BreadcrumbList\",\"@id\":\"https:\/\/www.gaveanews.com\/index.php\/2019\/11\/07\/adriano-imperador-vira-diretor-da-adidas-no-brasil\/#breadcrumb\",\"itemListElement\":[{\"@type\":\"ListItem\",\"position\":1,\"name\":\"Home\",\"item\":\"https:\/\/www.gaveanews.com\/\"},{\"@type\":\"ListItem\",\"position\":2,\"name\":\"Adriano Imperador vira diretor da Adidas no Brasil\"}]},{\"@type\":\"WebSite\",\"@id\":\"https:\/\/www.gaveanews.com\/#website\",\"url\":\"https:\/\/www.gaveanews.com\/\",\"name\":\"G\u00e1vea News\",\"description\":\"Veja todas as not\u00edcias sobre o Flamengo: Contrata\u00e7\u00f5es, categorias de base, resultados das partidas, tabela de classifica\u00e7\u00e3o, pr\u00f3ximos jogos!\",\"potentialAction\":[{\"@type\":\"SearchAction\",\"target\":{\"@type\":\"EntryPoint\",\"urlTemplate\":\"https:\/\/www.gaveanews.com\/?s={search_term_string}\"},\"query-input\":{\"@type\":\"PropertyValueSpecification\",\"valueRequired\":true,\"valueName\":\"search_term_string\"}}],\"inLanguage\":\"pt-BR\"},{\"@type\":\"Person\",\"@id\":\"https:\/\/www.gaveanews.com\/#\/schema\/person\/2ec14f73fb96be2caf28f91afb14749d\",\"name\":\"Equipe G\u00e1vea News\",\"image\":{\"@type\":\"ImageObject\",\"inLanguage\":\"pt-BR\",\"@id\":\"https:\/\/www.gaveanews.com\/#\/schema\/person\/image\/\",\"url\":\"https:\/\/secure.gravatar.com\/avatar\/1e1956f1facbffd3f8fa53a326721950116b3b9dc9bd44939c01180fd4a745a9?s=96&d=mm&r=g\",\"contentUrl\":\"https:\/\/secure.gravatar.com\/avatar\/1e1956f1facbffd3f8fa53a326721950116b3b9dc9bd44939c01180fd4a745a9?s=96&d=mm&r=g\",\"caption\":\"Equipe G\u00e1vea News\"}}]}<\/script>\n<!-- \/ Yoast SEO Premium plugin. -->","yoast_head_json":{"title":"Adriano Imperador vira diretor da Adidas no Brasil","robots":{"index":"index","follow":"follow","max-snippet":"max-snippet:-1","max-image-preview":"max-image-preview:large","max-video-preview":"max-video-preview:-1"},"canonical":"https:\/\/www.gaveanews.com\/index.php\/2019\/11\/07\/adriano-imperador-vira-diretor-da-adidas-no-brasil\/","og_locale":"pt_BR","og_type":"article","og_title":"Adriano Imperador vira diretor da Adidas no Brasil","og_description":"Longe dos gramados, Adriano Imperador vai come\u00e7ar um novo desafio: ser Diretor de Vendas na Adidas Brasil. O ex-atacante foi contratado pela marca esportiva para ser mais um de seus colaboradores, visando ajudar a potencializar a marca no pa\u00eds. Messi e James Harden s\u00e3o outros exemplos de embaixadores escolhidos pela empresa ultimamente. \u00cddolo do Flamengo [&hellip;]","og_url":"https:\/\/www.gaveanews.com\/index.php\/2019\/11\/07\/adriano-imperador-vira-diretor-da-adidas-no-brasil\/","og_site_name":"G\u00e1vea News","article_publisher":"https:\/\/facebook.com\/gaveaNews\/","article_published_time":"2019-11-07T14:00:57+00:00","article_modified_time":"2024-04-07T11:28:42+00:00","og_image":[{"url":"https:\/\/www.gaveanews.com\/wp-content\/uploads\/2019\/08\/Adriano-Imperador-em-acao-pelo-Flamengo-no-Maracana.webp","width":1,"height":1,"type":"image\/jpeg"}],"author":"Equipe G\u00e1vea News","twitter_card":"summary_large_image","twitter_misc":{"Escrito por":"Equipe G\u00e1vea News","Est. tempo de leitura":"1 minuto"},"schema":{"@context":"https:\/\/schema.org","@graph":[{"@type":"NewsArticle","@id":"https:\/\/www.gaveanews.com\/index.php\/2019\/11\/07\/adriano-imperador-vira-diretor-da-adidas-no-brasil\/#article","isPartOf":{"@id":"https:\/\/www.gaveanews.com\/index.php\/2019\/11\/07\/adriano-imperador-vira-diretor-da-adidas-no-brasil\/"},"author":{"name":"Equipe G\u00e1vea News","@id":"https:\/\/www.gaveanews.com\/#\/schema\/person\/2ec14f73fb96be2caf28f91afb14749d"},"headline":"Adriano Imperador vira diretor da Adidas no Brasil","datePublished":"2019-11-07T14:00:57+00:00","dateModified":"2024-04-07T11:28:42+00:00","mainEntityOfPage":{"@id":"https:\/\/www.gaveanews.com\/index.php\/2019\/11\/07\/adriano-imperador-vira-diretor-da-adidas-no-brasil\/"},"wordCount":217,"commentCount":0,"image":{"@id":"https:\/\/www.gaveanews.com\/index.php\/2019\/11\/07\/adriano-imperador-vira-diretor-da-adidas-no-brasil\/#primaryimage"},"thumbnailUrl":"https:\/\/www.gaveanews.com\/wp-content\/uploads\/2019\/08\/Adriano-Imperador-em-acao-pelo-Flamengo-no-Maracana.webp","keywords":["Adriano Leite Ribeiro"],"articleSection":["Flamengo"],"inLanguage":"pt-BR","potentialAction":[{"@type":"CommentAction","name":"Comment","target":["https:\/\/www.gaveanews.com\/index.php\/2019\/11\/07\/adriano-imperador-vira-diretor-da-adidas-no-brasil\/#respond"]}],"copyrightYear":"2019","copyrightHolder":{"@id":"https:\/\/www.gaveanews.com\/#organization"}},{"@type":"WebPage","@id":"https:\/\/www.gaveanews.com\/index.php\/2019\/11\/07\/adriano-imperador-vira-diretor-da-adidas-no-brasil\/","url":"https:\/\/www.gaveanews.com\/index.php\/2019\/11\/07\/adriano-imperador-vira-diretor-da-adidas-no-brasil\/","name":"Adriano Imperador vira diretor da Adidas no Brasil","isPartOf":{"@id":"https:\/\/www.gaveanews.com\/#website"},"primaryImageOfPage":{"@id":"https:\/\/www.gaveanews.com\/index.php\/2019\/11\/07\/adriano-imperador-vira-diretor-da-adidas-no-brasil\/#primaryimage"},"image":{"@id":"https:\/\/www.gaveanews.com\/index.php\/2019\/11\/07\/adriano-imperador-vira-diretor-da-adidas-no-brasil\/#primaryimage"},"thumbnailUrl":"https:\/\/www.gaveanews.com\/wp-content\/uploads\/2019\/08\/Adriano-Imperador-em-acao-pelo-Flamengo-no-Maracana.webp","datePublished":"2019-11-07T14:00:57+00:00","dateModified":"2024-04-07T11:28:42+00:00","author":{"@id":"https:\/\/www.gaveanews.com\/#\/schema\/person\/2ec14f73fb96be2caf28f91afb14749d"},"breadcrumb":{"@id":"https:\/\/www.gaveanews.com\/index.php\/2019\/11\/07\/adriano-imperador-vira-diretor-da-adidas-no-brasil\/#breadcrumb"},"inLanguage":"pt-BR","potentialAction":[{"@type":"ReadAction","target":["https:\/\/www.gaveanews.com\/index.php\/2019\/11\/07\/adriano-imperador-vira-diretor-da-adidas-no-brasil\/"]}]},{"@type":"ImageObject","inLanguage":"pt-BR","@id":"https:\/\/www.gaveanews.com\/index.php\/2019\/11\/07\/adriano-imperador-vira-diretor-da-adidas-no-brasil\/#primaryimage","url":"https:\/\/www.gaveanews.com\/wp-content\/uploads\/2019\/08\/Adriano-Imperador-em-acao-pelo-Flamengo-no-Maracana.webp","contentUrl":"https:\/\/www.gaveanews.com\/wp-content\/uploads\/2019\/08\/Adriano-Imperador-em-acao-pelo-Flamengo-no-Maracana.webp","caption":"Adriano Imperador em a\u00e7\u00e3o pelo Flamengo no Maracan\u00e3 (Foto: Celso Pupo\/Fotoarena)"},{"@type":"BreadcrumbList","@id":"https:\/\/www.gaveanews.com\/index.php\/2019\/11\/07\/adriano-imperador-vira-diretor-da-adidas-no-brasil\/#breadcrumb","itemListElement":[{"@type":"ListItem","position":1,"name":"Home","item":"https:\/\/www.gaveanews.com\/"},{"@type":"ListItem","position":2,"name":"Adriano Imperador vira diretor da Adidas no Brasil"}]},{"@type":"WebSite","@id":"https:\/\/www.gaveanews.com\/#website","url":"https:\/\/www.gaveanews.com\/","name":"G\u00e1vea News","description":"Veja todas as not\u00edcias sobre o Flamengo: Contrata\u00e7\u00f5es, categorias de base, resultados das partidas, tabela de classifica\u00e7\u00e3o, pr\u00f3ximos jogos!","potentialAction":[{"@type":"SearchAction","target":{"@type":"EntryPoint","urlTemplate":"https:\/\/www.gaveanews.com\/?s={search_term_string}"},"query-input":{"@type":"PropertyValueSpecification","valueRequired":true,"valueName":"search_term_string"}}],"inLanguage":"pt-BR"},{"@type":"Person","@id":"https:\/\/www.gaveanews.com\/#\/schema\/person\/2ec14f73fb96be2caf28f91afb14749d","name":"Equipe G\u00e1vea News","image":{"@type":"ImageObject","inLanguage":"pt-BR","@id":"https:\/\/www.gaveanews.com\/#\/schema\/person\/image\/","url":"https:\/\/secure.gravatar.com\/avatar\/1e1956f1facbffd3f8fa53a326721950116b3b9dc9bd44939c01180fd4a745a9?s=96&d=mm&r=g","contentUrl":"https:\/\/secure.gravatar.com\/avatar\/1e1956f1facbffd3f8fa53a326721950116b3b9dc9bd44939c01180fd4a745a9?s=96&d=mm&r=g","caption":"Equipe G\u00e1vea News"}}]}},"_links":{"self":[{"href":"https:\/\/www.gaveanews.com\/index.php\/wp-json\/wp\/v2\/posts\/31472","targetHints":{"allow":["GET"]}}],"collection":[{"href":"https:\/\/www.gaveanews.com\/index.php\/wp-json\/wp\/v2\/posts"}],"about":[{"href":"https:\/\/www.gaveanews.com\/index.php\/wp-json\/wp\/v2\/types\/post"}],"author":[{"embeddable":true,"href":"https:\/\/www.gaveanews.com\/index.php\/wp-json\/wp\/v2\/users\/1"}],"replies":[{"embeddable":true,"href":"https:\/\/www.gaveanews.com\/index.php\/wp-json\/wp\/v2\/comments?post=31472"}],"version-history":[{"count":1,"href":"https:\/\/www.gaveanews.com\/index.php\/wp-json\/wp\/v2\/posts\/31472\/revisions"}],"predecessor-version":[{"id":135918,"href":"https:\/\/www.gaveanews.com\/index.php\/wp-json\/wp\/v2\/posts\/31472\/revisions\/135918"}],"wp:featuredmedia":[{"embeddable":true,"href":"https:\/\/www.gaveanews.com\/index.php\/wp-json\/wp\/v2\/media\/23934"}],"wp:attachment":[{"href":"https:\/\/www.gaveanews.com\/index.php\/wp-json\/wp\/v2\/media?parent=31472"}],"wp:term":[{"taxonomy":"category","embeddable":true,"href":"https:\/\/www.gaveanews.com\/index.php\/wp-json\/wp\/v2\/categories?post=31472"},{"taxonomy":"post_tag","embeddable":true,"href":"https:\/\/www.gaveanews.com\/index.php\/wp-json\/wp\/v2\/tags?post=31472"}],"curies":[{"name":"wp","href":"https:\/\/api.w.org\/{rel}","templated":true}]}}