{"id":31474,"date":"2019-11-07T11:41:08","date_gmt":"2019-11-07T14:41:08","guid":{"rendered":"http:\/\/www.gaveanews.com\/?p=31474"},"modified":"2019-11-07T11:41:09","modified_gmt":"2019-11-07T14:41:09","slug":"filipe-luis-compara-everton-ribeiro-a-atacante-do-barcelona","status":"publish","type":"post","link":"https:\/\/www.gaveanews.com\/index.php\/2019\/11\/07\/filipe-luis-compara-everton-ribeiro-a-atacante-do-barcelona\/","title":{"rendered":"Filipe Lu\u00eds compara Everton Ribeiro a atacante do Barcelona"},"content":{"rendered":"\n<p>O lateral-direito Filipe Lu\u00eds ser\u00e1 o convidado do Bola da Vez que ser\u00e1 exibido na madrugada de s\u00e1bado (9) para domingo, e durante o programa o jogador exaltou os companheiros de Flamengo, e ao ser questionado sobre quem seria destaque da equipe, o camisa 16 rubro-negro elegeu o meia-atacante \u00c9verton Ribeiro.<\/p>\n\n\n\n<p>\u201cEu falei do Gerson, ele \u00e9 um craque. Mas vamos do melhor. O melhor. O goleador \u00e9 o Gabigol, mas o melhor, o cara que tu fala assim: \u201cMessi\u201d, \u00e9 o Everton Ribeiro. A bola cai no p\u00e9 dele, \u00e9 um espet\u00e1culo. \u00c9 uma del\u00edcia ver o que ele faz com a bola\u201d, avaliou Filipe Lu\u00eds.<\/p>\n\n\n\n<p>\u201cTu bota ele em uma pelada, quem vai destruir \u00e9 o Everton Ribeiro, ningu\u00e9m vai tirar uma bola dele, ele vai dar show. Depois, quem vai fazer mais gol? O Gabi. Quem \u00e9 o cara mais decisivo? Bruno Henrique. E tem outro como o Everton (Ribeiro) que \u00e9 o Arrascaeta. Cada um tem uma fun\u00e7\u00e3o, mas meu primeiro colete para escolher um jogador \u00e9 do Everton Ribeiro\u201d, acrescentou.<\/p>\n\n\n\n<p>Classificado para enfrentar o River Plate na final da Copa Libertadores, no pr\u00f3ximo dia 23, em Lima, no Peru, o Flamengo tamb\u00e9m lidera o Campeonato Brasileiro com folga para o vice-l\u00edder Palmeiras.<\/p>\n\n\n\n<p>Retirado de: Torcedores<\/p>\n","protected":false},"excerpt":{"rendered":"<p>O lateral-direito Filipe Lu\u00eds ser\u00e1 o convidado do Bola da Vez que ser\u00e1 exibido na madrugada de s\u00e1bado (9) para domingo, e durante o programa o jogador exaltou os companheiros de Flamengo, e ao ser questionado sobre quem seria destaque da equipe, o camisa 16 rubro-negro elegeu o meia-atacante \u00c9verton Ribeiro. \u201cEu falei do Gerson, [&hellip;]<\/p>\n","protected":false},"author":1,"featured_media":28904,"comment_status":"open","ping_status":"open","sticky":false,"template":"","format":"standard","meta":{"footnotes":""},"categories":[1],"tags":[],"class_list":["post-31474","post","type-post","status-publish","format-standard","has-post-thumbnail","hentry","category-flamengo"],"yoast_head":"<!-- This site is optimized with the Yoast SEO Premium plugin v24.2 (Yoast SEO v26.9) - https:\/\/yoast.com\/product\/yoast-seo-premium-wordpress\/ -->\n<title>Filipe Lu\u00eds compara Everton Ribeiro a atacante do Barcelona<\/title>\n<meta name=\"robots\" content=\"index, follow, max-snippet:-1, max-image-preview:large, max-video-preview:-1\" \/>\n<link rel=\"canonical\" href=\"https:\/\/www.gaveanews.com\/index.php\/2019\/11\/07\/filipe-luis-compara-everton-ribeiro-a-atacante-do-barcelona\/\" \/>\n<meta property=\"og:locale\" content=\"pt_BR\" \/>\n<meta property=\"og:type\" content=\"article\" \/>\n<meta property=\"og:title\" content=\"Filipe Lu\u00eds compara Everton Ribeiro a atacante do Barcelona\" \/>\n<meta property=\"og:description\" content=\"O lateral-direito Filipe Lu\u00eds ser\u00e1 o convidado do Bola da Vez que ser\u00e1 exibido na madrugada de s\u00e1bado (9) para domingo, e durante o programa o jogador exaltou os companheiros de Flamengo, e ao ser questionado sobre quem seria destaque da equipe, o camisa 16 rubro-negro elegeu o meia-atacante \u00c9verton Ribeiro. \u201cEu falei do Gerson, [&hellip;]\" \/>\n<meta property=\"og:url\" content=\"https:\/\/www.gaveanews.com\/index.php\/2019\/11\/07\/filipe-luis-compara-everton-ribeiro-a-atacante-do-barcelona\/\" \/>\n<meta property=\"og:site_name\" content=\"G\u00e1vea News\" \/>\n<meta property=\"article:publisher\" content=\"https:\/\/facebook.com\/gaveaNews\/\" \/>\n<meta property=\"article:published_time\" content=\"2019-11-07T14:41:08+00:00\" \/>\n<meta property=\"article:modified_time\" content=\"2019-11-07T14:41:09+00:00\" \/>\n<meta property=\"og:image\" content=\"https:\/\/www.gaveanews.com\/wp-content\/uploads\/Meia-Everton-Ribeiro-em-acao-pelo-Flamengo-com-a-faixa-de-capitao.webp\" \/>\n\t<meta property=\"og:image:width\" content=\"1\" \/>\n\t<meta property=\"og:image:height\" content=\"1\" \/>\n\t<meta property=\"og:image:type\" content=\"image\/jpeg\" \/>\n<meta name=\"author\" content=\"Equipe G\u00e1vea News\" \/>\n<meta name=\"twitter:card\" content=\"summary_large_image\" \/>\n<meta name=\"twitter:label1\" content=\"Escrito por\" \/>\n\t<meta name=\"twitter:data1\" content=\"Equipe G\u00e1vea News\" \/>\n\t<meta name=\"twitter:label2\" content=\"Est. tempo de leitura\" \/>\n\t<meta name=\"twitter:data2\" content=\"1 minuto\" \/>\n<script type=\"application\/ld+json\" class=\"yoast-schema-graph\">{\"@context\":\"https:\/\/schema.org\",\"@graph\":[{\"@type\":\"NewsArticle\",\"@id\":\"https:\/\/www.gaveanews.com\/index.php\/2019\/11\/07\/filipe-luis-compara-everton-ribeiro-a-atacante-do-barcelona\/#article\",\"isPartOf\":{\"@id\":\"https:\/\/www.gaveanews.com\/index.php\/2019\/11\/07\/filipe-luis-compara-everton-ribeiro-a-atacante-do-barcelona\/\"},\"author\":{\"name\":\"Equipe G\u00e1vea News\",\"@id\":\"https:\/\/www.gaveanews.com\/#\/schema\/person\/2ec14f73fb96be2caf28f91afb14749d\"},\"headline\":\"Filipe Lu\u00eds compara Everton Ribeiro a atacante do Barcelona\",\"datePublished\":\"2019-11-07T14:41:08+00:00\",\"dateModified\":\"2019-11-07T14:41:09+00:00\",\"mainEntityOfPage\":{\"@id\":\"https:\/\/www.gaveanews.com\/index.php\/2019\/11\/07\/filipe-luis-compara-everton-ribeiro-a-atacante-do-barcelona\/\"},\"wordCount\":218,\"commentCount\":0,\"image\":{\"@id\":\"https:\/\/www.gaveanews.com\/index.php\/2019\/11\/07\/filipe-luis-compara-everton-ribeiro-a-atacante-do-barcelona\/#primaryimage\"},\"thumbnailUrl\":\"https:\/\/www.gaveanews.com\/wp-content\/uploads\/Meia-Everton-Ribeiro-em-acao-pelo-Flamengo-com-a-faixa-de-capitao.webp\",\"articleSection\":[\"Flamengo\"],\"inLanguage\":\"pt-BR\",\"potentialAction\":[{\"@type\":\"CommentAction\",\"name\":\"Comment\",\"target\":[\"https:\/\/www.gaveanews.com\/index.php\/2019\/11\/07\/filipe-luis-compara-everton-ribeiro-a-atacante-do-barcelona\/#respond\"]}],\"copyrightYear\":\"2019\",\"copyrightHolder\":{\"@id\":\"https:\/\/www.gaveanews.com\/#organization\"}},{\"@type\":\"WebPage\",\"@id\":\"https:\/\/www.gaveanews.com\/index.php\/2019\/11\/07\/filipe-luis-compara-everton-ribeiro-a-atacante-do-barcelona\/\",\"url\":\"https:\/\/www.gaveanews.com\/index.php\/2019\/11\/07\/filipe-luis-compara-everton-ribeiro-a-atacante-do-barcelona\/\",\"name\":\"Filipe Lu\u00eds compara Everton Ribeiro a atacante do Barcelona\",\"isPartOf\":{\"@id\":\"https:\/\/www.gaveanews.com\/#website\"},\"primaryImageOfPage\":{\"@id\":\"https:\/\/www.gaveanews.com\/index.php\/2019\/11\/07\/filipe-luis-compara-everton-ribeiro-a-atacante-do-barcelona\/#primaryimage\"},\"image\":{\"@id\":\"https:\/\/www.gaveanews.com\/index.php\/2019\/11\/07\/filipe-luis-compara-everton-ribeiro-a-atacante-do-barcelona\/#primaryimage\"},\"thumbnailUrl\":\"https:\/\/www.gaveanews.com\/wp-content\/uploads\/Meia-Everton-Ribeiro-em-acao-pelo-Flamengo-com-a-faixa-de-capitao.webp\",\"datePublished\":\"2019-11-07T14:41:08+00:00\",\"dateModified\":\"2019-11-07T14:41:09+00:00\",\"author\":{\"@id\":\"https:\/\/www.gaveanews.com\/#\/schema\/person\/2ec14f73fb96be2caf28f91afb14749d\"},\"breadcrumb\":{\"@id\":\"https:\/\/www.gaveanews.com\/index.php\/2019\/11\/07\/filipe-luis-compara-everton-ribeiro-a-atacante-do-barcelona\/#breadcrumb\"},\"inLanguage\":\"pt-BR\",\"potentialAction\":[{\"@type\":\"ReadAction\",\"target\":[\"https:\/\/www.gaveanews.com\/index.php\/2019\/11\/07\/filipe-luis-compara-everton-ribeiro-a-atacante-do-barcelona\/\"]}]},{\"@type\":\"ImageObject\",\"inLanguage\":\"pt-BR\",\"@id\":\"https:\/\/www.gaveanews.com\/index.php\/2019\/11\/07\/filipe-luis-compara-everton-ribeiro-a-atacante-do-barcelona\/#primaryimage\",\"url\":\"https:\/\/www.gaveanews.com\/wp-content\/uploads\/Meia-Everton-Ribeiro-em-acao-pelo-Flamengo-com-a-faixa-de-capitao.webp\",\"contentUrl\":\"https:\/\/www.gaveanews.com\/wp-content\/uploads\/Meia-Everton-Ribeiro-em-acao-pelo-Flamengo-com-a-faixa-de-capitao.webp\",\"caption\":\"Meia Everton Ribeiro em a\u00e7\u00e3o pelo Flamengo com a faixa de capit\u00e3o (Foto: Alexandre Vidal\/Flamengo)\"},{\"@type\":\"BreadcrumbList\",\"@id\":\"https:\/\/www.gaveanews.com\/index.php\/2019\/11\/07\/filipe-luis-compara-everton-ribeiro-a-atacante-do-barcelona\/#breadcrumb\",\"itemListElement\":[{\"@type\":\"ListItem\",\"position\":1,\"name\":\"Home\",\"item\":\"https:\/\/www.gaveanews.com\/\"},{\"@type\":\"ListItem\",\"position\":2,\"name\":\"Filipe Lu\u00eds compara Everton Ribeiro a atacante do Barcelona\"}]},{\"@type\":\"WebSite\",\"@id\":\"https:\/\/www.gaveanews.com\/#website\",\"url\":\"https:\/\/www.gaveanews.com\/\",\"name\":\"G\u00e1vea News\",\"description\":\"Veja todas as not\u00edcias sobre o Flamengo: Contrata\u00e7\u00f5es, categorias de base, resultados das partidas, tabela de classifica\u00e7\u00e3o, pr\u00f3ximos jogos!\",\"potentialAction\":[{\"@type\":\"SearchAction\",\"target\":{\"@type\":\"EntryPoint\",\"urlTemplate\":\"https:\/\/www.gaveanews.com\/?s={search_term_string}\"},\"query-input\":{\"@type\":\"PropertyValueSpecification\",\"valueRequired\":true,\"valueName\":\"search_term_string\"}}],\"inLanguage\":\"pt-BR\"},{\"@type\":\"Person\",\"@id\":\"https:\/\/www.gaveanews.com\/#\/schema\/person\/2ec14f73fb96be2caf28f91afb14749d\",\"name\":\"Equipe G\u00e1vea News\",\"image\":{\"@type\":\"ImageObject\",\"inLanguage\":\"pt-BR\",\"@id\":\"https:\/\/www.gaveanews.com\/#\/schema\/person\/image\/\",\"url\":\"https:\/\/secure.gravatar.com\/avatar\/1e1956f1facbffd3f8fa53a326721950116b3b9dc9bd44939c01180fd4a745a9?s=96&d=mm&r=g\",\"contentUrl\":\"https:\/\/secure.gravatar.com\/avatar\/1e1956f1facbffd3f8fa53a326721950116b3b9dc9bd44939c01180fd4a745a9?s=96&d=mm&r=g\",\"caption\":\"Equipe G\u00e1vea News\"}}]}<\/script>\n<!-- \/ Yoast SEO Premium plugin. -->","yoast_head_json":{"title":"Filipe Lu\u00eds compara Everton Ribeiro a atacante do Barcelona","robots":{"index":"index","follow":"follow","max-snippet":"max-snippet:-1","max-image-preview":"max-image-preview:large","max-video-preview":"max-video-preview:-1"},"canonical":"https:\/\/www.gaveanews.com\/index.php\/2019\/11\/07\/filipe-luis-compara-everton-ribeiro-a-atacante-do-barcelona\/","og_locale":"pt_BR","og_type":"article","og_title":"Filipe Lu\u00eds compara Everton Ribeiro a atacante do Barcelona","og_description":"O lateral-direito Filipe Lu\u00eds ser\u00e1 o convidado do Bola da Vez que ser\u00e1 exibido na madrugada de s\u00e1bado (9) para domingo, e durante o programa o jogador exaltou os companheiros de Flamengo, e ao ser questionado sobre quem seria destaque da equipe, o camisa 16 rubro-negro elegeu o meia-atacante \u00c9verton Ribeiro. \u201cEu falei do Gerson, [&hellip;]","og_url":"https:\/\/www.gaveanews.com\/index.php\/2019\/11\/07\/filipe-luis-compara-everton-ribeiro-a-atacante-do-barcelona\/","og_site_name":"G\u00e1vea News","article_publisher":"https:\/\/facebook.com\/gaveaNews\/","article_published_time":"2019-11-07T14:41:08+00:00","article_modified_time":"2019-11-07T14:41:09+00:00","og_image":[{"url":"https:\/\/www.gaveanews.com\/wp-content\/uploads\/Meia-Everton-Ribeiro-em-acao-pelo-Flamengo-com-a-faixa-de-capitao.webp","width":1,"height":1,"type":"image\/jpeg"}],"author":"Equipe G\u00e1vea News","twitter_card":"summary_large_image","twitter_misc":{"Escrito por":"Equipe G\u00e1vea News","Est. tempo de leitura":"1 minuto"},"schema":{"@context":"https:\/\/schema.org","@graph":[{"@type":"NewsArticle","@id":"https:\/\/www.gaveanews.com\/index.php\/2019\/11\/07\/filipe-luis-compara-everton-ribeiro-a-atacante-do-barcelona\/#article","isPartOf":{"@id":"https:\/\/www.gaveanews.com\/index.php\/2019\/11\/07\/filipe-luis-compara-everton-ribeiro-a-atacante-do-barcelona\/"},"author":{"name":"Equipe G\u00e1vea News","@id":"https:\/\/www.gaveanews.com\/#\/schema\/person\/2ec14f73fb96be2caf28f91afb14749d"},"headline":"Filipe Lu\u00eds compara Everton Ribeiro a atacante do Barcelona","datePublished":"2019-11-07T14:41:08+00:00","dateModified":"2019-11-07T14:41:09+00:00","mainEntityOfPage":{"@id":"https:\/\/www.gaveanews.com\/index.php\/2019\/11\/07\/filipe-luis-compara-everton-ribeiro-a-atacante-do-barcelona\/"},"wordCount":218,"commentCount":0,"image":{"@id":"https:\/\/www.gaveanews.com\/index.php\/2019\/11\/07\/filipe-luis-compara-everton-ribeiro-a-atacante-do-barcelona\/#primaryimage"},"thumbnailUrl":"https:\/\/www.gaveanews.com\/wp-content\/uploads\/Meia-Everton-Ribeiro-em-acao-pelo-Flamengo-com-a-faixa-de-capitao.webp","articleSection":["Flamengo"],"inLanguage":"pt-BR","potentialAction":[{"@type":"CommentAction","name":"Comment","target":["https:\/\/www.gaveanews.com\/index.php\/2019\/11\/07\/filipe-luis-compara-everton-ribeiro-a-atacante-do-barcelona\/#respond"]}],"copyrightYear":"2019","copyrightHolder":{"@id":"https:\/\/www.gaveanews.com\/#organization"}},{"@type":"WebPage","@id":"https:\/\/www.gaveanews.com\/index.php\/2019\/11\/07\/filipe-luis-compara-everton-ribeiro-a-atacante-do-barcelona\/","url":"https:\/\/www.gaveanews.com\/index.php\/2019\/11\/07\/filipe-luis-compara-everton-ribeiro-a-atacante-do-barcelona\/","name":"Filipe Lu\u00eds compara Everton Ribeiro a atacante do Barcelona","isPartOf":{"@id":"https:\/\/www.gaveanews.com\/#website"},"primaryImageOfPage":{"@id":"https:\/\/www.gaveanews.com\/index.php\/2019\/11\/07\/filipe-luis-compara-everton-ribeiro-a-atacante-do-barcelona\/#primaryimage"},"image":{"@id":"https:\/\/www.gaveanews.com\/index.php\/2019\/11\/07\/filipe-luis-compara-everton-ribeiro-a-atacante-do-barcelona\/#primaryimage"},"thumbnailUrl":"https:\/\/www.gaveanews.com\/wp-content\/uploads\/Meia-Everton-Ribeiro-em-acao-pelo-Flamengo-com-a-faixa-de-capitao.webp","datePublished":"2019-11-07T14:41:08+00:00","dateModified":"2019-11-07T14:41:09+00:00","author":{"@id":"https:\/\/www.gaveanews.com\/#\/schema\/person\/2ec14f73fb96be2caf28f91afb14749d"},"breadcrumb":{"@id":"https:\/\/www.gaveanews.com\/index.php\/2019\/11\/07\/filipe-luis-compara-everton-ribeiro-a-atacante-do-barcelona\/#breadcrumb"},"inLanguage":"pt-BR","potentialAction":[{"@type":"ReadAction","target":["https:\/\/www.gaveanews.com\/index.php\/2019\/11\/07\/filipe-luis-compara-everton-ribeiro-a-atacante-do-barcelona\/"]}]},{"@type":"ImageObject","inLanguage":"pt-BR","@id":"https:\/\/www.gaveanews.com\/index.php\/2019\/11\/07\/filipe-luis-compara-everton-ribeiro-a-atacante-do-barcelona\/#primaryimage","url":"https:\/\/www.gaveanews.com\/wp-content\/uploads\/Meia-Everton-Ribeiro-em-acao-pelo-Flamengo-com-a-faixa-de-capitao.webp","contentUrl":"https:\/\/www.gaveanews.com\/wp-content\/uploads\/Meia-Everton-Ribeiro-em-acao-pelo-Flamengo-com-a-faixa-de-capitao.webp","caption":"Meia Everton Ribeiro em a\u00e7\u00e3o pelo Flamengo com a faixa de capit\u00e3o (Foto: Alexandre Vidal\/Flamengo)"},{"@type":"BreadcrumbList","@id":"https:\/\/www.gaveanews.com\/index.php\/2019\/11\/07\/filipe-luis-compara-everton-ribeiro-a-atacante-do-barcelona\/#breadcrumb","itemListElement":[{"@type":"ListItem","position":1,"name":"Home","item":"https:\/\/www.gaveanews.com\/"},{"@type":"ListItem","position":2,"name":"Filipe Lu\u00eds compara Everton Ribeiro a atacante do Barcelona"}]},{"@type":"WebSite","@id":"https:\/\/www.gaveanews.com\/#website","url":"https:\/\/www.gaveanews.com\/","name":"G\u00e1vea News","description":"Veja todas as not\u00edcias sobre o Flamengo: Contrata\u00e7\u00f5es, categorias de base, resultados das partidas, tabela de classifica\u00e7\u00e3o, pr\u00f3ximos jogos!","potentialAction":[{"@type":"SearchAction","target":{"@type":"EntryPoint","urlTemplate":"https:\/\/www.gaveanews.com\/?s={search_term_string}"},"query-input":{"@type":"PropertyValueSpecification","valueRequired":true,"valueName":"search_term_string"}}],"inLanguage":"pt-BR"},{"@type":"Person","@id":"https:\/\/www.gaveanews.com\/#\/schema\/person\/2ec14f73fb96be2caf28f91afb14749d","name":"Equipe G\u00e1vea News","image":{"@type":"ImageObject","inLanguage":"pt-BR","@id":"https:\/\/www.gaveanews.com\/#\/schema\/person\/image\/","url":"https:\/\/secure.gravatar.com\/avatar\/1e1956f1facbffd3f8fa53a326721950116b3b9dc9bd44939c01180fd4a745a9?s=96&d=mm&r=g","contentUrl":"https:\/\/secure.gravatar.com\/avatar\/1e1956f1facbffd3f8fa53a326721950116b3b9dc9bd44939c01180fd4a745a9?s=96&d=mm&r=g","caption":"Equipe G\u00e1vea News"}}]}},"_links":{"self":[{"href":"https:\/\/www.gaveanews.com\/index.php\/wp-json\/wp\/v2\/posts\/31474","targetHints":{"allow":["GET"]}}],"collection":[{"href":"https:\/\/www.gaveanews.com\/index.php\/wp-json\/wp\/v2\/posts"}],"about":[{"href":"https:\/\/www.gaveanews.com\/index.php\/wp-json\/wp\/v2\/types\/post"}],"author":[{"embeddable":true,"href":"https:\/\/www.gaveanews.com\/index.php\/wp-json\/wp\/v2\/users\/1"}],"replies":[{"embeddable":true,"href":"https:\/\/www.gaveanews.com\/index.php\/wp-json\/wp\/v2\/comments?post=31474"}],"version-history":[{"count":0,"href":"https:\/\/www.gaveanews.com\/index.php\/wp-json\/wp\/v2\/posts\/31474\/revisions"}],"wp:featuredmedia":[{"embeddable":true,"href":"https:\/\/www.gaveanews.com\/index.php\/wp-json\/wp\/v2\/media\/28904"}],"wp:attachment":[{"href":"https:\/\/www.gaveanews.com\/index.php\/wp-json\/wp\/v2\/media?parent=31474"}],"wp:term":[{"taxonomy":"category","embeddable":true,"href":"https:\/\/www.gaveanews.com\/index.php\/wp-json\/wp\/v2\/categories?post=31474"},{"taxonomy":"post_tag","embeddable":true,"href":"https:\/\/www.gaveanews.com\/index.php\/wp-json\/wp\/v2\/tags?post=31474"}],"curies":[{"name":"wp","href":"https:\/\/api.w.org\/{rel}","templated":true}]}}