{"id":31480,"date":"2019-11-07T13:57:31","date_gmt":"2019-11-07T16:57:31","guid":{"rendered":"http:\/\/www.gaveanews.com\/?p=31480"},"modified":"2019-11-07T13:57:31","modified_gmt":"2019-11-07T16:57:31","slug":"foco-total-atacante-mudou-ate-mesmo-a-alimentacao-para-ter-temporada-perfeita-no-flamengo","status":"publish","type":"post","link":"https:\/\/www.gaveanews.com\/index.php\/2019\/11\/07\/foco-total-atacante-mudou-ate-mesmo-a-alimentacao-para-ter-temporada-perfeita-no-flamengo\/","title":{"rendered":"Foco total: Atacante mudou at\u00e9 mesmo a alimenta\u00e7\u00e3o para ter \u2018temporada perfeita\u2019 no Flamengo"},"content":{"rendered":"\n<p>O Flamengo refor\u00e7ou o elenco deste ano com bastante jogadores de prest\u00edgio, como \u00e9 o caso de Gabriel Barbosa. O atacante, que pertence \u00e0 Inter de Mil\u00e3o e est\u00e1 emprestado ao Rubro-Negro, \u00e9 um dos destaques do time comandado pelo treinador Jorge Jesus. O camisa 9, em entrevista ao site da&nbsp;<em>FIFA<\/em>, comentou um pouco do atual momento vivido no clube carioca.<\/p>\n\n\n\n<p>Gabriel Barbosa se tornou, em poucos meses, um dos atletas mais queridos da torcida e tamb\u00e9m da crian\u00e7ada. N\u00e3o \u00e9 dif\u00edcil ver torcedores mirins com cabelo pintado ou imitando a comemora\u00e7\u00e3o do atacante. Mas, tudo isso s\u00f3 \u00e9 poss\u00edvel pelo fato dele estar correspondendo dentro das quatro linhas. Ao ser questionado se est\u00e1 no melhor momento de sua carreira, ele acenou positivamente e revelou que contratou nutricionista e fisioterapeuta particulares para que pudesse pensar em somente jogar futebol.<\/p>\n\n\n\n<p><em>\u2014 Eu acho que sim. Acho que evolu\u00ed muito, e isso me deixa muito feliz porque ainda sou muito jovem. Eu mudei muitas coisas na minha vida desde que voltei da Europa, e este ano tenho me concentrado particularmente nisso. Eu contratei um m\u00e9dico de nutri\u00e7\u00e3o. Eu amo bolo, coisas doces \u2013 eu as cortei. Eu contratei um chef. Eu como direito. Eu tenho um fisioterapeuta e pessoas que cuidam de outras coisas, e isso me ajudou muito \u2013 eu posso me concentrar no futebol.&nbsp;<\/em><em>Consegui algumas estat\u00edsticas maravilhosas com a ajuda da minha equipe, mas sempre quero melhorar<\/em>&nbsp;-, disse o atacante.<\/p>\n\n\n\n<p>Gabriel Barbosa chegou ao Flamengo em janeiro deste ano e tem v\u00ednculo de empr\u00e9stimo at\u00e9 o fim pr\u00f3ximo m\u00eas. O Rubro-Negro j\u00e1 busca a contrata\u00e7\u00e3o do atacante de 23 anos.\u00a0A negocia\u00e7\u00e3o entre os dirigentes cariocas e italianos est\u00e1 encaminhada, restando apenas que Gabigol aceite permanecer no clube da G\u00e1vea. Entretanto, o jogador deve responder apenas ap\u00f3s a final da Libertadores da Am\u00e9rica, que acontece no dia 23 deste m\u00eas. O camisa 9 j\u00e1 disputou 49 jogos, marcou 36 gols e deu sete assist\u00eancias com o Manto Sagrado.<\/p>\n\n\n\n<p>Retirado de: <a href=\"https:\/\/colunadofla.com\/2019\/11\/foco-total-gabigol-mudou-ate-mesmo-a-alimentacao-para-ter-temporada-perfeita-no-flamengo\/\">Coluna do Fla<\/a><\/p>\n","protected":false},"excerpt":{"rendered":"<p>O Flamengo refor\u00e7ou o elenco deste ano com bastante jogadores de prest\u00edgio, como \u00e9 o caso de Gabriel Barbosa. O atacante, que pertence \u00e0 Inter de Mil\u00e3o e est\u00e1 emprestado ao Rubro-Negro, \u00e9 um dos destaques do time comandado pelo treinador Jorge Jesus. O camisa 9, em entrevista ao site da&nbsp;FIFA, comentou um pouco do [&hellip;]<\/p>\n","protected":false},"author":1,"featured_media":15116,"comment_status":"open","ping_status":"open","sticky":false,"template":"","format":"standard","meta":{"footnotes":""},"categories":[1],"tags":[],"class_list":["post-31480","post","type-post","status-publish","format-standard","has-post-thumbnail","hentry","category-flamengo"],"yoast_head":"<!-- This site is optimized with the Yoast SEO Premium plugin v24.2 (Yoast SEO v26.9) - https:\/\/yoast.com\/product\/yoast-seo-premium-wordpress\/ -->\n<title>Foco total: Atacante mudou at\u00e9 mesmo a alimenta\u00e7\u00e3o para ter \u2018temporada perfeita\u2019 no Flamengo<\/title>\n<meta name=\"robots\" content=\"index, follow, max-snippet:-1, max-image-preview:large, max-video-preview:-1\" \/>\n<link rel=\"canonical\" href=\"https:\/\/www.gaveanews.com\/index.php\/2019\/11\/07\/foco-total-atacante-mudou-ate-mesmo-a-alimentacao-para-ter-temporada-perfeita-no-flamengo\/\" \/>\n<meta property=\"og:locale\" content=\"pt_BR\" \/>\n<meta property=\"og:type\" content=\"article\" \/>\n<meta property=\"og:title\" content=\"Foco total: Atacante mudou at\u00e9 mesmo a alimenta\u00e7\u00e3o para ter \u2018temporada perfeita\u2019 no Flamengo\" \/>\n<meta property=\"og:description\" content=\"O Flamengo refor\u00e7ou o elenco deste ano com bastante jogadores de prest\u00edgio, como \u00e9 o caso de Gabriel Barbosa. O atacante, que pertence \u00e0 Inter de Mil\u00e3o e est\u00e1 emprestado ao Rubro-Negro, \u00e9 um dos destaques do time comandado pelo treinador Jorge Jesus. O camisa 9, em entrevista ao site da&nbsp;FIFA, comentou um pouco do [&hellip;]\" \/>\n<meta property=\"og:url\" content=\"https:\/\/www.gaveanews.com\/index.php\/2019\/11\/07\/foco-total-atacante-mudou-ate-mesmo-a-alimentacao-para-ter-temporada-perfeita-no-flamengo\/\" \/>\n<meta property=\"og:site_name\" content=\"G\u00e1vea News\" \/>\n<meta property=\"article:publisher\" content=\"https:\/\/facebook.com\/gaveaNews\/\" \/>\n<meta property=\"article:published_time\" content=\"2019-11-07T16:57:31+00:00\" \/>\n<meta property=\"og:image\" content=\"https:\/\/www.gaveanews.com\/wp-content\/uploads\/2019\/03\/Rodrigo-Caio-e-Gabigol-durante-treinamento-no-Ninho-do-Urubu.webp\" \/>\n\t<meta property=\"og:image:width\" content=\"900\" \/>\n\t<meta property=\"og:image:height\" content=\"599\" \/>\n\t<meta property=\"og:image:type\" content=\"image\/jpeg\" \/>\n<meta name=\"author\" content=\"Equipe G\u00e1vea News\" \/>\n<meta name=\"twitter:card\" content=\"summary_large_image\" \/>\n<meta name=\"twitter:label1\" content=\"Escrito por\" \/>\n\t<meta name=\"twitter:data1\" content=\"Equipe G\u00e1vea News\" \/>\n\t<meta name=\"twitter:label2\" content=\"Est. tempo de leitura\" \/>\n\t<meta name=\"twitter:data2\" content=\"2 minutos\" \/>\n<script type=\"application\/ld+json\" class=\"yoast-schema-graph\">{\"@context\":\"https:\/\/schema.org\",\"@graph\":[{\"@type\":\"NewsArticle\",\"@id\":\"https:\/\/www.gaveanews.com\/index.php\/2019\/11\/07\/foco-total-atacante-mudou-ate-mesmo-a-alimentacao-para-ter-temporada-perfeita-no-flamengo\/#article\",\"isPartOf\":{\"@id\":\"https:\/\/www.gaveanews.com\/index.php\/2019\/11\/07\/foco-total-atacante-mudou-ate-mesmo-a-alimentacao-para-ter-temporada-perfeita-no-flamengo\/\"},\"author\":{\"name\":\"Equipe G\u00e1vea News\",\"@id\":\"https:\/\/www.gaveanews.com\/#\/schema\/person\/2ec14f73fb96be2caf28f91afb14749d\"},\"headline\":\"Foco total: Atacante mudou at\u00e9 mesmo a alimenta\u00e7\u00e3o para ter \u2018temporada perfeita\u2019 no Flamengo\",\"datePublished\":\"2019-11-07T16:57:31+00:00\",\"mainEntityOfPage\":{\"@id\":\"https:\/\/www.gaveanews.com\/index.php\/2019\/11\/07\/foco-total-atacante-mudou-ate-mesmo-a-alimentacao-para-ter-temporada-perfeita-no-flamengo\/\"},\"wordCount\":363,\"commentCount\":0,\"image\":{\"@id\":\"https:\/\/www.gaveanews.com\/index.php\/2019\/11\/07\/foco-total-atacante-mudou-ate-mesmo-a-alimentacao-para-ter-temporada-perfeita-no-flamengo\/#primaryimage\"},\"thumbnailUrl\":\"https:\/\/www.gaveanews.com\/wp-content\/uploads\/2019\/03\/Rodrigo-Caio-e-Gabigol-durante-treinamento-no-Ninho-do-Urubu.webp\",\"articleSection\":[\"Flamengo\"],\"inLanguage\":\"pt-BR\",\"potentialAction\":[{\"@type\":\"CommentAction\",\"name\":\"Comment\",\"target\":[\"https:\/\/www.gaveanews.com\/index.php\/2019\/11\/07\/foco-total-atacante-mudou-ate-mesmo-a-alimentacao-para-ter-temporada-perfeita-no-flamengo\/#respond\"]}],\"copyrightYear\":\"2019\",\"copyrightHolder\":{\"@id\":\"https:\/\/www.gaveanews.com\/#organization\"}},{\"@type\":\"WebPage\",\"@id\":\"https:\/\/www.gaveanews.com\/index.php\/2019\/11\/07\/foco-total-atacante-mudou-ate-mesmo-a-alimentacao-para-ter-temporada-perfeita-no-flamengo\/\",\"url\":\"https:\/\/www.gaveanews.com\/index.php\/2019\/11\/07\/foco-total-atacante-mudou-ate-mesmo-a-alimentacao-para-ter-temporada-perfeita-no-flamengo\/\",\"name\":\"Foco total: Atacante mudou at\u00e9 mesmo a alimenta\u00e7\u00e3o para ter \u2018temporada perfeita\u2019 no Flamengo\",\"isPartOf\":{\"@id\":\"https:\/\/www.gaveanews.com\/#website\"},\"primaryImageOfPage\":{\"@id\":\"https:\/\/www.gaveanews.com\/index.php\/2019\/11\/07\/foco-total-atacante-mudou-ate-mesmo-a-alimentacao-para-ter-temporada-perfeita-no-flamengo\/#primaryimage\"},\"image\":{\"@id\":\"https:\/\/www.gaveanews.com\/index.php\/2019\/11\/07\/foco-total-atacante-mudou-ate-mesmo-a-alimentacao-para-ter-temporada-perfeita-no-flamengo\/#primaryimage\"},\"thumbnailUrl\":\"https:\/\/www.gaveanews.com\/wp-content\/uploads\/2019\/03\/Rodrigo-Caio-e-Gabigol-durante-treinamento-no-Ninho-do-Urubu.webp\",\"datePublished\":\"2019-11-07T16:57:31+00:00\",\"author\":{\"@id\":\"https:\/\/www.gaveanews.com\/#\/schema\/person\/2ec14f73fb96be2caf28f91afb14749d\"},\"breadcrumb\":{\"@id\":\"https:\/\/www.gaveanews.com\/index.php\/2019\/11\/07\/foco-total-atacante-mudou-ate-mesmo-a-alimentacao-para-ter-temporada-perfeita-no-flamengo\/#breadcrumb\"},\"inLanguage\":\"pt-BR\",\"potentialAction\":[{\"@type\":\"ReadAction\",\"target\":[\"https:\/\/www.gaveanews.com\/index.php\/2019\/11\/07\/foco-total-atacante-mudou-ate-mesmo-a-alimentacao-para-ter-temporada-perfeita-no-flamengo\/\"]}]},{\"@type\":\"ImageObject\",\"inLanguage\":\"pt-BR\",\"@id\":\"https:\/\/www.gaveanews.com\/index.php\/2019\/11\/07\/foco-total-atacante-mudou-ate-mesmo-a-alimentacao-para-ter-temporada-perfeita-no-flamengo\/#primaryimage\",\"url\":\"https:\/\/www.gaveanews.com\/wp-content\/uploads\/2019\/03\/Rodrigo-Caio-e-Gabigol-durante-treinamento-no-Ninho-do-Urubu.webp\",\"contentUrl\":\"https:\/\/www.gaveanews.com\/wp-content\/uploads\/2019\/03\/Rodrigo-Caio-e-Gabigol-durante-treinamento-no-Ninho-do-Urubu.webp\",\"width\":900,\"height\":599,\"caption\":\"Rodrigo Caio e Gabigol durante treinamento no Ninho do Urubu (Foto: Alexandre Vidal\/Flamengo)\"},{\"@type\":\"BreadcrumbList\",\"@id\":\"https:\/\/www.gaveanews.com\/index.php\/2019\/11\/07\/foco-total-atacante-mudou-ate-mesmo-a-alimentacao-para-ter-temporada-perfeita-no-flamengo\/#breadcrumb\",\"itemListElement\":[{\"@type\":\"ListItem\",\"position\":1,\"name\":\"Home\",\"item\":\"https:\/\/www.gaveanews.com\/\"},{\"@type\":\"ListItem\",\"position\":2,\"name\":\"Foco total: Atacante mudou at\u00e9 mesmo a alimenta\u00e7\u00e3o para ter \u2018temporada perfeita\u2019 no Flamengo\"}]},{\"@type\":\"WebSite\",\"@id\":\"https:\/\/www.gaveanews.com\/#website\",\"url\":\"https:\/\/www.gaveanews.com\/\",\"name\":\"G\u00e1vea News\",\"description\":\"Veja todas as not\u00edcias sobre o Flamengo: Contrata\u00e7\u00f5es, categorias de base, resultados das partidas, tabela de classifica\u00e7\u00e3o, pr\u00f3ximos jogos!\",\"potentialAction\":[{\"@type\":\"SearchAction\",\"target\":{\"@type\":\"EntryPoint\",\"urlTemplate\":\"https:\/\/www.gaveanews.com\/?s={search_term_string}\"},\"query-input\":{\"@type\":\"PropertyValueSpecification\",\"valueRequired\":true,\"valueName\":\"search_term_string\"}}],\"inLanguage\":\"pt-BR\"},{\"@type\":\"Person\",\"@id\":\"https:\/\/www.gaveanews.com\/#\/schema\/person\/2ec14f73fb96be2caf28f91afb14749d\",\"name\":\"Equipe G\u00e1vea News\",\"image\":{\"@type\":\"ImageObject\",\"inLanguage\":\"pt-BR\",\"@id\":\"https:\/\/www.gaveanews.com\/#\/schema\/person\/image\/\",\"url\":\"https:\/\/secure.gravatar.com\/avatar\/1e1956f1facbffd3f8fa53a326721950116b3b9dc9bd44939c01180fd4a745a9?s=96&d=mm&r=g\",\"contentUrl\":\"https:\/\/secure.gravatar.com\/avatar\/1e1956f1facbffd3f8fa53a326721950116b3b9dc9bd44939c01180fd4a745a9?s=96&d=mm&r=g\",\"caption\":\"Equipe G\u00e1vea News\"}}]}<\/script>\n<!-- \/ Yoast SEO Premium plugin. -->","yoast_head_json":{"title":"Foco total: Atacante mudou at\u00e9 mesmo a alimenta\u00e7\u00e3o para ter \u2018temporada perfeita\u2019 no Flamengo","robots":{"index":"index","follow":"follow","max-snippet":"max-snippet:-1","max-image-preview":"max-image-preview:large","max-video-preview":"max-video-preview:-1"},"canonical":"https:\/\/www.gaveanews.com\/index.php\/2019\/11\/07\/foco-total-atacante-mudou-ate-mesmo-a-alimentacao-para-ter-temporada-perfeita-no-flamengo\/","og_locale":"pt_BR","og_type":"article","og_title":"Foco total: Atacante mudou at\u00e9 mesmo a alimenta\u00e7\u00e3o para ter \u2018temporada perfeita\u2019 no Flamengo","og_description":"O Flamengo refor\u00e7ou o elenco deste ano com bastante jogadores de prest\u00edgio, como \u00e9 o caso de Gabriel Barbosa. O atacante, que pertence \u00e0 Inter de Mil\u00e3o e est\u00e1 emprestado ao Rubro-Negro, \u00e9 um dos destaques do time comandado pelo treinador Jorge Jesus. O camisa 9, em entrevista ao site da&nbsp;FIFA, comentou um pouco do [&hellip;]","og_url":"https:\/\/www.gaveanews.com\/index.php\/2019\/11\/07\/foco-total-atacante-mudou-ate-mesmo-a-alimentacao-para-ter-temporada-perfeita-no-flamengo\/","og_site_name":"G\u00e1vea News","article_publisher":"https:\/\/facebook.com\/gaveaNews\/","article_published_time":"2019-11-07T16:57:31+00:00","og_image":[{"width":900,"height":599,"url":"https:\/\/www.gaveanews.com\/wp-content\/uploads\/2019\/03\/Rodrigo-Caio-e-Gabigol-durante-treinamento-no-Ninho-do-Urubu.webp","type":"image\/jpeg"}],"author":"Equipe G\u00e1vea News","twitter_card":"summary_large_image","twitter_misc":{"Escrito por":"Equipe G\u00e1vea News","Est. tempo de leitura":"2 minutos"},"schema":{"@context":"https:\/\/schema.org","@graph":[{"@type":"NewsArticle","@id":"https:\/\/www.gaveanews.com\/index.php\/2019\/11\/07\/foco-total-atacante-mudou-ate-mesmo-a-alimentacao-para-ter-temporada-perfeita-no-flamengo\/#article","isPartOf":{"@id":"https:\/\/www.gaveanews.com\/index.php\/2019\/11\/07\/foco-total-atacante-mudou-ate-mesmo-a-alimentacao-para-ter-temporada-perfeita-no-flamengo\/"},"author":{"name":"Equipe G\u00e1vea News","@id":"https:\/\/www.gaveanews.com\/#\/schema\/person\/2ec14f73fb96be2caf28f91afb14749d"},"headline":"Foco total: Atacante mudou at\u00e9 mesmo a alimenta\u00e7\u00e3o para ter \u2018temporada perfeita\u2019 no Flamengo","datePublished":"2019-11-07T16:57:31+00:00","mainEntityOfPage":{"@id":"https:\/\/www.gaveanews.com\/index.php\/2019\/11\/07\/foco-total-atacante-mudou-ate-mesmo-a-alimentacao-para-ter-temporada-perfeita-no-flamengo\/"},"wordCount":363,"commentCount":0,"image":{"@id":"https:\/\/www.gaveanews.com\/index.php\/2019\/11\/07\/foco-total-atacante-mudou-ate-mesmo-a-alimentacao-para-ter-temporada-perfeita-no-flamengo\/#primaryimage"},"thumbnailUrl":"https:\/\/www.gaveanews.com\/wp-content\/uploads\/2019\/03\/Rodrigo-Caio-e-Gabigol-durante-treinamento-no-Ninho-do-Urubu.webp","articleSection":["Flamengo"],"inLanguage":"pt-BR","potentialAction":[{"@type":"CommentAction","name":"Comment","target":["https:\/\/www.gaveanews.com\/index.php\/2019\/11\/07\/foco-total-atacante-mudou-ate-mesmo-a-alimentacao-para-ter-temporada-perfeita-no-flamengo\/#respond"]}],"copyrightYear":"2019","copyrightHolder":{"@id":"https:\/\/www.gaveanews.com\/#organization"}},{"@type":"WebPage","@id":"https:\/\/www.gaveanews.com\/index.php\/2019\/11\/07\/foco-total-atacante-mudou-ate-mesmo-a-alimentacao-para-ter-temporada-perfeita-no-flamengo\/","url":"https:\/\/www.gaveanews.com\/index.php\/2019\/11\/07\/foco-total-atacante-mudou-ate-mesmo-a-alimentacao-para-ter-temporada-perfeita-no-flamengo\/","name":"Foco total: Atacante mudou at\u00e9 mesmo a alimenta\u00e7\u00e3o para ter \u2018temporada perfeita\u2019 no Flamengo","isPartOf":{"@id":"https:\/\/www.gaveanews.com\/#website"},"primaryImageOfPage":{"@id":"https:\/\/www.gaveanews.com\/index.php\/2019\/11\/07\/foco-total-atacante-mudou-ate-mesmo-a-alimentacao-para-ter-temporada-perfeita-no-flamengo\/#primaryimage"},"image":{"@id":"https:\/\/www.gaveanews.com\/index.php\/2019\/11\/07\/foco-total-atacante-mudou-ate-mesmo-a-alimentacao-para-ter-temporada-perfeita-no-flamengo\/#primaryimage"},"thumbnailUrl":"https:\/\/www.gaveanews.com\/wp-content\/uploads\/2019\/03\/Rodrigo-Caio-e-Gabigol-durante-treinamento-no-Ninho-do-Urubu.webp","datePublished":"2019-11-07T16:57:31+00:00","author":{"@id":"https:\/\/www.gaveanews.com\/#\/schema\/person\/2ec14f73fb96be2caf28f91afb14749d"},"breadcrumb":{"@id":"https:\/\/www.gaveanews.com\/index.php\/2019\/11\/07\/foco-total-atacante-mudou-ate-mesmo-a-alimentacao-para-ter-temporada-perfeita-no-flamengo\/#breadcrumb"},"inLanguage":"pt-BR","potentialAction":[{"@type":"ReadAction","target":["https:\/\/www.gaveanews.com\/index.php\/2019\/11\/07\/foco-total-atacante-mudou-ate-mesmo-a-alimentacao-para-ter-temporada-perfeita-no-flamengo\/"]}]},{"@type":"ImageObject","inLanguage":"pt-BR","@id":"https:\/\/www.gaveanews.com\/index.php\/2019\/11\/07\/foco-total-atacante-mudou-ate-mesmo-a-alimentacao-para-ter-temporada-perfeita-no-flamengo\/#primaryimage","url":"https:\/\/www.gaveanews.com\/wp-content\/uploads\/2019\/03\/Rodrigo-Caio-e-Gabigol-durante-treinamento-no-Ninho-do-Urubu.webp","contentUrl":"https:\/\/www.gaveanews.com\/wp-content\/uploads\/2019\/03\/Rodrigo-Caio-e-Gabigol-durante-treinamento-no-Ninho-do-Urubu.webp","width":900,"height":599,"caption":"Rodrigo Caio e Gabigol durante treinamento no Ninho do Urubu (Foto: Alexandre Vidal\/Flamengo)"},{"@type":"BreadcrumbList","@id":"https:\/\/www.gaveanews.com\/index.php\/2019\/11\/07\/foco-total-atacante-mudou-ate-mesmo-a-alimentacao-para-ter-temporada-perfeita-no-flamengo\/#breadcrumb","itemListElement":[{"@type":"ListItem","position":1,"name":"Home","item":"https:\/\/www.gaveanews.com\/"},{"@type":"ListItem","position":2,"name":"Foco total: Atacante mudou at\u00e9 mesmo a alimenta\u00e7\u00e3o para ter \u2018temporada perfeita\u2019 no Flamengo"}]},{"@type":"WebSite","@id":"https:\/\/www.gaveanews.com\/#website","url":"https:\/\/www.gaveanews.com\/","name":"G\u00e1vea News","description":"Veja todas as not\u00edcias sobre o Flamengo: Contrata\u00e7\u00f5es, categorias de base, resultados das partidas, tabela de classifica\u00e7\u00e3o, pr\u00f3ximos jogos!","potentialAction":[{"@type":"SearchAction","target":{"@type":"EntryPoint","urlTemplate":"https:\/\/www.gaveanews.com\/?s={search_term_string}"},"query-input":{"@type":"PropertyValueSpecification","valueRequired":true,"valueName":"search_term_string"}}],"inLanguage":"pt-BR"},{"@type":"Person","@id":"https:\/\/www.gaveanews.com\/#\/schema\/person\/2ec14f73fb96be2caf28f91afb14749d","name":"Equipe G\u00e1vea News","image":{"@type":"ImageObject","inLanguage":"pt-BR","@id":"https:\/\/www.gaveanews.com\/#\/schema\/person\/image\/","url":"https:\/\/secure.gravatar.com\/avatar\/1e1956f1facbffd3f8fa53a326721950116b3b9dc9bd44939c01180fd4a745a9?s=96&d=mm&r=g","contentUrl":"https:\/\/secure.gravatar.com\/avatar\/1e1956f1facbffd3f8fa53a326721950116b3b9dc9bd44939c01180fd4a745a9?s=96&d=mm&r=g","caption":"Equipe G\u00e1vea News"}}]}},"_links":{"self":[{"href":"https:\/\/www.gaveanews.com\/index.php\/wp-json\/wp\/v2\/posts\/31480","targetHints":{"allow":["GET"]}}],"collection":[{"href":"https:\/\/www.gaveanews.com\/index.php\/wp-json\/wp\/v2\/posts"}],"about":[{"href":"https:\/\/www.gaveanews.com\/index.php\/wp-json\/wp\/v2\/types\/post"}],"author":[{"embeddable":true,"href":"https:\/\/www.gaveanews.com\/index.php\/wp-json\/wp\/v2\/users\/1"}],"replies":[{"embeddable":true,"href":"https:\/\/www.gaveanews.com\/index.php\/wp-json\/wp\/v2\/comments?post=31480"}],"version-history":[{"count":0,"href":"https:\/\/www.gaveanews.com\/index.php\/wp-json\/wp\/v2\/posts\/31480\/revisions"}],"wp:featuredmedia":[{"embeddable":true,"href":"https:\/\/www.gaveanews.com\/index.php\/wp-json\/wp\/v2\/media\/15116"}],"wp:attachment":[{"href":"https:\/\/www.gaveanews.com\/index.php\/wp-json\/wp\/v2\/media?parent=31480"}],"wp:term":[{"taxonomy":"category","embeddable":true,"href":"https:\/\/www.gaveanews.com\/index.php\/wp-json\/wp\/v2\/categories?post=31480"},{"taxonomy":"post_tag","embeddable":true,"href":"https:\/\/www.gaveanews.com\/index.php\/wp-json\/wp\/v2\/tags?post=31480"}],"curies":[{"name":"wp","href":"https:\/\/api.w.org\/{rel}","templated":true}]}}