{"id":31487,"date":"2019-11-07T17:00:36","date_gmt":"2019-11-07T20:00:36","guid":{"rendered":"http:\/\/www.gaveanews.com\/?p=31487"},"modified":"2019-11-07T17:04:00","modified_gmt":"2019-11-07T20:04:00","slug":"restaurante-no-rio-de-janeiro-faz-imprime-foto-de-jorge-jesus-em-cafe-para-homenagear-o-treinador-do-flamengo-veja-foto","status":"publish","type":"post","link":"https:\/\/www.gaveanews.com\/index.php\/2019\/11\/07\/restaurante-no-rio-de-janeiro-faz-imprime-foto-de-jorge-jesus-em-cafe-para-homenagear-o-treinador-do-flamengo-veja-foto\/","title":{"rendered":"Restaurante no Rio de Janeiro &#8220;imprime&#8221; foto de Jorge Jesus em caf\u00e9 para homenagear o treinador do Flamengo; veja foto"},"content":{"rendered":"\n<p>Jorge Jesus est\u00e1 mesmo em alta no Rio de Janeiro, tanto virou at\u00e9 caf\u00e9. na \u00faltima quarta-feira (06 de novembro), o treinador foi homenageado no restaurante Giuseppe Mar, na Barra da Tijuca. Frequentador do estabelecimento, o t\u00e9cnico portug\u00eas foi surpreendido por funcion\u00e1rios do restaurante, que &#8220;imprimiram&#8221; uma foto treinador com o escudo do Flamengo ao fundo, com uso de uma t\u00e9cnica conhecida como &#8220;Latte Art&#8221;.<\/p>\n\n\n\n<p>\u2014 O Jesus j\u00e1 \u00e9 cliente nosso desde que chegou ao Rio, e vem sempre aqui. Por isso fizemos essa homenagem, e ele ficou bastante feliz com o gesto de carinho &#8211; disse um funcion\u00e1rio do estabelecimento ao Extra.<\/p>\n\n\n\n<figure class=\"wp-block-embed-twitter wp-block-embed is-type-rich is-provider-twitter\"><div class=\"wp-block-embed__wrapper\">\nhttps:\/\/twitter.com\/gavea_news\/status\/1192532694489587714\n<\/div><\/figure>\n\n\n\n<p>A homenagem fez tanto sucesso que at\u00e9 o filho do treinador, Mauro Jesus, postou a imagem do caf\u00e9 personalizado em um story do Instagram.<\/p>\n\n\n\n<p>Mauro, que est\u00e1 no Rio de Janeiro, tem aproveitado bem sua passagem pela cidade. Al\u00e9m de frequentar alguns dos estabelecimentos favoritos do pai na cidade, ele j\u00e1 foi visto no Samba do Trabalhador, no Anda\u00ed, e no Morro do Vidigal.<\/p>\n\n\n\n<p>Retirado de: Extra<\/p>\n","protected":false},"excerpt":{"rendered":"<p>Jorge Jesus est\u00e1 mesmo em alta no Rio de Janeiro, tanto virou at\u00e9 caf\u00e9. na \u00faltima quarta-feira (06 de novembro), o treinador foi homenageado no restaurante Giuseppe Mar, na Barra da Tijuca. Frequentador do estabelecimento, o t\u00e9cnico portug\u00eas foi surpreendido por funcion\u00e1rios do restaurante, que &#8220;imprimiram&#8221; uma foto treinador com o escudo do Flamengo ao [&hellip;]<\/p>\n","protected":false},"author":1,"featured_media":23323,"comment_status":"open","ping_status":"open","sticky":false,"template":"","format":"standard","meta":{"footnotes":""},"categories":[1],"tags":[],"class_list":["post-31487","post","type-post","status-publish","format-standard","has-post-thumbnail","hentry","category-flamengo"],"yoast_head":"<!-- This site is optimized with the Yoast SEO Premium plugin v24.2 (Yoast SEO v26.9) - https:\/\/yoast.com\/product\/yoast-seo-premium-wordpress\/ -->\n<title>Restaurante no Rio de Janeiro &quot;imprime&quot; foto de Jorge Jesus em caf\u00e9 para homenagear o treinador do Flamengo; veja foto<\/title>\n<meta name=\"robots\" content=\"index, follow, max-snippet:-1, max-image-preview:large, max-video-preview:-1\" \/>\n<link rel=\"canonical\" href=\"https:\/\/www.gaveanews.com\/index.php\/2019\/11\/07\/restaurante-no-rio-de-janeiro-faz-imprime-foto-de-jorge-jesus-em-cafe-para-homenagear-o-treinador-do-flamengo-veja-foto\/\" \/>\n<meta property=\"og:locale\" content=\"pt_BR\" \/>\n<meta property=\"og:type\" content=\"article\" \/>\n<meta property=\"og:title\" content=\"Restaurante no Rio de Janeiro &quot;imprime&quot; foto de Jorge Jesus em caf\u00e9 para homenagear o treinador do Flamengo; veja foto\" \/>\n<meta property=\"og:description\" content=\"Jorge Jesus est\u00e1 mesmo em alta no Rio de Janeiro, tanto virou at\u00e9 caf\u00e9. na \u00faltima quarta-feira (06 de novembro), o treinador foi homenageado no restaurante Giuseppe Mar, na Barra da Tijuca. Frequentador do estabelecimento, o t\u00e9cnico portug\u00eas foi surpreendido por funcion\u00e1rios do restaurante, que &#8220;imprimiram&#8221; uma foto treinador com o escudo do Flamengo ao [&hellip;]\" \/>\n<meta property=\"og:url\" content=\"https:\/\/www.gaveanews.com\/index.php\/2019\/11\/07\/restaurante-no-rio-de-janeiro-faz-imprime-foto-de-jorge-jesus-em-cafe-para-homenagear-o-treinador-do-flamengo-veja-foto\/\" \/>\n<meta property=\"og:site_name\" content=\"G\u00e1vea News\" \/>\n<meta property=\"article:publisher\" content=\"https:\/\/facebook.com\/gaveaNews\/\" \/>\n<meta property=\"article:published_time\" content=\"2019-11-07T20:00:36+00:00\" \/>\n<meta property=\"article:modified_time\" content=\"2019-11-07T20:04:00+00:00\" \/>\n<meta property=\"og:image\" content=\"https:\/\/www.gaveanews.com\/wp-content\/uploads\/2019\/07\/Jorge-Jesus-durante-uma-partida-do-Flamengo-no-Maracana.webp\" \/>\n\t<meta property=\"og:image:width\" content=\"1\" \/>\n\t<meta property=\"og:image:height\" content=\"1\" \/>\n\t<meta property=\"og:image:type\" content=\"image\/jpeg\" \/>\n<meta name=\"author\" content=\"Equipe G\u00e1vea News\" \/>\n<meta name=\"twitter:card\" content=\"summary_large_image\" \/>\n<meta name=\"twitter:label1\" content=\"Escrito por\" \/>\n\t<meta name=\"twitter:data1\" content=\"Equipe G\u00e1vea News\" \/>\n\t<meta name=\"twitter:label2\" content=\"Est. tempo de leitura\" \/>\n\t<meta name=\"twitter:data2\" content=\"1 minuto\" \/>\n<script type=\"application\/ld+json\" class=\"yoast-schema-graph\">{\"@context\":\"https:\/\/schema.org\",\"@graph\":[{\"@type\":\"NewsArticle\",\"@id\":\"https:\/\/www.gaveanews.com\/index.php\/2019\/11\/07\/restaurante-no-rio-de-janeiro-faz-imprime-foto-de-jorge-jesus-em-cafe-para-homenagear-o-treinador-do-flamengo-veja-foto\/#article\",\"isPartOf\":{\"@id\":\"https:\/\/www.gaveanews.com\/index.php\/2019\/11\/07\/restaurante-no-rio-de-janeiro-faz-imprime-foto-de-jorge-jesus-em-cafe-para-homenagear-o-treinador-do-flamengo-veja-foto\/\"},\"author\":{\"name\":\"Equipe G\u00e1vea News\",\"@id\":\"https:\/\/www.gaveanews.com\/#\/schema\/person\/2ec14f73fb96be2caf28f91afb14749d\"},\"headline\":\"Restaurante no Rio de Janeiro &#8220;imprime&#8221; foto de Jorge Jesus em caf\u00e9 para homenagear o treinador do Flamengo; veja foto\",\"datePublished\":\"2019-11-07T20:00:36+00:00\",\"dateModified\":\"2019-11-07T20:04:00+00:00\",\"mainEntityOfPage\":{\"@id\":\"https:\/\/www.gaveanews.com\/index.php\/2019\/11\/07\/restaurante-no-rio-de-janeiro-faz-imprime-foto-de-jorge-jesus-em-cafe-para-homenagear-o-treinador-do-flamengo-veja-foto\/\"},\"wordCount\":200,\"commentCount\":0,\"image\":{\"@id\":\"https:\/\/www.gaveanews.com\/index.php\/2019\/11\/07\/restaurante-no-rio-de-janeiro-faz-imprime-foto-de-jorge-jesus-em-cafe-para-homenagear-o-treinador-do-flamengo-veja-foto\/#primaryimage\"},\"thumbnailUrl\":\"https:\/\/www.gaveanews.com\/wp-content\/uploads\/2019\/07\/Jorge-Jesus-durante-uma-partida-do-Flamengo-no-Maracana.webp\",\"articleSection\":[\"Flamengo\"],\"inLanguage\":\"pt-BR\",\"potentialAction\":[{\"@type\":\"CommentAction\",\"name\":\"Comment\",\"target\":[\"https:\/\/www.gaveanews.com\/index.php\/2019\/11\/07\/restaurante-no-rio-de-janeiro-faz-imprime-foto-de-jorge-jesus-em-cafe-para-homenagear-o-treinador-do-flamengo-veja-foto\/#respond\"]}],\"copyrightYear\":\"2019\",\"copyrightHolder\":{\"@id\":\"https:\/\/www.gaveanews.com\/#organization\"}},{\"@type\":\"WebPage\",\"@id\":\"https:\/\/www.gaveanews.com\/index.php\/2019\/11\/07\/restaurante-no-rio-de-janeiro-faz-imprime-foto-de-jorge-jesus-em-cafe-para-homenagear-o-treinador-do-flamengo-veja-foto\/\",\"url\":\"https:\/\/www.gaveanews.com\/index.php\/2019\/11\/07\/restaurante-no-rio-de-janeiro-faz-imprime-foto-de-jorge-jesus-em-cafe-para-homenagear-o-treinador-do-flamengo-veja-foto\/\",\"name\":\"Restaurante no Rio de Janeiro \\\"imprime\\\" foto de Jorge Jesus em caf\u00e9 para homenagear o treinador do Flamengo; veja foto\",\"isPartOf\":{\"@id\":\"https:\/\/www.gaveanews.com\/#website\"},\"primaryImageOfPage\":{\"@id\":\"https:\/\/www.gaveanews.com\/index.php\/2019\/11\/07\/restaurante-no-rio-de-janeiro-faz-imprime-foto-de-jorge-jesus-em-cafe-para-homenagear-o-treinador-do-flamengo-veja-foto\/#primaryimage\"},\"image\":{\"@id\":\"https:\/\/www.gaveanews.com\/index.php\/2019\/11\/07\/restaurante-no-rio-de-janeiro-faz-imprime-foto-de-jorge-jesus-em-cafe-para-homenagear-o-treinador-do-flamengo-veja-foto\/#primaryimage\"},\"thumbnailUrl\":\"https:\/\/www.gaveanews.com\/wp-content\/uploads\/2019\/07\/Jorge-Jesus-durante-uma-partida-do-Flamengo-no-Maracana.webp\",\"datePublished\":\"2019-11-07T20:00:36+00:00\",\"dateModified\":\"2019-11-07T20:04:00+00:00\",\"author\":{\"@id\":\"https:\/\/www.gaveanews.com\/#\/schema\/person\/2ec14f73fb96be2caf28f91afb14749d\"},\"breadcrumb\":{\"@id\":\"https:\/\/www.gaveanews.com\/index.php\/2019\/11\/07\/restaurante-no-rio-de-janeiro-faz-imprime-foto-de-jorge-jesus-em-cafe-para-homenagear-o-treinador-do-flamengo-veja-foto\/#breadcrumb\"},\"inLanguage\":\"pt-BR\",\"potentialAction\":[{\"@type\":\"ReadAction\",\"target\":[\"https:\/\/www.gaveanews.com\/index.php\/2019\/11\/07\/restaurante-no-rio-de-janeiro-faz-imprime-foto-de-jorge-jesus-em-cafe-para-homenagear-o-treinador-do-flamengo-veja-foto\/\"]}]},{\"@type\":\"ImageObject\",\"inLanguage\":\"pt-BR\",\"@id\":\"https:\/\/www.gaveanews.com\/index.php\/2019\/11\/07\/restaurante-no-rio-de-janeiro-faz-imprime-foto-de-jorge-jesus-em-cafe-para-homenagear-o-treinador-do-flamengo-veja-foto\/#primaryimage\",\"url\":\"https:\/\/www.gaveanews.com\/wp-content\/uploads\/2019\/07\/Jorge-Jesus-durante-uma-partida-do-Flamengo-no-Maracana.webp\",\"contentUrl\":\"https:\/\/www.gaveanews.com\/wp-content\/uploads\/2019\/07\/Jorge-Jesus-durante-uma-partida-do-Flamengo-no-Maracana.webp\",\"width\":901,\"height\":600,\"caption\":\"Jorge Jesus durante uma partida do Flamengo no Maracan\u00e3 (Foto: Alexandre Vidal\/Flamengo)\"},{\"@type\":\"BreadcrumbList\",\"@id\":\"https:\/\/www.gaveanews.com\/index.php\/2019\/11\/07\/restaurante-no-rio-de-janeiro-faz-imprime-foto-de-jorge-jesus-em-cafe-para-homenagear-o-treinador-do-flamengo-veja-foto\/#breadcrumb\",\"itemListElement\":[{\"@type\":\"ListItem\",\"position\":1,\"name\":\"Home\",\"item\":\"https:\/\/www.gaveanews.com\/\"},{\"@type\":\"ListItem\",\"position\":2,\"name\":\"Restaurante no Rio de Janeiro &#8220;imprime&#8221; foto de Jorge Jesus em caf\u00e9 para homenagear o treinador do Flamengo; veja foto\"}]},{\"@type\":\"WebSite\",\"@id\":\"https:\/\/www.gaveanews.com\/#website\",\"url\":\"https:\/\/www.gaveanews.com\/\",\"name\":\"G\u00e1vea News\",\"description\":\"Veja todas as not\u00edcias sobre o Flamengo: Contrata\u00e7\u00f5es, categorias de base, resultados das partidas, tabela de classifica\u00e7\u00e3o, pr\u00f3ximos jogos!\",\"potentialAction\":[{\"@type\":\"SearchAction\",\"target\":{\"@type\":\"EntryPoint\",\"urlTemplate\":\"https:\/\/www.gaveanews.com\/?s={search_term_string}\"},\"query-input\":{\"@type\":\"PropertyValueSpecification\",\"valueRequired\":true,\"valueName\":\"search_term_string\"}}],\"inLanguage\":\"pt-BR\"},{\"@type\":\"Person\",\"@id\":\"https:\/\/www.gaveanews.com\/#\/schema\/person\/2ec14f73fb96be2caf28f91afb14749d\",\"name\":\"Equipe G\u00e1vea News\",\"image\":{\"@type\":\"ImageObject\",\"inLanguage\":\"pt-BR\",\"@id\":\"https:\/\/www.gaveanews.com\/#\/schema\/person\/image\/\",\"url\":\"https:\/\/secure.gravatar.com\/avatar\/1e1956f1facbffd3f8fa53a326721950116b3b9dc9bd44939c01180fd4a745a9?s=96&d=mm&r=g\",\"contentUrl\":\"https:\/\/secure.gravatar.com\/avatar\/1e1956f1facbffd3f8fa53a326721950116b3b9dc9bd44939c01180fd4a745a9?s=96&d=mm&r=g\",\"caption\":\"Equipe G\u00e1vea News\"}}]}<\/script>\n<!-- \/ Yoast SEO Premium plugin. -->","yoast_head_json":{"title":"Restaurante no Rio de Janeiro \"imprime\" foto de Jorge Jesus em caf\u00e9 para homenagear o treinador do Flamengo; veja foto","robots":{"index":"index","follow":"follow","max-snippet":"max-snippet:-1","max-image-preview":"max-image-preview:large","max-video-preview":"max-video-preview:-1"},"canonical":"https:\/\/www.gaveanews.com\/index.php\/2019\/11\/07\/restaurante-no-rio-de-janeiro-faz-imprime-foto-de-jorge-jesus-em-cafe-para-homenagear-o-treinador-do-flamengo-veja-foto\/","og_locale":"pt_BR","og_type":"article","og_title":"Restaurante no Rio de Janeiro \"imprime\" foto de Jorge Jesus em caf\u00e9 para homenagear o treinador do Flamengo; veja foto","og_description":"Jorge Jesus est\u00e1 mesmo em alta no Rio de Janeiro, tanto virou at\u00e9 caf\u00e9. na \u00faltima quarta-feira (06 de novembro), o treinador foi homenageado no restaurante Giuseppe Mar, na Barra da Tijuca. Frequentador do estabelecimento, o t\u00e9cnico portug\u00eas foi surpreendido por funcion\u00e1rios do restaurante, que &#8220;imprimiram&#8221; uma foto treinador com o escudo do Flamengo ao [&hellip;]","og_url":"https:\/\/www.gaveanews.com\/index.php\/2019\/11\/07\/restaurante-no-rio-de-janeiro-faz-imprime-foto-de-jorge-jesus-em-cafe-para-homenagear-o-treinador-do-flamengo-veja-foto\/","og_site_name":"G\u00e1vea News","article_publisher":"https:\/\/facebook.com\/gaveaNews\/","article_published_time":"2019-11-07T20:00:36+00:00","article_modified_time":"2019-11-07T20:04:00+00:00","og_image":[{"url":"https:\/\/www.gaveanews.com\/wp-content\/uploads\/2019\/07\/Jorge-Jesus-durante-uma-partida-do-Flamengo-no-Maracana.webp","width":1,"height":1,"type":"image\/jpeg"}],"author":"Equipe G\u00e1vea News","twitter_card":"summary_large_image","twitter_misc":{"Escrito por":"Equipe G\u00e1vea News","Est. tempo de leitura":"1 minuto"},"schema":{"@context":"https:\/\/schema.org","@graph":[{"@type":"NewsArticle","@id":"https:\/\/www.gaveanews.com\/index.php\/2019\/11\/07\/restaurante-no-rio-de-janeiro-faz-imprime-foto-de-jorge-jesus-em-cafe-para-homenagear-o-treinador-do-flamengo-veja-foto\/#article","isPartOf":{"@id":"https:\/\/www.gaveanews.com\/index.php\/2019\/11\/07\/restaurante-no-rio-de-janeiro-faz-imprime-foto-de-jorge-jesus-em-cafe-para-homenagear-o-treinador-do-flamengo-veja-foto\/"},"author":{"name":"Equipe G\u00e1vea News","@id":"https:\/\/www.gaveanews.com\/#\/schema\/person\/2ec14f73fb96be2caf28f91afb14749d"},"headline":"Restaurante no Rio de Janeiro &#8220;imprime&#8221; foto de Jorge Jesus em caf\u00e9 para homenagear o treinador do Flamengo; veja foto","datePublished":"2019-11-07T20:00:36+00:00","dateModified":"2019-11-07T20:04:00+00:00","mainEntityOfPage":{"@id":"https:\/\/www.gaveanews.com\/index.php\/2019\/11\/07\/restaurante-no-rio-de-janeiro-faz-imprime-foto-de-jorge-jesus-em-cafe-para-homenagear-o-treinador-do-flamengo-veja-foto\/"},"wordCount":200,"commentCount":0,"image":{"@id":"https:\/\/www.gaveanews.com\/index.php\/2019\/11\/07\/restaurante-no-rio-de-janeiro-faz-imprime-foto-de-jorge-jesus-em-cafe-para-homenagear-o-treinador-do-flamengo-veja-foto\/#primaryimage"},"thumbnailUrl":"https:\/\/www.gaveanews.com\/wp-content\/uploads\/2019\/07\/Jorge-Jesus-durante-uma-partida-do-Flamengo-no-Maracana.webp","articleSection":["Flamengo"],"inLanguage":"pt-BR","potentialAction":[{"@type":"CommentAction","name":"Comment","target":["https:\/\/www.gaveanews.com\/index.php\/2019\/11\/07\/restaurante-no-rio-de-janeiro-faz-imprime-foto-de-jorge-jesus-em-cafe-para-homenagear-o-treinador-do-flamengo-veja-foto\/#respond"]}],"copyrightYear":"2019","copyrightHolder":{"@id":"https:\/\/www.gaveanews.com\/#organization"}},{"@type":"WebPage","@id":"https:\/\/www.gaveanews.com\/index.php\/2019\/11\/07\/restaurante-no-rio-de-janeiro-faz-imprime-foto-de-jorge-jesus-em-cafe-para-homenagear-o-treinador-do-flamengo-veja-foto\/","url":"https:\/\/www.gaveanews.com\/index.php\/2019\/11\/07\/restaurante-no-rio-de-janeiro-faz-imprime-foto-de-jorge-jesus-em-cafe-para-homenagear-o-treinador-do-flamengo-veja-foto\/","name":"Restaurante no Rio de Janeiro \"imprime\" foto de Jorge Jesus em caf\u00e9 para homenagear o treinador do Flamengo; veja foto","isPartOf":{"@id":"https:\/\/www.gaveanews.com\/#website"},"primaryImageOfPage":{"@id":"https:\/\/www.gaveanews.com\/index.php\/2019\/11\/07\/restaurante-no-rio-de-janeiro-faz-imprime-foto-de-jorge-jesus-em-cafe-para-homenagear-o-treinador-do-flamengo-veja-foto\/#primaryimage"},"image":{"@id":"https:\/\/www.gaveanews.com\/index.php\/2019\/11\/07\/restaurante-no-rio-de-janeiro-faz-imprime-foto-de-jorge-jesus-em-cafe-para-homenagear-o-treinador-do-flamengo-veja-foto\/#primaryimage"},"thumbnailUrl":"https:\/\/www.gaveanews.com\/wp-content\/uploads\/2019\/07\/Jorge-Jesus-durante-uma-partida-do-Flamengo-no-Maracana.webp","datePublished":"2019-11-07T20:00:36+00:00","dateModified":"2019-11-07T20:04:00+00:00","author":{"@id":"https:\/\/www.gaveanews.com\/#\/schema\/person\/2ec14f73fb96be2caf28f91afb14749d"},"breadcrumb":{"@id":"https:\/\/www.gaveanews.com\/index.php\/2019\/11\/07\/restaurante-no-rio-de-janeiro-faz-imprime-foto-de-jorge-jesus-em-cafe-para-homenagear-o-treinador-do-flamengo-veja-foto\/#breadcrumb"},"inLanguage":"pt-BR","potentialAction":[{"@type":"ReadAction","target":["https:\/\/www.gaveanews.com\/index.php\/2019\/11\/07\/restaurante-no-rio-de-janeiro-faz-imprime-foto-de-jorge-jesus-em-cafe-para-homenagear-o-treinador-do-flamengo-veja-foto\/"]}]},{"@type":"ImageObject","inLanguage":"pt-BR","@id":"https:\/\/www.gaveanews.com\/index.php\/2019\/11\/07\/restaurante-no-rio-de-janeiro-faz-imprime-foto-de-jorge-jesus-em-cafe-para-homenagear-o-treinador-do-flamengo-veja-foto\/#primaryimage","url":"https:\/\/www.gaveanews.com\/wp-content\/uploads\/2019\/07\/Jorge-Jesus-durante-uma-partida-do-Flamengo-no-Maracana.webp","contentUrl":"https:\/\/www.gaveanews.com\/wp-content\/uploads\/2019\/07\/Jorge-Jesus-durante-uma-partida-do-Flamengo-no-Maracana.webp","width":901,"height":600,"caption":"Jorge Jesus durante uma partida do Flamengo no Maracan\u00e3 (Foto: Alexandre Vidal\/Flamengo)"},{"@type":"BreadcrumbList","@id":"https:\/\/www.gaveanews.com\/index.php\/2019\/11\/07\/restaurante-no-rio-de-janeiro-faz-imprime-foto-de-jorge-jesus-em-cafe-para-homenagear-o-treinador-do-flamengo-veja-foto\/#breadcrumb","itemListElement":[{"@type":"ListItem","position":1,"name":"Home","item":"https:\/\/www.gaveanews.com\/"},{"@type":"ListItem","position":2,"name":"Restaurante no Rio de Janeiro &#8220;imprime&#8221; foto de Jorge Jesus em caf\u00e9 para homenagear o treinador do Flamengo; veja foto"}]},{"@type":"WebSite","@id":"https:\/\/www.gaveanews.com\/#website","url":"https:\/\/www.gaveanews.com\/","name":"G\u00e1vea News","description":"Veja todas as not\u00edcias sobre o Flamengo: Contrata\u00e7\u00f5es, categorias de base, resultados das partidas, tabela de classifica\u00e7\u00e3o, pr\u00f3ximos jogos!","potentialAction":[{"@type":"SearchAction","target":{"@type":"EntryPoint","urlTemplate":"https:\/\/www.gaveanews.com\/?s={search_term_string}"},"query-input":{"@type":"PropertyValueSpecification","valueRequired":true,"valueName":"search_term_string"}}],"inLanguage":"pt-BR"},{"@type":"Person","@id":"https:\/\/www.gaveanews.com\/#\/schema\/person\/2ec14f73fb96be2caf28f91afb14749d","name":"Equipe G\u00e1vea News","image":{"@type":"ImageObject","inLanguage":"pt-BR","@id":"https:\/\/www.gaveanews.com\/#\/schema\/person\/image\/","url":"https:\/\/secure.gravatar.com\/avatar\/1e1956f1facbffd3f8fa53a326721950116b3b9dc9bd44939c01180fd4a745a9?s=96&d=mm&r=g","contentUrl":"https:\/\/secure.gravatar.com\/avatar\/1e1956f1facbffd3f8fa53a326721950116b3b9dc9bd44939c01180fd4a745a9?s=96&d=mm&r=g","caption":"Equipe G\u00e1vea News"}}]}},"_links":{"self":[{"href":"https:\/\/www.gaveanews.com\/index.php\/wp-json\/wp\/v2\/posts\/31487","targetHints":{"allow":["GET"]}}],"collection":[{"href":"https:\/\/www.gaveanews.com\/index.php\/wp-json\/wp\/v2\/posts"}],"about":[{"href":"https:\/\/www.gaveanews.com\/index.php\/wp-json\/wp\/v2\/types\/post"}],"author":[{"embeddable":true,"href":"https:\/\/www.gaveanews.com\/index.php\/wp-json\/wp\/v2\/users\/1"}],"replies":[{"embeddable":true,"href":"https:\/\/www.gaveanews.com\/index.php\/wp-json\/wp\/v2\/comments?post=31487"}],"version-history":[{"count":0,"href":"https:\/\/www.gaveanews.com\/index.php\/wp-json\/wp\/v2\/posts\/31487\/revisions"}],"wp:featuredmedia":[{"embeddable":true,"href":"https:\/\/www.gaveanews.com\/index.php\/wp-json\/wp\/v2\/media\/23323"}],"wp:attachment":[{"href":"https:\/\/www.gaveanews.com\/index.php\/wp-json\/wp\/v2\/media?parent=31487"}],"wp:term":[{"taxonomy":"category","embeddable":true,"href":"https:\/\/www.gaveanews.com\/index.php\/wp-json\/wp\/v2\/categories?post=31487"},{"taxonomy":"post_tag","embeddable":true,"href":"https:\/\/www.gaveanews.com\/index.php\/wp-json\/wp\/v2\/tags?post=31487"}],"curies":[{"name":"wp","href":"https:\/\/api.w.org\/{rel}","templated":true}]}}