{"id":31870,"date":"2019-11-15T17:53:06","date_gmt":"2019-11-15T20:53:06","guid":{"rendered":"http:\/\/www.gaveanews.com\/?p=31870"},"modified":"2019-11-15T17:53:23","modified_gmt":"2019-11-15T20:53:23","slug":"ex-atacante-do-flamengo-publica-mensagem-desejando-parabens-e-torcedores-se-empolgam-volta-pra-casa","status":"publish","type":"post","link":"https:\/\/www.gaveanews.com\/index.php\/2019\/11\/15\/ex-atacante-do-flamengo-publica-mensagem-desejando-parabens-e-torcedores-se-empolgam-volta-pra-casa\/","title":{"rendered":"Ex-atacante do Flamengo publica mensagem desejando parab\u00e9ns e torcedores se empolgam: &#8220;Volta pra casa&#8221;"},"content":{"rendered":"\n<p>Nesta sexta-feira (15 de novembro), o Clube de Regatas do Flamengo celebra 124 anos desde a sua funda\u00e7\u00e3o. E como n\u00e3o podia ser diferente, o assunto foi extremamente comentado nas redes sociais.<\/p>\n\n\n\n<p>Al\u00e9m dos torcedores, diversos jogadores do atual elenco publicaram diversas mensagens. Vale destacar que alguns ex-jogadores do clube, tamb\u00e9m utilizaram suas redes sociais para se manifestarem. Como por exemplo, o ex-atacante Vinicius J\u00fanior, que atualmente pertence ao Real Madrid da Espanha. <\/p>\n\n\n\n<p>Em seu Twitter, o Garoto do Ninho publicou quatro fotos com o Manto Sagrado juntamente com  a seguinte legenda: &#8220;Sei que n\u00e3o existe, hist\u00f3ria de amor mais bonita! Parab\u00e9ns, Flamengo 124 anos de honra e gl\u00f3ria! Obrigado por tudo e pede o mundo de novo!&#8221;.<\/p>\n\n\n\n<p>Tal publica\u00e7\u00e3o por sua vez, deixou v\u00e1rios torcedores empolgados. Houve inclusive quem pedisse o retorno do jogador. <\/p>\n\n\n\n<h3 class=\"wp-block-heading\"><strong>Confira abaixo a publica\u00e7\u00e3o e a rea\u00e7\u00e3o dos torcedores:<\/strong><\/h3>\n\n\n\n<figure class=\"wp-block-embed-twitter wp-block-embed is-type-rich is-provider-twitter\"><div class=\"wp-block-embed__wrapper\">\n<blockquote class=\"twitter-tweet\" data-width=\"550\" data-dnt=\"true\"><p lang=\"pt\" dir=\"ltr\">Sei que n\u00e3o existe, hist\u00f3ria de amor mais bonita! Parab\u00e9ns, <a href=\"https:\/\/twitter.com\/Flamengo?ref_src=twsrc%5Etfw\">@Flamengo<\/a> <br>124 anos de honra e gl\u00f3ria! Obrigado por tudo e pede o mundo de novo! \ud83e\udd1f\ud83c\udffe\ud83d\udd25\ud83d\udd34\u26ab\ufe0f <a href=\"https:\/\/t.co\/70RuRtLD8x\">pic.twitter.com\/70RuRtLD8x<\/a><\/p>&mdash; Vini Jr. (@vinijr) <a href=\"https:\/\/twitter.com\/vinijr\/status\/1195400865496096768?ref_src=twsrc%5Etfw\">November 15, 2019<\/a><\/blockquote><script async src=\"https:\/\/platform.twitter.com\/widgets.js\" charset=\"utf-8\"><\/script>\n<\/div><\/figure>\n\n\n\n<figure class=\"wp-block-embed-twitter wp-block-embed is-type-rich is-provider-twitter\"><div class=\"wp-block-embed__wrapper\">\n<blockquote class=\"twitter-tweet\" data-width=\"550\" data-dnt=\"true\"><p lang=\"pt\" dir=\"ltr\">Se quiser voltar, ainda da tempo de jogar contra o Gr\u00eamio e ir direto para Lima.<\/p>&mdash; Nandaa\u1d9c\u02b3\u1da0 \/\/ x7 \ud83d\udc51 (@nandacrfla) <a href=\"https:\/\/twitter.com\/nandacrfla\/status\/1195401868039663616?ref_src=twsrc%5Etfw\">November 15, 2019<\/a><\/blockquote><script async src=\"https:\/\/platform.twitter.com\/widgets.js\" charset=\"utf-8\"><\/script>\n<\/div><\/figure>\n\n\n\n<figure class=\"wp-block-embed-twitter wp-block-embed is-type-rich is-provider-twitter\"><div class=\"wp-block-embed__wrapper\">\n<blockquote class=\"twitter-tweet\" data-width=\"550\" data-dnt=\"true\"><p lang=\"pt\" dir=\"ltr\">Volta pra casa malvadeza a gnt te ama.<\/p>&mdash; Flan\u00e1tica\u1d9c\u02b3\u1da0 \ud83c\udde6\ud83c\uddf4 (@mengofranca1981) <a href=\"https:\/\/twitter.com\/mengofranca1981\/status\/1195401006999363584?ref_src=twsrc%5Etfw\">November 15, 2019<\/a><\/blockquote><script async src=\"https:\/\/platform.twitter.com\/widgets.js\" charset=\"utf-8\"><\/script>\n<\/div><\/figure>\n\n\n\n<center><div data-id=\"_mwayss-a6b34429d7217f2b4fc09df84bb211b0\"><\/div>\n                    <script>      \n                        (function(window, document, undefined) {\n                            var script_tag = document.createElement('script');\n                            script_tag.src = 'https:\/\/ad.mox.tv\/mox\/mwayss_invocation.min.js?pzoneid=4828&height=405&width=720&tld=gaveanews.com&ctype=div';\n                            var container = document.querySelectorAll('[data-id=_mwayss-a6b34429d7217f2b4fc09df84bb211b0]')[0];    \n                            container.setAttribute('id', (container.getAttribute('data-id')+(new Date()).getTime()));\n                            container.removeAttribute('data-id');\n                            container.parentNode.insertBefore(script_tag, container);\n                        })(window, document);\n                    <\/script><\/center>\n\n\n\n<p><\/p>\n\n\n\n<figure class=\"wp-block-embed-twitter wp-block-embed is-type-rich is-provider-twitter\"><div class=\"wp-block-embed__wrapper\">\nhttps:\/\/twitter.com\/Cavalinho_CRF85\/status\/1195401464593735681\n<\/div><\/figure>\n\n\n\n<figure class=\"wp-block-embed-twitter wp-block-embed is-type-rich is-provider-twitter\"><div class=\"wp-block-embed__wrapper\">\n<blockquote class=\"twitter-tweet\" data-width=\"550\" data-dnt=\"true\"><p lang=\"es\" dir=\"ltr\">Estamos te esperando, \u00e9s<\/p>&mdash; CENTRAL DA NA\u00c7\u00c3O \u1566\ud83d\ude0e\u1564 (@centraldanacao) <a href=\"https:\/\/twitter.com\/centraldanacao\/status\/1195401670877995011?ref_src=twsrc%5Etfw\">November 15, 2019<\/a><\/blockquote><script async src=\"https:\/\/platform.twitter.com\/widgets.js\" charset=\"utf-8\"><\/script>\n<\/div><\/figure>\n\n\n\n<figure class=\"wp-block-embed-twitter wp-block-embed is-type-rich is-provider-twitter\"><div class=\"wp-block-embed__wrapper\">\nhttps:\/\/twitter.com\/Meloxs_\/status\/1195401641534640128\n<\/div><\/figure>\n\n\n\n<figure class=\"wp-block-embed-twitter wp-block-embed is-type-rich is-provider-twitter\"><div class=\"wp-block-embed__wrapper\">\nhttps:\/\/twitter.com\/bthammy\/status\/1195400978608140288\n<\/div><\/figure>\n\n\n\n<figure class=\"wp-block-embed-twitter wp-block-embed is-type-rich is-provider-twitter\"><div class=\"wp-block-embed__wrapper\">\nhttps:\/\/twitter.com\/CrysthianThiago\/status\/1195407720008093700\n<\/div><\/figure>\n\n\n\n<figure class=\"wp-block-embed-twitter wp-block-embed is-type-rich is-provider-twitter\"><div class=\"wp-block-embed__wrapper\">\n<blockquote class=\"twitter-tweet\" data-width=\"550\" data-dnt=\"true\"><p lang=\"pt\" dir=\"ltr\">Seu quarto ta do jeito q vc deixou, pode voltar<\/p>&mdash; Poetas (@PoetasFla) <a href=\"https:\/\/twitter.com\/PoetasFla\/status\/1195407126644056064?ref_src=twsrc%5Etfw\">November 15, 2019<\/a><\/blockquote><script async src=\"https:\/\/platform.twitter.com\/widgets.js\" charset=\"utf-8\"><\/script>\n<\/div><\/figure>\n\n\n\n<figure class=\"wp-block-embed-twitter wp-block-embed is-type-rich is-provider-twitter\"><div class=\"wp-block-embed__wrapper\">\n<blockquote class=\"twitter-tweet\" data-width=\"550\" data-dnt=\"true\"><p lang=\"pt\" dir=\"ltr\">Volta pra casa menino,aqui vc tem vaga cativa!<\/p>&mdash; Ad\u00edlio (@adiliopatricio) <a href=\"https:\/\/twitter.com\/adiliopatricio\/status\/1195401175597821955?ref_src=twsrc%5Etfw\">November 15, 2019<\/a><\/blockquote><script async src=\"https:\/\/platform.twitter.com\/widgets.js\" charset=\"utf-8\"><\/script>\n<\/div><\/figure>\n\n\n\n<figure class=\"wp-block-embed-twitter wp-block-embed is-type-rich is-provider-twitter\"><div class=\"wp-block-embed__wrapper\">\n<blockquote class=\"twitter-tweet\" data-width=\"550\" data-dnt=\"true\"><p lang=\"pt\" dir=\"ltr\">TE AMAMOS MLK \ud83d\ude0d\ud83d\udd34\u26ab\ufe0f<\/p>&mdash; Willian Pedral (@pedral_willian) <a href=\"https:\/\/twitter.com\/pedral_willian\/status\/1195401021490630658?ref_src=twsrc%5Etfw\">November 15, 2019<\/a><\/blockquote><script async src=\"https:\/\/platform.twitter.com\/widgets.js\" charset=\"utf-8\"><\/script>\n<\/div><\/figure>\n\n\n\n<figure class=\"wp-block-embed-twitter wp-block-embed is-type-rich is-provider-twitter\"><div class=\"wp-block-embed__wrapper\">\n<blockquote class=\"twitter-tweet\" data-width=\"550\" data-dnt=\"true\"><p lang=\"pt\" dir=\"ltr\">Volta. Vem ser feliz aqui!<\/p>&mdash; Zino Davidoff (@nosrednav17) <a href=\"https:\/\/twitter.com\/nosrednav17\/status\/1195402500536512513?ref_src=twsrc%5Etfw\">November 15, 2019<\/a><\/blockquote><script async src=\"https:\/\/platform.twitter.com\/widgets.js\" charset=\"utf-8\"><\/script>\n<\/div><\/figure>\n\n\n\n<figure class=\"wp-block-embed-twitter wp-block-embed is-type-rich is-provider-twitter\"><div class=\"wp-block-embed__wrapper\">\nhttps:\/\/twitter.com\/_sabrinarsssss_\/status\/1195412338918207489\n<\/div><\/figure>\n","protected":false},"excerpt":{"rendered":"<p>Nesta sexta-feira (15 de novembro), o Clube de Regatas do Flamengo celebra 124 anos desde a sua funda\u00e7\u00e3o. E como n\u00e3o podia ser diferente, o assunto foi extremamente comentado nas redes sociais. Al\u00e9m dos torcedores, diversos jogadores do atual elenco publicaram diversas mensagens. Vale destacar que alguns ex-jogadores do clube, tamb\u00e9m utilizaram suas redes sociais [&hellip;]<\/p>\n","protected":false},"author":1,"featured_media":15157,"comment_status":"open","ping_status":"open","sticky":false,"template":"","format":"standard","meta":{"footnotes":""},"categories":[1],"tags":[],"class_list":["post-31870","post","type-post","status-publish","format-standard","has-post-thumbnail","hentry","category-flamengo"],"yoast_head":"<!-- This site is optimized with the Yoast SEO Premium plugin v24.2 (Yoast SEO v26.9) - https:\/\/yoast.com\/product\/yoast-seo-premium-wordpress\/ -->\n<title>Ex-atacante do Flamengo publica mensagem desejando parab\u00e9ns e torcedores se empolgam: &quot;Volta pra casa&quot;<\/title>\n<meta name=\"robots\" content=\"index, follow, max-snippet:-1, max-image-preview:large, max-video-preview:-1\" \/>\n<link rel=\"canonical\" href=\"https:\/\/www.gaveanews.com\/index.php\/2019\/11\/15\/ex-atacante-do-flamengo-publica-mensagem-desejando-parabens-e-torcedores-se-empolgam-volta-pra-casa\/\" \/>\n<meta property=\"og:locale\" content=\"pt_BR\" \/>\n<meta property=\"og:type\" content=\"article\" \/>\n<meta property=\"og:title\" content=\"Ex-atacante do Flamengo publica mensagem desejando parab\u00e9ns e torcedores se empolgam: &quot;Volta pra casa&quot;\" \/>\n<meta property=\"og:description\" content=\"Nesta sexta-feira (15 de novembro), o Clube de Regatas do Flamengo celebra 124 anos desde a sua funda\u00e7\u00e3o. E como n\u00e3o podia ser diferente, o assunto foi extremamente comentado nas redes sociais. Al\u00e9m dos torcedores, diversos jogadores do atual elenco publicaram diversas mensagens. Vale destacar que alguns ex-jogadores do clube, tamb\u00e9m utilizaram suas redes sociais [&hellip;]\" \/>\n<meta property=\"og:url\" content=\"https:\/\/www.gaveanews.com\/index.php\/2019\/11\/15\/ex-atacante-do-flamengo-publica-mensagem-desejando-parabens-e-torcedores-se-empolgam-volta-pra-casa\/\" \/>\n<meta property=\"og:site_name\" content=\"G\u00e1vea News\" \/>\n<meta property=\"article:publisher\" content=\"https:\/\/facebook.com\/gaveaNews\/\" \/>\n<meta property=\"article:published_time\" content=\"2019-11-15T20:53:06+00:00\" \/>\n<meta property=\"article:modified_time\" content=\"2019-11-15T20:53:23+00:00\" \/>\n<meta property=\"og:image\" content=\"https:\/\/www.gaveanews.com\/wp-content\/uploads\/2019\/03\/Vinicius-Junior-durante-treinamento-no-Ninho-do-Urubu.webp\" \/>\n\t<meta property=\"og:image:width\" content=\"880\" \/>\n\t<meta property=\"og:image:height\" content=\"586\" \/>\n\t<meta property=\"og:image:type\" content=\"image\/jpeg\" \/>\n<meta name=\"author\" content=\"Equipe G\u00e1vea News\" \/>\n<meta name=\"twitter:card\" content=\"summary_large_image\" \/>\n<meta name=\"twitter:label1\" content=\"Escrito por\" \/>\n\t<meta name=\"twitter:data1\" content=\"Equipe G\u00e1vea News\" \/>\n\t<meta name=\"twitter:label2\" content=\"Est. tempo de leitura\" \/>\n\t<meta name=\"twitter:data2\" content=\"1 minuto\" \/>\n<script type=\"application\/ld+json\" class=\"yoast-schema-graph\">{\"@context\":\"https:\/\/schema.org\",\"@graph\":[{\"@type\":\"NewsArticle\",\"@id\":\"https:\/\/www.gaveanews.com\/index.php\/2019\/11\/15\/ex-atacante-do-flamengo-publica-mensagem-desejando-parabens-e-torcedores-se-empolgam-volta-pra-casa\/#article\",\"isPartOf\":{\"@id\":\"https:\/\/www.gaveanews.com\/index.php\/2019\/11\/15\/ex-atacante-do-flamengo-publica-mensagem-desejando-parabens-e-torcedores-se-empolgam-volta-pra-casa\/\"},\"author\":{\"name\":\"Equipe G\u00e1vea News\",\"@id\":\"https:\/\/www.gaveanews.com\/#\/schema\/person\/2ec14f73fb96be2caf28f91afb14749d\"},\"headline\":\"Ex-atacante do Flamengo publica mensagem desejando parab\u00e9ns e torcedores se empolgam: &#8220;Volta pra casa&#8221;\",\"datePublished\":\"2019-11-15T20:53:06+00:00\",\"dateModified\":\"2019-11-15T20:53:23+00:00\",\"mainEntityOfPage\":{\"@id\":\"https:\/\/www.gaveanews.com\/index.php\/2019\/11\/15\/ex-atacante-do-flamengo-publica-mensagem-desejando-parabens-e-torcedores-se-empolgam-volta-pra-casa\/\"},\"wordCount\":236,\"commentCount\":0,\"image\":{\"@id\":\"https:\/\/www.gaveanews.com\/index.php\/2019\/11\/15\/ex-atacante-do-flamengo-publica-mensagem-desejando-parabens-e-torcedores-se-empolgam-volta-pra-casa\/#primaryimage\"},\"thumbnailUrl\":\"https:\/\/www.gaveanews.com\/wp-content\/uploads\/2019\/03\/Vinicius-Junior-durante-treinamento-no-Ninho-do-Urubu.webp\",\"articleSection\":[\"Flamengo\"],\"inLanguage\":\"pt-BR\",\"potentialAction\":[{\"@type\":\"CommentAction\",\"name\":\"Comment\",\"target\":[\"https:\/\/www.gaveanews.com\/index.php\/2019\/11\/15\/ex-atacante-do-flamengo-publica-mensagem-desejando-parabens-e-torcedores-se-empolgam-volta-pra-casa\/#respond\"]}],\"copyrightYear\":\"2019\",\"copyrightHolder\":{\"@id\":\"https:\/\/www.gaveanews.com\/#organization\"}},{\"@type\":\"WebPage\",\"@id\":\"https:\/\/www.gaveanews.com\/index.php\/2019\/11\/15\/ex-atacante-do-flamengo-publica-mensagem-desejando-parabens-e-torcedores-se-empolgam-volta-pra-casa\/\",\"url\":\"https:\/\/www.gaveanews.com\/index.php\/2019\/11\/15\/ex-atacante-do-flamengo-publica-mensagem-desejando-parabens-e-torcedores-se-empolgam-volta-pra-casa\/\",\"name\":\"Ex-atacante do Flamengo publica mensagem desejando parab\u00e9ns e torcedores se empolgam: \\\"Volta pra casa\\\"\",\"isPartOf\":{\"@id\":\"https:\/\/www.gaveanews.com\/#website\"},\"primaryImageOfPage\":{\"@id\":\"https:\/\/www.gaveanews.com\/index.php\/2019\/11\/15\/ex-atacante-do-flamengo-publica-mensagem-desejando-parabens-e-torcedores-se-empolgam-volta-pra-casa\/#primaryimage\"},\"image\":{\"@id\":\"https:\/\/www.gaveanews.com\/index.php\/2019\/11\/15\/ex-atacante-do-flamengo-publica-mensagem-desejando-parabens-e-torcedores-se-empolgam-volta-pra-casa\/#primaryimage\"},\"thumbnailUrl\":\"https:\/\/www.gaveanews.com\/wp-content\/uploads\/2019\/03\/Vinicius-Junior-durante-treinamento-no-Ninho-do-Urubu.webp\",\"datePublished\":\"2019-11-15T20:53:06+00:00\",\"dateModified\":\"2019-11-15T20:53:23+00:00\",\"author\":{\"@id\":\"https:\/\/www.gaveanews.com\/#\/schema\/person\/2ec14f73fb96be2caf28f91afb14749d\"},\"breadcrumb\":{\"@id\":\"https:\/\/www.gaveanews.com\/index.php\/2019\/11\/15\/ex-atacante-do-flamengo-publica-mensagem-desejando-parabens-e-torcedores-se-empolgam-volta-pra-casa\/#breadcrumb\"},\"inLanguage\":\"pt-BR\",\"potentialAction\":[{\"@type\":\"ReadAction\",\"target\":[\"https:\/\/www.gaveanews.com\/index.php\/2019\/11\/15\/ex-atacante-do-flamengo-publica-mensagem-desejando-parabens-e-torcedores-se-empolgam-volta-pra-casa\/\"]}]},{\"@type\":\"ImageObject\",\"inLanguage\":\"pt-BR\",\"@id\":\"https:\/\/www.gaveanews.com\/index.php\/2019\/11\/15\/ex-atacante-do-flamengo-publica-mensagem-desejando-parabens-e-torcedores-se-empolgam-volta-pra-casa\/#primaryimage\",\"url\":\"https:\/\/www.gaveanews.com\/wp-content\/uploads\/2019\/03\/Vinicius-Junior-durante-treinamento-no-Ninho-do-Urubu.webp\",\"contentUrl\":\"https:\/\/www.gaveanews.com\/wp-content\/uploads\/2019\/03\/Vinicius-Junior-durante-treinamento-no-Ninho-do-Urubu.webp\",\"width\":880,\"height\":586,\"caption\":\"Vinicius Junior durante treinamento no Ninho do Urubu (Foto: Gilvan de Souza\/Flamengo)\"},{\"@type\":\"BreadcrumbList\",\"@id\":\"https:\/\/www.gaveanews.com\/index.php\/2019\/11\/15\/ex-atacante-do-flamengo-publica-mensagem-desejando-parabens-e-torcedores-se-empolgam-volta-pra-casa\/#breadcrumb\",\"itemListElement\":[{\"@type\":\"ListItem\",\"position\":1,\"name\":\"Home\",\"item\":\"https:\/\/www.gaveanews.com\/\"},{\"@type\":\"ListItem\",\"position\":2,\"name\":\"Ex-atacante do Flamengo publica mensagem desejando parab\u00e9ns e torcedores se empolgam: &#8220;Volta pra casa&#8221;\"}]},{\"@type\":\"WebSite\",\"@id\":\"https:\/\/www.gaveanews.com\/#website\",\"url\":\"https:\/\/www.gaveanews.com\/\",\"name\":\"G\u00e1vea News\",\"description\":\"Veja todas as not\u00edcias sobre o Flamengo: Contrata\u00e7\u00f5es, categorias de base, resultados das partidas, tabela de classifica\u00e7\u00e3o, pr\u00f3ximos jogos!\",\"potentialAction\":[{\"@type\":\"SearchAction\",\"target\":{\"@type\":\"EntryPoint\",\"urlTemplate\":\"https:\/\/www.gaveanews.com\/?s={search_term_string}\"},\"query-input\":{\"@type\":\"PropertyValueSpecification\",\"valueRequired\":true,\"valueName\":\"search_term_string\"}}],\"inLanguage\":\"pt-BR\"},{\"@type\":\"Person\",\"@id\":\"https:\/\/www.gaveanews.com\/#\/schema\/person\/2ec14f73fb96be2caf28f91afb14749d\",\"name\":\"Equipe G\u00e1vea News\",\"image\":{\"@type\":\"ImageObject\",\"inLanguage\":\"pt-BR\",\"@id\":\"https:\/\/www.gaveanews.com\/#\/schema\/person\/image\/\",\"url\":\"https:\/\/secure.gravatar.com\/avatar\/1e1956f1facbffd3f8fa53a326721950116b3b9dc9bd44939c01180fd4a745a9?s=96&d=mm&r=g\",\"contentUrl\":\"https:\/\/secure.gravatar.com\/avatar\/1e1956f1facbffd3f8fa53a326721950116b3b9dc9bd44939c01180fd4a745a9?s=96&d=mm&r=g\",\"caption\":\"Equipe G\u00e1vea News\"}}]}<\/script>\n<!-- \/ Yoast SEO Premium plugin. -->","yoast_head_json":{"title":"Ex-atacante do Flamengo publica mensagem desejando parab\u00e9ns e torcedores se empolgam: \"Volta pra casa\"","robots":{"index":"index","follow":"follow","max-snippet":"max-snippet:-1","max-image-preview":"max-image-preview:large","max-video-preview":"max-video-preview:-1"},"canonical":"https:\/\/www.gaveanews.com\/index.php\/2019\/11\/15\/ex-atacante-do-flamengo-publica-mensagem-desejando-parabens-e-torcedores-se-empolgam-volta-pra-casa\/","og_locale":"pt_BR","og_type":"article","og_title":"Ex-atacante do Flamengo publica mensagem desejando parab\u00e9ns e torcedores se empolgam: \"Volta pra casa\"","og_description":"Nesta sexta-feira (15 de novembro), o Clube de Regatas do Flamengo celebra 124 anos desde a sua funda\u00e7\u00e3o. E como n\u00e3o podia ser diferente, o assunto foi extremamente comentado nas redes sociais. Al\u00e9m dos torcedores, diversos jogadores do atual elenco publicaram diversas mensagens. Vale destacar que alguns ex-jogadores do clube, tamb\u00e9m utilizaram suas redes sociais [&hellip;]","og_url":"https:\/\/www.gaveanews.com\/index.php\/2019\/11\/15\/ex-atacante-do-flamengo-publica-mensagem-desejando-parabens-e-torcedores-se-empolgam-volta-pra-casa\/","og_site_name":"G\u00e1vea News","article_publisher":"https:\/\/facebook.com\/gaveaNews\/","article_published_time":"2019-11-15T20:53:06+00:00","article_modified_time":"2019-11-15T20:53:23+00:00","og_image":[{"width":880,"height":586,"url":"https:\/\/www.gaveanews.com\/wp-content\/uploads\/2019\/03\/Vinicius-Junior-durante-treinamento-no-Ninho-do-Urubu.webp","type":"image\/jpeg"}],"author":"Equipe G\u00e1vea News","twitter_card":"summary_large_image","twitter_misc":{"Escrito por":"Equipe G\u00e1vea News","Est. tempo de leitura":"1 minuto"},"schema":{"@context":"https:\/\/schema.org","@graph":[{"@type":"NewsArticle","@id":"https:\/\/www.gaveanews.com\/index.php\/2019\/11\/15\/ex-atacante-do-flamengo-publica-mensagem-desejando-parabens-e-torcedores-se-empolgam-volta-pra-casa\/#article","isPartOf":{"@id":"https:\/\/www.gaveanews.com\/index.php\/2019\/11\/15\/ex-atacante-do-flamengo-publica-mensagem-desejando-parabens-e-torcedores-se-empolgam-volta-pra-casa\/"},"author":{"name":"Equipe G\u00e1vea News","@id":"https:\/\/www.gaveanews.com\/#\/schema\/person\/2ec14f73fb96be2caf28f91afb14749d"},"headline":"Ex-atacante do Flamengo publica mensagem desejando parab\u00e9ns e torcedores se empolgam: &#8220;Volta pra casa&#8221;","datePublished":"2019-11-15T20:53:06+00:00","dateModified":"2019-11-15T20:53:23+00:00","mainEntityOfPage":{"@id":"https:\/\/www.gaveanews.com\/index.php\/2019\/11\/15\/ex-atacante-do-flamengo-publica-mensagem-desejando-parabens-e-torcedores-se-empolgam-volta-pra-casa\/"},"wordCount":236,"commentCount":0,"image":{"@id":"https:\/\/www.gaveanews.com\/index.php\/2019\/11\/15\/ex-atacante-do-flamengo-publica-mensagem-desejando-parabens-e-torcedores-se-empolgam-volta-pra-casa\/#primaryimage"},"thumbnailUrl":"https:\/\/www.gaveanews.com\/wp-content\/uploads\/2019\/03\/Vinicius-Junior-durante-treinamento-no-Ninho-do-Urubu.webp","articleSection":["Flamengo"],"inLanguage":"pt-BR","potentialAction":[{"@type":"CommentAction","name":"Comment","target":["https:\/\/www.gaveanews.com\/index.php\/2019\/11\/15\/ex-atacante-do-flamengo-publica-mensagem-desejando-parabens-e-torcedores-se-empolgam-volta-pra-casa\/#respond"]}],"copyrightYear":"2019","copyrightHolder":{"@id":"https:\/\/www.gaveanews.com\/#organization"}},{"@type":"WebPage","@id":"https:\/\/www.gaveanews.com\/index.php\/2019\/11\/15\/ex-atacante-do-flamengo-publica-mensagem-desejando-parabens-e-torcedores-se-empolgam-volta-pra-casa\/","url":"https:\/\/www.gaveanews.com\/index.php\/2019\/11\/15\/ex-atacante-do-flamengo-publica-mensagem-desejando-parabens-e-torcedores-se-empolgam-volta-pra-casa\/","name":"Ex-atacante do Flamengo publica mensagem desejando parab\u00e9ns e torcedores se empolgam: \"Volta pra casa\"","isPartOf":{"@id":"https:\/\/www.gaveanews.com\/#website"},"primaryImageOfPage":{"@id":"https:\/\/www.gaveanews.com\/index.php\/2019\/11\/15\/ex-atacante-do-flamengo-publica-mensagem-desejando-parabens-e-torcedores-se-empolgam-volta-pra-casa\/#primaryimage"},"image":{"@id":"https:\/\/www.gaveanews.com\/index.php\/2019\/11\/15\/ex-atacante-do-flamengo-publica-mensagem-desejando-parabens-e-torcedores-se-empolgam-volta-pra-casa\/#primaryimage"},"thumbnailUrl":"https:\/\/www.gaveanews.com\/wp-content\/uploads\/2019\/03\/Vinicius-Junior-durante-treinamento-no-Ninho-do-Urubu.webp","datePublished":"2019-11-15T20:53:06+00:00","dateModified":"2019-11-15T20:53:23+00:00","author":{"@id":"https:\/\/www.gaveanews.com\/#\/schema\/person\/2ec14f73fb96be2caf28f91afb14749d"},"breadcrumb":{"@id":"https:\/\/www.gaveanews.com\/index.php\/2019\/11\/15\/ex-atacante-do-flamengo-publica-mensagem-desejando-parabens-e-torcedores-se-empolgam-volta-pra-casa\/#breadcrumb"},"inLanguage":"pt-BR","potentialAction":[{"@type":"ReadAction","target":["https:\/\/www.gaveanews.com\/index.php\/2019\/11\/15\/ex-atacante-do-flamengo-publica-mensagem-desejando-parabens-e-torcedores-se-empolgam-volta-pra-casa\/"]}]},{"@type":"ImageObject","inLanguage":"pt-BR","@id":"https:\/\/www.gaveanews.com\/index.php\/2019\/11\/15\/ex-atacante-do-flamengo-publica-mensagem-desejando-parabens-e-torcedores-se-empolgam-volta-pra-casa\/#primaryimage","url":"https:\/\/www.gaveanews.com\/wp-content\/uploads\/2019\/03\/Vinicius-Junior-durante-treinamento-no-Ninho-do-Urubu.webp","contentUrl":"https:\/\/www.gaveanews.com\/wp-content\/uploads\/2019\/03\/Vinicius-Junior-durante-treinamento-no-Ninho-do-Urubu.webp","width":880,"height":586,"caption":"Vinicius Junior durante treinamento no Ninho do Urubu (Foto: Gilvan de Souza\/Flamengo)"},{"@type":"BreadcrumbList","@id":"https:\/\/www.gaveanews.com\/index.php\/2019\/11\/15\/ex-atacante-do-flamengo-publica-mensagem-desejando-parabens-e-torcedores-se-empolgam-volta-pra-casa\/#breadcrumb","itemListElement":[{"@type":"ListItem","position":1,"name":"Home","item":"https:\/\/www.gaveanews.com\/"},{"@type":"ListItem","position":2,"name":"Ex-atacante do Flamengo publica mensagem desejando parab\u00e9ns e torcedores se empolgam: &#8220;Volta pra casa&#8221;"}]},{"@type":"WebSite","@id":"https:\/\/www.gaveanews.com\/#website","url":"https:\/\/www.gaveanews.com\/","name":"G\u00e1vea News","description":"Veja todas as not\u00edcias sobre o Flamengo: Contrata\u00e7\u00f5es, categorias de base, resultados das partidas, tabela de classifica\u00e7\u00e3o, pr\u00f3ximos jogos!","potentialAction":[{"@type":"SearchAction","target":{"@type":"EntryPoint","urlTemplate":"https:\/\/www.gaveanews.com\/?s={search_term_string}"},"query-input":{"@type":"PropertyValueSpecification","valueRequired":true,"valueName":"search_term_string"}}],"inLanguage":"pt-BR"},{"@type":"Person","@id":"https:\/\/www.gaveanews.com\/#\/schema\/person\/2ec14f73fb96be2caf28f91afb14749d","name":"Equipe G\u00e1vea News","image":{"@type":"ImageObject","inLanguage":"pt-BR","@id":"https:\/\/www.gaveanews.com\/#\/schema\/person\/image\/","url":"https:\/\/secure.gravatar.com\/avatar\/1e1956f1facbffd3f8fa53a326721950116b3b9dc9bd44939c01180fd4a745a9?s=96&d=mm&r=g","contentUrl":"https:\/\/secure.gravatar.com\/avatar\/1e1956f1facbffd3f8fa53a326721950116b3b9dc9bd44939c01180fd4a745a9?s=96&d=mm&r=g","caption":"Equipe G\u00e1vea News"}}]}},"_links":{"self":[{"href":"https:\/\/www.gaveanews.com\/index.php\/wp-json\/wp\/v2\/posts\/31870","targetHints":{"allow":["GET"]}}],"collection":[{"href":"https:\/\/www.gaveanews.com\/index.php\/wp-json\/wp\/v2\/posts"}],"about":[{"href":"https:\/\/www.gaveanews.com\/index.php\/wp-json\/wp\/v2\/types\/post"}],"author":[{"embeddable":true,"href":"https:\/\/www.gaveanews.com\/index.php\/wp-json\/wp\/v2\/users\/1"}],"replies":[{"embeddable":true,"href":"https:\/\/www.gaveanews.com\/index.php\/wp-json\/wp\/v2\/comments?post=31870"}],"version-history":[{"count":0,"href":"https:\/\/www.gaveanews.com\/index.php\/wp-json\/wp\/v2\/posts\/31870\/revisions"}],"wp:featuredmedia":[{"embeddable":true,"href":"https:\/\/www.gaveanews.com\/index.php\/wp-json\/wp\/v2\/media\/15157"}],"wp:attachment":[{"href":"https:\/\/www.gaveanews.com\/index.php\/wp-json\/wp\/v2\/media?parent=31870"}],"wp:term":[{"taxonomy":"category","embeddable":true,"href":"https:\/\/www.gaveanews.com\/index.php\/wp-json\/wp\/v2\/categories?post=31870"},{"taxonomy":"post_tag","embeddable":true,"href":"https:\/\/www.gaveanews.com\/index.php\/wp-json\/wp\/v2\/tags?post=31870"}],"curies":[{"name":"wp","href":"https:\/\/api.w.org\/{rel}","templated":true}]}}