{"id":31942,"date":"2019-11-18T09:00:37","date_gmt":"2019-11-18T12:00:37","guid":{"rendered":"http:\/\/www.gaveanews.com\/?p=31942"},"modified":"2019-11-18T09:00:46","modified_gmt":"2019-11-18T12:00:46","slug":"treinador-jorge-jesus-fala-sobre-a-expulsao-do-atacante-gabiol","status":"publish","type":"post","link":"https:\/\/www.gaveanews.com\/index.php\/2019\/11\/18\/treinador-jorge-jesus-fala-sobre-a-expulsao-do-atacante-gabiol\/","title":{"rendered":"Treinador Jorge Jesus fala sobre a expuls\u00e3o do atacante Gabigol"},"content":{"rendered":"\n<p>Ao passo que \u00e9 artilheiro do Brasileir\u00e3o com 22 gols, o atacante Gabigol &#8211; expulso aos 28 minutos do segundo tempo &#8211; atingiu contra o Gr\u00eamio a marca de 19 amarelos e dois cart\u00f5es vermelhos na temporada pelo Flamengo. O esfor\u00e7o para controlar o temperamento do jogador tamb\u00e9m passa pelas tarefas do t\u00e9cnico Jorge Jesus, que n\u00e3o esconde a frustra\u00e7\u00e3o por n\u00e3o ter atingido esse objetivo ainda.<\/p>\n\n\n\n<p>\u2014 Claro que me preocupa muito. Ainda n\u00e3o consegui fazer dele emocionalmente um grande jogador, como \u00e9 tecnicamente e taticamente. \u00c9 um jogador emocional com muitos problemas. Ainda n\u00e3o consegui por o equil\u00edbrio. Mas \u00e9 jovem, tem tempo para poder mudar. Todos os grandes jogadores do mundo n\u00e3o t\u00eam essas posturas e situa\u00e7\u00f5es que o Gabigol tem &#8211; comentou o t\u00e9cnico do Flamengo.<\/p>\n\n\n\n<p>Curiosamente, Gabigol foi um dos tr\u00eas titulares acionados para come\u00e7ar a partida deste domingo, na Arena do Gr\u00eamio. O portugu\u00eas explicou a raz\u00e3o.<\/p>\n\n\n\n<p> \u2014 Ele \u00e9 o goleador do campeonato, queria jogar para continuar marcar gols. Se soubesse que iria acontecer isso (expuls\u00e3o), n\u00e3o colocaria. Mas n\u00e3o sabia, n\u00e3o sou bruxo &#8211; comentou Jesus.<\/p>\n\n\n\n<p>Com o gol de Gabigol diante do Gr\u00eamio, o Flamengo chegou a 81 pontos no Brasileir\u00e3o e est\u00e1 muito perto do t\u00edtulo. A conquista vir\u00e1 com a vit\u00f3ria sobre o Cear\u00e1, dia 27. Mas pode acontecer antes, se o Palmeiras trope\u00e7ar diante do Gr\u00eamio, no domingo.<\/p>\n\n\n\n<p>Retirado de: Extra<\/p>\n","protected":false},"excerpt":{"rendered":"<p>Ao passo que \u00e9 artilheiro do Brasileir\u00e3o com 22 gols, o atacante Gabigol &#8211; expulso aos 28 minutos do segundo tempo &#8211; atingiu contra o Gr\u00eamio a marca de 19 amarelos e dois cart\u00f5es vermelhos na temporada pelo Flamengo. O esfor\u00e7o para controlar o temperamento do jogador tamb\u00e9m passa pelas tarefas do t\u00e9cnico Jorge Jesus, [&hellip;]<\/p>\n","protected":false},"author":1,"featured_media":21590,"comment_status":"open","ping_status":"open","sticky":false,"template":"","format":"standard","meta":{"footnotes":""},"categories":[1],"tags":[],"class_list":["post-31942","post","type-post","status-publish","format-standard","has-post-thumbnail","hentry","category-flamengo"],"yoast_head":"<!-- This site is optimized with the Yoast SEO Premium plugin v24.2 (Yoast SEO v26.9) - https:\/\/yoast.com\/product\/yoast-seo-premium-wordpress\/ -->\n<title>Treinador Jorge Jesus fala sobre a expuls\u00e3o do atacante Gabigol<\/title>\n<meta name=\"robots\" content=\"index, follow, max-snippet:-1, max-image-preview:large, max-video-preview:-1\" \/>\n<link rel=\"canonical\" href=\"https:\/\/www.gaveanews.com\/index.php\/2019\/11\/18\/treinador-jorge-jesus-fala-sobre-a-expulsao-do-atacante-gabiol\/\" \/>\n<meta property=\"og:locale\" content=\"pt_BR\" \/>\n<meta property=\"og:type\" content=\"article\" \/>\n<meta property=\"og:title\" content=\"Treinador Jorge Jesus fala sobre a expuls\u00e3o do atacante Gabigol\" \/>\n<meta property=\"og:description\" content=\"Ao passo que \u00e9 artilheiro do Brasileir\u00e3o com 22 gols, o atacante Gabigol &#8211; expulso aos 28 minutos do segundo tempo &#8211; atingiu contra o Gr\u00eamio a marca de 19 amarelos e dois cart\u00f5es vermelhos na temporada pelo Flamengo. O esfor\u00e7o para controlar o temperamento do jogador tamb\u00e9m passa pelas tarefas do t\u00e9cnico Jorge Jesus, [&hellip;]\" \/>\n<meta property=\"og:url\" content=\"https:\/\/www.gaveanews.com\/index.php\/2019\/11\/18\/treinador-jorge-jesus-fala-sobre-a-expulsao-do-atacante-gabiol\/\" \/>\n<meta property=\"og:site_name\" content=\"G\u00e1vea News\" \/>\n<meta property=\"article:publisher\" content=\"https:\/\/facebook.com\/gaveaNews\/\" \/>\n<meta property=\"article:published_time\" content=\"2019-11-18T12:00:37+00:00\" \/>\n<meta property=\"article:modified_time\" content=\"2019-11-18T12:00:46+00:00\" \/>\n<meta property=\"og:image\" content=\"https:\/\/www.gaveanews.com\/wp-content\/uploads\/2019\/06\/Jorge-Jesus-durante-coletiva-de-imprensa.webp\" \/>\n\t<meta property=\"og:image:width\" content=\"846\" \/>\n\t<meta property=\"og:image:height\" content=\"615\" \/>\n\t<meta property=\"og:image:type\" content=\"image\/jpeg\" \/>\n<meta name=\"author\" content=\"Equipe G\u00e1vea News\" \/>\n<meta name=\"twitter:card\" content=\"summary_large_image\" \/>\n<meta name=\"twitter:label1\" content=\"Escrito por\" \/>\n\t<meta name=\"twitter:data1\" content=\"Equipe G\u00e1vea News\" \/>\n\t<meta name=\"twitter:label2\" content=\"Est. tempo de leitura\" \/>\n\t<meta name=\"twitter:data2\" content=\"1 minuto\" \/>\n<script type=\"application\/ld+json\" class=\"yoast-schema-graph\">{\"@context\":\"https:\/\/schema.org\",\"@graph\":[{\"@type\":\"NewsArticle\",\"@id\":\"https:\/\/www.gaveanews.com\/index.php\/2019\/11\/18\/treinador-jorge-jesus-fala-sobre-a-expulsao-do-atacante-gabiol\/#article\",\"isPartOf\":{\"@id\":\"https:\/\/www.gaveanews.com\/index.php\/2019\/11\/18\/treinador-jorge-jesus-fala-sobre-a-expulsao-do-atacante-gabiol\/\"},\"author\":{\"name\":\"Equipe G\u00e1vea News\",\"@id\":\"https:\/\/www.gaveanews.com\/#\/schema\/person\/2ec14f73fb96be2caf28f91afb14749d\"},\"headline\":\"Treinador Jorge Jesus fala sobre a expuls\u00e3o do atacante Gabigol\",\"datePublished\":\"2019-11-18T12:00:37+00:00\",\"dateModified\":\"2019-11-18T12:00:46+00:00\",\"mainEntityOfPage\":{\"@id\":\"https:\/\/www.gaveanews.com\/index.php\/2019\/11\/18\/treinador-jorge-jesus-fala-sobre-a-expulsao-do-atacante-gabiol\/\"},\"wordCount\":263,\"commentCount\":0,\"image\":{\"@id\":\"https:\/\/www.gaveanews.com\/index.php\/2019\/11\/18\/treinador-jorge-jesus-fala-sobre-a-expulsao-do-atacante-gabiol\/#primaryimage\"},\"thumbnailUrl\":\"https:\/\/www.gaveanews.com\/wp-content\/uploads\/2019\/06\/Jorge-Jesus-durante-coletiva-de-imprensa.webp\",\"articleSection\":[\"Flamengo\"],\"inLanguage\":\"pt-BR\",\"potentialAction\":[{\"@type\":\"CommentAction\",\"name\":\"Comment\",\"target\":[\"https:\/\/www.gaveanews.com\/index.php\/2019\/11\/18\/treinador-jorge-jesus-fala-sobre-a-expulsao-do-atacante-gabiol\/#respond\"]}],\"copyrightYear\":\"2019\",\"copyrightHolder\":{\"@id\":\"https:\/\/www.gaveanews.com\/#organization\"}},{\"@type\":\"WebPage\",\"@id\":\"https:\/\/www.gaveanews.com\/index.php\/2019\/11\/18\/treinador-jorge-jesus-fala-sobre-a-expulsao-do-atacante-gabiol\/\",\"url\":\"https:\/\/www.gaveanews.com\/index.php\/2019\/11\/18\/treinador-jorge-jesus-fala-sobre-a-expulsao-do-atacante-gabiol\/\",\"name\":\"Treinador Jorge Jesus fala sobre a expuls\u00e3o do atacante Gabigol\",\"isPartOf\":{\"@id\":\"https:\/\/www.gaveanews.com\/#website\"},\"primaryImageOfPage\":{\"@id\":\"https:\/\/www.gaveanews.com\/index.php\/2019\/11\/18\/treinador-jorge-jesus-fala-sobre-a-expulsao-do-atacante-gabiol\/#primaryimage\"},\"image\":{\"@id\":\"https:\/\/www.gaveanews.com\/index.php\/2019\/11\/18\/treinador-jorge-jesus-fala-sobre-a-expulsao-do-atacante-gabiol\/#primaryimage\"},\"thumbnailUrl\":\"https:\/\/www.gaveanews.com\/wp-content\/uploads\/2019\/06\/Jorge-Jesus-durante-coletiva-de-imprensa.webp\",\"datePublished\":\"2019-11-18T12:00:37+00:00\",\"dateModified\":\"2019-11-18T12:00:46+00:00\",\"author\":{\"@id\":\"https:\/\/www.gaveanews.com\/#\/schema\/person\/2ec14f73fb96be2caf28f91afb14749d\"},\"breadcrumb\":{\"@id\":\"https:\/\/www.gaveanews.com\/index.php\/2019\/11\/18\/treinador-jorge-jesus-fala-sobre-a-expulsao-do-atacante-gabiol\/#breadcrumb\"},\"inLanguage\":\"pt-BR\",\"potentialAction\":[{\"@type\":\"ReadAction\",\"target\":[\"https:\/\/www.gaveanews.com\/index.php\/2019\/11\/18\/treinador-jorge-jesus-fala-sobre-a-expulsao-do-atacante-gabiol\/\"]}]},{\"@type\":\"ImageObject\",\"inLanguage\":\"pt-BR\",\"@id\":\"https:\/\/www.gaveanews.com\/index.php\/2019\/11\/18\/treinador-jorge-jesus-fala-sobre-a-expulsao-do-atacante-gabiol\/#primaryimage\",\"url\":\"https:\/\/www.gaveanews.com\/wp-content\/uploads\/2019\/06\/Jorge-Jesus-durante-coletiva-de-imprensa.webp\",\"contentUrl\":\"https:\/\/www.gaveanews.com\/wp-content\/uploads\/2019\/06\/Jorge-Jesus-durante-coletiva-de-imprensa.webp\",\"width\":846,\"height\":615,\"caption\":\"Jorge Jesus durante coletiva de imprensa (Foto: Alexandre Vidal\/Flamengo)\"},{\"@type\":\"BreadcrumbList\",\"@id\":\"https:\/\/www.gaveanews.com\/index.php\/2019\/11\/18\/treinador-jorge-jesus-fala-sobre-a-expulsao-do-atacante-gabiol\/#breadcrumb\",\"itemListElement\":[{\"@type\":\"ListItem\",\"position\":1,\"name\":\"Home\",\"item\":\"https:\/\/www.gaveanews.com\/\"},{\"@type\":\"ListItem\",\"position\":2,\"name\":\"Treinador Jorge Jesus fala sobre a expuls\u00e3o do atacante Gabigol\"}]},{\"@type\":\"WebSite\",\"@id\":\"https:\/\/www.gaveanews.com\/#website\",\"url\":\"https:\/\/www.gaveanews.com\/\",\"name\":\"G\u00e1vea News\",\"description\":\"Veja todas as not\u00edcias sobre o Flamengo: Contrata\u00e7\u00f5es, categorias de base, resultados das partidas, tabela de classifica\u00e7\u00e3o, pr\u00f3ximos jogos!\",\"potentialAction\":[{\"@type\":\"SearchAction\",\"target\":{\"@type\":\"EntryPoint\",\"urlTemplate\":\"https:\/\/www.gaveanews.com\/?s={search_term_string}\"},\"query-input\":{\"@type\":\"PropertyValueSpecification\",\"valueRequired\":true,\"valueName\":\"search_term_string\"}}],\"inLanguage\":\"pt-BR\"},{\"@type\":\"Person\",\"@id\":\"https:\/\/www.gaveanews.com\/#\/schema\/person\/2ec14f73fb96be2caf28f91afb14749d\",\"name\":\"Equipe G\u00e1vea News\",\"image\":{\"@type\":\"ImageObject\",\"inLanguage\":\"pt-BR\",\"@id\":\"https:\/\/www.gaveanews.com\/#\/schema\/person\/image\/\",\"url\":\"https:\/\/secure.gravatar.com\/avatar\/1e1956f1facbffd3f8fa53a326721950116b3b9dc9bd44939c01180fd4a745a9?s=96&d=mm&r=g\",\"contentUrl\":\"https:\/\/secure.gravatar.com\/avatar\/1e1956f1facbffd3f8fa53a326721950116b3b9dc9bd44939c01180fd4a745a9?s=96&d=mm&r=g\",\"caption\":\"Equipe G\u00e1vea News\"}}]}<\/script>\n<!-- \/ Yoast SEO Premium plugin. -->","yoast_head_json":{"title":"Treinador Jorge Jesus fala sobre a expuls\u00e3o do atacante Gabigol","robots":{"index":"index","follow":"follow","max-snippet":"max-snippet:-1","max-image-preview":"max-image-preview:large","max-video-preview":"max-video-preview:-1"},"canonical":"https:\/\/www.gaveanews.com\/index.php\/2019\/11\/18\/treinador-jorge-jesus-fala-sobre-a-expulsao-do-atacante-gabiol\/","og_locale":"pt_BR","og_type":"article","og_title":"Treinador Jorge Jesus fala sobre a expuls\u00e3o do atacante Gabigol","og_description":"Ao passo que \u00e9 artilheiro do Brasileir\u00e3o com 22 gols, o atacante Gabigol &#8211; expulso aos 28 minutos do segundo tempo &#8211; atingiu contra o Gr\u00eamio a marca de 19 amarelos e dois cart\u00f5es vermelhos na temporada pelo Flamengo. O esfor\u00e7o para controlar o temperamento do jogador tamb\u00e9m passa pelas tarefas do t\u00e9cnico Jorge Jesus, [&hellip;]","og_url":"https:\/\/www.gaveanews.com\/index.php\/2019\/11\/18\/treinador-jorge-jesus-fala-sobre-a-expulsao-do-atacante-gabiol\/","og_site_name":"G\u00e1vea News","article_publisher":"https:\/\/facebook.com\/gaveaNews\/","article_published_time":"2019-11-18T12:00:37+00:00","article_modified_time":"2019-11-18T12:00:46+00:00","og_image":[{"width":846,"height":615,"url":"https:\/\/www.gaveanews.com\/wp-content\/uploads\/2019\/06\/Jorge-Jesus-durante-coletiva-de-imprensa.webp","type":"image\/jpeg"}],"author":"Equipe G\u00e1vea News","twitter_card":"summary_large_image","twitter_misc":{"Escrito por":"Equipe G\u00e1vea News","Est. tempo de leitura":"1 minuto"},"schema":{"@context":"https:\/\/schema.org","@graph":[{"@type":"NewsArticle","@id":"https:\/\/www.gaveanews.com\/index.php\/2019\/11\/18\/treinador-jorge-jesus-fala-sobre-a-expulsao-do-atacante-gabiol\/#article","isPartOf":{"@id":"https:\/\/www.gaveanews.com\/index.php\/2019\/11\/18\/treinador-jorge-jesus-fala-sobre-a-expulsao-do-atacante-gabiol\/"},"author":{"name":"Equipe G\u00e1vea News","@id":"https:\/\/www.gaveanews.com\/#\/schema\/person\/2ec14f73fb96be2caf28f91afb14749d"},"headline":"Treinador Jorge Jesus fala sobre a expuls\u00e3o do atacante Gabigol","datePublished":"2019-11-18T12:00:37+00:00","dateModified":"2019-11-18T12:00:46+00:00","mainEntityOfPage":{"@id":"https:\/\/www.gaveanews.com\/index.php\/2019\/11\/18\/treinador-jorge-jesus-fala-sobre-a-expulsao-do-atacante-gabiol\/"},"wordCount":263,"commentCount":0,"image":{"@id":"https:\/\/www.gaveanews.com\/index.php\/2019\/11\/18\/treinador-jorge-jesus-fala-sobre-a-expulsao-do-atacante-gabiol\/#primaryimage"},"thumbnailUrl":"https:\/\/www.gaveanews.com\/wp-content\/uploads\/2019\/06\/Jorge-Jesus-durante-coletiva-de-imprensa.webp","articleSection":["Flamengo"],"inLanguage":"pt-BR","potentialAction":[{"@type":"CommentAction","name":"Comment","target":["https:\/\/www.gaveanews.com\/index.php\/2019\/11\/18\/treinador-jorge-jesus-fala-sobre-a-expulsao-do-atacante-gabiol\/#respond"]}],"copyrightYear":"2019","copyrightHolder":{"@id":"https:\/\/www.gaveanews.com\/#organization"}},{"@type":"WebPage","@id":"https:\/\/www.gaveanews.com\/index.php\/2019\/11\/18\/treinador-jorge-jesus-fala-sobre-a-expulsao-do-atacante-gabiol\/","url":"https:\/\/www.gaveanews.com\/index.php\/2019\/11\/18\/treinador-jorge-jesus-fala-sobre-a-expulsao-do-atacante-gabiol\/","name":"Treinador Jorge Jesus fala sobre a expuls\u00e3o do atacante Gabigol","isPartOf":{"@id":"https:\/\/www.gaveanews.com\/#website"},"primaryImageOfPage":{"@id":"https:\/\/www.gaveanews.com\/index.php\/2019\/11\/18\/treinador-jorge-jesus-fala-sobre-a-expulsao-do-atacante-gabiol\/#primaryimage"},"image":{"@id":"https:\/\/www.gaveanews.com\/index.php\/2019\/11\/18\/treinador-jorge-jesus-fala-sobre-a-expulsao-do-atacante-gabiol\/#primaryimage"},"thumbnailUrl":"https:\/\/www.gaveanews.com\/wp-content\/uploads\/2019\/06\/Jorge-Jesus-durante-coletiva-de-imprensa.webp","datePublished":"2019-11-18T12:00:37+00:00","dateModified":"2019-11-18T12:00:46+00:00","author":{"@id":"https:\/\/www.gaveanews.com\/#\/schema\/person\/2ec14f73fb96be2caf28f91afb14749d"},"breadcrumb":{"@id":"https:\/\/www.gaveanews.com\/index.php\/2019\/11\/18\/treinador-jorge-jesus-fala-sobre-a-expulsao-do-atacante-gabiol\/#breadcrumb"},"inLanguage":"pt-BR","potentialAction":[{"@type":"ReadAction","target":["https:\/\/www.gaveanews.com\/index.php\/2019\/11\/18\/treinador-jorge-jesus-fala-sobre-a-expulsao-do-atacante-gabiol\/"]}]},{"@type":"ImageObject","inLanguage":"pt-BR","@id":"https:\/\/www.gaveanews.com\/index.php\/2019\/11\/18\/treinador-jorge-jesus-fala-sobre-a-expulsao-do-atacante-gabiol\/#primaryimage","url":"https:\/\/www.gaveanews.com\/wp-content\/uploads\/2019\/06\/Jorge-Jesus-durante-coletiva-de-imprensa.webp","contentUrl":"https:\/\/www.gaveanews.com\/wp-content\/uploads\/2019\/06\/Jorge-Jesus-durante-coletiva-de-imprensa.webp","width":846,"height":615,"caption":"Jorge Jesus durante coletiva de imprensa (Foto: Alexandre Vidal\/Flamengo)"},{"@type":"BreadcrumbList","@id":"https:\/\/www.gaveanews.com\/index.php\/2019\/11\/18\/treinador-jorge-jesus-fala-sobre-a-expulsao-do-atacante-gabiol\/#breadcrumb","itemListElement":[{"@type":"ListItem","position":1,"name":"Home","item":"https:\/\/www.gaveanews.com\/"},{"@type":"ListItem","position":2,"name":"Treinador Jorge Jesus fala sobre a expuls\u00e3o do atacante Gabigol"}]},{"@type":"WebSite","@id":"https:\/\/www.gaveanews.com\/#website","url":"https:\/\/www.gaveanews.com\/","name":"G\u00e1vea News","description":"Veja todas as not\u00edcias sobre o Flamengo: Contrata\u00e7\u00f5es, categorias de base, resultados das partidas, tabela de classifica\u00e7\u00e3o, pr\u00f3ximos jogos!","potentialAction":[{"@type":"SearchAction","target":{"@type":"EntryPoint","urlTemplate":"https:\/\/www.gaveanews.com\/?s={search_term_string}"},"query-input":{"@type":"PropertyValueSpecification","valueRequired":true,"valueName":"search_term_string"}}],"inLanguage":"pt-BR"},{"@type":"Person","@id":"https:\/\/www.gaveanews.com\/#\/schema\/person\/2ec14f73fb96be2caf28f91afb14749d","name":"Equipe G\u00e1vea News","image":{"@type":"ImageObject","inLanguage":"pt-BR","@id":"https:\/\/www.gaveanews.com\/#\/schema\/person\/image\/","url":"https:\/\/secure.gravatar.com\/avatar\/1e1956f1facbffd3f8fa53a326721950116b3b9dc9bd44939c01180fd4a745a9?s=96&d=mm&r=g","contentUrl":"https:\/\/secure.gravatar.com\/avatar\/1e1956f1facbffd3f8fa53a326721950116b3b9dc9bd44939c01180fd4a745a9?s=96&d=mm&r=g","caption":"Equipe G\u00e1vea News"}}]}},"_links":{"self":[{"href":"https:\/\/www.gaveanews.com\/index.php\/wp-json\/wp\/v2\/posts\/31942","targetHints":{"allow":["GET"]}}],"collection":[{"href":"https:\/\/www.gaveanews.com\/index.php\/wp-json\/wp\/v2\/posts"}],"about":[{"href":"https:\/\/www.gaveanews.com\/index.php\/wp-json\/wp\/v2\/types\/post"}],"author":[{"embeddable":true,"href":"https:\/\/www.gaveanews.com\/index.php\/wp-json\/wp\/v2\/users\/1"}],"replies":[{"embeddable":true,"href":"https:\/\/www.gaveanews.com\/index.php\/wp-json\/wp\/v2\/comments?post=31942"}],"version-history":[{"count":0,"href":"https:\/\/www.gaveanews.com\/index.php\/wp-json\/wp\/v2\/posts\/31942\/revisions"}],"wp:featuredmedia":[{"embeddable":true,"href":"https:\/\/www.gaveanews.com\/index.php\/wp-json\/wp\/v2\/media\/21590"}],"wp:attachment":[{"href":"https:\/\/www.gaveanews.com\/index.php\/wp-json\/wp\/v2\/media?parent=31942"}],"wp:term":[{"taxonomy":"category","embeddable":true,"href":"https:\/\/www.gaveanews.com\/index.php\/wp-json\/wp\/v2\/categories?post=31942"},{"taxonomy":"post_tag","embeddable":true,"href":"https:\/\/www.gaveanews.com\/index.php\/wp-json\/wp\/v2\/tags?post=31942"}],"curies":[{"name":"wp","href":"https:\/\/api.w.org\/{rel}","templated":true}]}}