{"id":31955,"date":"2019-11-18T12:45:35","date_gmt":"2019-11-18T15:45:35","guid":{"rendered":"http:\/\/www.gaveanews.com\/?p=31955"},"modified":"2019-11-18T12:45:35","modified_gmt":"2019-11-18T15:45:35","slug":"conmebol-promove-alteracao-no-var-para-a-final-da-libertadores-entre-flamengo-x-river-plate","status":"publish","type":"post","link":"https:\/\/www.gaveanews.com\/index.php\/2019\/11\/18\/conmebol-promove-alteracao-no-var-para-a-final-da-libertadores-entre-flamengo-x-river-plate\/","title":{"rendered":"Conmebol promove altera\u00e7\u00e3o no VAR para a final da Libertadores entre Flamengo x River Plate"},"content":{"rendered":"\n<p>A Conmebol (Confedera\u00e7\u00e3o Sul-Americana de Futebol) decidiu promover uma altera\u00e7\u00e3o no VAR. Em vez de tr\u00eas profissionais na cabine, n\u00famero que normalmente \u00e9 usado, ser\u00e3o quatro. Essa forma\u00e7\u00e3o j\u00e1 foi usada na decis\u00e3o da Sul-Americana, e ser\u00e1 repetida na final\u00edssima da Libertadores entre Flamengo e River Plate (ARG), no dia 23 de novembro, em Lima (Peru).<\/p>\n\n\n\n<p>At\u00e9 as semifinais dos dois torneios a Conmebol usou a forma\u00e7\u00e3o padr\u00e3o na cabine do \u00e1rbitro de v\u00eddeo, que tem o VAR principal, respons\u00e1vel por conversar com o \u00e1rbitro de campo, o AVAR 1 e o AVAR 2 (assistentes), que se dividem em analisar as imagens das revis\u00f5es. \u00c9 assim que tamb\u00e9m \u00e9 usado pela CBF no Campeonato Brasileiro.<\/p>\n\n\n\n<p>Para a final em Lima, por\u00e9m, a Conmebol anunciou quatro profissionais na cabine: o VAR principal ser\u00e1 o peruano Diego Hano, o AVAR 1 o chileno Piero Maza, o AVAR 2 o colombiano Alexander Guzman e a novidade, o AVAR 3, o uruguaio Esteban Ostojich. O \u00e1rbitro de campo ser\u00e1 o chileno Roberto Tobar.<\/p>\n\n\n\n<p>A Conmebol n\u00e3o informou oficialmente o motivo do AVAR extra. O blog apurou que o profissional a mais cuidar\u00e1 exclusivamente da an\u00e1lise de impedimentos, deixando os outros assistentes mais livres para para outros lances, como bolas na m\u00e3o, cart\u00f5es vermelhos, etc. H\u00e1 tamb\u00e9m o fator seguran\u00e7a, j\u00e1 que caso haja les\u00e3o do \u00e1rbitro ou dos auxiliares de campo o quarto \u00e1rbitro assume a fun\u00e7\u00e3o do machucado e um dos VAR&#8217;s automaticamente desce da cabine para fazer a fun\u00e7\u00e3o do quarto \u00e1rbitro.<\/p>\n\n\n\n<p>N\u00e3o h\u00e1 no protocolo do VAR limite para que profissionais fiquem na cabine como AVAR. No primeiro documento, lan\u00e7ado em 2016, a previs\u00e3o era de apenas um assistente para o VAR principal, o que depois se mostrou pouco. Por isso padronizou-se tr\u00eas \u00e1rbitros na cabine, o VAR e seus dois AVARs. Mas na Copa do Mundo da R\u00fassia, por exemplo, a Fifa usou quatro profissionais na cabine do VAR, chamada de VOR, um deles exclusivo para jogadas de impedimento.<\/p>\n\n\n\n<p>No Brasil, a CBF testou uma forma\u00e7\u00e3o diferente em jogos da Copa do Brasil, como revelou o blog. Mas n\u00e3o significa um \u00e1rbitro a mais, mas sim um operador de v\u00eddeo a mais. Normalmente s\u00e3o dois operadores, mas nessa forma\u00e7\u00e3o h\u00e1 um extra que fica exclusivo para um dos AVARs analisar lances de impedimento. N\u00e3o h\u00e1 previs\u00e3o no Brasil de que mais de tr\u00eas \u00e1rbitros fiquem nas cabines de v\u00eddeo.<\/p>\n\n\n\n<p>Retirado de: <a href=\"https:\/\/marcelrizzo.blogosfera.uol.com.br\/2019\/11\/13\/conmebol-turbina-var-e-final-flamengo-x-river-tera-arbitro-extra-na-cabine\/\">Marcel Rizzo<\/a><\/p>\n","protected":false},"excerpt":{"rendered":"<p>A Conmebol (Confedera\u00e7\u00e3o Sul-Americana de Futebol) decidiu promover uma altera\u00e7\u00e3o no VAR. Em vez de tr\u00eas profissionais na cabine, n\u00famero que normalmente \u00e9 usado, ser\u00e3o quatro. Essa forma\u00e7\u00e3o j\u00e1 foi usada na decis\u00e3o da Sul-Americana, e ser\u00e1 repetida na final\u00edssima da Libertadores entre Flamengo e River Plate (ARG), no dia 23 de novembro, em Lima [&hellip;]<\/p>\n","protected":false},"author":1,"featured_media":14851,"comment_status":"open","ping_status":"open","sticky":false,"template":"","format":"standard","meta":{"footnotes":""},"categories":[1],"tags":[],"class_list":["post-31955","post","type-post","status-publish","format-standard","has-post-thumbnail","hentry","category-flamengo"],"yoast_head":"<!-- This site is optimized with the Yoast SEO Premium plugin v24.2 (Yoast SEO v26.9) - https:\/\/yoast.com\/product\/yoast-seo-premium-wordpress\/ -->\n<title>Conmebol promove altera\u00e7\u00e3o no VAR para a final da Libertadores entre Flamengo x River Plate<\/title>\n<meta name=\"robots\" content=\"index, follow, max-snippet:-1, max-image-preview:large, max-video-preview:-1\" \/>\n<link rel=\"canonical\" href=\"https:\/\/www.gaveanews.com\/index.php\/2019\/11\/18\/conmebol-promove-alteracao-no-var-para-a-final-da-libertadores-entre-flamengo-x-river-plate\/\" \/>\n<meta property=\"og:locale\" content=\"pt_BR\" \/>\n<meta property=\"og:type\" content=\"article\" \/>\n<meta property=\"og:title\" content=\"Conmebol promove altera\u00e7\u00e3o no VAR para a final da Libertadores entre Flamengo x River Plate\" \/>\n<meta property=\"og:description\" content=\"A Conmebol (Confedera\u00e7\u00e3o Sul-Americana de Futebol) decidiu promover uma altera\u00e7\u00e3o no VAR. Em vez de tr\u00eas profissionais na cabine, n\u00famero que normalmente \u00e9 usado, ser\u00e3o quatro. Essa forma\u00e7\u00e3o j\u00e1 foi usada na decis\u00e3o da Sul-Americana, e ser\u00e1 repetida na final\u00edssima da Libertadores entre Flamengo e River Plate (ARG), no dia 23 de novembro, em Lima [&hellip;]\" \/>\n<meta property=\"og:url\" content=\"https:\/\/www.gaveanews.com\/index.php\/2019\/11\/18\/conmebol-promove-alteracao-no-var-para-a-final-da-libertadores-entre-flamengo-x-river-plate\/\" \/>\n<meta property=\"og:site_name\" content=\"G\u00e1vea News\" \/>\n<meta property=\"article:publisher\" content=\"https:\/\/facebook.com\/gaveaNews\/\" \/>\n<meta property=\"article:published_time\" content=\"2019-11-18T15:45:35+00:00\" \/>\n<meta property=\"og:image\" content=\"https:\/\/www.gaveanews.com\/wp-content\/uploads\/2019\/03\/Taca-da-Copa-Libertadores-da-America.webp\" \/>\n\t<meta property=\"og:image:width\" content=\"1\" \/>\n\t<meta property=\"og:image:height\" content=\"1\" \/>\n\t<meta property=\"og:image:type\" content=\"image\/jpeg\" \/>\n<meta name=\"author\" content=\"Equipe G\u00e1vea News\" \/>\n<meta name=\"twitter:card\" content=\"summary_large_image\" \/>\n<meta name=\"twitter:label1\" content=\"Escrito por\" \/>\n\t<meta name=\"twitter:data1\" content=\"Equipe G\u00e1vea News\" \/>\n\t<meta name=\"twitter:label2\" content=\"Est. tempo de leitura\" \/>\n\t<meta name=\"twitter:data2\" content=\"2 minutos\" \/>\n<script type=\"application\/ld+json\" class=\"yoast-schema-graph\">{\"@context\":\"https:\/\/schema.org\",\"@graph\":[{\"@type\":\"NewsArticle\",\"@id\":\"https:\/\/www.gaveanews.com\/index.php\/2019\/11\/18\/conmebol-promove-alteracao-no-var-para-a-final-da-libertadores-entre-flamengo-x-river-plate\/#article\",\"isPartOf\":{\"@id\":\"https:\/\/www.gaveanews.com\/index.php\/2019\/11\/18\/conmebol-promove-alteracao-no-var-para-a-final-da-libertadores-entre-flamengo-x-river-plate\/\"},\"author\":{\"name\":\"Equipe G\u00e1vea News\",\"@id\":\"https:\/\/www.gaveanews.com\/#\/schema\/person\/2ec14f73fb96be2caf28f91afb14749d\"},\"headline\":\"Conmebol promove altera\u00e7\u00e3o no VAR para a final da Libertadores entre Flamengo x River Plate\",\"datePublished\":\"2019-11-18T15:45:35+00:00\",\"mainEntityOfPage\":{\"@id\":\"https:\/\/www.gaveanews.com\/index.php\/2019\/11\/18\/conmebol-promove-alteracao-no-var-para-a-final-da-libertadores-entre-flamengo-x-river-plate\/\"},\"wordCount\":448,\"commentCount\":0,\"image\":{\"@id\":\"https:\/\/www.gaveanews.com\/index.php\/2019\/11\/18\/conmebol-promove-alteracao-no-var-para-a-final-da-libertadores-entre-flamengo-x-river-plate\/#primaryimage\"},\"thumbnailUrl\":\"https:\/\/www.gaveanews.com\/wp-content\/uploads\/2019\/03\/Taca-da-Copa-Libertadores-da-America.webp\",\"articleSection\":[\"Flamengo\"],\"inLanguage\":\"pt-BR\",\"potentialAction\":[{\"@type\":\"CommentAction\",\"name\":\"Comment\",\"target\":[\"https:\/\/www.gaveanews.com\/index.php\/2019\/11\/18\/conmebol-promove-alteracao-no-var-para-a-final-da-libertadores-entre-flamengo-x-river-plate\/#respond\"]}],\"copyrightYear\":\"2019\",\"copyrightHolder\":{\"@id\":\"https:\/\/www.gaveanews.com\/#organization\"}},{\"@type\":\"WebPage\",\"@id\":\"https:\/\/www.gaveanews.com\/index.php\/2019\/11\/18\/conmebol-promove-alteracao-no-var-para-a-final-da-libertadores-entre-flamengo-x-river-plate\/\",\"url\":\"https:\/\/www.gaveanews.com\/index.php\/2019\/11\/18\/conmebol-promove-alteracao-no-var-para-a-final-da-libertadores-entre-flamengo-x-river-plate\/\",\"name\":\"Conmebol promove altera\u00e7\u00e3o no VAR para a final da Libertadores entre Flamengo x River Plate\",\"isPartOf\":{\"@id\":\"https:\/\/www.gaveanews.com\/#website\"},\"primaryImageOfPage\":{\"@id\":\"https:\/\/www.gaveanews.com\/index.php\/2019\/11\/18\/conmebol-promove-alteracao-no-var-para-a-final-da-libertadores-entre-flamengo-x-river-plate\/#primaryimage\"},\"image\":{\"@id\":\"https:\/\/www.gaveanews.com\/index.php\/2019\/11\/18\/conmebol-promove-alteracao-no-var-para-a-final-da-libertadores-entre-flamengo-x-river-plate\/#primaryimage\"},\"thumbnailUrl\":\"https:\/\/www.gaveanews.com\/wp-content\/uploads\/2019\/03\/Taca-da-Copa-Libertadores-da-America.webp\",\"datePublished\":\"2019-11-18T15:45:35+00:00\",\"author\":{\"@id\":\"https:\/\/www.gaveanews.com\/#\/schema\/person\/2ec14f73fb96be2caf28f91afb14749d\"},\"breadcrumb\":{\"@id\":\"https:\/\/www.gaveanews.com\/index.php\/2019\/11\/18\/conmebol-promove-alteracao-no-var-para-a-final-da-libertadores-entre-flamengo-x-river-plate\/#breadcrumb\"},\"inLanguage\":\"pt-BR\",\"potentialAction\":[{\"@type\":\"ReadAction\",\"target\":[\"https:\/\/www.gaveanews.com\/index.php\/2019\/11\/18\/conmebol-promove-alteracao-no-var-para-a-final-da-libertadores-entre-flamengo-x-river-plate\/\"]}]},{\"@type\":\"ImageObject\",\"inLanguage\":\"pt-BR\",\"@id\":\"https:\/\/www.gaveanews.com\/index.php\/2019\/11\/18\/conmebol-promove-alteracao-no-var-para-a-final-da-libertadores-entre-flamengo-x-river-plate\/#primaryimage\",\"url\":\"https:\/\/www.gaveanews.com\/wp-content\/uploads\/2019\/03\/Taca-da-Copa-Libertadores-da-America.webp\",\"contentUrl\":\"https:\/\/www.gaveanews.com\/wp-content\/uploads\/2019\/03\/Taca-da-Copa-Libertadores-da-America.webp\",\"caption\":\"Ta\u00e7a da Copa Libertadores da Am\u00e9rica (Foto: Divulga\u00e7\u00e3o\/Conmebol)\"},{\"@type\":\"BreadcrumbList\",\"@id\":\"https:\/\/www.gaveanews.com\/index.php\/2019\/11\/18\/conmebol-promove-alteracao-no-var-para-a-final-da-libertadores-entre-flamengo-x-river-plate\/#breadcrumb\",\"itemListElement\":[{\"@type\":\"ListItem\",\"position\":1,\"name\":\"Home\",\"item\":\"https:\/\/www.gaveanews.com\/\"},{\"@type\":\"ListItem\",\"position\":2,\"name\":\"Conmebol promove altera\u00e7\u00e3o no VAR para a final da Libertadores entre Flamengo x River Plate\"}]},{\"@type\":\"WebSite\",\"@id\":\"https:\/\/www.gaveanews.com\/#website\",\"url\":\"https:\/\/www.gaveanews.com\/\",\"name\":\"G\u00e1vea News\",\"description\":\"Veja todas as not\u00edcias sobre o Flamengo: Contrata\u00e7\u00f5es, categorias de base, resultados das partidas, tabela de classifica\u00e7\u00e3o, pr\u00f3ximos jogos!\",\"potentialAction\":[{\"@type\":\"SearchAction\",\"target\":{\"@type\":\"EntryPoint\",\"urlTemplate\":\"https:\/\/www.gaveanews.com\/?s={search_term_string}\"},\"query-input\":{\"@type\":\"PropertyValueSpecification\",\"valueRequired\":true,\"valueName\":\"search_term_string\"}}],\"inLanguage\":\"pt-BR\"},{\"@type\":\"Person\",\"@id\":\"https:\/\/www.gaveanews.com\/#\/schema\/person\/2ec14f73fb96be2caf28f91afb14749d\",\"name\":\"Equipe G\u00e1vea News\",\"image\":{\"@type\":\"ImageObject\",\"inLanguage\":\"pt-BR\",\"@id\":\"https:\/\/www.gaveanews.com\/#\/schema\/person\/image\/\",\"url\":\"https:\/\/secure.gravatar.com\/avatar\/1e1956f1facbffd3f8fa53a326721950116b3b9dc9bd44939c01180fd4a745a9?s=96&d=mm&r=g\",\"contentUrl\":\"https:\/\/secure.gravatar.com\/avatar\/1e1956f1facbffd3f8fa53a326721950116b3b9dc9bd44939c01180fd4a745a9?s=96&d=mm&r=g\",\"caption\":\"Equipe G\u00e1vea News\"}}]}<\/script>\n<!-- \/ Yoast SEO Premium plugin. -->","yoast_head_json":{"title":"Conmebol promove altera\u00e7\u00e3o no VAR para a final da Libertadores entre Flamengo x River Plate","robots":{"index":"index","follow":"follow","max-snippet":"max-snippet:-1","max-image-preview":"max-image-preview:large","max-video-preview":"max-video-preview:-1"},"canonical":"https:\/\/www.gaveanews.com\/index.php\/2019\/11\/18\/conmebol-promove-alteracao-no-var-para-a-final-da-libertadores-entre-flamengo-x-river-plate\/","og_locale":"pt_BR","og_type":"article","og_title":"Conmebol promove altera\u00e7\u00e3o no VAR para a final da Libertadores entre Flamengo x River Plate","og_description":"A Conmebol (Confedera\u00e7\u00e3o Sul-Americana de Futebol) decidiu promover uma altera\u00e7\u00e3o no VAR. Em vez de tr\u00eas profissionais na cabine, n\u00famero que normalmente \u00e9 usado, ser\u00e3o quatro. Essa forma\u00e7\u00e3o j\u00e1 foi usada na decis\u00e3o da Sul-Americana, e ser\u00e1 repetida na final\u00edssima da Libertadores entre Flamengo e River Plate (ARG), no dia 23 de novembro, em Lima [&hellip;]","og_url":"https:\/\/www.gaveanews.com\/index.php\/2019\/11\/18\/conmebol-promove-alteracao-no-var-para-a-final-da-libertadores-entre-flamengo-x-river-plate\/","og_site_name":"G\u00e1vea News","article_publisher":"https:\/\/facebook.com\/gaveaNews\/","article_published_time":"2019-11-18T15:45:35+00:00","og_image":[{"url":"https:\/\/www.gaveanews.com\/wp-content\/uploads\/2019\/03\/Taca-da-Copa-Libertadores-da-America.webp","width":1,"height":1,"type":"image\/jpeg"}],"author":"Equipe G\u00e1vea News","twitter_card":"summary_large_image","twitter_misc":{"Escrito por":"Equipe G\u00e1vea News","Est. tempo de leitura":"2 minutos"},"schema":{"@context":"https:\/\/schema.org","@graph":[{"@type":"NewsArticle","@id":"https:\/\/www.gaveanews.com\/index.php\/2019\/11\/18\/conmebol-promove-alteracao-no-var-para-a-final-da-libertadores-entre-flamengo-x-river-plate\/#article","isPartOf":{"@id":"https:\/\/www.gaveanews.com\/index.php\/2019\/11\/18\/conmebol-promove-alteracao-no-var-para-a-final-da-libertadores-entre-flamengo-x-river-plate\/"},"author":{"name":"Equipe G\u00e1vea News","@id":"https:\/\/www.gaveanews.com\/#\/schema\/person\/2ec14f73fb96be2caf28f91afb14749d"},"headline":"Conmebol promove altera\u00e7\u00e3o no VAR para a final da Libertadores entre Flamengo x River Plate","datePublished":"2019-11-18T15:45:35+00:00","mainEntityOfPage":{"@id":"https:\/\/www.gaveanews.com\/index.php\/2019\/11\/18\/conmebol-promove-alteracao-no-var-para-a-final-da-libertadores-entre-flamengo-x-river-plate\/"},"wordCount":448,"commentCount":0,"image":{"@id":"https:\/\/www.gaveanews.com\/index.php\/2019\/11\/18\/conmebol-promove-alteracao-no-var-para-a-final-da-libertadores-entre-flamengo-x-river-plate\/#primaryimage"},"thumbnailUrl":"https:\/\/www.gaveanews.com\/wp-content\/uploads\/2019\/03\/Taca-da-Copa-Libertadores-da-America.webp","articleSection":["Flamengo"],"inLanguage":"pt-BR","potentialAction":[{"@type":"CommentAction","name":"Comment","target":["https:\/\/www.gaveanews.com\/index.php\/2019\/11\/18\/conmebol-promove-alteracao-no-var-para-a-final-da-libertadores-entre-flamengo-x-river-plate\/#respond"]}],"copyrightYear":"2019","copyrightHolder":{"@id":"https:\/\/www.gaveanews.com\/#organization"}},{"@type":"WebPage","@id":"https:\/\/www.gaveanews.com\/index.php\/2019\/11\/18\/conmebol-promove-alteracao-no-var-para-a-final-da-libertadores-entre-flamengo-x-river-plate\/","url":"https:\/\/www.gaveanews.com\/index.php\/2019\/11\/18\/conmebol-promove-alteracao-no-var-para-a-final-da-libertadores-entre-flamengo-x-river-plate\/","name":"Conmebol promove altera\u00e7\u00e3o no VAR para a final da Libertadores entre Flamengo x River Plate","isPartOf":{"@id":"https:\/\/www.gaveanews.com\/#website"},"primaryImageOfPage":{"@id":"https:\/\/www.gaveanews.com\/index.php\/2019\/11\/18\/conmebol-promove-alteracao-no-var-para-a-final-da-libertadores-entre-flamengo-x-river-plate\/#primaryimage"},"image":{"@id":"https:\/\/www.gaveanews.com\/index.php\/2019\/11\/18\/conmebol-promove-alteracao-no-var-para-a-final-da-libertadores-entre-flamengo-x-river-plate\/#primaryimage"},"thumbnailUrl":"https:\/\/www.gaveanews.com\/wp-content\/uploads\/2019\/03\/Taca-da-Copa-Libertadores-da-America.webp","datePublished":"2019-11-18T15:45:35+00:00","author":{"@id":"https:\/\/www.gaveanews.com\/#\/schema\/person\/2ec14f73fb96be2caf28f91afb14749d"},"breadcrumb":{"@id":"https:\/\/www.gaveanews.com\/index.php\/2019\/11\/18\/conmebol-promove-alteracao-no-var-para-a-final-da-libertadores-entre-flamengo-x-river-plate\/#breadcrumb"},"inLanguage":"pt-BR","potentialAction":[{"@type":"ReadAction","target":["https:\/\/www.gaveanews.com\/index.php\/2019\/11\/18\/conmebol-promove-alteracao-no-var-para-a-final-da-libertadores-entre-flamengo-x-river-plate\/"]}]},{"@type":"ImageObject","inLanguage":"pt-BR","@id":"https:\/\/www.gaveanews.com\/index.php\/2019\/11\/18\/conmebol-promove-alteracao-no-var-para-a-final-da-libertadores-entre-flamengo-x-river-plate\/#primaryimage","url":"https:\/\/www.gaveanews.com\/wp-content\/uploads\/2019\/03\/Taca-da-Copa-Libertadores-da-America.webp","contentUrl":"https:\/\/www.gaveanews.com\/wp-content\/uploads\/2019\/03\/Taca-da-Copa-Libertadores-da-America.webp","caption":"Ta\u00e7a da Copa Libertadores da Am\u00e9rica (Foto: Divulga\u00e7\u00e3o\/Conmebol)"},{"@type":"BreadcrumbList","@id":"https:\/\/www.gaveanews.com\/index.php\/2019\/11\/18\/conmebol-promove-alteracao-no-var-para-a-final-da-libertadores-entre-flamengo-x-river-plate\/#breadcrumb","itemListElement":[{"@type":"ListItem","position":1,"name":"Home","item":"https:\/\/www.gaveanews.com\/"},{"@type":"ListItem","position":2,"name":"Conmebol promove altera\u00e7\u00e3o no VAR para a final da Libertadores entre Flamengo x River Plate"}]},{"@type":"WebSite","@id":"https:\/\/www.gaveanews.com\/#website","url":"https:\/\/www.gaveanews.com\/","name":"G\u00e1vea News","description":"Veja todas as not\u00edcias sobre o Flamengo: Contrata\u00e7\u00f5es, categorias de base, resultados das partidas, tabela de classifica\u00e7\u00e3o, pr\u00f3ximos jogos!","potentialAction":[{"@type":"SearchAction","target":{"@type":"EntryPoint","urlTemplate":"https:\/\/www.gaveanews.com\/?s={search_term_string}"},"query-input":{"@type":"PropertyValueSpecification","valueRequired":true,"valueName":"search_term_string"}}],"inLanguage":"pt-BR"},{"@type":"Person","@id":"https:\/\/www.gaveanews.com\/#\/schema\/person\/2ec14f73fb96be2caf28f91afb14749d","name":"Equipe G\u00e1vea News","image":{"@type":"ImageObject","inLanguage":"pt-BR","@id":"https:\/\/www.gaveanews.com\/#\/schema\/person\/image\/","url":"https:\/\/secure.gravatar.com\/avatar\/1e1956f1facbffd3f8fa53a326721950116b3b9dc9bd44939c01180fd4a745a9?s=96&d=mm&r=g","contentUrl":"https:\/\/secure.gravatar.com\/avatar\/1e1956f1facbffd3f8fa53a326721950116b3b9dc9bd44939c01180fd4a745a9?s=96&d=mm&r=g","caption":"Equipe G\u00e1vea News"}}]}},"_links":{"self":[{"href":"https:\/\/www.gaveanews.com\/index.php\/wp-json\/wp\/v2\/posts\/31955","targetHints":{"allow":["GET"]}}],"collection":[{"href":"https:\/\/www.gaveanews.com\/index.php\/wp-json\/wp\/v2\/posts"}],"about":[{"href":"https:\/\/www.gaveanews.com\/index.php\/wp-json\/wp\/v2\/types\/post"}],"author":[{"embeddable":true,"href":"https:\/\/www.gaveanews.com\/index.php\/wp-json\/wp\/v2\/users\/1"}],"replies":[{"embeddable":true,"href":"https:\/\/www.gaveanews.com\/index.php\/wp-json\/wp\/v2\/comments?post=31955"}],"version-history":[{"count":0,"href":"https:\/\/www.gaveanews.com\/index.php\/wp-json\/wp\/v2\/posts\/31955\/revisions"}],"wp:featuredmedia":[{"embeddable":true,"href":"https:\/\/www.gaveanews.com\/index.php\/wp-json\/wp\/v2\/media\/14851"}],"wp:attachment":[{"href":"https:\/\/www.gaveanews.com\/index.php\/wp-json\/wp\/v2\/media?parent=31955"}],"wp:term":[{"taxonomy":"category","embeddable":true,"href":"https:\/\/www.gaveanews.com\/index.php\/wp-json\/wp\/v2\/categories?post=31955"},{"taxonomy":"post_tag","embeddable":true,"href":"https:\/\/www.gaveanews.com\/index.php\/wp-json\/wp\/v2\/tags?post=31955"}],"curies":[{"name":"wp","href":"https:\/\/api.w.org\/{rel}","templated":true}]}}