{"id":31970,"date":"2019-11-18T15:55:09","date_gmt":"2019-11-18T18:55:09","guid":{"rendered":"http:\/\/www.gaveanews.com\/?p=31970"},"modified":"2019-11-18T15:55:09","modified_gmt":"2019-11-18T18:55:09","slug":"atacante-do-flamengo-gabigol-fala-sobre-provocacao-feita-aos-torcedores-do-gremio","status":"publish","type":"post","link":"https:\/\/www.gaveanews.com\/index.php\/2019\/11\/18\/atacante-do-flamengo-gabigol-fala-sobre-provocacao-feita-aos-torcedores-do-gremio\/","title":{"rendered":"Atacante do Flamengo, Gabigol fala sobre provoca\u00e7\u00e3o feita aos torcedores do Gr\u00eamio"},"content":{"rendered":"\n<p>O camisa 9 do Flamengo enumerou com os dedos os gols que o Gr\u00eamio levou no jogo de volta das semifinais do torneio continental. Dessa forma, o gesto logo repercutiu nas redes sociais, mas o atacante tratou de colocar \u201dpanos quentes\u201d na pol\u00eamica. Para ele, tudo se tratou de uma situa\u00e7\u00e3o normal de jogo.<\/p>\n\n\n\n<p>Na zona mista da Arena, Gabigol afirmou que estava sendo xingado e vaiado depois da expuls\u00e3o e decidiu provocar os torcedores advers\u00e1rios. O artilheiro do Brasileir\u00e3o tamb\u00e9m frisou que foi provocado no mesmo est\u00e1dio quando ainda jogava pelo Santos.<\/p>\n\n\n\n<p>\u201dFaz parte. Quando eu vim aqui com o Santos tomei 5 a 1 e eles tamb\u00e9m me zoaram bastante. Agora, foi a minha vez. Acho que foi uma brincadeira. Quando sa\u00ed do campo estavam me vaiando, me xingando\u2026 Ali\u00e1s, desde o come\u00e7o do jogo\u2026 Foi pra brincar, pra distrair. Obviamente que de cabe\u00e7a quente n\u00e3o foi pra isso, foi mais pra brincar, pra zoar mesmo. Mas acho que foi algo natural, como o Mister falou\u201d, declarou na zona mista.<\/p>\n\n\n\n<p>Em coletiva de imprensa, Jorge Jesus falou sobre a expuls\u00e3o de Gabigol, Para o comandante, o atleta precisa ter mais controle emocional nas partidas.<\/p>\n\n\n\n<p>\u201dMe preocupa. Ainda n\u00e3o consegui fazer ele emocionalmente um grande jogador como \u00e9 tecnicamente e taticamente. Tem de ter equil\u00edbrio. Mas \u00e9 jovem ainda, tem tempo. \u00c9 importante que os grandes jogadores sejam exemplos\u201d, afirmou.<\/p>\n\n\n\n<p>O centroavante ser\u00e1 presen\u00e7a certa na final da Libertadores, no dia 23 de novembro, mas desfalcar\u00e1 o Flamengo contra o Cear\u00e1, pelo Brasileir\u00e3o.<\/p>\n\n\n\n<p>Retirado de: Torcedores<\/p>\n","protected":false},"excerpt":{"rendered":"<p>O camisa 9 do Flamengo enumerou com os dedos os gols que o Gr\u00eamio levou no jogo de volta das semifinais do torneio continental. Dessa forma, o gesto logo repercutiu nas redes sociais, mas o atacante tratou de colocar \u201dpanos quentes\u201d na pol\u00eamica. Para ele, tudo se tratou de uma situa\u00e7\u00e3o normal de jogo. Na [&hellip;]<\/p>\n","protected":false},"author":1,"featured_media":28919,"comment_status":"open","ping_status":"open","sticky":false,"template":"","format":"standard","meta":{"footnotes":""},"categories":[1],"tags":[],"class_list":["post-31970","post","type-post","status-publish","format-standard","has-post-thumbnail","hentry","category-flamengo"],"yoast_head":"<!-- This site is optimized with the Yoast SEO Premium plugin v24.2 (Yoast SEO v26.9) - https:\/\/yoast.com\/product\/yoast-seo-premium-wordpress\/ -->\n<title>Atacante do Flamengo, Gabigol fala sobre provoca\u00e7\u00e3o feita aos torcedores do Gr\u00eamio<\/title>\n<meta name=\"robots\" content=\"index, follow, max-snippet:-1, max-image-preview:large, max-video-preview:-1\" \/>\n<link rel=\"canonical\" href=\"https:\/\/www.gaveanews.com\/index.php\/2019\/11\/18\/atacante-do-flamengo-gabigol-fala-sobre-provocacao-feita-aos-torcedores-do-gremio\/\" \/>\n<meta property=\"og:locale\" content=\"pt_BR\" \/>\n<meta property=\"og:type\" content=\"article\" \/>\n<meta property=\"og:title\" content=\"Atacante do Flamengo, Gabigol fala sobre provoca\u00e7\u00e3o feita aos torcedores do Gr\u00eamio\" \/>\n<meta property=\"og:description\" content=\"O camisa 9 do Flamengo enumerou com os dedos os gols que o Gr\u00eamio levou no jogo de volta das semifinais do torneio continental. Dessa forma, o gesto logo repercutiu nas redes sociais, mas o atacante tratou de colocar \u201dpanos quentes\u201d na pol\u00eamica. Para ele, tudo se tratou de uma situa\u00e7\u00e3o normal de jogo. Na [&hellip;]\" \/>\n<meta property=\"og:url\" content=\"https:\/\/www.gaveanews.com\/index.php\/2019\/11\/18\/atacante-do-flamengo-gabigol-fala-sobre-provocacao-feita-aos-torcedores-do-gremio\/\" \/>\n<meta property=\"og:site_name\" content=\"G\u00e1vea News\" \/>\n<meta property=\"article:publisher\" content=\"https:\/\/facebook.com\/gaveaNews\/\" \/>\n<meta property=\"article:published_time\" content=\"2019-11-18T18:55:09+00:00\" \/>\n<meta property=\"og:image\" content=\"https:\/\/www.gaveanews.com\/wp-content\/uploads\/Atacante-Gabriel-Barbosa-em-acao-pelo-Flamengo.webp\" \/>\n\t<meta property=\"og:image:width\" content=\"1\" \/>\n\t<meta property=\"og:image:height\" content=\"1\" \/>\n\t<meta property=\"og:image:type\" content=\"image\/jpeg\" \/>\n<meta name=\"author\" content=\"Equipe G\u00e1vea News\" \/>\n<meta name=\"twitter:card\" content=\"summary_large_image\" \/>\n<meta name=\"twitter:label1\" content=\"Escrito por\" \/>\n\t<meta name=\"twitter:data1\" content=\"Equipe G\u00e1vea News\" \/>\n\t<meta name=\"twitter:label2\" content=\"Est. tempo de leitura\" \/>\n\t<meta name=\"twitter:data2\" content=\"1 minuto\" \/>\n<script type=\"application\/ld+json\" class=\"yoast-schema-graph\">{\"@context\":\"https:\/\/schema.org\",\"@graph\":[{\"@type\":\"NewsArticle\",\"@id\":\"https:\/\/www.gaveanews.com\/index.php\/2019\/11\/18\/atacante-do-flamengo-gabigol-fala-sobre-provocacao-feita-aos-torcedores-do-gremio\/#article\",\"isPartOf\":{\"@id\":\"https:\/\/www.gaveanews.com\/index.php\/2019\/11\/18\/atacante-do-flamengo-gabigol-fala-sobre-provocacao-feita-aos-torcedores-do-gremio\/\"},\"author\":{\"name\":\"Equipe G\u00e1vea News\",\"@id\":\"https:\/\/www.gaveanews.com\/#\/schema\/person\/2ec14f73fb96be2caf28f91afb14749d\"},\"headline\":\"Atacante do Flamengo, Gabigol fala sobre provoca\u00e7\u00e3o feita aos torcedores do Gr\u00eamio\",\"datePublished\":\"2019-11-18T18:55:09+00:00\",\"mainEntityOfPage\":{\"@id\":\"https:\/\/www.gaveanews.com\/index.php\/2019\/11\/18\/atacante-do-flamengo-gabigol-fala-sobre-provocacao-feita-aos-torcedores-do-gremio\/\"},\"wordCount\":282,\"commentCount\":0,\"image\":{\"@id\":\"https:\/\/www.gaveanews.com\/index.php\/2019\/11\/18\/atacante-do-flamengo-gabigol-fala-sobre-provocacao-feita-aos-torcedores-do-gremio\/#primaryimage\"},\"thumbnailUrl\":\"https:\/\/www.gaveanews.com\/wp-content\/uploads\/Atacante-Gabriel-Barbosa-em-acao-pelo-Flamengo.webp\",\"articleSection\":[\"Flamengo\"],\"inLanguage\":\"pt-BR\",\"potentialAction\":[{\"@type\":\"CommentAction\",\"name\":\"Comment\",\"target\":[\"https:\/\/www.gaveanews.com\/index.php\/2019\/11\/18\/atacante-do-flamengo-gabigol-fala-sobre-provocacao-feita-aos-torcedores-do-gremio\/#respond\"]}],\"copyrightYear\":\"2019\",\"copyrightHolder\":{\"@id\":\"https:\/\/www.gaveanews.com\/#organization\"}},{\"@type\":\"WebPage\",\"@id\":\"https:\/\/www.gaveanews.com\/index.php\/2019\/11\/18\/atacante-do-flamengo-gabigol-fala-sobre-provocacao-feita-aos-torcedores-do-gremio\/\",\"url\":\"https:\/\/www.gaveanews.com\/index.php\/2019\/11\/18\/atacante-do-flamengo-gabigol-fala-sobre-provocacao-feita-aos-torcedores-do-gremio\/\",\"name\":\"Atacante do Flamengo, Gabigol fala sobre provoca\u00e7\u00e3o feita aos torcedores do Gr\u00eamio\",\"isPartOf\":{\"@id\":\"https:\/\/www.gaveanews.com\/#website\"},\"primaryImageOfPage\":{\"@id\":\"https:\/\/www.gaveanews.com\/index.php\/2019\/11\/18\/atacante-do-flamengo-gabigol-fala-sobre-provocacao-feita-aos-torcedores-do-gremio\/#primaryimage\"},\"image\":{\"@id\":\"https:\/\/www.gaveanews.com\/index.php\/2019\/11\/18\/atacante-do-flamengo-gabigol-fala-sobre-provocacao-feita-aos-torcedores-do-gremio\/#primaryimage\"},\"thumbnailUrl\":\"https:\/\/www.gaveanews.com\/wp-content\/uploads\/Atacante-Gabriel-Barbosa-em-acao-pelo-Flamengo.webp\",\"datePublished\":\"2019-11-18T18:55:09+00:00\",\"author\":{\"@id\":\"https:\/\/www.gaveanews.com\/#\/schema\/person\/2ec14f73fb96be2caf28f91afb14749d\"},\"breadcrumb\":{\"@id\":\"https:\/\/www.gaveanews.com\/index.php\/2019\/11\/18\/atacante-do-flamengo-gabigol-fala-sobre-provocacao-feita-aos-torcedores-do-gremio\/#breadcrumb\"},\"inLanguage\":\"pt-BR\",\"potentialAction\":[{\"@type\":\"ReadAction\",\"target\":[\"https:\/\/www.gaveanews.com\/index.php\/2019\/11\/18\/atacante-do-flamengo-gabigol-fala-sobre-provocacao-feita-aos-torcedores-do-gremio\/\"]}]},{\"@type\":\"ImageObject\",\"inLanguage\":\"pt-BR\",\"@id\":\"https:\/\/www.gaveanews.com\/index.php\/2019\/11\/18\/atacante-do-flamengo-gabigol-fala-sobre-provocacao-feita-aos-torcedores-do-gremio\/#primaryimage\",\"url\":\"https:\/\/www.gaveanews.com\/wp-content\/uploads\/Atacante-Gabriel-Barbosa-em-acao-pelo-Flamengo.webp\",\"contentUrl\":\"https:\/\/www.gaveanews.com\/wp-content\/uploads\/Atacante-Gabriel-Barbosa-em-acao-pelo-Flamengo.webp\",\"caption\":\"Atacante Gabriel Barbosa em a\u00e7\u00e3o pelo Flamengo (Foto: Alexandre Vidal\/Flamengo)\"},{\"@type\":\"BreadcrumbList\",\"@id\":\"https:\/\/www.gaveanews.com\/index.php\/2019\/11\/18\/atacante-do-flamengo-gabigol-fala-sobre-provocacao-feita-aos-torcedores-do-gremio\/#breadcrumb\",\"itemListElement\":[{\"@type\":\"ListItem\",\"position\":1,\"name\":\"Home\",\"item\":\"https:\/\/www.gaveanews.com\/\"},{\"@type\":\"ListItem\",\"position\":2,\"name\":\"Atacante do Flamengo, Gabigol fala sobre provoca\u00e7\u00e3o feita aos torcedores do Gr\u00eamio\"}]},{\"@type\":\"WebSite\",\"@id\":\"https:\/\/www.gaveanews.com\/#website\",\"url\":\"https:\/\/www.gaveanews.com\/\",\"name\":\"G\u00e1vea News\",\"description\":\"Veja todas as not\u00edcias sobre o Flamengo: Contrata\u00e7\u00f5es, categorias de base, resultados das partidas, tabela de classifica\u00e7\u00e3o, pr\u00f3ximos jogos!\",\"potentialAction\":[{\"@type\":\"SearchAction\",\"target\":{\"@type\":\"EntryPoint\",\"urlTemplate\":\"https:\/\/www.gaveanews.com\/?s={search_term_string}\"},\"query-input\":{\"@type\":\"PropertyValueSpecification\",\"valueRequired\":true,\"valueName\":\"search_term_string\"}}],\"inLanguage\":\"pt-BR\"},{\"@type\":\"Person\",\"@id\":\"https:\/\/www.gaveanews.com\/#\/schema\/person\/2ec14f73fb96be2caf28f91afb14749d\",\"name\":\"Equipe G\u00e1vea News\",\"image\":{\"@type\":\"ImageObject\",\"inLanguage\":\"pt-BR\",\"@id\":\"https:\/\/www.gaveanews.com\/#\/schema\/person\/image\/\",\"url\":\"https:\/\/secure.gravatar.com\/avatar\/1e1956f1facbffd3f8fa53a326721950116b3b9dc9bd44939c01180fd4a745a9?s=96&d=mm&r=g\",\"contentUrl\":\"https:\/\/secure.gravatar.com\/avatar\/1e1956f1facbffd3f8fa53a326721950116b3b9dc9bd44939c01180fd4a745a9?s=96&d=mm&r=g\",\"caption\":\"Equipe G\u00e1vea News\"}}]}<\/script>\n<!-- \/ Yoast SEO Premium plugin. -->","yoast_head_json":{"title":"Atacante do Flamengo, Gabigol fala sobre provoca\u00e7\u00e3o feita aos torcedores do Gr\u00eamio","robots":{"index":"index","follow":"follow","max-snippet":"max-snippet:-1","max-image-preview":"max-image-preview:large","max-video-preview":"max-video-preview:-1"},"canonical":"https:\/\/www.gaveanews.com\/index.php\/2019\/11\/18\/atacante-do-flamengo-gabigol-fala-sobre-provocacao-feita-aos-torcedores-do-gremio\/","og_locale":"pt_BR","og_type":"article","og_title":"Atacante do Flamengo, Gabigol fala sobre provoca\u00e7\u00e3o feita aos torcedores do Gr\u00eamio","og_description":"O camisa 9 do Flamengo enumerou com os dedos os gols que o Gr\u00eamio levou no jogo de volta das semifinais do torneio continental. Dessa forma, o gesto logo repercutiu nas redes sociais, mas o atacante tratou de colocar \u201dpanos quentes\u201d na pol\u00eamica. Para ele, tudo se tratou de uma situa\u00e7\u00e3o normal de jogo. Na [&hellip;]","og_url":"https:\/\/www.gaveanews.com\/index.php\/2019\/11\/18\/atacante-do-flamengo-gabigol-fala-sobre-provocacao-feita-aos-torcedores-do-gremio\/","og_site_name":"G\u00e1vea News","article_publisher":"https:\/\/facebook.com\/gaveaNews\/","article_published_time":"2019-11-18T18:55:09+00:00","og_image":[{"url":"https:\/\/www.gaveanews.com\/wp-content\/uploads\/Atacante-Gabriel-Barbosa-em-acao-pelo-Flamengo.webp","width":1,"height":1,"type":"image\/jpeg"}],"author":"Equipe G\u00e1vea News","twitter_card":"summary_large_image","twitter_misc":{"Escrito por":"Equipe G\u00e1vea News","Est. tempo de leitura":"1 minuto"},"schema":{"@context":"https:\/\/schema.org","@graph":[{"@type":"NewsArticle","@id":"https:\/\/www.gaveanews.com\/index.php\/2019\/11\/18\/atacante-do-flamengo-gabigol-fala-sobre-provocacao-feita-aos-torcedores-do-gremio\/#article","isPartOf":{"@id":"https:\/\/www.gaveanews.com\/index.php\/2019\/11\/18\/atacante-do-flamengo-gabigol-fala-sobre-provocacao-feita-aos-torcedores-do-gremio\/"},"author":{"name":"Equipe G\u00e1vea News","@id":"https:\/\/www.gaveanews.com\/#\/schema\/person\/2ec14f73fb96be2caf28f91afb14749d"},"headline":"Atacante do Flamengo, Gabigol fala sobre provoca\u00e7\u00e3o feita aos torcedores do Gr\u00eamio","datePublished":"2019-11-18T18:55:09+00:00","mainEntityOfPage":{"@id":"https:\/\/www.gaveanews.com\/index.php\/2019\/11\/18\/atacante-do-flamengo-gabigol-fala-sobre-provocacao-feita-aos-torcedores-do-gremio\/"},"wordCount":282,"commentCount":0,"image":{"@id":"https:\/\/www.gaveanews.com\/index.php\/2019\/11\/18\/atacante-do-flamengo-gabigol-fala-sobre-provocacao-feita-aos-torcedores-do-gremio\/#primaryimage"},"thumbnailUrl":"https:\/\/www.gaveanews.com\/wp-content\/uploads\/Atacante-Gabriel-Barbosa-em-acao-pelo-Flamengo.webp","articleSection":["Flamengo"],"inLanguage":"pt-BR","potentialAction":[{"@type":"CommentAction","name":"Comment","target":["https:\/\/www.gaveanews.com\/index.php\/2019\/11\/18\/atacante-do-flamengo-gabigol-fala-sobre-provocacao-feita-aos-torcedores-do-gremio\/#respond"]}],"copyrightYear":"2019","copyrightHolder":{"@id":"https:\/\/www.gaveanews.com\/#organization"}},{"@type":"WebPage","@id":"https:\/\/www.gaveanews.com\/index.php\/2019\/11\/18\/atacante-do-flamengo-gabigol-fala-sobre-provocacao-feita-aos-torcedores-do-gremio\/","url":"https:\/\/www.gaveanews.com\/index.php\/2019\/11\/18\/atacante-do-flamengo-gabigol-fala-sobre-provocacao-feita-aos-torcedores-do-gremio\/","name":"Atacante do Flamengo, Gabigol fala sobre provoca\u00e7\u00e3o feita aos torcedores do Gr\u00eamio","isPartOf":{"@id":"https:\/\/www.gaveanews.com\/#website"},"primaryImageOfPage":{"@id":"https:\/\/www.gaveanews.com\/index.php\/2019\/11\/18\/atacante-do-flamengo-gabigol-fala-sobre-provocacao-feita-aos-torcedores-do-gremio\/#primaryimage"},"image":{"@id":"https:\/\/www.gaveanews.com\/index.php\/2019\/11\/18\/atacante-do-flamengo-gabigol-fala-sobre-provocacao-feita-aos-torcedores-do-gremio\/#primaryimage"},"thumbnailUrl":"https:\/\/www.gaveanews.com\/wp-content\/uploads\/Atacante-Gabriel-Barbosa-em-acao-pelo-Flamengo.webp","datePublished":"2019-11-18T18:55:09+00:00","author":{"@id":"https:\/\/www.gaveanews.com\/#\/schema\/person\/2ec14f73fb96be2caf28f91afb14749d"},"breadcrumb":{"@id":"https:\/\/www.gaveanews.com\/index.php\/2019\/11\/18\/atacante-do-flamengo-gabigol-fala-sobre-provocacao-feita-aos-torcedores-do-gremio\/#breadcrumb"},"inLanguage":"pt-BR","potentialAction":[{"@type":"ReadAction","target":["https:\/\/www.gaveanews.com\/index.php\/2019\/11\/18\/atacante-do-flamengo-gabigol-fala-sobre-provocacao-feita-aos-torcedores-do-gremio\/"]}]},{"@type":"ImageObject","inLanguage":"pt-BR","@id":"https:\/\/www.gaveanews.com\/index.php\/2019\/11\/18\/atacante-do-flamengo-gabigol-fala-sobre-provocacao-feita-aos-torcedores-do-gremio\/#primaryimage","url":"https:\/\/www.gaveanews.com\/wp-content\/uploads\/Atacante-Gabriel-Barbosa-em-acao-pelo-Flamengo.webp","contentUrl":"https:\/\/www.gaveanews.com\/wp-content\/uploads\/Atacante-Gabriel-Barbosa-em-acao-pelo-Flamengo.webp","caption":"Atacante Gabriel Barbosa em a\u00e7\u00e3o pelo Flamengo (Foto: Alexandre Vidal\/Flamengo)"},{"@type":"BreadcrumbList","@id":"https:\/\/www.gaveanews.com\/index.php\/2019\/11\/18\/atacante-do-flamengo-gabigol-fala-sobre-provocacao-feita-aos-torcedores-do-gremio\/#breadcrumb","itemListElement":[{"@type":"ListItem","position":1,"name":"Home","item":"https:\/\/www.gaveanews.com\/"},{"@type":"ListItem","position":2,"name":"Atacante do Flamengo, Gabigol fala sobre provoca\u00e7\u00e3o feita aos torcedores do Gr\u00eamio"}]},{"@type":"WebSite","@id":"https:\/\/www.gaveanews.com\/#website","url":"https:\/\/www.gaveanews.com\/","name":"G\u00e1vea News","description":"Veja todas as not\u00edcias sobre o Flamengo: Contrata\u00e7\u00f5es, categorias de base, resultados das partidas, tabela de classifica\u00e7\u00e3o, pr\u00f3ximos jogos!","potentialAction":[{"@type":"SearchAction","target":{"@type":"EntryPoint","urlTemplate":"https:\/\/www.gaveanews.com\/?s={search_term_string}"},"query-input":{"@type":"PropertyValueSpecification","valueRequired":true,"valueName":"search_term_string"}}],"inLanguage":"pt-BR"},{"@type":"Person","@id":"https:\/\/www.gaveanews.com\/#\/schema\/person\/2ec14f73fb96be2caf28f91afb14749d","name":"Equipe G\u00e1vea News","image":{"@type":"ImageObject","inLanguage":"pt-BR","@id":"https:\/\/www.gaveanews.com\/#\/schema\/person\/image\/","url":"https:\/\/secure.gravatar.com\/avatar\/1e1956f1facbffd3f8fa53a326721950116b3b9dc9bd44939c01180fd4a745a9?s=96&d=mm&r=g","contentUrl":"https:\/\/secure.gravatar.com\/avatar\/1e1956f1facbffd3f8fa53a326721950116b3b9dc9bd44939c01180fd4a745a9?s=96&d=mm&r=g","caption":"Equipe G\u00e1vea News"}}]}},"_links":{"self":[{"href":"https:\/\/www.gaveanews.com\/index.php\/wp-json\/wp\/v2\/posts\/31970","targetHints":{"allow":["GET"]}}],"collection":[{"href":"https:\/\/www.gaveanews.com\/index.php\/wp-json\/wp\/v2\/posts"}],"about":[{"href":"https:\/\/www.gaveanews.com\/index.php\/wp-json\/wp\/v2\/types\/post"}],"author":[{"embeddable":true,"href":"https:\/\/www.gaveanews.com\/index.php\/wp-json\/wp\/v2\/users\/1"}],"replies":[{"embeddable":true,"href":"https:\/\/www.gaveanews.com\/index.php\/wp-json\/wp\/v2\/comments?post=31970"}],"version-history":[{"count":0,"href":"https:\/\/www.gaveanews.com\/index.php\/wp-json\/wp\/v2\/posts\/31970\/revisions"}],"wp:featuredmedia":[{"embeddable":true,"href":"https:\/\/www.gaveanews.com\/index.php\/wp-json\/wp\/v2\/media\/28919"}],"wp:attachment":[{"href":"https:\/\/www.gaveanews.com\/index.php\/wp-json\/wp\/v2\/media?parent=31970"}],"wp:term":[{"taxonomy":"category","embeddable":true,"href":"https:\/\/www.gaveanews.com\/index.php\/wp-json\/wp\/v2\/categories?post=31970"},{"taxonomy":"post_tag","embeddable":true,"href":"https:\/\/www.gaveanews.com\/index.php\/wp-json\/wp\/v2\/tags?post=31970"}],"curies":[{"name":"wp","href":"https:\/\/api.w.org\/{rel}","templated":true}]}}