{"id":32079,"date":"2019-11-19T21:07:51","date_gmt":"2019-11-20T00:07:51","guid":{"rendered":"http:\/\/www.gaveanews.com\/?p=32079"},"modified":"2019-11-19T21:07:51","modified_gmt":"2019-11-20T00:07:51","slug":"apos-polemica-conmebol-promove-alteracao-na-arbitragem-da-final-da-copa-libertadores-da-america-entre-flamengo-x-river-plate","status":"publish","type":"post","link":"https:\/\/www.gaveanews.com\/index.php\/2019\/11\/19\/apos-polemica-conmebol-promove-alteracao-na-arbitragem-da-final-da-copa-libertadores-da-america-entre-flamengo-x-river-plate\/","title":{"rendered":"Ap\u00f3s pol\u00eamica, Conmebol promove altera\u00e7\u00e3o na arbitragem da final da Copa Libertadores da Am\u00e9rica entre Flamengo x River Plate"},"content":{"rendered":"\n<p>Ap\u00f3s elogiar o River Plate em entrevista ao di\u00e1rio argentino &#8220;Ol\u00e9&#8221;, o \u00e1rbitro peruano Diego Haro, que at\u00e9 ent\u00e3o estava escalado para ficar no VAR na decis\u00e3o da Libertadores entre Flamengo e River Plate, foi retirado pela Conmebol e n\u00e3o far\u00e1 mais parte do quadro. A informa\u00e7\u00e3o foi confirmada pela reportagem do O Dia.<\/p>\n\n\n\n<p>&#8220;O River gerou uma revolu\u00e7\u00e3o futebol\u00edstica na Am\u00e9rica do Sul nos \u00faltimos cinco anos. Tem um jogo din\u00e2mico e conseguiu t\u00edtulos em pouco tempo. O Flamengo, por sua vez, acabou de encontrar uma filosofia&#8221;, disse Diego Haro ao peri\u00f3dico da Argentina, o que desagradou a Conmebol. <\/p>\n\n\n\n<p>A entidade anunciou que o uruguaio Esteban Ostojich ser\u00e1 o substituo do peruano na grande decis\u00e3o da Libertadores, que acontece no pr\u00f3ximo s\u00e1bado, \u00e0s 17h, no Est\u00e1dio Monumental &#8220;U&#8221;, em Lima, no Peru.<\/p>\n\n\n\n<figure class=\"wp-block-image size-large\"><img decoding=\"async\" src=\"https:\/\/1.bp.blogspot.com\/-sQiFpvp_csI\/XdSDN_mMaMI\/AAAAAAAAcA8\/jLTPDRSerL0k8XO3OwCsHnxfEH6OxBvWgCLcBGAsYHQ\/s1600\/EJxcKrFWoAMar8o.webp\" alt=\"\"\/><\/figure>\n\n\n\n<p>Retirado de: O Dia<\/p>\n","protected":false},"excerpt":{"rendered":"<p>Ap\u00f3s elogiar o River Plate em entrevista ao di\u00e1rio argentino &#8220;Ol\u00e9&#8221;, o \u00e1rbitro peruano Diego Haro, que at\u00e9 ent\u00e3o estava escalado para ficar no VAR na decis\u00e3o da Libertadores entre Flamengo e River Plate, foi retirado pela Conmebol e n\u00e3o far\u00e1 mais parte do quadro. A informa\u00e7\u00e3o foi confirmada pela reportagem do O Dia. &#8220;O [&hellip;]<\/p>\n","protected":false},"author":1,"featured_media":14851,"comment_status":"open","ping_status":"open","sticky":false,"template":"","format":"standard","meta":{"footnotes":""},"categories":[1],"tags":[],"class_list":["post-32079","post","type-post","status-publish","format-standard","has-post-thumbnail","hentry","category-flamengo"],"yoast_head":"<!-- This site is optimized with the Yoast SEO Premium plugin v24.2 (Yoast SEO v26.9) - https:\/\/yoast.com\/product\/yoast-seo-premium-wordpress\/ -->\n<title>Ap\u00f3s pol\u00eamica, Conmebol promove altera\u00e7\u00e3o na arbitragem da final da Copa Libertadores da Am\u00e9rica entre Flamengo x River Plate<\/title>\n<meta name=\"robots\" content=\"index, follow, max-snippet:-1, max-image-preview:large, max-video-preview:-1\" \/>\n<link rel=\"canonical\" href=\"https:\/\/www.gaveanews.com\/index.php\/2019\/11\/19\/apos-polemica-conmebol-promove-alteracao-na-arbitragem-da-final-da-copa-libertadores-da-america-entre-flamengo-x-river-plate\/\" \/>\n<meta property=\"og:locale\" content=\"pt_BR\" \/>\n<meta property=\"og:type\" content=\"article\" \/>\n<meta property=\"og:title\" content=\"Ap\u00f3s pol\u00eamica, Conmebol promove altera\u00e7\u00e3o na arbitragem da final da Copa Libertadores da Am\u00e9rica entre Flamengo x River Plate\" \/>\n<meta property=\"og:description\" content=\"Ap\u00f3s elogiar o River Plate em entrevista ao di\u00e1rio argentino &#8220;Ol\u00e9&#8221;, o \u00e1rbitro peruano Diego Haro, que at\u00e9 ent\u00e3o estava escalado para ficar no VAR na decis\u00e3o da Libertadores entre Flamengo e River Plate, foi retirado pela Conmebol e n\u00e3o far\u00e1 mais parte do quadro. A informa\u00e7\u00e3o foi confirmada pela reportagem do O Dia. &#8220;O [&hellip;]\" \/>\n<meta property=\"og:url\" content=\"https:\/\/www.gaveanews.com\/index.php\/2019\/11\/19\/apos-polemica-conmebol-promove-alteracao-na-arbitragem-da-final-da-copa-libertadores-da-america-entre-flamengo-x-river-plate\/\" \/>\n<meta property=\"og:site_name\" content=\"G\u00e1vea News\" \/>\n<meta property=\"article:publisher\" content=\"https:\/\/facebook.com\/gaveaNews\/\" \/>\n<meta property=\"article:published_time\" content=\"2019-11-20T00:07:51+00:00\" \/>\n<meta property=\"og:image\" content=\"https:\/\/www.gaveanews.com\/wp-content\/uploads\/2019\/03\/Taca-da-Copa-Libertadores-da-America.webp\" \/>\n\t<meta property=\"og:image:width\" content=\"1\" \/>\n\t<meta property=\"og:image:height\" content=\"1\" \/>\n\t<meta property=\"og:image:type\" content=\"image\/jpeg\" \/>\n<meta name=\"author\" content=\"Equipe G\u00e1vea News\" \/>\n<meta name=\"twitter:card\" content=\"summary_large_image\" \/>\n<meta name=\"twitter:label1\" content=\"Escrito por\" \/>\n\t<meta name=\"twitter:data1\" content=\"Equipe G\u00e1vea News\" \/>\n\t<meta name=\"twitter:label2\" content=\"Est. tempo de leitura\" \/>\n\t<meta name=\"twitter:data2\" content=\"1 minuto\" \/>\n<script type=\"application\/ld+json\" class=\"yoast-schema-graph\">{\"@context\":\"https:\/\/schema.org\",\"@graph\":[{\"@type\":\"NewsArticle\",\"@id\":\"https:\/\/www.gaveanews.com\/index.php\/2019\/11\/19\/apos-polemica-conmebol-promove-alteracao-na-arbitragem-da-final-da-copa-libertadores-da-america-entre-flamengo-x-river-plate\/#article\",\"isPartOf\":{\"@id\":\"https:\/\/www.gaveanews.com\/index.php\/2019\/11\/19\/apos-polemica-conmebol-promove-alteracao-na-arbitragem-da-final-da-copa-libertadores-da-america-entre-flamengo-x-river-plate\/\"},\"author\":{\"name\":\"Equipe G\u00e1vea News\",\"@id\":\"https:\/\/www.gaveanews.com\/#\/schema\/person\/2ec14f73fb96be2caf28f91afb14749d\"},\"headline\":\"Ap\u00f3s pol\u00eamica, Conmebol promove altera\u00e7\u00e3o na arbitragem da final da Copa Libertadores da Am\u00e9rica entre Flamengo x River Plate\",\"datePublished\":\"2019-11-20T00:07:51+00:00\",\"mainEntityOfPage\":{\"@id\":\"https:\/\/www.gaveanews.com\/index.php\/2019\/11\/19\/apos-polemica-conmebol-promove-alteracao-na-arbitragem-da-final-da-copa-libertadores-da-america-entre-flamengo-x-river-plate\/\"},\"wordCount\":176,\"commentCount\":0,\"image\":{\"@id\":\"https:\/\/www.gaveanews.com\/index.php\/2019\/11\/19\/apos-polemica-conmebol-promove-alteracao-na-arbitragem-da-final-da-copa-libertadores-da-america-entre-flamengo-x-river-plate\/#primaryimage\"},\"thumbnailUrl\":\"https:\/\/www.gaveanews.com\/wp-content\/uploads\/2019\/03\/Taca-da-Copa-Libertadores-da-America.webp\",\"articleSection\":[\"Flamengo\"],\"inLanguage\":\"pt-BR\",\"potentialAction\":[{\"@type\":\"CommentAction\",\"name\":\"Comment\",\"target\":[\"https:\/\/www.gaveanews.com\/index.php\/2019\/11\/19\/apos-polemica-conmebol-promove-alteracao-na-arbitragem-da-final-da-copa-libertadores-da-america-entre-flamengo-x-river-plate\/#respond\"]}],\"copyrightYear\":\"2019\",\"copyrightHolder\":{\"@id\":\"https:\/\/www.gaveanews.com\/#organization\"}},{\"@type\":\"WebPage\",\"@id\":\"https:\/\/www.gaveanews.com\/index.php\/2019\/11\/19\/apos-polemica-conmebol-promove-alteracao-na-arbitragem-da-final-da-copa-libertadores-da-america-entre-flamengo-x-river-plate\/\",\"url\":\"https:\/\/www.gaveanews.com\/index.php\/2019\/11\/19\/apos-polemica-conmebol-promove-alteracao-na-arbitragem-da-final-da-copa-libertadores-da-america-entre-flamengo-x-river-plate\/\",\"name\":\"Ap\u00f3s pol\u00eamica, Conmebol promove altera\u00e7\u00e3o na arbitragem da final da Copa Libertadores da Am\u00e9rica entre Flamengo x River Plate\",\"isPartOf\":{\"@id\":\"https:\/\/www.gaveanews.com\/#website\"},\"primaryImageOfPage\":{\"@id\":\"https:\/\/www.gaveanews.com\/index.php\/2019\/11\/19\/apos-polemica-conmebol-promove-alteracao-na-arbitragem-da-final-da-copa-libertadores-da-america-entre-flamengo-x-river-plate\/#primaryimage\"},\"image\":{\"@id\":\"https:\/\/www.gaveanews.com\/index.php\/2019\/11\/19\/apos-polemica-conmebol-promove-alteracao-na-arbitragem-da-final-da-copa-libertadores-da-america-entre-flamengo-x-river-plate\/#primaryimage\"},\"thumbnailUrl\":\"https:\/\/www.gaveanews.com\/wp-content\/uploads\/2019\/03\/Taca-da-Copa-Libertadores-da-America.webp\",\"datePublished\":\"2019-11-20T00:07:51+00:00\",\"author\":{\"@id\":\"https:\/\/www.gaveanews.com\/#\/schema\/person\/2ec14f73fb96be2caf28f91afb14749d\"},\"breadcrumb\":{\"@id\":\"https:\/\/www.gaveanews.com\/index.php\/2019\/11\/19\/apos-polemica-conmebol-promove-alteracao-na-arbitragem-da-final-da-copa-libertadores-da-america-entre-flamengo-x-river-plate\/#breadcrumb\"},\"inLanguage\":\"pt-BR\",\"potentialAction\":[{\"@type\":\"ReadAction\",\"target\":[\"https:\/\/www.gaveanews.com\/index.php\/2019\/11\/19\/apos-polemica-conmebol-promove-alteracao-na-arbitragem-da-final-da-copa-libertadores-da-america-entre-flamengo-x-river-plate\/\"]}]},{\"@type\":\"ImageObject\",\"inLanguage\":\"pt-BR\",\"@id\":\"https:\/\/www.gaveanews.com\/index.php\/2019\/11\/19\/apos-polemica-conmebol-promove-alteracao-na-arbitragem-da-final-da-copa-libertadores-da-america-entre-flamengo-x-river-plate\/#primaryimage\",\"url\":\"https:\/\/www.gaveanews.com\/wp-content\/uploads\/2019\/03\/Taca-da-Copa-Libertadores-da-America.webp\",\"contentUrl\":\"https:\/\/www.gaveanews.com\/wp-content\/uploads\/2019\/03\/Taca-da-Copa-Libertadores-da-America.webp\",\"caption\":\"Ta\u00e7a da Copa Libertadores da Am\u00e9rica (Foto: Divulga\u00e7\u00e3o\/Conmebol)\"},{\"@type\":\"BreadcrumbList\",\"@id\":\"https:\/\/www.gaveanews.com\/index.php\/2019\/11\/19\/apos-polemica-conmebol-promove-alteracao-na-arbitragem-da-final-da-copa-libertadores-da-america-entre-flamengo-x-river-plate\/#breadcrumb\",\"itemListElement\":[{\"@type\":\"ListItem\",\"position\":1,\"name\":\"Home\",\"item\":\"https:\/\/www.gaveanews.com\/\"},{\"@type\":\"ListItem\",\"position\":2,\"name\":\"Ap\u00f3s pol\u00eamica, Conmebol promove altera\u00e7\u00e3o na arbitragem da final da Copa Libertadores da Am\u00e9rica entre Flamengo x River Plate\"}]},{\"@type\":\"WebSite\",\"@id\":\"https:\/\/www.gaveanews.com\/#website\",\"url\":\"https:\/\/www.gaveanews.com\/\",\"name\":\"G\u00e1vea News\",\"description\":\"Veja todas as not\u00edcias sobre o Flamengo: Contrata\u00e7\u00f5es, categorias de base, resultados das partidas, tabela de classifica\u00e7\u00e3o, pr\u00f3ximos jogos!\",\"potentialAction\":[{\"@type\":\"SearchAction\",\"target\":{\"@type\":\"EntryPoint\",\"urlTemplate\":\"https:\/\/www.gaveanews.com\/?s={search_term_string}\"},\"query-input\":{\"@type\":\"PropertyValueSpecification\",\"valueRequired\":true,\"valueName\":\"search_term_string\"}}],\"inLanguage\":\"pt-BR\"},{\"@type\":\"Person\",\"@id\":\"https:\/\/www.gaveanews.com\/#\/schema\/person\/2ec14f73fb96be2caf28f91afb14749d\",\"name\":\"Equipe G\u00e1vea News\",\"image\":{\"@type\":\"ImageObject\",\"inLanguage\":\"pt-BR\",\"@id\":\"https:\/\/www.gaveanews.com\/#\/schema\/person\/image\/\",\"url\":\"https:\/\/secure.gravatar.com\/avatar\/1e1956f1facbffd3f8fa53a326721950116b3b9dc9bd44939c01180fd4a745a9?s=96&d=mm&r=g\",\"contentUrl\":\"https:\/\/secure.gravatar.com\/avatar\/1e1956f1facbffd3f8fa53a326721950116b3b9dc9bd44939c01180fd4a745a9?s=96&d=mm&r=g\",\"caption\":\"Equipe G\u00e1vea News\"}}]}<\/script>\n<!-- \/ Yoast SEO Premium plugin. -->","yoast_head_json":{"title":"Ap\u00f3s pol\u00eamica, Conmebol promove altera\u00e7\u00e3o na arbitragem da final da Copa Libertadores da Am\u00e9rica entre Flamengo x River Plate","robots":{"index":"index","follow":"follow","max-snippet":"max-snippet:-1","max-image-preview":"max-image-preview:large","max-video-preview":"max-video-preview:-1"},"canonical":"https:\/\/www.gaveanews.com\/index.php\/2019\/11\/19\/apos-polemica-conmebol-promove-alteracao-na-arbitragem-da-final-da-copa-libertadores-da-america-entre-flamengo-x-river-plate\/","og_locale":"pt_BR","og_type":"article","og_title":"Ap\u00f3s pol\u00eamica, Conmebol promove altera\u00e7\u00e3o na arbitragem da final da Copa Libertadores da Am\u00e9rica entre Flamengo x River Plate","og_description":"Ap\u00f3s elogiar o River Plate em entrevista ao di\u00e1rio argentino &#8220;Ol\u00e9&#8221;, o \u00e1rbitro peruano Diego Haro, que at\u00e9 ent\u00e3o estava escalado para ficar no VAR na decis\u00e3o da Libertadores entre Flamengo e River Plate, foi retirado pela Conmebol e n\u00e3o far\u00e1 mais parte do quadro. A informa\u00e7\u00e3o foi confirmada pela reportagem do O Dia. &#8220;O [&hellip;]","og_url":"https:\/\/www.gaveanews.com\/index.php\/2019\/11\/19\/apos-polemica-conmebol-promove-alteracao-na-arbitragem-da-final-da-copa-libertadores-da-america-entre-flamengo-x-river-plate\/","og_site_name":"G\u00e1vea News","article_publisher":"https:\/\/facebook.com\/gaveaNews\/","article_published_time":"2019-11-20T00:07:51+00:00","og_image":[{"url":"https:\/\/www.gaveanews.com\/wp-content\/uploads\/2019\/03\/Taca-da-Copa-Libertadores-da-America.webp","width":1,"height":1,"type":"image\/jpeg"}],"author":"Equipe G\u00e1vea News","twitter_card":"summary_large_image","twitter_misc":{"Escrito por":"Equipe G\u00e1vea News","Est. tempo de leitura":"1 minuto"},"schema":{"@context":"https:\/\/schema.org","@graph":[{"@type":"NewsArticle","@id":"https:\/\/www.gaveanews.com\/index.php\/2019\/11\/19\/apos-polemica-conmebol-promove-alteracao-na-arbitragem-da-final-da-copa-libertadores-da-america-entre-flamengo-x-river-plate\/#article","isPartOf":{"@id":"https:\/\/www.gaveanews.com\/index.php\/2019\/11\/19\/apos-polemica-conmebol-promove-alteracao-na-arbitragem-da-final-da-copa-libertadores-da-america-entre-flamengo-x-river-plate\/"},"author":{"name":"Equipe G\u00e1vea News","@id":"https:\/\/www.gaveanews.com\/#\/schema\/person\/2ec14f73fb96be2caf28f91afb14749d"},"headline":"Ap\u00f3s pol\u00eamica, Conmebol promove altera\u00e7\u00e3o na arbitragem da final da Copa Libertadores da Am\u00e9rica entre Flamengo x River Plate","datePublished":"2019-11-20T00:07:51+00:00","mainEntityOfPage":{"@id":"https:\/\/www.gaveanews.com\/index.php\/2019\/11\/19\/apos-polemica-conmebol-promove-alteracao-na-arbitragem-da-final-da-copa-libertadores-da-america-entre-flamengo-x-river-plate\/"},"wordCount":176,"commentCount":0,"image":{"@id":"https:\/\/www.gaveanews.com\/index.php\/2019\/11\/19\/apos-polemica-conmebol-promove-alteracao-na-arbitragem-da-final-da-copa-libertadores-da-america-entre-flamengo-x-river-plate\/#primaryimage"},"thumbnailUrl":"https:\/\/www.gaveanews.com\/wp-content\/uploads\/2019\/03\/Taca-da-Copa-Libertadores-da-America.webp","articleSection":["Flamengo"],"inLanguage":"pt-BR","potentialAction":[{"@type":"CommentAction","name":"Comment","target":["https:\/\/www.gaveanews.com\/index.php\/2019\/11\/19\/apos-polemica-conmebol-promove-alteracao-na-arbitragem-da-final-da-copa-libertadores-da-america-entre-flamengo-x-river-plate\/#respond"]}],"copyrightYear":"2019","copyrightHolder":{"@id":"https:\/\/www.gaveanews.com\/#organization"}},{"@type":"WebPage","@id":"https:\/\/www.gaveanews.com\/index.php\/2019\/11\/19\/apos-polemica-conmebol-promove-alteracao-na-arbitragem-da-final-da-copa-libertadores-da-america-entre-flamengo-x-river-plate\/","url":"https:\/\/www.gaveanews.com\/index.php\/2019\/11\/19\/apos-polemica-conmebol-promove-alteracao-na-arbitragem-da-final-da-copa-libertadores-da-america-entre-flamengo-x-river-plate\/","name":"Ap\u00f3s pol\u00eamica, Conmebol promove altera\u00e7\u00e3o na arbitragem da final da Copa Libertadores da Am\u00e9rica entre Flamengo x River Plate","isPartOf":{"@id":"https:\/\/www.gaveanews.com\/#website"},"primaryImageOfPage":{"@id":"https:\/\/www.gaveanews.com\/index.php\/2019\/11\/19\/apos-polemica-conmebol-promove-alteracao-na-arbitragem-da-final-da-copa-libertadores-da-america-entre-flamengo-x-river-plate\/#primaryimage"},"image":{"@id":"https:\/\/www.gaveanews.com\/index.php\/2019\/11\/19\/apos-polemica-conmebol-promove-alteracao-na-arbitragem-da-final-da-copa-libertadores-da-america-entre-flamengo-x-river-plate\/#primaryimage"},"thumbnailUrl":"https:\/\/www.gaveanews.com\/wp-content\/uploads\/2019\/03\/Taca-da-Copa-Libertadores-da-America.webp","datePublished":"2019-11-20T00:07:51+00:00","author":{"@id":"https:\/\/www.gaveanews.com\/#\/schema\/person\/2ec14f73fb96be2caf28f91afb14749d"},"breadcrumb":{"@id":"https:\/\/www.gaveanews.com\/index.php\/2019\/11\/19\/apos-polemica-conmebol-promove-alteracao-na-arbitragem-da-final-da-copa-libertadores-da-america-entre-flamengo-x-river-plate\/#breadcrumb"},"inLanguage":"pt-BR","potentialAction":[{"@type":"ReadAction","target":["https:\/\/www.gaveanews.com\/index.php\/2019\/11\/19\/apos-polemica-conmebol-promove-alteracao-na-arbitragem-da-final-da-copa-libertadores-da-america-entre-flamengo-x-river-plate\/"]}]},{"@type":"ImageObject","inLanguage":"pt-BR","@id":"https:\/\/www.gaveanews.com\/index.php\/2019\/11\/19\/apos-polemica-conmebol-promove-alteracao-na-arbitragem-da-final-da-copa-libertadores-da-america-entre-flamengo-x-river-plate\/#primaryimage","url":"https:\/\/www.gaveanews.com\/wp-content\/uploads\/2019\/03\/Taca-da-Copa-Libertadores-da-America.webp","contentUrl":"https:\/\/www.gaveanews.com\/wp-content\/uploads\/2019\/03\/Taca-da-Copa-Libertadores-da-America.webp","caption":"Ta\u00e7a da Copa Libertadores da Am\u00e9rica (Foto: Divulga\u00e7\u00e3o\/Conmebol)"},{"@type":"BreadcrumbList","@id":"https:\/\/www.gaveanews.com\/index.php\/2019\/11\/19\/apos-polemica-conmebol-promove-alteracao-na-arbitragem-da-final-da-copa-libertadores-da-america-entre-flamengo-x-river-plate\/#breadcrumb","itemListElement":[{"@type":"ListItem","position":1,"name":"Home","item":"https:\/\/www.gaveanews.com\/"},{"@type":"ListItem","position":2,"name":"Ap\u00f3s pol\u00eamica, Conmebol promove altera\u00e7\u00e3o na arbitragem da final da Copa Libertadores da Am\u00e9rica entre Flamengo x River Plate"}]},{"@type":"WebSite","@id":"https:\/\/www.gaveanews.com\/#website","url":"https:\/\/www.gaveanews.com\/","name":"G\u00e1vea News","description":"Veja todas as not\u00edcias sobre o Flamengo: Contrata\u00e7\u00f5es, categorias de base, resultados das partidas, tabela de classifica\u00e7\u00e3o, pr\u00f3ximos jogos!","potentialAction":[{"@type":"SearchAction","target":{"@type":"EntryPoint","urlTemplate":"https:\/\/www.gaveanews.com\/?s={search_term_string}"},"query-input":{"@type":"PropertyValueSpecification","valueRequired":true,"valueName":"search_term_string"}}],"inLanguage":"pt-BR"},{"@type":"Person","@id":"https:\/\/www.gaveanews.com\/#\/schema\/person\/2ec14f73fb96be2caf28f91afb14749d","name":"Equipe G\u00e1vea News","image":{"@type":"ImageObject","inLanguage":"pt-BR","@id":"https:\/\/www.gaveanews.com\/#\/schema\/person\/image\/","url":"https:\/\/secure.gravatar.com\/avatar\/1e1956f1facbffd3f8fa53a326721950116b3b9dc9bd44939c01180fd4a745a9?s=96&d=mm&r=g","contentUrl":"https:\/\/secure.gravatar.com\/avatar\/1e1956f1facbffd3f8fa53a326721950116b3b9dc9bd44939c01180fd4a745a9?s=96&d=mm&r=g","caption":"Equipe G\u00e1vea News"}}]}},"_links":{"self":[{"href":"https:\/\/www.gaveanews.com\/index.php\/wp-json\/wp\/v2\/posts\/32079","targetHints":{"allow":["GET"]}}],"collection":[{"href":"https:\/\/www.gaveanews.com\/index.php\/wp-json\/wp\/v2\/posts"}],"about":[{"href":"https:\/\/www.gaveanews.com\/index.php\/wp-json\/wp\/v2\/types\/post"}],"author":[{"embeddable":true,"href":"https:\/\/www.gaveanews.com\/index.php\/wp-json\/wp\/v2\/users\/1"}],"replies":[{"embeddable":true,"href":"https:\/\/www.gaveanews.com\/index.php\/wp-json\/wp\/v2\/comments?post=32079"}],"version-history":[{"count":0,"href":"https:\/\/www.gaveanews.com\/index.php\/wp-json\/wp\/v2\/posts\/32079\/revisions"}],"wp:featuredmedia":[{"embeddable":true,"href":"https:\/\/www.gaveanews.com\/index.php\/wp-json\/wp\/v2\/media\/14851"}],"wp:attachment":[{"href":"https:\/\/www.gaveanews.com\/index.php\/wp-json\/wp\/v2\/media?parent=32079"}],"wp:term":[{"taxonomy":"category","embeddable":true,"href":"https:\/\/www.gaveanews.com\/index.php\/wp-json\/wp\/v2\/categories?post=32079"},{"taxonomy":"post_tag","embeddable":true,"href":"https:\/\/www.gaveanews.com\/index.php\/wp-json\/wp\/v2\/tags?post=32079"}],"curies":[{"name":"wp","href":"https:\/\/api.w.org\/{rel}","templated":true}]}}