{"id":32086,"date":"2019-11-20T02:05:25","date_gmt":"2019-11-20T05:05:25","guid":{"rendered":"http:\/\/www.gaveanews.com\/?p=32086"},"modified":"2019-11-20T02:05:27","modified_gmt":"2019-11-20T05:05:27","slug":"estadio-da-final-da-copa-libertadores-ainda-esta-sendo-reformado-veja-fotos-atualizadas-do-local","status":"publish","type":"post","link":"https:\/\/www.gaveanews.com\/index.php\/2019\/11\/20\/estadio-da-final-da-copa-libertadores-ainda-esta-sendo-reformado-veja-fotos-atualizadas-do-local\/","title":{"rendered":"Est\u00e1dio da final da Copa Libertadores ainda est\u00e1 sendo reformado; veja fotos atualizadas do local"},"content":{"rendered":"\n<p>A poucos dias da decis\u00e3o da Copa Libertadores, o Est\u00e1dio Monumental passa por uma s\u00e9rie de ajustes e instala\u00e7\u00f5es para estar em condi\u00e7\u00f5es de receber Flamengo e River Plate e os mais de 60 mil torcedores que s\u00e3o aguardados. <\/p>\n\n\n\n<p>O site &#8216;<em>Lance<\/em>&#8216; visitou o palco da decis\u00e3o e p\u00f4de ouvir de funcion\u00e1rios o que \u00e9 f\u00e1cil de se ver: <strong>ainda h\u00e1 muito a ser feito at\u00e9 o pr\u00f3ximo s\u00e1bado<\/strong>, dia 23 de novembro.<\/p>\n\n\n\n<p>Por conta disso, a Conmebol vetou qualquer tipo de visita e registro por parte da imprensa at\u00e9 a decis\u00e3o. Por\u00e9m, o <em>Lance<\/em> teve acesso \u00e0 imagens do interior do Monumental (veja na galeria abaixo), onde os trabalhos acontecem dia e noite.<\/p>\n\n\n\n<p>\u2014 H\u00e1 muito a ser feito, por isso estamos trabalhando dia e noite. Temos ter\u00e7a, quarta, quinta e sexta para deixar tudo pronto. Em 15 dias, precisamos fazer o que n\u00e3o foi feito em um ano em Santiago &#8211; disse um funcion\u00e1rio do est\u00e1dio a equipe de reportagem do Lance, referindo-se \u00e0 prepara\u00e7\u00e3o da Conmebol para a final enquanto seria no Chile.<\/p>\n\n\n\n<p>Os ajustes no gramado e a limpeza das milhares de assentos dos Setores Oriente e Ocidente &#8211; como pode se ver nas fotos &#8211; n\u00e3o \u00e9 motivo para preocupa\u00e7\u00e3o. Os ajustes e as instala\u00e7\u00f5es das estruturas para organizar e receber torcedores e profissionais, contudo, liga o sinal de alerta. Todo o est\u00e1dio, por exemplo, ainda precisa ser envelopado e receber a roupagem de palco da decis\u00e3o da Libertadores. Nesta ter\u00e7a, apenas dois banners, na parte central do est\u00e1dio, sinalizavam que o evento aconteceria l\u00e1 no pr\u00f3ximo s\u00e1bado.<\/p>\n\n\n\n<figure class=\"wp-block-image size-large\"><img decoding=\"async\" src=\"https:\/\/1.bp.blogspot.com\/-J44nTAJ8ByM\/XdTFKoHmJVI\/AAAAAAAAcB8\/Le9wLq4UP605YBAweFM6yOaeKLTwCGmcwCLcBGAsYHQ\/s1600\/14.webp\" alt=\"\"\/><figcaption>Monumental ainda receber\u00e1 a roupagem da Libertadores (Foto: Matheus Dantas\/LancePress!)<\/figcaption><\/figure>\n\n\n\n<p class=\"has-text-align-center\"><strong>(utilize os bot\u00f5es abaixo para visualizar todas as fotos)<\/strong><\/p>\n\n\n\n<!--nextpage-->\n\n\n\n<figure class=\"wp-block-image size-large\"><img decoding=\"async\" src=\"https:\/\/1.bp.blogspot.com\/-jy03hFSqDuE\/XdTFFGwVY0I\/AAAAAAAAcBI\/_sxc-bCiAxIB2o4-J89Tgm--nqjUpotbACLcBGAsYHQ\/s1600\/03.webp\" alt=\"\"\/><figcaption>Funcion\u00e1rios cuidam da parte el\u00e9trica do est\u00e1dio (Foto: Matheus Dantas\/Lancepress!)<\/figcaption><\/figure>\n\n\n\n<p class=\"has-text-align-center\"><strong>(utilize os bot\u00f5es abaixo para visualizar todas as fotos)<\/strong><\/p>\n\n\n\n<!--nextpage-->\n\n\n\n<figure class=\"wp-block-image size-large\"><img decoding=\"async\" src=\"https:\/\/1.bp.blogspot.com\/-r16n8-JHq94\/XdTFGtvSgXI\/AAAAAAAAcBY\/mbwgdgiOwD0bsJW3W5-BcsX19L8KqpqgwCLcBGAsYHQ\/s1600\/05.webp\" alt=\"\"\/><figcaption>Ao redor do est\u00e1dio \u00e9 poss\u00edvel notar muita sujeira (Foto: Matheus Dantas\/Lancepress!)<\/figcaption><\/figure>\n\n\n\n<p class=\"has-text-align-center\"><strong>(utilize os bot\u00f5es abaixo para visualizar todas as fotos)<\/strong><\/p>\n\n\n\n<!--nextpage-->\n\n\n\n<figure class=\"wp-block-image size-large\"><img decoding=\"async\" src=\"https:\/\/1.bp.blogspot.com\/-NOMPRwcOvms\/XdTFHyjIjPI\/AAAAAAAAcBg\/BmL-DdNnYfIuWT1jMc3YLwNwBSrsFmrhgCLcBGAsYHQ\/s1600\/07.webp\" alt=\"\"\/><figcaption>Primeiros materiais para a personaliza\u00e7\u00e3o do local chegaram nesta ter\u00e7a-feira (Foto: Matheus Dantas\/Lancepress!)<\/figcaption><\/figure>\n\n\n\n<p class=\"has-text-align-center\"><strong>(utilize os bot\u00f5es abaixo para visualizar todas as fotos)<\/strong><\/p>\n\n\n\n<!--nextpage-->\n\n\n\n<figure class=\"wp-block-image size-large\"><img decoding=\"async\" src=\"https:\/\/1.bp.blogspot.com\/-ZlXM_Uqjwh4\/XdTFH32K_5I\/AAAAAAAAcBk\/XslWrtKjmZApP0ozLFv97lKBQ2NNAhSpwCLcBGAsYHQ\/s1600\/08.webp\" alt=\"\"\/><figcaption>Uma das entradas do est\u00e1dio (Foto: Matheus Dantas\/Lancepress!)<\/figcaption><\/figure>\n\n\n\n<p class=\"has-text-align-center\"><strong>(utilize os bot\u00f5es abaixo para visualizar todas as fotos)<\/strong><\/p>\n\n\n\n<!--nextpage-->\n\n\n\n<figure class=\"wp-block-image size-large\"><img decoding=\"async\" src=\"https:\/\/1.bp.blogspot.com\/-jSmlN7drHoU\/XdTFFGE3NaI\/AAAAAAAAcBM\/kS9etNrdjTUgqToUe1jHpJRN3oYM1eYpACLcBGAsYHQ\/s1600\/01.webp\" alt=\"\"\/><figcaption> Vista panor\u00e2mica do est\u00e1dio (Foto: Matheus Dantas\/Lancepress!) <\/figcaption><\/figure>\n\n\n\n<p class=\"has-text-align-center\"> <strong>(utilize os bot\u00f5es abaixo para visualizar todas as fotos)<\/strong> <\/p>\n\n\n\n<!--nextpage-->\n\n\n\n<figure class=\"wp-block-image size-large\"><img decoding=\"async\" src=\"https:\/\/1.bp.blogspot.com\/-3c93QHA4wJc\/XdTFJP7Eu_I\/AAAAAAAAcBs\/MXeHbke1bXY-553hUv1iX_qrlhESQyimACLcBGAsYHQ\/s1600\/10.webp\" alt=\"\"\/><figcaption>  Gramado e \u00e1reas t\u00e9cnicas recebem aten\u00e7\u00e3o especial (Foto: Matheus Dantas\/Lancepress!)  <\/figcaption><\/figure>\n\n\n\n<p class=\"has-text-align-center\"><strong>(utilize os bot\u00f5es abaixo para visualizar todas as fotos)<\/strong><\/p>\n\n\n\n<!--nextpage-->\n\n\n\n<div class=\"wp-block-image\"><figure class=\"aligncenter size-large\"><img decoding=\"async\" src=\"https:\/\/1.bp.blogspot.com\/-b4lL68J20YU\/XdTFFBrxHOI\/AAAAAAAAcBQ\/BRTgR6U2Bxgg4SmmVkPhL_Ko5bUBGd0YACLcBGAsYHQ\/s1600\/02.webp\" alt=\"\"\/><figcaption>   Funcion\u00e1rios trabalham para limpar as arquibancadas (Foto: Matheus Dantas\/Lancepress!)   <\/figcaption><\/figure><\/div>\n\n\n\n<p class=\"has-text-align-center\"><strong>(utilize os bot\u00f5es abaixo para visualizar todas as fotos)<\/strong><\/p>\n\n\n\n<!--nextpage-->\n\n\n\n<figure class=\"wp-block-image size-large\"><img decoding=\"async\" src=\"https:\/\/1.bp.blogspot.com\/-9hTuxxdhcOM\/XdTFJpylszI\/AAAAAAAAcBw\/z-3HXPdG0_AUM1nCZ-4IWXQqmvpeFd_7wCLcBGAsYHQ\/s1600\/11.webp\" alt=\"\"\/><figcaption>O est\u00e1dio Monumental fica aos p\u00e9s do Cerro Puruchuco (Foto: Matheus Dantas\/Lancepress!) <\/figcaption><\/figure>\n\n\n\n<p class=\"has-text-align-center\"> <strong>(utilize os bot\u00f5es abaixo para visualizar todas as fotos)<\/strong> <\/p>\n\n\n\n<!--nextpage-->\n\n\n\n<figure class=\"wp-block-image size-large\"><img decoding=\"async\" src=\"https:\/\/1.bp.blogspot.com\/-TsRyYCGy1Bo\/XdTFGJRgQBI\/AAAAAAAAcBU\/rILyZDGFHZoDLSKIl1lUkXJ8LLB4Aq1pQCLcBGAsYHQ\/s1600\/04.webp\" alt=\"\"\/><figcaption>M\u00e1quinas circulam intensamente nos arredores do est\u00e1dio (Foto: Matheus Dantas\/Lancepress!) <\/figcaption><\/figure>\n\n\n\n<p class=\"has-text-align-center\"> <strong>(utilize os bot\u00f5es abaixo para visualizar todas as fotos)<\/strong> <\/p>\n\n\n\n<!--nextpage-->\n\n\n\n<figure class=\"wp-block-image size-large\"><img decoding=\"async\" src=\"https:\/\/1.bp.blogspot.com\/-d_C9U6fPlHw\/XdTFHAi6KzI\/AAAAAAAAcBc\/L5Yuh-2GHaorVu_cgLbYIF2ZhVeJCR7dwCLcBGAsYHQ\/s1600\/06.webp\" alt=\"\"\/><figcaption>Para facilitar os trabalhos uma rua foi fechada pelas autoridades locais (Foto: Matheus Dantas\/Lancepress!) <\/figcaption><\/figure>\n\n\n\n<p class=\"has-text-align-center\"><strong>(utilize os bot\u00f5es abaixo para visualizar todas as fotos) <\/strong><\/p>\n\n\n\n<!--nextpage-->\n\n\n\n<figure class=\"wp-block-image size-large\"><img decoding=\"async\" src=\"https:\/\/1.bp.blogspot.com\/-lEGfn1Xz9CQ\/XdTFKTF2UtI\/AAAAAAAAcB4\/tMOIIQad1DQ-S7YhIsjPKGq28nhZejpIgCLcBGAsYHQ\/s1600\/13.webp\" alt=\"\"\/><figcaption>Uma das bilheterias do est\u00e1dio (Foto: Matheus Dantas\/Lancepress!) <\/figcaption><\/figure>\n\n\n\n<p class=\"has-text-align-center\"> <strong>(utilize os bot\u00f5es abaixo para visualizar todas as fotos) <\/strong> <\/p>\n\n\n\n<!--nextpage-->\n\n\n\n<figure class=\"wp-block-image size-large\"><img decoding=\"async\" src=\"https:\/\/1.bp.blogspot.com\/--NkKA5H84S0\/XdTFKF28U_I\/AAAAAAAAcB0\/5CJJoGvG2i4QVCuWIRqcRBO3MdhuxiSlwCLcBGAsYHQ\/s1600\/12.webp\" alt=\"\"\/><figcaption> Capacidade m\u00e1xima do est\u00e1dio \u00e9 de 60 mil torcedores (Foto: Matheus Dantas\/Lancepress!)  <\/figcaption><\/figure>\n\n\n\n<p class=\"has-text-align-center\"> <strong>(utilize os bot\u00f5es abaixo para visualizar todas as fotos) <\/strong> <\/p>\n\n\n\n<!--nextpage-->\n\n\n\n<figure class=\"wp-block-image size-large\"><img decoding=\"async\" src=\"https:\/\/1.bp.blogspot.com\/-XA_I6Gozv3Y\/XdTFIrF1adI\/AAAAAAAAcBo\/OOAjXk4NFlsf-eKp9Z2bCjywG32RuFGWACLcBGAsYHQ\/s1600\/09.webp\" alt=\"\"\/><figcaption>  Entrada para o estacionamento do est\u00e1dio (Foto: Matheus Dantas\/Lancepress!)   <\/figcaption><\/figure>\n\n\n\n<p><\/p>\n","protected":false},"excerpt":{"rendered":"<p>A poucos dias da decis\u00e3o da Copa Libertadores, o Est\u00e1dio Monumental passa por uma s\u00e9rie de ajustes e instala\u00e7\u00f5es para estar em condi\u00e7\u00f5es de receber Flamengo e River Plate e os mais de 60 mil torcedores que s\u00e3o aguardados. O site &#8216;Lance&#8216; visitou o palco da decis\u00e3o e p\u00f4de ouvir de funcion\u00e1rios o que \u00e9 [&hellip;]<\/p>\n","protected":false},"author":1,"featured_media":14851,"comment_status":"open","ping_status":"open","sticky":false,"template":"","format":"standard","meta":{"footnotes":""},"categories":[1],"tags":[],"class_list":["post-32086","post","type-post","status-publish","format-standard","has-post-thumbnail","hentry","category-flamengo"],"yoast_head":"<!-- This site is optimized with the Yoast SEO Premium plugin v24.2 (Yoast SEO v26.9) - https:\/\/yoast.com\/product\/yoast-seo-premium-wordpress\/ -->\n<title>Est\u00e1dio da final da Copa Libertadores ainda est\u00e1 sendo reformado; veja fotos atualizadas do local<\/title>\n<meta name=\"robots\" content=\"index, follow, max-snippet:-1, max-image-preview:large, max-video-preview:-1\" \/>\n<link rel=\"canonical\" href=\"https:\/\/www.gaveanews.com\/index.php\/2019\/11\/20\/estadio-da-final-da-copa-libertadores-ainda-esta-sendo-reformado-veja-fotos-atualizadas-do-local\/\" \/>\n<link rel=\"next\" href=\"https:\/\/www.gaveanews.com\/index.php\/2019\/11\/20\/estadio-da-final-da-copa-libertadores-ainda-esta-sendo-reformado-veja-fotos-atualizadas-do-local\/2\/\" \/>\n<meta property=\"og:locale\" content=\"pt_BR\" \/>\n<meta property=\"og:type\" content=\"article\" \/>\n<meta property=\"og:title\" content=\"Est\u00e1dio da final da Copa Libertadores ainda est\u00e1 sendo reformado; veja fotos atualizadas do local\" \/>\n<meta property=\"og:description\" content=\"A poucos dias da decis\u00e3o da Copa Libertadores, o Est\u00e1dio Monumental passa por uma s\u00e9rie de ajustes e instala\u00e7\u00f5es para estar em condi\u00e7\u00f5es de receber Flamengo e River Plate e os mais de 60 mil torcedores que s\u00e3o aguardados. O site &#8216;Lance&#8216; visitou o palco da decis\u00e3o e p\u00f4de ouvir de funcion\u00e1rios o que \u00e9 [&hellip;]\" \/>\n<meta property=\"og:url\" content=\"https:\/\/www.gaveanews.com\/index.php\/2019\/11\/20\/estadio-da-final-da-copa-libertadores-ainda-esta-sendo-reformado-veja-fotos-atualizadas-do-local\/\" \/>\n<meta property=\"og:site_name\" content=\"G\u00e1vea News\" \/>\n<meta property=\"article:publisher\" content=\"https:\/\/facebook.com\/gaveaNews\/\" \/>\n<meta property=\"article:published_time\" content=\"2019-11-20T05:05:25+00:00\" \/>\n<meta property=\"article:modified_time\" content=\"2019-11-20T05:05:27+00:00\" \/>\n<meta property=\"og:image\" content=\"https:\/\/www.gaveanews.com\/wp-content\/uploads\/2019\/03\/Taca-da-Copa-Libertadores-da-America.webp\" \/>\n\t<meta property=\"og:image:width\" content=\"1\" \/>\n\t<meta property=\"og:image:height\" content=\"1\" \/>\n\t<meta property=\"og:image:type\" content=\"image\/jpeg\" \/>\n<meta name=\"author\" content=\"Equipe G\u00e1vea News\" \/>\n<meta name=\"twitter:card\" content=\"summary_large_image\" \/>\n<meta name=\"twitter:label1\" content=\"Escrito por\" \/>\n\t<meta name=\"twitter:data1\" content=\"Equipe G\u00e1vea News\" \/>\n\t<meta name=\"twitter:label2\" content=\"Est. tempo de leitura\" \/>\n\t<meta name=\"twitter:data2\" content=\"3 minutos\" \/>\n<script type=\"application\/ld+json\" class=\"yoast-schema-graph\">{\"@context\":\"https:\/\/schema.org\",\"@graph\":[{\"@type\":\"NewsArticle\",\"@id\":\"https:\/\/www.gaveanews.com\/index.php\/2019\/11\/20\/estadio-da-final-da-copa-libertadores-ainda-esta-sendo-reformado-veja-fotos-atualizadas-do-local\/#article\",\"isPartOf\":{\"@id\":\"https:\/\/www.gaveanews.com\/index.php\/2019\/11\/20\/estadio-da-final-da-copa-libertadores-ainda-esta-sendo-reformado-veja-fotos-atualizadas-do-local\/\"},\"author\":{\"name\":\"Equipe G\u00e1vea News\",\"@id\":\"https:\/\/www.gaveanews.com\/#\/schema\/person\/2ec14f73fb96be2caf28f91afb14749d\"},\"headline\":\"Est\u00e1dio da final da Copa Libertadores ainda est\u00e1 sendo reformado; veja fotos atualizadas do local\",\"datePublished\":\"2019-11-20T05:05:25+00:00\",\"dateModified\":\"2019-11-20T05:05:27+00:00\",\"mainEntityOfPage\":{\"@id\":\"https:\/\/www.gaveanews.com\/index.php\/2019\/11\/20\/estadio-da-final-da-copa-libertadores-ainda-esta-sendo-reformado-veja-fotos-atualizadas-do-local\/\"},\"wordCount\":605,\"commentCount\":0,\"image\":{\"@id\":\"https:\/\/www.gaveanews.com\/index.php\/2019\/11\/20\/estadio-da-final-da-copa-libertadores-ainda-esta-sendo-reformado-veja-fotos-atualizadas-do-local\/#primaryimage\"},\"thumbnailUrl\":\"https:\/\/www.gaveanews.com\/wp-content\/uploads\/2019\/03\/Taca-da-Copa-Libertadores-da-America.webp\",\"articleSection\":[\"Flamengo\"],\"inLanguage\":\"pt-BR\",\"potentialAction\":[{\"@type\":\"CommentAction\",\"name\":\"Comment\",\"target\":[\"https:\/\/www.gaveanews.com\/index.php\/2019\/11\/20\/estadio-da-final-da-copa-libertadores-ainda-esta-sendo-reformado-veja-fotos-atualizadas-do-local\/#respond\"]}],\"copyrightYear\":\"2019\",\"copyrightHolder\":{\"@id\":\"https:\/\/www.gaveanews.com\/#organization\"}},{\"@type\":\"WebPage\",\"@id\":\"https:\/\/www.gaveanews.com\/index.php\/2019\/11\/20\/estadio-da-final-da-copa-libertadores-ainda-esta-sendo-reformado-veja-fotos-atualizadas-do-local\/\",\"url\":\"https:\/\/www.gaveanews.com\/index.php\/2019\/11\/20\/estadio-da-final-da-copa-libertadores-ainda-esta-sendo-reformado-veja-fotos-atualizadas-do-local\/\",\"name\":\"Est\u00e1dio da final da Copa Libertadores ainda est\u00e1 sendo reformado; veja fotos atualizadas do local\",\"isPartOf\":{\"@id\":\"https:\/\/www.gaveanews.com\/#website\"},\"primaryImageOfPage\":{\"@id\":\"https:\/\/www.gaveanews.com\/index.php\/2019\/11\/20\/estadio-da-final-da-copa-libertadores-ainda-esta-sendo-reformado-veja-fotos-atualizadas-do-local\/#primaryimage\"},\"image\":{\"@id\":\"https:\/\/www.gaveanews.com\/index.php\/2019\/11\/20\/estadio-da-final-da-copa-libertadores-ainda-esta-sendo-reformado-veja-fotos-atualizadas-do-local\/#primaryimage\"},\"thumbnailUrl\":\"https:\/\/www.gaveanews.com\/wp-content\/uploads\/2019\/03\/Taca-da-Copa-Libertadores-da-America.webp\",\"datePublished\":\"2019-11-20T05:05:25+00:00\",\"dateModified\":\"2019-11-20T05:05:27+00:00\",\"author\":{\"@id\":\"https:\/\/www.gaveanews.com\/#\/schema\/person\/2ec14f73fb96be2caf28f91afb14749d\"},\"inLanguage\":\"pt-BR\",\"potentialAction\":[{\"@type\":\"ReadAction\",\"target\":[\"https:\/\/www.gaveanews.com\/index.php\/2019\/11\/20\/estadio-da-final-da-copa-libertadores-ainda-esta-sendo-reformado-veja-fotos-atualizadas-do-local\/\"]}]},{\"@type\":\"ImageObject\",\"inLanguage\":\"pt-BR\",\"@id\":\"https:\/\/www.gaveanews.com\/index.php\/2019\/11\/20\/estadio-da-final-da-copa-libertadores-ainda-esta-sendo-reformado-veja-fotos-atualizadas-do-local\/#primaryimage\",\"url\":\"https:\/\/www.gaveanews.com\/wp-content\/uploads\/2019\/03\/Taca-da-Copa-Libertadores-da-America.webp\",\"contentUrl\":\"https:\/\/www.gaveanews.com\/wp-content\/uploads\/2019\/03\/Taca-da-Copa-Libertadores-da-America.webp\",\"caption\":\"Ta\u00e7a da Copa Libertadores da Am\u00e9rica (Foto: Divulga\u00e7\u00e3o\/Conmebol)\"},{\"@type\":\"WebSite\",\"@id\":\"https:\/\/www.gaveanews.com\/#website\",\"url\":\"https:\/\/www.gaveanews.com\/\",\"name\":\"G\u00e1vea News\",\"description\":\"Veja todas as not\u00edcias sobre o Flamengo: Contrata\u00e7\u00f5es, categorias de base, resultados das partidas, tabela de classifica\u00e7\u00e3o, pr\u00f3ximos jogos!\",\"potentialAction\":[{\"@type\":\"SearchAction\",\"target\":{\"@type\":\"EntryPoint\",\"urlTemplate\":\"https:\/\/www.gaveanews.com\/?s={search_term_string}\"},\"query-input\":{\"@type\":\"PropertyValueSpecification\",\"valueRequired\":true,\"valueName\":\"search_term_string\"}}],\"inLanguage\":\"pt-BR\"},{\"@type\":\"Person\",\"@id\":\"https:\/\/www.gaveanews.com\/#\/schema\/person\/2ec14f73fb96be2caf28f91afb14749d\",\"name\":\"Equipe G\u00e1vea News\",\"image\":{\"@type\":\"ImageObject\",\"inLanguage\":\"pt-BR\",\"@id\":\"https:\/\/www.gaveanews.com\/#\/schema\/person\/image\/\",\"url\":\"https:\/\/secure.gravatar.com\/avatar\/1e1956f1facbffd3f8fa53a326721950116b3b9dc9bd44939c01180fd4a745a9?s=96&d=mm&r=g\",\"contentUrl\":\"https:\/\/secure.gravatar.com\/avatar\/1e1956f1facbffd3f8fa53a326721950116b3b9dc9bd44939c01180fd4a745a9?s=96&d=mm&r=g\",\"caption\":\"Equipe G\u00e1vea News\"}}]}<\/script>\n<!-- \/ Yoast SEO Premium plugin. -->","yoast_head_json":{"title":"Est\u00e1dio da final da Copa Libertadores ainda est\u00e1 sendo reformado; veja fotos atualizadas do local","robots":{"index":"index","follow":"follow","max-snippet":"max-snippet:-1","max-image-preview":"max-image-preview:large","max-video-preview":"max-video-preview:-1"},"canonical":"https:\/\/www.gaveanews.com\/index.php\/2019\/11\/20\/estadio-da-final-da-copa-libertadores-ainda-esta-sendo-reformado-veja-fotos-atualizadas-do-local\/","next":"https:\/\/www.gaveanews.com\/index.php\/2019\/11\/20\/estadio-da-final-da-copa-libertadores-ainda-esta-sendo-reformado-veja-fotos-atualizadas-do-local\/2\/","og_locale":"pt_BR","og_type":"article","og_title":"Est\u00e1dio da final da Copa Libertadores ainda est\u00e1 sendo reformado; veja fotos atualizadas do local","og_description":"A poucos dias da decis\u00e3o da Copa Libertadores, o Est\u00e1dio Monumental passa por uma s\u00e9rie de ajustes e instala\u00e7\u00f5es para estar em condi\u00e7\u00f5es de receber Flamengo e River Plate e os mais de 60 mil torcedores que s\u00e3o aguardados. O site &#8216;Lance&#8216; visitou o palco da decis\u00e3o e p\u00f4de ouvir de funcion\u00e1rios o que \u00e9 [&hellip;]","og_url":"https:\/\/www.gaveanews.com\/index.php\/2019\/11\/20\/estadio-da-final-da-copa-libertadores-ainda-esta-sendo-reformado-veja-fotos-atualizadas-do-local\/","og_site_name":"G\u00e1vea News","article_publisher":"https:\/\/facebook.com\/gaveaNews\/","article_published_time":"2019-11-20T05:05:25+00:00","article_modified_time":"2019-11-20T05:05:27+00:00","og_image":[{"url":"https:\/\/www.gaveanews.com\/wp-content\/uploads\/2019\/03\/Taca-da-Copa-Libertadores-da-America.webp","width":1,"height":1,"type":"image\/jpeg"}],"author":"Equipe G\u00e1vea News","twitter_card":"summary_large_image","twitter_misc":{"Escrito por":"Equipe G\u00e1vea News","Est. tempo de leitura":"3 minutos"},"schema":{"@context":"https:\/\/schema.org","@graph":[{"@type":"NewsArticle","@id":"https:\/\/www.gaveanews.com\/index.php\/2019\/11\/20\/estadio-da-final-da-copa-libertadores-ainda-esta-sendo-reformado-veja-fotos-atualizadas-do-local\/#article","isPartOf":{"@id":"https:\/\/www.gaveanews.com\/index.php\/2019\/11\/20\/estadio-da-final-da-copa-libertadores-ainda-esta-sendo-reformado-veja-fotos-atualizadas-do-local\/"},"author":{"name":"Equipe G\u00e1vea News","@id":"https:\/\/www.gaveanews.com\/#\/schema\/person\/2ec14f73fb96be2caf28f91afb14749d"},"headline":"Est\u00e1dio da final da Copa Libertadores ainda est\u00e1 sendo reformado; veja fotos atualizadas do local","datePublished":"2019-11-20T05:05:25+00:00","dateModified":"2019-11-20T05:05:27+00:00","mainEntityOfPage":{"@id":"https:\/\/www.gaveanews.com\/index.php\/2019\/11\/20\/estadio-da-final-da-copa-libertadores-ainda-esta-sendo-reformado-veja-fotos-atualizadas-do-local\/"},"wordCount":605,"commentCount":0,"image":{"@id":"https:\/\/www.gaveanews.com\/index.php\/2019\/11\/20\/estadio-da-final-da-copa-libertadores-ainda-esta-sendo-reformado-veja-fotos-atualizadas-do-local\/#primaryimage"},"thumbnailUrl":"https:\/\/www.gaveanews.com\/wp-content\/uploads\/2019\/03\/Taca-da-Copa-Libertadores-da-America.webp","articleSection":["Flamengo"],"inLanguage":"pt-BR","potentialAction":[{"@type":"CommentAction","name":"Comment","target":["https:\/\/www.gaveanews.com\/index.php\/2019\/11\/20\/estadio-da-final-da-copa-libertadores-ainda-esta-sendo-reformado-veja-fotos-atualizadas-do-local\/#respond"]}],"copyrightYear":"2019","copyrightHolder":{"@id":"https:\/\/www.gaveanews.com\/#organization"}},{"@type":"WebPage","@id":"https:\/\/www.gaveanews.com\/index.php\/2019\/11\/20\/estadio-da-final-da-copa-libertadores-ainda-esta-sendo-reformado-veja-fotos-atualizadas-do-local\/","url":"https:\/\/www.gaveanews.com\/index.php\/2019\/11\/20\/estadio-da-final-da-copa-libertadores-ainda-esta-sendo-reformado-veja-fotos-atualizadas-do-local\/","name":"Est\u00e1dio da final da Copa Libertadores ainda est\u00e1 sendo reformado; veja fotos atualizadas do local","isPartOf":{"@id":"https:\/\/www.gaveanews.com\/#website"},"primaryImageOfPage":{"@id":"https:\/\/www.gaveanews.com\/index.php\/2019\/11\/20\/estadio-da-final-da-copa-libertadores-ainda-esta-sendo-reformado-veja-fotos-atualizadas-do-local\/#primaryimage"},"image":{"@id":"https:\/\/www.gaveanews.com\/index.php\/2019\/11\/20\/estadio-da-final-da-copa-libertadores-ainda-esta-sendo-reformado-veja-fotos-atualizadas-do-local\/#primaryimage"},"thumbnailUrl":"https:\/\/www.gaveanews.com\/wp-content\/uploads\/2019\/03\/Taca-da-Copa-Libertadores-da-America.webp","datePublished":"2019-11-20T05:05:25+00:00","dateModified":"2019-11-20T05:05:27+00:00","author":{"@id":"https:\/\/www.gaveanews.com\/#\/schema\/person\/2ec14f73fb96be2caf28f91afb14749d"},"inLanguage":"pt-BR","potentialAction":[{"@type":"ReadAction","target":["https:\/\/www.gaveanews.com\/index.php\/2019\/11\/20\/estadio-da-final-da-copa-libertadores-ainda-esta-sendo-reformado-veja-fotos-atualizadas-do-local\/"]}]},{"@type":"ImageObject","inLanguage":"pt-BR","@id":"https:\/\/www.gaveanews.com\/index.php\/2019\/11\/20\/estadio-da-final-da-copa-libertadores-ainda-esta-sendo-reformado-veja-fotos-atualizadas-do-local\/#primaryimage","url":"https:\/\/www.gaveanews.com\/wp-content\/uploads\/2019\/03\/Taca-da-Copa-Libertadores-da-America.webp","contentUrl":"https:\/\/www.gaveanews.com\/wp-content\/uploads\/2019\/03\/Taca-da-Copa-Libertadores-da-America.webp","caption":"Ta\u00e7a da Copa Libertadores da Am\u00e9rica (Foto: Divulga\u00e7\u00e3o\/Conmebol)"},{"@type":"WebSite","@id":"https:\/\/www.gaveanews.com\/#website","url":"https:\/\/www.gaveanews.com\/","name":"G\u00e1vea News","description":"Veja todas as not\u00edcias sobre o Flamengo: Contrata\u00e7\u00f5es, categorias de base, resultados das partidas, tabela de classifica\u00e7\u00e3o, pr\u00f3ximos jogos!","potentialAction":[{"@type":"SearchAction","target":{"@type":"EntryPoint","urlTemplate":"https:\/\/www.gaveanews.com\/?s={search_term_string}"},"query-input":{"@type":"PropertyValueSpecification","valueRequired":true,"valueName":"search_term_string"}}],"inLanguage":"pt-BR"},{"@type":"Person","@id":"https:\/\/www.gaveanews.com\/#\/schema\/person\/2ec14f73fb96be2caf28f91afb14749d","name":"Equipe G\u00e1vea News","image":{"@type":"ImageObject","inLanguage":"pt-BR","@id":"https:\/\/www.gaveanews.com\/#\/schema\/person\/image\/","url":"https:\/\/secure.gravatar.com\/avatar\/1e1956f1facbffd3f8fa53a326721950116b3b9dc9bd44939c01180fd4a745a9?s=96&d=mm&r=g","contentUrl":"https:\/\/secure.gravatar.com\/avatar\/1e1956f1facbffd3f8fa53a326721950116b3b9dc9bd44939c01180fd4a745a9?s=96&d=mm&r=g","caption":"Equipe G\u00e1vea News"}}]}},"_links":{"self":[{"href":"https:\/\/www.gaveanews.com\/index.php\/wp-json\/wp\/v2\/posts\/32086","targetHints":{"allow":["GET"]}}],"collection":[{"href":"https:\/\/www.gaveanews.com\/index.php\/wp-json\/wp\/v2\/posts"}],"about":[{"href":"https:\/\/www.gaveanews.com\/index.php\/wp-json\/wp\/v2\/types\/post"}],"author":[{"embeddable":true,"href":"https:\/\/www.gaveanews.com\/index.php\/wp-json\/wp\/v2\/users\/1"}],"replies":[{"embeddable":true,"href":"https:\/\/www.gaveanews.com\/index.php\/wp-json\/wp\/v2\/comments?post=32086"}],"version-history":[{"count":0,"href":"https:\/\/www.gaveanews.com\/index.php\/wp-json\/wp\/v2\/posts\/32086\/revisions"}],"wp:featuredmedia":[{"embeddable":true,"href":"https:\/\/www.gaveanews.com\/index.php\/wp-json\/wp\/v2\/media\/14851"}],"wp:attachment":[{"href":"https:\/\/www.gaveanews.com\/index.php\/wp-json\/wp\/v2\/media?parent=32086"}],"wp:term":[{"taxonomy":"category","embeddable":true,"href":"https:\/\/www.gaveanews.com\/index.php\/wp-json\/wp\/v2\/categories?post=32086"},{"taxonomy":"post_tag","embeddable":true,"href":"https:\/\/www.gaveanews.com\/index.php\/wp-json\/wp\/v2\/tags?post=32086"}],"curies":[{"name":"wp","href":"https:\/\/api.w.org\/{rel}","templated":true}]}}