{"id":32123,"date":"2019-11-20T11:39:44","date_gmt":"2019-11-20T14:39:44","guid":{"rendered":"http:\/\/www.gaveanews.com\/?p=32123"},"modified":"2019-11-20T11:39:45","modified_gmt":"2019-11-20T14:39:45","slug":"apos-agredirem-goleiro-do-flamengo-jogadores-do-corinthians-sao-punidos","status":"publish","type":"post","link":"https:\/\/www.gaveanews.com\/index.php\/2019\/11\/20\/apos-agredirem-goleiro-do-flamengo-jogadores-do-corinthians-sao-punidos\/","title":{"rendered":"Ap\u00f3s agredirem goleiro do Flamengo, jogadores do Corinthians s\u00e3o punidos"},"content":{"rendered":"\n<p>Dois atletas do sub-20 do\u00a0Corinthians\u00a0foram citados na s\u00famula pelo \u00e1rbitro Felipe Duarte Varejao ap\u00f3s a elimina\u00e7\u00e3o da equipe contra o Flamengo, em Cariacica, no Esp\u00edrito Santo, domingo, no empate sem gols pela semifinal do Brasileir\u00e3o da categoria, em partida que acabou em confus\u00e3o generalizada em campo.<\/p>\n\n\n\n<p>Segundo o documento, tanto o zagueiro Raul Gustavo como o atacante L\u00e9o Pereira agrediram o goleiro Hugo, do time do Flamengo. Veja o trecho abaixo:<\/p>\n\n\n\n<p>&#8220;Ap\u00f3s o t\u00e9rmino da partida, ainda no campo de jogo, iniciou-se uma confus\u00e3o generalizada entre atletas de ambas as equipes. Foi poss\u00edvel identificar que o atleta n\u00ba 11 da equipe do SC Corinthians, sr:\u00a0<strong>Leonardo A. dos Santos Pereira, desferiu um soco atingindo a regi\u00e3o da nuca do goleiro da equipe do CR Flamengo, n\u00ba 01, sr: Hugo de Souza Nogueira,<\/strong>\u00a0que foi cercado por v\u00e1rios atletas do SC Corinthians. Neste momento, o atleta n\u00ba 04 da equipe do SC Corinthians,\u00a0<strong>sr: Raul Gustavo P. Bicalho acerta um soco violento no rosto do goleiro supracitado, que ap\u00f3s cair ao solo, levanta-se e revida com um chute na altura das n\u00e1degas do advers\u00e1rio n\u00ba 04, que ainda tenta atingir o goleiro com uma solada na altura da coxa<\/strong>. Informo que o goleiro supracitado teve um sangramento no rosto e necessitou de atendimento m\u00e9dico ainda no campo de jogo. Relato ainda que, em ato cont\u00ednuo, houveram invas\u00f5es de atletas e comiss\u00f5es t\u00e9cnicas de ambas as equipes, n\u00e3o sendo assim poss\u00edvel individualizar as a\u00e7\u00f5es de outros envolvidos al\u00e9m dos supracitados, devido a confus\u00e3o generalizada&#8221;.<\/p>\n\n\n\n<p>De acordo com Felipe Bevilacqua, procurador-geral do STJD, as imagens ainda ser\u00e3o analisadas para que seja feita a melhor identifica\u00e7\u00e3o de todos os envolvidos na confus\u00e3o.<\/p>\n\n\n\n<p>O C\u00f3digo Brasileiro de Justi\u00e7a Desportiva prev\u00ea, em seu artigo 254-A (praticar agress\u00e3o f\u00edsica durante partida) uma suspens\u00e3o de quatro a doze partidas.<\/p>\n\n\n\n<p>O Corinthians emitiu nota oficial e disse que os jogadores envolvidos ir\u00e3o ser punidos com uma multa:<\/p>\n\n\n\n<p><em>&#8220;A diretoria do Departamento de Forma\u00e7\u00e3o de Atletas repudia todo e qualquer ato de viol\u00eancia dos jovens atletas que participaram das agress\u00f5es ocorridas no jogo entre Flamengo e Corinthians, pela semifinal do Campeonato Brasileiro Sub-20.<\/em><\/p>\n\n\n\n<p><em>N\u00e3o como formador de desportistas, mas sim, de seres humanos, o Sport Club Corinthians Paulista n\u00e3o admite e n\u00e3o permite que qualquer tipo de situa\u00e7\u00e3o parecida aconte\u00e7a numa partida de futebol. O clube esclarece tamb\u00e9m que os atletas envolvidos foram multados em 20 cestas b\u00e1sicas, que ser\u00e3o doadas \u00e0 uma institui\u00e7\u00e3o de caridade.&#8221;<\/em><\/p>\n\n\n\n<p>Em suas redes sociais, o zagueiro Raul Gustavo pediu desculpa pelos fatos ocorridos:<\/p>\n\n\n\n<p><em>&#8220;Nenhuma palavra que eu escreva nesse texto seria capaz de justificar um ato impensado como o que tive hoje. N\u00e3o tenho como explicar a decis\u00e3o que tomei no calor de um momento de afli\u00e7\u00e3o, e gostaria de usar esse espa\u00e7o apenas para me desculpar com meus advers\u00e1rios, meus companheiros de equipe, torcedores e a todos que entristeci com essa atitude.<\/em><\/p>\n\n\n\n<p><em>Existem momentos em que nem sempre agimos como dever\u00edamos, e esse foi um deles. Hugo, a voc\u00ea, sua fam\u00edlia e companheiros: me desculpem. Espero que, como sempre fiz em minha vida, eu aprenda com esse erro e n\u00e3o o repita. Esse percal\u00e7o n\u00e3o define meu car\u00e1ter e minha personalidade&#8221;.<\/em><\/p>\n\n\n\n<p>O mesmo aconteceu com o atacante L\u00e9o Pereira:<\/p>\n\n\n\n<p><em>&#8220;Valeu rapaziada pela entrega dentro de campo , Estamos triste pelo fato q teve a desclassifica\u00e7\u00e3o&#8230;Mais feliz pela garra e a entrega. Tudo isso q aconteceu , Deus sabe de tudo e Deus cuidar\u00e1 de tudo nesse momento \ud83d\ude4f\ud83c\udffd\ud83d\ude4f\ud83c\udffd Tem momentos em que cometemos atos impensados e hoje foi um deles. No calor de uma decis\u00e3o acabei por agir de uma forma que n\u00e3o condiz com o que penso e defendo. S\u00f3 posso vir aqui pedir minhas sinceras desculpas aos companheiros, torcedores e atletas do clube advers\u00e1rio e trazer a certeza de que foi, mais uma vez, um aprendizado para mim.&#8221;<\/em><\/p>\n\n\n\n<p>Retirado de: Globo Esporte<\/p>\n","protected":false},"excerpt":{"rendered":"<p>Dois atletas do sub-20 do\u00a0Corinthians\u00a0foram citados na s\u00famula pelo \u00e1rbitro Felipe Duarte Varejao ap\u00f3s a elimina\u00e7\u00e3o da equipe contra o Flamengo, em Cariacica, no Esp\u00edrito Santo, domingo, no empate sem gols pela semifinal do Brasileir\u00e3o da categoria, em partida que acabou em confus\u00e3o generalizada em campo. Segundo o documento, tanto o zagueiro Raul Gustavo como [&hellip;]<\/p>\n","protected":false},"author":1,"featured_media":32051,"comment_status":"open","ping_status":"open","sticky":false,"template":"","format":"standard","meta":{"footnotes":""},"categories":[1],"tags":[],"class_list":["post-32123","post","type-post","status-publish","format-standard","has-post-thumbnail","hentry","category-flamengo"],"yoast_head":"<!-- This site is optimized with the Yoast SEO Premium plugin v24.2 (Yoast SEO v26.9) - https:\/\/yoast.com\/product\/yoast-seo-premium-wordpress\/ -->\n<title>Ap\u00f3s agredirem goleiro do Flamengo, jogadores do Corinthians s\u00e3o punidos<\/title>\n<meta name=\"robots\" content=\"index, follow, max-snippet:-1, max-image-preview:large, max-video-preview:-1\" \/>\n<link rel=\"canonical\" href=\"https:\/\/www.gaveanews.com\/index.php\/2019\/11\/20\/apos-agredirem-goleiro-do-flamengo-jogadores-do-corinthians-sao-punidos\/\" \/>\n<meta property=\"og:locale\" content=\"pt_BR\" \/>\n<meta property=\"og:type\" content=\"article\" \/>\n<meta property=\"og:title\" content=\"Ap\u00f3s agredirem goleiro do Flamengo, jogadores do Corinthians s\u00e3o punidos\" \/>\n<meta property=\"og:description\" content=\"Dois atletas do sub-20 do\u00a0Corinthians\u00a0foram citados na s\u00famula pelo \u00e1rbitro Felipe Duarte Varejao ap\u00f3s a elimina\u00e7\u00e3o da equipe contra o Flamengo, em Cariacica, no Esp\u00edrito Santo, domingo, no empate sem gols pela semifinal do Brasileir\u00e3o da categoria, em partida que acabou em confus\u00e3o generalizada em campo. Segundo o documento, tanto o zagueiro Raul Gustavo como [&hellip;]\" \/>\n<meta property=\"og:url\" content=\"https:\/\/www.gaveanews.com\/index.php\/2019\/11\/20\/apos-agredirem-goleiro-do-flamengo-jogadores-do-corinthians-sao-punidos\/\" \/>\n<meta property=\"og:site_name\" content=\"G\u00e1vea News\" \/>\n<meta property=\"article:publisher\" content=\"https:\/\/facebook.com\/gaveaNews\/\" \/>\n<meta property=\"article:published_time\" content=\"2019-11-20T14:39:44+00:00\" \/>\n<meta property=\"article:modified_time\" content=\"2019-11-20T14:39:45+00:00\" \/>\n<meta property=\"og:image\" content=\"https:\/\/www.gaveanews.com\/wp-content\/uploads\/Goleiro-Hugo-durante-treinamento-do-Flamengo-no-Ninho-do-Urubu.webp\" \/>\n\t<meta property=\"og:image:width\" content=\"1280\" \/>\n\t<meta property=\"og:image:height\" content=\"853\" \/>\n\t<meta property=\"og:image:type\" content=\"image\/jpeg\" \/>\n<meta name=\"author\" content=\"Equipe G\u00e1vea News\" \/>\n<meta name=\"twitter:card\" content=\"summary_large_image\" \/>\n<meta name=\"twitter:label1\" content=\"Escrito por\" \/>\n\t<meta name=\"twitter:data1\" content=\"Equipe G\u00e1vea News\" \/>\n\t<meta name=\"twitter:label2\" content=\"Est. tempo de leitura\" \/>\n\t<meta name=\"twitter:data2\" content=\"3 minutos\" \/>\n<script type=\"application\/ld+json\" class=\"yoast-schema-graph\">{\"@context\":\"https:\/\/schema.org\",\"@graph\":[{\"@type\":\"NewsArticle\",\"@id\":\"https:\/\/www.gaveanews.com\/index.php\/2019\/11\/20\/apos-agredirem-goleiro-do-flamengo-jogadores-do-corinthians-sao-punidos\/#article\",\"isPartOf\":{\"@id\":\"https:\/\/www.gaveanews.com\/index.php\/2019\/11\/20\/apos-agredirem-goleiro-do-flamengo-jogadores-do-corinthians-sao-punidos\/\"},\"author\":{\"name\":\"Equipe G\u00e1vea News\",\"@id\":\"https:\/\/www.gaveanews.com\/#\/schema\/person\/2ec14f73fb96be2caf28f91afb14749d\"},\"headline\":\"Ap\u00f3s agredirem goleiro do Flamengo, jogadores do Corinthians s\u00e3o punidos\",\"datePublished\":\"2019-11-20T14:39:44+00:00\",\"dateModified\":\"2019-11-20T14:39:45+00:00\",\"mainEntityOfPage\":{\"@id\":\"https:\/\/www.gaveanews.com\/index.php\/2019\/11\/20\/apos-agredirem-goleiro-do-flamengo-jogadores-do-corinthians-sao-punidos\/\"},\"wordCount\":710,\"commentCount\":0,\"image\":{\"@id\":\"https:\/\/www.gaveanews.com\/index.php\/2019\/11\/20\/apos-agredirem-goleiro-do-flamengo-jogadores-do-corinthians-sao-punidos\/#primaryimage\"},\"thumbnailUrl\":\"https:\/\/www.gaveanews.com\/wp-content\/uploads\/Goleiro-Hugo-durante-treinamento-do-Flamengo-no-Ninho-do-Urubu.webp\",\"articleSection\":[\"Flamengo\"],\"inLanguage\":\"pt-BR\",\"potentialAction\":[{\"@type\":\"CommentAction\",\"name\":\"Comment\",\"target\":[\"https:\/\/www.gaveanews.com\/index.php\/2019\/11\/20\/apos-agredirem-goleiro-do-flamengo-jogadores-do-corinthians-sao-punidos\/#respond\"]}],\"copyrightYear\":\"2019\",\"copyrightHolder\":{\"@id\":\"https:\/\/www.gaveanews.com\/#organization\"}},{\"@type\":\"WebPage\",\"@id\":\"https:\/\/www.gaveanews.com\/index.php\/2019\/11\/20\/apos-agredirem-goleiro-do-flamengo-jogadores-do-corinthians-sao-punidos\/\",\"url\":\"https:\/\/www.gaveanews.com\/index.php\/2019\/11\/20\/apos-agredirem-goleiro-do-flamengo-jogadores-do-corinthians-sao-punidos\/\",\"name\":\"Ap\u00f3s agredirem goleiro do Flamengo, jogadores do Corinthians s\u00e3o punidos\",\"isPartOf\":{\"@id\":\"https:\/\/www.gaveanews.com\/#website\"},\"primaryImageOfPage\":{\"@id\":\"https:\/\/www.gaveanews.com\/index.php\/2019\/11\/20\/apos-agredirem-goleiro-do-flamengo-jogadores-do-corinthians-sao-punidos\/#primaryimage\"},\"image\":{\"@id\":\"https:\/\/www.gaveanews.com\/index.php\/2019\/11\/20\/apos-agredirem-goleiro-do-flamengo-jogadores-do-corinthians-sao-punidos\/#primaryimage\"},\"thumbnailUrl\":\"https:\/\/www.gaveanews.com\/wp-content\/uploads\/Goleiro-Hugo-durante-treinamento-do-Flamengo-no-Ninho-do-Urubu.webp\",\"datePublished\":\"2019-11-20T14:39:44+00:00\",\"dateModified\":\"2019-11-20T14:39:45+00:00\",\"author\":{\"@id\":\"https:\/\/www.gaveanews.com\/#\/schema\/person\/2ec14f73fb96be2caf28f91afb14749d\"},\"breadcrumb\":{\"@id\":\"https:\/\/www.gaveanews.com\/index.php\/2019\/11\/20\/apos-agredirem-goleiro-do-flamengo-jogadores-do-corinthians-sao-punidos\/#breadcrumb\"},\"inLanguage\":\"pt-BR\",\"potentialAction\":[{\"@type\":\"ReadAction\",\"target\":[\"https:\/\/www.gaveanews.com\/index.php\/2019\/11\/20\/apos-agredirem-goleiro-do-flamengo-jogadores-do-corinthians-sao-punidos\/\"]}]},{\"@type\":\"ImageObject\",\"inLanguage\":\"pt-BR\",\"@id\":\"https:\/\/www.gaveanews.com\/index.php\/2019\/11\/20\/apos-agredirem-goleiro-do-flamengo-jogadores-do-corinthians-sao-punidos\/#primaryimage\",\"url\":\"https:\/\/www.gaveanews.com\/wp-content\/uploads\/Goleiro-Hugo-durante-treinamento-do-Flamengo-no-Ninho-do-Urubu.webp\",\"contentUrl\":\"https:\/\/www.gaveanews.com\/wp-content\/uploads\/Goleiro-Hugo-durante-treinamento-do-Flamengo-no-Ninho-do-Urubu.webp\",\"width\":1280,\"height\":853,\"caption\":\"Goleiro Hugo durante treinamento do Flamengo no Ninho do Urubu (Foto: Gilvan de Souza\/Flamengo)\"},{\"@type\":\"BreadcrumbList\",\"@id\":\"https:\/\/www.gaveanews.com\/index.php\/2019\/11\/20\/apos-agredirem-goleiro-do-flamengo-jogadores-do-corinthians-sao-punidos\/#breadcrumb\",\"itemListElement\":[{\"@type\":\"ListItem\",\"position\":1,\"name\":\"Home\",\"item\":\"https:\/\/www.gaveanews.com\/\"},{\"@type\":\"ListItem\",\"position\":2,\"name\":\"Ap\u00f3s agredirem goleiro do Flamengo, jogadores do Corinthians s\u00e3o punidos\"}]},{\"@type\":\"WebSite\",\"@id\":\"https:\/\/www.gaveanews.com\/#website\",\"url\":\"https:\/\/www.gaveanews.com\/\",\"name\":\"G\u00e1vea News\",\"description\":\"Veja todas as not\u00edcias sobre o Flamengo: Contrata\u00e7\u00f5es, categorias de base, resultados das partidas, tabela de classifica\u00e7\u00e3o, pr\u00f3ximos jogos!\",\"potentialAction\":[{\"@type\":\"SearchAction\",\"target\":{\"@type\":\"EntryPoint\",\"urlTemplate\":\"https:\/\/www.gaveanews.com\/?s={search_term_string}\"},\"query-input\":{\"@type\":\"PropertyValueSpecification\",\"valueRequired\":true,\"valueName\":\"search_term_string\"}}],\"inLanguage\":\"pt-BR\"},{\"@type\":\"Person\",\"@id\":\"https:\/\/www.gaveanews.com\/#\/schema\/person\/2ec14f73fb96be2caf28f91afb14749d\",\"name\":\"Equipe G\u00e1vea News\",\"image\":{\"@type\":\"ImageObject\",\"inLanguage\":\"pt-BR\",\"@id\":\"https:\/\/www.gaveanews.com\/#\/schema\/person\/image\/\",\"url\":\"https:\/\/secure.gravatar.com\/avatar\/1e1956f1facbffd3f8fa53a326721950116b3b9dc9bd44939c01180fd4a745a9?s=96&d=mm&r=g\",\"contentUrl\":\"https:\/\/secure.gravatar.com\/avatar\/1e1956f1facbffd3f8fa53a326721950116b3b9dc9bd44939c01180fd4a745a9?s=96&d=mm&r=g\",\"caption\":\"Equipe G\u00e1vea News\"}}]}<\/script>\n<!-- \/ Yoast SEO Premium plugin. -->","yoast_head_json":{"title":"Ap\u00f3s agredirem goleiro do Flamengo, jogadores do Corinthians s\u00e3o punidos","robots":{"index":"index","follow":"follow","max-snippet":"max-snippet:-1","max-image-preview":"max-image-preview:large","max-video-preview":"max-video-preview:-1"},"canonical":"https:\/\/www.gaveanews.com\/index.php\/2019\/11\/20\/apos-agredirem-goleiro-do-flamengo-jogadores-do-corinthians-sao-punidos\/","og_locale":"pt_BR","og_type":"article","og_title":"Ap\u00f3s agredirem goleiro do Flamengo, jogadores do Corinthians s\u00e3o punidos","og_description":"Dois atletas do sub-20 do\u00a0Corinthians\u00a0foram citados na s\u00famula pelo \u00e1rbitro Felipe Duarte Varejao ap\u00f3s a elimina\u00e7\u00e3o da equipe contra o Flamengo, em Cariacica, no Esp\u00edrito Santo, domingo, no empate sem gols pela semifinal do Brasileir\u00e3o da categoria, em partida que acabou em confus\u00e3o generalizada em campo. Segundo o documento, tanto o zagueiro Raul Gustavo como [&hellip;]","og_url":"https:\/\/www.gaveanews.com\/index.php\/2019\/11\/20\/apos-agredirem-goleiro-do-flamengo-jogadores-do-corinthians-sao-punidos\/","og_site_name":"G\u00e1vea News","article_publisher":"https:\/\/facebook.com\/gaveaNews\/","article_published_time":"2019-11-20T14:39:44+00:00","article_modified_time":"2019-11-20T14:39:45+00:00","og_image":[{"width":1280,"height":853,"url":"https:\/\/www.gaveanews.com\/wp-content\/uploads\/Goleiro-Hugo-durante-treinamento-do-Flamengo-no-Ninho-do-Urubu.webp","type":"image\/jpeg"}],"author":"Equipe G\u00e1vea News","twitter_card":"summary_large_image","twitter_misc":{"Escrito por":"Equipe G\u00e1vea News","Est. tempo de leitura":"3 minutos"},"schema":{"@context":"https:\/\/schema.org","@graph":[{"@type":"NewsArticle","@id":"https:\/\/www.gaveanews.com\/index.php\/2019\/11\/20\/apos-agredirem-goleiro-do-flamengo-jogadores-do-corinthians-sao-punidos\/#article","isPartOf":{"@id":"https:\/\/www.gaveanews.com\/index.php\/2019\/11\/20\/apos-agredirem-goleiro-do-flamengo-jogadores-do-corinthians-sao-punidos\/"},"author":{"name":"Equipe G\u00e1vea News","@id":"https:\/\/www.gaveanews.com\/#\/schema\/person\/2ec14f73fb96be2caf28f91afb14749d"},"headline":"Ap\u00f3s agredirem goleiro do Flamengo, jogadores do Corinthians s\u00e3o punidos","datePublished":"2019-11-20T14:39:44+00:00","dateModified":"2019-11-20T14:39:45+00:00","mainEntityOfPage":{"@id":"https:\/\/www.gaveanews.com\/index.php\/2019\/11\/20\/apos-agredirem-goleiro-do-flamengo-jogadores-do-corinthians-sao-punidos\/"},"wordCount":710,"commentCount":0,"image":{"@id":"https:\/\/www.gaveanews.com\/index.php\/2019\/11\/20\/apos-agredirem-goleiro-do-flamengo-jogadores-do-corinthians-sao-punidos\/#primaryimage"},"thumbnailUrl":"https:\/\/www.gaveanews.com\/wp-content\/uploads\/Goleiro-Hugo-durante-treinamento-do-Flamengo-no-Ninho-do-Urubu.webp","articleSection":["Flamengo"],"inLanguage":"pt-BR","potentialAction":[{"@type":"CommentAction","name":"Comment","target":["https:\/\/www.gaveanews.com\/index.php\/2019\/11\/20\/apos-agredirem-goleiro-do-flamengo-jogadores-do-corinthians-sao-punidos\/#respond"]}],"copyrightYear":"2019","copyrightHolder":{"@id":"https:\/\/www.gaveanews.com\/#organization"}},{"@type":"WebPage","@id":"https:\/\/www.gaveanews.com\/index.php\/2019\/11\/20\/apos-agredirem-goleiro-do-flamengo-jogadores-do-corinthians-sao-punidos\/","url":"https:\/\/www.gaveanews.com\/index.php\/2019\/11\/20\/apos-agredirem-goleiro-do-flamengo-jogadores-do-corinthians-sao-punidos\/","name":"Ap\u00f3s agredirem goleiro do Flamengo, jogadores do Corinthians s\u00e3o punidos","isPartOf":{"@id":"https:\/\/www.gaveanews.com\/#website"},"primaryImageOfPage":{"@id":"https:\/\/www.gaveanews.com\/index.php\/2019\/11\/20\/apos-agredirem-goleiro-do-flamengo-jogadores-do-corinthians-sao-punidos\/#primaryimage"},"image":{"@id":"https:\/\/www.gaveanews.com\/index.php\/2019\/11\/20\/apos-agredirem-goleiro-do-flamengo-jogadores-do-corinthians-sao-punidos\/#primaryimage"},"thumbnailUrl":"https:\/\/www.gaveanews.com\/wp-content\/uploads\/Goleiro-Hugo-durante-treinamento-do-Flamengo-no-Ninho-do-Urubu.webp","datePublished":"2019-11-20T14:39:44+00:00","dateModified":"2019-11-20T14:39:45+00:00","author":{"@id":"https:\/\/www.gaveanews.com\/#\/schema\/person\/2ec14f73fb96be2caf28f91afb14749d"},"breadcrumb":{"@id":"https:\/\/www.gaveanews.com\/index.php\/2019\/11\/20\/apos-agredirem-goleiro-do-flamengo-jogadores-do-corinthians-sao-punidos\/#breadcrumb"},"inLanguage":"pt-BR","potentialAction":[{"@type":"ReadAction","target":["https:\/\/www.gaveanews.com\/index.php\/2019\/11\/20\/apos-agredirem-goleiro-do-flamengo-jogadores-do-corinthians-sao-punidos\/"]}]},{"@type":"ImageObject","inLanguage":"pt-BR","@id":"https:\/\/www.gaveanews.com\/index.php\/2019\/11\/20\/apos-agredirem-goleiro-do-flamengo-jogadores-do-corinthians-sao-punidos\/#primaryimage","url":"https:\/\/www.gaveanews.com\/wp-content\/uploads\/Goleiro-Hugo-durante-treinamento-do-Flamengo-no-Ninho-do-Urubu.webp","contentUrl":"https:\/\/www.gaveanews.com\/wp-content\/uploads\/Goleiro-Hugo-durante-treinamento-do-Flamengo-no-Ninho-do-Urubu.webp","width":1280,"height":853,"caption":"Goleiro Hugo durante treinamento do Flamengo no Ninho do Urubu (Foto: Gilvan de Souza\/Flamengo)"},{"@type":"BreadcrumbList","@id":"https:\/\/www.gaveanews.com\/index.php\/2019\/11\/20\/apos-agredirem-goleiro-do-flamengo-jogadores-do-corinthians-sao-punidos\/#breadcrumb","itemListElement":[{"@type":"ListItem","position":1,"name":"Home","item":"https:\/\/www.gaveanews.com\/"},{"@type":"ListItem","position":2,"name":"Ap\u00f3s agredirem goleiro do Flamengo, jogadores do Corinthians s\u00e3o punidos"}]},{"@type":"WebSite","@id":"https:\/\/www.gaveanews.com\/#website","url":"https:\/\/www.gaveanews.com\/","name":"G\u00e1vea News","description":"Veja todas as not\u00edcias sobre o Flamengo: Contrata\u00e7\u00f5es, categorias de base, resultados das partidas, tabela de classifica\u00e7\u00e3o, pr\u00f3ximos jogos!","potentialAction":[{"@type":"SearchAction","target":{"@type":"EntryPoint","urlTemplate":"https:\/\/www.gaveanews.com\/?s={search_term_string}"},"query-input":{"@type":"PropertyValueSpecification","valueRequired":true,"valueName":"search_term_string"}}],"inLanguage":"pt-BR"},{"@type":"Person","@id":"https:\/\/www.gaveanews.com\/#\/schema\/person\/2ec14f73fb96be2caf28f91afb14749d","name":"Equipe G\u00e1vea News","image":{"@type":"ImageObject","inLanguage":"pt-BR","@id":"https:\/\/www.gaveanews.com\/#\/schema\/person\/image\/","url":"https:\/\/secure.gravatar.com\/avatar\/1e1956f1facbffd3f8fa53a326721950116b3b9dc9bd44939c01180fd4a745a9?s=96&d=mm&r=g","contentUrl":"https:\/\/secure.gravatar.com\/avatar\/1e1956f1facbffd3f8fa53a326721950116b3b9dc9bd44939c01180fd4a745a9?s=96&d=mm&r=g","caption":"Equipe G\u00e1vea News"}}]}},"_links":{"self":[{"href":"https:\/\/www.gaveanews.com\/index.php\/wp-json\/wp\/v2\/posts\/32123","targetHints":{"allow":["GET"]}}],"collection":[{"href":"https:\/\/www.gaveanews.com\/index.php\/wp-json\/wp\/v2\/posts"}],"about":[{"href":"https:\/\/www.gaveanews.com\/index.php\/wp-json\/wp\/v2\/types\/post"}],"author":[{"embeddable":true,"href":"https:\/\/www.gaveanews.com\/index.php\/wp-json\/wp\/v2\/users\/1"}],"replies":[{"embeddable":true,"href":"https:\/\/www.gaveanews.com\/index.php\/wp-json\/wp\/v2\/comments?post=32123"}],"version-history":[{"count":0,"href":"https:\/\/www.gaveanews.com\/index.php\/wp-json\/wp\/v2\/posts\/32123\/revisions"}],"wp:featuredmedia":[{"embeddable":true,"href":"https:\/\/www.gaveanews.com\/index.php\/wp-json\/wp\/v2\/media\/32051"}],"wp:attachment":[{"href":"https:\/\/www.gaveanews.com\/index.php\/wp-json\/wp\/v2\/media?parent=32123"}],"wp:term":[{"taxonomy":"category","embeddable":true,"href":"https:\/\/www.gaveanews.com\/index.php\/wp-json\/wp\/v2\/categories?post=32123"},{"taxonomy":"post_tag","embeddable":true,"href":"https:\/\/www.gaveanews.com\/index.php\/wp-json\/wp\/v2\/tags?post=32123"}],"curies":[{"name":"wp","href":"https:\/\/api.w.org\/{rel}","templated":true}]}}