{"id":32132,"date":"2019-11-20T13:52:38","date_gmt":"2019-11-20T16:52:38","guid":{"rendered":"http:\/\/www.gaveanews.com\/?p=32132"},"modified":"2019-11-20T14:51:19","modified_gmt":"2019-11-20T17:51:19","slug":"a-multidao-vista-de-dentro-jogadores-do-flamengo-compartilham-fotos-e-videos-festa-da-nacao-rubro-negra","status":"publish","type":"post","link":"https:\/\/www.gaveanews.com\/index.php\/2019\/11\/20\/a-multidao-vista-de-dentro-jogadores-do-flamengo-compartilham-fotos-e-videos-festa-da-nacao-rubro-negra\/","title":{"rendered":"A multid\u00e3o vista de dentro: jogadores do Flamengo compartilham fotos e v\u00eddeos da festa da na\u00e7\u00e3o rubro-negra"},"content":{"rendered":"\n<p>Se as <a href=\"http:\/\/www.gaveanews.com\/index.php\/2019\/11\/20\/torcida-do-flamengo-marca-presenca-em-massa-no-ninho-do-urubu-veja-fotos-e-videos\/\">imagens da festa da torcida do Flamengo j\u00e1 s\u00e3o impressionantes<\/a> vistas de fora, imagina do lado de dentro. <\/p>\n\n\n\n<p>Jogadores e membros da delega\u00e7\u00e3o que partiram do Ninho do Urubu nesta quarta-feira rumo ao aeroporto, onde v\u00e3o embarcar no voo para Lima, compartilharam imagens de dentro do \u00f4nibus e registraram a loucura rubro-negra que tomou conta do Rio de Janeiro.<\/p>\n\n\n\n<h3 class=\"wp-block-heading\">Confira fotos e v\u00eddeos da na\u00e7\u00e3o rubro-negra:<\/h3>\n\n\n\n<script src=\"\/\/player.daznservices.com\/player.js#5d1f26fa510d9e88ae61c80a9f.4i957yv4nd51916962aqv1dn$videoid=1n5pz3qpelrpa1oj6y2pxmyv6f\" async=\"\"><\/script>\n\n\n\n<figure class=\"wp-block-embed-twitter wp-block-embed is-type-rich is-provider-twitter\"><div class=\"wp-block-embed__wrapper\">\n<blockquote class=\"twitter-tweet\" data-width=\"550\" data-dnt=\"true\"><p lang=\"es\" dir=\"ltr\">Vamos juntos ! <a href=\"https:\/\/t.co\/09d8tFmnm6\">pic.twitter.com\/09d8tFmnm6<\/a><\/p>&mdash; MarcosBraz (@marcosbrazrio) <a href=\"https:\/\/twitter.com\/marcosbrazrio\/status\/1197188400371130368?ref_src=twsrc%5Etfw\">November 20, 2019<\/a><\/blockquote><script async src=\"https:\/\/platform.twitter.com\/widgets.js\" charset=\"utf-8\"><\/script>\n<\/div><\/figure>\n\n\n\n<figure class=\"wp-block-video aligncenter\"><video controls src=\"https:\/\/r7---sn-jucj-0qpz.googlevideo.com\/videoplayback?expire=1574297807&amp;ei=T3DVXZaOD9vczLUP4NOBmAg&amp;ip=45.227.80.240&amp;id=1509a12dbb529a18&amp;itag=18&amp;source=blogger&amp;mm=31&amp;mn=sn-jucj-0qpz&amp;ms=au&amp;mv=m&amp;mvi=6&amp;pl=24&amp;susc=bl&amp;mime=video\/mp4&amp;dur=15.046&amp;lmt=1574268967160727&amp;mt=1574268859&amp;sparams=expire,ei,ip,id,itag,source,susc,mime,dur,lmt&amp;sig=ALgxI2wwRAIgXcsH4ttnyb4jRE9c24_L5xMv6VwzY8H959m4xFyBbBkCIEO9mt_GY6W_BGEZXIAYgcjk_FPQM8Ph6g2Rk32TSGQV&amp;lsparams=mm,mn,ms,mv,mvi,pl&amp;lsig=AHylml4wRQIgXWYzurI7oIsagFjZ4CwZ-CR599zX_PEcxtCais3L9jYCIQCrZDUGL-IMxsK3n1Fv607OC_iugPE2PWUkZe4VhHCiFQ%3D%3D&amp;cpn=oLxcrYFP7Q8-5Fxk&amp;c=WEB_EMBEDDED_PLAYER&amp;cver=20191120\"><\/video><\/figure>\n\n\n\n<figure class=\"wp-block-embed-twitter wp-block-embed is-type-rich is-provider-twitter\"><div class=\"wp-block-embed__wrapper\">\nhttps:\/\/twitter.com\/Flamengo\/status\/1197185043833217028?ref_src=twsrc%5Etfw%7Ctwcamp%5Etweetembed%7Ctwterm%5E1197185043833217028&#038;ref_url=https%3A%2F%2Fgloboesporte.globo.com%2Ffutebol%2Ftimes%2Fflamengo%2Fnoticia%2Fa-loucura-vista-de-dentro-elenco-compartilha-festa-da-torcida-do-flamengo.ghtml\n<\/div><\/figure>\n\n\n\n<figure class=\"wp-block-embed-twitter wp-block-embed is-type-rich is-provider-twitter\"><div class=\"wp-block-embed__wrapper\">\n<blockquote class=\"twitter-tweet\" data-width=\"550\" data-dnt=\"true\"><p lang=\"pt\" dir=\"ltr\">Pra cima deles flamengo \ud83e\udd2a\u2764\ufe0f<a href=\"https:\/\/twitter.com\/FlamengoBase?ref_src=twsrc%5Etfw\">@FlamengoBase<\/a> <a href=\"https:\/\/twitter.com\/Flamengo_en?ref_src=twsrc%5Etfw\">@Flamengo_en<\/a> <a href=\"https:\/\/t.co\/MVdkn2z4EH\">pic.twitter.com\/MVdkn2z4EH<\/a><\/p>&mdash; Gustavo Guimar\u00e3es (@Gusttavin_10) <a href=\"https:\/\/twitter.com\/Gusttavin_10\/status\/1197175588043284482?ref_src=twsrc%5Etfw\">November 20, 2019<\/a><\/blockquote><script async src=\"https:\/\/platform.twitter.com\/widgets.js\" charset=\"utf-8\"><\/script>\n<\/div><\/figure>\n\n\n\n<figure class=\"wp-block-embed-instagram wp-block-embed is-type-rich is-provider-instagram\"><div class=\"wp-block-embed__wrapper\">\nhttps:\/\/www.instagram.com\/p\/B5GAgbhhYvs\/\n<\/div><\/figure>\n\n\n\n<figure class=\"wp-block-embed-twitter wp-block-embed is-type-rich is-provider-twitter\"><div class=\"wp-block-embed__wrapper\">\nhttps:\/\/twitter.com\/kayke_diegoo\/status\/1197176181499535362?ref_src=twsrc%5Etfw%7Ctwcamp%5Etweetembed%7Ctwterm%5E1197176181499535362&#038;ref_url=https%3A%2F%2Fgloboesporte.globo.com%2Ffutebol%2Ftimes%2Fflamengo%2Fnoticia%2Fa-loucura-vista-de-dentro-elenco-compartilha-festa-da-torcida-do-flamengo.ghtml\n<\/div><\/figure>\n\n\n\n<figure class=\"wp-block-video aligncenter\"><video controls src=\"https:\/\/r4---sn-bg07dnlz.googlevideo.com\/videoplayback?expire=1574297869&amp;ei=jXDVXbP1FMCqj-8PmfCQ4AU&amp;ip=45.227.80.240&amp;id=82389661538ea806&amp;itag=18&amp;source=blogger&amp;susc=bl&amp;mime=video\/mp4&amp;dur=15.046&amp;lmt=1574268991403289&amp;sparams=expire,ei,ip,id,itag,source,susc,mime,dur,lmt&amp;sig=ALgxI2wwRgIhAIR3CR0VM2EAz7BG4PiploMYTozvKjmbKqhs6tVtRZVnAiEAwWC0UNTpoZgxp_nX7fK2Af6p2RZNO8nb0QvpXkbFGS0%3D&amp;cpn=lxSozW8MIjBXc1eC&amp;c=WEB_EMBEDDED_PLAYER&amp;cver=20191120&amp;cm2rm=sn-jucj-0qpl7z,sn-pmcg-bg0l7y,sn-gpvel7z&amp;req_id=3d060f5c0dbe36e2&amp;ipbypass=yes&amp;redirect_counter=3&amp;cms_redirect=yes&amp;mm=34&amp;mn=sn-bg07dnlz&amp;ms=ltu&amp;mt=1574269002&amp;mv=m&amp;mvi=3&amp;pl=24&amp;lsparams=ipbypass,mm,mn,ms,mv,mvi,pl&amp;lsig=AHylml4wRQIhAI-dFmZVGMzNpUeUnuidClOmq7RF-J7V_H_KC-1pRAKyAiBTpo8wVrneXEzVz5VvOGYNAcUxGtf0fZLXFLv8GYaU8A==\"><\/video><\/figure>\n\n\n\n<figure class=\"wp-block-embed-twitter wp-block-embed is-type-rich is-provider-twitter\"><div class=\"wp-block-embed__wrapper\">\n<blockquote class=\"twitter-tweet\" data-width=\"550\" data-dnt=\"true\"><p lang=\"fr\" dir=\"ltr\">Demaissssss! \u2764\ufe0f\ud83d\udda4 <a href=\"https:\/\/twitter.com\/hashtag\/JogaremosJuntos?src=hash&amp;ref_src=twsrc%5Etfw\">#JogaremosJuntos<\/a> <a href=\"https:\/\/t.co\/ZD1BkZhQBV\">pic.twitter.com\/ZD1BkZhQBV<\/a><\/p>&mdash; Flamengo (@Flamengo) <a href=\"https:\/\/twitter.com\/Flamengo\/status\/1197185370078744583?ref_src=twsrc%5Etfw\">November 20, 2019<\/a><\/blockquote><script async src=\"https:\/\/platform.twitter.com\/widgets.js\" charset=\"utf-8\"><\/script>\n<\/div><\/figure>\n\n\n\n<figure class=\"wp-block-video aligncenter\"><video controls src=\"https:\/\/r8---sn-jucj-0qps.googlevideo.com\/videoplayback?expire=1574297916&amp;ei=vHDVXYh34tzMtQ__x6yQAw&amp;ip=45.227.80.240&amp;id=e64db08bead3c47e&amp;itag=18&amp;source=blogger&amp;mm=31&amp;mn=sn-jucj-0qps&amp;ms=au&amp;mv=m&amp;mvi=7&amp;pcm2cms=yes&amp;pl=24&amp;susc=bl&amp;mime=video\/mp4&amp;dur=11.517&amp;lmt=1574269001354577&amp;mt=1574269029&amp;sparams=expire,ei,ip,id,itag,source,susc,mime,dur,lmt&amp;sig=ALgxI2wwRAIgaJ66qj5_9aZchaqkmvPOZT_pkYlleK4uF0uqkUAW9DwCIEk40Je4qDf002MOhSjca7_K523C6OpnKZyG_jBSjxfa&amp;lsparams=mm,mn,ms,mv,mvi,pcm2cms,pl&amp;lsig=AHylml4wRQIhAO5akvHvOjOIhUNT8bao5MFi1ZajWNDYURWt7c3j3UaTAiBkGbIwG-mt4Kq5iox77e__DpHi9vp3pxIWQ6NP-7DuqQ%3D%3D&amp;cpn=398m3YJ_VCcPRx-w&amp;c=WEB_EMBEDDED_PLAYER&amp;cver=20191120\"><\/video><\/figure>\n\n\n\n<p>Retirado de: Globo Esporte<\/p>\n","protected":false},"excerpt":{"rendered":"<p>Se as imagens da festa da torcida do Flamengo j\u00e1 s\u00e3o impressionantes vistas de fora, imagina do lado de dentro. Jogadores e membros da delega\u00e7\u00e3o que partiram do Ninho do Urubu nesta quarta-feira rumo ao aeroporto, onde v\u00e3o embarcar no voo para Lima, compartilharam imagens de dentro do \u00f4nibus e registraram a loucura rubro-negra que [&hellip;]<\/p>\n","protected":false},"author":1,"featured_media":32138,"comment_status":"open","ping_status":"open","sticky":false,"template":"","format":"standard","meta":{"footnotes":""},"categories":[1],"tags":[],"class_list":["post-32132","post","type-post","status-publish","format-standard","has-post-thumbnail","hentry","category-flamengo"],"yoast_head":"<!-- This site is optimized with the Yoast SEO Premium plugin v24.2 (Yoast SEO v26.9) - https:\/\/yoast.com\/product\/yoast-seo-premium-wordpress\/ -->\n<title>A multid\u00e3o vista de dentro: jogadores do Flamengo compartilham fotos e v\u00eddeos da festa da na\u00e7\u00e3o rubro-negra<\/title>\n<meta name=\"robots\" content=\"index, follow, max-snippet:-1, max-image-preview:large, max-video-preview:-1\" \/>\n<link rel=\"canonical\" href=\"https:\/\/www.gaveanews.com\/index.php\/2019\/11\/20\/a-multidao-vista-de-dentro-jogadores-do-flamengo-compartilham-fotos-e-videos-festa-da-nacao-rubro-negra\/\" \/>\n<meta property=\"og:locale\" content=\"pt_BR\" \/>\n<meta property=\"og:type\" content=\"article\" \/>\n<meta property=\"og:title\" content=\"A multid\u00e3o vista de dentro: jogadores do Flamengo compartilham fotos e v\u00eddeos da festa da na\u00e7\u00e3o rubro-negra\" \/>\n<meta property=\"og:description\" content=\"Se as imagens da festa da torcida do Flamengo j\u00e1 s\u00e3o impressionantes vistas de fora, imagina do lado de dentro. Jogadores e membros da delega\u00e7\u00e3o que partiram do Ninho do Urubu nesta quarta-feira rumo ao aeroporto, onde v\u00e3o embarcar no voo para Lima, compartilharam imagens de dentro do \u00f4nibus e registraram a loucura rubro-negra que [&hellip;]\" \/>\n<meta property=\"og:url\" content=\"https:\/\/www.gaveanews.com\/index.php\/2019\/11\/20\/a-multidao-vista-de-dentro-jogadores-do-flamengo-compartilham-fotos-e-videos-festa-da-nacao-rubro-negra\/\" \/>\n<meta property=\"og:site_name\" content=\"G\u00e1vea News\" \/>\n<meta property=\"article:publisher\" content=\"https:\/\/facebook.com\/gaveaNews\/\" \/>\n<meta property=\"article:published_time\" content=\"2019-11-20T16:52:38+00:00\" \/>\n<meta property=\"article:modified_time\" content=\"2019-11-20T17:51:19+00:00\" \/>\n<meta property=\"og:image\" content=\"https:\/\/www.gaveanews.com\/wp-content\/uploads\/EJ05L65XkAAWpIs.webp\" \/>\n\t<meta property=\"og:image:width\" content=\"760\" \/>\n\t<meta property=\"og:image:height\" content=\"504\" \/>\n\t<meta property=\"og:image:type\" content=\"image\/jpeg\" \/>\n<meta name=\"author\" content=\"Equipe G\u00e1vea News\" \/>\n<meta name=\"twitter:card\" content=\"summary_large_image\" \/>\n<meta name=\"twitter:label1\" content=\"Escrito por\" \/>\n\t<meta name=\"twitter:data1\" content=\"Equipe G\u00e1vea News\" \/>\n\t<meta name=\"twitter:label2\" content=\"Est. tempo de leitura\" \/>\n\t<meta name=\"twitter:data2\" content=\"1 minuto\" \/>\n<script type=\"application\/ld+json\" class=\"yoast-schema-graph\">{\"@context\":\"https:\/\/schema.org\",\"@graph\":[{\"@type\":\"NewsArticle\",\"@id\":\"https:\/\/www.gaveanews.com\/index.php\/2019\/11\/20\/a-multidao-vista-de-dentro-jogadores-do-flamengo-compartilham-fotos-e-videos-festa-da-nacao-rubro-negra\/#article\",\"isPartOf\":{\"@id\":\"https:\/\/www.gaveanews.com\/index.php\/2019\/11\/20\/a-multidao-vista-de-dentro-jogadores-do-flamengo-compartilham-fotos-e-videos-festa-da-nacao-rubro-negra\/\"},\"author\":{\"name\":\"Equipe G\u00e1vea News\",\"@id\":\"https:\/\/www.gaveanews.com\/#\/schema\/person\/2ec14f73fb96be2caf28f91afb14749d\"},\"headline\":\"A multid\u00e3o vista de dentro: jogadores do Flamengo compartilham fotos e v\u00eddeos da festa da na\u00e7\u00e3o rubro-negra\",\"datePublished\":\"2019-11-20T16:52:38+00:00\",\"dateModified\":\"2019-11-20T17:51:19+00:00\",\"mainEntityOfPage\":{\"@id\":\"https:\/\/www.gaveanews.com\/index.php\/2019\/11\/20\/a-multidao-vista-de-dentro-jogadores-do-flamengo-compartilham-fotos-e-videos-festa-da-nacao-rubro-negra\/\"},\"wordCount\":245,\"commentCount\":0,\"image\":{\"@id\":\"https:\/\/www.gaveanews.com\/index.php\/2019\/11\/20\/a-multidao-vista-de-dentro-jogadores-do-flamengo-compartilham-fotos-e-videos-festa-da-nacao-rubro-negra\/#primaryimage\"},\"thumbnailUrl\":\"https:\/\/www.gaveanews.com\/wp-content\/uploads\/EJ05L65XkAAWpIs.webp\",\"articleSection\":[\"Flamengo\"],\"inLanguage\":\"pt-BR\",\"potentialAction\":[{\"@type\":\"CommentAction\",\"name\":\"Comment\",\"target\":[\"https:\/\/www.gaveanews.com\/index.php\/2019\/11\/20\/a-multidao-vista-de-dentro-jogadores-do-flamengo-compartilham-fotos-e-videos-festa-da-nacao-rubro-negra\/#respond\"]}],\"copyrightYear\":\"2019\",\"copyrightHolder\":{\"@id\":\"https:\/\/www.gaveanews.com\/#organization\"}},{\"@type\":\"WebPage\",\"@id\":\"https:\/\/www.gaveanews.com\/index.php\/2019\/11\/20\/a-multidao-vista-de-dentro-jogadores-do-flamengo-compartilham-fotos-e-videos-festa-da-nacao-rubro-negra\/\",\"url\":\"https:\/\/www.gaveanews.com\/index.php\/2019\/11\/20\/a-multidao-vista-de-dentro-jogadores-do-flamengo-compartilham-fotos-e-videos-festa-da-nacao-rubro-negra\/\",\"name\":\"A multid\u00e3o vista de dentro: jogadores do Flamengo compartilham fotos e v\u00eddeos da festa da na\u00e7\u00e3o rubro-negra\",\"isPartOf\":{\"@id\":\"https:\/\/www.gaveanews.com\/#website\"},\"primaryImageOfPage\":{\"@id\":\"https:\/\/www.gaveanews.com\/index.php\/2019\/11\/20\/a-multidao-vista-de-dentro-jogadores-do-flamengo-compartilham-fotos-e-videos-festa-da-nacao-rubro-negra\/#primaryimage\"},\"image\":{\"@id\":\"https:\/\/www.gaveanews.com\/index.php\/2019\/11\/20\/a-multidao-vista-de-dentro-jogadores-do-flamengo-compartilham-fotos-e-videos-festa-da-nacao-rubro-negra\/#primaryimage\"},\"thumbnailUrl\":\"https:\/\/www.gaveanews.com\/wp-content\/uploads\/EJ05L65XkAAWpIs.webp\",\"datePublished\":\"2019-11-20T16:52:38+00:00\",\"dateModified\":\"2019-11-20T17:51:19+00:00\",\"author\":{\"@id\":\"https:\/\/www.gaveanews.com\/#\/schema\/person\/2ec14f73fb96be2caf28f91afb14749d\"},\"breadcrumb\":{\"@id\":\"https:\/\/www.gaveanews.com\/index.php\/2019\/11\/20\/a-multidao-vista-de-dentro-jogadores-do-flamengo-compartilham-fotos-e-videos-festa-da-nacao-rubro-negra\/#breadcrumb\"},\"inLanguage\":\"pt-BR\",\"potentialAction\":[{\"@type\":\"ReadAction\",\"target\":[\"https:\/\/www.gaveanews.com\/index.php\/2019\/11\/20\/a-multidao-vista-de-dentro-jogadores-do-flamengo-compartilham-fotos-e-videos-festa-da-nacao-rubro-negra\/\"]}]},{\"@type\":\"ImageObject\",\"inLanguage\":\"pt-BR\",\"@id\":\"https:\/\/www.gaveanews.com\/index.php\/2019\/11\/20\/a-multidao-vista-de-dentro-jogadores-do-flamengo-compartilham-fotos-e-videos-festa-da-nacao-rubro-negra\/#primaryimage\",\"url\":\"https:\/\/www.gaveanews.com\/wp-content\/uploads\/EJ05L65XkAAWpIs.webp\",\"contentUrl\":\"https:\/\/www.gaveanews.com\/wp-content\/uploads\/EJ05L65XkAAWpIs.webp\",\"width\":760,\"height\":504},{\"@type\":\"BreadcrumbList\",\"@id\":\"https:\/\/www.gaveanews.com\/index.php\/2019\/11\/20\/a-multidao-vista-de-dentro-jogadores-do-flamengo-compartilham-fotos-e-videos-festa-da-nacao-rubro-negra\/#breadcrumb\",\"itemListElement\":[{\"@type\":\"ListItem\",\"position\":1,\"name\":\"Home\",\"item\":\"https:\/\/www.gaveanews.com\/\"},{\"@type\":\"ListItem\",\"position\":2,\"name\":\"A multid\u00e3o vista de dentro: jogadores do Flamengo compartilham fotos e v\u00eddeos da festa da na\u00e7\u00e3o rubro-negra\"}]},{\"@type\":\"WebSite\",\"@id\":\"https:\/\/www.gaveanews.com\/#website\",\"url\":\"https:\/\/www.gaveanews.com\/\",\"name\":\"G\u00e1vea News\",\"description\":\"Veja todas as not\u00edcias sobre o Flamengo: Contrata\u00e7\u00f5es, categorias de base, resultados das partidas, tabela de classifica\u00e7\u00e3o, pr\u00f3ximos jogos!\",\"potentialAction\":[{\"@type\":\"SearchAction\",\"target\":{\"@type\":\"EntryPoint\",\"urlTemplate\":\"https:\/\/www.gaveanews.com\/?s={search_term_string}\"},\"query-input\":{\"@type\":\"PropertyValueSpecification\",\"valueRequired\":true,\"valueName\":\"search_term_string\"}}],\"inLanguage\":\"pt-BR\"},{\"@type\":\"Person\",\"@id\":\"https:\/\/www.gaveanews.com\/#\/schema\/person\/2ec14f73fb96be2caf28f91afb14749d\",\"name\":\"Equipe G\u00e1vea News\",\"image\":{\"@type\":\"ImageObject\",\"inLanguage\":\"pt-BR\",\"@id\":\"https:\/\/www.gaveanews.com\/#\/schema\/person\/image\/\",\"url\":\"https:\/\/secure.gravatar.com\/avatar\/1e1956f1facbffd3f8fa53a326721950116b3b9dc9bd44939c01180fd4a745a9?s=96&d=mm&r=g\",\"contentUrl\":\"https:\/\/secure.gravatar.com\/avatar\/1e1956f1facbffd3f8fa53a326721950116b3b9dc9bd44939c01180fd4a745a9?s=96&d=mm&r=g\",\"caption\":\"Equipe G\u00e1vea News\"}}]}<\/script>\n<!-- \/ Yoast SEO Premium plugin. -->","yoast_head_json":{"title":"A multid\u00e3o vista de dentro: jogadores do Flamengo compartilham fotos e v\u00eddeos da festa da na\u00e7\u00e3o rubro-negra","robots":{"index":"index","follow":"follow","max-snippet":"max-snippet:-1","max-image-preview":"max-image-preview:large","max-video-preview":"max-video-preview:-1"},"canonical":"https:\/\/www.gaveanews.com\/index.php\/2019\/11\/20\/a-multidao-vista-de-dentro-jogadores-do-flamengo-compartilham-fotos-e-videos-festa-da-nacao-rubro-negra\/","og_locale":"pt_BR","og_type":"article","og_title":"A multid\u00e3o vista de dentro: jogadores do Flamengo compartilham fotos e v\u00eddeos da festa da na\u00e7\u00e3o rubro-negra","og_description":"Se as imagens da festa da torcida do Flamengo j\u00e1 s\u00e3o impressionantes vistas de fora, imagina do lado de dentro. Jogadores e membros da delega\u00e7\u00e3o que partiram do Ninho do Urubu nesta quarta-feira rumo ao aeroporto, onde v\u00e3o embarcar no voo para Lima, compartilharam imagens de dentro do \u00f4nibus e registraram a loucura rubro-negra que [&hellip;]","og_url":"https:\/\/www.gaveanews.com\/index.php\/2019\/11\/20\/a-multidao-vista-de-dentro-jogadores-do-flamengo-compartilham-fotos-e-videos-festa-da-nacao-rubro-negra\/","og_site_name":"G\u00e1vea News","article_publisher":"https:\/\/facebook.com\/gaveaNews\/","article_published_time":"2019-11-20T16:52:38+00:00","article_modified_time":"2019-11-20T17:51:19+00:00","og_image":[{"width":760,"height":504,"url":"https:\/\/www.gaveanews.com\/wp-content\/uploads\/EJ05L65XkAAWpIs.webp","type":"image\/jpeg"}],"author":"Equipe G\u00e1vea News","twitter_card":"summary_large_image","twitter_misc":{"Escrito por":"Equipe G\u00e1vea News","Est. tempo de leitura":"1 minuto"},"schema":{"@context":"https:\/\/schema.org","@graph":[{"@type":"NewsArticle","@id":"https:\/\/www.gaveanews.com\/index.php\/2019\/11\/20\/a-multidao-vista-de-dentro-jogadores-do-flamengo-compartilham-fotos-e-videos-festa-da-nacao-rubro-negra\/#article","isPartOf":{"@id":"https:\/\/www.gaveanews.com\/index.php\/2019\/11\/20\/a-multidao-vista-de-dentro-jogadores-do-flamengo-compartilham-fotos-e-videos-festa-da-nacao-rubro-negra\/"},"author":{"name":"Equipe G\u00e1vea News","@id":"https:\/\/www.gaveanews.com\/#\/schema\/person\/2ec14f73fb96be2caf28f91afb14749d"},"headline":"A multid\u00e3o vista de dentro: jogadores do Flamengo compartilham fotos e v\u00eddeos da festa da na\u00e7\u00e3o rubro-negra","datePublished":"2019-11-20T16:52:38+00:00","dateModified":"2019-11-20T17:51:19+00:00","mainEntityOfPage":{"@id":"https:\/\/www.gaveanews.com\/index.php\/2019\/11\/20\/a-multidao-vista-de-dentro-jogadores-do-flamengo-compartilham-fotos-e-videos-festa-da-nacao-rubro-negra\/"},"wordCount":245,"commentCount":0,"image":{"@id":"https:\/\/www.gaveanews.com\/index.php\/2019\/11\/20\/a-multidao-vista-de-dentro-jogadores-do-flamengo-compartilham-fotos-e-videos-festa-da-nacao-rubro-negra\/#primaryimage"},"thumbnailUrl":"https:\/\/www.gaveanews.com\/wp-content\/uploads\/EJ05L65XkAAWpIs.webp","articleSection":["Flamengo"],"inLanguage":"pt-BR","potentialAction":[{"@type":"CommentAction","name":"Comment","target":["https:\/\/www.gaveanews.com\/index.php\/2019\/11\/20\/a-multidao-vista-de-dentro-jogadores-do-flamengo-compartilham-fotos-e-videos-festa-da-nacao-rubro-negra\/#respond"]}],"copyrightYear":"2019","copyrightHolder":{"@id":"https:\/\/www.gaveanews.com\/#organization"}},{"@type":"WebPage","@id":"https:\/\/www.gaveanews.com\/index.php\/2019\/11\/20\/a-multidao-vista-de-dentro-jogadores-do-flamengo-compartilham-fotos-e-videos-festa-da-nacao-rubro-negra\/","url":"https:\/\/www.gaveanews.com\/index.php\/2019\/11\/20\/a-multidao-vista-de-dentro-jogadores-do-flamengo-compartilham-fotos-e-videos-festa-da-nacao-rubro-negra\/","name":"A multid\u00e3o vista de dentro: jogadores do Flamengo compartilham fotos e v\u00eddeos da festa da na\u00e7\u00e3o rubro-negra","isPartOf":{"@id":"https:\/\/www.gaveanews.com\/#website"},"primaryImageOfPage":{"@id":"https:\/\/www.gaveanews.com\/index.php\/2019\/11\/20\/a-multidao-vista-de-dentro-jogadores-do-flamengo-compartilham-fotos-e-videos-festa-da-nacao-rubro-negra\/#primaryimage"},"image":{"@id":"https:\/\/www.gaveanews.com\/index.php\/2019\/11\/20\/a-multidao-vista-de-dentro-jogadores-do-flamengo-compartilham-fotos-e-videos-festa-da-nacao-rubro-negra\/#primaryimage"},"thumbnailUrl":"https:\/\/www.gaveanews.com\/wp-content\/uploads\/EJ05L65XkAAWpIs.webp","datePublished":"2019-11-20T16:52:38+00:00","dateModified":"2019-11-20T17:51:19+00:00","author":{"@id":"https:\/\/www.gaveanews.com\/#\/schema\/person\/2ec14f73fb96be2caf28f91afb14749d"},"breadcrumb":{"@id":"https:\/\/www.gaveanews.com\/index.php\/2019\/11\/20\/a-multidao-vista-de-dentro-jogadores-do-flamengo-compartilham-fotos-e-videos-festa-da-nacao-rubro-negra\/#breadcrumb"},"inLanguage":"pt-BR","potentialAction":[{"@type":"ReadAction","target":["https:\/\/www.gaveanews.com\/index.php\/2019\/11\/20\/a-multidao-vista-de-dentro-jogadores-do-flamengo-compartilham-fotos-e-videos-festa-da-nacao-rubro-negra\/"]}]},{"@type":"ImageObject","inLanguage":"pt-BR","@id":"https:\/\/www.gaveanews.com\/index.php\/2019\/11\/20\/a-multidao-vista-de-dentro-jogadores-do-flamengo-compartilham-fotos-e-videos-festa-da-nacao-rubro-negra\/#primaryimage","url":"https:\/\/www.gaveanews.com\/wp-content\/uploads\/EJ05L65XkAAWpIs.webp","contentUrl":"https:\/\/www.gaveanews.com\/wp-content\/uploads\/EJ05L65XkAAWpIs.webp","width":760,"height":504},{"@type":"BreadcrumbList","@id":"https:\/\/www.gaveanews.com\/index.php\/2019\/11\/20\/a-multidao-vista-de-dentro-jogadores-do-flamengo-compartilham-fotos-e-videos-festa-da-nacao-rubro-negra\/#breadcrumb","itemListElement":[{"@type":"ListItem","position":1,"name":"Home","item":"https:\/\/www.gaveanews.com\/"},{"@type":"ListItem","position":2,"name":"A multid\u00e3o vista de dentro: jogadores do Flamengo compartilham fotos e v\u00eddeos da festa da na\u00e7\u00e3o rubro-negra"}]},{"@type":"WebSite","@id":"https:\/\/www.gaveanews.com\/#website","url":"https:\/\/www.gaveanews.com\/","name":"G\u00e1vea News","description":"Veja todas as not\u00edcias sobre o Flamengo: Contrata\u00e7\u00f5es, categorias de base, resultados das partidas, tabela de classifica\u00e7\u00e3o, pr\u00f3ximos jogos!","potentialAction":[{"@type":"SearchAction","target":{"@type":"EntryPoint","urlTemplate":"https:\/\/www.gaveanews.com\/?s={search_term_string}"},"query-input":{"@type":"PropertyValueSpecification","valueRequired":true,"valueName":"search_term_string"}}],"inLanguage":"pt-BR"},{"@type":"Person","@id":"https:\/\/www.gaveanews.com\/#\/schema\/person\/2ec14f73fb96be2caf28f91afb14749d","name":"Equipe G\u00e1vea News","image":{"@type":"ImageObject","inLanguage":"pt-BR","@id":"https:\/\/www.gaveanews.com\/#\/schema\/person\/image\/","url":"https:\/\/secure.gravatar.com\/avatar\/1e1956f1facbffd3f8fa53a326721950116b3b9dc9bd44939c01180fd4a745a9?s=96&d=mm&r=g","contentUrl":"https:\/\/secure.gravatar.com\/avatar\/1e1956f1facbffd3f8fa53a326721950116b3b9dc9bd44939c01180fd4a745a9?s=96&d=mm&r=g","caption":"Equipe G\u00e1vea News"}}]}},"_links":{"self":[{"href":"https:\/\/www.gaveanews.com\/index.php\/wp-json\/wp\/v2\/posts\/32132","targetHints":{"allow":["GET"]}}],"collection":[{"href":"https:\/\/www.gaveanews.com\/index.php\/wp-json\/wp\/v2\/posts"}],"about":[{"href":"https:\/\/www.gaveanews.com\/index.php\/wp-json\/wp\/v2\/types\/post"}],"author":[{"embeddable":true,"href":"https:\/\/www.gaveanews.com\/index.php\/wp-json\/wp\/v2\/users\/1"}],"replies":[{"embeddable":true,"href":"https:\/\/www.gaveanews.com\/index.php\/wp-json\/wp\/v2\/comments?post=32132"}],"version-history":[{"count":0,"href":"https:\/\/www.gaveanews.com\/index.php\/wp-json\/wp\/v2\/posts\/32132\/revisions"}],"wp:featuredmedia":[{"embeddable":true,"href":"https:\/\/www.gaveanews.com\/index.php\/wp-json\/wp\/v2\/media\/32138"}],"wp:attachment":[{"href":"https:\/\/www.gaveanews.com\/index.php\/wp-json\/wp\/v2\/media?parent=32132"}],"wp:term":[{"taxonomy":"category","embeddable":true,"href":"https:\/\/www.gaveanews.com\/index.php\/wp-json\/wp\/v2\/categories?post=32132"},{"taxonomy":"post_tag","embeddable":true,"href":"https:\/\/www.gaveanews.com\/index.php\/wp-json\/wp\/v2\/tags?post=32132"}],"curies":[{"name":"wp","href":"https:\/\/api.w.org\/{rel}","templated":true}]}}